{"id":7793,"date":"2015-04-22T16:51:23","date_gmt":"2017-03-28T00:08:27","guid":{"rendered":"http:\/\/newwp.insightcrime.org?p=7793"},"modified":"2023-04-24T15:45:25","modified_gmt":"2023-04-24T20:45:25","slug":"asesinatos-ambientalistas-latinoamerica-informe","status":"publish","type":"post","link":"https:\/\/insightcrime.org\/es\/noticias\/noticias-del-dia\/asesinatos-ambientalistas-latinoamerica-informe\/","title":{"rendered":"75% de los asesinatos de ambientalistas ocurre en Latinoam\u00e9rica: Informe"},"content":{"rendered":"\n<p class=\"wp-block-paragraph\">M\u00e1s del 75 por ciento de todos los ambientalistas asesinados en 2014 proven\u00edan de Centro o Suram\u00e9rica, seg\u00fan un reciente informe, lo cual demuestra el alto nivel de riesgo que enfrentan los ecologistas y los defensores del medio ambiente, quienes representan una amenaza para los intereses de los ecotraficantes.<\/p>\n\n\n\n<p class=\"wp-block-paragraph\">Seg\u00fan un nuevo informe de la organizaci\u00f3n no gubernamental Global Witness (<a href=\"https:\/\/www.globalwitness.org\/campaigns\/environmental-activists\/how-many-more\/\" target=\"_blank\">pdf<\/a>), los pa\u00edses latinoamericanos ocuparon cinco de los seis puestos de las naciones m\u00e1s peligrosas para ser ambientalista en 2014. Brasil ocup\u00f3 el primer lugar con 29 asesinatos reportados contra los defensores de la tierra, y Colombia el segundo con 24.<\/p>\n\n\n\n<p class=\"wp-block-paragraph\">Sin embargo, el informe se\u00f1ala que Honduras registr\u00f3 el mayor n\u00famero de asesinatos de ambientalistas por habitante. Honduras ocup\u00f3 el cuarto lugar a nivel mundial con 12 muertes reportadas, seguido por Per\u00fa (9) y Guatemala (5).<\/p>\n\n\n\n<p class=\"wp-block-paragraph\">El informe se\u00f1ala que la identidad de gran parte de quienes agreden a los ambientalistas es desconocida, o que \u201cson agentes del crimen organizado o de intereses comerciales tales como corporaciones o terratenientes\u201d.<\/p>\n\n\n\n<p class=\"wp-block-paragraph\">En total, 88 de los 116 asesinatos reportados a nivel mundial el a\u00f1o pasado ocurrieron en Centro y Suram\u00e9rica.<\/p>\n\n\n\n<h3 class=\"wp-block-heading\">An\u00e1lisis de InSight Crime<\/h3>\n\n\n\n<p class=\"wp-block-paragraph\">Durante la \u00faltima d\u00e9cada, Latinoam\u00e9rica ha sido <a href=\"https:\/\/es.insightcrime.org\/noticias\/noticias-del-dia\/latinoamerica-el-lugar-mas-peligroso-del-mundo-para-los-ecologistas-informe\/\" target=\"_blank\">la regi\u00f3n m\u00e1s peligrosa del mundo<\/a> para los activistas del medio ambiente. En Brasil, gran parte de la violencia est\u00e1 vinculada a disputas territoriales en la Amazon\u00eda. <a href=\"https:\/\/www.ambiente.sp.gov.br\/madeiralegal\/madeira-legal-vs-madeira-ilegal\/\" target=\"_blank\">Seg\u00fan estad\u00edsticas del gobierno<\/a>, la tala ilegal representa el 80 por ciento de toda la actividad maderera en la Amazon\u00eda brasile\u00f1a, y la escasa presencia del Estado permite que criminales a sueldo asesinen a los defensores de la tierra casi con impunidad total. El a\u00f1o pasado, Global Witness inform\u00f3 que del total de asesinatos de ambientalistas entre 2002 y 2013, solo el uno por ciento result\u00f3 en condenas.<\/p>\n\n\n\n<p class=\"wp-block-paragraph\"><strong><span style=\"color: #800000\">VEA TAMBI\u00c9N:<\/span><\/strong> <a href=\"\/component\/tags\/tag\/356-ecotrafico\" target=\"_blank\">Cobertura sobre el ecotr\u00e1fico<\/a><\/p>\n\n\n\n<p class=\"wp-block-paragraph\">La lucrativa <a href=\"https:\/\/es.insightcrime.org\/noticias\/analisis\/al-interior-de-industria-ilegal-de-madera-peru\/\" target=\"_blank\">industria de la tala ilegal en Per\u00fa<\/a> tambi\u00e9n es una de las causas principales de la violencia contra los ambientalistas en la naci\u00f3n andina. En 2014, las autoridades atribuyeron el asesinato de un destacado activista de territorios ind\u00edgenas en la Amazon\u00eda peruana a las redes de tr\u00e1fico de madera.<\/p>\n\n\n\n<p class=\"wp-block-paragraph\">En Colombia, <a href=\"https:\/\/es.insightcrime.org\/noticias\/analisis\/bacrim-se-vuelve-a-sus-raices-paramilitares-en-la-batalla-por-la-tierra-de-colombia\/\" target=\"_blank\">las organizaciones paramilitares y neoparamilitares<\/a>, conocidas como Bacrim (acr\u00f3nimo de \u201cbandas criminales\u201d), frecuentemente se han mostrado en contra del proceso de restituci\u00f3n de tierras del pa\u00eds. En 2013, el grupo de monitoreo internacional Human Rights Watch calific\u00f3 a las Bacrim como <a href=\"https:\/\/es.insightcrime.org\/noticias\/noticias-del-dia\/bacrim-son-la-mayor-amenaza-a-la-restitucion-de-tierra-en-colombia-hrw\/\" target=\"_blank\">la amenaza m\u00e1s grave para la poblaci\u00f3n de desplazados internos<\/a> de Colombia que tratan de recuperar las tierras que han perdido durante el conflicto armado del pa\u00eds.<\/p>\n\n\n\n<p class=\"wp-block-paragraph\">La mayor parte de la violencia contra los ambientalistas en Honduras est\u00e1 relacionada con las comunidades locales que se oponen a la construcci\u00f3n de represas hidroel\u00e9ctricas, seg\u00fan el informe de Global Witness. Sin embargo, los altos \u00edndices de violencia contra activistas de la tierra probablemente sea muestra de un problema mucho m\u00e1s amplio: Honduras tiene una de las tasas de homicidio <a href=\"https:\/\/es.insightcrime.org\/noticias\/analisis\/resumen-insight-crime-sobre-homicidios-en-2014\/\" target=\"_blank\">m\u00e1s altas de la regi\u00f3n<\/a>, y las tres principales ciudades del pa\u00eds tienen una tasa de condena de apenas <a href=\"https:\/\/es.insightcrime.org\/noticias\/noticias-del-dia\/honduras-casos-homicidio-informe\/\" target=\"_blank\">el uno por ciento<\/a> de todos los casos de asesinato.<\/p>\n","protected":false},"excerpt":{"rendered":"<p>M\u00e1s del 75 por ciento de todos los ambientalistas asesinados en 2014 proven\u00edan de Centro o Suram\u00e9rica, seg\u00fan un reciente informe, lo cual demuestra el alto nivel de riesgo que enfrentan los ecologistas y los defensores del medio ambiente, quienes representan una amenaza para los intereses de los ecotraficantes.<\/p>\n","protected":false},"author":36,"featured_media":42409,"comment_status":"closed","ping_status":"closed","sticky":false,"template":"","format":"standard","meta":{"newspack_ads_suppress_ads":false,"newspack_popups_has_disabled_popups":false,"newspack_sponsor_sponsorship_scope":"","newspack_sponsor_native_byline_display":"inherit","newspack_sponsor_native_category_display":"inherit","newspack_sponsor_underwriter_style":"inherit","newspack_sponsor_underwriter_placement":"inherit","_EventAllDay":false,"_EventTimezone":"","_EventStartDate":"","_EventEndDate":"","_EventStartDateUTC":"","_EventEndDateUTC":"","_EventShowMap":false,"_EventShowMapLink":false,"_EventURL":"","_EventCost":"","_EventCostDescription":"","_EventCurrencySymbol":"","_EventCurrencyCode":"","_EventCurrencyPosition":"","_EventDateTimeSeparator":"","_EventTimeRangeSeparator":"","_EventOrganizerID":[],"_EventVenueID":[],"_OrganizerEmail":"","_OrganizerPhone":"","_OrganizerWebsite":"","_VenueAddress":"","_VenueCity":"","_VenueCountry":"","_VenueProvince":"","_VenueState":"","_VenueZip":"","_VenuePhone":"","_VenueURL":"","_VenueStateProvince":"","_VenueLat":"","_VenueLng":"","_VenueShowMap":false,"_VenueShowMapLink":false,"_newspack_byline_active":false,"_newspack_byline":"","newspack_hide_updated_date":false,"newspack_show_updated_date":false,"newspack_featured_image_position":"","newspack_post_subtitle":"","newspack_article_summary_title":"Overview:","newspack_article_summary":"","_jetpack_memberships_contains_paid_content":false,"footnotes":""},"categories":[334],"tags":[405,439,398,3481],"newspack_spnsrs_tax":[],"coauthors":[3924],"class_list":["post-7793","post","type-post","status-publish","format-standard","has-post-thumbnail","hentry","category-noticias-del-dia","tag-brasil","tag-delitos-ambientales","tag-honduras-pais","tag-trafico-de-madera","entry"],"parsely":{"version":"1.1.0","canonical_url":"https:\/\/insightcrime.org\/es\/noticias\/noticias-del-dia\/asesinatos-ambientalistas-latinoamerica-informe\/","smart_links":{"inbound":0,"outbound":0},"traffic_boost_suggestions_count":0,"meta":{"@context":"https:\/\/schema.org","@type":"NewsArticle","headline":"75% de los asesinatos de ambientalistas ocurre en Latinoam\u00e9rica: Informe","url":"http:\/\/insightcrime.org\/es\/noticias\/noticias-del-dia\/asesinatos-ambientalistas-latinoamerica-informe\/","mainEntityOfPage":{"@type":"WebPage","@id":"http:\/\/insightcrime.org\/es\/noticias\/noticias-del-dia\/asesinatos-ambientalistas-latinoamerica-informe\/"},"thumbnailUrl":"https:\/\/i0.wp.com\/insightcrime.org\/wp-content\/uploads\/2015\/04\/es-15-04-20-LatAm-GlobalWitness-Murder.jpg?resize=150%2C150&quality=100&ssl=1","image":{"@type":"ImageObject","url":"https:\/\/i0.wp.com\/insightcrime.org\/wp-content\/uploads\/2015\/04\/es-15-04-20-LatAm-GlobalWitness-Murder.jpg?fit=250%2C167&quality=100&ssl=1"},"articleSection":"Noticias del d\u00eda","author":[{"@type":"Person","name":"David Gagne"}],"creator":["David Gagne"],"publisher":{"@type":"Organization","name":"InSight Crime","logo":"https:\/\/insightcrime.org\/wp-content\/uploads\/2023\/08\/logo.png"},"keywords":["brasil","delitos ambientales","honduras","tr\u00e1fico de madera"],"dateCreated":"2017-03-28T00:08:27Z","datePublished":"2017-03-28T00:08:27Z","dateModified":"2023-04-24T20:45:25Z"},"rendered":"<meta name=\"parsely-title\" content=\"75% de los asesinatos de ambientalistas ocurre en Latinoam\u00e9rica: Informe\" \/>\n<meta name=\"parsely-link\" content=\"http:\/\/insightcrime.org\/es\/noticias\/noticias-del-dia\/asesinatos-ambientalistas-latinoamerica-informe\/\" \/>\n<meta name=\"parsely-type\" content=\"post\" \/>\n<meta name=\"parsely-image-url\" content=\"https:\/\/i0.wp.com\/insightcrime.org\/wp-content\/uploads\/2015\/04\/es-15-04-20-LatAm-GlobalWitness-Murder.jpg?resize=150%2C150&amp;quality=100&amp;ssl=1\" \/>\n<meta name=\"parsely-pub-date\" content=\"2017-03-28T00:08:27Z\" \/>\n<meta name=\"parsely-section\" content=\"Noticias del d\u00eda\" \/>\n<meta name=\"parsely-tags\" content=\"brasil,delitos ambientales,honduras,tr\u00e1fico de madera\" \/>\n<meta name=\"parsely-author\" content=\"David Gagne\" \/>","tracker_url":"https:\/\/cdn.parsely.com\/keys\/insightcrime.org\/p.js"},"jetpack_sharing_enabled":true,"jetpack-related-posts":[{"id":201015,"url":"https:\/\/insightcrime.org\/es\/noticias\/masacres-defensores-ambientales-impunes-lationamerica\/","url_meta":{"origin":7793,"position":0},"title":"Masacres de defensores ambientales siguen impunes en Latinoam\u00e9rica: informe","author":"Peter Appleby","date":"7 de octubre de 2022","format":false,"excerpt":"Latinoam\u00e9rica es, por un amplio margen, la regi\u00f3n m\u00e1s peligrosa del mundo para los activistas ambientales, con siete de sus pa\u00edses entre los primeros diez lugares de un macabro nuevo ranking.","rel":"","context":"En \u00abNoticias\u00bb","block_context":{"text":"Noticias","link":"https:\/\/insightcrime.org\/es\/category\/noticias\/"},"img":{"alt_text":"Manifestantes en Brasil se pronuncian por muertes de activistas","src":"https:\/\/i0.wp.com\/insightcrime.org\/wp-content\/uploads\/2022\/10\/environmental-crime-murder-1.jpeg?fit=350%2C250&quality=100&ssl=1&resize=350%2C200","width":350,"height":200},"classes":[]},{"id":271143,"url":"https:\/\/insightcrime.org\/es\/noticias\/veredicto-juicio-asesinato-emblematico-amazonia-peruana\/","url_meta":{"origin":7793,"position":1},"title":"Se acerca veredicto en juicio por asesinato emblem\u00e1tico en la Amazon\u00eda peruana","author":"James Bargent","date":"19 de marzo de 2024","format":false,"excerpt":"Los activistas ambientales y las comunidades ind\u00edgenas de la Amazon\u00eda esperan el veredicto del emblem\u00e1tico caso de los asesinatos de Saweto, en el que una d\u00e9cada de \u00a0b\u00fasqueda de justicia se ha convertido en una prueba de fuego de la impunidad que rodea a los delitos ambientales en Per\u00fa. Despu\u00e9s\u2026","rel":"","context":"En \u00abNoticias\u00bb","block_context":{"text":"Noticias","link":"https:\/\/insightcrime.org\/es\/category\/noticias\/"},"img":{"alt_text":"The widows of the Saweto murder victims walk behind a banner at the Climate Change - Las viudas de las v\u00edctimas del asesinato de Saweto caminan detr\u00e1s de una pancarta en la Feria del Cambio Clim\u00e1tico","src":"https:\/\/i0.wp.com\/insightcrime.org\/wp-content\/uploads\/2024\/03\/Peru-Climate-Change-Conference-Indigenous-leaders-AP236006625282-A2.jpg?fit=1200%2C690&quality=100&ssl=1&resize=350%2C200","width":350,"height":200,"srcset":"https:\/\/i0.wp.com\/insightcrime.org\/wp-content\/uploads\/2024\/03\/Peru-Climate-Change-Conference-Indigenous-leaders-AP236006625282-A2.jpg?fit=1200%2C690&quality=100&ssl=1&resize=350%2C200 1x, https:\/\/i0.wp.com\/insightcrime.org\/wp-content\/uploads\/2024\/03\/Peru-Climate-Change-Conference-Indigenous-leaders-AP236006625282-A2.jpg?fit=1200%2C690&quality=100&ssl=1&resize=525%2C300 1.5x, https:\/\/i0.wp.com\/insightcrime.org\/wp-content\/uploads\/2024\/03\/Peru-Climate-Change-Conference-Indigenous-leaders-AP236006625282-A2.jpg?fit=1200%2C690&quality=100&ssl=1&resize=700%2C400 2x, https:\/\/i0.wp.com\/insightcrime.org\/wp-content\/uploads\/2024\/03\/Peru-Climate-Change-Conference-Indigenous-leaders-AP236006625282-A2.jpg?fit=1200%2C690&quality=100&ssl=1&resize=1050%2C600 3x"},"classes":[]},{"id":316428,"url":"https:\/\/insightcrime.org\/es\/the-organization\/investigacion-ambiental-acapara-titulares-en-honduras\/","url_meta":{"origin":7793,"position":2},"title":"Investigaci\u00f3n ambiental acapara titulares en Honduras","author":"InSight Crime","date":"4 de agosto de 2025","format":false,"excerpt":"El investigador de InSight Crime, Parker Asmann, comparti\u00f3 los hallazgos de nuestra m\u00e1s reciente investigaci\u00f3n con varios medios de comunicaci\u00f3n en Honduras, lo que gener\u00f3 reacciones tanto de autoridades ambientales como de funcionarios locales. El informe expone c\u00f3mo redes de \u00e9lites corruptas vinculadas a la industria extractiva en el occidente\u2026","rel":"","context":"En \u00abThe Organization\u00bb","block_context":{"text":"The Organization","link":"https:\/\/insightcrime.org\/category\/the-organization\/"},"img":{"alt_text":"","src":"https:\/\/i0.wp.com\/insightcrime.org\/wp-content\/uploads\/2025\/08\/unnamed-scaled.png?fit=1200%2C670&quality=100&ssl=1&resize=350%2C200","width":350,"height":200,"srcset":"https:\/\/i0.wp.com\/insightcrime.org\/wp-content\/uploads\/2025\/08\/unnamed-scaled.png?fit=1200%2C670&quality=100&ssl=1&resize=350%2C200 1x, https:\/\/i0.wp.com\/insightcrime.org\/wp-content\/uploads\/2025\/08\/unnamed-scaled.png?fit=1200%2C670&quality=100&ssl=1&resize=525%2C300 1.5x, https:\/\/i0.wp.com\/insightcrime.org\/wp-content\/uploads\/2025\/08\/unnamed-scaled.png?fit=1200%2C670&quality=100&ssl=1&resize=700%2C400 2x, https:\/\/i0.wp.com\/insightcrime.org\/wp-content\/uploads\/2025\/08\/unnamed-scaled.png?fit=1200%2C670&quality=100&ssl=1&resize=1050%2C600 3x"},"classes":[]},{"id":341834,"url":"https:\/\/insightcrime.org\/es\/noticias\/on-the-radar-brasil-endurece-ofensiva-detencion-honduras-reves-paz-total-colombia\/","url_meta":{"origin":7793,"position":3},"title":"On the Radar: Brasil endurece su ofensiva, detenci\u00f3n en Honduras y rev\u00e9s a la Paz Total en Colombia","author":"Creusa Mu\u00f1oz","date":"14 de mayo de 2026","format":false,"excerpt":"Brasil anuncia una ofensiva multimillonaria contra el crimen, Honduras arresta a un exalcalde y, en Colombia, un nuevo rev\u00e9s para la Paz Total.","rel":"","context":"En \u00abNoticias\u00bb","block_context":{"text":"Noticias","link":"https:\/\/insightcrime.org\/es\/category\/noticias\/"},"img":{"alt_text":"","src":"https:\/\/i0.wp.com\/insightcrime.org\/wp-content\/uploads\/2026\/05\/Mayo-OTR-template-featured-image-website-2026-1-1.jpg?fit=1200%2C675&quality=100&ssl=1&resize=350%2C200","width":350,"height":200,"srcset":"https:\/\/i0.wp.com\/insightcrime.org\/wp-content\/uploads\/2026\/05\/Mayo-OTR-template-featured-image-website-2026-1-1.jpg?fit=1200%2C675&quality=100&ssl=1&resize=350%2C200 1x, https:\/\/i0.wp.com\/insightcrime.org\/wp-content\/uploads\/2026\/05\/Mayo-OTR-template-featured-image-website-2026-1-1.jpg?fit=1200%2C675&quality=100&ssl=1&resize=525%2C300 1.5x, https:\/\/i0.wp.com\/insightcrime.org\/wp-content\/uploads\/2026\/05\/Mayo-OTR-template-featured-image-website-2026-1-1.jpg?fit=1200%2C675&quality=100&ssl=1&resize=700%2C400 2x, https:\/\/i0.wp.com\/insightcrime.org\/wp-content\/uploads\/2026\/05\/Mayo-OTR-template-featured-image-website-2026-1-1.jpg?fit=1200%2C675&quality=100&ssl=1&resize=1050%2C600 3x"},"classes":[]},{"id":233259,"url":"https:\/\/insightcrime.org\/es\/investigaciones\/barones-madera-catacamas-honduras\/","url_meta":{"origin":7793,"position":4},"title":"Los barones de la madera en Catacamas, Honduras","author":"H\u00e9ctor Silva \u00c1valos","date":"18 de septiembre de 2020","format":false,"excerpt":"Catacamas es el municipio m\u00e1s grande de Centroam\u00e9rica y hogar de miles de kil\u00f3metros cuadrados de bosque. La clase pol\u00edtica que manda en esta ciudad de Olancho, al noreste de Honduras, ha estado relacionada desde hace d\u00e9cadas con el tr\u00e1fico de madera.","rel":"","context":"En \u00abInvestigaciones\u00bb","block_context":{"text":"Investigaciones","link":"https:\/\/insightcrime.org\/es\/category\/investigaciones\/"},"img":{"alt_text":"","src":"https:\/\/i0.wp.com\/insightcrime.org\/wp-content\/uploads\/2020\/09\/Honduras-Ecotrafficking-cover-image-Ilus-InSight-Crime-08-10-2020-1.jpg?fit=1200%2C450&quality=100&ssl=1&resize=350%2C200","width":350,"height":200,"srcset":"https:\/\/i0.wp.com\/insightcrime.org\/wp-content\/uploads\/2020\/09\/Honduras-Ecotrafficking-cover-image-Ilus-InSight-Crime-08-10-2020-1.jpg?fit=1200%2C450&quality=100&ssl=1&resize=350%2C200 1x, https:\/\/i0.wp.com\/insightcrime.org\/wp-content\/uploads\/2020\/09\/Honduras-Ecotrafficking-cover-image-Ilus-InSight-Crime-08-10-2020-1.jpg?fit=1200%2C450&quality=100&ssl=1&resize=525%2C300 1.5x, https:\/\/i0.wp.com\/insightcrime.org\/wp-content\/uploads\/2020\/09\/Honduras-Ecotrafficking-cover-image-Ilus-InSight-Crime-08-10-2020-1.jpg?fit=1200%2C450&quality=100&ssl=1&resize=700%2C400 2x, https:\/\/i0.wp.com\/insightcrime.org\/wp-content\/uploads\/2020\/09\/Honduras-Ecotrafficking-cover-image-Ilus-InSight-Crime-08-10-2020-1.jpg?fit=1200%2C450&quality=100&ssl=1&resize=1050%2C600 3x"},"classes":[]},{"id":232729,"url":"https:\/\/insightcrime.org\/es\/noticias\/nueva-politica-seguridad-colombia-enfrenta-desafios-ambientales\/","url_meta":{"origin":7793,"position":5},"title":"Nueva pol\u00edtica de seguridad en Colombia enfrenta desaf\u00edos ambientales","author":"Mar\u00eda Fernanda Ram\u00edrez","date":"1 de mayo de 2023","format":false,"excerpt":"La nueva pol\u00edtica de seguridad del gobierno de Gustavo Petro ha hecho de la lucha contra la deforestaci\u00f3n uno de sus pilares, pero varios desaf\u00edos se asoman en su ejecuci\u00f3n. La \"Pol\u00edtica de Seguridad, Defensa y Convivencia Ciudadana\", presentada el 25 de abril por el Ministerio de Defensa, ampl\u00eda la\u2026","rel":"","context":"En \u00abNoticias\u00bb","block_context":{"text":"Noticias","link":"https:\/\/insightcrime.org\/es\/category\/noticias\/"},"img":{"alt_text":"Colombia's Ministry of Defense has put the protection of the environment at front and center.","src":"https:\/\/i0.wp.com\/insightcrime.org\/wp-content\/uploads\/2023\/09\/Operacion-Artemisa-1.jpg?fit=350%2C250&quality=100&ssl=1&resize=350%2C200","width":350,"height":200},"classes":[]}],"jetpack_featured_media_url":"https:\/\/i0.wp.com\/insightcrime.org\/wp-content\/uploads\/2015\/04\/es-15-04-20-LatAm-GlobalWitness-Murder.jpg?fit=250%2C167&quality=100&ssl=1","_links":{"self":[{"href":"https:\/\/insightcrime.org\/es\/wp-json\/wp\/v2\/posts\/7793","targetHints":{"allow":["GET"]}}],"collection":[{"href":"https:\/\/insightcrime.org\/es\/wp-json\/wp\/v2\/posts"}],"about":[{"href":"https:\/\/insightcrime.org\/es\/wp-json\/wp\/v2\/types\/post"}],"author":[{"embeddable":true,"href":"https:\/\/insightcrime.org\/es\/wp-json\/wp\/v2\/users\/36"}],"replies":[{"embeddable":true,"href":"https:\/\/insightcrime.org\/es\/wp-json\/wp\/v2\/comments?post=7793"}],"version-history":[{"count":1,"href":"https:\/\/insightcrime.org\/es\/wp-json\/wp\/v2\/posts\/7793\/revisions"}],"predecessor-version":[{"id":24501,"href":"https:\/\/insightcrime.org\/es\/wp-json\/wp\/v2\/posts\/7793\/revisions\/24501"}],"wp:featuredmedia":[{"embeddable":true,"href":"https:\/\/insightcrime.org\/es\/wp-json\/wp\/v2\/media\/42409"}],"wp:attachment":[{"href":"https:\/\/insightcrime.org\/es\/wp-json\/wp\/v2\/media?parent=7793"}],"wp:term":[{"taxonomy":"category","embeddable":true,"href":"https:\/\/insightcrime.org\/es\/wp-json\/wp\/v2\/categories?post=7793"},{"taxonomy":"post_tag","embeddable":true,"href":"https:\/\/insightcrime.org\/es\/wp-json\/wp\/v2\/tags?post=7793"},{"taxonomy":"newspack_spnsrs_tax","embeddable":true,"href":"https:\/\/insightcrime.org\/es\/wp-json\/wp\/v2\/newspack_spnsrs_tax?post=7793"},{"taxonomy":"author","embeddable":true,"href":"https:\/\/insightcrime.org\/es\/wp-json\/wp\/v2\/coauthors?post=7793"}],"curies":[{"name":"wp","href":"https:\/\/api.w.org\/{rel}","templated":true}]}}