{"id":77959,"date":"2018-01-30T16:16:00","date_gmt":"2018-01-30T21:16:00","guid":{"rendered":"https:\/\/insightcrime.org\/?p=77959"},"modified":"2023-04-24T16:26:56","modified_gmt":"2023-04-24T21:26:56","slug":"dialogo-con-eln-en-colombia-colapsa-mientras-persiste-violencia-tras-cese-al-fuego","status":"publish","type":"post","link":"https:\/\/insightcrime.org\/es\/noticias\/dialogo-con-eln-en-colombia-colapsa-mientras-persiste-violencia-tras-cese-al-fuego\/","title":{"rendered":"Di\u00e1logo con ELN en Colombia colapsa mientras persiste violencia tras cese al fuego"},"content":{"rendered":"\n<p class=\"wp-block-paragraph\">En una se\u00f1al de p\u00e9rdida de confianza en las negociaciones, que podr\u00edan llevar a su disoluci\u00f3n, el gobierno de Colombia ha suspendido los di\u00e1logos con el mayor grupo guerrillero activo en el pa\u00eds y planea intensificar las acciones militares luego de una serie de ataques violentos.<\/p>\n\n\n\n<p class=\"wp-block-paragraph\">El presidente colombiano Juan Manuel Santos hizo el <a href=\"https:\/\/www.elcolombiano.com\/colombia\/paz-y-derechos-humanos\/santos-suspende-quinto-ciclo-de-dialogos-entre-gobierno-y-eln-MK8095934\">anuncio<\/a>&nbsp;el 29 de enero, se\u00f1alando que la decisi\u00f3n de poner en pausa las conversaciones con el Ej\u00e9rcito Nacional de Liberaci\u00f3n (ELN), previstas para esta semana, est\u00e1 ligada a una serie de recientes ataques con bombas a tres estaciones de polic\u00eda en la costa Atl\u00e1ntica colombiana.<\/p>\n\n\n\n<p class=\"wp-block-paragraph\">Los recientes ataques, que se suman a una <a href=\"https:\/\/es.insightcrime.org\/noticias\/noticias-del-dia\/ola-de-violencia-golpea-colombia-tras-cese-al-fuego-con-el-eln\/\">oleada de violencia<\/a>&nbsp;luego de que el 9 de enero expirara un cese temporal al fuego entre el gobierno y el ELN, han agotado la \u201cpaciencia del pueblo colombiano\u201d, se\u00f1al\u00f3 el presidente. Seg\u00fan Santos, las negociaciones de paz no continuar\u00e1n hasta que el ELN \u201chaga compatible su conducta con la exigencia de paz del pueblo colombiano y de la comunidad internacional\u201d.<\/p>\n\n\n\n<p class=\"wp-block-paragraph\">El Frente de Guerra Urbano del ELN se <a href=\"https:\/\/insurgenciaurbana-eln.org\/comunicado-a-la-opinion-publica\/\">atribuy\u00f3 la responsabilidad<\/a>&nbsp;por la explosi\u00f3n, el 27 de enero, de una bomba en una estaci\u00f3n de polic\u00eda en Barranquilla, capital del departamento de Atl\u00e1ntico, norte de Colombia, que dej\u00f3 cinco agentes de polic\u00eda muertos y 41 heridos.<\/p>\n\n\n\n<p class=\"wp-block-paragraph\">Seg\u00fan el ministro de defensa Luis Carlos Villegas, las autoridades tambi\u00e9n <a href=\"https:\/\/www.elespectador.com\/noticias\/judicial\/mindefensa-atribuye-eln-autoria-de-atentados-en-barranquilla-soledad-y-santa-rosa-articulo-735985\">sospechan<\/a>&nbsp;que el ELN es responsable de dos ataques adicionales a estaciones de polic\u00eda en Soledad, ciudad en las afueras de Barranquilla, y en el vecino departamento de Bol\u00edvar, cuyas explosiones dejaron en total dos agentes de polic\u00eda muertos, y seis agentes y un civil heridos.<\/p>\n\n\n\n<p class=\"wp-block-paragraph\">En un <a href=\"https:\/\/insurgenciaurbana-eln.org\/no-perder-mas-tiempo-y-reiniciar-las-conversaciones\/\">comunicado<\/a>&nbsp;divulgado por el ELN el d\u00eda del anuncio presidencial, el grupo insurgente respondi\u00f3 que \u201cmientras las dos partes no logremos acordar el nuevo cese [al fuego], seguir\u00e1n ocurriendo acciones militares de lado y lado\u201d. Los insurgentes tambi\u00e9n instaron a retornar a la mesa de negociaciones.<\/p>\n\n\n\n<p class=\"wp-block-paragraph\">Entretanto, Santos y el ministro de defensa Villegas han pedido al ej\u00e9rcito colombiano que contin\u00fae la estrategia luego del cese al fuego de <a href=\"https:\/\/es.insightcrime.org\/noticias\/noticias-del-dia\/ejercito-de-colombia-presiona-al-eln-tras-la-violencia-despues-del-fin-del-cese-al-fuego\/\">intensificar las acciones militares<\/a>&nbsp;contra el ELN.<\/p>\n\n\n\n<h3 class=\"wp-block-heading\">An\u00e1lisis de InSight Crime<\/h3>\n\n\n\n<p class=\"wp-block-paragraph\">La reciente decisi\u00f3n del gobierno colombiano de suspender las negociaciones de paz con el ELN e intensificar la acci\u00f3n militar es apenas una nueva se\u00f1al de la erosi\u00f3n de la confianza en el proceso, lo que puede anunciar un colapso de los di\u00e1logos.<\/p>\n\n\n\n<p class=\"wp-block-paragraph\">Y con la proximidad de las elecciones ning\u00fan lado parece dispuesto a dar el brazo a torcer. Como <a href=\"https:\/\/es.insightcrime.org\/noticias\/noticias-del-dia\/ejercito-de-colombia-presiona-al-eln-tras-la-violencia-despues-del-fin-del-cese-al-fuego\/\">lo inform\u00f3 recientemente<\/a> InSight Crime, la respuesta del gobierno a la violencia reciente se ha centrado en intentar el uso de la presi\u00f3n militar para obtener a la fuerza concesiones del grupo guerrillero. Esta estrategia agresiva puede verse influenciada los temores pol\u00edticos de que los partidos opositores puedan intentar describir al partido de gobierno como blando con el terrorismo de cara a las elecciones de marzo pr\u00f3ximo.<\/p>\n\n\n\n<p class=\"wp-block-paragraph\">Los continuos ataques del ELN tambi\u00e9n plantean interrogantes sobre qu\u00e9 tan unificado puede estar el grupo en lo que respecta al respaldo a las negociaciones de paz. La violencia puede ser un intento por tener ventaja en los di\u00e1logos, cerrarlos del todo o <a href=\"https:\/\/es.insightcrime.org\/noticias\/analisis\/negociaciones-paz-guerrilla-eln-mantiene-expansion-colombia\/\">expandirse<\/a>&nbsp;y asumir el control de las lucrativas actividades criminales que antes dirig\u00eda el mayor grupo guerrillero del pa\u00eds, las Fuerzas Armadas Revolucionarias de Colombia (FARC), que se desmoviliz\u00f3 en 2017.<\/p>\n\n\n\n<p class=\"wp-block-paragraph\">Tambi\u00e9n puede haber un debilitamiento de la confianza en el proceso entre algunos miembros del ELN en vista de los <a href=\"https:\/\/es.insightcrime.org\/noticias\/analisis\/gamechangers-2017-las-farc-han-desaparecido-realmente-de-colombia\/\">contratiempos<\/a>&nbsp;en la implementaci\u00f3n del acuerdo de paz entre el gobierno y las FARC.<\/p>\n\n\n\n<p class=\"wp-block-paragraph\"><span style=\"color: #800000;\"><strong>VEA TAMBI\u00c9N:<\/strong><\/span> <a href=\"https:\/\/insightcrime.org\/component\/tags\/tag\/187-eln-peace\">Cobertura sobre Paz con el ELN<\/a><\/p>\n\n\n\n<p class=\"wp-block-paragraph\">La comunidad internacional y la Iglesia cat\u00f3lica \u2014ambas instituciones que ofrecieron un apoyo decidido a las conversaciones entre el gobierno y las FARC\u2014 solicitaron que se prorrogue el cese al fuego. En un comunicado conjunto, la Misi\u00f3n de Verificaci\u00f3n de las Naciones Unidas y la Conferencia Episcopal colombiana <a href=\"https:\/\/www.cec.org.co\/sistema-informativo\/destacados\/episcopado-y-onu-ven-necesidad-de-un-acuerdo-de-cese-al-fuego-m%C3%A1s\">afirmaron<\/a>&nbsp;que el gobierno y el ELN \u201ccomparten la necesidad de un acuerdo de cese al fuego m\u00e1s robusto que genera mayor confianza entre las partes y en la sociedad colombiana\u201d.<\/p>\n\n\n\n<p class=\"wp-block-paragraph\">Aunque las negociaciones de paz con las FARC contaron con un firme respaldo del gobierno estadounidense en la administraci\u00f3n del expresidente Barack Obama, la actual administraci\u00f3n del presidente Donald Trump no parece ofrecer apoyo a las negociaciones con el ELN. Luego de los ataques con bombas a las estaciones de polic\u00eda el fin de semana pasado, el Departamento de Estado estadounidense&nbsp;<a href=\"https:\/\/www.state.gov\/r\/pa\/prs\/ps\/2018\/01\/277750.htm\">conden\u00f3<\/a>&nbsp;los ataques y ofreci\u00f3 ayuda al gobierno, pero no mencion\u00f3 di\u00e1logos ni pidi\u00f3 que se renovara el cese al fuego.<\/p>\n\n\n\n<p class=\"wp-block-paragraph\"><em>*Con investigaci\u00f3n adicional de \u00c1ngela Olaya.<\/em><\/p>\n","protected":false},"excerpt":{"rendered":"<p>En una se\u00f1al de p\u00e9rdida de confianza en las negociaciones, que podr\u00edan llevar a su disoluci\u00f3n, el gobierno de Colombia ha suspendido los di\u00e1logos con el mayor grupo guerrillero activo [&hellip;]<\/p>\n","protected":false},"author":148,"featured_media":77871,"comment_status":"closed","ping_status":"closed","sticky":false,"template":"","format":"standard","meta":{"newspack_ads_suppress_ads":false,"newspack_popups_has_disabled_popups":false,"newspack_sponsor_sponsorship_scope":"","newspack_sponsor_native_byline_display":"inherit","newspack_sponsor_native_category_display":"inherit","newspack_sponsor_underwriter_style":"inherit","newspack_sponsor_underwriter_placement":"inherit","_EventAllDay":false,"_EventTimezone":"","_EventStartDate":"","_EventEndDate":"","_EventStartDateUTC":"","_EventEndDateUTC":"","_EventShowMap":false,"_EventShowMapLink":false,"_EventURL":"","_EventCost":"","_EventCostDescription":"","_EventCurrencySymbol":"","_EventCurrencyCode":"","_EventCurrencyPosition":"","_EventDateTimeSeparator":"","_EventTimeRangeSeparator":"","_EventOrganizerID":[],"_EventVenueID":[],"_OrganizerEmail":"","_OrganizerPhone":"","_OrganizerWebsite":"","_VenueAddress":"","_VenueCity":"","_VenueCountry":"","_VenueProvince":"","_VenueState":"","_VenueZip":"","_VenuePhone":"","_VenueURL":"","_VenueStateProvince":"","_VenueLat":"","_VenueLng":"","_VenueShowMap":false,"_VenueShowMapLink":false,"_newspack_byline_active":false,"_newspack_byline":"","newspack_hide_updated_date":false,"newspack_show_updated_date":false,"newspack_featured_image_position":"","newspack_post_subtitle":"","newspack_article_summary_title":"Overview:","newspack_article_summary":"","_jetpack_memberships_contains_paid_content":false,"footnotes":""},"categories":[759],"tags":[368,421,514],"newspack_spnsrs_tax":[],"coauthors":[4080],"class_list":["post-77959","post","type-post","status-publish","format-standard","has-post-thumbnail","hentry","category-noticias","tag-colombia-pais","tag-el-eln","tag-paz-con-eln","entry"],"parsely":{"version":"1.1.0","canonical_url":"https:\/\/insightcrime.org\/es\/noticias\/dialogo-con-eln-en-colombia-colapsa-mientras-persiste-violencia-tras-cese-al-fuego\/","smart_links":{"inbound":0,"outbound":0},"traffic_boost_suggestions_count":0,"meta":{"@context":"https:\/\/schema.org","@type":"NewsArticle","headline":"Di\u00e1logo con ELN en Colombia colapsa mientras persiste violencia tras cese al fuego","url":"http:\/\/insightcrime.org\/es\/noticias\/dialogo-con-eln-en-colombia-colapsa-mientras-persiste-violencia-tras-cese-al-fuego\/","mainEntityOfPage":{"@type":"WebPage","@id":"http:\/\/insightcrime.org\/es\/noticias\/dialogo-con-eln-en-colombia-colapsa-mientras-persiste-violencia-tras-cese-al-fuego\/"},"thumbnailUrl":"https:\/\/i0.wp.com\/insightcrime.org\/wp-content\/uploads\/2018\/01\/18-01-30-Colombia-ELN-talks-suspended.png?resize=150%2C150&quality=100&ssl=1","image":{"@type":"ImageObject","url":"https:\/\/i0.wp.com\/insightcrime.org\/wp-content\/uploads\/2018\/01\/18-01-30-Colombia-ELN-talks-suspended.png?fit=350%2C250&quality=100&ssl=1"},"articleSection":"Noticias","author":[{"@type":"Person","name":"Angelika Albaladejo"}],"creator":["Angelika Albaladejo"],"publisher":{"@type":"Organization","name":"InSight Crime","logo":"https:\/\/insightcrime.org\/wp-content\/uploads\/2023\/08\/logo.png"},"keywords":["colombia","eln","paz eln"],"dateCreated":"2018-01-30T21:16:00Z","datePublished":"2018-01-30T21:16:00Z","dateModified":"2023-04-24T21:26:56Z"},"rendered":"<meta name=\"parsely-title\" content=\"Di\u00e1logo con ELN en Colombia colapsa mientras persiste violencia tras cese al fuego\" \/>\n<meta name=\"parsely-link\" content=\"http:\/\/insightcrime.org\/es\/noticias\/dialogo-con-eln-en-colombia-colapsa-mientras-persiste-violencia-tras-cese-al-fuego\/\" \/>\n<meta name=\"parsely-type\" content=\"post\" \/>\n<meta name=\"parsely-image-url\" content=\"https:\/\/i0.wp.com\/insightcrime.org\/wp-content\/uploads\/2018\/01\/18-01-30-Colombia-ELN-talks-suspended.png?resize=150%2C150&amp;quality=100&amp;ssl=1\" \/>\n<meta name=\"parsely-pub-date\" content=\"2018-01-30T21:16:00Z\" \/>\n<meta name=\"parsely-section\" content=\"Noticias\" \/>\n<meta name=\"parsely-tags\" content=\"colombia,eln,paz eln\" \/>\n<meta name=\"parsely-author\" content=\"Angelika Albaladejo\" \/>","tracker_url":"https:\/\/cdn.parsely.com\/keys\/insightcrime.org\/p.js"},"jetpack_sharing_enabled":true,"jetpack-related-posts":[{"id":232681,"url":"https:\/\/insightcrime.org\/es\/noticias\/seis-meses-dialogo-gobierno-colombia-eln\/","url_meta":{"origin":77959,"position":0},"title":"Los seis espinosos meses de di\u00e1logos entre el gobierno de Colombia y el ELN","author":"Juan Diego Posada","date":"19 de mayo de 2023","format":false,"excerpt":"Tras seis meses de negociaciones con el ELN, la \"Paz Total\" de Colombia se enfrenta a un futuro incierto. Se han producido algunos avances, pero los continuos ataques contra la fuerzas de seguridad colombianas, el reclutamiento de menores y la incapacidad para alcanzar un alto el fuego amenazan el ambicioso\u2026","rel":"","context":"En \u00abNoticias\u00bb","block_context":{"text":"Noticias","link":"https:\/\/insightcrime.org\/es\/category\/noticias\/"},"img":{"alt_text":"","src":"https:\/\/i0.wp.com\/insightcrime.org\/wp-content\/uploads\/2023\/09\/Jose-Otty-Patino-Nicolas-Rodriguez-Gabino-Pablo-Beltran-Negotiations-between-the-ELN-and-the-Colombian-government-May-2023-23122598966924-A2-1.jpg?fit=1200%2C690&quality=100&ssl=1&resize=350%2C200","width":350,"height":200,"srcset":"https:\/\/i0.wp.com\/insightcrime.org\/wp-content\/uploads\/2023\/09\/Jose-Otty-Patino-Nicolas-Rodriguez-Gabino-Pablo-Beltran-Negotiations-between-the-ELN-and-the-Colombian-government-May-2023-23122598966924-A2-1.jpg?fit=1200%2C690&quality=100&ssl=1&resize=350%2C200 1x, https:\/\/i0.wp.com\/insightcrime.org\/wp-content\/uploads\/2023\/09\/Jose-Otty-Patino-Nicolas-Rodriguez-Gabino-Pablo-Beltran-Negotiations-between-the-ELN-and-the-Colombian-government-May-2023-23122598966924-A2-1.jpg?fit=1200%2C690&quality=100&ssl=1&resize=525%2C300 1.5x, https:\/\/i0.wp.com\/insightcrime.org\/wp-content\/uploads\/2023\/09\/Jose-Otty-Patino-Nicolas-Rodriguez-Gabino-Pablo-Beltran-Negotiations-between-the-ELN-and-the-Colombian-government-May-2023-23122598966924-A2-1.jpg?fit=1200%2C690&quality=100&ssl=1&resize=700%2C400 2x, https:\/\/i0.wp.com\/insightcrime.org\/wp-content\/uploads\/2023\/09\/Jose-Otty-Patino-Nicolas-Rodriguez-Gabino-Pablo-Beltran-Negotiations-between-the-ELN-and-the-Colombian-government-May-2023-23122598966924-A2-1.jpg?fit=1200%2C690&quality=100&ssl=1&resize=1050%2C600 3x"},"classes":[]},{"id":292387,"url":"https:\/\/insightcrime.org\/es\/noticias\/atentado-eln-destruye-posibilidades-paz-mientras-guerrilla-fortalece\/","url_meta":{"origin":77959,"position":1},"title":"Atentado del ELN destruye las posibilidades de paz mientras la guerrilla se fortalece","author":"Henry Shuldiner","date":"18 de septiembre de 2024","format":false,"excerpt":"El gobierno de Colombia ha puesto fin a las conversaciones de paz con el principal grupo guerrillero del pa\u00eds, tras un ataque contra una base militar, extinguiendo las perspectivas de llegar a un acuerdo con el grupo y dej\u00e1ndolo m\u00e1s fuerte que cuando se iniciaron las negociaciones.","rel":"","context":"En \u00abNoticias\u00bb","block_context":{"text":"Noticias","link":"https:\/\/insightcrime.org\/es\/category\/noticias\/"},"img":{"alt_text":"ELN Guerrillas attacked a military base in Puerto Jord\u00e1n, Arauca, launching explosives from a dump truck.","src":"https:\/\/i0.wp.com\/insightcrime.org\/wp-content\/uploads\/2024\/09\/24-09-18-Colombia-ELN-Arauca-Ejercito-11.jpg?fit=350%2C250&quality=100&ssl=1&resize=350%2C200","width":350,"height":200},"classes":[]},{"id":286545,"url":"https:\/\/insightcrime.org\/es\/noticias\/cese-fuego-eln-expira-amenaza-paz-total-colombia\/","url_meta":{"origin":77959,"position":2},"title":"Cese al fuego con ELN expira y amenaza Paz Total en Colombia","author":"Lara Loaiza","date":"5 de agosto de 2024","format":false,"excerpt":"Las negociaciones de paz con la \u00faltima guerrilla de Colombia est\u00e1n a punto de fracasar tras la expiraci\u00f3n del cese al fuego entre el gobierno y el ELN el 3 de agosto.","rel":"","context":"En \u00abNoticias\u00bb","block_context":{"text":"Noticias","link":"https:\/\/insightcrime.org\/es\/category\/noticias\/"},"img":{"alt_text":"Pablo Beltran during a joint declaration on the progress of the peace process between the Colombian government and ELN Pablo Beltr\u00e1n durante una declaraci\u00f3n conjunta sobre los avances del proceso de paz entre el Gobierno colombiano y el ELN","src":"https:\/\/i0.wp.com\/insightcrime.org\/wp-content\/uploads\/2024\/08\/Feature-Image-Pablo-Beltran-Proceso-de-paz-Colombia.jpg?fit=1200%2C690&quality=100&ssl=1&resize=350%2C200","width":350,"height":200,"srcset":"https:\/\/i0.wp.com\/insightcrime.org\/wp-content\/uploads\/2024\/08\/Feature-Image-Pablo-Beltran-Proceso-de-paz-Colombia.jpg?fit=1200%2C690&quality=100&ssl=1&resize=350%2C200 1x, https:\/\/i0.wp.com\/insightcrime.org\/wp-content\/uploads\/2024\/08\/Feature-Image-Pablo-Beltran-Proceso-de-paz-Colombia.jpg?fit=1200%2C690&quality=100&ssl=1&resize=525%2C300 1.5x, https:\/\/i0.wp.com\/insightcrime.org\/wp-content\/uploads\/2024\/08\/Feature-Image-Pablo-Beltran-Proceso-de-paz-Colombia.jpg?fit=1200%2C690&quality=100&ssl=1&resize=700%2C400 2x, https:\/\/i0.wp.com\/insightcrime.org\/wp-content\/uploads\/2024\/08\/Feature-Image-Pablo-Beltran-Proceso-de-paz-Colombia.jpg?fit=1200%2C690&quality=100&ssl=1&resize=1050%2C600 3x"},"classes":[]},{"id":201527,"url":"https:\/\/insightcrime.org\/es\/noticias\/arauca-obstaculo-en-el-camino-para-la-paz-del-eln-con-colombia\/","url_meta":{"origin":77959,"position":3},"title":"Arauca: \u00bfun obst\u00e1culo en el camino para la paz del ELN con Colombia?","author":"Javier Lizcano Villalba","date":"14 de octubre de 2022","format":false,"excerpt":"Arauca podr\u00eda convertirse en el mayor problema para la paz entre Colombia y el ELN","rel":"","context":"En \u00abNoticias\u00bb","block_context":{"text":"Noticias","link":"https:\/\/insightcrime.org\/es\/category\/noticias\/"},"img":{"alt_text":"Dos miembros uniformados del ELN en medio de la selva","src":"https:\/\/i0.wp.com\/insightcrime.org\/wp-content\/uploads\/2022\/10\/ELN-Arauca-Nuestro-Llano-TV-2020.jpg?fit=350%2C250&quality=100&ssl=1&resize=350%2C200","width":350,"height":200},"classes":[]},{"id":79914,"url":"https:\/\/insightcrime.org\/es\/noticias-crimen-organizado-colombia\/gustavo-anibal-giraldo-alias-pablito\/","url_meta":{"origin":77959,"position":4},"title":"Gustavo Ani\u0301bal Giraldo, alias &#8216;Pablito&#8217;","author":"Unidad Investigativa de Venezuela","date":"3 de octubre de 2022","format":false,"excerpt":"Gustavo Ani\u0301bal Giraldo Quinchi\u0301a, alias \u201cPablito\u201d, hace parte del Comando Central (COCE) del ELN. Es uno de los comandantes ma\u0301s beligerantes y cri\u0301ticos de los dia\u0301logos de paz entre el ELN y el gobierno colombiano.","rel":"","context":"En \u00abColombia\u00bb","block_context":{"text":"Colombia","link":"https:\/\/insightcrime.org\/es\/category\/noticias-crimen-organizado-colombia\/"},"img":{"alt_text":"Perfil criminal - Gustavo An\u00edbal Giraldo, alias \u2018Pablito\u2019 - Colombia.","src":"https:\/\/i0.wp.com\/insightcrime.org\/wp-content\/uploads\/2026\/08\/Perfil-Criminal-Alias-Pablito-Colombia.jpg?fit=1200%2C900&quality=100&ssl=1&resize=350%2C200","width":350,"height":200,"srcset":"https:\/\/i0.wp.com\/insightcrime.org\/wp-content\/uploads\/2026\/08\/Perfil-Criminal-Alias-Pablito-Colombia.jpg?fit=1200%2C900&quality=100&ssl=1&resize=350%2C200 1x, https:\/\/i0.wp.com\/insightcrime.org\/wp-content\/uploads\/2026\/08\/Perfil-Criminal-Alias-Pablito-Colombia.jpg?fit=1200%2C900&quality=100&ssl=1&resize=525%2C300 1.5x, https:\/\/i0.wp.com\/insightcrime.org\/wp-content\/uploads\/2026\/08\/Perfil-Criminal-Alias-Pablito-Colombia.jpg?fit=1200%2C900&quality=100&ssl=1&resize=700%2C400 2x, https:\/\/i0.wp.com\/insightcrime.org\/wp-content\/uploads\/2026\/08\/Perfil-Criminal-Alias-Pablito-Colombia.jpg?fit=1200%2C900&quality=100&ssl=1&resize=1050%2C600 3x"},"classes":[]},{"id":233348,"url":"https:\/\/insightcrime.org\/es\/noticias-crimen-organizado-colombia\/eln-colombia\/","url_meta":{"origin":77959,"position":5},"title":"Ej\u00e9rcito de Liberaci\u00f3n Nacional (ELN)","author":"InSight Crime","date":"12 de agosto de 2026","format":false,"excerpt":"Ej\u00e9rcito de Liberaci\u00f3n Nacional (ELN): qui\u00e9nes lo lideran, d\u00f3nde opera y c\u00f3mo se financia. Perfil completo y actualizado en 2026.","rel":"","context":"En \u00abColombia\u00bb","block_context":{"text":"Colombia","link":"https:\/\/insightcrime.org\/es\/category\/noticias-crimen-organizado-colombia\/"},"img":{"alt_text":"Ej\u00e9rcito de Liberaci\u00f3n Nacional (ELN), Colombia.","src":"https:\/\/i0.wp.com\/insightcrime.org\/wp-content\/uploads\/2026\/07\/Grupo-Criminal-ELN.jpg?fit=1200%2C900&quality=100&ssl=1&resize=350%2C200","width":350,"height":200,"srcset":"https:\/\/i0.wp.com\/insightcrime.org\/wp-content\/uploads\/2026\/07\/Grupo-Criminal-ELN.jpg?fit=1200%2C900&quality=100&ssl=1&resize=350%2C200 1x, https:\/\/i0.wp.com\/insightcrime.org\/wp-content\/uploads\/2026\/07\/Grupo-Criminal-ELN.jpg?fit=1200%2C900&quality=100&ssl=1&resize=525%2C300 1.5x, https:\/\/i0.wp.com\/insightcrime.org\/wp-content\/uploads\/2026\/07\/Grupo-Criminal-ELN.jpg?fit=1200%2C900&quality=100&ssl=1&resize=700%2C400 2x, https:\/\/i0.wp.com\/insightcrime.org\/wp-content\/uploads\/2026\/07\/Grupo-Criminal-ELN.jpg?fit=1200%2C900&quality=100&ssl=1&resize=1050%2C600 3x"},"classes":[]}],"jetpack_featured_media_url":"https:\/\/i0.wp.com\/insightcrime.org\/wp-content\/uploads\/2018\/01\/18-01-30-Colombia-ELN-talks-suspended.png?fit=350%2C250&quality=100&ssl=1","_links":{"self":[{"href":"https:\/\/insightcrime.org\/es\/wp-json\/wp\/v2\/posts\/77959","targetHints":{"allow":["GET"]}}],"collection":[{"href":"https:\/\/insightcrime.org\/es\/wp-json\/wp\/v2\/posts"}],"about":[{"href":"https:\/\/insightcrime.org\/es\/wp-json\/wp\/v2\/types\/post"}],"author":[{"embeddable":true,"href":"https:\/\/insightcrime.org\/es\/wp-json\/wp\/v2\/users\/148"}],"replies":[{"embeddable":true,"href":"https:\/\/insightcrime.org\/es\/wp-json\/wp\/v2\/comments?post=77959"}],"version-history":[{"count":5,"href":"https:\/\/insightcrime.org\/es\/wp-json\/wp\/v2\/posts\/77959\/revisions"}],"predecessor-version":[{"id":78043,"href":"https:\/\/insightcrime.org\/es\/wp-json\/wp\/v2\/posts\/77959\/revisions\/78043"}],"wp:featuredmedia":[{"embeddable":true,"href":"https:\/\/insightcrime.org\/es\/wp-json\/wp\/v2\/media\/77871"}],"wp:attachment":[{"href":"https:\/\/insightcrime.org\/es\/wp-json\/wp\/v2\/media?parent=77959"}],"wp:term":[{"taxonomy":"category","embeddable":true,"href":"https:\/\/insightcrime.org\/es\/wp-json\/wp\/v2\/categories?post=77959"},{"taxonomy":"post_tag","embeddable":true,"href":"https:\/\/insightcrime.org\/es\/wp-json\/wp\/v2\/tags?post=77959"},{"taxonomy":"newspack_spnsrs_tax","embeddable":true,"href":"https:\/\/insightcrime.org\/es\/wp-json\/wp\/v2\/newspack_spnsrs_tax?post=77959"},{"taxonomy":"author","embeddable":true,"href":"https:\/\/insightcrime.org\/es\/wp-json\/wp\/v2\/coauthors?post=77959"}],"curies":[{"name":"wp","href":"https:\/\/api.w.org\/{rel}","templated":true}]}}