{"id":7825,"date":"2015-05-01T20:03:58","date_gmt":"2017-03-28T00:08:40","guid":{"rendered":"http:\/\/newwp.insightcrime.org?p=7825"},"modified":"2023-04-24T15:45:37","modified_gmt":"2023-04-24T20:45:37","slug":"escandalo-sacudio-guatemala-puede-amenazar-presidencia","status":"publish","type":"post","link":"https:\/\/insightcrime.org\/es\/noticias\/analisis\/escandalo-sacudio-guatemala-puede-amenazar-presidencia\/","title":{"rendered":"Esc\u00e1ndalo que sacudi\u00f3 a Guatemala puede amenazar a la presidencia"},"content":{"rendered":"\n<p class=\"wp-block-paragraph\">El presidente de Guatemala, Otto P\u00e9rez Molina, y la vicepresidenta Roxana Baldetti han sido objeto de intensos escrutinios por sus posibles v\u00ednculos con uno de los esc\u00e1ndalos de corrupci\u00f3n m\u00e1s grandes del pa\u00eds en los \u00faltimos a\u00f1os.<\/p>\n\n\n\n<p class=\"wp-block-paragraph\">El 16 de abril, las autoridades<a href=\"https:\/\/es.insightcrime.org\/noticias\/noticias-del-dia\/elites-guatemaltecas-implicadas-fraude-aduanero\/\" target=\"_blank\"> anunciaron la detenci\u00f3n <\/a>del director de la Superintendencia de Administraci\u00f3n Tributaria (SAT) de Guatemala, \u00c1lvaro Omar Franco Chac\u00f3n, y su predecesor, Carlos Enrique Mu\u00f1oz Rold\u00e1n, por su presunta participaci\u00f3n en una red de fraude aduanero.<\/p>\n\n\n\n<p class=\"wp-block-paragraph\">Dicha red, denominada \u201cLa L\u00ednea\u201d por los investigadores, presuntamente les <a href=\"https:\/\/www.plazapublica.com.gt\/content\/la-linea-una-red-de-corrupcion-y-una-crisis-politica\" target=\"_blank\">cobraba a los importadores<\/a> s\u00f3lo el 40 por ciento de los impuestos est\u00e1ndares de importaci\u00f3n, y recib\u00edan sobornos del 30 por ciento. Los importadores conservaban el 30 por ciento restante, lo que significa que el gobierno recib\u00eda por las importaciones menos de la mitad de los ingresos fiscales que hubiera obtenido en circunstancias normales. Adem\u00e1s de Franco y Mu\u00f1oz, fueron detenidos m\u00e1s de una docena de otros individuos implicados en la red de corrupci\u00f3n fraudulenta.<\/p>\n\n\n\n<p class=\"wp-block-paragraph\">Sin embargo, la Fiscal\u00eda General y la Comisi\u00f3n Internacional Contra la Impunidad en Guatemala (CICIG), de las Naciones Unidas, las cuales realizaron la investigaci\u00f3n conjunta, consideraron que el entonces secretario privado de Baldetti, Juan Carlos Monz\u00f3n, era el jefe mayor de La L\u00ednea. Hasta el momento, Monz\u00f3n ha logrado evitar ser arrestado.<\/p>\n\n\n\n<h3 class=\"wp-block-heading\">De La L\u00ednea a la presidencia: an\u00e1lisis de sus grados de separaci\u00f3n<\/h3>\n\n\n\n<p class=\"wp-block-paragraph\">El 13 de abril, pocos d\u00edas antes de las detenciones, Monz\u00f3n acompa\u00f1\u00f3 a Baldetti a un viaje a Corea del Sur, donde recibi\u00f3 un t\u00edtulo honor\u00edfico. Durante una <a href=\"https:\/\/www.prensalibre.com\/guatemala\/politica\/baldetti-dice-que-desconoce-paradero-de-su-secretario-privado\" target=\"_blank\">conferencia de prensa <\/a>el 19 de abril, Baldetti admiti\u00f3 que \u00e9sta era la primera vez que Monz\u00f3n hab\u00eda viajado con ella fuera del pa\u00eds. La vicepresidenta dijo que sab\u00eda que Monz\u00f3n estaba bajo investigaci\u00f3n, pero <a href=\"https:\/\/www.s21.com.gt\/nacionales\/2015\/04\/19\/baldetti-no-renunciara-dice-no-conocer-paradero-monzon\" target=\"_blank\">no conoc\u00eda los detalles espec\u00edficos<\/a>, aunque es la presidenta de la Comisi\u00f3n Nacional contra el Contrabando (CONACON).<\/p>\n\n\n\n<p class=\"wp-block-paragraph\">Seg\u00fan Baldetti, Monz\u00f3n la dej\u00f3 para atender \u201csus cosas personales\u201d apenas unas horas antes de que se enterara de los arrestos. La vicepresidenta dijo que llam\u00f3 a Monz\u00f3n tan pronto como supo sobre el esc\u00e1ndalo y que lo despidi\u00f3, exigi\u00e9ndole dar la cara a la justicia guatemalteca. No obstante, Baldetti afirm\u00f3 que ella no sabe d\u00f3nde reside actualmente Monz\u00f3n.<\/p>\n\n\n\n<figure class=\"wp-block-table\"><table><tbody><tr><td>\n<address>&nbsp;<\/address>\n<hr>\n<address><em><span style=\"font-size: 14pt;\"><span style=\"color: #800000;\">La vicepresidenta dijo que sab\u00eda que Monz\u00f3n estaba bajo investigaci\u00f3n, pero no conoc\u00eda los detalles espec\u00edficos, aunque es la presidenta de la Comisi\u00f3n Nacional contra el Contrabando.<\/span><\/span><\/em><\/address>\n<hr>\n<\/td><\/tr><\/tbody><\/table><\/figure>\n\n\n\n<p class=\"wp-block-paragraph\">Hay unos cuantos grados m\u00e1s de separaci\u00f3n entre el presidente P\u00e9rez Molina y el esc\u00e1ndalo de la aduana. Sin embargo, como la dijo a InSight Crime Manfredo Marroqu\u00edn, director de la asociaci\u00f3n civil guatemalteca Acci\u00f3n Ciudadana, \u201cTodas las piezas generan sospechas de que el presidente tambi\u00e9n\u201d.<\/p>\n\n\n\n<p class=\"wp-block-paragraph\">El presunto segundo dirigente de La L\u00ednea, Salvador Estuardo Gonz\u00e1lez \u00c1lvarez, es el presidente de una agencia de noticias due\u00f1a de los peri\u00f3dicos guatemaltecos Siglo 21 y Al D\u00eda. <a href=\"https:\/\/www.elperiodico.com.gt\/es\/20150420\/investigacion\/11437\/Contrabando-Poder-y-Noticias.htm\" target=\"_blank\">Seg\u00fan elPeri\u00f3dico<\/a>, Gonz\u00e1lez \u00c1lvarez (uno de los capturados durante la redada) es hijo del exministro de Defensa guatemalteco Marco Antonio Gonz\u00e1lez Taracena.<\/p>\n\n\n\n<p class=\"wp-block-paragraph\"><span style=\"color: #800000;\"><strong>VEA TAMBI\u00c9N<\/strong><\/span>: <a href=\"\/noticias-sobre-crimen-organizado-en-guatemala\" target=\"_blank\">Noticias y perfiles de Guatemala<\/a><\/p>\n\n\n\n<p class=\"wp-block-paragraph\">ElPeriodico se\u00f1ala que Gonz\u00e1lez Taracena era jefe de P\u00e9rez Molina cuando el presidente se desempe\u00f1\u00f3 en el ahora disuelto Estado Mayor Presidencial (EMP), el ala de inteligencia de la presidencia, similar a la <a href=\"https:\/\/www.nsa.gov\/\" target=\"_blank\">Agencia de Seguridad Nacional <\/a>del gobierno de Estados Unidos. Gonz\u00e1lez Taracena supuestamente tambi\u00e9n le ayud\u00f3 a P\u00e9rez Molina a dise\u00f1ar su plan de seguridad nacional cuando lleg\u00f3 a la presidencia.<\/p>\n\n\n\n<p class=\"wp-block-paragraph\">Poco despu\u00e9s de que Gonz\u00e1lez \u00c1lvarez asumi\u00f3 la presidencia de la agencia de noticias en julio de 2013, presion\u00f3 a los editores de Siglo 21 para que publicaran art\u00edculos que favorec\u00edan a P\u00e9rez Molina y Baldetti, seg\u00fan dijo un experiodista de Siglo 21 entrevistado por elPeriodico. A\u00fan m\u00e1s, un presunto miembro de La L\u00ednea, Giovani Marroqu\u00edn Navas, <a href=\"https:\/\/www.elperiodico.com.gt\/es\/20150421\/pais\/11484\/\u201cEl-Teniente-Jerez\" target=\"_blank\">declar\u00f3 recientemente ante un tribunal <\/a>que el a\u00f1o pasado P\u00e9rez Molina asisti\u00f3 a una reuni\u00f3n organizada por Gonz\u00e1lez \u00c1lvarez para discutir un plan destinado a mejorar los servicios de recolecci\u00f3n de impuestos de Guatemala.<\/p>\n\n\n\n<p class=\"has-text-align-center wp-block-paragraph\"><em>Haga clic en la siguiente presentaci\u00f3n para ver los v\u00ednculos entre presuntos miembros de La L\u00ednea y la presidencia<\/em>.<\/p>\n\n\n\n<p class=\"wp-block-paragraph\"><iframe loading=\"lazy\" width=\"550\" height=\"400\" id=\"iframe_container\" src=\"https:\/\/prezi.com\/embed\/glrvwmbbcub6\/?bgcolor=ffffff&amp;lock_to_path=0&amp;autoplay=0&amp;autohide_ctrls=0#\" frameborder=\"0\" allowfullscreen=\"allowfullscreen\" webkitallowfullscreen=\"\" mozallowfullscreen=\"\"><\/iframe><\/p>\n\n\n\n<h3 class=\"wp-block-heading\">La red de fraude aduanero que \u201cnunca desapareci\u00f3\u201d<\/h3>\n\n\n\n<p class=\"wp-block-paragraph\">Los posibles v\u00ednculos de P\u00e9rez Molina con las redes de fraude aduanero podr\u00edan extenderse m\u00e1s all\u00e1 de La L\u00ednea.<\/p>\n\n\n\n<p class=\"wp-block-paragraph\">Desde la d\u00e9cada de los a\u00f1os setenta hasta mediados de los noventa, una poderosa red de contrabando compuesta por militares, polic\u00edas y otros funcionarios corruptos, conocida como la red Moreno, reuni\u00f3 grandes sumas de dinero por confiscar cargamentos de contrabando y obligar a sus propietarios a pagar sobornos para poder recuperar las mercanc\u00edas, seg\u00fan un informe publicado en 2003 por la Oficina en Washington para Asuntos Latinoamericanos (WOLA por sus iniciales en ingl\u00e9s) <a href=\"https:\/\/www.wola.org\/sites\/default\/files\/downloadable\/Citizen%20Security\/past\/Poderesocultos.pdf\" target=\"_blank\">(pdf)<\/a> sobre los grupos armados ilegales en Guatemala.<\/p>\n\n\n\n<p class=\"wp-block-paragraph\">En el mismo informe, la WOLA incluye a P\u00e9rez Molina como uno de los l\u00edderes de un grupo clandestino dentro de los militares, conocido como \u201cEl Sindicato\u201d. \u00c9ste fue uno de los \u201cpoderes ocultos\u201d de Guatemala, tambi\u00e9n conocidos como CIACS (Cuerpos Ilegales y Aparatos Clandestinos de Seguridad), grupos oscuros conformados principalmente por exmilitares y funcionarios de inteligencia que se originaron en el conflicto civil del pa\u00eds. Seg\u00fan la WOLA, otro prominente miembro de El Sindicato fue el general Roberto Letona Hora, quien supuestamente tambi\u00e9n hac\u00eda parte de la red de Moreno. La WOLA llama la atenci\u00f3n sobre el inusual alto nivel de cohesi\u00f3n y fraternidad entre los miembros de El Sindicato.<\/p>\n\n\n\n<p class=\"wp-block-paragraph\"><span style=\"color: #800000;\"><strong>VEA TAMBI\u00c9N<\/strong><\/span>: <a href=\"https:\/\/es.insightcrime.org\/noticias-crimen-organizado-guatemala\/ciacs\/?highlight=WyJjaWFjcyJd\" target=\"_blank\">Cobertura de los CIACS<\/a><\/p>\n\n\n\n<p class=\"wp-block-paragraph\">P\u00e9rez Molina tambi\u00e9n puede estar relacionado con los v\u00ednculos entre La L\u00ednea y la red de Moreno. Un sospechoso detenido como parte de la investigaci\u00f3n de La L\u00ednea, Francisco Javier Ortiz Arriaga, hab\u00eda servido previamente como principal sustituto del l\u00edder de la red Moreno, Alfredo Moreno Molina, <a href=\"https:\/\/www.prensalibre.com\/guatemala\/justicia\/estructura-moreno-nunca-desaparecio\" target=\"_blank\">inform\u00f3 Prensa Libre<\/a>. Seg\u00fan elPeriodico, Ortiz Arriaga ayud\u00f3 a organizar la reuni\u00f3n de 2014 a la que asistieron P\u00e9rez Molina y Gonz\u00e1lez \u00c1lvarez.<\/p>\n\n\n\n<p class=\"wp-block-paragraph\">La participaci\u00f3n de Ortiz Arriaga en La L\u00ednea y la red Moreno indica que la estructura criminal que en gran medida control\u00f3 el sistema aduanero de Guatemala por d\u00e9cadas nunca fue desmantelada. \u201dLas estructuras de fraude aduanero que se desmantelaron ayer han operado desde la red de Moreno en 1995 y nunca desaparecieron\u201d, afirm\u00f3 el comisionado de la CICIG, Iv\u00e1n Vel\u00e1squez, en una conferencia de prensa.<\/p>\n\n\n\n<div class=\"pull-quotes\">\n<div class=\"pull-quotes-body\">\nLos posibles v\u00ednculos de P\u00e9rez Molina con las redes de fraude aduanero podr\u00edan extenderse m\u00e1s all\u00e1 de La L\u00ednea.<\/div>\n<\/div>\n\n\n\n<p class=\"wp-block-paragraph\">P\u00e9rez Molina tambi\u00e9n enfrenta investigaciones por su decisi\u00f3n de elegir a Mu\u00f1oz en el 2013, y luego a Franco en enero de 2015, para dirigir la SAT. Durante una <a href=\"https:\/\/www.prensalibre.com\/guatemala\/guatemala\/en-directo---perez-molina-habla-sobre-mafia-en-la-sat\" target=\"_blank\">conferencia de prensa el 17 de abril<\/a>, P\u00e9rez dijo que no sab\u00eda que Franco hac\u00eda parte de La L\u00ednea y que no hab\u00eda influencias externas que afectaran su proceso de toma de decisiones. Seg\u00fan informes, Mu\u00f1oz <a href=\"https:\/\/www.soy502.com\/articulo\/presidente-quiere-nombrar-titular-sat-lo-antes-posible\" target=\"_blank\">fue destituido como jefe de la SAT <\/a>por no recaudar los ingresos fiscales suficientes en dos a\u00f1os consecutivos.<\/p>\n\n\n\n<p class=\"wp-block-paragraph\">Ninguna de estas pruebas ser\u00eda suficiente para condenar a Baldetti o a P\u00e9rez por fechor\u00edas en un tribunal penal, aunque han llevado a que los ciudadanos guatemaltecos <a href=\"https:\/\/lahora.gt\/miles-de-guatemaltecos-sin-acarreos-dejan-la-apatia-y-se-muestran-indignados\/\" target=\"_blank\">protesten de manera masiva <\/a>para pedir su dimisi\u00f3n. Pero eso no quiere decir que m\u00e1s pruebas incriminatorias no salgan a la luz en las pr\u00f3ximas semanas y meses.<\/p>\n\n\n\n<p class=\"wp-block-paragraph\">\u201cLa investigaci\u00f3n [sobre La L\u00ednea] no ha concluido\u2026 la [Fiscal\u00eda] y la CICIG dejaron muy claro que esta investigaci\u00f3n apenas comienza\u201d, le dijo Marroqu\u00edn a InSight Crime. \u201dUna segunda etapa de la investigaci\u00f3n podr\u00eda involucrar directamente a la vicepresidenta\u201d, a\u00f1adi\u00f3.<\/p>\n\n\n\n<p class=\"wp-block-paragraph\">Y tal vez tambi\u00e9n al jefe de Baldetti.<\/p>\n","protected":false},"excerpt":{"rendered":"<p>El presidente de Guatemala, Otto P\u00e9rez Molina, y la vicepresidenta Roxana Baldetti han sido objeto de intensos escrutinios por sus posibles v\u00ednculos con uno de los esc\u00e1ndalos de corrupci\u00f3n m\u00e1s grandes del pa\u00eds en los \u00faltimos a\u00f1os.<\/p>\n","protected":false},"author":36,"featured_media":42455,"comment_status":"closed","ping_status":"closed","sticky":false,"template":"","format":"standard","meta":{"newspack_ads_suppress_ads":false,"newspack_popups_has_disabled_popups":false,"newspack_sponsor_sponsorship_scope":"","newspack_sponsor_native_byline_display":"inherit","newspack_sponsor_native_category_display":"inherit","newspack_sponsor_underwriter_style":"inherit","newspack_sponsor_underwriter_placement":"inherit","_EventAllDay":false,"_EventTimezone":"","_EventStartDate":"","_EventEndDate":"","_EventStartDateUTC":"","_EventEndDateUTC":"","_EventShowMap":false,"_EventShowMapLink":false,"_EventURL":"","_EventCost":"","_EventCostDescription":"","_EventCurrencySymbol":"","_EventCurrencyCode":"","_EventCurrencyPosition":"","_EventDateTimeSeparator":"","_EventTimeRangeSeparator":"","_EventOrganizerID":[],"_EventVenueID":[],"_OrganizerEmail":"","_OrganizerPhone":"","_OrganizerWebsite":"","_VenueAddress":"","_VenueCity":"","_VenueCountry":"","_VenueProvince":"","_VenueState":"","_VenueZip":"","_VenuePhone":"","_VenueURL":"","_VenueStateProvince":"","_VenueLat":"","_VenueLng":"","_VenueShowMap":false,"_VenueShowMapLink":false,"_newspack_byline_active":false,"_newspack_byline":"","newspack_hide_updated_date":false,"newspack_show_updated_date":false,"newspack_featured_image_position":"","newspack_post_subtitle":"","newspack_article_summary_title":"Overview:","newspack_article_summary":"","_jetpack_memberships_contains_paid_content":false,"footnotes":""},"categories":[340],"tags":[491,459,447,374],"newspack_spnsrs_tax":[],"coauthors":[3924],"class_list":["post-7825","post","type-post","status-publish","format-standard","has-post-thumbnail","hentry","category-analisis","tag-los-ciacs","tag-contrabando","tag-elites-y-crimen-organizado","tag-guatemala-pais","entry"],"parsely":{"version":"1.1.0","canonical_url":"https:\/\/insightcrime.org\/es\/noticias\/analisis\/escandalo-sacudio-guatemala-puede-amenazar-presidencia\/","smart_links":{"inbound":0,"outbound":0},"traffic_boost_suggestions_count":0,"meta":{"@context":"https:\/\/schema.org","@type":"NewsArticle","headline":"Esc\u00e1ndalo que sacudi\u00f3 a Guatemala puede amenazar a la presidencia","url":"http:\/\/insightcrime.org\/es\/noticias\/analisis\/escandalo-sacudio-guatemala-puede-amenazar-presidencia\/","mainEntityOfPage":{"@type":"WebPage","@id":"http:\/\/insightcrime.org\/es\/noticias\/analisis\/escandalo-sacudio-guatemala-puede-amenazar-presidencia\/"},"thumbnailUrl":"https:\/\/i0.wp.com\/insightcrime.org\/wp-content\/uploads\/2015\/05\/es-Guatemala.png?resize=150%2C150&quality=100&ssl=1","image":{"@type":"ImageObject","url":"https:\/\/i0.wp.com\/insightcrime.org\/wp-content\/uploads\/2015\/05\/es-Guatemala.png?fit=250%2C167&quality=100&ssl=1"},"articleSection":"An\u00e1lisis","author":[{"@type":"Person","name":"David Gagne"}],"creator":["David Gagne"],"publisher":{"@type":"Organization","name":"InSight Crime","logo":"https:\/\/insightcrime.org\/wp-content\/uploads\/2023\/08\/logo.png"},"keywords":["ciacs","contrabando","\u00e9lites y crimen","guatemala"],"dateCreated":"2017-03-28T00:08:40Z","datePublished":"2017-03-28T00:08:40Z","dateModified":"2023-04-24T20:45:37Z"},"rendered":"<meta name=\"parsely-title\" content=\"Esc\u00e1ndalo que sacudi\u00f3 a Guatemala puede amenazar a la presidencia\" \/>\n<meta name=\"parsely-link\" content=\"http:\/\/insightcrime.org\/es\/noticias\/analisis\/escandalo-sacudio-guatemala-puede-amenazar-presidencia\/\" \/>\n<meta name=\"parsely-type\" content=\"post\" \/>\n<meta name=\"parsely-image-url\" content=\"https:\/\/i0.wp.com\/insightcrime.org\/wp-content\/uploads\/2015\/05\/es-Guatemala.png?resize=150%2C150&amp;quality=100&amp;ssl=1\" \/>\n<meta name=\"parsely-pub-date\" content=\"2017-03-28T00:08:40Z\" \/>\n<meta name=\"parsely-section\" content=\"An\u00e1lisis\" \/>\n<meta name=\"parsely-tags\" content=\"ciacs,contrabando,\u00e9lites y crimen,guatemala\" \/>\n<meta name=\"parsely-author\" content=\"David Gagne\" \/>","tracker_url":"https:\/\/cdn.parsely.com\/keys\/insightcrime.org\/p.js"},"jetpack_sharing_enabled":true,"jetpack-related-posts":[{"id":206597,"url":"https:\/\/insightcrime.org\/es\/noticias\/fallo-muestra-guatemala-conflicto-pasado\/","url_meta":{"origin":7825,"position":0},"title":"Hist\u00f3rico fallo muestra c\u00f3mo Guatemala sigue en conflicto con su pasado","author":"Steven Dudley","date":"12 de diciembre de 2022","format":false,"excerpt":"Con una hist\u00f3rica sentencia condenatoria para el expresidente y la ex vicepresidenta \u2014y una incre\u00edble diatriba que no qued\u00f3 registrada\u2014 tres magistrados de Guatemala ilustraron por qu\u00e9 el pa\u00eds sigue dividido por el caso m\u00e1s emblem\u00e1tico del esfuerzo librado en el pa\u00eds por reformar su sistema de justicia a lo\u2026","rel":"","context":"En \u00abNoticias\u00bb","block_context":{"text":"Noticias","link":"https:\/\/insightcrime.org\/es\/category\/noticias\/"},"img":{"alt_text":"","src":"https:\/\/i0.wp.com\/insightcrime.org\/wp-content\/uploads\/2022\/12\/Guatemala-corrupcion-President-Otto-Perez-Molina-and-Roxana-Baldetti-awaiting-trial-AP848802602229-1.jpg?fit=1200%2C600&quality=100&ssl=1&resize=350%2C200","width":350,"height":200,"srcset":"https:\/\/i0.wp.com\/insightcrime.org\/wp-content\/uploads\/2022\/12\/Guatemala-corrupcion-President-Otto-Perez-Molina-and-Roxana-Baldetti-awaiting-trial-AP848802602229-1.jpg?fit=1200%2C600&quality=100&ssl=1&resize=350%2C200 1x, https:\/\/i0.wp.com\/insightcrime.org\/wp-content\/uploads\/2022\/12\/Guatemala-corrupcion-President-Otto-Perez-Molina-and-Roxana-Baldetti-awaiting-trial-AP848802602229-1.jpg?fit=1200%2C600&quality=100&ssl=1&resize=525%2C300 1.5x, https:\/\/i0.wp.com\/insightcrime.org\/wp-content\/uploads\/2022\/12\/Guatemala-corrupcion-President-Otto-Perez-Molina-and-Roxana-Baldetti-awaiting-trial-AP848802602229-1.jpg?fit=1200%2C600&quality=100&ssl=1&resize=700%2C400 2x, https:\/\/i0.wp.com\/insightcrime.org\/wp-content\/uploads\/2022\/12\/Guatemala-corrupcion-President-Otto-Perez-Molina-and-Roxana-Baldetti-awaiting-trial-AP848802602229-1.jpg?fit=1200%2C600&quality=100&ssl=1&resize=1050%2C600 3x"},"classes":[]},{"id":146060,"url":"https:\/\/insightcrime.org\/es\/noticias\/guatemala-retira-cargos-expresidente-detiene-fiscales-anticorrupcion\/","url_meta":{"origin":7825,"position":1},"title":"Guatemala retira cargos contra expresidente y detiene a fiscales anticorrupci\u00f3n","author":"Parker Asmann","date":"21 de mayo de 2021","format":false,"excerpt":"Guatemala parece haber hecho caso omiso de la presi\u00f3n internacional para que se tomen medidas en\u00e9rgicas contra la corrupci\u00f3n arraigada en el gobierno, con el retiro de cargos contra un expresidente en problemas el mismo d\u00eda que detuvo a sus principales investigadores contra la corrupci\u00f3n.","rel":"","context":"En \u00abNoticias\u00bb","block_context":{"text":"Noticias","link":"https:\/\/insightcrime.org\/es\/category\/noticias\/"},"img":{"alt_text":"","src":"https:\/\/i0.wp.com\/insightcrime.org\/wp-content\/uploads\/2021\/05\/2021-05-20-Juan-Francisco-Solo%CC%81rzano-Foppa.jpg?fit=350%2C250&quality=100&ssl=1&resize=350%2C200","width":350,"height":200},"classes":[]},{"id":232465,"url":"https:\/\/insightcrime.org\/es\/noticias\/expresidente-guatemala-declara-culpable-corrupcion-ante-panorama-anticorrupcion\/","url_meta":{"origin":7825,"position":2},"title":"Expresidente de Guatemala se declara culpable anticip\u00e1ndose a cambios en lucha contra la corrupci\u00f3n","author":"Gavin Voss","date":"8 de septiembre de 2023","format":false,"excerpt":"El expresidente de Guatemala, Otto P\u00e9rez Molina, se declar\u00f3 culpable en un caso de soborno y blanqueo de dinero, pero podr\u00eda tratarse de una maniobra del exmandatario para evitar una sentencia m\u00e1s severa en medio de la incertidumbre sobre el futuro de la lucha contra la corrupci\u00f3n en el pa\u00eds.","rel":"","context":"En \u00abNoticias\u00bb","block_context":{"text":"Noticias","link":"https:\/\/insightcrime.org\/es\/category\/noticias\/"},"img":{"alt_text":"Otto P\u00e9rez Molina fue condenado a ocho a\u00f1os de prisi\u00f3n el 6 de septiembre por cargos derivados del caso \"Cooptaci\u00f3n del Estado\".","src":"https:\/\/i0.wp.com\/insightcrime.org\/wp-content\/uploads\/2023\/09\/Guatemala-Otto-Perez-Elites-and-Crime-Prensa-Libre-1-1.jpg?fit=350%2C250&quality=100&ssl=1&resize=350%2C200","width":350,"height":200},"classes":[]},{"id":122906,"url":"https:\/\/insightcrime.org\/es\/noticias\/retorno-fugitivo-revelaciones-corrupcion-guatemala\/","url_meta":{"origin":7825,"position":3},"title":"Retorno de fugitivo promete nuevas revelaciones sobre corrupci\u00f3n en Guatemala","author":"Alex Papadovassilakis","date":"26 de agosto de 2020","format":false,"excerpt":"Un operador pol\u00edtico de Guatemala, acusado de recibir millones en sobornos, se ha entregado a las autoridades luego de cuatro a\u00f1os huyendo de la justicia y deber\u00e1 enfrentar varios juicios en los que su testimonio ofrecer\u00e1 detalles sobre una serie de esquemas de corrupci\u00f3n.","rel":"","context":"En \u00abNoticias\u00bb","block_context":{"text":"Noticias","link":"https:\/\/insightcrime.org\/es\/category\/noticias\/"},"img":{"alt_text":"","src":"https:\/\/i0.wp.com\/insightcrime.org\/wp-content\/uploads\/2020\/08\/Sinabaldi-Arrest-Guatemala.jpg?fit=350%2C250&quality=100&ssl=1&resize=350%2C200","width":350,"height":200},"classes":[]},{"id":127310,"url":"https:\/\/insightcrime.org\/es\/noticias\/corrupcion-protestas-guatemala\/","url_meta":{"origin":7825,"position":4},"title":"Frustraci\u00f3n por corrupci\u00f3n alimenta protestas por presupuesto del gobierno en Guatemala","author":"H\u00e9ctor Silva \u00c1valos","date":"25 de noviembre de 2020","format":false,"excerpt":"Protestas callejeras han inundado Guatemala despu\u00e9s de que el congreso aprob\u00f3 un presupuesto para 2021 que, entre otras medidas controversiales, recortaba la mitad de los fondos al \u00d3rgano Judicial mientras asignaba m\u00e1s fondos a oficinas se\u00f1aladas por malversaci\u00f3n de fondos p\u00fablicos.","rel":"","context":"En \u00abNoticias\u00bb","block_context":{"text":"Noticias","link":"https:\/\/insightcrime.org\/es\/category\/noticias\/"},"img":{"alt_text":"","src":"https:\/\/i0.wp.com\/insightcrime.org\/wp-content\/uploads\/2020\/11\/Guatemala-protest-outside-congtress-Alejandro-Giammatei-funds-eductation-Corruption-human-rights-2020-AP_20327031449138.jpg?fit=1200%2C600&quality=100&ssl=1&resize=350%2C200","width":350,"height":200,"srcset":"https:\/\/i0.wp.com\/insightcrime.org\/wp-content\/uploads\/2020\/11\/Guatemala-protest-outside-congtress-Alejandro-Giammatei-funds-eductation-Corruption-human-rights-2020-AP_20327031449138.jpg?fit=1200%2C600&quality=100&ssl=1&resize=350%2C200 1x, https:\/\/i0.wp.com\/insightcrime.org\/wp-content\/uploads\/2020\/11\/Guatemala-protest-outside-congtress-Alejandro-Giammatei-funds-eductation-Corruption-human-rights-2020-AP_20327031449138.jpg?fit=1200%2C600&quality=100&ssl=1&resize=525%2C300 1.5x, https:\/\/i0.wp.com\/insightcrime.org\/wp-content\/uploads\/2020\/11\/Guatemala-protest-outside-congtress-Alejandro-Giammatei-funds-eductation-Corruption-human-rights-2020-AP_20327031449138.jpg?fit=1200%2C600&quality=100&ssl=1&resize=700%2C400 2x, https:\/\/i0.wp.com\/insightcrime.org\/wp-content\/uploads\/2020\/11\/Guatemala-protest-outside-congtress-Alejandro-Giammatei-funds-eductation-Corruption-human-rights-2020-AP_20327031449138.jpg?fit=1200%2C600&quality=100&ssl=1&resize=1050%2C600 3x"},"classes":[]},{"id":134932,"url":"https:\/\/insightcrime.org\/es\/noticias\/los-huistas-expanden-red-influencias-guatemala\/","url_meta":{"origin":7825,"position":5},"title":"Los Huistas expanden su red de influencias en Guatemala","author":"Shane Sullivan","date":"17 de febrero de 2021","format":false,"excerpt":"Los Huistas, un grupo narcotraficante de Guatemala relacionado con varios funcionarios del gobierno, ha continuado construyendo su red de influencia pol\u00edtica, como lo han demostrado los recientes acontecimientos.","rel":"","context":"En \u00abNoticias\u00bb","block_context":{"text":"Noticias","link":"https:\/\/insightcrime.org\/es\/category\/noticias\/"},"img":{"alt_text":"","src":"https:\/\/i0.wp.com\/insightcrime.org\/wp-content\/uploads\/2021\/02\/HENRY-HERNANDEZ-HERRERA-DOS-1.jpg?fit=350%2C250&quality=100&ssl=1&resize=350%2C200","width":350,"height":200},"classes":[]}],"jetpack_featured_media_url":"https:\/\/i0.wp.com\/insightcrime.org\/wp-content\/uploads\/2015\/05\/es-Guatemala.png?fit=250%2C167&quality=100&ssl=1","_links":{"self":[{"href":"https:\/\/insightcrime.org\/es\/wp-json\/wp\/v2\/posts\/7825","targetHints":{"allow":["GET"]}}],"collection":[{"href":"https:\/\/insightcrime.org\/es\/wp-json\/wp\/v2\/posts"}],"about":[{"href":"https:\/\/insightcrime.org\/es\/wp-json\/wp\/v2\/types\/post"}],"author":[{"embeddable":true,"href":"https:\/\/insightcrime.org\/es\/wp-json\/wp\/v2\/users\/36"}],"replies":[{"embeddable":true,"href":"https:\/\/insightcrime.org\/es\/wp-json\/wp\/v2\/comments?post=7825"}],"version-history":[{"count":3,"href":"https:\/\/insightcrime.org\/es\/wp-json\/wp\/v2\/posts\/7825\/revisions"}],"predecessor-version":[{"id":72827,"href":"https:\/\/insightcrime.org\/es\/wp-json\/wp\/v2\/posts\/7825\/revisions\/72827"}],"wp:featuredmedia":[{"embeddable":true,"href":"https:\/\/insightcrime.org\/es\/wp-json\/wp\/v2\/media\/42455"}],"wp:attachment":[{"href":"https:\/\/insightcrime.org\/es\/wp-json\/wp\/v2\/media?parent=7825"}],"wp:term":[{"taxonomy":"category","embeddable":true,"href":"https:\/\/insightcrime.org\/es\/wp-json\/wp\/v2\/categories?post=7825"},{"taxonomy":"post_tag","embeddable":true,"href":"https:\/\/insightcrime.org\/es\/wp-json\/wp\/v2\/tags?post=7825"},{"taxonomy":"newspack_spnsrs_tax","embeddable":true,"href":"https:\/\/insightcrime.org\/es\/wp-json\/wp\/v2\/newspack_spnsrs_tax?post=7825"},{"taxonomy":"author","embeddable":true,"href":"https:\/\/insightcrime.org\/es\/wp-json\/wp\/v2\/coauthors?post=7825"}],"curies":[{"name":"wp","href":"https:\/\/api.w.org\/{rel}","templated":true}]}}