{"id":78479,"date":"2018-02-08T16:52:29","date_gmt":"2018-02-08T21:52:29","guid":{"rendered":"https:\/\/insightcrime.org\/?p=78479"},"modified":"2025-08-18T20:45:23","modified_gmt":"2025-08-19T01:45:23","slug":"denuncian-guerrilla-colombiana-distribuye-comida-gobierno-venezuela-en-la-frontera","status":"publish","type":"post","link":"https:\/\/insightcrime.org\/es\/news\/analysis\/denuncian-guerrilla-colombiana-distribuye-comida-gobierno-venezuela-en-la-frontera\/","title":{"rendered":"Denuncian que guerrilla colombiana distribuye comida del gobierno de Venezuela en la frontera"},"content":{"rendered":"\n<p class=\"wp-block-paragraph\"><span style=\"font-weight: 400;\">El ELN estar\u00eda participando en la distribuci\u00f3n de cajas de comida del gobierno venezolano en estados fronterizos con Colombia, lo que podr\u00eda ser un intento de esta guerrilla por afianzar su presencia en Venezuela y fortalecer posibles nexos con la administraci\u00f3n de Nicol\u00e1s Maduro. Esto ocurre en un momento clave tanto para el futuro de esta guerrilla colombiana como para las din\u00e1micas criminales en la zona.<\/span><\/p>\n\n\n\n<p class=\"wp-block-paragraph\"><span style=\"font-weight: 400;\">Javier Tarazona, director de la fundaci\u00f3n venezolana Redes,<\/span><a href=\"https:\/\/www.el-nacional.com\/noticias\/sociedad\/eln-distribuye-cajas-clap-las-fronteras-con-autorizacion-maduro_222081\" target=\"_blank\" rel=\"noopener\"><span style=\"font-weight: 400;\"> denunci\u00f3 el 6 de febrero<\/span><\/a><span style=\"font-weight: 400;\"> que el Ej\u00e9rcito de Liberaci\u00f3n Nacional (ELN), la segunda guerrilla m\u00e1s importante de Colombia, est\u00e1 distribuyendo cajas de comida en los estados fronterizos de T\u00e1chira, Apure y Zulia por medio de los Comit\u00e9s Locales de Abastecimiento y Producci\u00f3n (CLAP). Estos comit\u00e9s son los que se encargan de la distribuci\u00f3n regulada de alimentos por parte del gobierno venezolano.<\/span><\/p>\n\n\n\n<p class=\"wp-block-paragraph\"><span style=\"font-weight: 400;\">\u201cEstamos denunciando que el gobierno de Nicol\u00e1s Maduro ha entregado al ELN la distribuci\u00f3n de las cajas CLAP\u201d, dijo Tarazona. \u201cLa guerrilla es la que decide a qui\u00e9n se la da\u201d. <\/span><\/p>\n\n\n\n<p class=\"wp-block-paragraph\"><span style=\"font-weight: 400;\">Tarazona se\u00f1ala que las cajas son entregadas con propaganda del Frente Carlos Germ\u00e1n Velasco Villamizar del ELN. Adem\u00e1s, promocionan una de sus tres emisoras de radio que ya se est\u00e1n escuchando en esta zona de Venezuela. <\/span><\/p>\n\n\n<div class=\"wp-block-image wp-image-78480\">\n<figure class=\"aligncenter is-resized\"><img data-recalc-dims=\"1\" loading=\"lazy\" decoding=\"async\" src=\"https:\/\/i0.wp.com\/es.insightcrime.org\/wp-content\/uploads\/2018\/02\/IMG-20180207-WA0004.jpg?resize=643%2C361&#038;quality=100&#038;ssl=1\" alt=\"\" class=\"wp-image-78480\" height=\"361\" width=\"643\" srcset=\"https:\/\/i0.wp.com\/insightcrime.org\/wp-content\/uploads\/2018\/02\/IMG-20180207-WA0004.jpg?w=1080&amp;quality=100&amp;ssl=1 1080w, https:\/\/i0.wp.com\/insightcrime.org\/wp-content\/uploads\/2018\/02\/IMG-20180207-WA0004.jpg?resize=300%2C169&amp;quality=100&amp;ssl=1 300w, https:\/\/i0.wp.com\/insightcrime.org\/wp-content\/uploads\/2018\/02\/IMG-20180207-WA0004.jpg?resize=768%2C432&amp;quality=100&amp;ssl=1 768w, https:\/\/i0.wp.com\/insightcrime.org\/wp-content\/uploads\/2018\/02\/IMG-20180207-WA0004.jpg?resize=1024%2C576&amp;quality=100&amp;ssl=1 1024w, https:\/\/i0.wp.com\/insightcrime.org\/wp-content\/uploads\/2018\/02\/IMG-20180207-WA0004.jpg?resize=696%2C391&amp;quality=100&amp;ssl=1 696w, https:\/\/i0.wp.com\/insightcrime.org\/wp-content\/uploads\/2018\/02\/IMG-20180207-WA0004.jpg?resize=1068%2C600&amp;quality=100&amp;ssl=1 1068w, https:\/\/i0.wp.com\/insightcrime.org\/wp-content\/uploads\/2018\/02\/IMG-20180207-WA0004.jpg?resize=747%2C420&amp;quality=100&amp;ssl=1 747w, https:\/\/i0.wp.com\/es.insightcrime.org\/wp-content\/uploads\/2018\/02\/IMG-20180207-WA0004.jpg?w=370&amp;quality=100&amp;ssl=1 370w, https:\/\/i0.wp.com\/es.insightcrime.org\/wp-content\/uploads\/2018\/02\/IMG-20180207-WA0004.jpg?w=400&amp;quality=100&amp;ssl=1 400w\" sizes=\"auto, (max-width: 643px) 100vw, 643px\" \/><figcaption class=\"wp-element-caption\">Foto compartida por Javier Tarazona con InSight Crime<\/figcaption><\/figure>\n<\/div>\n\n\n<p class=\"wp-block-paragraph\"><span style=\"font-weight: 400;\">El 7 de febrero se cumpli\u00f3 un a\u00f1o desde la instalaci\u00f3n de la mesa de di\u00e1logo entre el ELN y el gobierno colombiano en Quito, Ecuador.<\/span> <span style=\"font-weight: 400;\">El 29 de enero de este a\u00f1o, el gobierno colombiano <\/span><a href=\"https:\/\/www.eltiempo.com\/politica\/gobierno\/santos-suspende-ciclo-de-dialogo-con-el-eln-176378\" target=\"_blank\" rel=\"noopener\"><span style=\"font-weight: 400;\">decidi\u00f3 suspender las negociaciones<\/span><\/a><span style=\"font-weight: 400;\"> de paz con esta organizaci\u00f3n, debido a una ola de ataques perpetrados por este grupo armado en distintas localidades de este pa\u00eds. <\/span><\/p>\n\n\n\n<p class=\"wp-block-paragraph\"><span style=\"font-weight: 400;\">Por otra parte, justamente cuando se conmemoraba un a\u00f1o del inicio de las negociaciones, un jefe del Frente de Guerra Occidental <\/span><a href=\"https:\/\/twitter.com\/UrielComandante\/status\/961197594939678720\"><span style=\"font-weight: 400;\">public\u00f3 un comunicado en Twitter<\/span><\/a><span style=\"font-weight: 400;\"> anunciando un paro armado nacional durante tres d\u00edas, y confirm\u00f3 con InSight Crime que la orden ven\u00eda directamente del Comando Central.<\/span><\/p>\n\n\n\n<h3 class=\"wp-block-heading\">An\u00e1lisis de InSight Crime<\/h3>\n\n\n\n<p class=\"wp-block-paragraph\"><span style=\"font-weight: 400;\">La presencia del ELN en Venezuela y sus <\/span><a href=\"https:\/\/es.insightcrime.org\/noticias\/noticias-del-dia\/los-8-ejercitos-criminales-que-sostienen-al-gobierno-de-maduro\/\" target=\"_blank\" rel=\"noopener\"><span style=\"font-weight: 400;\">v\u00ednculos con la administraci\u00f3n<\/span><\/a><span style=\"font-weight: 400;\"> de ese pa\u00eds no son algo nuevo. Desde hace varios a\u00f1os, el ELN ha llevado a cabo actividades criminales en Venezuela y ha utilizado al pa\u00eds como un refugio ante las acciones de las autoridades colombianas. Incluso se sabe que algunos de los l\u00edderes de esta guerrilla viven en Venezuela o tienen una importante presencia especialmente en los estados fronterizos, como Apure y T\u00e1chira.<\/span><\/p>\n\n\n\n<p class=\"wp-block-paragraph\"><span style=\"font-weight: 400;\">Sin embargo, estos nuevos hechos llaman la atenci\u00f3n debido a que se dan en un momento en que la situaci\u00f3n en la frontera colombo-venezolana es cada vez m\u00e1s compleja, por la masiva migraci\u00f3n de ciudadanos afectados por la crisis econ\u00f3mica y social de Venezuela, lo que la hace <\/span><a href=\"https:\/\/es.insightcrime.org\/noticias\/analisis\/cambios-en-la-dinamica-criminal-apuntan-un-violento-futuro-en-la-frontera-colombia-venezuela\/\" target=\"_blank\" rel=\"noopener\"><span style=\"font-weight: 400;\">m\u00e1s favorable para los grupos criminales<\/span><\/a><span style=\"font-weight: 400;\">. En este contexto, el ELN parece estar buscando un reacomodo que le permita ampliar la posibilidad de seguir usando el territorio venezolano para sus operaciones, y fortalecer su posici\u00f3n luego del colapso de los di\u00e1logos de paz con el gobierno de Colombia. <\/span><\/p>\n\n\n\n<p class=\"wp-block-paragraph\"><span style=\"color: #800000;\"><strong>VEA TAMBI\u00c9N: <\/strong><\/span><a href=\"https:\/\/es.insightcrime.org\/venezuela-crimen-organizado\/eln-en-venezuela\/\" target=\"_blank\" rel=\"noopener\"><span style=\"font-weight: 400;\">Perfil del ELN en Venezuela<\/span><\/a><\/p>\n\n\n\n<p class=\"wp-block-paragraph\"><span style=\"font-weight: 400;\">Adem\u00e1s la denuncia sobre la participaci\u00f3n del ELN en la repartici\u00f3n de las cajas de comida del gobierno de Venezuela ocurre una semana despu\u00e9s de que la administraci\u00f3n de Maduro<\/span><a href=\"https:\/\/es.insightcrime.org\/noticias\/analisis\/venezuela-nombra-protector-de-estado-fronterizo-con-colombia-a-funcionario-que-estuvo-vinculado-con-la-guerrilla\/\" target=\"_blank\" rel=\"noopener\"><span style=\"font-weight: 400;\"> nombr\u00f3 a Freddy Bernal<\/span><\/a><span style=\"font-weight: 400;\"> como \u201cprotector\u201d del estado de T\u00e1chira. Bernal es una figura del chavismo que ha tenido v\u00ednculos con grupos armados ilegales colombianos, y con grupos paramilitares pro gobierno conocidos como colectivos. Aunque no se ha presentado evidencia de que Bernal tenga v\u00ednculos con el ELN, sus antecedentes pol\u00edticos hacen pensar en esa posibilidad. <\/span><\/p>\n\n\n\n<p class=\"wp-block-paragraph\"><span style=\"font-weight: 400;\">De hecho, adem\u00e1s de ser protector de T\u00e1chira, Bernal est\u00e1 a cargo de la administraci\u00f3n y funcionamiento de los CLAP. Durante su gesti\u00f3n en este programa de repartici\u00f3n de comida se han reportado <\/span><a href=\"https:\/\/elestimulo.com\/climax\/comer-las-sobras-que-dejan-los-colectivos-en-catia\/\" target=\"_blank\" rel=\"noopener\"><span style=\"font-weight: 400;\">varias denuncias<\/span><\/a><span style=\"font-weight: 400;\"> sobre la participaci\u00f3n los colectivos en la <\/span><a href=\"https:\/\/globovision.com\/article\/ramos-allup-acusa-a-claps-y-colectivos-de-robarse-la-comida\" target=\"_blank\" rel=\"noopener\"><span style=\"font-weight: 400;\">distribuci\u00f3n selectiva<\/span><\/a><span style=\"font-weight: 400;\"> de estas cajas en algunas comunidades donde estos tienen el control territorial. Esto ha sido interpretado como un mecanismo de control social, en el que se utiliza a estos actores armados para asegurar el poder del r\u00e9gimen y el apoyo popular, mediante el suministro de los alimentos que escasean en los anaqueles de los supermercados de Venezuela.<\/span><\/p>\n\n\n\n<p class=\"wp-block-paragraph\"><strong><span style=\"color: #800000;\">VEA TAMBI\u00c9N: <\/span><\/strong><a href=\"https:\/\/es.insightcrime.org\/noticias\/analisis\/venezuela-nombra-protector-de-estado-fronterizo-con-colombia-a-funcionario-que-estuvo-vinculado-con-la-guerrilla\/\" target=\"_blank\" rel=\"noopener\">Venezuela nombra \u201cprotector\u201d de estado fronterizo con Colombia a funcionario que estuvo vinculado con la guerrilla<\/a><\/p>\n\n\n\n<p class=\"wp-block-paragraph\"><span style=\"font-weight: 400;\">Por lo tanto, tambi\u00e9n es posible que ahora el gobierno venezolano, que ha sido permisivo con el ELN, recurra a este grupo guerrillero como un aliado para llegar a territorios donde el Estado venezolano ha cedido sus funciones. As\u00ed, podr\u00eda recuperar cierta presencia en una zona fronteriza donde confluyen una serie de organizaciones armadas, cuya din\u00e1mica ha venido cambiando en los \u00faltimos meses por la migraci\u00f3n masiva y la desmovilizaci\u00f3n de las FARC. <\/span><\/p>\n","protected":false},"excerpt":{"rendered":"<p>El ELN estar\u00eda participando en la distribuci\u00f3n de cajas de comida del gobierno venezolano en estados fronterizos con Colombia, lo que podr\u00eda ser un intento de esta guerrilla por afianzar su presencia en Venezuela y fortalecer posibles nexos con la administraci\u00f3n de Nicol\u00e1s Maduro. Esto ocurre en un momento clave tanto para el futuro de esta guerrilla colombiana como para las din\u00e1micas criminales en la zona.<\/p>\n","protected":false},"author":775,"featured_media":78483,"comment_status":"closed","ping_status":"closed","sticky":false,"template":"","format":"standard","meta":{"newspack_ads_suppress_ads":false,"newspack_popups_has_disabled_popups":false,"newspack_sponsor_sponsorship_scope":"","newspack_sponsor_native_byline_display":"inherit","newspack_sponsor_native_category_display":"inherit","newspack_sponsor_underwriter_style":"inherit","newspack_sponsor_underwriter_placement":"inherit","_EventAllDay":false,"_EventTimezone":"","_EventStartDate":"","_EventEndDate":"","_EventStartDateUTC":"","_EventEndDateUTC":"","_EventShowMap":false,"_EventShowMapLink":false,"_EventURL":"","_EventCost":"","_EventCostDescription":"","_EventCurrencySymbol":"","_EventCurrencyCode":"","_EventCurrencyPosition":"","_EventDateTimeSeparator":"","_EventTimeRangeSeparator":"","_EventOrganizerID":[],"_EventVenueID":[],"_OrganizerEmail":"","_OrganizerPhone":"","_OrganizerWebsite":"","_VenueAddress":"","_VenueCity":"","_VenueCountry":"","_VenueProvince":"","_VenueState":"","_VenueZip":"","_VenuePhone":"","_VenueURL":"","_VenueStateProvince":"","_VenueLat":"","_VenueLng":"","_VenueShowMap":false,"_VenueShowMapLink":false,"_newspack_byline_active":false,"_newspack_byline":"","newspack_hide_updated_date":false,"newspack_show_updated_date":false,"newspack_featured_image_position":"","newspack_post_subtitle":"","newspack_article_summary_title":"Overview:","newspack_article_summary":"","_jetpack_memberships_contains_paid_content":false,"footnotes":""},"categories":[329],"tags":[627,570],"newspack_spnsrs_tax":[],"coauthors":[4646],"class_list":["post-78479","post","type-post","status-publish","format-standard","has-post-thumbnail","hentry","category-analysis","tag-eln","tag-venezuela","entry"],"parsely":{"version":"1.1.0","canonical_url":"https:\/\/insightcrime.org\/es\/news\/analysis\/denuncian-guerrilla-colombiana-distribuye-comida-gobierno-venezuela-en-la-frontera\/","smart_links":{"inbound":0,"outbound":0},"traffic_boost_suggestions_count":0,"meta":{"@context":"https:\/\/schema.org","@type":"NewsArticle","headline":"Denuncian que guerrilla colombiana distribuye comida del gobierno de Venezuela en la frontera","url":"http:\/\/insightcrime.org\/es\/news\/analysis\/denuncian-guerrilla-colombiana-distribuye-comida-gobierno-venezuela-en-la-frontera\/","mainEntityOfPage":{"@type":"WebPage","@id":"http:\/\/insightcrime.org\/es\/news\/analysis\/denuncian-guerrilla-colombiana-distribuye-comida-gobierno-venezuela-en-la-frontera\/"},"thumbnailUrl":"https:\/\/i0.wp.com\/insightcrime.org\/wp-content\/uploads\/2018\/02\/18-02-08-ELN-CLAP.jpg?resize=150%2C150&quality=100&ssl=1","image":{"@type":"ImageObject","url":"https:\/\/i0.wp.com\/insightcrime.org\/wp-content\/uploads\/2018\/02\/18-02-08-ELN-CLAP.jpg?fit=350%2C250&quality=100&ssl=1"},"articleSection":"Analysis","author":[{"@type":"Person","name":"Unidad Investigativa de Venezuela"}],"creator":["Unidad Investigativa de Venezuela"],"publisher":{"@type":"Organization","name":"InSight Crime","logo":"https:\/\/insightcrime.org\/wp-content\/uploads\/2023\/08\/logo.png"},"keywords":["eln","venezuela"],"dateCreated":"2018-02-08T21:52:29Z","datePublished":"2018-02-08T21:52:29Z","dateModified":"2025-08-19T01:45:23Z"},"rendered":"<meta name=\"parsely-title\" content=\"Denuncian que guerrilla colombiana distribuye comida del gobierno de Venezuela en la frontera\" \/>\n<meta name=\"parsely-link\" content=\"http:\/\/insightcrime.org\/es\/news\/analysis\/denuncian-guerrilla-colombiana-distribuye-comida-gobierno-venezuela-en-la-frontera\/\" \/>\n<meta name=\"parsely-type\" content=\"post\" \/>\n<meta name=\"parsely-image-url\" content=\"https:\/\/i0.wp.com\/insightcrime.org\/wp-content\/uploads\/2018\/02\/18-02-08-ELN-CLAP.jpg?resize=150%2C150&amp;quality=100&amp;ssl=1\" \/>\n<meta name=\"parsely-pub-date\" content=\"2018-02-08T21:52:29Z\" \/>\n<meta name=\"parsely-section\" content=\"Analysis\" \/>\n<meta name=\"parsely-tags\" content=\"eln,venezuela\" \/>\n<meta name=\"parsely-author\" content=\"Unidad Investigativa de Venezuela\" \/>","tracker_url":"https:\/\/cdn.parsely.com\/keys\/insightcrime.org\/p.js"},"jetpack_sharing_enabled":true,"jetpack-related-posts":[{"id":4986,"url":"https:\/\/insightcrime.org\/es\/noticias-crimen-organizado-venezuela\/eln-en-venezuela\/","url_meta":{"origin":78479,"position":0},"title":"Ej\u00e9rcito de Liberaci\u00f3n Nacional (ELN) en Venezuela","author":"InSight Crime","date":"13 de enero de 2026","format":false,"excerpt":"El ELN es hoy una guerrilla binacional y uno de los grupos m\u00e1s poderosos en Suram\u00e9rica","rel":"","context":"En \u00abVenezuela\u00bb","block_context":{"text":"Venezuela","link":"https:\/\/insightcrime.org\/es\/category\/noticias-crimen-organizado-venezuela\/"},"img":{"alt_text":"Ej\u00e9rcito de Liberaci\u00f3n Nacional (ELN) en Venezuela","src":"https:\/\/i0.wp.com\/insightcrime.org\/wp-content\/uploads\/2026\/07\/Grupo-Criminal-ELN-en-Venezuela-1.jpg?fit=1200%2C900&quality=100&ssl=1&resize=350%2C200","width":350,"height":200,"srcset":"https:\/\/i0.wp.com\/insightcrime.org\/wp-content\/uploads\/2026\/07\/Grupo-Criminal-ELN-en-Venezuela-1.jpg?fit=1200%2C900&quality=100&ssl=1&resize=350%2C200 1x, https:\/\/i0.wp.com\/insightcrime.org\/wp-content\/uploads\/2026\/07\/Grupo-Criminal-ELN-en-Venezuela-1.jpg?fit=1200%2C900&quality=100&ssl=1&resize=525%2C300 1.5x, https:\/\/i0.wp.com\/insightcrime.org\/wp-content\/uploads\/2026\/07\/Grupo-Criminal-ELN-en-Venezuela-1.jpg?fit=1200%2C900&quality=100&ssl=1&resize=700%2C400 2x, https:\/\/i0.wp.com\/insightcrime.org\/wp-content\/uploads\/2026\/07\/Grupo-Criminal-ELN-en-Venezuela-1.jpg?fit=1200%2C900&quality=100&ssl=1&resize=1050%2C600 3x"},"classes":[]},{"id":232728,"url":"https:\/\/insightcrime.org\/es\/noticias\/alianza-seguridad-colombia-venezuela-presionan-eln\/","url_meta":{"origin":78479,"position":1},"title":"Alianza de seguridad entre Colombia y Venezuela presiona al ELN","author":"Juan Diego Posada","date":"2 de mayo de 2023","format":false,"excerpt":"A ocho meses de la presidencia de Gustavo Petro, la nueva pol\u00edtica de seguridad de Colombia resalta el papel de Venezuela en la derrota de los grupos criminales binacionales que operan en ambos pa\u00edses.","rel":"","context":"En \u00abNoticias\u00bb","block_context":{"text":"Noticias","link":"https:\/\/insightcrime.org\/es\/category\/noticias\/"},"img":{"alt_text":"Gustavo Petro y Nicol\u00e1s Maduro caminan en el Palacio de Miraflores","src":"https:\/\/i0.wp.com\/insightcrime.org\/wp-content\/uploads\/2023\/09\/Petro-y-Maduro.jpg?fit=350%2C250&quality=100&ssl=1&resize=350%2C200","width":350,"height":200},"classes":[]},{"id":4985,"url":"https:\/\/insightcrime.org\/es\/venezuela-organized-crime-news\/bacrim-venezuela\/","url_meta":{"origin":78479,"position":2},"title":"BACRIM en Venezuela","author":"InSight Crime","date":"15 de febrero de 2023","format":false,"excerpt":"Varios remanentes de las Autodefensas Unidas de Colombia (AUC), conocidos en conjunto como bandas criminales (BACRIM), expandieron su presencia a Venezuela.","rel":"","context":"En \u00abVenezuela\u00bb","block_context":{"text":"Venezuela","link":"https:\/\/insightcrime.org\/category\/venezuela-organized-crime-news\/"},"img":{"alt_text":"Grupo criminal BACRIM, Venezuela.","src":"https:\/\/i0.wp.com\/insightcrime.org\/wp-content\/uploads\/2026\/08\/Grupo-Criminal-BACRIM-en-Venezuela.jpg?fit=1200%2C900&quality=100&ssl=1&resize=350%2C200","width":350,"height":200,"srcset":"https:\/\/i0.wp.com\/insightcrime.org\/wp-content\/uploads\/2026\/08\/Grupo-Criminal-BACRIM-en-Venezuela.jpg?fit=1200%2C900&quality=100&ssl=1&resize=350%2C200 1x, https:\/\/i0.wp.com\/insightcrime.org\/wp-content\/uploads\/2026\/08\/Grupo-Criminal-BACRIM-en-Venezuela.jpg?fit=1200%2C900&quality=100&ssl=1&resize=525%2C300 1.5x, https:\/\/i0.wp.com\/insightcrime.org\/wp-content\/uploads\/2026\/08\/Grupo-Criminal-BACRIM-en-Venezuela.jpg?fit=1200%2C900&quality=100&ssl=1&resize=700%2C400 2x, https:\/\/i0.wp.com\/insightcrime.org\/wp-content\/uploads\/2026\/08\/Grupo-Criminal-BACRIM-en-Venezuela.jpg?fit=1200%2C900&quality=100&ssl=1&resize=1050%2C600 3x"},"classes":[]},{"id":200655,"url":"https:\/\/insightcrime.org\/es\/noticias\/grupos-binacionales-reto-criminal-procesos-paz-insight-crime\/","url_meta":{"origin":78479,"position":3},"title":"Los grupos binacionales, un reto criminal para los procesos de paz: panel de InSight Crime","author":"Juan Diego Posada","date":"3 de octubre de 2022","format":false,"excerpt":"Los grupos guerrilleros de Colombia ya no usan a Venezuela como un escondite conveniente de las fuerzas armadas de su pa\u00eds. En cambio, ahora est\u00e1n profundamente arraigados en Venezuela, social, pol\u00edtica y econ\u00f3micamente, y son grupos guerrilleros verdaderamente binacionales.","rel":"","context":"En \u00abNoticias\u00bb","block_context":{"text":"Noticias","link":"https:\/\/insightcrime.org\/es\/category\/noticias\/"},"img":{"alt_text":"Varios expertos en crimen organizado conversando sobre los grupos criminales binacionales","src":"https:\/\/i0.wp.com\/insightcrime.org\/wp-content\/uploads\/2022\/10\/Panel-guerrillas-binacionales-1.jpg?fit=368%2C250&quality=100&ssl=1&resize=350%2C200","width":350,"height":200},"classes":[]},{"id":233348,"url":"https:\/\/insightcrime.org\/es\/noticias-crimen-organizado-colombia\/eln-colombia\/","url_meta":{"origin":78479,"position":4},"title":"Ej\u00e9rcito de Liberaci\u00f3n Nacional (ELN)","author":"InSight Crime","date":"12 de agosto de 2026","format":false,"excerpt":"Ej\u00e9rcito de Liberaci\u00f3n Nacional (ELN): qui\u00e9nes lo lideran, d\u00f3nde opera y c\u00f3mo se financia. Perfil completo y actualizado en 2026.","rel":"","context":"En \u00abColombia\u00bb","block_context":{"text":"Colombia","link":"https:\/\/insightcrime.org\/es\/category\/noticias-crimen-organizado-colombia\/"},"img":{"alt_text":"Ej\u00e9rcito de Liberaci\u00f3n Nacional (ELN), Colombia.","src":"https:\/\/i0.wp.com\/insightcrime.org\/wp-content\/uploads\/2026\/07\/Grupo-Criminal-ELN.jpg?fit=1200%2C900&quality=100&ssl=1&resize=350%2C200","width":350,"height":200,"srcset":"https:\/\/i0.wp.com\/insightcrime.org\/wp-content\/uploads\/2026\/07\/Grupo-Criminal-ELN.jpg?fit=1200%2C900&quality=100&ssl=1&resize=350%2C200 1x, https:\/\/i0.wp.com\/insightcrime.org\/wp-content\/uploads\/2026\/07\/Grupo-Criminal-ELN.jpg?fit=1200%2C900&quality=100&ssl=1&resize=525%2C300 1.5x, https:\/\/i0.wp.com\/insightcrime.org\/wp-content\/uploads\/2026\/07\/Grupo-Criminal-ELN.jpg?fit=1200%2C900&quality=100&ssl=1&resize=700%2C400 2x, https:\/\/i0.wp.com\/insightcrime.org\/wp-content\/uploads\/2026\/07\/Grupo-Criminal-ELN.jpg?fit=1200%2C900&quality=100&ssl=1&resize=1050%2C600 3x"},"classes":[]},{"id":292387,"url":"https:\/\/insightcrime.org\/es\/noticias\/atentado-eln-destruye-posibilidades-paz-mientras-guerrilla-fortalece\/","url_meta":{"origin":78479,"position":5},"title":"Atentado del ELN destruye las posibilidades de paz mientras la guerrilla se fortalece","author":"Henry Shuldiner","date":"18 de septiembre de 2024","format":false,"excerpt":"El gobierno de Colombia ha puesto fin a las conversaciones de paz con el principal grupo guerrillero del pa\u00eds, tras un ataque contra una base militar, extinguiendo las perspectivas de llegar a un acuerdo con el grupo y dej\u00e1ndolo m\u00e1s fuerte que cuando se iniciaron las negociaciones.","rel":"","context":"En \u00abNoticias\u00bb","block_context":{"text":"Noticias","link":"https:\/\/insightcrime.org\/es\/category\/noticias\/"},"img":{"alt_text":"ELN Guerrillas attacked a military base in Puerto Jord\u00e1n, Arauca, launching explosives from a dump truck.","src":"https:\/\/i0.wp.com\/insightcrime.org\/wp-content\/uploads\/2024\/09\/24-09-18-Colombia-ELN-Arauca-Ejercito-11.jpg?fit=350%2C250&quality=100&ssl=1&resize=350%2C200","width":350,"height":200},"classes":[]}],"jetpack_featured_media_url":"https:\/\/i0.wp.com\/insightcrime.org\/wp-content\/uploads\/2018\/02\/18-02-08-ELN-CLAP.jpg?fit=350%2C250&quality=100&ssl=1","_links":{"self":[{"href":"https:\/\/insightcrime.org\/es\/wp-json\/wp\/v2\/posts\/78479","targetHints":{"allow":["GET"]}}],"collection":[{"href":"https:\/\/insightcrime.org\/es\/wp-json\/wp\/v2\/posts"}],"about":[{"href":"https:\/\/insightcrime.org\/es\/wp-json\/wp\/v2\/types\/post"}],"author":[{"embeddable":true,"href":"https:\/\/insightcrime.org\/es\/wp-json\/wp\/v2\/users\/775"}],"replies":[{"embeddable":true,"href":"https:\/\/insightcrime.org\/es\/wp-json\/wp\/v2\/comments?post=78479"}],"version-history":[{"count":4,"href":"https:\/\/insightcrime.org\/es\/wp-json\/wp\/v2\/posts\/78479\/revisions"}],"predecessor-version":[{"id":308339,"href":"https:\/\/insightcrime.org\/es\/wp-json\/wp\/v2\/posts\/78479\/revisions\/308339"}],"wp:featuredmedia":[{"embeddable":true,"href":"https:\/\/insightcrime.org\/es\/wp-json\/wp\/v2\/media\/78483"}],"wp:attachment":[{"href":"https:\/\/insightcrime.org\/es\/wp-json\/wp\/v2\/media?parent=78479"}],"wp:term":[{"taxonomy":"category","embeddable":true,"href":"https:\/\/insightcrime.org\/es\/wp-json\/wp\/v2\/categories?post=78479"},{"taxonomy":"post_tag","embeddable":true,"href":"https:\/\/insightcrime.org\/es\/wp-json\/wp\/v2\/tags?post=78479"},{"taxonomy":"newspack_spnsrs_tax","embeddable":true,"href":"https:\/\/insightcrime.org\/es\/wp-json\/wp\/v2\/newspack_spnsrs_tax?post=78479"},{"taxonomy":"author","embeddable":true,"href":"https:\/\/insightcrime.org\/es\/wp-json\/wp\/v2\/coauthors?post=78479"}],"curies":[{"name":"wp","href":"https:\/\/api.w.org\/{rel}","templated":true}]}}