{"id":7875,"date":"2015-05-19T20:17:39","date_gmt":"2017-03-28T00:09:01","guid":{"rendered":"http:\/\/newwp.insightcrime.org?p=7875"},"modified":"2023-04-24T15:45:58","modified_gmt":"2023-04-24T20:45:58","slug":"guerrilleros-farc-entrenan-carteles-mexicanos","status":"publish","type":"post","link":"https:\/\/insightcrime.org\/es\/noticias\/noticias-del-dia\/guerrilleros-farc-entrenan-carteles-mexicanos\/","title":{"rendered":"\u00bfGuerrilleros de las FARC entrenan carteles mexicanos?"},"content":{"rendered":"\n<p class=\"wp-block-paragraph\">Dos agentes de inteligencia estadounidenses le habr\u00edan dicho a un diario mexicano que miembros del CJNG recibieron entrenamiento de guerrilleros colombianos; una acusaci\u00f3n que, de ser cierta, podr\u00eda tener repercusiones significativas sobre la potencial participaci\u00f3n de los guerrilleros en actividades criminales, en caso de que se firme un acuerdo de paz.<\/p>\n\n\n\n<p class=\"wp-block-paragraph\">Funcionarios gubernamentales no identificados presuntamente <a href=\"https:\/\/www.proceso.com.mx\/?p=404484\" target=\"_blank\">le dijeron a Proceso<\/a> que algunos informes de inteligencia de Estados Unidos indican que en los \u00faltimos meses las Fuerzas Armadas Revolucionarias de Colombia (FARC) han proporcionado entrenamiento al Cartel de Jalisco Nueva Generaci\u00f3n (CJNG) y a su cercano aliado Los Cuinis en zonas remotas de la selva colombiana.<\/p>\n\n\n\n<p class=\"wp-block-paragraph\">\u201cLos informes que obtuvimos en Colombia se\u00f1alan que jefes de grupo y varios jefes del escalaf\u00f3n de mando del CJNG y de Los Cuinis fueron adiestrados por las FARC en t\u00e1cticas de asalto a militares\u201d, dijo un funcionario citado por el diario.<\/p>\n\n\n\n<p class=\"wp-block-paragraph\">Otro funcionario de inteligencia habr\u00eda declarado que el n\u00famero de miembros del cartel que fueron entrenados por las FARC es de \u201calgunas decenas, no m\u00e1s de 50 individuos, tal vez\u201d.<\/p>\n\n\n\n<p class=\"wp-block-paragraph\">Estos informes llegan en un momento oportuno, considerando que el CJNG <a href=\"\/noticias\/noticias-del-dia\/desafiar-estado-pesima-estrategia-cartel-de-jalisco\" target=\"_blank\">derrib\u00f3 recientemente un helic\u00f3ptero militar<\/a> utilizando un lanzagranadas con propulsi\u00f3n por cohete (RPG por sus iniciales en ingl\u00e9s), un ataque <a href=\"https:\/\/www.ticotimes.net\/2015\/05\/07\/death-toll-in-mexico-drug-cartels-attack-on-chopper-rises-to-eight\" target=\"_blank\">que acab\u00f3 con la vida de ocho soldados<\/a> y polic\u00edas mexicanos.<\/p>\n\n\n\n<h3 class=\"wp-block-heading\">An\u00e1lisis de InSight Crime<\/h3>\n\n\n\n<p class=\"wp-block-paragraph\">Si los informes que se\u00f1alan que guerrilleros de las FARC estar\u00edan entrenando a carteles mexicanos resultan ser ciertos, es poco probable que estas acciones hayan sido aprobadas por el comando central del grupo guerrillero, conocido como el Secretariado. Sin embargo, existen precedentes de miembros del Secretariado que han establecido v\u00ednculos con los carteles mexicanos. V\u00edctor Julio Su\u00e1rez Rojas, alias \u201cMono Jojoy\u201d, el m\u00e1ximo comandante militar de las FARC (muerto en 2010), habr\u00eda ordenado a un m\u00e9dico de las FARC <a href=\"\/investigaciones\/actividades-criminales-farc-y-ganancias-de-la-guerrilla\" target=\"_blank\">establecer contacto<\/a> con el Cartel de Tijuana en el a\u00f1o 2000. Aun as\u00ed, hay pocos ejemplos de otros l\u00edderes de las FARC que hayan aceptado trabajar con carteles mexicanos, y ello es particularmente improbable bajo el clima pol\u00edtico actual de Colombia.<\/p>\n\n\n\n<p class=\"wp-block-paragraph\"><strong><span style=\"color: #800000\">VEA TAMBI\u00c9N:<\/span><\/strong> <a href=\"\/noticias-sobre-crimen-organizado-en-colombia\/farc\" target=\"_blank\">Noticias y perfiles de las FARC<\/a><\/p>\n\n\n\n<p class=\"wp-block-paragraph\">Las FARC han estado adelantando conversaciones de paz con el gobierno colombiano durante m\u00e1s de dos a\u00f1os, y es poco probable que el Secretariado haya aprobado alg\u00fan contacto con los carteles mexicanos, una acci\u00f3n que podr\u00eda generar el rechazo del Estado y la comunidad internacional. El proceso de paz sufri\u00f3 un duro rev\u00e9s tras <a href=\"\/noticias\/analisis\/sangriento-ataque-contra-policia-mexico-hace-cartel-jalisco-llame-mas-atencion-autoridades\" target=\"_blank\">el asesinato de 11 soldados<\/a> a manos de una columna m\u00f3vil de las FARC en abril de este a\u00f1o, y el comando central de la guerrilla seguramente enfrentar\u00e1 a\u00fan m\u00e1s cr\u00edticas si se descubre que aprob\u00f3 el entrenamiento de carteles narcotraficantes mexicanos.<\/p>\n\n\n\n<p class=\"wp-block-paragraph\">Lo anterior plantea la posibilidad de que comandantes de bajo nivel de las FARC hayan estado organizando sesiones de capacitaci\u00f3n para el CJNG sin el consentimiento del Secretariado, lo cual ser\u00eda preocupante, <a href=\"\/investigaciones\/farc-paz-y-posible-criminalizacion\" target=\"_blank\">dado el potencial de criminalizaci\u00f3n <\/a>de algunas unidades de las FARC en un contexto de posconflicto. En una situaci\u00f3n hipot\u00e9tica, elementos rebeldes de las FARC trabajar\u00edan directamente con los carteles mexicanos, eliminando al intermediario (actualmente los grupos neoparamilitares de Colombia, conocidos como Bacrim) en el comercio regional de coca\u00edna, lo cual generar\u00eda mayores beneficios para la guerrilla y los carteles.<\/p>\n","protected":false},"excerpt":{"rendered":"<p>Dos agentes de inteligencia estadounidenses le habr\u00edan dicho a un diario mexicano que miembros del CJNG recibieron entrenamiento de guerrilleros colombianos; una acusaci\u00f3n que, de ser cierta, podr\u00eda tener repercusiones significativas sobre la potencial participaci\u00f3n de los guerrilleros en actividades criminales, en caso de que se firme un acuerdo de paz.<\/p>\n","protected":false},"author":36,"featured_media":42577,"comment_status":"closed","ping_status":"closed","sticky":false,"template":"","format":"standard","meta":{"newspack_ads_suppress_ads":false,"newspack_popups_has_disabled_popups":false,"newspack_sponsor_sponsorship_scope":"","newspack_sponsor_native_byline_display":"inherit","newspack_sponsor_native_category_display":"inherit","newspack_sponsor_underwriter_style":"inherit","newspack_sponsor_underwriter_placement":"inherit","_EventAllDay":false,"_EventTimezone":"","_EventStartDate":"","_EventEndDate":"","_EventStartDateUTC":"","_EventEndDateUTC":"","_EventShowMap":false,"_EventShowMapLink":false,"_EventURL":"","_EventCost":"","_EventCostDescription":"","_EventCurrencySymbol":"","_EventCurrencyCode":"","_EventCurrencyPosition":"","_EventDateTimeSeparator":"","_EventTimeRangeSeparator":"","_EventOrganizerID":[],"_EventVenueID":[],"_OrganizerEmail":"","_OrganizerPhone":"","_OrganizerWebsite":"","_VenueAddress":"","_VenueCity":"","_VenueCountry":"","_VenueProvince":"","_VenueState":"","_VenueZip":"","_VenuePhone":"","_VenueURL":"","_VenueStateProvince":"","_VenueLat":"","_VenueLng":"","_VenueShowMap":false,"_VenueShowMapLink":false,"_newspack_byline_active":false,"_newspack_byline":"","newspack_hide_updated_date":false,"newspack_show_updated_date":false,"newspack_featured_image_position":"","newspack_post_subtitle":"","newspack_article_summary_title":"Overview:","newspack_article_summary":"","_jetpack_memberships_contains_paid_content":false,"footnotes":""},"categories":[334],"tags":[483,368,1542,475],"newspack_spnsrs_tax":[],"coauthors":[3924],"class_list":["post-7875","post","type-post","status-publish","format-standard","has-post-thumbnail","hentry","category-noticias-del-dia","tag-cartel-de-jalisco","tag-colombia-pais","tag-farc-ep","tag-paz-con-las-farc","entry"],"parsely":{"version":"1.1.0","canonical_url":"https:\/\/insightcrime.org\/es\/noticias\/noticias-del-dia\/guerrilleros-farc-entrenan-carteles-mexicanos\/","smart_links":{"inbound":0,"outbound":0},"traffic_boost_suggestions_count":0,"meta":{"@context":"https:\/\/schema.org","@type":"NewsArticle","headline":"\u00bfGuerrilleros de las FARC entrenan carteles mexicanos?","url":"http:\/\/insightcrime.org\/es\/noticias\/noticias-del-dia\/guerrilleros-farc-entrenan-carteles-mexicanos\/","mainEntityOfPage":{"@type":"WebPage","@id":"http:\/\/insightcrime.org\/es\/noticias\/noticias-del-dia\/guerrilleros-farc-entrenan-carteles-mexicanos\/"},"thumbnailUrl":"https:\/\/i0.wp.com\/insightcrime.org\/wp-content\/uploads\/2015\/05\/es-15-05-18-Colombia-FARC-JaliscoCartel.jpg?resize=150%2C150&quality=100&ssl=1","image":{"@type":"ImageObject","url":"https:\/\/i0.wp.com\/insightcrime.org\/wp-content\/uploads\/2015\/05\/es-15-05-18-Colombia-FARC-JaliscoCartel.jpg?fit=250%2C175&quality=100&ssl=1"},"articleSection":"Noticias del d\u00eda","author":[{"@type":"Person","name":"David Gagne"}],"creator":["David Gagne"],"publisher":{"@type":"Organization","name":"InSight Crime","logo":"https:\/\/insightcrime.org\/wp-content\/uploads\/2023\/08\/logo.png"},"keywords":["cartel de jalisco","colombia","farc","paz farc"],"dateCreated":"2017-03-28T00:09:01Z","datePublished":"2017-03-28T00:09:01Z","dateModified":"2023-04-24T20:45:58Z"},"rendered":"<meta name=\"parsely-title\" content=\"\u00bfGuerrilleros de las FARC entrenan carteles mexicanos?\" \/>\n<meta name=\"parsely-link\" content=\"http:\/\/insightcrime.org\/es\/noticias\/noticias-del-dia\/guerrilleros-farc-entrenan-carteles-mexicanos\/\" \/>\n<meta name=\"parsely-type\" content=\"post\" \/>\n<meta name=\"parsely-image-url\" content=\"https:\/\/i0.wp.com\/insightcrime.org\/wp-content\/uploads\/2015\/05\/es-15-05-18-Colombia-FARC-JaliscoCartel.jpg?resize=150%2C150&amp;quality=100&amp;ssl=1\" \/>\n<meta name=\"parsely-pub-date\" content=\"2017-03-28T00:09:01Z\" \/>\n<meta name=\"parsely-section\" content=\"Noticias del d\u00eda\" \/>\n<meta name=\"parsely-tags\" content=\"cartel de jalisco,colombia,farc,paz farc\" \/>\n<meta name=\"parsely-author\" content=\"David Gagne\" \/>","tracker_url":"https:\/\/cdn.parsely.com\/keys\/insightcrime.org\/p.js"},"jetpack_sharing_enabled":true,"jetpack-related-posts":[{"id":182338,"url":"https:\/\/insightcrime.org\/es\/noticias\/cali-nuevo-centro-operaciones-carteles-mexicanos-colombia\/","url_meta":{"origin":7875,"position":0},"title":"\u00bfEs Cali un nuevo centro de operaciones de los carteles mexicanos en Colombia?","author":"Gabrielle Gorder","date":"13 de abril de 2022","format":false,"excerpt":"Hasta d\u00f3nde llega la presencia activa de los carteles mexicanos en Colombia, m\u00e1s all\u00e1 de la intermediaci\u00f3n para negociar la compra de drogas, volvi\u00f3 a ser tema de debate luego de la captura de un presunto alto emisario del Cartel de Sinaloa.","rel":"","context":"En \u00abNoticias\u00bb","block_context":{"text":"Noticias","link":"https:\/\/insightcrime.org\/es\/category\/noticias\/"},"img":{"alt_text":"","src":"https:\/\/i0.wp.com\/insightcrime.org\/wp-content\/uploads\/2022\/04\/2022-04-13-Alias-Pitt-Cali.jpeg?fit=350%2C250&quality=100&ssl=1&resize=350%2C200","width":350,"height":200},"classes":[]},{"id":335327,"url":"https:\/\/insightcrime.org\/es\/noticias\/caida-el-mencho-mexico-no-frenara-flujo-cocaina-america-latina\/","url_meta":{"origin":7875,"position":1},"title":"La ca\u00edda de \u2018El Mencho\u2019 en M\u00e9xico no frenar\u00e1 el flujo de coca\u00edna en Am\u00e9rica Latina","author":"Sara Garcia","date":"3 de marzo de 2026","format":false,"excerpt":"La muerte de Nemesio Oseguera Cervantes, alias \u201cEl Mencho\u201d, l\u00edder del Cartel de Jalisco Nueva Generaci\u00f3n (CJNG), en M\u00e9xico ha generado interrogantes sobre el futuro del comercio regional de coca\u00edna, pero una red de alianzas estrat\u00e9gicas sugiere que su muerte dif\u00edcilmente interrumpir\u00e1 el flujo de coca\u00edna hacia Centroam\u00e9rica y Estados\u2026","rel":"","context":"En \u00abNoticias\u00bb","block_context":{"text":"Noticias","link":"https:\/\/insightcrime.org\/es\/category\/noticias\/"},"img":{"alt_text":"","src":"https:\/\/i0.wp.com\/insightcrime.org\/wp-content\/uploads\/2026\/03\/Flagship-Featured-Image-Impactos-de-la-muerte-del-Mencho-a-nivel-regional-InSightCrime-Mar-2026.jpg?fit=1200%2C675&quality=100&ssl=1&resize=350%2C200","width":350,"height":200,"srcset":"https:\/\/i0.wp.com\/insightcrime.org\/wp-content\/uploads\/2026\/03\/Flagship-Featured-Image-Impactos-de-la-muerte-del-Mencho-a-nivel-regional-InSightCrime-Mar-2026.jpg?fit=1200%2C675&quality=100&ssl=1&resize=350%2C200 1x, https:\/\/i0.wp.com\/insightcrime.org\/wp-content\/uploads\/2026\/03\/Flagship-Featured-Image-Impactos-de-la-muerte-del-Mencho-a-nivel-regional-InSightCrime-Mar-2026.jpg?fit=1200%2C675&quality=100&ssl=1&resize=525%2C300 1.5x, https:\/\/i0.wp.com\/insightcrime.org\/wp-content\/uploads\/2026\/03\/Flagship-Featured-Image-Impactos-de-la-muerte-del-Mencho-a-nivel-regional-InSightCrime-Mar-2026.jpg?fit=1200%2C675&quality=100&ssl=1&resize=700%2C400 2x, https:\/\/i0.wp.com\/insightcrime.org\/wp-content\/uploads\/2026\/03\/Flagship-Featured-Image-Impactos-de-la-muerte-del-Mencho-a-nivel-regional-InSightCrime-Mar-2026.jpg?fit=1200%2C675&quality=100&ssl=1&resize=1050%2C600 3x"},"classes":[]},{"id":101573,"url":"https:\/\/insightcrime.org\/es\/noticias-crimen-organizado-colombia\/seuxis-pausias-hernandez-alias-jesus-santrich\/","url_meta":{"origin":7875,"position":2},"title":"Seuxis Paus\u00edas Hern\u00e1ndez, alias &#8216;Jes\u00fas Santrich&#8217;","author":"InSight Crime","date":"18 de mayo de 2021","format":false,"excerpt":"Seuxis Paus\u00edas Hern\u00e1ndez Solarte, alias \u201cJes\u00fas Santrich\u201d, es un excomandante insurgente que se ha rearmado como parte de un nuevo ej\u00e9rcito disidente conformado por exjefes de las Fuerzas Armadas Revolucionarias de Colombia (FARC).","rel":"","context":"En \u00abColombia\u00bb","block_context":{"text":"Colombia","link":"https:\/\/insightcrime.org\/es\/category\/noticias-crimen-organizado-colombia\/"},"img":{"alt_text":"Perfil criminal - Seuxis Paus\u00edas Hern\u00e1ndez, alias 'Jes\u00fas Santrich' - Colombia.","src":"https:\/\/i0.wp.com\/insightcrime.org\/wp-content\/uploads\/2026\/08\/Perfil-Criminal-Jesus-Santrich-Colombia.jpg?fit=1200%2C900&quality=100&ssl=1&resize=350%2C200","width":350,"height":200,"srcset":"https:\/\/i0.wp.com\/insightcrime.org\/wp-content\/uploads\/2026\/08\/Perfil-Criminal-Jesus-Santrich-Colombia.jpg?fit=1200%2C900&quality=100&ssl=1&resize=350%2C200 1x, https:\/\/i0.wp.com\/insightcrime.org\/wp-content\/uploads\/2026\/08\/Perfil-Criminal-Jesus-Santrich-Colombia.jpg?fit=1200%2C900&quality=100&ssl=1&resize=525%2C300 1.5x, https:\/\/i0.wp.com\/insightcrime.org\/wp-content\/uploads\/2026\/08\/Perfil-Criminal-Jesus-Santrich-Colombia.jpg?fit=1200%2C900&quality=100&ssl=1&resize=700%2C400 2x, https:\/\/i0.wp.com\/insightcrime.org\/wp-content\/uploads\/2026\/08\/Perfil-Criminal-Jesus-Santrich-Colombia.jpg?fit=1200%2C900&quality=100&ssl=1&resize=1050%2C600 3x"},"classes":[]},{"id":168308,"url":"https:\/\/insightcrime.org\/es\/investigaciones\/invitacion-guerra-venezuela\/","url_meta":{"origin":7875,"position":3},"title":"La invitaci\u00f3n a la guerra en Venezuela","author":"Unidad Investigativa de Venezuela","date":"13 de octubre de 2021","format":false,"excerpt":"En las fotos se ve\u00edan cinco cad\u00e1veres tendidos en el suelo, cada uno con una mano extendida, cerca de la cual hab\u00eda una pistola o una granada. El informe oficial indicaba que se trataba de guerrilleros que murieron en combate con las fuerzas de seguridad.","rel":"","context":"En \u00abInvestigaciones\u00bb","block_context":{"text":"Investigaciones","link":"https:\/\/insightcrime.org\/es\/category\/investigaciones\/"},"img":{"alt_text":"","src":"https:\/\/i0.wp.com\/insightcrime.org\/wp-content\/uploads\/2021\/10\/1-Inviting-War-into-Venezuela.jpg?fit=1200%2C450&quality=100&ssl=1&resize=350%2C200","width":350,"height":200,"srcset":"https:\/\/i0.wp.com\/insightcrime.org\/wp-content\/uploads\/2021\/10\/1-Inviting-War-into-Venezuela.jpg?fit=1200%2C450&quality=100&ssl=1&resize=350%2C200 1x, https:\/\/i0.wp.com\/insightcrime.org\/wp-content\/uploads\/2021\/10\/1-Inviting-War-into-Venezuela.jpg?fit=1200%2C450&quality=100&ssl=1&resize=525%2C300 1.5x, https:\/\/i0.wp.com\/insightcrime.org\/wp-content\/uploads\/2021\/10\/1-Inviting-War-into-Venezuela.jpg?fit=1200%2C450&quality=100&ssl=1&resize=700%2C400 2x, https:\/\/i0.wp.com\/insightcrime.org\/wp-content\/uploads\/2021\/10\/1-Inviting-War-into-Venezuela.jpg?fit=1200%2C450&quality=100&ssl=1&resize=1050%2C600 3x"},"classes":[]},{"id":199205,"url":"https:\/\/insightcrime.org\/es\/investigaciones\/rebeldes-paramilitares-guerrilla-colombiana-venezuela\/","url_meta":{"origin":7875,"position":4},"title":"Rebeldes y paramilitares: la guerrilla colombiana en Venezuela","author":"Unidad Investigativa de Venezuela","date":"3 de octubre de 2022","format":false,"excerpt":"Los estados venezolanos fronterizos con Colombia han sufrido destrucci\u00f3n de una guerra que pasaron medio siglo observando desde lejos.","rel":"","context":"En \u00abInvestigaciones\u00bb","block_context":{"text":"Investigaciones","link":"https:\/\/insightcrime.org\/es\/category\/investigaciones\/"},"img":{"alt_text":"The ELN and other Colombian guerrilla groups have found a new home in Venezuela, making them binational groups.","src":"https:\/\/i0.wp.com\/insightcrime.org\/wp-content\/uploads\/2022\/10\/Venezuela-Guerrillas-Cover-Capitulo-1.png?fit=1200%2C438&quality=100&ssl=1&resize=350%2C200","width":350,"height":200,"srcset":"https:\/\/i0.wp.com\/insightcrime.org\/wp-content\/uploads\/2022\/10\/Venezuela-Guerrillas-Cover-Capitulo-1.png?fit=1200%2C438&quality=100&ssl=1&resize=350%2C200 1x, https:\/\/i0.wp.com\/insightcrime.org\/wp-content\/uploads\/2022\/10\/Venezuela-Guerrillas-Cover-Capitulo-1.png?fit=1200%2C438&quality=100&ssl=1&resize=525%2C300 1.5x, https:\/\/i0.wp.com\/insightcrime.org\/wp-content\/uploads\/2022\/10\/Venezuela-Guerrillas-Cover-Capitulo-1.png?fit=1200%2C438&quality=100&ssl=1&resize=700%2C400 2x, https:\/\/i0.wp.com\/insightcrime.org\/wp-content\/uploads\/2022\/10\/Venezuela-Guerrillas-Cover-Capitulo-1.png?fit=1200%2C438&quality=100&ssl=1&resize=1050%2C600 3x"},"classes":[]},{"id":334626,"url":"https:\/\/insightcrime.org\/es\/investigaciones\/camaraderia-narcotrafico-guerrillas-colombianas-venezuela\/","url_meta":{"origin":7875,"position":5},"title":"Camarader\u00eda y narcotr\u00e1fico: las guerrillas colombianas en Venezuela","author":"Unidad Investigativa de Venezuela","date":"25 de febrero de 2026","format":false,"excerpt":"El ELN, en cooperaci\u00f3n con autoridades venezolanas, ha utilizado diversas t\u00e1cticas para consolidar su dominio en la frontera entre Colombia y Venezuela, atravesada por innumerables corredores de narcotr\u00e1fico, una econom\u00eda ilegal que ha financiado tanto a altos funcionarios del r\u00e9gimen como a las guerrillas.","rel":"","context":"En \u00abInvestigaciones\u00bb","block_context":{"text":"Investigaciones","link":"https:\/\/insightcrime.org\/es\/category\/investigaciones\/"},"img":{"alt_text":"","src":"https:\/\/i0.wp.com\/insightcrime.org\/wp-content\/uploads\/2026\/02\/Cartel-of-the-Suns-Cover-4-Weapons-and-Cocaine-The-Military-Guerrilla-Link-InSightCrime-Jan-2026.jpg?fit=1200%2C690&quality=100&ssl=1&resize=350%2C200","width":350,"height":200,"srcset":"https:\/\/i0.wp.com\/insightcrime.org\/wp-content\/uploads\/2026\/02\/Cartel-of-the-Suns-Cover-4-Weapons-and-Cocaine-The-Military-Guerrilla-Link-InSightCrime-Jan-2026.jpg?fit=1200%2C690&quality=100&ssl=1&resize=350%2C200 1x, https:\/\/i0.wp.com\/insightcrime.org\/wp-content\/uploads\/2026\/02\/Cartel-of-the-Suns-Cover-4-Weapons-and-Cocaine-The-Military-Guerrilla-Link-InSightCrime-Jan-2026.jpg?fit=1200%2C690&quality=100&ssl=1&resize=525%2C300 1.5x, https:\/\/i0.wp.com\/insightcrime.org\/wp-content\/uploads\/2026\/02\/Cartel-of-the-Suns-Cover-4-Weapons-and-Cocaine-The-Military-Guerrilla-Link-InSightCrime-Jan-2026.jpg?fit=1200%2C690&quality=100&ssl=1&resize=700%2C400 2x, https:\/\/i0.wp.com\/insightcrime.org\/wp-content\/uploads\/2026\/02\/Cartel-of-the-Suns-Cover-4-Weapons-and-Cocaine-The-Military-Guerrilla-Link-InSightCrime-Jan-2026.jpg?fit=1200%2C690&quality=100&ssl=1&resize=1050%2C600 3x"},"classes":[]}],"jetpack_featured_media_url":"https:\/\/i0.wp.com\/insightcrime.org\/wp-content\/uploads\/2015\/05\/es-15-05-18-Colombia-FARC-JaliscoCartel.jpg?fit=250%2C175&quality=100&ssl=1","_links":{"self":[{"href":"https:\/\/insightcrime.org\/es\/wp-json\/wp\/v2\/posts\/7875","targetHints":{"allow":["GET"]}}],"collection":[{"href":"https:\/\/insightcrime.org\/es\/wp-json\/wp\/v2\/posts"}],"about":[{"href":"https:\/\/insightcrime.org\/es\/wp-json\/wp\/v2\/types\/post"}],"author":[{"embeddable":true,"href":"https:\/\/insightcrime.org\/es\/wp-json\/wp\/v2\/users\/36"}],"replies":[{"embeddable":true,"href":"https:\/\/insightcrime.org\/es\/wp-json\/wp\/v2\/comments?post=7875"}],"version-history":[{"count":1,"href":"https:\/\/insightcrime.org\/es\/wp-json\/wp\/v2\/posts\/7875\/revisions"}],"predecessor-version":[{"id":24669,"href":"https:\/\/insightcrime.org\/es\/wp-json\/wp\/v2\/posts\/7875\/revisions\/24669"}],"wp:featuredmedia":[{"embeddable":true,"href":"https:\/\/insightcrime.org\/es\/wp-json\/wp\/v2\/media\/42577"}],"wp:attachment":[{"href":"https:\/\/insightcrime.org\/es\/wp-json\/wp\/v2\/media?parent=7875"}],"wp:term":[{"taxonomy":"category","embeddable":true,"href":"https:\/\/insightcrime.org\/es\/wp-json\/wp\/v2\/categories?post=7875"},{"taxonomy":"post_tag","embeddable":true,"href":"https:\/\/insightcrime.org\/es\/wp-json\/wp\/v2\/tags?post=7875"},{"taxonomy":"newspack_spnsrs_tax","embeddable":true,"href":"https:\/\/insightcrime.org\/es\/wp-json\/wp\/v2\/newspack_spnsrs_tax?post=7875"},{"taxonomy":"author","embeddable":true,"href":"https:\/\/insightcrime.org\/es\/wp-json\/wp\/v2\/coauthors?post=7875"}],"curies":[{"name":"wp","href":"https:\/\/api.w.org\/{rel}","templated":true}]}}