{"id":7893,"date":"2015-05-26T14:09:49","date_gmt":"2017-03-28T00:09:09","guid":{"rendered":"http:\/\/newwp.insightcrime.org?p=7893"},"modified":"2023-04-24T15:46:04","modified_gmt":"2023-04-24T20:46:04","slug":"siria-irak-tienen-muertes-conflicto-armado-mexico-informe","status":"publish","type":"post","link":"https:\/\/insightcrime.org\/es\/noticias\/noticias-del-dia\/siria-irak-tienen-muertes-conflicto-armado-mexico-informe\/","title":{"rendered":"S\u00f3lo Siria e Irak tienen m\u00e1s muertes por conflicto armado que M\u00e9xico: Informe"},"content":{"rendered":"\n<p class=\"wp-block-paragraph\">A pesar del uso intensivo de soldados como apoyo a la seguridad p\u00fablica, un estudio reciente ha clasificado a M\u00e9xico como el tercer pa\u00eds del mundo con la mayor cantidad de muertes como consecuencia del conflicto armado, s\u00f3lo superado por Siria e Irak, pa\u00edses azotados por una guerra civil.<\/p>\n\n\n\n<p class=\"wp-block-paragraph\">El 20 de mayo, el Instituto Internacional de Estudios Estrat\u00e9gicos (IISS por sus iniciales en ingl\u00e9s) public\u00f3 su m\u00e1s reciente informe<a href=\"https:\/\/www.iiss.org\/en\/publications\/acs\/by%20year\/armed-conflict-survey-2015-46e5\" target=\"_blank\"> sobre conflicto armado<\/a>. El informe ubic\u00f3 a M\u00e9xico como <a href=\"https:\/\/www.laopinion.com\/mexico-entre-los-paises-con-mas-muertes-por-conflictos-armados-segun-informe\" target=\"_blank\">el tercer pa\u00eds del mundo<\/a> con la mayor cantidad de muertes por el conflicto armado, con 15.000 registradas en 2014. <a href=\"https:\/\/www.theguardian.com\/world\/2015\/may\/20\/armed-conflict-deaths-increase-syria-iraq-afghanistan-yemen\" target=\"_blank\">Siria e Irak<\/a> ocuparon el primer y segundo lugar, con 70.000 y 18.000 muertos respectivamente.<\/p>\n\n\n\n<p class=\"wp-block-paragraph\">A pesar del amplio debate sobre si la guerra contra las organizaciones criminales de M\u00e9xico clasifica como un \u201cconflicto armado\u201d <a href=\"\/noticias\/analisis\/corte-penal-internacional-investigara-guerra-narcotrafico-mexico\" target=\"_blank\">bajo los est\u00e1ndares de la legislaci\u00f3n internacional<\/a>, sin lugar a dudas el pa\u00eds depende en gran medida de sus fuerzas militares para enfrentar a los grupos criminales.<\/p>\n\n\n\n<p class=\"wp-block-paragraph\">Seg\u00fan un nuevo informe de la Secretar\u00eda de la Defensa Nacional (SEDENA), en el pa\u00eds actualmente hay 45.000 soldados desplegados en 1.500 operaciones de seguridad cada d\u00eda,<a href=\"https:\/\/www.eluniversal.com.mx\/nacion-mexico\/2015\/hay-45-mil-soldados-en-la-calle-para-seguridad-1101863.html\" target=\"_blank\"> inform\u00f3 El Universal<\/a>.<\/p>\n\n\n\n<p class=\"wp-block-paragraph\">Seg\u00fan El Universal, el informe de SEDENA indica que los soldados deben permanecer en las calles para combatir la inseguridad y el crimen organizado \u201chasta que las instituciones responsables de esta tarea sean capaces de cumplir con su funci\u00f3n, que a la fecha no cumplen\u201d.<\/p>\n\n\n\n<p class=\"wp-block-paragraph\">Seg\u00fan los documentos de SEDENA, en promedio los soldados ser\u00edan v\u00edctimas de un ataque cada d\u00eda. Desde que Enrique Pe\u00f1a Nieto lleg\u00f3 a la presidencia en diciembre de 2012, se han presentado 905 ataques contra las fuerzas militares y han muerto 58 soldados y 298 m\u00e1s han resultado heridos.<\/p>\n\n\n\n<h3 class=\"wp-block-heading\">An\u00e1lisis de InSight Crime<\/h3>\n\n\n\n<p class=\"wp-block-paragraph\">Cuando Enrique Pe\u00f1a Nieto se posesion\u00f3 como presidente prometi\u00f3 que reducir\u00eda el papel de los militares en la seguridad interna, una pol\u00edtica normalmente <a href=\"\/noticias\/analisis\/exitos-materia-seguridad-no-suman-popularidad-presidente-mexico\" target=\"_blank\">asociada con su predecesor<\/a>, Felipe Calder\u00f3n.<\/p>\n\n\n\n<p class=\"wp-block-paragraph\">Sin embargo, a juzgar por el gran n\u00famero de soldados desplegados en el pa\u00eds, la administraci\u00f3n de Pe\u00f1a Nieto se <a href=\"\/noticias\/analisis\/seguridad-de-mexico-bajo-enrique-pena-nieto-revision-de-1-ano\" target=\"_blank\">ha seguido apoyando<\/a> fuertemente en las <a href=\"\/noticias\/analisis\/militarizacion-mexico-nueva-estrategia-viejos-resultados\" target=\"_blank\">fuerzas militares<\/a> \u2014la m\u00e1s reciente acci\u00f3n consisti\u00f3 en enviarlas<a href=\"\/noticias\/noticias-del-dia\/operacion-jalisco-mexico-nuevo-general-misma-policia\" target=\"_blank\"> al estado de Jalisco<\/a>\u2014.<\/p>\n\n\n\n<p class=\"wp-block-paragraph\">Pe\u00f1a Nieto propuso inicialmente <a href=\"\/noticias\/analisis\/nueva-gendarmeria-mexico-cambiar-seguridad-o-puro-artificio\" target=\"_blank\">crear una gendarmer\u00eda de 40.000 efectivos<\/a>, con el fin de depender menos de las fuerzas militares. Sin embargo, el progreso en este sentido ha sido muy lento, y en junio de 2014 apenas unos 5.000 miembros de la gendarmer\u00eda iniciaron operaciones.<\/p>\n\n\n\n<p class=\"wp-block-paragraph\"><span style=\"color: #800000\"><strong>VEA TAMBI\u00c9N<\/strong><\/span>: <a href=\"\/noticias-sobre-crimen-organizado-en-mexico\" target=\"_blank\">Perfiles y noticias de M\u00e9xico<\/a><\/p>\n\n\n\n<p class=\"wp-block-paragraph\">El uso de las fuerzas militares en la seguridad interna de M\u00e9xico<a href=\"\/noticias\/noticias-del-dia\/amnistia-monitorea-aumento-tortura-mexico\" target=\"_blank\"> ha generado preocupaciones<\/a> sobre <a href=\"\/noticias\/noticias-del-dia\/disminuyen-quejas-abusos-derechos-humanos-ejercito-mexico\" target=\"_blank\">violaciones a los derechos humanos<\/a> por parte de los soldados. Los cr\u00edticos <a href=\"https:\/\/www.eluniversalmas.com.mx\/editoriales\/2015\/05\/76497.php\" target=\"_blank\">afirman que esto es inevitable<\/a>, ya que los soldados no est\u00e1n entrenados para patrullar a la comunidad, sino para luchar contra sus enemigos y ejercer control territorial. Sin embargo, los militares mexicanos afirman que cada vez son <a href=\"\/noticias\/noticias-del-dia\/disminuyen-quejas-abusos-derechos-humanos-ejercito-mexico\" target=\"_blank\">menos los soldados acusados de violaciones<\/a> a los derechos humanos. El informe de SEDENA al que hace referencia El Universal tambi\u00e9n indicar\u00eda algo similar y se\u00f1ala que las denuncias de abusos a los derechos humanos relacionadas con soldados disminuyeron 62 por ciento entre 2012 y 2015.<\/p>\n\n\n\n<p class=\"wp-block-paragraph\">Sin embargo, e incluso con grandes cantidades de soldados desplegados en las calles de M\u00e9xico, el informe del IISS sugiere que el pa\u00eds todav\u00eda tiene un largo camino por recorrer<a href=\"\/noticias\/analisis\/perdiendo-batalla-contra-cartel-jalisco-nueva-generacion\" target=\"_blank\"> en la lucha contra la violencia<\/a> y la mejora de la seguridad para sus ciudadanos.<\/p>\n","protected":false},"excerpt":{"rendered":"<p>A pesar del uso intensivo de soldados como apoyo a la seguridad p\u00fablica, un estudio reciente ha clasificado a M\u00e9xico como el tercer pa\u00eds del mundo con la mayor cantidad de muertes como consecuencia del conflicto armado, s\u00f3lo superado por Siria e Irak, pa\u00edses azotados por una guerra civil.<\/p>\n","protected":false},"author":25,"featured_media":42603,"comment_status":"closed","ping_status":"closed","sticky":false,"template":"","format":"standard","meta":{"newspack_ads_suppress_ads":false,"newspack_popups_has_disabled_popups":false,"newspack_sponsor_sponsorship_scope":"","newspack_sponsor_native_byline_display":"inherit","newspack_sponsor_native_category_display":"inherit","newspack_sponsor_underwriter_style":"inherit","newspack_sponsor_underwriter_placement":"inherit","_EventAllDay":false,"_EventTimezone":"","_EventStartDate":"","_EventEndDate":"","_EventStartDateUTC":"","_EventEndDateUTC":"","_EventShowMap":false,"_EventShowMapLink":false,"_EventURL":"","_EventCost":"","_EventCostDescription":"","_EventCurrencySymbol":"","_EventCurrencyCode":"","_EventCurrencyPosition":"","_EventDateTimeSeparator":"","_EventTimeRangeSeparator":"","_EventOrganizerID":[],"_EventVenueID":[],"_OrganizerEmail":"","_OrganizerPhone":"","_OrganizerWebsite":"","_VenueAddress":"","_VenueCity":"","_VenueCountry":"","_VenueProvince":"","_VenueState":"","_VenueZip":"","_VenuePhone":"","_VenueURL":"","_VenueStateProvince":"","_VenueLat":"","_VenueLng":"","_VenueShowMap":false,"_VenueShowMapLink":false,"_newspack_byline_active":false,"_newspack_byline":"","newspack_hide_updated_date":false,"newspack_show_updated_date":false,"newspack_featured_image_position":"","newspack_post_subtitle":"","newspack_article_summary_title":"Overview:","newspack_article_summary":"","_jetpack_memberships_contains_paid_content":false,"footnotes":""},"categories":[334],"tags":[406,438],"newspack_spnsrs_tax":[],"coauthors":[3872],"class_list":["post-7893","post","type-post","status-publish","format-standard","has-post-thumbnail","hentry","category-noticias-del-dia","tag-mexico-pais","tag-politicas-de-seguridad","entry"],"parsely":{"version":"1.1.0","canonical_url":"https:\/\/insightcrime.org\/es\/noticias\/noticias-del-dia\/siria-irak-tienen-muertes-conflicto-armado-mexico-informe\/","smart_links":{"inbound":0,"outbound":0},"traffic_boost_suggestions_count":0,"meta":{"@context":"https:\/\/schema.org","@type":"NewsArticle","headline":"S\u00f3lo Siria e Irak tienen m\u00e1s muertes por conflicto armado que M\u00e9xico: Informe","url":"http:\/\/insightcrime.org\/es\/noticias\/noticias-del-dia\/siria-irak-tienen-muertes-conflicto-armado-mexico-informe\/","mainEntityOfPage":{"@type":"WebPage","@id":"http:\/\/insightcrime.org\/es\/noticias\/noticias-del-dia\/siria-irak-tienen-muertes-conflicto-armado-mexico-informe\/"},"thumbnailUrl":"https:\/\/i0.wp.com\/insightcrime.org\/wp-content\/uploads\/2015\/05\/es-15-05-22-Mexico-Soldiers.jpeg?resize=150%2C150&quality=100&ssl=1","image":{"@type":"ImageObject","url":"https:\/\/i0.wp.com\/insightcrime.org\/wp-content\/uploads\/2015\/05\/es-15-05-22-Mexico-Soldiers.jpeg?fit=250%2C151&quality=100&ssl=1"},"articleSection":"Noticias del d\u00eda","author":[{"@type":"Person","name":"Michael Lohmuller"}],"creator":["Michael Lohmuller"],"publisher":{"@type":"Organization","name":"InSight Crime","logo":"https:\/\/insightcrime.org\/wp-content\/uploads\/2023\/08\/logo.png"},"keywords":["m\u00e9xico","pol\u00edticas de seguridad"],"dateCreated":"2017-03-28T00:09:09Z","datePublished":"2017-03-28T00:09:09Z","dateModified":"2023-04-24T20:46:04Z"},"rendered":"<meta name=\"parsely-title\" content=\"S\u00f3lo Siria e Irak tienen m\u00e1s muertes por conflicto armado que M\u00e9xico: Informe\" \/>\n<meta name=\"parsely-link\" content=\"http:\/\/insightcrime.org\/es\/noticias\/noticias-del-dia\/siria-irak-tienen-muertes-conflicto-armado-mexico-informe\/\" \/>\n<meta name=\"parsely-type\" content=\"post\" \/>\n<meta name=\"parsely-image-url\" content=\"https:\/\/i0.wp.com\/insightcrime.org\/wp-content\/uploads\/2015\/05\/es-15-05-22-Mexico-Soldiers.jpeg?resize=150%2C150&amp;quality=100&amp;ssl=1\" \/>\n<meta name=\"parsely-pub-date\" content=\"2017-03-28T00:09:09Z\" \/>\n<meta name=\"parsely-section\" content=\"Noticias del d\u00eda\" \/>\n<meta name=\"parsely-tags\" content=\"m\u00e9xico,pol\u00edticas de seguridad\" \/>\n<meta name=\"parsely-author\" content=\"Michael Lohmuller\" \/>","tracker_url":"https:\/\/cdn.parsely.com\/keys\/insightcrime.org\/p.js"},"jetpack_sharing_enabled":true,"jetpack-related-posts":[{"id":300871,"url":"https:\/\/insightcrime.org\/es\/noticias\/grupos-criminales-mexico-aumentan-artefactos-explosivos-improvisados\/","url_meta":{"origin":7893,"position":0},"title":"Los grupos criminales en M\u00e9xico aumentan el uso de artefactos explosivos improvisados","author":"Victoria Dittmar","date":"3 de febrero de 2025","format":false,"excerpt":"Una reciente serie de ataques con artefactos explosivos improvisados en M\u00e9xico apunta a una generalizaci\u00f3n de t\u00e1cticas de guerra entre grupos criminales.","rel":"","context":"En \u00abNoticias\u00bb","block_context":{"text":"Noticias","link":"https:\/\/insightcrime.org\/es\/category\/noticias\/"},"img":{"alt_text":"","src":"https:\/\/i0.wp.com\/insightcrime.org\/wp-content\/uploads\/2025\/02\/Flagship-DataInSights-Artefactos-explosivos-mexico-InSight-Crime-Feb-2025.jpg?fit=1200%2C690&quality=100&ssl=1&resize=350%2C200","width":350,"height":200,"srcset":"https:\/\/i0.wp.com\/insightcrime.org\/wp-content\/uploads\/2025\/02\/Flagship-DataInSights-Artefactos-explosivos-mexico-InSight-Crime-Feb-2025.jpg?fit=1200%2C690&quality=100&ssl=1&resize=350%2C200 1x, https:\/\/i0.wp.com\/insightcrime.org\/wp-content\/uploads\/2025\/02\/Flagship-DataInSights-Artefactos-explosivos-mexico-InSight-Crime-Feb-2025.jpg?fit=1200%2C690&quality=100&ssl=1&resize=525%2C300 1.5x, https:\/\/i0.wp.com\/insightcrime.org\/wp-content\/uploads\/2025\/02\/Flagship-DataInSights-Artefactos-explosivos-mexico-InSight-Crime-Feb-2025.jpg?fit=1200%2C690&quality=100&ssl=1&resize=700%2C400 2x, https:\/\/i0.wp.com\/insightcrime.org\/wp-content\/uploads\/2025\/02\/Flagship-DataInSights-Artefactos-explosivos-mexico-InSight-Crime-Feb-2025.jpg?fit=1200%2C690&quality=100&ssl=1&resize=1050%2C600 3x"},"classes":[]},{"id":311229,"url":"https:\/\/insightcrime.org\/es\/noticias\/violencia-costo-mexico-245000-millones-dolares-en-2024\/","url_meta":{"origin":7893,"position":1},"title":"Bajan los homicidios, pero sube el costo del crimen en M\u00e9xico","author":"Sam Woolston","date":"28 de mayo de 2025","format":false,"excerpt":"El impacto econ\u00f3mico de la violencia en M\u00e9xico alcanz\u00f3 los US$245.000 millones en 2024, lo que evidencia el alto costo que el crimen impone a una de las econom\u00edas m\u00e1s pr\u00f3speras de Am\u00e9rica Latina.","rel":"","context":"En \u00abNoticias\u00bb","block_context":{"text":"Noticias","link":"https:\/\/insightcrime.org\/es\/category\/noticias\/"},"img":{"alt_text":"","src":"https:\/\/i0.wp.com\/insightcrime.org\/wp-content\/uploads\/2025\/05\/MexicoDrugWar_BG-2-2.jpg?fit=350%2C250&quality=100&ssl=1&resize=350%2C200","width":350,"height":200},"classes":[]},{"id":232579,"url":"https:\/\/insightcrime.org\/es\/noticias\/criminales-violencia-electoral-mexico-brasil\/","url_meta":{"origin":7893,"position":2},"title":"Grupos criminales usan violencia electoral en M\u00e9xico y Brasil, seg\u00fan estudio","author":"Christopher Newton","date":"29 de junio de 2023","format":false,"excerpt":"Los actos de violencia dirigidos directamente contra representantes de gobierno son m\u00e1s comunes en M\u00e9xico y Brasil que en otros lugares el mundo.","rel":"","context":"En \u00abNoticias\u00bb","block_context":{"text":"Noticias","link":"https:\/\/insightcrime.org\/es\/category\/noticias\/"},"img":{"alt_text":"Un polic\u00eda armado en uno de los barrios de Brasil, conocidos como favelas","src":"https:\/\/i0.wp.com\/insightcrime.org\/wp-content\/uploads\/2023\/09\/18-04-17-Brazil-Militias.jpeg?fit=350%2C250&quality=100&ssl=1&resize=350%2C200","width":350,"height":200},"classes":[]},{"id":315371,"url":"https:\/\/insightcrime.org\/es\/noticias\/presuntos-vinculos-exfuncionario-mexico-cjng-provocan-caceria-internacional\/","url_meta":{"origin":7893,"position":3},"title":"Presuntos v\u00ednculos de exfuncionario de M\u00e9xico con el CJNG provocan cacer\u00eda internacional","author":"Parker Asmann","date":"24 de julio de 2025","format":false,"excerpt":"Las autoridades en M\u00e9xico est\u00e1n llevando a cabo una cacer\u00eda internacional para capturar a un exfuncionario de seguridad acusado de colusi\u00f3n con el crimen organizado. Sin embargo, persisten interrogantes sobre por qu\u00e9 las autoridades est\u00e1n actuando apenas ahora, tres a\u00f1os despu\u00e9s de que surgieran las acusaciones. Un comandante militar mexicano\u2026","rel":"","context":"En \u00abNoticias\u00bb","block_context":{"text":"Noticias","link":"https:\/\/insightcrime.org\/es\/category\/noticias\/"},"img":{"alt_text":"","src":"https:\/\/i0.wp.com\/insightcrime.org\/wp-content\/uploads\/2025\/07\/2025-07-23-Tabasco-ex-Security-Chief.jpg?fit=350%2C250&quality=100&ssl=1&resize=350%2C200","width":350,"height":200},"classes":[]},{"id":247041,"url":"https:\/\/insightcrime.org\/es\/noticias\/3-tendencias-marcaron-reclutamiento-infantil-conflicto-colombiano\/","url_meta":{"origin":7893,"position":4},"title":"3 tendencias que marcaron el reclutamiento infantil en el conflicto colombiano","author":"Juliana Manjarr\u00e9s","date":"20 de noviembre de 2023","format":false,"excerpt":"Colombia sigue encontrando obst\u00e1culos para proteger los derechos de ni\u00f1os y ni\u00f1as que son reclutados forzosamente por grupos armados y criminales a pesar de que el gobierno negocia la paz con unos de los actores armados m\u00e1s grandes del pa\u00eds.\u00a0","rel":"","context":"En \u00abNoticias\u00bb","block_context":{"text":"Noticias","link":"https:\/\/insightcrime.org\/es\/category\/noticias\/"},"img":{"alt_text":"The ELN is one of the groups with the highest numbers of child recruitment in Colombia.","src":"https:\/\/i0.wp.com\/insightcrime.org\/wp-content\/uploads\/2023\/11\/WZCIWIXQUFDDBGQ2LPOPEXXEZY-1.jpg?fit=350%2C250&quality=100&ssl=1&resize=350%2C200","width":350,"height":200},"classes":[]},{"id":194973,"url":"https:\/\/insightcrime.org\/es\/noticias\/abundan-preguntas-torno-asesinato-jefe-policia-sinaloa-mexico\/","url_meta":{"origin":7893,"position":5},"title":"Abundan las preguntas en torno al asesinato de jefe de polic\u00eda de Sinaloa, M\u00e9xico","author":"Parker Asmann","date":"9 de agosto de 2022","format":false,"excerpt":"Ha habido poca claridad en torno al asesinato de un jefe de polic\u00eda local en el norte de M\u00e9xico, en tanto los funcionarios investigan qui\u00e9n pudo haber ordenado el asesinato y por qu\u00e9.","rel":"","context":"En \u00abNoticias\u00bb","block_context":{"text":"Noticias","link":"https:\/\/insightcrime.org\/es\/category\/noticias\/"},"img":{"alt_text":"jefe de la polic\u00eda de Culiac\u00e1n asesinado","src":"https:\/\/i0.wp.com\/insightcrime.org\/wp-content\/uploads\/2022\/08\/2022-08-09-Culiaca%CC%81n-Police-Chief-Murder.jpg?fit=350%2C250&quality=100&ssl=1&resize=350%2C200","width":350,"height":200},"classes":[]}],"jetpack_featured_media_url":"https:\/\/i0.wp.com\/insightcrime.org\/wp-content\/uploads\/2015\/05\/es-15-05-22-Mexico-Soldiers.jpeg?fit=250%2C151&quality=100&ssl=1","_links":{"self":[{"href":"https:\/\/insightcrime.org\/es\/wp-json\/wp\/v2\/posts\/7893","targetHints":{"allow":["GET"]}}],"collection":[{"href":"https:\/\/insightcrime.org\/es\/wp-json\/wp\/v2\/posts"}],"about":[{"href":"https:\/\/insightcrime.org\/es\/wp-json\/wp\/v2\/types\/post"}],"author":[{"embeddable":true,"href":"https:\/\/insightcrime.org\/es\/wp-json\/wp\/v2\/users\/25"}],"replies":[{"embeddable":true,"href":"https:\/\/insightcrime.org\/es\/wp-json\/wp\/v2\/comments?post=7893"}],"version-history":[{"count":1,"href":"https:\/\/insightcrime.org\/es\/wp-json\/wp\/v2\/posts\/7893\/revisions"}],"predecessor-version":[{"id":24695,"href":"https:\/\/insightcrime.org\/es\/wp-json\/wp\/v2\/posts\/7893\/revisions\/24695"}],"wp:featuredmedia":[{"embeddable":true,"href":"https:\/\/insightcrime.org\/es\/wp-json\/wp\/v2\/media\/42603"}],"wp:attachment":[{"href":"https:\/\/insightcrime.org\/es\/wp-json\/wp\/v2\/media?parent=7893"}],"wp:term":[{"taxonomy":"category","embeddable":true,"href":"https:\/\/insightcrime.org\/es\/wp-json\/wp\/v2\/categories?post=7893"},{"taxonomy":"post_tag","embeddable":true,"href":"https:\/\/insightcrime.org\/es\/wp-json\/wp\/v2\/tags?post=7893"},{"taxonomy":"newspack_spnsrs_tax","embeddable":true,"href":"https:\/\/insightcrime.org\/es\/wp-json\/wp\/v2\/newspack_spnsrs_tax?post=7893"},{"taxonomy":"author","embeddable":true,"href":"https:\/\/insightcrime.org\/es\/wp-json\/wp\/v2\/coauthors?post=7893"}],"curies":[{"name":"wp","href":"https:\/\/api.w.org\/{rel}","templated":true}]}}