{"id":79289,"date":"2018-02-21T13:18:19","date_gmt":"2018-02-21T18:18:19","guid":{"rendered":"https:\/\/insightcrime.org\/?p=79289"},"modified":"2023-04-24T16:27:31","modified_gmt":"2023-04-24T21:27:31","slug":"funcionarios-brasilenos-proponen-ampliar-el-papel-del-ejercito-en-guerra-contra-el-crimen","status":"publish","type":"post","link":"https:\/\/insightcrime.org\/es\/noticias\/noticias-del-dia\/funcionarios-brasilenos-proponen-ampliar-el-papel-del-ejercito-en-guerra-contra-el-crimen\/","title":{"rendered":"Funcionarios brasile\u00f1os proponen ampliar el papel del ej\u00e9rcito en guerra contra el crimen"},"content":{"rendered":"\n<p class=\"wp-block-paragraph\">Varios altos funcionarios de Brasil han planteado la idea de expandir el uso de las operaciones militares federales para combatir la delincuencia en todo el pa\u00eds, lo que sugiere que el Gobierno est\u00e1 tratando de institucionalizar una estrategia que ha demostrado ser poco efectiva en el pasado.<\/p>\n\n\n\n<p class=\"wp-block-paragraph\">El presidente Michel Temer se reuni\u00f3 con pol\u00edticos y miembros de su gabinete el 19 de febrero para discutir un decreto ejecutivo que \u00e9l <a href=\"https:\/\/es.insightcrime.org\/noticias\/noticias-del-dia\/crimen-y-corrupcion-ensombrecen-el-carnaval-de-rio\/\">firm\u00f3<\/a> el 16 de febrero, mediante el cual se le permite el ej\u00e9rcito asumir el control de las operaciones de seguridad en R\u00edo de Janeiro.<\/p>\n\n\n\n<p class=\"wp-block-paragraph\">Despu\u00e9s de esa reuni\u00f3n, Wellington Moreira Franco, un asesor cercano a Temer, le <a href=\"https:\/\/apnews.com\/47b0005f10d3478a85b0198ac4de46de\">dijo<\/a> a Associated Press que esperaba que el modelo de despliegues militares federales \u201cse extendiera por todo Brasil\u201d.<\/p>\n\n\n\n<p class=\"wp-block-paragraph\">Sergio Etchegoyen, el principal miembro del gabinete presidencial para asuntos militares y de seguridad, dijo que \u201cR\u00edo de Janeiro es un laboratorio\u201d.<\/p>\n\n\n\n<p class=\"wp-block-paragraph\">Durante la reuni\u00f3n, el presidente de la C\u00e1mara de Representantes, Rodrigo Maia, se refiri\u00f3 a las intervenciones militares federales como un \u201carma\u201d en la \u201cguerra contra el crimen\u201d.<\/p>\n\n\n\n<p class=\"wp-block-paragraph\">El ej\u00e9rcito <a href=\"https:\/\/es.insightcrime.org\/noticias\/analisis\/preocupante-situacion-seguridad-brasil-olimpicos\/\">ha sido llamado<\/a> repetidamente a ayudar a la polic\u00eda civil en R\u00edo de Janeiro en los \u00faltimos a\u00f1os. Pero el decreto de Temer \u2014sujeto a la aprobaci\u00f3n del Congreso esta semana\u2014 representa la primera vez, desde el fin de la dictadura militar del pa\u00eds en 1985, que el Gobierno est\u00e1 utilizando la disposici\u00f3n constitucional que les permite a las fuerzas armadas federales asumir el control sobre la polic\u00eda civil.<\/p>\n\n\n\n<p class=\"wp-block-paragraph\">La propuesta de participaci\u00f3n federal ha generado cierta <a href=\"https:\/\/g1.globo.com\/politica\/noticia\/psol-pede-ao-supremo-que-suspenda-votacao-de-decreto-sobre-intervencao-no-rj.ghtml\">controversia<\/a> entre los pol\u00edticos de la oposici\u00f3n, quienes afirman que la medida es cuestionable desde el punto de vista legal y que est\u00e1 motivada pol\u00edticamente.<\/p>\n\n\n\n<p class=\"wp-block-paragraph\">Adem\u00e1s, el director del ej\u00e9rcito brasile\u00f1o, Eduardo Villas B\u00f4as, <a href=\"https:\/\/es.insightcrime.org\/noticias\/noticias-del-dia\/comandante-del-ejercito-despliegue-de-militares-en-brasil-para-controlar-delincuencia-puede-generar-corrupcion-y-politizacion\/\">advirti\u00f3 recientemente<\/a> contra el uso de los militares en la lucha contra el crimen a nivel interno, argumentando que tales acciones aumentan el riesgo de politizaci\u00f3n y de corrupci\u00f3n de las tropas.<\/p>\n\n\n\n<p class=\"wp-block-paragraph\">La intervenci\u00f3n en R\u00edo de Janeiro parece hacer parte de un juego de seguridad de Temer en v\u00edsperas de las elecciones generales que se llevar\u00e1n a cabo en octubre. El d\u00eda despu\u00e9s de firmar el pol\u00e9mico decreto relacionado con R\u00edo, el presidente anunci\u00f3 la <a href=\"http:\/\/www2.planalto.gov.br\/acompanhe-planalto\/noticias\/2018\/02\/temer-anuncia-criacao-do-ministerio-extraordinario-da-seguranca-publica\">creaci\u00f3n<\/a> de un nuevo Ministerio de Seguridad P\u00fablica, que asumir\u00e1 el control de la polic\u00eda federal.<\/p>\n\n\n\n<p class=\"wp-block-paragraph\">Por otra parte, en el estado de Cear\u00e1, ubicado al norte del pa\u00eds, el Gobierno <a href=\"http:\/\/www.brasil.gov.br\/defesa-e-seguranca\/2018\/02\/governo-do-brasil-envia-forca-tarefa-para-auxiliar-no-combate-ao-crime-no-ceara\">ha desplegado<\/a> un destacamento de fuerzas federales como respuesta a la <a href=\"https:\/\/es.insightcrime.org\/noticias\/noticias-del-dia\/masacre-en-norte-de-brasil-apunta-expansion-continuada-del-pcc\/\">creciente violencia<\/a> y al reciente asesinato de dos importantes miembros del grupo criminal m\u00e1s poderoso del pa\u00eds, el <a href=\"https:\/\/es.insightcrime.org\/noticias-crimen-organizado-brasil\/primer-comando-capital-pcc-perfil\/\">Primer Comando Capital<\/a> (PCC).<\/p>\n\n\n\n<h3 class=\"wp-block-heading\">An\u00e1lisis de InSight Crime<\/h3>\n\n\n\n<p class=\"wp-block-paragraph\">Los recientes comentarios de altos funcionarios brasile\u00f1os apuntan hacia el deseo de institucionalizar una estrategia de militarizaci\u00f3n que ha demostrado tener pocos resultados en el largo plazo \u2014tanto en Brasil como <a href=\"https:\/\/es.insightcrime.org\/noticias\/analisis\/canto-de-sirena-militarizacion-latinoamerica\/\">en toda Latinoam\u00e9rica<\/a>\u2014.<\/p>\n\n\n\n<p class=\"wp-block-paragraph\">Es significativo que Etchegoyen se haya referido a R\u00edo como un \u201claboratorio\u201d de las pol\u00edticas de seguridad militarizadas, dado que en la ciudad ha habido <a href=\"https:\/\/es.insightcrime.org\/noticias\/noticias-del-dia\/despliegue-militares-rio-janeiro-brasil-muestra-fracasos-militarizacion-pasado\/\">m\u00faltiples despliegues<\/a> de las fuerzas armadas en los \u00faltimos a\u00f1os, que no han logrado ninguna mejora sostenible en cuanto a seguridad. Las estrategias militarizadas contra el crimen implementadas por las autoridades civiles en la ciudad tambi\u00e9n han tenido <a href=\"https:\/\/es.insightcrime.org\/noticias\/analisis\/ciudades-latinoamericanas-pueden-aprender-errores-modelo-policial-upp-brasil\/\">resultados mediocres<\/a>.<\/p>\n\n\n\n<p class=\"wp-block-paragraph\">Incluso hablando a favor de la intervenci\u00f3n militar, el gobernador del estado de R\u00edo de Janeiro, Luiz Fernando Pez\u00e3o, <a href=\"http:\/\/brasil.estadao.com.br\/noticias\/rio-de-janeiro,guerra-da-seguranca-so-sera-ganha-com-desenvolvimento-e-emprego-diz-pezao,70002196476\">dijo<\/a> que las estrategias de seguridad deben tratar de abordar los aspectos socioecon\u00f3micos que generan el crimen.<\/p>\n\n\n\n<p class=\"wp-block-paragraph\">\u201cSolo ganaremos la guerra por la seguridad p\u00fablica con permisos de trabajo\u201d, se\u00f1al\u00f3 el gobernador.<\/p>\n\n\n\n<p class=\"wp-block-paragraph\"><span style=\"color: #993300;\"><strong>&nbsp; &nbsp; &nbsp; &nbsp;VEA TAMBI\u00c9N<\/strong><\/span>: <a href=\"https:\/\/es.insightcrime.org\/noticias-sobre-crimen-organizado-en-brasil\/\">Noticias y perfiles de Brasil<\/a><\/p>\n\n\n\n<p class=\"wp-block-paragraph\">Sin embargo, la intervenci\u00f3n federal en R\u00edo y la creaci\u00f3n del nuevo Ministerio de Seguridad generan dudas acerca de si se dedicar\u00e1n recursos suficientes para abordar esos temas.<\/p>\n\n\n\n<p class=\"wp-block-paragraph\">La econom\u00eda brasile\u00f1a ha estado tambaleando durante a\u00f1os, y los recortes presupuestarios han afectado los programas sociales, as\u00ed como al aparato de seguridad a nivel tanto <a href=\"http:\/\/politica.estadao.com.br\/blogs\/fausto-macedo\/governo-reduz-equipe-da-lava-jato-e-corta-verba-da-pf\/\">federal<\/a> como <a href=\"https:\/\/es.insightcrime.org\/noticias\/noticias-del-dia\/negligencia-de-la-upp-muestra-deficiencias-del-programa-de-seguridad-de-rio-de-janeiro\/\">estatal<\/a>. Es probable que la limitaci\u00f3n de recursos siga siendo una barrera para abordar cuestiones fundamentales como la pobreza, el desempleo y la <a href=\"https:\/\/es.insightcrime.org\/noticias\/analisis\/entrenamiento-policia-militar-brasil-demasiado-violento\/\">deficiente capacitaci\u00f3n<\/a> y remuneraci\u00f3n de la polic\u00eda civil.<\/p>\n","protected":false},"excerpt":{"rendered":"<p>Varios altos funcionarios de Brasil han planteado la idea de expandir el uso de las operaciones militares federales para combatir la delincuencia en todo el pa\u00eds, lo que sugiere que el Gobierno est\u00e1 tratando de institucionalizar una estrategia que ha demostrado ser poco efectiva en el pasado.<\/p>\n","protected":false},"author":153,"featured_media":79214,"comment_status":"closed","ping_status":"closed","sticky":false,"template":"","format":"standard","meta":{"newspack_ads_suppress_ads":false,"newspack_popups_has_disabled_popups":false,"newspack_sponsor_sponsorship_scope":"","newspack_sponsor_native_byline_display":"inherit","newspack_sponsor_native_category_display":"inherit","newspack_sponsor_underwriter_style":"inherit","newspack_sponsor_underwriter_placement":"inherit","_EventAllDay":false,"_EventTimezone":"","_EventStartDate":"","_EventEndDate":"","_EventStartDateUTC":"","_EventEndDateUTC":"","_EventShowMap":false,"_EventShowMapLink":false,"_EventURL":"","_EventCost":"","_EventCostDescription":"","_EventCurrencySymbol":"","_EventCurrencyCode":"","_EventCurrencyPosition":"","_EventDateTimeSeparator":"","_EventTimeRangeSeparator":"","_EventOrganizerID":[],"_EventVenueID":[],"_OrganizerEmail":"","_OrganizerPhone":"","_OrganizerWebsite":"","_VenueAddress":"","_VenueCity":"","_VenueCountry":"","_VenueProvince":"","_VenueState":"","_VenueZip":"","_VenuePhone":"","_VenueURL":"","_VenueStateProvince":"","_VenueLat":"","_VenueLng":"","_VenueShowMap":false,"_VenueShowMapLink":false,"_newspack_byline_active":false,"_newspack_byline":"","newspack_hide_updated_date":false,"newspack_show_updated_date":false,"newspack_featured_image_position":"","newspack_post_subtitle":"","newspack_article_summary_title":"Overview:","newspack_article_summary":"","_jetpack_memberships_contains_paid_content":false,"footnotes":""},"categories":[334],"tags":[405,438,457],"newspack_spnsrs_tax":[],"coauthors":[4118],"class_list":["post-79289","post","type-post","status-publish","format-standard","has-post-thumbnail","hentry","category-noticias-del-dia","tag-brasil","tag-politicas-de-seguridad","tag-reforma-policial","entry"],"parsely":{"version":"1.1.0","canonical_url":"https:\/\/insightcrime.org\/es\/noticias\/noticias-del-dia\/funcionarios-brasilenos-proponen-ampliar-el-papel-del-ejercito-en-guerra-contra-el-crimen\/","smart_links":{"inbound":0,"outbound":0},"traffic_boost_suggestions_count":0,"meta":{"@context":"https:\/\/schema.org","@type":"NewsArticle","headline":"Funcionarios brasile\u00f1os proponen ampliar el papel del ej\u00e9rcito en guerra contra el crimen","url":"http:\/\/insightcrime.org\/es\/noticias\/noticias-del-dia\/funcionarios-brasilenos-proponen-ampliar-el-papel-del-ejercito-en-guerra-contra-el-crimen\/","mainEntityOfPage":{"@type":"WebPage","@id":"http:\/\/insightcrime.org\/es\/noticias\/noticias-del-dia\/funcionarios-brasilenos-proponen-ampliar-el-papel-del-ejercito-en-guerra-contra-el-crimen\/"},"thumbnailUrl":"https:\/\/i0.wp.com\/insightcrime.org\/wp-content\/uploads\/2018\/02\/rsz_afm_7178.jpg?resize=150%2C150&quality=100&ssl=1","image":{"@type":"ImageObject","url":"https:\/\/i0.wp.com\/insightcrime.org\/wp-content\/uploads\/2018\/02\/rsz_afm_7178.jpg?fit=350%2C250&quality=100&ssl=1"},"articleSection":"Noticias del d\u00eda","author":[{"@type":"Person","name":"C.H. Gardiner"}],"creator":["C.H. Gardiner"],"publisher":{"@type":"Organization","name":"InSight Crime","logo":"https:\/\/insightcrime.org\/wp-content\/uploads\/2023\/08\/logo.png"},"keywords":["brasil","pol\u00edticas de seguridad","reforma policial"],"dateCreated":"2018-02-21T18:18:19Z","datePublished":"2018-02-21T18:18:19Z","dateModified":"2023-04-24T21:27:31Z"},"rendered":"<meta name=\"parsely-title\" content=\"Funcionarios brasile\u00f1os proponen ampliar el papel del ej\u00e9rcito en guerra contra el crimen\" \/>\n<meta name=\"parsely-link\" content=\"http:\/\/insightcrime.org\/es\/noticias\/noticias-del-dia\/funcionarios-brasilenos-proponen-ampliar-el-papel-del-ejercito-en-guerra-contra-el-crimen\/\" \/>\n<meta name=\"parsely-type\" content=\"post\" \/>\n<meta name=\"parsely-image-url\" content=\"https:\/\/i0.wp.com\/insightcrime.org\/wp-content\/uploads\/2018\/02\/rsz_afm_7178.jpg?resize=150%2C150&amp;quality=100&amp;ssl=1\" \/>\n<meta name=\"parsely-pub-date\" content=\"2018-02-21T18:18:19Z\" \/>\n<meta name=\"parsely-section\" content=\"Noticias del d\u00eda\" \/>\n<meta name=\"parsely-tags\" content=\"brasil,pol\u00edticas de seguridad,reforma policial\" \/>\n<meta name=\"parsely-author\" content=\"C.H. Gardiner\" \/>","tracker_url":"https:\/\/cdn.parsely.com\/keys\/insightcrime.org\/p.js"},"jetpack_sharing_enabled":true,"jetpack-related-posts":[{"id":232477,"url":"https:\/\/insightcrime.org\/es\/noticias\/corrupcion-complica-lucha-defensa-amazonia-brasil\/","url_meta":{"origin":79289,"position":0},"title":"Esc\u00e1ndalo de corrupci\u00f3n en las fuerzas de seguridad sacude al principal estado de la Amazon\u00eda brasile\u00f1a","author":"Anastasia Austin","date":"1 de septiembre de 2023","format":false,"excerpt":"Altos funcionarios de seguridad del estado de Amazonas, al norte de Brasil, fueron destituidos en un esc\u00e1ndalo de grandes proporciones, que puede revelar un alarmante grado de corrupci\u00f3n en una zona en la que pulula el crimen organizado.","rel":"","context":"En \u00abNoticias\u00bb","block_context":{"text":"Noticias","link":"https:\/\/insightcrime.org\/es\/category\/noticias\/"},"img":{"alt_text":"General Carlos Alberto Mansur, exjefe de la Secretar\u00eda de Seguridad del estado de Amazonas.","src":"https:\/\/i0.wp.com\/insightcrime.org\/wp-content\/uploads\/2023\/09\/Brazil-General-Mansur-Dismissed_Corruption_BNCAMazonas-1.jpeg?fit=350%2C250&quality=100&ssl=1&resize=350%2C200","width":350,"height":200},"classes":[]},{"id":143046,"url":"https:\/\/insightcrime.org\/es\/noticias\/porque-ejercitos-suramerica-perdiendo-guerra-amazonas\/","url_meta":{"origin":79289,"position":1},"title":"Por qu\u00e9 los ej\u00e9rcitos de Suram\u00e9rica van perdiendo la guerra por el Amazonas","author":"Katie Jones","date":"4 de mayo de 2021","format":false,"excerpt":"D\u00e9cadas de inactividad e ineficiencia en la lucha contra delitos ambientales en el Amazonas han llevado a Brasil, Colombia y Per\u00fa a tomar medidas cada vez m\u00e1s dr\u00e1sticas: desplegar tropas militares en la selva con el fin de poner freno el tr\u00e1fico de madera, la miner\u00eda ilegal y otras econom\u00edas\u2026","rel":"","context":"En \u00abNoticias\u00bb","block_context":{"text":"Noticias","link":"https:\/\/insightcrime.org\/es\/category\/noticias\/"},"img":{"alt_text":"","src":"https:\/\/i0.wp.com\/insightcrime.org\/wp-content\/uploads\/2021\/04\/Operation-Green-1.jpeg?fit=350%2C250&quality=100&ssl=1&resize=350%2C200","width":350,"height":200},"classes":[]},{"id":334557,"url":"https:\/\/insightcrime.org\/es\/investigaciones\/portafolio-criminal-sostiene-lealtad-militar-venezuela\/","url_meta":{"origin":79289,"position":2},"title":"El portafolio criminal que sostiene la lealtad militar en Venezuela","author":"Unidad Investigativa de Venezuela","date":"25 de febrero de 2026","format":false,"excerpt":"Bajo Maduro, otras econom\u00edas ilegales se convirtieron cada vez m\u00e1s en un salvavidas financiero para miles de militares, quienes han ampliado su papel dentro del ecosistema criminal venezolano con la bendici\u00f3n del Estado.","rel":"","context":"En \u00abInvestigaciones\u00bb","block_context":{"text":"Investigaciones","link":"https:\/\/insightcrime.org\/es\/category\/investigaciones\/"},"img":{"alt_text":"","src":"https:\/\/i0.wp.com\/insightcrime.org\/wp-content\/uploads\/2026\/02\/Cartel-of-the-Suns-Cover-3-The-Criminal-Portfolio-Sustaining-Military-Loyalty-InSightCrime-Jan-2026.jpg?fit=1200%2C690&quality=100&ssl=1&resize=350%2C200","width":350,"height":200,"srcset":"https:\/\/i0.wp.com\/insightcrime.org\/wp-content\/uploads\/2026\/02\/Cartel-of-the-Suns-Cover-3-The-Criminal-Portfolio-Sustaining-Military-Loyalty-InSightCrime-Jan-2026.jpg?fit=1200%2C690&quality=100&ssl=1&resize=350%2C200 1x, https:\/\/i0.wp.com\/insightcrime.org\/wp-content\/uploads\/2026\/02\/Cartel-of-the-Suns-Cover-3-The-Criminal-Portfolio-Sustaining-Military-Loyalty-InSightCrime-Jan-2026.jpg?fit=1200%2C690&quality=100&ssl=1&resize=525%2C300 1.5x, https:\/\/i0.wp.com\/insightcrime.org\/wp-content\/uploads\/2026\/02\/Cartel-of-the-Suns-Cover-3-The-Criminal-Portfolio-Sustaining-Military-Loyalty-InSightCrime-Jan-2026.jpg?fit=1200%2C690&quality=100&ssl=1&resize=700%2C400 2x, https:\/\/i0.wp.com\/insightcrime.org\/wp-content\/uploads\/2026\/02\/Cartel-of-the-Suns-Cover-3-The-Criminal-Portfolio-Sustaining-Military-Loyalty-InSightCrime-Jan-2026.jpg?fit=1200%2C690&quality=100&ssl=1&resize=1050%2C600 3x"},"classes":[]},{"id":179305,"url":"https:\/\/insightcrime.org\/es\/noticias\/se-acerca-fin-megabandas-venezuela\/","url_meta":{"origin":79289,"position":3},"title":"\u00bfSe acerca el fin de las megabandas en Venezuela?","author":"Unidad Investigativa de Venezuela","date":"3 de marzo de 2022","format":false,"excerpt":"Las fuerzas de seguridad de Venezuela han dado de baja a varios jefes pandilleros, lo que indica que las pandillas ya no est\u00e1n operando con impunidad como lo han hecho durante a\u00f1os, aunque algunas han logrado evadir esta arremetida.","rel":"","context":"En \u00abNoticias\u00bb","block_context":{"text":"Noticias","link":"https:\/\/insightcrime.org\/es\/category\/noticias\/"},"img":{"alt_text":"","src":"https:\/\/i0.wp.com\/insightcrime.org\/wp-content\/uploads\/2022\/03\/El-Koki-Gang-Leaders-Venezuela-Dead.png?fit=350%2C250&quality=100&ssl=1&resize=350%2C200","width":350,"height":200},"classes":[]},{"id":172704,"url":"https:\/\/insightcrime.org\/es\/investigations\/mas-alla-del-cartel-de-los-soles\/","url_meta":{"origin":79289,"position":4},"title":"M\u00e1s all\u00e1 del Cartel de los Soles","author":"Unidad Investigativa de Venezuela","date":"2 de mayo de 2022","format":false,"excerpt":"En 2020, el Departamento de Justicia de Estados Unidos emiti\u00f3 una explosiva denuncia en la que se acusaba de \u201cnarcoterrorismo\u201d al presidente de Venezuela, Nicol\u00e1s Maduro","rel":"","context":"En \u00abAudio\u00bb","block_context":{"text":"Audio","link":"https:\/\/insightcrime.org\/category\/audio\/"},"img":{"alt_text":"Ilustraci\u00f3n del C\u00e1rtel de los Soles","src":"https:\/\/i0.wp.com\/insightcrime.org\/wp-content\/uploads\/2022\/04\/Venezuela-Narco-CoverChapterTwo.jpg?fit=1200%2C438&quality=100&ssl=1&resize=350%2C200","width":350,"height":200,"srcset":"https:\/\/i0.wp.com\/insightcrime.org\/wp-content\/uploads\/2022\/04\/Venezuela-Narco-CoverChapterTwo.jpg?fit=1200%2C438&quality=100&ssl=1&resize=350%2C200 1x, https:\/\/i0.wp.com\/insightcrime.org\/wp-content\/uploads\/2022\/04\/Venezuela-Narco-CoverChapterTwo.jpg?fit=1200%2C438&quality=100&ssl=1&resize=525%2C300 1.5x, https:\/\/i0.wp.com\/insightcrime.org\/wp-content\/uploads\/2022\/04\/Venezuela-Narco-CoverChapterTwo.jpg?fit=1200%2C438&quality=100&ssl=1&resize=700%2C400 2x, https:\/\/i0.wp.com\/insightcrime.org\/wp-content\/uploads\/2022\/04\/Venezuela-Narco-CoverChapterTwo.jpg?fit=1200%2C438&quality=100&ssl=1&resize=1050%2C600 3x"},"classes":[]},{"id":129557,"url":"https:\/\/insightcrime.org\/es\/venezuela-organized-crime-news\/colectivo-de-seguridad-fronteriza\/","url_meta":{"origin":79289,"position":5},"title":"Colectivo de Seguridad Fronteriza","author":"InSight Crime","date":"22 de septiembre de 2021","format":false,"excerpt":"El Colectivo de Seguridad Fronteriza (CSF) es una milicia irregular con apoyo estatal asentada en el estado de T\u00e1chira, en la frontera con Colombia.","rel":"","context":"En \u00abVenezuela\u00bb","block_context":{"text":"Venezuela","link":"https:\/\/insightcrime.org\/category\/venezuela-organized-crime-news\/"},"img":{"alt_text":"Grupo Criminal Colectivo de Seguridad Fronteriza, Venezuela.","src":"https:\/\/i0.wp.com\/insightcrime.org\/wp-content\/uploads\/2026\/08\/Grupo-Criminal-Colectivo-de-Seguridad-Fronteriza-Venezuela.jpg?fit=1200%2C900&quality=100&ssl=1&resize=350%2C200","width":350,"height":200,"srcset":"https:\/\/i0.wp.com\/insightcrime.org\/wp-content\/uploads\/2026\/08\/Grupo-Criminal-Colectivo-de-Seguridad-Fronteriza-Venezuela.jpg?fit=1200%2C900&quality=100&ssl=1&resize=350%2C200 1x, https:\/\/i0.wp.com\/insightcrime.org\/wp-content\/uploads\/2026\/08\/Grupo-Criminal-Colectivo-de-Seguridad-Fronteriza-Venezuela.jpg?fit=1200%2C900&quality=100&ssl=1&resize=525%2C300 1.5x, https:\/\/i0.wp.com\/insightcrime.org\/wp-content\/uploads\/2026\/08\/Grupo-Criminal-Colectivo-de-Seguridad-Fronteriza-Venezuela.jpg?fit=1200%2C900&quality=100&ssl=1&resize=700%2C400 2x, https:\/\/i0.wp.com\/insightcrime.org\/wp-content\/uploads\/2026\/08\/Grupo-Criminal-Colectivo-de-Seguridad-Fronteriza-Venezuela.jpg?fit=1200%2C900&quality=100&ssl=1&resize=1050%2C600 3x"},"classes":[]}],"jetpack_featured_media_url":"https:\/\/i0.wp.com\/insightcrime.org\/wp-content\/uploads\/2018\/02\/rsz_afm_7178.jpg?fit=350%2C250&quality=100&ssl=1","_links":{"self":[{"href":"https:\/\/insightcrime.org\/es\/wp-json\/wp\/v2\/posts\/79289","targetHints":{"allow":["GET"]}}],"collection":[{"href":"https:\/\/insightcrime.org\/es\/wp-json\/wp\/v2\/posts"}],"about":[{"href":"https:\/\/insightcrime.org\/es\/wp-json\/wp\/v2\/types\/post"}],"author":[{"embeddable":true,"href":"https:\/\/insightcrime.org\/es\/wp-json\/wp\/v2\/users\/153"}],"replies":[{"embeddable":true,"href":"https:\/\/insightcrime.org\/es\/wp-json\/wp\/v2\/comments?post=79289"}],"version-history":[{"count":5,"href":"https:\/\/insightcrime.org\/es\/wp-json\/wp\/v2\/posts\/79289\/revisions"}],"predecessor-version":[{"id":79325,"href":"https:\/\/insightcrime.org\/es\/wp-json\/wp\/v2\/posts\/79289\/revisions\/79325"}],"wp:featuredmedia":[{"embeddable":true,"href":"https:\/\/insightcrime.org\/es\/wp-json\/wp\/v2\/media\/79214"}],"wp:attachment":[{"href":"https:\/\/insightcrime.org\/es\/wp-json\/wp\/v2\/media?parent=79289"}],"wp:term":[{"taxonomy":"category","embeddable":true,"href":"https:\/\/insightcrime.org\/es\/wp-json\/wp\/v2\/categories?post=79289"},{"taxonomy":"post_tag","embeddable":true,"href":"https:\/\/insightcrime.org\/es\/wp-json\/wp\/v2\/tags?post=79289"},{"taxonomy":"newspack_spnsrs_tax","embeddable":true,"href":"https:\/\/insightcrime.org\/es\/wp-json\/wp\/v2\/newspack_spnsrs_tax?post=79289"},{"taxonomy":"author","embeddable":true,"href":"https:\/\/insightcrime.org\/es\/wp-json\/wp\/v2\/coauthors?post=79289"}],"curies":[{"name":"wp","href":"https:\/\/api.w.org\/{rel}","templated":true}]}}