{"id":7929,"date":"2015-06-08T20:46:47","date_gmt":"2017-03-28T00:09:23","guid":{"rendered":"http:\/\/newwp.insightcrime.org?p=7929"},"modified":"2023-04-24T15:46:18","modified_gmt":"2023-04-24T20:46:18","slug":"cumbre-internacional-pone-relieve-contradicciones-en-debate-sobre-politica-de-drogas","status":"publish","type":"post","link":"https:\/\/insightcrime.org\/es\/noticias\/noticias-del-dia\/cumbre-internacional-pone-relieve-contradicciones-en-debate-sobre-politica-de-drogas\/","title":{"rendered":"Cumbre internacional pone de relieve contradicciones en el debate sobre la pol\u00edtica de drogas"},"content":{"rendered":"\n<p class=\"wp-block-paragraph\">La Conferencia Internacional para el Control de Drogas en Colombia puso una vez m\u00e1s en el centro de atenci\u00f3n las contradicciones en el cambiante discurso detr\u00e1s de las pol\u00edticas de drogas; por ejemplo, el hecho de que los llamados a despenalizar a los consumidores y productores de drogas entran en conflicto con los planes de incrementar las acciones de erradicaci\u00f3n de cultivos.<\/p>\n\n\n\n<p class=\"wp-block-paragraph\"><a target=\"_blank\" href=\"https:\/\/www.eluniversal.com.co\/cartagena\/manana-comienza-la-conferencia-internacional-para-el-control-de-drogas-195646\">La XXXII Conferencia Internacional para el Control de Drogas<\/a> en Cartagena, Colombia, comenz\u00f3 con una fuerte denuncia del presidente colombiano Juan Manuel Santos sobre las fallas de las actuales pol\u00edticas de drogas . <a target=\"_blank\" href=\"https:\/\/internacional.elpais.com\/internacional\/2015\/06\/02\/actualidad\/1433273029_488181.html\">En su discurso<\/a>, Santos dijo que el objetivo de un mundo libre de drogas <a target=\"_blank\" href=\"https:\/\/www.eltiempo.com\/politica\/gobierno\/santos-llamada-a-nuevo-enfoque-en-lucha-antidrogas\/15879800\">no es realista<\/a>, y pidi\u00f3 un \u201c<a target=\"_blank\" href=\"https:\/\/www.elespectador.com\/noticias\/politica\/ruta-del-cambio-guerra-antidrogas-articulo-564394\">cambio de enfoque<\/a>\u201d para enfrentar al narcotr\u00e1fico. <a target=\"_blank\" href=\"https:\/\/www.elheraldo.co\/nacional\/santos-propone-giro-en-lucha-antidrogas-en-cumbre-en-cartagena-197688\">Dijo que esto debe ser el resultado<\/a> de una \u201cdiscusi\u00f3n rigurosa basada en evidencias y no en prejuicios [\u2026] y, en especial, despojada de esas pretensiones pol\u00edticas e ideol\u00f3gicas\u201d.<\/p>\n\n\n\n<p class=\"wp-block-paragraph\">Santos agreg\u00f3 que los campesinos y los adictos a las drogas no deben ser tratados como narcotraficantes o como miembros de grupos del crimen organizado, y <a target=\"_blank\" href=\"https:\/\/actualidad.rt.com\/actualidad\/176508-santos-proponer-estrategia-combatir-drogas\">cuestion\u00f3 <\/a>que alguien pueda ir a la c\u00e1rcel por cultivar marihuana, una pr\u00e1ctica que ya es legal en muchos pa\u00edses y en varios estados de Estados Unidos.<\/p>\n\n\n\n<p class=\"wp-block-paragraph\">Sin embargo, su intento de romper con el paradigma actual de la lucha contra las drogas se reflej\u00f3 s\u00f3lo parcialmente en los 103 acuerdos bilaterales y multilaterales a los que llegaron los delegados, procedentes de 109 pa\u00edses. <a target=\"_blank\" href=\"https:\/\/www.20minutos.com.mx\/noticia\/b286899\/conferencia-de-drogas-logra-103-acuerdos-contra-el-narcotrafico\/\">Seg\u00fan Notimex<\/a>, aunque algunas de las propuestas buscan hacer \u00e9nfasis en la prevenci\u00f3n, la drogadicci\u00f3n y el respeto a los derechos humanos, otras pretenden aumentar el uso de tecnolog\u00eda e inteligencia para penetrar las zonas de cultivos y mejorar los esfuerzos de interdicci\u00f3n.<\/p>\n\n\n\n<p class=\"wp-block-paragraph\">El 3 de junio, el jefe del Comando Sur de Estados Unidos (SOUTHCOM por sus iniciales en ingl\u00e9s), <a target=\"_blank\" href=\"https:\/\/www.el-nacional.com\/mundo\/Comando-Sur-Venezuela-ayuda-antidrogas_0_640136262.html\">el general John Kelly afirm\u00f3 <\/a>que Estados Unidos, con su \u201cdemanda insaciable por las drogas\u201d, es una parte importante del problema.<\/p>\n\n\n\n<h3 class=\"wp-block-heading\">An\u00e1lisis de InSight Crime<\/h3>\n\n\n\n<p class=\"wp-block-paragraph\">La ret\u00f3rica utilizada en la conferencia, que denuncia las fallas en la guerra contra las drogas y hace un llamado a dar un enfoque m\u00e1s humano a la problem\u00e1tica, refleja los cambiantes par\u00e1metros en el debate por el control de drogas en el continente.<\/p>\n\n\n\n<p class=\"wp-block-paragraph\"><a target=\"_blank\" href=\"\/news\/analysis\/guatemala-colombia-mexico-urge-un-review-global-drug-policy\">Desde hace varios a\u00f1os <\/a>se han venido presentado cada vez m\u00e1s llamados a tomar un camino diferente a<a target=\"_blank\" href=\"\/noticias\/analisis\/jife-onu-llama-atencion-reformas-latinoamerica\"> la fuerte pol\u00edtica prohibicionista<\/a> consagrada en <a target=\"_blank\" href=\"https:\/\/www.unodc.org\/unodc\/treaties\/\">las convenciones de las Naciones Unidas <\/a>sobre drogas (y tradicionalmente apoyada por Estados Unidos). Por otro lado, algunos <a target=\"_blank\" href=\"\/noticias\/noticias-del-dia\/jamaica-sera-la-ultima-nacion-de-latinoamerica-en-despenalizar-la-marihuana\">gobiernos <\/a>y <a target=\"_blank\" href=\"\/noticias\/analisis\/la-guerra-contra-las-drogas-subvierte-los-derechos-humanos-y-fortalece-el-crimen-organizado-human-rights-watch\">grupos de derechos humanos <\/a>en Latinoam\u00e9rica han presionado para dar a la pol\u00edtica de drogas un enfoque m\u00e1s preventivo y <a target=\"_blank\" href=\"\/noticias\/analisis\/latinoamerica-rumbo-politica-drogas-basada-salud\">basado en la salud<\/a>.<\/p>\n\n\n\n<p class=\"wp-block-paragraph\"><strong><span style=\"color: #800000\">VEA TAMBI\u00c9N:<\/span><\/strong> <a target=\"_blank\" href=\"\/politica-antidrogas\">Cobertura sobre la pol\u00edtica de drogas<\/a><\/p>\n\n\n\n<p class=\"wp-block-paragraph\">Sin embargo, algunas de las propuestas presentadas demuestran las continuas contradicciones en las narrativas, en un momento en que la regi\u00f3n se dirige hacia un nuevo paradigma. La m\u00e1s notoria proviene del contraste entre las declaraciones sobre los cultivos hechas por el presidente Santos \u2014quien recientemente <a target=\"_blank\" href=\"\/noticias\/noticias-del-dia\/colombia-suspende-fumigaciones-aereas-coca\">prohibi\u00f3 la fumigaci\u00f3n a\u00e9rea de los cultivos de coca<\/a> con el herbicida glifosato en Colombia\u2014 y los planes de aumentar los esfuerzos para hacer frente a la producci\u00f3n de drogas desde la fuente \u2014un negocio que ha logrado persistir a pesar de una pol\u00edtica extremadamente costosa y con <a target=\"_blank\" href=\"https:\/\/www.brookings.edu\/~\/media\/Research\/Files\/Papers\/2015\/04\/global-drug-policy\/Mejia--Colombia-final-2.pdf?la=en\">controvertidos resultados<\/a>\u2014.<\/p>\n","protected":false},"excerpt":{"rendered":"<p>La Conferencia Internacional para el Control de Drogas en Colombia puso una vez m\u00e1s en el centro de atenci\u00f3n las contradicciones en el cambiante discurso detr\u00e1s de las pol\u00edticas de drogas; por ejemplo, el hecho de que los llamados a despenalizar a los consumidores y productores de drogas entran en conflicto con los planes de incrementar las acciones de erradicaci\u00f3n de cultivos.<\/p>\n","protected":false},"author":25,"featured_media":42686,"comment_status":"closed","ping_status":"closed","sticky":false,"template":"","format":"standard","meta":{"newspack_ads_suppress_ads":false,"newspack_popups_has_disabled_popups":false,"newspack_sponsor_sponsorship_scope":"","newspack_sponsor_native_byline_display":"inherit","newspack_sponsor_native_category_display":"inherit","newspack_sponsor_underwriter_style":"inherit","newspack_sponsor_underwriter_placement":"inherit","_EventAllDay":false,"_EventTimezone":"","_EventStartDate":"","_EventEndDate":"","_EventStartDateUTC":"","_EventEndDateUTC":"","_EventShowMap":false,"_EventShowMapLink":false,"_EventURL":"","_EventCost":"","_EventCostDescription":"","_EventCurrencySymbol":"","_EventCurrencyCode":"","_EventCurrencyPosition":"","_EventDateTimeSeparator":"","_EventTimeRangeSeparator":"","_EventOrganizerID":[],"_EventVenueID":[],"_OrganizerEmail":"","_OrganizerPhone":"","_OrganizerWebsite":"","_VenueAddress":"","_VenueCity":"","_VenueCountry":"","_VenueProvince":"","_VenueState":"","_VenueZip":"","_VenuePhone":"","_VenueURL":"","_VenueStateProvince":"","_VenueLat":"","_VenueLng":"","_VenueShowMap":false,"_VenueShowMapLink":false,"_newspack_byline_active":false,"_newspack_byline":"","newspack_hide_updated_date":false,"newspack_show_updated_date":false,"newspack_featured_image_position":"","newspack_post_subtitle":"","newspack_article_summary_title":"Overview:","newspack_article_summary":"","_jetpack_memberships_contains_paid_content":false,"footnotes":""},"categories":[334],"tags":[368,472],"newspack_spnsrs_tax":[],"coauthors":[3872],"class_list":["post-7929","post","type-post","status-publish","format-standard","has-post-thumbnail","hentry","category-noticias-del-dia","tag-colombia-pais","tag-politica-de-drogas","entry"],"parsely":{"version":"1.1.0","canonical_url":"https:\/\/insightcrime.org\/es\/noticias\/noticias-del-dia\/cumbre-internacional-pone-relieve-contradicciones-en-debate-sobre-politica-de-drogas\/","smart_links":{"inbound":0,"outbound":0},"traffic_boost_suggestions_count":0,"meta":{"@context":"https:\/\/schema.org","@type":"NewsArticle","headline":"Cumbre internacional pone de relieve contradicciones en el debate sobre la pol\u00edtica de drogas","url":"http:\/\/insightcrime.org\/es\/noticias\/noticias-del-dia\/cumbre-internacional-pone-relieve-contradicciones-en-debate-sobre-politica-de-drogas\/","mainEntityOfPage":{"@type":"WebPage","@id":"http:\/\/insightcrime.org\/es\/noticias\/noticias-del-dia\/cumbre-internacional-pone-relieve-contradicciones-en-debate-sobre-politica-de-drogas\/"},"thumbnailUrl":"https:\/\/i0.wp.com\/insightcrime.org\/wp-content\/uploads\/2015\/06\/es-15-06-05-Colombia-Santos.jpeg?resize=150%2C142&quality=100&ssl=1","image":{"@type":"ImageObject","url":"https:\/\/i0.wp.com\/insightcrime.org\/wp-content\/uploads\/2015\/06\/es-15-06-05-Colombia-Santos.jpeg?fit=250%2C142&quality=100&ssl=1"},"articleSection":"Noticias del d\u00eda","author":[{"@type":"Person","name":"Michael Lohmuller"}],"creator":["Michael Lohmuller"],"publisher":{"@type":"Organization","name":"InSight Crime","logo":"https:\/\/insightcrime.org\/wp-content\/uploads\/2023\/08\/logo.png"},"keywords":["colombia","pol\u00edtica de drogas"],"dateCreated":"2017-03-28T00:09:23Z","datePublished":"2017-03-28T00:09:23Z","dateModified":"2023-04-24T20:46:18Z"},"rendered":"<meta name=\"parsely-title\" content=\"Cumbre internacional pone de relieve contradicciones en el debate sobre la pol\u00edtica de drogas\" \/>\n<meta name=\"parsely-link\" content=\"http:\/\/insightcrime.org\/es\/noticias\/noticias-del-dia\/cumbre-internacional-pone-relieve-contradicciones-en-debate-sobre-politica-de-drogas\/\" \/>\n<meta name=\"parsely-type\" content=\"post\" \/>\n<meta name=\"parsely-image-url\" content=\"https:\/\/i0.wp.com\/insightcrime.org\/wp-content\/uploads\/2015\/06\/es-15-06-05-Colombia-Santos.jpeg?resize=150%2C142&amp;quality=100&amp;ssl=1\" \/>\n<meta name=\"parsely-pub-date\" content=\"2017-03-28T00:09:23Z\" \/>\n<meta name=\"parsely-section\" content=\"Noticias del d\u00eda\" \/>\n<meta name=\"parsely-tags\" content=\"colombia,pol\u00edtica de drogas\" \/>\n<meta name=\"parsely-author\" content=\"Michael Lohmuller\" \/>","tracker_url":"https:\/\/cdn.parsely.com\/keys\/insightcrime.org\/p.js"},"jetpack_sharing_enabled":true,"jetpack-related-posts":[{"id":198634,"url":"https:\/\/insightcrime.org\/es\/noticias\/presidente-petro-de-colombia-desafia-politica-antidrogas-de-ee-uu-ante-la-onu\/","url_meta":{"origin":7929,"position":0},"title":"Presidente Petro de Colombia desaf\u00eda pol\u00edtica antidrogas de EE. UU. ante la ONU","author":"Juliana Manjarr\u00e9s","date":"22 de septiembre de 2022","format":false,"excerpt":"El presidente de Colombia hizo desafiantes declaraciones en su primer discurso como mandatario ante la ONU.\u00a0","rel":"","context":"En \u00abNoticias\u00bb","block_context":{"text":"Noticias","link":"https:\/\/insightcrime.org\/es\/category\/noticias\/"},"img":{"alt_text":"Gustavo Petro ante la ONU en 2022","src":"https:\/\/i0.wp.com\/insightcrime.org\/wp-content\/uploads\/2022\/09\/gustavo_petro_UN_20220922.jpg?fit=1200%2C466&quality=100&ssl=1&resize=350%2C200","width":350,"height":200,"srcset":"https:\/\/i0.wp.com\/insightcrime.org\/wp-content\/uploads\/2022\/09\/gustavo_petro_UN_20220922.jpg?fit=1200%2C466&quality=100&ssl=1&resize=350%2C200 1x, https:\/\/i0.wp.com\/insightcrime.org\/wp-content\/uploads\/2022\/09\/gustavo_petro_UN_20220922.jpg?fit=1200%2C466&quality=100&ssl=1&resize=525%2C300 1.5x, https:\/\/i0.wp.com\/insightcrime.org\/wp-content\/uploads\/2022\/09\/gustavo_petro_UN_20220922.jpg?fit=1200%2C466&quality=100&ssl=1&resize=700%2C400 2x, https:\/\/i0.wp.com\/insightcrime.org\/wp-content\/uploads\/2022\/09\/gustavo_petro_UN_20220922.jpg?fit=1200%2C466&quality=100&ssl=1&resize=1050%2C600 3x"},"classes":[]},{"id":232462,"url":"https:\/\/insightcrime.org\/es\/noticias\/aciertos-retos-ambiciosa-politica-drogas-colombia\/","url_meta":{"origin":7929,"position":1},"title":"Los aciertos y retos de la ambiciosa pol\u00edtica de drogas de Colombia","author":"Lara Loaiza","date":"12 de septiembre de 2023","format":false,"excerpt":"La nueva pol\u00edtica de drogas presentada por el gobierno colombiano acierta al cambiar el enfoque sobre la lucha contra las drogas, pero ante el aumento imparable de los cultivos de coca, existen serias dudas sobre la capacidad del Estado para implementarla. El 9 de septiembre, el Ministerio de Justicia de\u2026","rel":"","context":"En \u00abNoticias\u00bb","block_context":{"text":"Noticias","link":"https:\/\/insightcrime.org\/es\/category\/noticias\/"},"img":{"alt_text":"","src":"https:\/\/i0.wp.com\/insightcrime.org\/wp-content\/uploads\/2023\/09\/Colombia-President-Gustavo-Petro-raises-his-fist-at-the-end-of-his-inauguration-speech-Aug-2022-AP_22220013460170-A2.jpg?fit=1200%2C690&quality=100&ssl=1&resize=350%2C200","width":350,"height":200,"srcset":"https:\/\/i0.wp.com\/insightcrime.org\/wp-content\/uploads\/2023\/09\/Colombia-President-Gustavo-Petro-raises-his-fist-at-the-end-of-his-inauguration-speech-Aug-2022-AP_22220013460170-A2.jpg?fit=1200%2C690&quality=100&ssl=1&resize=350%2C200 1x, https:\/\/i0.wp.com\/insightcrime.org\/wp-content\/uploads\/2023\/09\/Colombia-President-Gustavo-Petro-raises-his-fist-at-the-end-of-his-inauguration-speech-Aug-2022-AP_22220013460170-A2.jpg?fit=1200%2C690&quality=100&ssl=1&resize=525%2C300 1.5x, https:\/\/i0.wp.com\/insightcrime.org\/wp-content\/uploads\/2023\/09\/Colombia-President-Gustavo-Petro-raises-his-fist-at-the-end-of-his-inauguration-speech-Aug-2022-AP_22220013460170-A2.jpg?fit=1200%2C690&quality=100&ssl=1&resize=700%2C400 2x, https:\/\/i0.wp.com\/insightcrime.org\/wp-content\/uploads\/2023\/09\/Colombia-President-Gustavo-Petro-raises-his-fist-at-the-end-of-his-inauguration-speech-Aug-2022-AP_22220013460170-A2.jpg?fit=1200%2C690&quality=100&ssl=1&resize=1050%2C600 3x"},"classes":[]},{"id":307492,"url":"https:\/\/insightcrime.org\/es\/noticias\/se-avecinan-cambios-regimen-internacional-drogas-medio-agitacion-mundial\/","url_meta":{"origin":7929,"position":2},"title":"\u00bfSe avecinan cambios en el r\u00e9gimen internacional de drogas en medio de la agitaci\u00f3n mundial?","author":"Steven Dudley","date":"17 de abril de 2025","format":false,"excerpt":"Una resoluci\u00f3n hist\u00f3rica de la Comisi\u00f3n de Estupefacientes de las Naciones Unidas (CND), de marzo, podr\u00eda marcar el inicio de un cambio profundo en el r\u00e9gimen internacional de control de drogas. O bien, dado el retiro de EE. UU. del escenario multilateral, representar el principio del fin del r\u00e9gimen.","rel":"","context":"En \u00abNoticias\u00bb","block_context":{"text":"Noticias","link":"https:\/\/insightcrime.org\/es\/category\/noticias\/"},"img":{"alt_text":"","src":"https:\/\/i0.wp.com\/insightcrime.org\/wp-content\/uploads\/2025\/04\/Flagship-cover-1-InSightCrime-2025-1.jpg?fit=1200%2C690&quality=100&ssl=1&resize=350%2C200","width":350,"height":200,"srcset":"https:\/\/i0.wp.com\/insightcrime.org\/wp-content\/uploads\/2025\/04\/Flagship-cover-1-InSightCrime-2025-1.jpg?fit=1200%2C690&quality=100&ssl=1&resize=350%2C200 1x, https:\/\/i0.wp.com\/insightcrime.org\/wp-content\/uploads\/2025\/04\/Flagship-cover-1-InSightCrime-2025-1.jpg?fit=1200%2C690&quality=100&ssl=1&resize=525%2C300 1.5x, https:\/\/i0.wp.com\/insightcrime.org\/wp-content\/uploads\/2025\/04\/Flagship-cover-1-InSightCrime-2025-1.jpg?fit=1200%2C690&quality=100&ssl=1&resize=700%2C400 2x, https:\/\/i0.wp.com\/insightcrime.org\/wp-content\/uploads\/2025\/04\/Flagship-cover-1-InSightCrime-2025-1.jpg?fit=1200%2C690&quality=100&ssl=1&resize=1050%2C600 3x"},"classes":[]},{"id":204219,"url":"https:\/\/insightcrime.org\/es\/la-organizacion\/uso-de-datos-para-desenmascarar-el-crimen\/","url_meta":{"origin":7929,"position":3},"title":"Uso de datos para desenmascarar el crimen","author":"InSight Crime","date":"14 de noviembre de 2022","format":false,"excerpt":"El codirector Jeremy McDermott hizo una presentaci\u00f3n virtual en una conferencia organizada por la Oficina de las Naciones Unidas contra la Droga y el Delito (ONUDD), la \u201cSexta Conferencia Internacional sobre Estad\u00edsticas de Gobernanza, Criminalidad y Justicia\u201d, que se llev\u00f3 a cabo en Se\u00fal, Corea del Sur, del 9 al\u2026","rel":"","context":"En \u00abLa Organizaci\u00f3n\u00bb","block_context":{"text":"La Organizaci\u00f3n","link":"https:\/\/insightcrime.org\/es\/category\/la-organizacion\/"},"img":{"alt_text":"","src":"https:\/\/i0.wp.com\/insightcrime.org\/wp-content\/uploads\/2022\/11\/Impact.jpg?fit=1200%2C690&quality=100&ssl=1&resize=350%2C200","width":350,"height":200,"srcset":"https:\/\/i0.wp.com\/insightcrime.org\/wp-content\/uploads\/2022\/11\/Impact.jpg?fit=1200%2C690&quality=100&ssl=1&resize=350%2C200 1x, https:\/\/i0.wp.com\/insightcrime.org\/wp-content\/uploads\/2022\/11\/Impact.jpg?fit=1200%2C690&quality=100&ssl=1&resize=525%2C300 1.5x, https:\/\/i0.wp.com\/insightcrime.org\/wp-content\/uploads\/2022\/11\/Impact.jpg?fit=1200%2C690&quality=100&ssl=1&resize=700%2C400 2x, https:\/\/i0.wp.com\/insightcrime.org\/wp-content\/uploads\/2022\/11\/Impact.jpg?fit=1200%2C690&quality=100&ssl=1&resize=1050%2C600 3x"},"classes":[]},{"id":128025,"url":"https:\/\/insightcrime.org\/es\/noticias\/informe-politica-antidrogas-ee-uu\/","url_meta":{"origin":7929,"position":4},"title":"Informe recomienda una profunda revisi\u00f3n de la pol\u00edtica antidrogas de EE.UU.","author":"Max Radwin","date":"10 de diciembre de 2020","format":false,"excerpt":"El Congreso de Estados Unidos ha publicado un extenso informe sobre la pol\u00edtica de drogas en el continente americano, en el cual se establece una larga lista de recomendaciones para detener el narcotr\u00e1fico y abordar los problemas de salud p\u00fablica creados por el consumo de drogas.","rel":"","context":"En \u00abNoticias\u00bb","block_context":{"text":"Noticias","link":"https:\/\/insightcrime.org\/es\/category\/noticias\/"},"img":{"alt_text":"","src":"https:\/\/i0.wp.com\/insightcrime.org\/wp-content\/uploads\/2020\/12\/Colombia-Biden-Duque.jpg?fit=350%2C250&quality=100&ssl=1&resize=350%2C200","width":350,"height":200},"classes":[]},{"id":275503,"url":"https:\/\/insightcrime.org\/es\/la-organizacion\/insight-crime-organiza-una-conferencia-sobre-drogas-sinteticas-y-precursores-quimicos\/","url_meta":{"origin":7929,"position":5},"title":"InSight Crime organiza una conferencia sobre drogas sint\u00e9ticas y precursores qu\u00edmicos","author":"InSight Crime","date":"10 de mayo de 2024","format":false,"excerpt":"Esta semana, InSight Crime y la Universidad Iberoamericana organizaron una conferencia sobre drogas sint\u00e9ticas y precursores qu\u00edmicos en Ciudad de M\u00e9xico. El evento reuni\u00f3 a investigadores, expertos y pol\u00edticos para explorar la cadena de suministro de precursores qu\u00edmicos, el impacto del fentanilo en el crimen organizado y los efectos de\u2026","rel":"","context":"En \u00abLa Organizaci\u00f3n\u00bb","block_context":{"text":"La Organizaci\u00f3n","link":"https:\/\/insightcrime.org\/es\/category\/la-organizacion\/"},"img":{"alt_text":"","src":"https:\/\/i0.wp.com\/insightcrime.org\/wp-content\/uploads\/2024\/05\/IMG_1613-1-scaled.jpg?fit=1200%2C900&quality=100&ssl=1&resize=350%2C200","width":350,"height":200,"srcset":"https:\/\/i0.wp.com\/insightcrime.org\/wp-content\/uploads\/2024\/05\/IMG_1613-1-scaled.jpg?fit=1200%2C900&quality=100&ssl=1&resize=350%2C200 1x, https:\/\/i0.wp.com\/insightcrime.org\/wp-content\/uploads\/2024\/05\/IMG_1613-1-scaled.jpg?fit=1200%2C900&quality=100&ssl=1&resize=525%2C300 1.5x, https:\/\/i0.wp.com\/insightcrime.org\/wp-content\/uploads\/2024\/05\/IMG_1613-1-scaled.jpg?fit=1200%2C900&quality=100&ssl=1&resize=700%2C400 2x, https:\/\/i0.wp.com\/insightcrime.org\/wp-content\/uploads\/2024\/05\/IMG_1613-1-scaled.jpg?fit=1200%2C900&quality=100&ssl=1&resize=1050%2C600 3x"},"classes":[]}],"jetpack_featured_media_url":"https:\/\/i0.wp.com\/insightcrime.org\/wp-content\/uploads\/2015\/06\/es-15-06-05-Colombia-Santos.jpeg?fit=250%2C142&quality=100&ssl=1","_links":{"self":[{"href":"https:\/\/insightcrime.org\/es\/wp-json\/wp\/v2\/posts\/7929","targetHints":{"allow":["GET"]}}],"collection":[{"href":"https:\/\/insightcrime.org\/es\/wp-json\/wp\/v2\/posts"}],"about":[{"href":"https:\/\/insightcrime.org\/es\/wp-json\/wp\/v2\/types\/post"}],"author":[{"embeddable":true,"href":"https:\/\/insightcrime.org\/es\/wp-json\/wp\/v2\/users\/25"}],"replies":[{"embeddable":true,"href":"https:\/\/insightcrime.org\/es\/wp-json\/wp\/v2\/comments?post=7929"}],"version-history":[{"count":1,"href":"https:\/\/insightcrime.org\/es\/wp-json\/wp\/v2\/posts\/7929\/revisions"}],"predecessor-version":[{"id":24781,"href":"https:\/\/insightcrime.org\/es\/wp-json\/wp\/v2\/posts\/7929\/revisions\/24781"}],"wp:featuredmedia":[{"embeddable":true,"href":"https:\/\/insightcrime.org\/es\/wp-json\/wp\/v2\/media\/42686"}],"wp:attachment":[{"href":"https:\/\/insightcrime.org\/es\/wp-json\/wp\/v2\/media?parent=7929"}],"wp:term":[{"taxonomy":"category","embeddable":true,"href":"https:\/\/insightcrime.org\/es\/wp-json\/wp\/v2\/categories?post=7929"},{"taxonomy":"post_tag","embeddable":true,"href":"https:\/\/insightcrime.org\/es\/wp-json\/wp\/v2\/tags?post=7929"},{"taxonomy":"newspack_spnsrs_tax","embeddable":true,"href":"https:\/\/insightcrime.org\/es\/wp-json\/wp\/v2\/newspack_spnsrs_tax?post=7929"},{"taxonomy":"author","embeddable":true,"href":"https:\/\/insightcrime.org\/es\/wp-json\/wp\/v2\/coauthors?post=7929"}],"curies":[{"name":"wp","href":"https:\/\/api.w.org\/{rel}","templated":true}]}}