{"id":7935,"date":"2015-06-10T15:19:44","date_gmt":"2017-03-28T00:09:25","guid":{"rendered":"http:\/\/newwp.insightcrime.org?p=7935"},"modified":"2023-04-24T15:46:20","modified_gmt":"2023-04-24T20:46:20","slug":"asesinato-colombia-despierta-temores-violencia-liberacion-paramilitares","status":"publish","type":"post","link":"https:\/\/insightcrime.org\/es\/noticias\/noticias-del-dia\/asesinato-colombia-despierta-temores-violencia-liberacion-paramilitares\/","title":{"rendered":"Asesinato en Colombia despierta temores de violencia por liberaci\u00f3n de paramilitares"},"content":{"rendered":"\n<p class=\"wp-block-paragraph\">El primer jefe paramilitar que sali\u00f3 de prisi\u00f3n bajo el programa de justicia transicional de Colombia fue asesinado, lo cual puede ser un presagio de que habr\u00e1 m\u00e1s violencia a medida que una nueva generaci\u00f3n de organizaciones criminales reaccione a la liberaci\u00f3n de antiguos jefes criminales.<\/p>\n\n\n\n<p class=\"wp-block-paragraph\">El 6 de junio, dos presuntos miembros de un grupo criminal no identificado asesinaron a Jos\u00e9 de Jes\u00fas P\u00e9rez Jim\u00e9nez, alias \u201cSancocho\u201d, en Medell\u00edn, <a href=\"https:\/\/noticias.terra.com.co\/colombia\/asesinan-a-primer-exjefe-paramilitar-colombiano-liberado-tras-cumplir-condena,e059f4177cbebf7c20d528bf211092adx0xdRCRD.html\" target=\"_blank\">inform\u00f3 la agencia espa\u00f1ola de noticias EFE.<\/a><\/p>\n\n\n\n<p class=\"wp-block-paragraph\">P\u00e9rez era comandante de las Autodefensas Unidas de Colombia (AUC), una coalici\u00f3n de derecha de grupos paramilitares que finaliz\u00f3 su proceso de desmovilizaci\u00f3n en 2006. P\u00e9rez <a href=\"https:\/\/www.elespectador.com\/noticias\/judicial\/libre-primer-comandante-de-auc-articulo-506057\" target=\"_blank\">fue puesto en libertad <\/a>en julio de 2014, luego de cumplir ocho a\u00f1os de condena en el marco de la Ley de Justicia y Paz de Colombia, la cual ofreci\u00f3 sentencias reducidas a jefes paramilitares a cambio de su desmovilizaci\u00f3n y de que ofrecieran informaci\u00f3n sobre el conflicto armado.<\/p>\n\n\n\n<p class=\"wp-block-paragraph\"><a href=\"https:\/\/www.elcolombiano.com\/en-triple-homicidio-en-moravia-murio-alias-sancocho-exjefe-paramilitar-IK2095684\" target=\"_blank\">Seg\u00fan El Colombiano<\/a>, la Polic\u00eda afirm\u00f3 que las investigaciones preliminares en el caso indican que P\u00e9rez fue asesinado como retaliaci\u00f3n por los cr\u00edmenes que cometi\u00f3 como miembro de las AUC. El Colombiano tambi\u00e9n inform\u00f3 que las autoridades han vinculado a P\u00e9rez con m\u00e1s de 200 cr\u00edmenes, lo que incluye su participaci\u00f3n en la masacre de 26 ind\u00edgenas en el departamento del Cauca en 2001.<\/p>\n\n\n\n<p class=\"wp-block-paragraph\">Adem\u00e1s de P\u00e9rez, otros dos individuos fueron asesinados durante el ataque, <a href=\"https:\/\/www.caracol.com.co\/noticias\/regionales\/asesinan-en-medellin-a-primer-jefe-paramilitar-en-quedar-libre\/20150607\/nota\/2795974.aspx\" target=\"_blank\">inform\u00f3 Caracol Radio.<\/a><\/p>\n\n\n\n<h3 class=\"wp-block-heading\">An\u00e1lisis de InSight Crime<\/h3>\n\n\n\n<p class=\"wp-block-paragraph\">La perspectiva de la liberaci\u00f3n de exl\u00edderes de las AUC podr\u00eda generar una sensaci\u00f3n de amenaza entre sus sucesores \u2014las organizaciones neoparamilitares conocidas como Bacrim (acr\u00f3nimo de \u201cbandas criminales\u201d)\u2014 ya que los antiguos l\u00edderes de los paramilitares tienen el potencial de modificar el estado actual del hampa colombiano.<\/p>\n\n\n\n<p class=\"wp-block-paragraph\">En gran parte de Colombia, el hampa est\u00e1 pasando por un periodo de relativa calma, con poca competencia entre las diferentes Bacrim y relaciones bien establecidas entre narcotraficantes y grupos guerrilleros. Pero si los exparamilitares puestos en libertad bajo la Ley de Justicia y Paz deciden usar su experiencia y contactos para intentar reorganizarse, podr\u00edan provocar una nueva ola de violencia y rivalidades.<\/p>\n\n\n\n<p class=\"wp-block-paragraph\"><strong><span style=\"color: #800000\">VEA TAMBI\u00c9N<\/span><\/strong>: <a href=\"\/component\/tags\/tag\/340-bacrim\" target=\"_blank\">Cobertura sobre las Bacrim<\/a><\/p>\n\n\n\n<p class=\"wp-block-paragraph\">Otra de las grandes preocupaciones de las Bacrim es el actual proceso de paz entre el gobierno colombiano y las Fuerzas Armadas Revolucionarias de Colombia (FARC). Un acuerdo de paz afectar\u00eda enormemente el estado actual del hampa en Colombia, dada la <a href=\"https:\/\/es.insightcrime.org\/investigaciones\/farc-paz-y-posible-criminalizacion\/\" target=\"_blank\">potencial participaci\u00f3n en actividades criminales<\/a> por parte de algunos frentes de las FARC en un escenario de posconflicto.<\/p>\n\n\n\n<p class=\"wp-block-paragraph\">Sin embargo, por el momento las Bacrim probablemente se est\u00e1n beneficiando de la atenci\u00f3n que las fuerzas de seguridad le han puesto a combatir a las FARC desde que la guerrilla termin\u00f3 oficialmente <a href=\"https:\/\/www.elheraldo.co\/nacional\/farc-levantan-cese-al-fuego-unilateral-tras-bombardeo-196437\" target=\"_blank\">el cese al fuego unilateral<\/a> a finales de mayo. Desde entonces, las FARC han lanzado ataques contra el sector energ\u00e9tico en varios departamentos, como <a href=\"https:\/\/www.elespectador.com\/noticias\/judicial\/farc-dinamitan-tres-torres-de-energia-norte-de-santande-articulo-564276\" target=\"_blank\">Norte de Santander<\/a>, <a href=\"https:\/\/www.elespectador.com\/noticias\/nacional\/farc-ocasionan-derrame-de-crudo-putumayo-articulo-565182\" target=\"_blank\">Putumayo<\/a> y <a href=\"https:\/\/www.elespectador.com\/noticias\/nacional\/atentado-buenaventura-fue-irracional-puro-terrorismo-sa-articulo-563932\" target=\"_blank\">Valle del Cauca<\/a>, y una vez m\u00e1s se han convertido en una prioridad de seguridad para el Estado.&nbsp;<\/p>\n","protected":false},"excerpt":{"rendered":"<p>El primer jefe paramilitar que sali\u00f3 de prisi\u00f3n bajo el programa de justicia transicional de Colombia fue asesinado, lo cual puede ser un presagio de que habr\u00e1 m\u00e1s violencia a medida que una nueva generaci\u00f3n de organizaciones criminales reaccione a la liberaci\u00f3n de antiguos jefes criminales.<\/p>\n","protected":false},"author":36,"featured_media":42696,"comment_status":"closed","ping_status":"closed","sticky":false,"template":"","format":"standard","meta":{"newspack_ads_suppress_ads":false,"newspack_popups_has_disabled_popups":false,"newspack_sponsor_sponsorship_scope":"","newspack_sponsor_native_byline_display":"inherit","newspack_sponsor_native_category_display":"inherit","newspack_sponsor_underwriter_style":"inherit","newspack_sponsor_underwriter_placement":"inherit","_EventAllDay":false,"_EventTimezone":"","_EventStartDate":"","_EventEndDate":"","_EventStartDateUTC":"","_EventEndDateUTC":"","_EventShowMap":false,"_EventShowMapLink":false,"_EventURL":"","_EventCost":"","_EventCostDescription":"","_EventCurrencySymbol":"","_EventCurrencyCode":"","_EventCurrencyPosition":"","_EventDateTimeSeparator":"","_EventTimeRangeSeparator":"","_EventOrganizerID":[],"_EventVenueID":[],"_OrganizerEmail":"","_OrganizerPhone":"","_OrganizerWebsite":"","_VenueAddress":"","_VenueCity":"","_VenueCountry":"","_VenueProvince":"","_VenueState":"","_VenueZip":"","_VenuePhone":"","_VenueURL":"","_VenueStateProvince":"","_VenueLat":"","_VenueLng":"","_VenueShowMap":false,"_VenueShowMapLink":false,"_newspack_byline_active":false,"_newspack_byline":"","newspack_hide_updated_date":false,"newspack_show_updated_date":false,"newspack_featured_image_position":"","newspack_post_subtitle":"","newspack_article_summary_title":"Overview:","newspack_article_summary":"","_jetpack_memberships_contains_paid_content":false,"footnotes":""},"categories":[334],"tags":[390,368,1542,475],"newspack_spnsrs_tax":[],"coauthors":[3924],"class_list":["post-7935","post","type-post","status-publish","format-standard","has-post-thumbnail","hentry","category-noticias-del-dia","tag-las-auc","tag-colombia-pais","tag-farc-ep","tag-paz-con-las-farc","entry"],"parsely":{"version":"1.1.0","canonical_url":"https:\/\/insightcrime.org\/es\/noticias\/noticias-del-dia\/asesinato-colombia-despierta-temores-violencia-liberacion-paramilitares\/","smart_links":{"inbound":0,"outbound":0},"traffic_boost_suggestions_count":0,"meta":{"@context":"https:\/\/schema.org","@type":"NewsArticle","headline":"Asesinato en Colombia despierta temores de violencia por liberaci\u00f3n de paramilitares","url":"http:\/\/insightcrime.org\/es\/noticias\/noticias-del-dia\/asesinato-colombia-despierta-temores-violencia-liberacion-paramilitares\/","mainEntityOfPage":{"@type":"WebPage","@id":"http:\/\/insightcrime.org\/es\/noticias\/noticias-del-dia\/asesinato-colombia-despierta-temores-violencia-liberacion-paramilitares\/"},"thumbnailUrl":"https:\/\/i0.wp.com\/insightcrime.org\/wp-content\/uploads\/2015\/06\/es-15-06-08-Colombia-Sancocho.jpg?resize=150%2C150&quality=100&ssl=1","image":{"@type":"ImageObject","url":"https:\/\/i0.wp.com\/insightcrime.org\/wp-content\/uploads\/2015\/06\/es-15-06-08-Colombia-Sancocho.jpg?fit=250%2C185&quality=100&ssl=1"},"articleSection":"Noticias del d\u00eda","author":[{"@type":"Person","name":"David Gagne"}],"creator":["David Gagne"],"publisher":{"@type":"Organization","name":"InSight Crime","logo":"https:\/\/insightcrime.org\/wp-content\/uploads\/2023\/08\/logo.png"},"keywords":["auc","colombia","farc","paz farc"],"dateCreated":"2017-03-28T00:09:25Z","datePublished":"2017-03-28T00:09:25Z","dateModified":"2023-04-24T20:46:20Z"},"rendered":"<meta name=\"parsely-title\" content=\"Asesinato en Colombia despierta temores de violencia por liberaci\u00f3n de paramilitares\" \/>\n<meta name=\"parsely-link\" content=\"http:\/\/insightcrime.org\/es\/noticias\/noticias-del-dia\/asesinato-colombia-despierta-temores-violencia-liberacion-paramilitares\/\" \/>\n<meta name=\"parsely-type\" content=\"post\" \/>\n<meta name=\"parsely-image-url\" content=\"https:\/\/i0.wp.com\/insightcrime.org\/wp-content\/uploads\/2015\/06\/es-15-06-08-Colombia-Sancocho.jpg?resize=150%2C150&amp;quality=100&amp;ssl=1\" \/>\n<meta name=\"parsely-pub-date\" content=\"2017-03-28T00:09:25Z\" \/>\n<meta name=\"parsely-section\" content=\"Noticias del d\u00eda\" \/>\n<meta name=\"parsely-tags\" content=\"auc,colombia,farc,paz farc\" \/>\n<meta name=\"parsely-author\" content=\"David Gagne\" \/>","tracker_url":"https:\/\/cdn.parsely.com\/keys\/insightcrime.org\/p.js"},"jetpack_sharing_enabled":true,"jetpack-related-posts":[{"id":147081,"url":"https:\/\/insightcrime.org\/es\/noticias\/desmovilizados-paramilitares-siguen-extorsionando\/","url_meta":{"origin":7935,"position":0},"title":"Desmovilizados pero no desarmados: paramilitares en Colombia siguen extorsionando","author":"Gabrielle Gorder","date":"31 de mayo de 2021","format":false,"excerpt":"Varios desmovilizados de un conocido grupo paramilitar de derecha en Colombia se hicieron pasar como un nuevo grupo de autodefensas y comenzaron a extorsionar.","rel":"","context":"En \u00abNoticias\u00bb","block_context":{"text":"Noticias","link":"https:\/\/insightcrime.org\/es\/category\/noticias\/"},"img":{"alt_text":"","src":"https:\/\/i0.wp.com\/insightcrime.org\/wp-content\/uploads\/2021\/05\/AUC-Caldas-Fiscalia-mayo2021.jpg?fit=1200%2C898&quality=100&ssl=1&resize=350%2C200","width":350,"height":200,"srcset":"https:\/\/i0.wp.com\/insightcrime.org\/wp-content\/uploads\/2021\/05\/AUC-Caldas-Fiscalia-mayo2021.jpg?fit=1200%2C898&quality=100&ssl=1&resize=350%2C200 1x, https:\/\/i0.wp.com\/insightcrime.org\/wp-content\/uploads\/2021\/05\/AUC-Caldas-Fiscalia-mayo2021.jpg?fit=1200%2C898&quality=100&ssl=1&resize=525%2C300 1.5x, https:\/\/i0.wp.com\/insightcrime.org\/wp-content\/uploads\/2021\/05\/AUC-Caldas-Fiscalia-mayo2021.jpg?fit=1200%2C898&quality=100&ssl=1&resize=700%2C400 2x, https:\/\/i0.wp.com\/insightcrime.org\/wp-content\/uploads\/2021\/05\/AUC-Caldas-Fiscalia-mayo2021.jpg?fit=1200%2C898&quality=100&ssl=1&resize=1050%2C600 3x"},"classes":[]},{"id":272086,"url":"https:\/\/insightcrime.org\/es\/noticias-crimen-organizado-colombia\/salvatore-mancuso\/","url_meta":{"origin":7935,"position":1},"title":"Salvatore Mancuso","author":"InSight Crime","date":"12 de julio de 2024","format":false,"excerpt":"Salvatore Mancuso, alias \u201cEl Mono\u201d o \u201cSantander Lozada\u201d, es un excomandante paramilitar colombiano que hizo parte de las Autodefensas Campesinas de C\u00f3rdoba y Urab\u00e1 (ACCU) y de las Autodefensas Unidas de Colombia (AUC).","rel":"","context":"En \u00abColombia\u00bb","block_context":{"text":"Colombia","link":"https:\/\/insightcrime.org\/es\/category\/noticias-crimen-organizado-colombia\/"},"img":{"alt_text":"Salvatore Mancuso","src":"https:\/\/i0.wp.com\/insightcrime.org\/wp-content\/uploads\/2026\/06\/Perfil-Criminal-Salvatore-Mancuso.jpg?fit=1200%2C900&quality=100&ssl=1&resize=350%2C200","width":350,"height":200,"srcset":"https:\/\/i0.wp.com\/insightcrime.org\/wp-content\/uploads\/2026\/06\/Perfil-Criminal-Salvatore-Mancuso.jpg?fit=1200%2C900&quality=100&ssl=1&resize=350%2C200 1x, https:\/\/i0.wp.com\/insightcrime.org\/wp-content\/uploads\/2026\/06\/Perfil-Criminal-Salvatore-Mancuso.jpg?fit=1200%2C900&quality=100&ssl=1&resize=525%2C300 1.5x, https:\/\/i0.wp.com\/insightcrime.org\/wp-content\/uploads\/2026\/06\/Perfil-Criminal-Salvatore-Mancuso.jpg?fit=1200%2C900&quality=100&ssl=1&resize=700%2C400 2x, https:\/\/i0.wp.com\/insightcrime.org\/wp-content\/uploads\/2026\/06\/Perfil-Criminal-Salvatore-Mancuso.jpg?fit=1200%2C900&quality=100&ssl=1&resize=1050%2C600 3x"},"classes":[]},{"id":232677,"url":"https:\/\/insightcrime.org\/es\/noticias\/salvatore-mancuso-revela-informacion-redes-criminales-auc-colombia\/","url_meta":{"origin":7935,"position":2},"title":"Salvatore Mancuso revela informaci\u00f3n sobre redes criminales de las AUC en Colombia","author":"Sara Garcia","date":"23 de mayo de 2023","format":false,"excerpt":"El testimonio de uno de los comandantes m\u00e1s importantes de las Autodefensas Unidas de Colombia ante la justicia transicional colombiana esboza la relaci\u00f3n de las redes criminales de este grupo con miembros de altas esferas pol\u00edticas, econ\u00f3micas y militares del pa\u00eds.","rel":"","context":"En \u00abNoticias\u00bb","block_context":{"text":"Noticias","link":"https:\/\/insightcrime.org\/es\/category\/noticias\/"},"img":{"alt_text":"Salvatore Mancuso, exl\u00edder paramilitar, en una audiencia de la JEP","src":"https:\/\/i0.wp.com\/insightcrime.org\/wp-content\/uploads\/2023\/09\/Salvatore-Mancuso-1.jpg?fit=350%2C250&quality=100&ssl=1&resize=350%2C200","width":350,"height":200},"classes":[]},{"id":7016,"url":"https:\/\/insightcrime.org\/es\/noticias-crimen-organizado-colombia\/auc-perfil\/","url_meta":{"origin":7935,"position":3},"title":"AUC","author":"InSight Crime","date":"11 de junio de 2024","format":false,"excerpt":"Las Autodefensas Unidas de Colombia (AUC) fueron una coalici\u00f3n de ej\u00e9rcitos paramilitares de ultraderecha. Seg\u00fan sus principales l\u00edderes, su objetivo era detener la expansi\u00f3n de las guerrillas de izquierda en Colombia, sin embargo, detr\u00e1s de esto camuflaron un amplio portafolio de actividades il\u00edcitas y cr\u00edmenes de guerra como narcotr\u00e1fico, desplazamiento\u2026","rel":"","context":"En \u00abColombia\u00bb","block_context":{"text":"Colombia","link":"https:\/\/insightcrime.org\/es\/category\/noticias-crimen-organizado-colombia\/"},"img":{"alt_text":"United Self-Defense Forces of Colombia (AUC)","src":"https:\/\/i0.wp.com\/insightcrime.org\/wp-content\/uploads\/2026\/05\/Grupo-Criminal-AUC.jpg?fit=1200%2C900&quality=100&ssl=1&resize=350%2C200","width":350,"height":200,"srcset":"https:\/\/i0.wp.com\/insightcrime.org\/wp-content\/uploads\/2026\/05\/Grupo-Criminal-AUC.jpg?fit=1200%2C900&quality=100&ssl=1&resize=350%2C200 1x, https:\/\/i0.wp.com\/insightcrime.org\/wp-content\/uploads\/2026\/05\/Grupo-Criminal-AUC.jpg?fit=1200%2C900&quality=100&ssl=1&resize=525%2C300 1.5x, https:\/\/i0.wp.com\/insightcrime.org\/wp-content\/uploads\/2026\/05\/Grupo-Criminal-AUC.jpg?fit=1200%2C900&quality=100&ssl=1&resize=700%2C400 2x, https:\/\/i0.wp.com\/insightcrime.org\/wp-content\/uploads\/2026\/05\/Grupo-Criminal-AUC.jpg?fit=1200%2C900&quality=100&ssl=1&resize=1050%2C600 3x"},"classes":[]},{"id":66349,"url":"https:\/\/insightcrime.org\/es\/noticias-crimen-organizado-colombia\/don-berna\/","url_meta":{"origin":7935,"position":4},"title":"Diego Fernando Murillo, alias &#8216;Don Berna&#8217;","author":"InSight Crime","date":"3 de julio de 2024","format":false,"excerpt":"Hasta su extradici\u00f3n a Estados Unidos en 2008, Diego Fernando Murillo, alias \u201cDon Berna\u201d, fue el l\u00edder del grupo mafioso de la Oficina de Envigado, el cual creci\u00f3 de las cenizas del Cartel de Medell\u00edn de Pablo Escobar.","rel":"","context":"En \u00abColombia\u00bb","block_context":{"text":"Colombia","link":"https:\/\/insightcrime.org\/es\/category\/noticias-crimen-organizado-colombia\/"},"img":{"alt_text":"Perfil criminal - Diego Fernando Murillo, alias 'Don Berna' - Colombia.","src":"https:\/\/i0.wp.com\/insightcrime.org\/wp-content\/uploads\/2026\/08\/Perfil-Criminal-Alias-Don-Berna-Colombia.jpg?fit=1200%2C900&quality=100&ssl=1&resize=350%2C200","width":350,"height":200,"srcset":"https:\/\/i0.wp.com\/insightcrime.org\/wp-content\/uploads\/2026\/08\/Perfil-Criminal-Alias-Don-Berna-Colombia.jpg?fit=1200%2C900&quality=100&ssl=1&resize=350%2C200 1x, https:\/\/i0.wp.com\/insightcrime.org\/wp-content\/uploads\/2026\/08\/Perfil-Criminal-Alias-Don-Berna-Colombia.jpg?fit=1200%2C900&quality=100&ssl=1&resize=525%2C300 1.5x, https:\/\/i0.wp.com\/insightcrime.org\/wp-content\/uploads\/2026\/08\/Perfil-Criminal-Alias-Don-Berna-Colombia.jpg?fit=1200%2C900&quality=100&ssl=1&resize=700%2C400 2x, https:\/\/i0.wp.com\/insightcrime.org\/wp-content\/uploads\/2026\/08\/Perfil-Criminal-Alias-Don-Berna-Colombia.jpg?fit=1200%2C900&quality=100&ssl=1&resize=1050%2C600 3x"},"classes":[]},{"id":4850,"url":"https:\/\/insightcrime.org\/es\/noticias-crimen-organizado-colombia\/colombia\/","url_meta":{"origin":7935,"position":5},"title":"Perfil de Colombia","author":"InSight Crime","date":"31 de julio de 2024","format":false,"excerpt":"Desde hace d\u00e9cadas, Colombia se ha consolidado como el principal pa\u00eds productor de coca\u00edna en el mundo. Diferentes grupos criminales en el pa\u00eds han logrado abrirse paso en el narcotr\u00e1fico a trav\u00e9s de alianzas con mafias en todo el mundo.\u00a0","rel":"","context":"En \u00abColombia\u00bb","block_context":{"text":"Colombia","link":"https:\/\/insightcrime.org\/es\/category\/noticias-crimen-organizado-colombia\/"},"img":{"alt_text":"A soldier walking through a field in Colombia","src":"https:\/\/i0.wp.com\/insightcrime.org\/wp-content\/uploads\/2017\/08\/Colombia.jpg?fit=1200%2C766&quality=100&ssl=1&resize=350%2C200","width":350,"height":200,"srcset":"https:\/\/i0.wp.com\/insightcrime.org\/wp-content\/uploads\/2017\/08\/Colombia.jpg?fit=1200%2C766&quality=100&ssl=1&resize=350%2C200 1x, https:\/\/i0.wp.com\/insightcrime.org\/wp-content\/uploads\/2017\/08\/Colombia.jpg?fit=1200%2C766&quality=100&ssl=1&resize=525%2C300 1.5x, https:\/\/i0.wp.com\/insightcrime.org\/wp-content\/uploads\/2017\/08\/Colombia.jpg?fit=1200%2C766&quality=100&ssl=1&resize=700%2C400 2x, https:\/\/i0.wp.com\/insightcrime.org\/wp-content\/uploads\/2017\/08\/Colombia.jpg?fit=1200%2C766&quality=100&ssl=1&resize=1050%2C600 3x"},"classes":[]}],"jetpack_featured_media_url":"https:\/\/i0.wp.com\/insightcrime.org\/wp-content\/uploads\/2015\/06\/es-15-06-08-Colombia-Sancocho.jpg?fit=250%2C185&quality=100&ssl=1","_links":{"self":[{"href":"https:\/\/insightcrime.org\/es\/wp-json\/wp\/v2\/posts\/7935","targetHints":{"allow":["GET"]}}],"collection":[{"href":"https:\/\/insightcrime.org\/es\/wp-json\/wp\/v2\/posts"}],"about":[{"href":"https:\/\/insightcrime.org\/es\/wp-json\/wp\/v2\/types\/post"}],"author":[{"embeddable":true,"href":"https:\/\/insightcrime.org\/es\/wp-json\/wp\/v2\/users\/36"}],"replies":[{"embeddable":true,"href":"https:\/\/insightcrime.org\/es\/wp-json\/wp\/v2\/comments?post=7935"}],"version-history":[{"count":1,"href":"https:\/\/insightcrime.org\/es\/wp-json\/wp\/v2\/posts\/7935\/revisions"}],"predecessor-version":[{"id":24791,"href":"https:\/\/insightcrime.org\/es\/wp-json\/wp\/v2\/posts\/7935\/revisions\/24791"}],"wp:featuredmedia":[{"embeddable":true,"href":"https:\/\/insightcrime.org\/es\/wp-json\/wp\/v2\/media\/42696"}],"wp:attachment":[{"href":"https:\/\/insightcrime.org\/es\/wp-json\/wp\/v2\/media?parent=7935"}],"wp:term":[{"taxonomy":"category","embeddable":true,"href":"https:\/\/insightcrime.org\/es\/wp-json\/wp\/v2\/categories?post=7935"},{"taxonomy":"post_tag","embeddable":true,"href":"https:\/\/insightcrime.org\/es\/wp-json\/wp\/v2\/tags?post=7935"},{"taxonomy":"newspack_spnsrs_tax","embeddable":true,"href":"https:\/\/insightcrime.org\/es\/wp-json\/wp\/v2\/newspack_spnsrs_tax?post=7935"},{"taxonomy":"author","embeddable":true,"href":"https:\/\/insightcrime.org\/es\/wp-json\/wp\/v2\/coauthors?post=7935"}],"curies":[{"name":"wp","href":"https:\/\/api.w.org\/{rel}","templated":true}]}}