{"id":7936,"date":"2015-06-10T18:01:12","date_gmt":"2017-03-28T00:09:26","guid":{"rendered":"http:\/\/newwp.insightcrime.org?p=7936"},"modified":"2023-04-24T15:46:20","modified_gmt":"2023-04-24T20:46:20","slug":"alzheimer-podria-sacar-narcotraficante-guatemalteco-prision","status":"publish","type":"post","link":"https:\/\/insightcrime.org\/es\/noticias\/analisis\/alzheimer-podria-sacar-narcotraficante-guatemalteco-prision\/","title":{"rendered":"Alzh\u00e9imer podr\u00eda sacar de prisi\u00f3n a narcotraficante guatemalteco"},"content":{"rendered":"\n<p class=\"wp-block-paragraph\">Hace veinte a\u00f1os, Estados Unidos cocinaba a fuego lento el castigo que reservaba para Waldemar Lorenzana Lima, uno de los narcotraficantes m\u00e1s prominentes de Guatemala. Pero en 2015, el gran caso se le vino abajo cual castillo de naipes.<\/p>\n\n\n\n<p class=\"wp-block-paragraph\">La justicia estadounidense consigui\u00f3 que el pasado 18 de agosto Lorenzana Lima se declarara culpable de conspirar, junto a otras personas, de traficar coca\u00edna entre 1996 hasta al menos 2009, entre Colombia y M\u00e9xico, sabiendo que la droga ser\u00eda llevada a Estados Unidos. Seg\u00fan estimaciones de testigos y la fiscal\u00eda, Lorenzana Lima y sus hijos traficaron m\u00faltiples toneladas de coca\u00edna. Un c\u00e1lculo bastante conservador, con base en informaci\u00f3n de los testigos, indica que, s\u00f3lo entre 1988 y 2002, por ejemplo, traficaron droga propia y ajena por un valor (en Guatemala) de al menos US$1.800 millones de d\u00f3lares, y ganaron al menos US$207 millones por almacenaje y resguardo.<\/p>\n\n\n\n<p class=\"has-text-align-center wp-block-paragraph\"><em><strong>Este art\u00edculo apareci\u00f3 originalmente en<a target=\"_blank\" href=\"https:\/\/www.plazapublica.com.gt\/\"> Plaza P\u00fablica<\/a>, y fue editado y publicado con permiso. Vea el original <a target=\"_blank\" href=\"https:\/\/www.plazapublica.com.gt\/content\/la-cocaina-lo-metio-la-carcel-el-alzheimer-lo-podria-sacar\">aqu\u00ed<\/a><\/strong><\/em><\/p>\n\n\n\n<p class=\"wp-block-paragraph\">Hasta diciembre pasado, la jueza Colleen Kollar-Kotelly deb\u00eda decidir imponerle una pena de c\u00e1rcel que oscilara entre los cinco y 40 a\u00f1os. La fiscal\u00eda se inclinaba por un m\u00ednimo de 27 a\u00f1os. Sin embargo, despu\u00e9s de un diagn\u00f3stico preliminar de alzheim\u00e9r en febrero, y otro de abril pasado, el destino de Lorenzana Lima podr\u00eda dar un golpe de tim\u00f3n.<\/p>\n\n\n\n<p class=\"wp-block-paragraph\">Con 75 a\u00f1os de edad, Lorenzana Lima podr\u00eda: (1) ser excarcelado despu\u00e9s de un per\u00edodo de hospitalizaci\u00f3n, sin ser sentenciado; (2) ser internado en una cl\u00ednica especializada por la sentencia m\u00e1xima de 40 a\u00f1os (o cuanto sobreviva de ella); o (3) recibir una sentencia de c\u00e1rcel que oscile entre los cinco y 40 a\u00f1os, si se establece que puede recuperar sus facultades mentales, algo improbable, seg\u00fan sus abogados.<\/p>\n\n\n\n<p class=\"wp-block-paragraph\">En abril, cuando se cumplieron cuatro a\u00f1os de su captura en Guatemala, Manuel Guti\u00e9rrez, psic\u00f3logo forense en una prisi\u00f3n de Butner, Carolina del Norte, concluy\u00f3 que Lorenzana Lima \u201csufr\u00eda posiblemente de la enfermedad de Alzheimer\u201d. Adem\u00e1s, determin\u00f3 que \u201cno era competente para ser sentenciado\u201d.<\/p>\n\n\n\n<p class=\"wp-block-paragraph\">Guti\u00e9rrez explic\u00f3 que su condici\u00f3n le imped\u00eda comprender racionalmente el proceso legal en su contra, y colaborar con sus abogados defensores, quienes coincidieron con el dictamen. Uno de ellos, Eduardo Balarezo, dijo que su cliente no objet\u00f3 estas conclusiones. Tampoco lo hizo la fiscal\u00eda, aunque explic\u00f3 que una vez declarado culpable, era irrelevante si el procesado ya no pod\u00eda colaborar con sus abogados.<\/p>\n\n\n\n<div class=\"pull-quotes\">\n<div class=\"pull-quotes-body\">El juez le pregunt\u00f3 a P\u00e9rez si Lorenzana Lima ten\u00eda alg\u00fan problema de salud mental, sabiendo que \u00e9l hab\u00eda hablado con su cliente en d\u00edas y horas previos a la audiencia. \u201cNo, su se\u00f1or\u00eda\u201d fue la respuesta de P\u00e9rez.<\/div>\n<\/div>\n\n\n\n<p class=\"wp-block-paragraph\">Los abogados solicitaron la evaluaci\u00f3n del estado mental de Lorenzana Lima cuando faltaban s\u00f3lo semanas para la audiencia de su sentencia, en una corte de Washington, D.C. Ten\u00edan sus motivos. En una audiencia del 18 de febrero pasado, el abogado Joaqu\u00edn P\u00e9rez dijo que \u201csu cliente no lo reconoci\u00f3\u201d cuando lo visit\u00f3 pocos d\u00edas antes, aunque lo representa desde hace casi un a\u00f1o.<a target=\"_blank\" href=\"https:\/\/es.insightcrime.org\/noticias\/noticias-del-dia\/narcotraficante-guatemalteco-waldemar-lorenzana-alzheimer\/\"> Un reporte de Insight Crime<\/a> indica que ese d\u00eda Lorenzana Lima ingres\u00f3 a la corte \u201ctambale\u00e1ndose, vistiendo un traje de prisi\u00f3n naranja oscuro\u201d, y con un rostro inexpresivo y sin afeitar.<\/p>\n\n\n\n<h3 class=\"wp-block-heading\">Deterioro mental s\u00fabito<\/h3>\n\n\n\n<p class=\"wp-block-paragraph\">Seg\u00fan el expediente, Lorenzana Lima no mostraba problema mental alguno en 2014. El 9 de junio pasado, la psic\u00f3loga Elizabeth Teegarden, del Departamento de Salud y Conducta, del Distrito de Columbia, le declar\u00f3 \u201cmentalmente competente\u201d para comprender la acusaci\u00f3n en su contra. Luego, cuando se declar\u00f3 culpable el 18 de agosto \u2014cinco meses despu\u00e9s de su extradici\u00f3n a Estados Unidos\u2014, parec\u00eda una persona normal y saludable, como consta en el caso.<\/p>\n\n\n\n<p class=\"wp-block-paragraph\">\u2014\u00bfAlguna vez ha recibido tratamiento para cualquier tipo de enfermedad mental o problema emocional?\u2014 le pregunt\u00f3 la jueza.<\/p>\n\n\n\n<p class=\"wp-block-paragraph\">\u2014No, no, no, no, nunca \u2014dijo Lorenzana Lima, en espa\u00f1ol.<\/p>\n\n\n\n<p class=\"wp-block-paragraph\">El documento explica que una parte de su respuesta era incomprensible, pero que finalizaba con un \u201cpor la gracia de Dios\u201d.<\/p>\n\n\n\n<p class=\"wp-block-paragraph\">La jueza le pregunt\u00f3 al abogado P\u00e9rez si Lorenzana Lima ten\u00eda alg\u00fan problema de salud mental, sabiendo que el defensor habl\u00f3 con su cliente en los d\u00edas previos y unas horas antes de la audiencia. El abogado respondi\u00f3 sin titubeos, \u201cno su se\u00f1or\u00eda\u201d. Pero la defensa s\u00ed le dijo a la jueza que tuvo dificultades para que su cliente comprendiera que no pod\u00eda declararse culpable de la conspiraci\u00f3n, y decir que todo ocurri\u00f3 a sus espaldas. La jueza le pidi\u00f3 decidir: era lo uno o lo otro. Despu\u00e9s de una breve consulta con su abogado, Lorenzana Lima se retract\u00f3. Dijo que estaba enterado de todo, pero que quienes manejaban el negocio eran sus hijos, no \u00e9l. Eso, despu\u00e9s de enterarse que sus hijos quisieron enga\u00f1arle y ocultarle ganancias, seg\u00fan un testigo.<\/p>\n\n\n\n<p class=\"wp-block-paragraph\"><strong><span style=\"color: #800000\">VEA TAMBI\u00c9N:<\/span><\/strong><a target=\"_blank\" href=\"\/noticias-sobre-crimen-organizado-en-guatemala\"> Noticias y perfiles de Guatemala<\/a><\/p>\n\n\n\n<p class=\"wp-block-paragraph\">Luego, en enero pasado, la corte pidi\u00f3 a la psic\u00f3loga forense Teresa Grant otra evaluaci\u00f3n psiqui\u00e1trica. La fiscal\u00eda anot\u00f3 en el documento 555 del expediente que desconoce si lo decidi\u00f3 la jueza o lo pidi\u00f3 la defensa. Pero el reporte de la Dra. Grant fue un callej\u00f3n sin salida. La especialista dijo que le fue imposible formar una opini\u00f3n respecto a la competencia mental del procesado, y recomend\u00f3 m\u00e1s evaluaciones. Por eso, en febrero, la jueza Kollar-Kotelly suspendi\u00f3 hasta nueva orden la audiencia de sentencia del 24 de marzo, y solicit\u00f3 otra evaluaci\u00f3n para Lorenzana Lima. Esa fue la prueba que el especialista Guti\u00e9rrez le practic\u00f3 en la prisi\u00f3n de seguridad media en Butner, Carolina del Norte, donde el procesado estaba recluido.<\/p>\n\n\n\n<p class=\"wp-block-paragraph\">En abril, Guti\u00e9rrez confirm\u00f3 que \u201cel procesado padece de una enfermedad mental o defecto que lo hace incompetente\u201d. Balarezo pidi\u00f3 a la corte que su cliente permaneciera en Carolina del Norte. \u201cDada su edad y condici\u00f3n, el Sr. Lorenzana, y el suministro de sus medicamentos, ser\u00edan mejor monitoreados en Butner, que destaca por su habilidad para proveer cuidados especiales para internos con problemas de conducta\u201d, dijo el abogado.<\/p>\n\n\n\n<p class=\"wp-block-paragraph\">El 27 de abril, ante los resultados de todas las evaluaciones psicol\u00f3gicas previas, la jueza orden\u00f3 pruebas neuropsicol\u00f3gicas para Lorenzana Lima para verficar el diagn\u00f3stico de Guti\u00e9rrez. Aunque orden\u00f3 que Lorenzana Lima permaneciera en Butner, los registros el Bur\u00f3 Federal de Prisiones revelan que fue enviado a la Instituci\u00f3n Correccional Federal Pertersburg Medium, una prisi\u00f3n de seguridad media (con celdas comunales y literas) en Hopewell, Virginia.<\/p>\n\n\n\n<p class=\"wp-block-paragraph\">Para el pasado 18 de mayo las partes deb\u00edan presentar argumentos adicionales respecto a qu\u00e9 proponen hacer con Lorenzana Lima. La fiscal\u00eda insiste en que un procesado declarado culpable, por \u00e9l mismo o un jurado, puede ser encarcelado bajo cuidados especiales. La defensa se opone.<\/p>\n\n\n\n<h3 class=\"wp-block-heading\">Ventana a la excarcelaci\u00f3n<\/h3>\n\n\n\n<p class=\"wp-block-paragraph\">La jueza Kollar-Kotelly anunci\u00f3 que si Lorenzana Lima no mejora, la audiencia de sentencia permanecer\u00e1 en suspenso, y los especialistas en la prisi\u00f3n de Butner, Carolina del Norte, tienen hasta el 27 de agosto para \u201cpreparar un reporte psiqui\u00e1trico o psicol\u00f3gico\u201d para determinar dos escenarios: (1) si el procesado padece de una enfermedad o defecto mental que, al ser excarcelado, le har\u00eda f\u00edsicamente peligroso para otras personas, o (2) si sufre de una enfermedad o defecto mental por la cual, en lugar de ser sentenciado a una pena de c\u00e1rcel, debe ser internado en una cl\u00ednica de tratamiento.<\/p>\n\n\n\n<p class=\"wp-block-paragraph\">Pero la Divisi\u00f3n Criminal del Departamento de Justicia de Estados Unidos, una supra fiscal\u00eda para casos clave, no se la cree. Los fiscales temen que internar en una cl\u00ednica a un procesado con problemas mentales, y sin sentenciar, \u201clo incentivar\u00eda a rechazar medicamentos con la esperanza de evadir una sentencia, y su cumplimiento en una c\u00e1rcel o un asilo\u201d, seg\u00fan el documento 555, p\u00e1gina 13. Los fiscales creen, en cambio, que \u201cun procesado ser\u00eda menos propenso a incurrir en esas acciones si sabe que podr\u00edan llevar a una sentencia provisional m\u00e1s larga que la que recibir\u00eda en condiciones normales\u201d.<\/p>\n\n\n\n<p class=\"wp-block-paragraph\">En febrero, cuando se divulg\u00f3 el diagn\u00f3stico preliminar de alzh\u00e9imer, el documento 538 del caso revela, en voz de la fiscal\u00eda, que \u201cal procesado se le han prescrito medicinas a las que parece estar respondiendo bien, [pero] tambi\u00e9n ha rechazado numerosas evaluaciones m\u00e9dicas que se le han ofrecido mientras ha estado bajo custodia\u201d.<\/p>\n\n\n\n<p class=\"wp-block-paragraph\">No obstante, en otro documento, el abogado Balarezo dijo que \u201cel intento de la fiscal\u00eda de sugerir que el Sr. Lorenzana podr\u00eda fingir su condici\u00f3n para evadir la sentencia, y la c\u00e1rcel, muestra el reducido conocimiento [de la fiscal\u00eda] acerca de la naturaleza de esta enfermedad y es particularmente ofensivo para quienes sufren de alzh\u00e9imer\u201d. Pero cuando la defensa achac\u00f3 a los fiscales querer que la corte sentencie a un anciano con la enferemdad de Alzheimer, respondieron que de no haber luchado contra su extradici\u00f3n durante tres a\u00f1os en juzgados guatemaltecos, Lorenzana Lima habr\u00eda sido sentenciado mucho antes.<\/p>\n\n\n\n<h3 class=\"wp-block-heading\">Lazos Familiares<\/h3>\n\n\n\n<p class=\"wp-block-paragraph\">El expediente identifica a los testigos que narraron c\u00f3mo operababan los Lorenzana s\u00f3lo como Testigo Uno, Testigo Dos y Testigo Tres, y que se declararon culpables o cumplen condenas de c\u00e1rcel por narcotr\u00e1fico en Estados Unidos. El contenido revela que el Dos y el Tres crecieron con los hijos de Lorenzana Lima, y que el Dos dirig\u00eda una red que trasegaba droga entre Suram\u00e9rica y Centroam\u00e9rica o M\u00e9xico, y le suministraba coca\u00edna. Es un perfil que guarda muchas coincidencias con el de Otto Herrera Garc\u00eda, y su hermano Guillermo, quienes adem\u00e1s cumplieron condenas de c\u00e1rcel en Estados Unidos por narcotr\u00e1fico: Otto Herrera, de 2007 a 2013 (los primeros seis meses en una c\u00e1rcel en Colombia, donde lo capturaron) y Guillermo Herrera, hasta 2003, seg\u00fan el \u00fanico registro p\u00fablico disponible.<\/p>\n\n\n\n<p class=\"wp-block-paragraph\">Un decomiso de los US$14 millones de d\u00f3lares e importantes documentos en una casa alquilada a nombre de Herrera en la zona 14 de la capital, en abril de 2003, quiz\u00e1 deton\u00f3 su captura en 2004 en M\u00e9xico, de donde se fug\u00f3 un a\u00f1o despu\u00e9s, de una c\u00e1rcel de m\u00e1xima seguridad. En los a\u00f1os que siguieron a la recaptura de Herrera en Colombia, en 2007, cayeron otras piezas cual cascada de domin\u00f3. En 2009, la fiscal\u00eda acus\u00f3 formalmente a los Lorenzana y pidi\u00f3 su captura a Guatemala, que llev\u00f3 a varios operativos fallidos en la ciudad oriental de Zacapa. En abril de 2011, finalmente cay\u00f3 capturado Lorenzana Lima; en noviembre, su hijo, Eli\u00fa Lorenzana Cord\u00f3n. En septiembre de 2013 caer\u00eda su otro hijo, Waldemar, extraditado en noviembre pasado. Eli\u00fa fue extraditado en abril pasado. Los hijos enfrentan los mismos cargos que el padre, ante la misma corte.<\/p>\n\n\n\n<p class=\"wp-block-paragraph\"><strong><span style=\"color: #800000\">VEA TAMBI\u00c9N:<\/span><\/strong> <a target=\"_blank\" href=\"https:\/\/es.insightcrime.org\/noticias-crimen-organizado-guatemala\/los-lorenzana\/\">Cobertura de Los Lorenzana<\/a><\/p>\n\n\n\n<p class=\"wp-block-paragraph\">Waldemar Lorenzana Cord\u00f3n, encargado de almacenar la droga, fue el \u00fanico hijo que Lorenzana Lima mencion\u00f3 por nombre cuando dijo en 2014 que sus hijos eran los narcotraficantes, y no \u00e9l. Sin embargo, el Testigo Uno aseguraba que otro hermano, Haroldo Lorenzana Cord\u00f3n, le dijo que Eli\u00fa distribu\u00eda la coca\u00edna al resto de la familia, incluyendo al padre, y la compraba al Testigo Dos.<\/p>\n\n\n\n<p class=\"wp-block-paragraph\">Si la jueza declara a Lorenzana Lima incompetente para ser sentenciado, pese a las revelaciones de los testigos, a sus hijos capturados no les queda ninguna brazada salvadora \u2014a menos que delaten a los dem\u00e1s y se declaren culpables\u2014. Una fuente con acceso al c\u00edrculo de los Lorenzana asegura que los hijos pr\u00f3fugos siguen traficando, y que Haroldo Lorenzana Cord\u00f3n ya anunci\u00f3 que no piensa poner un pie en una c\u00e1rcel estadounidense, que prefiere morir \u201cechando plomo\u201d y grit\u00e1ndole a la polic\u00eda: \u201c\u00a1Que viva la coca porque de esto vivimos todos!\u201d.<\/p>\n\n\n\n<p class=\"wp-block-paragraph\">Haroldo, que quiso ser como el padre, seg\u00fan el Testigo Uno, ya no se quiere ver en ese espejo: vestido de naranja y reducido a una litera de habitaci\u00f3n comunal en la c\u00e1rcel, en un asilo rodeado de enfermos mentales en Estados Unidos, o quiz\u00e1 libre y deportado con un imperio en ruinas. Ahora, el destino del padre est\u00e1 en manos de psic\u00f3logos forenses y de la jueza. Y en los siguientes cuatro meses, Kollar-Kotelly debe decidir si el castigo que Estados Unidos reserv\u00f3 para Lorenzana Lima ya caduc\u00f3.<\/p>\n\n\n\n<p class=\"wp-block-paragraph\"><em>&nbsp;*Este art\u00edculo apareci\u00f3 originalmente en <a target=\"_blank\" href=\"https:\/\/www.plazapublica.com.gt\/\">Plaza P\u00fablica<\/a>, y fue editado y publicado con permiso. Vea el original <a target=\"_blank\" href=\"https:\/\/www.plazapublica.com.gt\/content\/la-cocaina-lo-metio-la-carcel-el-alzheimer-lo-podria-sacar\">aqu\u00ed<\/a><\/em><\/p>\n","protected":false},"excerpt":{"rendered":"<p>Hace veinte a\u00f1os, Estados Unidos cocinaba a fuego lento el castigo que reservaba para Waldemar Lorenzana Lima, uno de los narcotraficantes m\u00e1s prominentes de Guatemala. Pero en 2015, el gran caso se le vino abajo cual castillo de naipes.<\/p>\n","protected":false},"author":45,"featured_media":42674,"comment_status":"closed","ping_status":"closed","sticky":false,"template":"","format":"standard","meta":{"newspack_ads_suppress_ads":false,"newspack_popups_has_disabled_popups":false,"newspack_sponsor_sponsorship_scope":"","newspack_sponsor_native_byline_display":"inherit","newspack_sponsor_native_category_display":"inherit","newspack_sponsor_underwriter_style":"inherit","newspack_sponsor_underwriter_placement":"inherit","_EventAllDay":false,"_EventTimezone":"","_EventStartDate":"","_EventEndDate":"","_EventStartDateUTC":"","_EventEndDateUTC":"","_EventShowMap":false,"_EventShowMapLink":false,"_EventURL":"","_EventCost":"","_EventCostDescription":"","_EventCurrencySymbol":"","_EventCurrencyCode":"","_EventCurrencyPosition":"","_EventDateTimeSeparator":"","_EventTimeRangeSeparator":"","_EventOrganizerID":[],"_EventVenueID":[],"_OrganizerEmail":"","_OrganizerPhone":"","_OrganizerWebsite":"","_VenueAddress":"","_VenueCity":"","_VenueCountry":"","_VenueProvince":"","_VenueState":"","_VenueZip":"","_VenuePhone":"","_VenueURL":"","_VenueStateProvince":"","_VenueLat":"","_VenueLng":"","_VenueShowMap":false,"_VenueShowMapLink":false,"_newspack_byline_active":false,"_newspack_byline":"","newspack_hide_updated_date":false,"newspack_show_updated_date":false,"newspack_featured_image_position":"","newspack_post_subtitle":"","newspack_article_summary_title":"Overview:","newspack_article_summary":"","_jetpack_memberships_contains_paid_content":false,"footnotes":""},"categories":[340],"tags":[374,2944],"newspack_spnsrs_tax":[],"coauthors":[3657],"class_list":["post-7936","post","type-post","status-publish","format-standard","has-post-thumbnail","hentry","category-analisis","tag-guatemala-pais","tag-lorenzanas-es","entry"],"parsely":{"version":"1.1.0","canonical_url":"https:\/\/insightcrime.org\/es\/noticias\/analisis\/alzheimer-podria-sacar-narcotraficante-guatemalteco-prision\/","smart_links":{"inbound":0,"outbound":0},"traffic_boost_suggestions_count":0,"meta":{"@context":"https:\/\/schema.org","@type":"NewsArticle","headline":"Alzh\u00e9imer podr\u00eda sacar de prisi\u00f3n a narcotraficante guatemalteco","url":"http:\/\/insightcrime.org\/es\/noticias\/analisis\/alzheimer-podria-sacar-narcotraficante-guatemalteco-prision\/","mainEntityOfPage":{"@type":"WebPage","@id":"http:\/\/insightcrime.org\/es\/noticias\/analisis\/alzheimer-podria-sacar-narcotraficante-guatemalteco-prision\/"},"thumbnailUrl":"https:\/\/i0.wp.com\/insightcrime.org\/wp-content\/uploads\/2015\/06\/es-15-06-03-Guatemala-Lorenzana-Alzheimer.jpg?resize=150%2C150&quality=100&ssl=1","image":{"@type":"ImageObject","url":"https:\/\/i0.wp.com\/insightcrime.org\/wp-content\/uploads\/2015\/06\/es-15-06-03-Guatemala-Lorenzana-Alzheimer.jpg?fit=250%2C166&quality=100&ssl=1"},"articleSection":"An\u00e1lisis","author":[{"@type":"Person","name":"Julie Lopez"}],"creator":["Julie Lopez"],"publisher":{"@type":"Organization","name":"InSight Crime","logo":"https:\/\/insightcrime.org\/wp-content\/uploads\/2023\/08\/logo.png"},"keywords":["guatemala","lorenzanas"],"dateCreated":"2017-03-28T00:09:26Z","datePublished":"2017-03-28T00:09:26Z","dateModified":"2023-04-24T20:46:20Z"},"rendered":"<meta name=\"parsely-title\" content=\"Alzh\u00e9imer podr\u00eda sacar de prisi\u00f3n a narcotraficante guatemalteco\" \/>\n<meta name=\"parsely-link\" content=\"http:\/\/insightcrime.org\/es\/noticias\/analisis\/alzheimer-podria-sacar-narcotraficante-guatemalteco-prision\/\" \/>\n<meta name=\"parsely-type\" content=\"post\" \/>\n<meta name=\"parsely-image-url\" content=\"https:\/\/i0.wp.com\/insightcrime.org\/wp-content\/uploads\/2015\/06\/es-15-06-03-Guatemala-Lorenzana-Alzheimer.jpg?resize=150%2C150&amp;quality=100&amp;ssl=1\" \/>\n<meta name=\"parsely-pub-date\" content=\"2017-03-28T00:09:26Z\" \/>\n<meta name=\"parsely-section\" content=\"An\u00e1lisis\" \/>\n<meta name=\"parsely-tags\" content=\"guatemala,lorenzanas\" \/>\n<meta name=\"parsely-author\" content=\"Julie Lopez\" \/>","tracker_url":"https:\/\/cdn.parsely.com\/keys\/insightcrime.org\/p.js"},"jetpack_sharing_enabled":true,"jetpack-related-posts":[{"id":347833,"url":"https:\/\/insightcrime.org\/es\/noticias\/ataque-fronterizo-guatemala-evidencia-regreso-clan-lorenzana\/","url_meta":{"origin":7936,"position":0},"title":"Ataque fronterizo en Guatemala evidencia el regreso del clan de los Lorenzana\u00a0","author":"Alex Papadovassilakis","date":"27 de julio de 2026","format":false,"excerpt":"Los reportes que vinculan un ataque armado en la frontera entre Guatemala y Honduras con la red de tr\u00e1fico de drogas de los Lorenzana evidencian la capacidad de resistencia de los clanes familiares en el narcotr\u00e1fico centroamericano.","rel":"","context":"En \u00abNoticias\u00bb","block_context":{"text":"Noticias","link":"https:\/\/insightcrime.org\/es\/category\/noticias\/"},"img":{"alt_text":"Haroldo Waldemar Lorenzana Terraza, alias \u201cHaroldito.\"","src":"https:\/\/i0.wp.com\/insightcrime.org\/wp-content\/uploads\/2026\/07\/Flagship-Cover-Lorenzanas-article-image-InSightCrime-Jul-2026.jpg?fit=1200%2C675&quality=100&ssl=1&resize=350%2C200","width":350,"height":200,"srcset":"https:\/\/i0.wp.com\/insightcrime.org\/wp-content\/uploads\/2026\/07\/Flagship-Cover-Lorenzanas-article-image-InSightCrime-Jul-2026.jpg?fit=1200%2C675&quality=100&ssl=1&resize=350%2C200 1x, https:\/\/i0.wp.com\/insightcrime.org\/wp-content\/uploads\/2026\/07\/Flagship-Cover-Lorenzanas-article-image-InSightCrime-Jul-2026.jpg?fit=1200%2C675&quality=100&ssl=1&resize=525%2C300 1.5x, https:\/\/i0.wp.com\/insightcrime.org\/wp-content\/uploads\/2026\/07\/Flagship-Cover-Lorenzanas-article-image-InSightCrime-Jul-2026.jpg?fit=1200%2C675&quality=100&ssl=1&resize=700%2C400 2x, https:\/\/i0.wp.com\/insightcrime.org\/wp-content\/uploads\/2026\/07\/Flagship-Cover-Lorenzanas-article-image-InSightCrime-Jul-2026.jpg?fit=1200%2C675&quality=100&ssl=1&resize=1050%2C600 3x"},"classes":[]},{"id":4889,"url":"https:\/\/insightcrime.org\/es\/noticias-crimen-organizado-guatemala\/los-lorenzana\/","url_meta":{"origin":7936,"position":1},"title":"Los Lorenzana","author":"InSight Crime","date":"30 de junio de 2026","format":false,"excerpt":"Los Lorenzana son una familia guatemalteca tradicional del contrabando que eventualmente se involucr\u00f3 fuertemente en el lucrativo comercio del tr\u00e1fico de drogas.\u00a0","rel":"","context":"En \u00abGuatemala\u00bb","block_context":{"text":"Guatemala","link":"https:\/\/insightcrime.org\/es\/category\/noticias-crimen-organizado-guatemala\/"},"img":{"alt_text":"Los Lorenzana","src":"https:\/\/i0.wp.com\/insightcrime.org\/wp-content\/uploads\/2026\/06\/Grupo-Criminal-Los-Lorenzana.jpg?fit=1200%2C900&quality=100&ssl=1&resize=350%2C200","width":350,"height":200,"srcset":"https:\/\/i0.wp.com\/insightcrime.org\/wp-content\/uploads\/2026\/06\/Grupo-Criminal-Los-Lorenzana.jpg?fit=1200%2C900&quality=100&ssl=1&resize=350%2C200 1x, https:\/\/i0.wp.com\/insightcrime.org\/wp-content\/uploads\/2026\/06\/Grupo-Criminal-Los-Lorenzana.jpg?fit=1200%2C900&quality=100&ssl=1&resize=525%2C300 1.5x, https:\/\/i0.wp.com\/insightcrime.org\/wp-content\/uploads\/2026\/06\/Grupo-Criminal-Los-Lorenzana.jpg?fit=1200%2C900&quality=100&ssl=1&resize=700%2C400 2x, https:\/\/i0.wp.com\/insightcrime.org\/wp-content\/uploads\/2026\/06\/Grupo-Criminal-Los-Lorenzana.jpg?fit=1200%2C900&quality=100&ssl=1&resize=1050%2C600 3x"},"classes":[]},{"id":179854,"url":"https:\/\/insightcrime.org\/es\/noticias\/agitacion-clan-lorenzana-guatemala-asesinato-miembro-tercera-generacion\/","url_meta":{"origin":7936,"position":2},"title":"Agitaci\u00f3n en clan Lorenzana de Guatemala por asesinato de miembro de tercera generaci\u00f3n","author":"Alex Papadovassilakis","date":"10 de marzo de 2022","format":false,"excerpt":"El reciente asesinato del nieto de un antiguo capo de la droga puede ser consecuencia de disputas entre miembros de un clan familia ya sacudido por arrestos y extradiciones.","rel":"","context":"En \u00abNoticias\u00bb","block_context":{"text":"Noticias","link":"https:\/\/insightcrime.org\/es\/category\/noticias\/"},"img":{"alt_text":"","src":"https:\/\/i0.wp.com\/insightcrime.org\/wp-content\/uploads\/2022\/03\/HansBroinerLorenzana.png?fit=300%2C200&quality=100&ssl=1&resize=350%2C200","width":350,"height":200},"classes":[]},{"id":129724,"url":"https:\/\/insightcrime.org\/es\/noticias-crimen-organizado-guatemala\/zacapa-guatemala\/","url_meta":{"origin":7936,"position":3},"title":"Zacapa, Guatemala","author":"InSight Crime","date":"22 de enero de 2021","format":false,"excerpt":"En el departamento de Zacapa, que durante mucho tiempo ha sido un punto de tr\u00e1nsito de la coca\u00edna y la marihuana que van en direcci\u00f3n a M\u00e9xico y Estados Unidos, los narcotraficantes ejercen mucha influencia.","rel":"","context":"En \u00abGuatemala\u00bb","block_context":{"text":"Guatemala","link":"https:\/\/insightcrime.org\/es\/category\/noticias-crimen-organizado-guatemala\/"},"img":{"alt_text":"","src":"https:\/\/i0.wp.com\/insightcrime.org\/wp-content\/uploads\/2021\/01\/Zacapa.jpg?fit=350%2C250&quality=100&ssl=1&resize=350%2C200","width":350,"height":200},"classes":[]},{"id":265385,"url":"https:\/\/insightcrime.org\/es\/noticias-crimen-organizado-guatemala\/marllory-chacon\/","url_meta":{"origin":7936,"position":4},"title":"Marllory Chac\u00f3n, alias \u201cLa Reina del Sur\u201d","author":"InSight Crime","date":"17 de enero de 2024","format":false,"excerpt":"Marllory Chac\u00f3n Rossell, conocida como \u201cLa Reina del Sur\u201d es una mujer guatemalteca acusada de proveer coca\u00edna a carteles mexicanos como Los Zetas y el Cartel de Sinaloa y traficar toneladas de coca\u00edna a Estados Unidos junto a miembros del Clan Lorenzana de Guatemala.","rel":"","context":"En \u00abGuatemala\u00bb","block_context":{"text":"Guatemala","link":"https:\/\/insightcrime.org\/es\/category\/noticias-crimen-organizado-guatemala\/"},"img":{"alt_text":"Marllory Chac\u00f3n","src":"https:\/\/i0.wp.com\/insightcrime.org\/wp-content\/uploads\/2024\/01\/Marllory-Chacon-Rossell.jpg?fit=350%2C250&quality=100&ssl=1&resize=350%2C200","width":350,"height":200},"classes":[]},{"id":126258,"url":"https:\/\/insightcrime.org\/es\/noticias\/ee-uu-corrupcion-guatemala\/","url_meta":{"origin":7936,"position":5},"title":"\u00bfVuelve EE. UU. a apoyar la lucha anticorrupci\u00f3n en Guatemala?","author":"H\u00e9ctor Silva \u00c1valos","date":"30 de octubre de 2020","format":false,"excerpt":"En lo que parece una vuelta al apoyo m\u00e1s decidido de Washington a la lucha anticorrupci\u00f3n en Guatemala, el Secretario de Estado de Donald Trump anunci\u00f3 la suspensi\u00f3n de visas a Felipe Alejos Lorenzana, vicepresidente del congreso guatemalteco y se\u00f1alado en casos de corrupci\u00f3n, a otra exdiputada y a los\u2026","rel":"","context":"En \u00abNoticias\u00bb","block_context":{"text":"Noticias","link":"https:\/\/insightcrime.org\/es\/category\/noticias\/"},"img":{"alt_text":"","src":"https:\/\/i0.wp.com\/insightcrime.org\/wp-content\/uploads\/2020\/10\/Felipe-Alejos-del-partido-Todos-primer-vicepresidente-del-Congreso-fotos-de-archivo-9-min-1.jpg?fit=350%2C250&quality=100&ssl=1&resize=350%2C200","width":350,"height":200},"classes":[]}],"jetpack_featured_media_url":"https:\/\/i0.wp.com\/insightcrime.org\/wp-content\/uploads\/2015\/06\/es-15-06-03-Guatemala-Lorenzana-Alzheimer.jpg?fit=250%2C166&quality=100&ssl=1","_links":{"self":[{"href":"https:\/\/insightcrime.org\/es\/wp-json\/wp\/v2\/posts\/7936","targetHints":{"allow":["GET"]}}],"collection":[{"href":"https:\/\/insightcrime.org\/es\/wp-json\/wp\/v2\/posts"}],"about":[{"href":"https:\/\/insightcrime.org\/es\/wp-json\/wp\/v2\/types\/post"}],"author":[{"embeddable":true,"href":"https:\/\/insightcrime.org\/es\/wp-json\/wp\/v2\/users\/45"}],"replies":[{"embeddable":true,"href":"https:\/\/insightcrime.org\/es\/wp-json\/wp\/v2\/comments?post=7936"}],"version-history":[{"count":2,"href":"https:\/\/insightcrime.org\/es\/wp-json\/wp\/v2\/posts\/7936\/revisions"}],"predecessor-version":[{"id":72750,"href":"https:\/\/insightcrime.org\/es\/wp-json\/wp\/v2\/posts\/7936\/revisions\/72750"}],"wp:featuredmedia":[{"embeddable":true,"href":"https:\/\/insightcrime.org\/es\/wp-json\/wp\/v2\/media\/42674"}],"wp:attachment":[{"href":"https:\/\/insightcrime.org\/es\/wp-json\/wp\/v2\/media?parent=7936"}],"wp:term":[{"taxonomy":"category","embeddable":true,"href":"https:\/\/insightcrime.org\/es\/wp-json\/wp\/v2\/categories?post=7936"},{"taxonomy":"post_tag","embeddable":true,"href":"https:\/\/insightcrime.org\/es\/wp-json\/wp\/v2\/tags?post=7936"},{"taxonomy":"newspack_spnsrs_tax","embeddable":true,"href":"https:\/\/insightcrime.org\/es\/wp-json\/wp\/v2\/newspack_spnsrs_tax?post=7936"},{"taxonomy":"author","embeddable":true,"href":"https:\/\/insightcrime.org\/es\/wp-json\/wp\/v2\/coauthors?post=7936"}],"curies":[{"name":"wp","href":"https:\/\/api.w.org\/{rel}","templated":true}]}}