{"id":7973,"date":"2015-06-26T19:27:36","date_gmt":"2017-03-28T00:09:40","guid":{"rendered":"http:\/\/newwp.insightcrime.org?p=7973"},"modified":"2023-04-24T15:46:36","modified_gmt":"2023-04-24T20:46:36","slug":"aumento-rescates-mexico-sugiere-violencia-genera-migracion","status":"publish","type":"post","link":"https:\/\/insightcrime.org\/es\/noticias\/noticias-del-dia\/aumento-rescates-mexico-sugiere-violencia-genera-migracion\/","title":{"rendered":"Aumento de rescates en M\u00e9xico sugiere que la violencia sigue generando migraci\u00f3n infantil"},"content":{"rendered":"\n<p class=\"wp-block-paragraph\">El n\u00famero de ni\u00f1os centroamericanos migrantes rescatados en M\u00e9xico aument\u00f3 casi 50 por ciento durante la primera mitad de 2015, lo que sugiere que los altos niveles de violencia de pandillas en la regi\u00f3n del Tri\u00e1ngulo del Norte siguen actuando como un importante generador de desplazamiento.<\/p>\n\n\n\n<p class=\"wp-block-paragraph\">El 21 de junio, el Instituto Nacional de Migraci\u00f3n de M\u00e9xico (INM) <a href=\"https:\/\/www.inm.gob.mx\/index.php\/page\/Boletin_3815\" target=\"_blank\">inform\u00f3<\/a> que las autoridades rescataron 11.893 menores de Centroam\u00e9rica durante los primeros cinco meses de 2015, un aumento del 49 por ciento con respecto al mismo per\u00edodo de 2014. El INM dijo que la mayor\u00eda de los ni\u00f1os rescatados por las autoridades mexicanas proceden de pa\u00edses del Tri\u00e1ngulo de Norte centroamericano (El Salvador, Honduras y Guatemala).<\/p>\n\n\n\n<p class=\"wp-block-paragraph\">Seg\u00fan el INM, m\u00e1s de la mitad de los menores viajaban solos o estaban acompa\u00f1ados por un traficante de personas. El 72 por ciento de los ni\u00f1os fueron rescatados en los estados de Tabasco, Veracruz y Chiapas, al sur del pa\u00eds.<\/p>\n\n\n\n<p class=\"wp-block-paragraph\">El aumento en los rescates de menores en M\u00e9xico se presenta a pesar de<a href=\"https:\/\/www.latimes.com\/nation\/la-na-border-surge-immigration-numbers-20150310-story.html\" target=\"_blank\"> una disminuci\u00f3n significativa<\/a> en la cantidad de centroamericanos que intentan cruzar ilegalmente la frontera entre M\u00e9xico y Estados Unidos. A principios de junio, la Oficina en Washington para Asuntos Latinoamericanos (WOLA por sus iniciales en ingl\u00e9s) se apoy\u00f3 en datos del INM y de la Oficina de Aduanas y Protecci\u00f3n Fronteriza (CBP por sus iniciales en ingl\u00e9s) de Estados Unidos <a href=\"https:\/\/www.wola.org\/news\/mexico_now_detains_more_central_american_migrants_than_the_united_states\" target=\"_blank\">para determinar<\/a> que M\u00e9xico detiene actualmente m\u00e1s centroamericanos migrantes que Estados Unidos.<\/p>\n\n\n\n<h3 class=\"wp-block-heading\">An\u00e1lisis de InSight Crime<\/h3>\n\n\n\n<p class=\"wp-block-paragraph\">El aumento en el n\u00famero de ni\u00f1os migrantes que son rescatados en el sur de M\u00e9xico indica que los menores contin\u00faan huyendo del Tri\u00e1ngulo del Norte en grandes cantidades, a pesar de que las detenciones en la frontera con Estados Unidos han descendido. De ser as\u00ed, ello sugiere que los altos \u00edndices de violencia de pandillas en el Tri\u00e1ngulo del Norte, una de las <a href=\"https:\/\/www.theguardian.com\/world\/2014\/nov\/18\/el-salvador-gang-violence-child-migration-crisis\" target=\"_blank\">causas que se suelen citar<\/a> para explicar la \u201c<a href=\"https:\/\/www.hrw.org\/news\/2014\/06\/25\/us-surge-detention-child-migrants\" target=\"_blank\">oleada<\/a>\u201d de ni\u00f1os migrantes el a\u00f1o pasado, <a href=\"\/noticias\/analisis\/no-es-un-lugar-para-los-ninos-exodo-juventud-centroamerica\" target=\"_blank\">sigue haciendo<\/a> que los ni\u00f1os abandonen sus hogares. En 2014, varios expertos en el tema de ni\u00f1os migrantes <a href=\"\/noticias\/analisis\/ninos-migrantes-no-acompanados-exodo-centroamerica\" target=\"_blank\">le dijeron a InSight Crime<\/a> que muchos menores huyen para escapar de la violencia y otras formas de inseguridad a las que est\u00e1n expuestos en sus pa\u00edses de origen.<\/p>\n\n\n\n<p class=\"wp-block-paragraph\"><strong><span style=\"color: #800000\">VEA TAMBI\u00c9N:<\/span><\/strong> <a href=\"\/component\/tags\/tag\/367-derechos-humanos\" target=\"_blank\">Cobertura sobre los derechos humanos<\/a><\/p>\n\n\n\n<p class=\"wp-block-paragraph\">Sin embargo, hay otros factores determinantes que impulsan la migraci\u00f3n infantil desde el Tri\u00e1ngulo del Norte, como los altos niveles de pobreza y las rutas de migraci\u00f3n <a href=\"\/news\/briefs\/el-salvador-arrests-coyote-linked-to-tamaulipas-migrant-massacre\" target=\"_blank\">bien establecidas<\/a>. Un estudio realizado en 2014 por el Proyecto de Opini\u00f3n P\u00fablica de Am\u00e9rica Latina (LAPOP por sus iniciales en ingl\u00e9s) no logr\u00f3 establecer una correlaci\u00f3n clara entre la inseguridad en la regi\u00f3n y los patrones de migraci\u00f3n infantil.<\/p>\n\n\n\n<p class=\"wp-block-paragraph\">Aunque el INM no especific\u00f3 de qu\u00e9 pa\u00edses del Tri\u00e1ngulo del Norte proced\u00edan los ni\u00f1os rescatados, esta informaci\u00f3n puede ser \u00fatil para comprender mejor la relaci\u00f3n directa entre la inseguridad y los flujos migratorios. La violencia en El Salvador \u2014promovida en parte por <a href=\"\/noticias\/noticias-del-dia\/pandilla-el-salvador-atenta-policia-trampa-funcionario\" target=\"_blank\">el aumento de la agresi\u00f3n<\/a> entre las pandillas y las fuerzas de seguridad\u2014 <a href=\"\/noticias\/noticias-del-dia\/el-salvador-registra-mes-violento-despues-guerra-civil-informe\" target=\"_blank\">se ha disparado en 2015<\/a>, aunque las autoridades y los <a href=\"https:\/\/www.laprensa.hn\/honduras\/825599-410\/tasa-de-homicidios-baj%C3%B3-un-25-en-san-pedro-sula-seg%C3%BAn-el\" target=\"_blank\">observatorios de violencia<\/a> independientes en Honduras han informado sobre una significativa disminuci\u00f3n de los homicidios.<\/p>\n","protected":false},"excerpt":{"rendered":"<p>El n\u00famero de ni\u00f1os centroamericanos migrantes rescatados en M\u00e9xico aument\u00f3 casi 50 por ciento durante la primera mitad de 2015, lo que sugiere que los altos niveles de violencia de pandillas en la regi\u00f3n del Tri\u00e1ngulo del Norte siguen actuando como un importante generador de desplazamiento.<\/p>\n","protected":false},"author":36,"featured_media":42762,"comment_status":"closed","ping_status":"closed","sticky":false,"template":"","format":"standard","meta":{"newspack_ads_suppress_ads":false,"newspack_popups_has_disabled_popups":false,"newspack_sponsor_sponsorship_scope":"","newspack_sponsor_native_byline_display":"inherit","newspack_sponsor_native_category_display":"inherit","newspack_sponsor_underwriter_style":"inherit","newspack_sponsor_underwriter_placement":"inherit","_EventAllDay":false,"_EventTimezone":"","_EventStartDate":"","_EventEndDate":"","_EventStartDateUTC":"","_EventEndDateUTC":"","_EventShowMap":false,"_EventShowMapLink":false,"_EventURL":"","_EventCost":"","_EventCostDescription":"","_EventCurrencySymbol":"","_EventCurrencyCode":"","_EventCurrencyPosition":"","_EventDateTimeSeparator":"","_EventTimeRangeSeparator":"","_EventOrganizerID":[],"_EventVenueID":[],"_OrganizerEmail":"","_OrganizerPhone":"","_OrganizerWebsite":"","_VenueAddress":"","_VenueCity":"","_VenueCountry":"","_VenueProvince":"","_VenueState":"","_VenueZip":"","_VenuePhone":"","_VenueURL":"","_VenueStateProvince":"","_VenueLat":"","_VenueLng":"","_VenueShowMap":false,"_VenueShowMapLink":false,"_newspack_byline_active":false,"_newspack_byline":"","newspack_hide_updated_date":false,"newspack_show_updated_date":false,"newspack_featured_image_position":"","newspack_post_subtitle":"","newspack_article_summary_title":"Overview:","newspack_article_summary":"","_jetpack_memberships_contains_paid_content":false,"footnotes":""},"categories":[334],"tags":[466,1540,2997,374,398,406],"newspack_spnsrs_tax":[],"coauthors":[3924],"class_list":["post-7973","post","type-post","status-publish","format-standard","has-post-thumbnail","hentry","category-noticias-del-dia","tag-desplazados","tag-el-salvador-pais","tag-frontera-eumexico-es","tag-guatemala-pais","tag-honduras-pais","tag-mexico-pais","entry"],"parsely":{"version":"1.1.0","canonical_url":"https:\/\/insightcrime.org\/es\/noticias\/noticias-del-dia\/aumento-rescates-mexico-sugiere-violencia-genera-migracion\/","smart_links":{"inbound":0,"outbound":0},"traffic_boost_suggestions_count":0,"meta":{"@context":"https:\/\/schema.org","@type":"NewsArticle","headline":"Aumento de rescates en M\u00e9xico sugiere que la violencia sigue generando migraci\u00f3n infantil","url":"http:\/\/insightcrime.org\/es\/noticias\/noticias-del-dia\/aumento-rescates-mexico-sugiere-violencia-genera-migracion\/","mainEntityOfPage":{"@type":"WebPage","@id":"http:\/\/insightcrime.org\/es\/noticias\/noticias-del-dia\/aumento-rescates-mexico-sugiere-violencia-genera-migracion\/"},"thumbnailUrl":"https:\/\/i0.wp.com\/insightcrime.org\/wp-content\/uploads\/2015\/06\/es-15-06-23-Mexico-Child-Migrants.jpg?resize=150%2C150&quality=100&ssl=1","image":{"@type":"ImageObject","url":"https:\/\/i0.wp.com\/insightcrime.org\/wp-content\/uploads\/2015\/06\/es-15-06-23-Mexico-Child-Migrants.jpg?fit=250%2C175&quality=100&ssl=1"},"articleSection":"Noticias del d\u00eda","author":[{"@type":"Person","name":"David Gagne"}],"creator":["David Gagne"],"publisher":{"@type":"Organization","name":"InSight Crime","logo":"https:\/\/insightcrime.org\/wp-content\/uploads\/2023\/08\/logo.png"},"keywords":["desplazados","el salvador","frontera eu\/m\u00e9xico","guatemala","honduras","m\u00e9xico"],"dateCreated":"2017-03-28T00:09:40Z","datePublished":"2017-03-28T00:09:40Z","dateModified":"2023-04-24T20:46:36Z"},"rendered":"<meta name=\"parsely-title\" content=\"Aumento de rescates en M\u00e9xico sugiere que la violencia sigue generando migraci\u00f3n infantil\" \/>\n<meta name=\"parsely-link\" content=\"http:\/\/insightcrime.org\/es\/noticias\/noticias-del-dia\/aumento-rescates-mexico-sugiere-violencia-genera-migracion\/\" \/>\n<meta name=\"parsely-type\" content=\"post\" \/>\n<meta name=\"parsely-image-url\" content=\"https:\/\/i0.wp.com\/insightcrime.org\/wp-content\/uploads\/2015\/06\/es-15-06-23-Mexico-Child-Migrants.jpg?resize=150%2C150&amp;quality=100&amp;ssl=1\" \/>\n<meta name=\"parsely-pub-date\" content=\"2017-03-28T00:09:40Z\" \/>\n<meta name=\"parsely-section\" content=\"Noticias del d\u00eda\" \/>\n<meta name=\"parsely-tags\" content=\"desplazados,el salvador,frontera eu\/m\u00e9xico,guatemala,honduras,m\u00e9xico\" \/>\n<meta name=\"parsely-author\" content=\"David Gagne\" \/>","tracker_url":"https:\/\/cdn.parsely.com\/keys\/insightcrime.org\/p.js"},"jetpack_sharing_enabled":true,"jetpack-related-posts":[{"id":209292,"url":"https:\/\/insightcrime.org\/es\/noticias\/extorsion-sur-mexico-indica-migracion-pandillas-centroamericanas\/","url_meta":{"origin":7973,"position":0},"title":"Extorsi\u00f3n en el sur de M\u00e9xico indica migraci\u00f3n de pandillas centroamericanas","author":"Sean Doherty","date":"30 de enero de 2023","format":false,"excerpt":"Las denuncias de aumento de la extorsi\u00f3n en el sur de M\u00e9xico indican que las campa\u00f1as antipandillas en Centroam\u00e9rica pueden estar llevando a la migraci\u00f3n de pandilleros, que engrosan las filas de lo que fueran modestos programas mexicanos y les permiten redoblar sus actividades criminales.","rel":"","context":"En \u00abNoticias\u00bb","block_context":{"text":"Noticias","link":"https:\/\/insightcrime.org\/es\/category\/noticias\/"},"img":{"alt_text":"Pandilleros de la MS13 arrestados en El Salvador","src":"https:\/\/i0.wp.com\/insightcrime.org\/wp-content\/uploads\/2023\/01\/ms-13-gang-border-02-1-1.jpg?fit=350%2C250&quality=100&ssl=1&resize=350%2C200","width":350,"height":200},"classes":[]},{"id":200273,"url":"https:\/\/insightcrime.org\/es\/noticias\/prisiones-del-triangulo-norte-siguen-siendo-focos-de-extorsion-segun-informe\/","url_meta":{"origin":7973,"position":1},"title":"Prisiones del Tri\u00e1ngulo Norte siguen siendo focos de extorsi\u00f3n, seg\u00fan informe","author":"Sean Doherty","date":"3 de octubre de 2022","format":false,"excerpt":"Un reciente informe sobre la extorsi\u00f3n en el Tri\u00e1ngulo Norte (Guatemala, Honduras y El Salvador) se\u00f1ala que las pol\u00edticas de encarcelamiento pueden ser un factor que agrava los problemas de extorsi\u00f3n en la regi\u00f3n.","rel":"","context":"En \u00abNoticias\u00bb","block_context":{"text":"Noticias","link":"https:\/\/insightcrime.org\/es\/category\/noticias\/"},"img":{"alt_text":"Presos hacinados en celdas de El Salvador","src":"https:\/\/i0.wp.com\/insightcrime.org\/wp-content\/uploads\/2022\/09\/el-salvador-prison-extortion-1.jpeg?fit=350%2C250&quality=100&ssl=1&resize=350%2C200","width":350,"height":200},"classes":[]},{"id":294829,"url":"https:\/\/insightcrime.org\/es\/noticias\/mexico-provocando-guerra-criminal-migrantes-tabasco\/","url_meta":{"origin":7973,"position":2},"title":"\u00bfEst\u00e1 M\u00e9xico provocando una guerra criminal al enviar migrantes a Tabasco?","author":"Peter Appleby","date":"18 de octubre de 2024","format":false,"excerpt":"Mientras el estado de Tabasco, en el sur de M\u00e9xico, se enfrenta a las secuelas de una ola de violencia, una pol\u00edtica no oficial est\u00e1 canalizando hacia all\u00ed a migrantes vulnerables, lo que proporciona a los grupos de crimen organizado m\u00e1s oportunidades criminales de obtener beneficios.","rel":"","context":"En \u00abNoticias\u00bb","block_context":{"text":"Noticias","link":"https:\/\/insightcrime.org\/es\/category\/noticias\/"},"img":{"alt_text":"Mexico's Guardia Nacional respond to violence in Tabasco.","src":"https:\/\/i0.wp.com\/insightcrime.org\/wp-content\/uploads\/2024\/10\/tabasco-police-violence.jpg?fit=350%2C250&quality=100&ssl=1&resize=350%2C200","width":350,"height":200},"classes":[]},{"id":207083,"url":"https:\/\/insightcrime.org\/es\/noticias\/traficantes-personas-lanzan-mar-pacifico-mexico\/","url_meta":{"origin":7973,"position":3},"title":"Traficantes de personas se lanzan a las olas a lo largo de la costa Pac\u00edfica de M\u00e9xico","author":"Peter Appleby","date":"20 de diciembre de 2022","format":false,"excerpt":"Un incremento de la migraci\u00f3n por mar a lo largo de la costa de M\u00e9xico sobre el Pac\u00edfico evidencia la adaptabilidad de las redes de tr\u00e1fico de personas en el pa\u00eds y su desinter\u00e9s por las personas que transportan.","rel":"","context":"En \u00abNoticias\u00bb","block_context":{"text":"Noticias","link":"https:\/\/insightcrime.org\/es\/category\/noticias\/"},"img":{"alt_text":"Autoridades rescatan a migrantes que viajaban en lancha volcada","src":"https:\/\/i0.wp.com\/insightcrime.org\/wp-content\/uploads\/2022\/12\/mexico-oaxaca-migrants-1.jpeg?fit=350%2C250&quality=100&ssl=1&resize=350%2C200","width":350,"height":200},"classes":[]},{"id":129599,"url":"https:\/\/insightcrime.org\/es\/noticias\/desafios-seguridad-biden-en-centroamerica\/","url_meta":{"origin":7973,"position":4},"title":"Sin margen de espera: los desaf\u00edos de seguridad de Biden en Centroam\u00e9rica","author":"Seth Robbins","date":"20 de enero de 2021","format":false,"excerpt":"Frente a los desaf\u00edos de una pandemia fatal, puede disculparse al presidente Joe Biden por no tener la seguridad en Centroam\u00e9rica entre los principales pendientes de su agenda desde el d\u00eda uno o el 100 para el caso.","rel":"","context":"En \u00abNoticias\u00bb","block_context":{"text":"Noticias","link":"https:\/\/insightcrime.org\/es\/category\/noticias\/"},"img":{"alt_text":"Joe Biden Juan Orlando Hern\u00e1ndez Tri\u00e1ngulo Norte","src":"https:\/\/i0.wp.com\/insightcrime.org\/wp-content\/uploads\/2021\/01\/Biden-CentralAmerica-Presidents.jpg?fit=350%2C250&quality=100&ssl=1&resize=350%2C200","width":350,"height":200},"classes":[]},{"id":122599,"url":"https:\/\/insightcrime.org\/es\/noticias\/corredor-cocaina-renovado-honduras\/","url_meta":{"origin":7973,"position":5},"title":"Decomisos de coca\u00edna indican reactivaci\u00f3n de corredor de narcotr\u00e1fico en Honduras","author":"Maria Luisa Valencia","date":"19 de agosto de 2020","format":false,"excerpt":"Las autoridades en Honduras decomisaron m\u00e1s coca\u00edna en los primeros siete meses de este a\u00f1o que durante todo 2019, una se\u00f1al del resurgimiento de una de las m\u00e1s importantes rutas de coca\u00edna en Centroam\u00e9rica a pesar de los cierres de fronteras y las restricciones al transporte por causa de la\u2026","rel":"","context":"En \u00abNoticias\u00bb","block_context":{"text":"Noticias","link":"https:\/\/insightcrime.org\/es\/category\/noticias\/"},"img":{"alt_text":"","src":"https:\/\/i0.wp.com\/insightcrime.org\/wp-content\/uploads\/2020\/08\/20-08-17-Droga-Bruslaguna.jpg?fit=350%2C250&quality=100&ssl=1&resize=350%2C200","width":350,"height":200},"classes":[]}],"jetpack_featured_media_url":"https:\/\/i0.wp.com\/insightcrime.org\/wp-content\/uploads\/2015\/06\/es-15-06-23-Mexico-Child-Migrants.jpg?fit=250%2C175&quality=100&ssl=1","_links":{"self":[{"href":"https:\/\/insightcrime.org\/es\/wp-json\/wp\/v2\/posts\/7973","targetHints":{"allow":["GET"]}}],"collection":[{"href":"https:\/\/insightcrime.org\/es\/wp-json\/wp\/v2\/posts"}],"about":[{"href":"https:\/\/insightcrime.org\/es\/wp-json\/wp\/v2\/types\/post"}],"author":[{"embeddable":true,"href":"https:\/\/insightcrime.org\/es\/wp-json\/wp\/v2\/users\/36"}],"replies":[{"embeddable":true,"href":"https:\/\/insightcrime.org\/es\/wp-json\/wp\/v2\/comments?post=7973"}],"version-history":[{"count":1,"href":"https:\/\/insightcrime.org\/es\/wp-json\/wp\/v2\/posts\/7973\/revisions"}],"predecessor-version":[{"id":24860,"href":"https:\/\/insightcrime.org\/es\/wp-json\/wp\/v2\/posts\/7973\/revisions\/24860"}],"wp:featuredmedia":[{"embeddable":true,"href":"https:\/\/insightcrime.org\/es\/wp-json\/wp\/v2\/media\/42762"}],"wp:attachment":[{"href":"https:\/\/insightcrime.org\/es\/wp-json\/wp\/v2\/media?parent=7973"}],"wp:term":[{"taxonomy":"category","embeddable":true,"href":"https:\/\/insightcrime.org\/es\/wp-json\/wp\/v2\/categories?post=7973"},{"taxonomy":"post_tag","embeddable":true,"href":"https:\/\/insightcrime.org\/es\/wp-json\/wp\/v2\/tags?post=7973"},{"taxonomy":"newspack_spnsrs_tax","embeddable":true,"href":"https:\/\/insightcrime.org\/es\/wp-json\/wp\/v2\/newspack_spnsrs_tax?post=7973"},{"taxonomy":"author","embeddable":true,"href":"https:\/\/insightcrime.org\/es\/wp-json\/wp\/v2\/coauthors?post=7973"}],"curies":[{"name":"wp","href":"https:\/\/api.w.org\/{rel}","templated":true}]}}