{"id":80191,"date":"2018-03-05T17:25:39","date_gmt":"2018-03-05T22:25:39","guid":{"rendered":"https:\/\/insightcrime.org\/?p=80191"},"modified":"2023-04-24T16:27:54","modified_gmt":"2023-04-24T21:27:54","slug":"capo-de-colombia-es-extraditado-por-segunda-vez-ee-uu","status":"publish","type":"post","link":"https:\/\/insightcrime.org\/es\/noticias\/noticias-del-dia\/capo-de-colombia-es-extraditado-por-segunda-vez-ee-uu\/","title":{"rendered":"Capo de Colombia es extraditado por segunda vez a EE. UU."},"content":{"rendered":"\n<p class=\"wp-block-paragraph\">Un antiguo miembro del Cartel del Norte del Valle de Colombia se convirti\u00f3 en el primer capo de este pa\u00eds en pisar dos veces una c\u00e1rcel de Estados Unidos, lo cual demuestra la facilidad con la que estos criminales pueden volver a delinquir cuando cumplen sentencias cortas y logran mantener sus redes criminales.<\/p>\n\n\n\n<p class=\"wp-block-paragraph\">La Direcci\u00f3n de Investigaci\u00f3n Criminal e Interpol de la Polic\u00eda Nacional de Colombia (DIJIN) <a href=\"https:\/\/twitter.com\/DIJINPolicia\/status\/968885030410997761\" target=\"_blank\" rel=\"noopener\">inform\u00f3<\/a> el pasado 28 de febrero que Jos\u00e9 Orlando S\u00e1nchez Cristancho, alias \u201cel hombre del overol\u201d, fue extraditado a Estados Unidos. Era requerido por la Corte del Distrito Sur de Florida por cargos de lavado de activos y fraude bancario.<\/p>\n\n\n\n<p class=\"wp-block-paragraph\">\u201cEl hombre del overol\u201d fue uno de los cabecillas del Cartel del Norte del Valle bajo el mando de Orlando Henao Montoya, quien tambi\u00e9n utilizaba el mismo seud\u00f3nimo. Se cree que esto fue una estrategia para <a href=\"https:\/\/www.elespectador.com\/noticias\/judicial\/la-historia-del-capo-colombiano-extraditado-dos-veces-estados-unidos-articulo-741809\" target=\"_blank\" rel=\"noopener\">enga\u00f1ar a las autoridades<\/a> y hacerles creer que S\u00e1nchez Cristancho era el l\u00edder de la organizaci\u00f3n.<\/p>\n\n\n\n<p class=\"wp-block-paragraph\">S\u00e1nchez Cristancho ya hab\u00eda estado preso en Estados Unidos de 2001 a 2006 y adem\u00e1s estuvo otros tres a\u00f1os en libertad condicional en ese pa\u00eds. Una vez sali\u00f3 de prisi\u00f3n, particip\u00f3 en estafas bancarias de hasta US$ 1 mill\u00f3n, por lo que en abril de 2014 las autoridades estadounidenses le imputaron los cargos de los que ahora se le acusa, <a href=\"https:\/\/www.elespectador.com\/noticias\/judicial\/la-historia-del-capo-colombiano-extraditado-dos-veces-estados-unidos-articulo-741809\" target=\"_blank\" rel=\"noopener\">inform\u00f3 El Espectador<\/a>.<\/p>\n\n\n\n<p class=\"wp-block-paragraph\">De vuelta a Colombia, en donde se cree que pudo haber retomado sus actividades criminales, estuvo pr\u00f3fugo de la justicia estadounidense hasta su<a href=\"https:\/\/es.insightcrime.org\/noticias\/noticias-del-dia\/arresto-criminal-colombiano-pone-presente-influencia-antiguo-cartel\/\" target=\"_blank\" rel=\"noopener\"> arresto<\/a> en Bogot\u00e1 en marzo de 2017. No ten\u00eda ninguna orden judicial en Colombia, por lo que su extradici\u00f3n <a href=\"https:\/\/www.elespectador.com\/noticias\/judicial\/gobierno-autorizo-extradicion-reconocido-narco-del-norte-del-valle-articulo-721386\" target=\"_blank\" rel=\"noopener\">fue aprobada<\/a> en octubre de ese mismo a\u00f1o.<\/p>\n\n\n\n<h3 class=\"wp-block-heading\">An\u00e1lisis de InSight Crime<\/h3>\n\n\n\n<p class=\"wp-block-paragraph\">S\u00e1nchez Cristancho ser\u00eda el primer capo colombiano en ser extraditado por segunda vez a Estados Unidos, pero no el primero en retomar actividades criminales despu\u00e9s de recuperar su libertad.<\/p>\n\n\n\n<p class=\"wp-block-paragraph\">Por ejemplo, <a href=\"https:\/\/insightcrime.org\/news\/analysis\/star-witness-and-ex-colombian-druglord-returns-wanting-revenge\/\">V\u00edctor Pati\u00f1o<\/a>, alias \u201cEl Qu\u00edmico\u201d y <a href=\"http:\/\/www.semana.com\/nacion\/articulo\/el-narcotraficante-no-aprendio\/347972-3\" target=\"_blank\" rel=\"noopener\">Carlos Jos\u00e9 Robayo<\/a>, alias \u201cGuacamayo\u201d, tambi\u00e9n exintegrantes del Cartel del Norte del Valle, volvieron a Colombia despu\u00e9s de cumplir con su condena en Estados Unidos para reclamar sus propiedades y para vengarse de Los Rastrojos, sus antiguos enemigos que tambi\u00e9n surgieron como fracci\u00f3n del Cartel del Norte del Valle.<\/p>\n\n\n\n<p class=\"wp-block-paragraph\"><span style=\"color: #800000;\"><strong>VEA TAMBI\u00c9N:&nbsp;<\/strong><\/span><a href=\"https:\/\/es.insightcrime.org\/noticias-sobre-crimen-organizado-en-colombia\/\" target=\"_blank\" rel=\"noopener\">Noticias y perfiles de Colombia<\/a><\/p>\n\n\n\n<p class=\"wp-block-paragraph\">De hecho, en los \u00faltimos a\u00f1os <a href=\"https:\/\/es.insightcrime.org\/noticias\/analisis\/colombia-prepara-impacto-retorno-narcos-paramilitares\/\">se han cumplido las condenas<\/a> de varios narcotraficantes y paramilitares colombianos que estaban presos en Estados Unidos, por lo que existe el riesgo que varios de ellos elijan volver al crimen organizado.<\/p>\n\n\n\n<p class=\"wp-block-paragraph\">David Mart\u00ednez Amador, profesor universitario y especialista en etnograf\u00eda y conducta criminal, opina que a diferencia de los grandes narcotraficantes mexicanos o colombianos, para los capos de rango medio es relativamente f\u00e1cil volver al mundo criminal despu\u00e9s de culminar su condena en Estados Unidos.<\/p>\n\n\n\n<p class=\"wp-block-paragraph\">\u201cSi hablamos de los grandes capos colombianos o mexicanos [\u2026] las sentencias son draconianas y aunque no estipulan c\u00e1rcel de por vida en todos los casos, &nbsp;los capos regresan a una edad donde resulta m\u00e1s dif\u00edcil retornar a la organizaci\u00f3n y competir con nuevos liderazgos\u201d, dijo a InSight Crime.<\/p>\n\n\n\n<p class=\"wp-block-paragraph\">Sin embargo, sentencias relativamente cortas como la de S\u00e1nchez Cristancho generan los incentivos racionales para regresar de nuevo al mundo criminal.<\/p>\n\n\n\n<p class=\"wp-block-paragraph\">\u201cLos contactos siguen vigentes y hay espacios disponibles. Es il\u00f3gico pensar que todos estos perfiles tienden comprometerse a no volver a delinquir\u201d, dijo Mart\u00ednez Amador.<\/p>\n","protected":false},"excerpt":{"rendered":"<p>Un antiguo miembro del Cartel del Norte del Valle de Colombia podr\u00eda ser el primer capo colombiano en pisar dos veces una c\u00e1rcel de Estados Unidos, lo cual demuestra la facilidad con la que estos actores pueden volver a delinquir cuando cumplen sentencias cortas y lograr mantener sus redes criminales.<\/p>\n","protected":false},"author":77,"featured_media":80160,"comment_status":"closed","ping_status":"closed","sticky":false,"template":"","format":"standard","meta":{"newspack_ads_suppress_ads":false,"newspack_popups_has_disabled_popups":false,"newspack_sponsor_sponsorship_scope":"","newspack_sponsor_native_byline_display":"inherit","newspack_sponsor_native_category_display":"inherit","newspack_sponsor_underwriter_style":"inherit","newspack_sponsor_underwriter_placement":"inherit","_EventAllDay":false,"_EventTimezone":"","_EventStartDate":"","_EventEndDate":"","_EventStartDateUTC":"","_EventEndDateUTC":"","_EventShowMap":false,"_EventShowMapLink":false,"_EventURL":"","_EventCost":"","_EventCostDescription":"","_EventCurrencySymbol":"","_EventCurrencyCode":"","_EventCurrencyPosition":"","_EventDateTimeSeparator":"","_EventTimeRangeSeparator":"","_EventOrganizerID":[],"_EventVenueID":[],"_OrganizerEmail":"","_OrganizerPhone":"","_OrganizerWebsite":"","_VenueAddress":"","_VenueCity":"","_VenueCountry":"","_VenueProvince":"","_VenueState":"","_VenueZip":"","_VenuePhone":"","_VenueURL":"","_VenueStateProvince":"","_VenueLat":"","_VenueLng":"","_VenueShowMap":false,"_VenueShowMapLink":false,"_newspack_byline_active":false,"_newspack_byline":"","newspack_hide_updated_date":false,"newspack_show_updated_date":false,"newspack_featured_image_position":"","newspack_post_subtitle":"","newspack_article_summary_title":"Overview:","newspack_article_summary":"","_jetpack_memberships_contains_paid_content":false,"footnotes":""},"categories":[334],"tags":[368,616,634,1501],"newspack_spnsrs_tax":[],"coauthors":[4058],"class_list":["post-80191","post","type-post","status-publish","format-standard","has-post-thumbnail","hentry","category-noticias-del-dia","tag-colombia-pais","tag-extradition","tag-norte-del-valle","tag-norte-del-valle-es","entry"],"parsely":{"version":"1.1.0","canonical_url":"https:\/\/insightcrime.org\/es\/noticias\/noticias-del-dia\/capo-de-colombia-es-extraditado-por-segunda-vez-ee-uu\/","smart_links":{"inbound":0,"outbound":0},"traffic_boost_suggestions_count":0,"meta":{"@context":"https:\/\/schema.org","@type":"NewsArticle","headline":"Capo de Colombia es extraditado por segunda vez a EE. UU.","url":"http:\/\/insightcrime.org\/es\/noticias\/noticias-del-dia\/capo-de-colombia-es-extraditado-por-segunda-vez-ee-uu\/","mainEntityOfPage":{"@type":"WebPage","@id":"http:\/\/insightcrime.org\/es\/noticias\/noticias-del-dia\/capo-de-colombia-es-extraditado-por-segunda-vez-ee-uu\/"},"thumbnailUrl":"https:\/\/i0.wp.com\/insightcrime.org\/wp-content\/uploads\/2018\/03\/18-03-02-Colombia-Overol.jpg?resize=150%2C150&quality=100&ssl=1","image":{"@type":"ImageObject","url":"https:\/\/i0.wp.com\/insightcrime.org\/wp-content\/uploads\/2018\/03\/18-03-02-Colombia-Overol.jpg?fit=350%2C250&quality=100&ssl=1"},"articleSection":"Noticias del d\u00eda","author":[{"@type":"Person","name":"Victoria Dittmar"}],"creator":["Victoria Dittmar"],"publisher":{"@type":"Organization","name":"InSight Crime","logo":"https:\/\/insightcrime.org\/wp-content\/uploads\/2023\/08\/logo.png"},"keywords":["colombia","extradition","norte del valle"],"dateCreated":"2018-03-05T22:25:39Z","datePublished":"2018-03-05T22:25:39Z","dateModified":"2023-04-24T21:27:54Z"},"rendered":"<meta name=\"parsely-title\" content=\"Capo de Colombia es extraditado por segunda vez a EE. UU.\" \/>\n<meta name=\"parsely-link\" content=\"http:\/\/insightcrime.org\/es\/noticias\/noticias-del-dia\/capo-de-colombia-es-extraditado-por-segunda-vez-ee-uu\/\" \/>\n<meta name=\"parsely-type\" content=\"post\" \/>\n<meta name=\"parsely-image-url\" content=\"https:\/\/i0.wp.com\/insightcrime.org\/wp-content\/uploads\/2018\/03\/18-03-02-Colombia-Overol.jpg?resize=150%2C150&amp;quality=100&amp;ssl=1\" \/>\n<meta name=\"parsely-pub-date\" content=\"2018-03-05T22:25:39Z\" \/>\n<meta name=\"parsely-section\" content=\"Noticias del d\u00eda\" \/>\n<meta name=\"parsely-tags\" content=\"colombia,extradition,norte del valle\" \/>\n<meta name=\"parsely-author\" content=\"Victoria Dittmar\" \/>","tracker_url":"https:\/\/cdn.parsely.com\/keys\/insightcrime.org\/p.js"},"jetpack_sharing_enabled":true,"jetpack-related-posts":[{"id":187358,"url":"https:\/\/insightcrime.org\/es\/noticias\/el-capo-del-cartel-de-cali-gilberto-rodriguez-orejuela-muere-en-prision\/","url_meta":{"origin":80191,"position":0},"title":"El capo del Cartel de Cali Gilberto Rodr\u00edguez Orejuela muere en prisi\u00f3n","author":"Scott Mistler-Ferguson","date":"2 de junio de 2022","format":false,"excerpt":"La muerte del capo del Cartel de Cali Gilberto Rodr\u00edguez Orejuela en una prisi\u00f3n estadounidense marca el fin de uno de los narcos m\u00e1s notorios de Colombia, y con \u00e9l se va una era de la historia del pa\u00eds.","rel":"","context":"En \u00abNoticias\u00bb","block_context":{"text":"Noticias","link":"https:\/\/insightcrime.org\/es\/category\/noticias\/"},"img":{"alt_text":"Cali-Cartel-Capo- Gilberto-Rodr\u00edguez-Orejuela-Dies","src":"https:\/\/i0.wp.com\/insightcrime.org\/wp-content\/uploads\/2022\/06\/Orejuela-Death-Cali-Capo.png?fit=350%2C251&quality=100&ssl=1&resize=350%2C200","width":350,"height":200},"classes":[]},{"id":119858,"url":"https:\/\/insightcrime.org\/es\/noticias-crimen-organizado-honduras\/juan-antonio-tony-hernandez-alvarado\/","url_meta":{"origin":80191,"position":1},"title":"Juan Antonio &#8216;Tony&#8217; Hern\u00e1ndez Alvarado","author":"InSight Crime","date":"3 de septiembre de 2020","format":false,"excerpt":"Juan Antonio \u201cTony\u201d Hern\u00e1ndez Alvarado es un exdiputado hondure\u00f1o, hermano del expresidente de Honduras y declarado culpable en Estados Unidos por participar en el tr\u00e1fico internacional de coca\u00edna desde Honduras. Historia La familia Hern\u00e1ndez Alvarado es originaria de la ciudad de Gracias, capital del departamento occidental de Lempira. Ah\u00ed, Tony\u2026","rel":"","context":"En \u00abHonduras\u00bb","block_context":{"text":"Honduras","link":"https:\/\/insightcrime.org\/es\/category\/noticias-crimen-organizado-honduras\/"},"img":{"alt_text":"Perfil criminal - Juan Antonio \u2018Tony\u2019 Hern\u00e1ndez Alvarado - Honduras.","src":"https:\/\/i0.wp.com\/insightcrime.org\/wp-content\/uploads\/2026\/08\/Perfil-Criminal-Tony-Hernandez-Honduras.jpg?fit=1200%2C900&quality=100&ssl=1&resize=350%2C200","width":350,"height":200,"srcset":"https:\/\/i0.wp.com\/insightcrime.org\/wp-content\/uploads\/2026\/08\/Perfil-Criminal-Tony-Hernandez-Honduras.jpg?fit=1200%2C900&quality=100&ssl=1&resize=350%2C200 1x, https:\/\/i0.wp.com\/insightcrime.org\/wp-content\/uploads\/2026\/08\/Perfil-Criminal-Tony-Hernandez-Honduras.jpg?fit=1200%2C900&quality=100&ssl=1&resize=525%2C300 1.5x, https:\/\/i0.wp.com\/insightcrime.org\/wp-content\/uploads\/2026\/08\/Perfil-Criminal-Tony-Hernandez-Honduras.jpg?fit=1200%2C900&quality=100&ssl=1&resize=700%2C400 2x, https:\/\/i0.wp.com\/insightcrime.org\/wp-content\/uploads\/2026\/08\/Perfil-Criminal-Tony-Hernandez-Honduras.jpg?fit=1200%2C900&quality=100&ssl=1&resize=1050%2C600 3x"},"classes":[]},{"id":232500,"url":"https:\/\/insightcrime.org\/es\/noticias\/cambio-de-rostro-sentenciado-a-prision-enlace-del-cartel-de-sinaloa-con-colombia\/","url_meta":{"origin":80191,"position":2},"title":"Cambio de rostro: sentenciado a prisi\u00f3n enlace del Cartel de Sinaloa con Colombia","author":"Henry Shuldiner","date":"18 de agosto de 2023","format":false,"excerpt":"La sentencia de un importante l\u00edder del Cartel del Norte del Valle, de Colombia, pone fin a una lucrativa y sangrienta carrera que tuvo impactos sobre el hampa de todo el continente americano.","rel":"","context":"En \u00abNoticias\u00bb","block_context":{"text":"Noticias","link":"https:\/\/insightcrime.org\/es\/category\/noticias\/"},"img":{"alt_text":"Alias chhupeta transformation collage","src":"https:\/\/i0.wp.com\/insightcrime.org\/wp-content\/uploads\/2023\/09\/Alias-chupeta-transformation-featured-1.jpg?fit=1200%2C600&quality=100&ssl=1&resize=350%2C200","width":350,"height":200,"srcset":"https:\/\/i0.wp.com\/insightcrime.org\/wp-content\/uploads\/2023\/09\/Alias-chupeta-transformation-featured-1.jpg?fit=1200%2C600&quality=100&ssl=1&resize=350%2C200 1x, https:\/\/i0.wp.com\/insightcrime.org\/wp-content\/uploads\/2023\/09\/Alias-chupeta-transformation-featured-1.jpg?fit=1200%2C600&quality=100&ssl=1&resize=525%2C300 1.5x, https:\/\/i0.wp.com\/insightcrime.org\/wp-content\/uploads\/2023\/09\/Alias-chupeta-transformation-featured-1.jpg?fit=1200%2C600&quality=100&ssl=1&resize=700%2C400 2x, https:\/\/i0.wp.com\/insightcrime.org\/wp-content\/uploads\/2023\/09\/Alias-chupeta-transformation-featured-1.jpg?fit=1200%2C600&quality=100&ssl=1&resize=1050%2C600 3x"},"classes":[]},{"id":269647,"url":"https:\/\/insightcrime.org\/es\/honduras-organized-crime-news\/digna-asusena-valle-valle\/","url_meta":{"origin":80191,"position":3},"title":"Digna Asusena Valle Valle","author":"InSight Crime","date":"27 de febrero de 2024","format":false,"excerpt":"Digna Asusena Valle Valle fue por d\u00e9cadas la matriarca de los Valle, uno de los clanes familiares narcotraficantes m\u00e1s importantes de Honduras. Por a\u00f1os la familia estableci\u00f3 importantes redes criminales y pol\u00edticas que los consolidaron como intermediarios clave en el trasiego de coca\u00edna desde Colombia hacia Estados Unidos. Sin embargo,\u2026","rel":"","context":"En \u00abHonduras\u00bb","block_context":{"text":"Honduras","link":"https:\/\/insightcrime.org\/category\/honduras-organized-crime-news\/"},"img":{"alt_text":"Perfil Criminal - Digna Valle - Honduras.","src":"https:\/\/i0.wp.com\/insightcrime.org\/wp-content\/uploads\/2026\/08\/Perfil-Criminal-Digna-Valle-Honduras.jpg?fit=1200%2C900&quality=100&ssl=1&resize=350%2C200","width":350,"height":200,"srcset":"https:\/\/i0.wp.com\/insightcrime.org\/wp-content\/uploads\/2026\/08\/Perfil-Criminal-Digna-Valle-Honduras.jpg?fit=1200%2C900&quality=100&ssl=1&resize=350%2C200 1x, https:\/\/i0.wp.com\/insightcrime.org\/wp-content\/uploads\/2026\/08\/Perfil-Criminal-Digna-Valle-Honduras.jpg?fit=1200%2C900&quality=100&ssl=1&resize=525%2C300 1.5x, https:\/\/i0.wp.com\/insightcrime.org\/wp-content\/uploads\/2026\/08\/Perfil-Criminal-Digna-Valle-Honduras.jpg?fit=1200%2C900&quality=100&ssl=1&resize=700%2C400 2x, https:\/\/i0.wp.com\/insightcrime.org\/wp-content\/uploads\/2026\/08\/Perfil-Criminal-Digna-Valle-Honduras.jpg?fit=1200%2C900&quality=100&ssl=1&resize=1050%2C600 3x"},"classes":[]},{"id":7018,"url":"https:\/\/insightcrime.org\/es\/noticias-crimen-organizado-colombia\/rastrojos-perfil\/","url_meta":{"origin":80191,"position":4},"title":"Los Rastrojos","author":"InSight Crime","date":"20 de julio de 2022","format":false,"excerpt":"Los Rastrojos son un grupo criminal colombiano con influencia en Norte de Santander, departamento fronterizo entre Colombia y Venezuela.","rel":"","context":"En \u00abColombia\u00bb","block_context":{"text":"Colombia","link":"https:\/\/insightcrime.org\/es\/category\/noticias-crimen-organizado-colombia\/"},"img":{"alt_text":"Rastrojos","src":"https:\/\/i0.wp.com\/insightcrime.org\/wp-content\/uploads\/2026\/06\/Grupo-Criminal-Los-Rastrojos.jpg?fit=1200%2C900&quality=100&ssl=1&resize=350%2C200","width":350,"height":200,"srcset":"https:\/\/i0.wp.com\/insightcrime.org\/wp-content\/uploads\/2026\/06\/Grupo-Criminal-Los-Rastrojos.jpg?fit=1200%2C900&quality=100&ssl=1&resize=350%2C200 1x, https:\/\/i0.wp.com\/insightcrime.org\/wp-content\/uploads\/2026\/06\/Grupo-Criminal-Los-Rastrojos.jpg?fit=1200%2C900&quality=100&ssl=1&resize=525%2C300 1.5x, https:\/\/i0.wp.com\/insightcrime.org\/wp-content\/uploads\/2026\/06\/Grupo-Criminal-Los-Rastrojos.jpg?fit=1200%2C900&quality=100&ssl=1&resize=700%2C400 2x, https:\/\/i0.wp.com\/insightcrime.org\/wp-content\/uploads\/2026\/06\/Grupo-Criminal-Los-Rastrojos.jpg?fit=1200%2C900&quality=100&ssl=1&resize=1050%2C600 3x"},"classes":[]},{"id":274744,"url":"https:\/\/insightcrime.org\/es\/noticias\/violencia-valle-del-cauca-evidencia-aumento-masacres-pandilleras-colombia\/","url_meta":{"origin":80191,"position":5},"title":"La violencia en Valle del Cauca evidencia el aumento de las masacres pandilleras en Colombia","author":"Sergio Saffon","date":"30 de abril de 2024","format":false,"excerpt":"Una serie de masacres en el departamento del Valle del Cauca, en el suroeste de Colombia, ilustra c\u00f3mo las bandas criminales urbanas emplean cada vez m\u00e1s una forma de violencia que antes se asociaba a los principales grupos armados del pa\u00eds.","rel":"","context":"En \u00abNoticias\u00bb","block_context":{"text":"Noticias","link":"https:\/\/insightcrime.org\/es\/category\/noticias\/"},"img":{"alt_text":"Authorities move the bodies of the victims of one gang massacre in Valle del Cauca, Colombia.","src":"https:\/\/i0.wp.com\/insightcrime.org\/wp-content\/uploads\/2023\/08\/image-2-1.png?fit=350%2C250&quality=100&ssl=1&resize=350%2C200","width":350,"height":200},"classes":[]}],"jetpack_featured_media_url":"https:\/\/i0.wp.com\/insightcrime.org\/wp-content\/uploads\/2018\/03\/18-03-02-Colombia-Overol.jpg?fit=350%2C250&quality=100&ssl=1","_links":{"self":[{"href":"https:\/\/insightcrime.org\/es\/wp-json\/wp\/v2\/posts\/80191","targetHints":{"allow":["GET"]}}],"collection":[{"href":"https:\/\/insightcrime.org\/es\/wp-json\/wp\/v2\/posts"}],"about":[{"href":"https:\/\/insightcrime.org\/es\/wp-json\/wp\/v2\/types\/post"}],"author":[{"embeddable":true,"href":"https:\/\/insightcrime.org\/es\/wp-json\/wp\/v2\/users\/77"}],"replies":[{"embeddable":true,"href":"https:\/\/insightcrime.org\/es\/wp-json\/wp\/v2\/comments?post=80191"}],"version-history":[{"count":5,"href":"https:\/\/insightcrime.org\/es\/wp-json\/wp\/v2\/posts\/80191\/revisions"}],"predecessor-version":[{"id":80424,"href":"https:\/\/insightcrime.org\/es\/wp-json\/wp\/v2\/posts\/80191\/revisions\/80424"}],"wp:featuredmedia":[{"embeddable":true,"href":"https:\/\/insightcrime.org\/es\/wp-json\/wp\/v2\/media\/80160"}],"wp:attachment":[{"href":"https:\/\/insightcrime.org\/es\/wp-json\/wp\/v2\/media?parent=80191"}],"wp:term":[{"taxonomy":"category","embeddable":true,"href":"https:\/\/insightcrime.org\/es\/wp-json\/wp\/v2\/categories?post=80191"},{"taxonomy":"post_tag","embeddable":true,"href":"https:\/\/insightcrime.org\/es\/wp-json\/wp\/v2\/tags?post=80191"},{"taxonomy":"newspack_spnsrs_tax","embeddable":true,"href":"https:\/\/insightcrime.org\/es\/wp-json\/wp\/v2\/newspack_spnsrs_tax?post=80191"},{"taxonomy":"author","embeddable":true,"href":"https:\/\/insightcrime.org\/es\/wp-json\/wp\/v2\/coauthors?post=80191"}],"curies":[{"name":"wp","href":"https:\/\/api.w.org\/{rel}","templated":true}]}}