{"id":80436,"date":"2018-03-06T20:08:05","date_gmt":"2018-03-07T01:08:05","guid":{"rendered":"https:\/\/insightcrime.org\/?p=80436"},"modified":"2023-04-24T16:28:02","modified_gmt":"2023-04-24T21:28:02","slug":"criminalidad-de-mexico-se-traslada-la-universidad-mas-grande-del-pais","status":"publish","type":"post","link":"https:\/\/insightcrime.org\/es\/noticias\/noticias-del-dia\/criminalidad-de-mexico-se-traslada-la-universidad-mas-grande-del-pais\/","title":{"rendered":"Criminalidad de M\u00e9xico se traslada a la universidad m\u00e1s grande del pa\u00eds"},"content":{"rendered":"\n<p class=\"wp-block-paragraph\">Una balacera ocurrida recientemente en el campus de la universidad m\u00e1s grande de M\u00e9xico, tras la&nbsp;cual resultaron dos personas muertas, indica que las dificultades para enfrentar la violencia criminal se est\u00e1n reflejando en distintos espacios de la vida cotidiana.<\/p>\n\n\n\n<p class=\"wp-block-paragraph\">El 23 de febrero, dos individuos murieron tras un enfrentamiento entre dos grupos de microtr\u00e1fico rivales en una zona conocida como Los Frontones (donde el narcomenudeo es com\u00fan), ubicada entre las facultades de Ingenier\u00eda y Contadur\u00eda del campus principal de la Universidad Nacional Aut\u00f3noma de M\u00e9xico (UNAM), seg\u00fan <a href=\"http:\/\/www.eluniversal.com.mx\/nacion\/sociedad\/balacera-entre-narcomenudistas-en-cu-deja-dos-muertos\">inform\u00f3 El Universal<\/a>.<\/p>\n\n\n\n<p class=\"wp-block-paragraph\">Se cree que el Cartel de Tl\u00e1huac, anteriormente dirigido por Felipe de Jes\u00fas P\u00e9rez Luna, alias \u201cEl Ojos\u201d, quien fue <a href=\"https:\/\/es.insightcrime.org\/noticias\/noticias-del-dia\/funcionarios-niegan-carteles-sean-culpables-violentos-enfrentamientos-ciudad-mexico\/\">abatido por la Marina de M\u00e9xico<\/a> en julio de 2017, <a href=\"https:\/\/es.insightcrime.org\/noticias\/noticias-del-dia\/expendedores-drogas-operan-libremente-mayor-universidad-mexico-video\/\">operaba libremente y vend\u00eda drogas<\/a> en Los Frontones. Sin embargo, la muerte de \u201cEl Ojos\u201d, seguida poco despu\u00e9s por el arresto de su presunto sucesor, Uriel Isaac \u201cN\u201d, alias \u201cEl Cochi\u201d, y la captura de Ricardo Ferro P\u00e9rez, alias \u201cEl Peque\u201d o \u201cEl Richi\u201d \u2014sobrino de \u201cEl Ojos\u201d y el m\u00e1s reciente l\u00edder del cartel\u2014 crearon un vac\u00edo de poder en la UNAM, seg\u00fan El Universal.<\/p>\n\n\n\n<p class=\"wp-block-paragraph\"><span style=\"color: #993300;\"><strong>&nbsp; &nbsp; &nbsp;VEA TAMBI\u00c9N<\/strong><\/span>: <a href=\"https:\/\/es.insightcrime.org\/tag\/microtrafico\/\">Cobertura sobre el microtr\u00e1fico<\/a><\/p>\n\n\n\n<p class=\"wp-block-paragraph\">El Cartel de Tepito y Los Rodolfos est\u00e1n supuestamente enfrentados por el control del microtr\u00e1fico en el campus de la UNAM, <a href=\"http:\/\/www.eluniversal.com.mx\/nacion\/seguridad\/cartel-de-tepito-y-los-rodolfos-disputan-control-de-narcomenudeo-en-cu\">inform\u00f3 El Universal<\/a> el 27 de febrero. Seg\u00fan los informes, ambos grupos empezaron a luchar con c\u00e9lulas m\u00e1s peque\u00f1as del Cartel de Tl\u00e1huac en \u00e1reas cercanas a la Ciudad de M\u00e9xico, y luego se trasladaron al campus de la UNAM tras el debilitamiento del Cartel de Tl\u00e1huac, con el fin de intentar asumir el control.<\/p>\n\n\n\n<p class=\"wp-block-paragraph\">Seg\u00fan El Universal, los enfrentamientos entre el Cartel de Tepito y Los Rodolfos comenzaron en enero de este a\u00f1o, cuando empezaron a pelearse por el control del narcomenudeo cerca de la facultad de Filosof\u00eda de la UNAM.<\/p>\n\n\n\n<h3 class=\"wp-block-heading\">An\u00e1lisis de InSight Crime<\/h3>\n\n\n\n<p class=\"wp-block-paragraph\">El violento enfrentamiento que se present\u00f3 recientemente en el campus de la UNAM es un claro ejemplo de que las dificultades generales del pa\u00eds en la lucha contra los grupos criminales y sus actividades se est\u00e1n reflejando en la capital del pa\u00eds.<\/p>\n\n\n\n<p class=\"wp-block-paragraph\">Los funcionarios de la Ciudad de M\u00e9xico <a href=\"https:\/\/es.insightcrime.org\/noticias\/noticias-del-dia\/funcionarios-niegan-carteles-sean-culpables-violentos-enfrentamientos-ciudad-mexico\/\">han negado durante mucho tiempo la presencia<\/a> de grupos del crimen organizado, a pesar de la creciente evidencia que <a href=\"https:\/\/es.insightcrime.org\/noticias\/noticias-del-dia\/capo-microtrafico-arrestado-ordenar-asesinatos-caso-heaven-ciudad-de-mexico\/\">sugiere lo contrario<\/a>. Las autoridades de todo el pa\u00eds han fracasado en sus intentos de detener la criminalidad y la violencia a nivel federal (2017 fue <a href=\"https:\/\/es.insightcrime.org\/noticias\/noticias-del-dia\/mexico-mantiene-militarizacion-mientras-registra-ano-mas-letal\/\">el a\u00f1o m\u00e1s violento<\/a> en la historia del pa\u00eds), y parece que las autoridades locales enfrentan problemas similares.<\/p>\n\n\n\n<p class=\"wp-block-paragraph\"><span style=\"color: #993300;\"><strong>&nbsp; &nbsp; &nbsp;VEA TAMBI\u00c9N<\/strong><\/span>: <a href=\"https:\/\/es.insightcrime.org\/noticias-sobre-crimen-organizado-en-mexico\/\">Noticias y perfiles de M\u00e9xico<\/a><\/p>\n\n\n\n<p class=\"wp-block-paragraph\">De hecho, tras la reciente confrontaci\u00f3n, un video <a href=\"https:\/\/www.youtube.com\/watch?v=L944uXEKi8Y\">publicado por Aristegui Noticias<\/a> muestra que un estudiante de la UNAM y miembros de la fuerza de seguridad de la universidad se acercan a un grupo de supuestos microtraficantes para rechazar la venta y el consumo de marihuana cerca de la facultad de Filosof\u00eda. Los presuntos microtraficantes respondieron con amenazas al estudiante y a los funcionarios de seguridad, dici\u00e9ndoles: \u201cvayan a Los Frontones; all\u00e1 matan gratis\u201d.<\/p>\n","protected":false},"excerpt":{"rendered":"<p>Una balacera en el campus de la universidad m\u00e1s grande de M\u00e9xico, tras el cual resultaron dos personas muertas, se\u00f1ala que los continuos esfuerzos por enfrentar la violencia criminal est\u00e1n jugando a nivel local.<\/p>\n","protected":false},"author":90,"featured_media":80120,"comment_status":"closed","ping_status":"closed","sticky":false,"template":"","format":"standard","meta":{"newspack_ads_suppress_ads":false,"newspack_popups_has_disabled_popups":false,"newspack_sponsor_sponsorship_scope":"","newspack_sponsor_native_byline_display":"inherit","newspack_sponsor_native_category_display":"inherit","newspack_sponsor_underwriter_style":"inherit","newspack_sponsor_underwriter_placement":"inherit","_EventAllDay":false,"_EventTimezone":"","_EventStartDate":"","_EventEndDate":"","_EventStartDateUTC":"","_EventEndDateUTC":"","_EventShowMap":false,"_EventShowMapLink":false,"_EventURL":"","_EventCost":"","_EventCostDescription":"","_EventCurrencySymbol":"","_EventCurrencyCode":"","_EventCurrencyPosition":"","_EventDateTimeSeparator":"","_EventTimeRangeSeparator":"","_EventOrganizerID":[],"_EventVenueID":[],"_OrganizerEmail":"","_OrganizerPhone":"","_OrganizerWebsite":"","_VenueAddress":"","_VenueCity":"","_VenueCountry":"","_VenueProvince":"","_VenueState":"","_VenueZip":"","_VenuePhone":"","_VenueURL":"","_VenueStateProvince":"","_VenueLat":"","_VenueLng":"","_VenueShowMap":false,"_VenueShowMapLink":false,"_newspack_byline_active":false,"_newspack_byline":"","newspack_hide_updated_date":false,"newspack_show_updated_date":false,"newspack_featured_image_position":"","newspack_post_subtitle":"","newspack_article_summary_title":"Overview:","newspack_article_summary":"","_jetpack_memberships_contains_paid_content":false,"footnotes":""},"categories":[334],"tags":[406,458],"newspack_spnsrs_tax":[],"coauthors":[4065],"class_list":["post-80436","post","type-post","status-publish","format-standard","has-post-thumbnail","hentry","category-noticias-del-dia","tag-mexico-pais","tag-microtrafico","entry"],"parsely":{"version":"1.1.0","canonical_url":"https:\/\/insightcrime.org\/es\/noticias\/noticias-del-dia\/criminalidad-de-mexico-se-traslada-la-universidad-mas-grande-del-pais\/","smart_links":{"inbound":0,"outbound":0},"traffic_boost_suggestions_count":0,"meta":{"@context":"https:\/\/schema.org","@type":"NewsArticle","headline":"Criminalidad de M\u00e9xico se traslada a la universidad m\u00e1s grande del pa\u00eds","url":"http:\/\/insightcrime.org\/es\/noticias\/noticias-del-dia\/criminalidad-de-mexico-se-traslada-la-universidad-mas-grande-del-pais\/","mainEntityOfPage":{"@type":"WebPage","@id":"http:\/\/insightcrime.org\/es\/noticias\/noticias-del-dia\/criminalidad-de-mexico-se-traslada-la-universidad-mas-grande-del-pais\/"},"thumbnailUrl":"https:\/\/i0.wp.com\/insightcrime.org\/wp-content\/uploads\/2018\/03\/18-03-02-UNAM.jpg?resize=150%2C150&quality=100&ssl=1","image":{"@type":"ImageObject","url":"https:\/\/i0.wp.com\/insightcrime.org\/wp-content\/uploads\/2018\/03\/18-03-02-UNAM.jpg?fit=350%2C250&quality=100&ssl=1"},"articleSection":"Noticias del d\u00eda","author":[{"@type":"Person","name":"Parker Asmann"}],"creator":["Parker Asmann"],"publisher":{"@type":"Organization","name":"InSight Crime","logo":"https:\/\/insightcrime.org\/wp-content\/uploads\/2023\/08\/logo.png"},"keywords":["m\u00e9xico","microtr\u00e1fico"],"dateCreated":"2018-03-07T01:08:05Z","datePublished":"2018-03-07T01:08:05Z","dateModified":"2023-04-24T21:28:02Z"},"rendered":"<meta name=\"parsely-title\" content=\"Criminalidad de M\u00e9xico se traslada a la universidad m\u00e1s grande del pa\u00eds\" \/>\n<meta name=\"parsely-link\" content=\"http:\/\/insightcrime.org\/es\/noticias\/noticias-del-dia\/criminalidad-de-mexico-se-traslada-la-universidad-mas-grande-del-pais\/\" \/>\n<meta name=\"parsely-type\" content=\"post\" \/>\n<meta name=\"parsely-image-url\" content=\"https:\/\/i0.wp.com\/insightcrime.org\/wp-content\/uploads\/2018\/03\/18-03-02-UNAM.jpg?resize=150%2C150&amp;quality=100&amp;ssl=1\" \/>\n<meta name=\"parsely-pub-date\" content=\"2018-03-07T01:08:05Z\" \/>\n<meta name=\"parsely-section\" content=\"Noticias del d\u00eda\" \/>\n<meta name=\"parsely-tags\" content=\"m\u00e9xico,microtr\u00e1fico\" \/>\n<meta name=\"parsely-author\" content=\"Parker Asmann\" \/>","tracker_url":"https:\/\/cdn.parsely.com\/keys\/insightcrime.org\/p.js"},"jetpack_sharing_enabled":true,"jetpack-related-posts":[{"id":232664,"url":"https:\/\/insightcrime.org\/es\/noticias\/3-conclusiones-indice-paz-mexico-2023\/","url_meta":{"origin":80436,"position":0},"title":"Las 3 conclusiones del \u00cdndice de Paz M\u00e9xico de 2023","author":"Sean Doherty","date":"31 de mayo de 2023","format":false,"excerpt":"Las organizaciones criminales son uno de los principales responsables de la violencia en las zonas m\u00e1s afectadas por ese flagelo en M\u00e9xico, como revel\u00f3 un nuevo informe.","rel":"","context":"En \u00abNoticias\u00bb","block_context":{"text":"Noticias","link":"https:\/\/insightcrime.org\/es\/category\/noticias\/"},"img":{"alt_text":"CJNG ostenta su poder de fuego","src":"https:\/\/i0.wp.com\/insightcrime.org\/wp-content\/uploads\/2023\/09\/cjng-2-1.jpg?fit=350%2C250&quality=100&ssl=1&resize=350%2C200","width":350,"height":200},"classes":[]},{"id":148994,"url":"https:\/\/insightcrime.org\/es\/noticias\/detras-recientes-tiroteos-reynosa-mexico\/","url_meta":{"origin":80436,"position":1},"title":"\u00bfQu\u00e9 hay detr\u00e1s de los recientes tiroteos en Reynosa, M\u00e9xico?","author":"Victoria Dittmar","date":"22 de junio de 2021","format":false,"excerpt":"La ciudad de Reynosa, base del Cartel del Golfo, vivi\u00f3 uno de sus episodios m\u00e1s violentos en a\u00f1os recientes, lo cual podr\u00eda ser un indicio de reacomodos en las din\u00e1micas criminales de la frontera oriental entre M\u00e9xico y Estados Unidos.","rel":"","context":"En \u00abNoticias\u00bb","block_context":{"text":"Noticias","link":"https:\/\/insightcrime.org\/es\/category\/noticias\/"},"img":{"alt_text":"Numerous bullet casings litter the scene of a shooting in Reynosa, Tamaulipas","src":"https:\/\/i0.wp.com\/insightcrime.org\/wp-content\/uploads\/2021\/06\/Crime-scene-2-1.jpg?fit=350%2C250&quality=100&ssl=1&resize=350%2C200","width":350,"height":200},"classes":[]},{"id":7038,"url":"https:\/\/insightcrime.org\/es\/the-organization\/el-equipo\/","url_meta":{"origin":80436,"position":2},"title":"El equipo","author":"InSight Crime","date":"26 de septiembre de 2021","format":false,"excerpt":"Conozca a los miembros del equipo de InSight Crime, a su junta directiva y a sus principales patrocinadores.","rel":"","context":"En \u00abThe Organization\u00bb","block_context":{"text":"The Organization","link":"https:\/\/insightcrime.org\/category\/the-organization\/"},"img":{"alt_text":"Mapa latam connections - team insight crime","src":"https:\/\/i0.wp.com\/insightcrime.org\/wp-content\/uploads\/2014\/09\/Imagen-team-mapa-latam-connections.jpg?fit=350%2C250&quality=100&ssl=1&resize=350%2C200","width":350,"height":200},"classes":[]},{"id":265352,"url":"https:\/\/insightcrime.org\/es\/noticias\/elecciones-2024-mexico-podrian-detonar-violentos-reacomodos-criminales\/","url_meta":{"origin":80436,"position":3},"title":"Elecciones de 2024 en M\u00e9xico podr\u00edan detonar violentos reacomodos criminales","author":"Parker Asmann","date":"15 de enero de 2024","format":false,"excerpt":"El panorama criminal de M\u00e9xico, cada vez m\u00e1s diverso y horizontal, podr\u00eda entrar en un periodo de agitaci\u00f3n violenta a ra\u00edz de los cambios pol\u00edticos derivados de las elecciones federales previstas para junio de 2024, seg\u00fan un informe que se publicar\u00e1 pr\u00f3ximamente.","rel":"","context":"En \u00abNoticias\u00bb","block_context":{"text":"Noticias","link":"https:\/\/insightcrime.org\/es\/category\/noticias\/"},"img":{"alt_text":"","src":"https:\/\/i0.wp.com\/insightcrime.org\/wp-content\/uploads\/2024\/01\/2024-01-12-Mexico-2024-Election-Cycle.jpeg?fit=350%2C250&quality=100&ssl=1&resize=350%2C200","width":350,"height":200},"classes":[]},{"id":334978,"url":"https:\/\/insightcrime.org\/es\/noticias\/como-funciona-control-cjng-en-guadalajara-con-o-sin-el-mencho\/","url_meta":{"origin":80436,"position":4},"title":"C\u00f3mo funciona el control del CJNG en Guadalajara, con o sin &#8216;El Mencho&#8217;","author":"Victoria Dittmar","date":"25 de febrero de 2026","format":false,"excerpt":"A pocos d\u00edas de la muerte de El Mencho, el CJNG sigue controlando Guadalajara, donde la violencia y el miedo contin\u00faan siendo parte de la realidad cotidiana, reflejando su fuerte presencia en la ciudad.","rel":"","context":"En \u00abNoticias\u00bb","block_context":{"text":"Noticias","link":"https:\/\/insightcrime.org\/es\/category\/noticias\/"},"img":{"alt_text":"el mencho killing cjng control in guadalajara","src":"https:\/\/i0.wp.com\/insightcrime.org\/wp-content\/uploads\/2026\/02\/Flagship-Guadalajara-City-CJNG-2.jpeg?fit=1200%2C675&quality=100&ssl=1&resize=350%2C200","width":350,"height":200,"srcset":"https:\/\/i0.wp.com\/insightcrime.org\/wp-content\/uploads\/2026\/02\/Flagship-Guadalajara-City-CJNG-2.jpeg?fit=1200%2C675&quality=100&ssl=1&resize=350%2C200 1x, https:\/\/i0.wp.com\/insightcrime.org\/wp-content\/uploads\/2026\/02\/Flagship-Guadalajara-City-CJNG-2.jpeg?fit=1200%2C675&quality=100&ssl=1&resize=525%2C300 1.5x, https:\/\/i0.wp.com\/insightcrime.org\/wp-content\/uploads\/2026\/02\/Flagship-Guadalajara-City-CJNG-2.jpeg?fit=1200%2C675&quality=100&ssl=1&resize=700%2C400 2x, https:\/\/i0.wp.com\/insightcrime.org\/wp-content\/uploads\/2026\/02\/Flagship-Guadalajara-City-CJNG-2.jpeg?fit=1200%2C675&quality=100&ssl=1&resize=1050%2C600 3x"},"classes":[]},{"id":212818,"url":"https:\/\/insightcrime.org\/es\/noticias\/matamoros-sintoma-padecimiento-mexico\/","url_meta":{"origin":80436,"position":5},"title":"Matamoros: un s\u00edntoma del gran padecimiento de M\u00e9xico","author":"Victoria Dittmar","date":"20 de marzo de 2023","format":false,"excerpt":"Matamoros, M\u00e9xico, est\u00e1 en el ojo del hurac\u00e1n tras el asesinato de dos ciudadanos estadounidenses. Pero esta ciudad fronteriza hist\u00f3ricamente ha sido un epicentro para el crimen organizado y la violencia asociada.","rel":"","context":"En \u00abNoticias\u00bb","block_context":{"text":"Noticias","link":"https:\/\/insightcrime.org\/es\/category\/noticias\/"},"img":{"alt_text":"Varios oficiales de polic\u00eda se encuentran en una camioneta mientras custodian el paso fronterizo de Matamoros con Estados Unidos","src":"https:\/\/i0.wp.com\/insightcrime.org\/wp-content\/uploads\/2023\/03\/Matamoros-violencia-Revista-HV.jpg?fit=350%2C250&quality=100&ssl=1&resize=350%2C200","width":350,"height":200},"classes":[]}],"jetpack_featured_media_url":"https:\/\/i0.wp.com\/insightcrime.org\/wp-content\/uploads\/2018\/03\/18-03-02-UNAM.jpg?fit=350%2C250&quality=100&ssl=1","_links":{"self":[{"href":"https:\/\/insightcrime.org\/es\/wp-json\/wp\/v2\/posts\/80436","targetHints":{"allow":["GET"]}}],"collection":[{"href":"https:\/\/insightcrime.org\/es\/wp-json\/wp\/v2\/posts"}],"about":[{"href":"https:\/\/insightcrime.org\/es\/wp-json\/wp\/v2\/types\/post"}],"author":[{"embeddable":true,"href":"https:\/\/insightcrime.org\/es\/wp-json\/wp\/v2\/users\/90"}],"replies":[{"embeddable":true,"href":"https:\/\/insightcrime.org\/es\/wp-json\/wp\/v2\/comments?post=80436"}],"version-history":[{"count":5,"href":"https:\/\/insightcrime.org\/es\/wp-json\/wp\/v2\/posts\/80436\/revisions"}],"predecessor-version":[{"id":80591,"href":"https:\/\/insightcrime.org\/es\/wp-json\/wp\/v2\/posts\/80436\/revisions\/80591"}],"wp:featuredmedia":[{"embeddable":true,"href":"https:\/\/insightcrime.org\/es\/wp-json\/wp\/v2\/media\/80120"}],"wp:attachment":[{"href":"https:\/\/insightcrime.org\/es\/wp-json\/wp\/v2\/media?parent=80436"}],"wp:term":[{"taxonomy":"category","embeddable":true,"href":"https:\/\/insightcrime.org\/es\/wp-json\/wp\/v2\/categories?post=80436"},{"taxonomy":"post_tag","embeddable":true,"href":"https:\/\/insightcrime.org\/es\/wp-json\/wp\/v2\/tags?post=80436"},{"taxonomy":"newspack_spnsrs_tax","embeddable":true,"href":"https:\/\/insightcrime.org\/es\/wp-json\/wp\/v2\/newspack_spnsrs_tax?post=80436"},{"taxonomy":"author","embeddable":true,"href":"https:\/\/insightcrime.org\/es\/wp-json\/wp\/v2\/coauthors?post=80436"}],"curies":[{"name":"wp","href":"https:\/\/api.w.org\/{rel}","templated":true}]}}