{"id":8055,"date":"2015-07-29T20:11:29","date_gmt":"2017-03-28T00:10:22","guid":{"rendered":"http:\/\/newwp.insightcrime.org?p=8055"},"modified":"2023-04-24T15:47:04","modified_gmt":"2023-04-24T20:47:04","slug":"entrenamiento-policia-militar-brasil-demasiado-violento","status":"publish","type":"post","link":"https:\/\/insightcrime.org\/es\/noticias\/analisis\/entrenamiento-policia-militar-brasil-demasiado-violento\/","title":{"rendered":"\u00bfEntrenamiento de la polic\u00eda militar de Brasil es demasiado violento?"},"content":{"rendered":"\n<p class=\"wp-block-paragraph\"><em>Los agentes de la polic\u00eda militar de Brasil critican su r\u00e9gimen de entrenamiento, en el que los abusos f\u00edsicos, psicol\u00f3gicos y disciplinarios por parte de los superiores se presentan con frecuencia.<\/em><\/p>\n\n\n\n<p class=\"wp-block-paragraph\">\u201c\u00a1Oye, t\u00fa, animal. Est\u00fapido gordifl\u00f3n!\u201d<\/p>\n\n\n\n<p class=\"wp-block-paragraph\">El exsoldado Darlan Menezes Abrantes imita los gritos de los oficiales que le impart\u00edan instrucci\u00f3n cuando \u00e9l ingres\u00f3 a la academia de polic\u00eda militar en el estado nororiental de Cear\u00e1 en febrero de 2001.<\/p>\n\n\n\n<p class=\"wp-block-paragraph\">\u201cA veces, a mediod\u00eda, mis superiores me gritaban que era un monstruo, un par\u00e1sito\u201d, explica Darlan. \u201cEra como si estuvieran entrenando un perro. Entrenan a los soldados para que les tengan miedo a sus superiores. La formaci\u00f3n se dirig\u00eda a afectar nuestros sentimientos, para que sali\u00e9ramos de los cuarteles como un pit bull, deseando morder a alguien\u201d.<\/p>\n\n\n\n<p class=\"wp-block-paragraph\">\u201c\u00bfC\u00f3mo se puede servir a la sociedad si uno es entrenado de esta manera? Es rid\u00edculo\u201d, a\u00f1ade. \u201cLos polic\u00edas deben aprender a pensar r\u00e1pido, a desarrollar la capacidad de tomar decisiones. Pero actualmente los entrenan como si fueran perros para peleas callejeras\u201d.<\/p>\n\n\n\n<p class=\"has-text-align-center wp-block-paragraph\"><em><strong>Este art\u00edculo apareci\u00f3 originalmente en<a href=\"https:\/\/apublica.org\/\" target=\"_blank\"> Agencia P\u00fablica<\/a> y fue traducido, editado para mayor claridad y reproducido con permiso. Ver el original <a href=\"https:\/\/apublica.org\/2015\/07\/treinados-pra-rinha-de-rua\/\" target=\"_blank\">aqu\u00ed<\/a>.<\/strong><\/em><\/p>\n\n\n\n<p class=\"wp-block-paragraph\">Sin rastros de nostalgia, Darlan recuerda los \u00faltimos siete meses de formaci\u00f3n en la desaparecida academia de polic\u00eda militar de Cear\u00e1. \u201cCada que un instructor estaba ausente, nos obligaban a limpiar los cuarteles por completo\u201d, dice. \u201cY a\u00fan m\u00e1s: quien se quejaba podr\u00eda terminar haci\u00e9ndolo el fin de semana. En las fuerzas armadas, la jerarqu\u00eda est\u00e1 por encima de todo. Es un sistema feudal; hay oficiales que pueden hacer de todo y soldados que s\u00f3lo deben agachar sus cabezas. S\u00f3lo te entrenan para temerles a los oficiales. Si un soldado ve a un oficial, incluso desde lejos, tiembla de miedo\u201d.<\/p>\n\n\n\n<p class=\"wp-block-paragraph\">En el entrenamiento de los polic\u00edas militares, la intimidaci\u00f3n es la regla y no la excepci\u00f3n. Los cursos se enfocan en inculcar la cultura militar a los futuros soldados, y hay poca ense\u00f1anza te\u00f3rica sobre temas como derecho penal o derechos humanos. Estas son las conclusiones de un<a href=\"https:\/\/www.forumseguranca.org.br\/storage\/download\/ApresentacaoFinal.pdf\" target=\"_blank\"> reciente estudio<\/a>, \u201cOpini\u00f3n de la polic\u00eda brasile\u00f1a sobre las reformas y la modernizaci\u00f3n de la seguridad p\u00fablica\u201d, publicado en 2014 por el Centro de Investigaci\u00f3n Judicial Aplicada (CPJA por sus iniciales en portugu\u00e9s).<\/p>\n\n\n\n<p class=\"wp-block-paragraph\">Para dicho estudio se entrevistaron m\u00e1s de 21.000 empleados de varias agencias federales de seguridad p\u00fablica, la mitad de los cuales eran de la polic\u00eda militar, y de \u00e9stos la mayor\u00eda eran \u201cpra\u00e7as\u201d (oficiales de menor rango).<\/p>\n\n\n\n<div class=\"pull-quotes\">\n<div class=\"pull-quotes-body\">\u201cImag\u00ednese un profesor que no sepa hablar de educaci\u00f3n o un m\u00e9dico que no sepa hablar de salud.\u201d <\/div>\n<\/div>\n\n\n\n<p class=\"wp-block-paragraph\">De estos oficiales, el 83 por ciento dijeron que recibieron un a\u00f1o de entrenamiento antes de empezar a trabajar; el 39 por ciento dijeron que fueron v\u00edctimas de tortura f\u00edsica o psicol\u00f3gica durante los entrenamientos, y el 64.4 por ciento se\u00f1alaron que hab\u00edan sido humillados o irrespetados por sus superiores.<\/p>\n\n\n\n<p class=\"wp-block-paragraph\">A pesar de estas alarmantes cifras, el tema del miedo rara vez se discute dentro o fuera de los cuarteles. En varios estados brasile\u00f1os, los reglamentos internos de la polic\u00eda militar proh\u00edben expresamente que los oficiales hablen sobre su profesi\u00f3n. Los oficiales dicen adem\u00e1s que tienen pocas oportunidades de reportar las violaciones \u2014la naturaleza cerrada de la jerarqu\u00eda militar ofrece poco espacio para quejas o cr\u00edticas sobre las pr\u00e1cticas de formaci\u00f3n\u2014. Esto ocurre a pesar de que dichas denuncias se basan en violaciones a los derechos humanos.<\/p>\n\n\n\n<h3 class=\"wp-block-heading\">Lecciones de tortura<\/h3>\n\n\n\n<p class=\"wp-block-paragraph\">La institucionalizaci\u00f3n de las violaciones a los derechos humanos dentro de la polic\u00eda militar durante los entrenamientos tiene un impacto directo sobre la manera como los polic\u00edas interact\u00faan con la poblaci\u00f3n en general. <a href=\"https:\/\/verdadeaberta.org\/\" target=\"_blank\">Un informe de la Comisi\u00f3n de la Verdad<\/a> del estado de S\u00e3o Paulo ofrece un ejemplo elocuente. Durante un testimonio ante la Comisi\u00f3n en noviembre de 2013, el soci\u00f3logo y exsecretario de seguridad p\u00fablica del estado de R\u00edo de Janeiro, Luiz Eduardo Soares, dijo: \u201cel Batall\u00f3n de Operaciones Especiales de la Polic\u00eda Militar [BOPE por sus iniciales en portugu\u00e9s] dict\u00f3 clases sobre tortura hasta el 2006. \u00a1Clases de tortura en 2006! No me refiero a simples caprichos ideol\u00f3gicos\u2026 estamos hablando de procedimientos institucionales\u201d.<\/p>\n\n\n\n<p class=\"wp-block-paragraph\">Fue en este contexto que Rodrigo Nogueira Batista \u2014egresado de la marina que actualmente cumple una condena de 30 a\u00f1os de prisi\u00f3n por varios cr\u00edmenes, <a href=\"https:\/\/apublica.org\/2015\/07\/a-perversao-comeca-na-formacao-diz-ex-pm-condenado\/\" target=\"_blank\">incluyendo intento de homicidio<\/a>\u2014 fue elegido para participar en las llamadas \u201coperaciones de verano\u201d dos meses despu\u00e9s de ingresar a la polic\u00eda militar. Batista explic\u00f3 que los reclutas realizaban esta etapa de su formaci\u00f3n con oficiales veteranos de la polic\u00eda en las playas de R\u00edo de Janeiro: Ipanema, Copacabana, Barra da Tijuca, Botafogo y Recreio.<\/p>\n\n\n\n<figure class=\"wp-block-image\"><img data-recalc-dims=\"1\" decoding=\"async\" src=\"https:\/\/i0.wp.com\/es.insightcrime.org\/images\/2015JL\/15-07-24-Brazil-Batista.jpg?quality=100&#038;ssl=1\" alt=\"\"\/><\/figure>\n\n\n\n<p class=\"has-text-align-center wp-block-paragraph\"><em>Rodrigo Nogueira Batista. Foto cortes\u00eda de Agencia P\u00fablica<\/em><\/p>\n\n\n\n<p class=\"wp-block-paragraph\">\u201cSal\u00edamos con un garrote en la mano y vest\u00edamos pantalones cortos y camisa de polic\u00eda militar, para darle a la poblaci\u00f3n una \u2018sensaci\u00f3n de seguridad\u2019\u201d, recuerda Batista. \u201cEnviaban a agentes veteranos de la polic\u00eda junto con dos o tres \u2018bolas de hierro\u2019, como llaman a los reclutas\u201d.<\/p>\n\n\n\n<p class=\"wp-block-paragraph\">Pero en la calle \u201cprevalec\u00eda la barbarie: peque\u00f1os robos, fumadores de marihuana, todo lo que se pueda imaginar. Cuando agarr\u00e1bamos a [los detenidos], era s\u00f3lo para golpearlos una y otra vez, y rociarles gas pimienta, mucho gas pimienta. Esa fue la primera vez que entr\u00e9 en contacto con las t\u00e9cnicas de tortura utilizadas por la polic\u00eda militar en varias ocasiones\u201d, dice Batista.<\/p>\n\n\n\n<h3 class=\"wp-block-heading\">S\u00ed se\u00f1or, No se\u00f1or<\/h3>\n\n\n\n<p class=\"wp-block-paragraph\">Seg\u00fan los entrevistados, la cultura de la violencia nace de la deshumanizaci\u00f3n de la polic\u00eda militar durante los entrenamientos.<\/p>\n\n\n\n<p class=\"wp-block-paragraph\">\u201cComo soldado de la polic\u00eda militar, uno no tiene derechos\u201d, dice Darlan. \u201cTen\u00edamos que dormir en cuartos sucios y derruidos. Cada quien ten\u00eda que llevar su propio saco de dormir a los dormitorios. Los reclutas casados la pasaban mal, pues llegaban a tener hasta tres meses sin sueldo. Los soldados s\u00f3lo deb\u00edan decir \u2018S\u00ed se\u00f1or\u2019 o \u2018No se\u00f1or\u2019 y marchar todo el tiempo. \u00bfC\u00f3mo puede una polic\u00eda antidemocr\u00e1tica proteger una sociedad democr\u00e1tica?\u201d.<\/p>\n\n\n\n<p class=\"wp-block-paragraph\">Darlan, autor del libro \u201cEl militarismo: un arcaico sistema de seguridad p\u00fablica\u201d, fue expulsado de la polic\u00eda en enero de 2014, despu\u00e9s de servir 13 a\u00f1os en la polic\u00eda militar. Dice que fue expulsado a causa del libro.<\/p>\n\n\n\n<figure class=\"wp-block-image\"><img data-recalc-dims=\"1\" decoding=\"async\" src=\"https:\/\/i0.wp.com\/es.insightcrime.org\/images\/2015JL\/15-07-24-Brazil-Darlan.jpg?quality=100&#038;ssl=1\" alt=\"\"\/><\/figure>\n\n\n\n<p class=\"has-text-align-center wp-block-paragraph\"><em>Darlan Menezes Abrantes. Foto cortes\u00eda de Agencia P\u00fablica<\/em><\/p>\n\n\n\n<p class=\"wp-block-paragraph\">Sin embargo, la polic\u00eda militar de Cear\u00e1 alega que Darlan fue expulsado porque viol\u00f3 normas de humildad y decencia del c\u00f3digo disciplinario militar. En S\u00e3o Paulo y Caer\u00e1, a la polic\u00eda se le proh\u00edbe \u201cpublicar o divulgar [\u2026] documentos sobre temas administrativos o t\u00e9cnicos privativos de la polic\u00eda [\u2026] que puedan amenazar el establecimiento militar\u201d.<\/p>\n\n\n\n<p class=\"wp-block-paragraph\">Darlan report\u00f3 su expulsi\u00f3n ante el Ministerio P\u00fablico de Cear\u00e1 y present\u00f3 una solicitud de reintegro ante la corte, que a\u00fan no ha sido fallada. Cuando Agencia P\u00fablica indag\u00f3 sobre el particular, la polic\u00eda militar de Cear\u00e1 no quiso dar explicaciones sobre el motivo de la expulsi\u00f3n de Darlan ni comentar sobre su caso.<\/p>\n\n\n\n<h3 class=\"wp-block-heading\">Normas \u201canticuadas y antidemocr\u00e1ticas\u201d<\/h3>\n\n\n\n<p class=\"wp-block-paragraph\">\u201cImag\u00ednese un profesor que no sepa hablar de educaci\u00f3n o un m\u00e9dico que no sepa hablar de salud\u201d, dice Ignacio Cano, soci\u00f3logo del Laboratorio para el An\u00e1lisis de la Violencia, de la Universidad del Estado de R\u00edo de Janeiro (UERJ). \u201cEn muchos estados, los oficiales de polic\u00eda no saben hablar de seguridad p\u00fablica\u201d. Cano es autor de un estudio (<a href=\"https:\/\/www2.camara.leg.br\/legin\/fed\/declei\/1960-1969\/decreto-lei-667-2-julho-1969-374170-normaatualizada-pe.pdf\" target=\"_blank\">pdf<\/a>) que analiza los \u201cmanuales de conducta\u201d de la polic\u00eda militar, con el objetivo de comparar los reglamentos y la legislaci\u00f3n disciplinaria de las fuerzas de seguridad p\u00fablica en Brasil.<\/p>\n\n\n\n<p class=\"wp-block-paragraph\">\u201cLas normas disciplinarias de la polic\u00eda militar son anticuadas y antidemocr\u00e1ticas; muchas de ellas datan incluso de antes de la Constituci\u00f3n actual\u201d, dice Cano. \u201cFueron creadas para garantizar una jerarqu\u00eda y una disciplina dentro del organismo y para crear cierta imagen del mismo. No fueron dise\u00f1adas para proteger a la poblaci\u00f3n ni a polic\u00eda\u201d.<\/p>\n\n\n\n<p class=\"wp-block-paragraph\">Seg\u00fan el estudio de Cano, por lo menos 10 unidades federales tienen regulaciones anteriores a la actual Constituci\u00f3n de Brasil, que fue promulgada en 1988. Algunos estados adoptaron directamente las reglas disciplinarias del ej\u00e9rcito, denominadas RDE, como las mismas reglas de la polic\u00eda militar, que fue creada con el Decreto dictatorial 667 (pdf) el 2 de julio de 1969.<\/p>\n\n\n\n<p class=\"wp-block-paragraph\">\u201cEn la normativa que analizamos, encontramos reglas que estipulan que es aceptable que un oficial superior de la polic\u00eda golpee a los oficiales de menor rango con el fin de que acaten las \u00f3rdenes\u201d, dijo Cano. \u201cEste es uno de los casos m\u00e1s extremos [de abuso que hemos encontrado].\u201d<\/p>\n\n\n\n<figure class=\"wp-block-image\"><img data-recalc-dims=\"1\" decoding=\"async\" src=\"https:\/\/i0.wp.com\/es.insightcrime.org\/images\/2015JL\/15-07-24-Rio-Police.jpg?quality=100&#038;ssl=1\" alt=\"\"\/><\/figure>\n\n\n\n<p class=\"has-text-align-center wp-block-paragraph\"><em>Entrenamiento de la polic\u00eda en R\u00edo de Janeiro. Foto cortes\u00eda de Agencia P\u00fablica<\/em><\/p>\n\n\n\n<p class=\"wp-block-paragraph\">El soci\u00f3logo tambi\u00e9n menciona ejemplos de reglamentaci\u00f3n excesiva. \u201cHay una moral especial que los agentes de la polic\u00eda deben observar incluso en su vida privada\u201d, dice. \u201cLos agentes no pueden hacer cosas que la mayor\u00eda de los seres humanos hacen: beber alcohol, mentir, adquirir deudas. Los oficiales pueden llegar a ser castigados por estas cosas. Esto crea la imagen de un s\u00faper ser humano que no existe\u201d.<\/p>\n\n\n\n<p class=\"wp-block-paragraph\">Hay otros ejemplos de estas normas que regulan la vida personal de los polic\u00edas. En la Amazonia, a los agentes se les proh\u00edbe \u201chablar en un idioma extranjero en los estacionamientos de la polic\u00eda o militares, excepto cuando se requiera en funci\u00f3n de su papel como polic\u00eda\u201d.<\/p>\n\n\n\n<h3 class=\"wp-block-heading\">Una cultura heredada de la dictadura<\/h3>\n\n\n\n<p class=\"wp-block-paragraph\">La jerarqu\u00eda es el valor supremo en los manuales de conducta de la polic\u00eda militar. Sin embargo, inculcar disciplina mediante este sistema tiene un alto precio. \u201cLos derechos humanos de los polic\u00edas son violados con frecuencia con estas reglas\u201d, dice Cano. \u201cY aun as\u00ed queremos que respeten los derechos de los ciudadanos cuando sus propios derechos no son respetados\u201d.<\/p>\n\n\n\n<p class=\"wp-block-paragraph\">Roner Gama, sargento de la Polic\u00eda Militar del Distrito Federal, es un ejemplo de la falta de libertad de expresi\u00f3n que se le brinda a la polic\u00eda.<\/p>\n\n\n\n<p class=\"wp-block-paragraph\">\u201cLos polic\u00edas no pueden publicar cosas en las redes sociales sobre el funcionamiento interno de la organizaci\u00f3n sin tener que responder por ello\u201d, dice Gama. \u201cEn estos momentos yo estoy enfrentando varias investigaciones por haberme expresado en las redes sociales. Incluso hoy ir\u00e9 a la oficina de Asuntos Internos por un comentario que alguien hizo en un sitio web. Es algo aburrido y vergonzoso\u201d.<\/p>\n\n\n\n<p class=\"wp-block-paragraph\">\u201cLa polic\u00eda militar es la \u00fanica instituci\u00f3n del pa\u00eds donde los oficiales no pueden cuestionar a los superiores\u2026 Es totalmente absurdo\u201d, concluye Gama.<\/p>\n\n\n\n<div class=\"pull-quotes\">\n<div class=\"pull-quotes-body\">\u201cLa polic\u00eda militar es la \u00fanica instituci\u00f3n del pa\u00eds donde los oficiales no pueden cuestionar a los superiores\u2026 Es totalmente absurdo.\u201d<\/div>\n<\/div>\n\n\n\n<p class=\"wp-block-paragraph\">Jacqueline Muriz, antrop\u00f3loga y profesora del Departamento de Seguridad P\u00fablica de la Universidad Federal Fluminense (UFF), con m\u00e1s de 20 a\u00f1os de experiencia en las academias de polic\u00eda de Brasil y de otras partes de Am\u00e9rica Latina, llega a conclusiones similares. \u201cEn Brasil tenemos una l\u00f3gica aristocr\u00e1tica guiada por privilegios, que pervierte el sentido de jerarqu\u00eda y disciplina\u201d, dice Muriz. \u201cEs un continuo abuso del poder, sustentado en regulaciones disciplinarias anticuadas e inconstitucionales\u201d.<\/p>\n\n\n\n<p class=\"wp-block-paragraph\"><span style=\"color: #800000\"><strong>VEA TAMBI\u00c9N<\/strong><\/span>: <a href=\"\/noticias-sobre-crimen-organizado-en-brasil\" target=\"_blank\">Noticias y perfiles de Brasil<\/a><\/p>\n\n\n\n<p class=\"wp-block-paragraph\">Este proceso de formaci\u00f3n anticuada implica un gran costo para la sociedad. \u201cLa polic\u00eda no puede ser improvisada\u201d, dice Mu\u00f1iz. \u201cLos agentes experimentados son muy valiosos para la sociedad. Ellos no pueden ser sustituidos simplemente porque mueren o tienen un accidente\u201d.<\/p>\n\n\n\n<p class=\"wp-block-paragraph\">Algunos creen que este sistema disciplinario es una herencia de la \u00e9poca de la dictadura militar de Brasil. \u201cGran parte de nuestras instituciones de seguridad p\u00fablica son remanentes de la \u00e9poca de la dictadura, incluyendo los procesos de entrenamiento\u201d, dice Elisandro Lotin, jefe de la polic\u00eda militar de Santa Catarina y presidente de la Asociaci\u00f3n Nacional de Polic\u00edas Militares (Anaspra por sus iniciales en ingl\u00e9s). \u201cYa hemos puesto innumerables quejas [sobre los cursos de entrenamiento]. Recientemente, en una academia de polic\u00eda aqu\u00ed en Santa Catarina, 200 mujeres fueron obligadas a hacer flexiones de brazos sobre el asfalto a las tres de la tarde, y algunas terminaron con quemaduras en las manos. \u00bfAs\u00ed es como se espera motivarlas para proteger a la sociedad?\u201d.<\/p>\n\n\n\n<p class=\"wp-block-paragraph\">Para el sargento Leonel Lucas, miembro de la Brigada Militar de R\u00edo Grande Sur y presidente de la Asociaci\u00f3n Antonio Mendes Filho, no es s\u00f3lo la formaci\u00f3n de los oficiales la que necesita mejorar. \u201cCreo que lo primero que tiene que cambiar es la formaci\u00f3n acad\u00e9mica de los oficiales de alto rango\u201d, dice Lucas. \u201cCuando cambiemos la mentalidad de los profesores, ello se ver\u00e1 reflejado en los oficiales de menor rango a quienes ellos est\u00e1n instruyendo\u201d.<\/p>\n\n\n\n<h3 class=\"wp-block-heading\">\u00bfEs necesaria la desmilitarizaci\u00f3n?<\/h3>\n\n\n\n<p class=\"wp-block-paragraph\">Hay una pregunta que genera respuestas divergentes entre los polic\u00edas y los expertos en seguridad p\u00fablica: \u00bfes posible ofrecer un entrenamiento m\u00e1s humano y eficaz sin quitar el car\u00e1cter militar de la polic\u00eda militar?<\/p>\n\n\n\n<p class=\"wp-block-paragraph\">La antrop\u00f3loga Jacqueline Muniz cree que es posible.<\/p>\n\n\n\n<p class=\"wp-block-paragraph\">\u201cLa estructura militar en s\u00ed misma no limita la efectividad de los cursos de formaci\u00f3n de los polic\u00edas\u201d, explica. \u201cLo que los limita es la manera como aplican lo aprendido, como terminan abusando de su poder\u201d.<\/p>\n\n\n\n<p class=\"wp-block-paragraph\">Mu\u00f1iz mencion\u00f3 ejemplos de la polic\u00eda militar en otros pa\u00edses, como la gendarmer\u00eda en Francia, los carabineros en Italia y la Guardia Civil espa\u00f1ola, que han sido m\u00e1s exitosos en la implementaci\u00f3n de seguridad ciudadana.<\/p>\n\n\n\n<p class=\"wp-block-paragraph\">\u201cEn estas instituciones, los agentes de polic\u00eda tienen los mismos derechos y obligaciones que los dem\u00e1s ciudadanos\u201d, dice. \u201cEstos organismo tienen un \u00edndice de aprobaci\u00f3n muy alto en sus sociedades e incluso tienen bajos niveles de violencia, corrupci\u00f3n y violaciones\u201d.<\/p>\n\n\n\n<p class=\"wp-block-paragraph\"><span style=\"color: #800000\"><strong>VEA TAMBI\u00c9N<\/strong><\/span>: <a href=\"\/component\/tags\/tag\/325-reforma-policial\" target=\"_blank\">Cobertura sobre reforma policial<\/a><\/p>\n\n\n\n<p class=\"wp-block-paragraph\">Elisandro Lotin, presidente de Anaspra, responde de manera similar.<\/p>\n\n\n\n<p class=\"wp-block-paragraph\">\u201cSe puede tener una polic\u00eda militar en la medida en la que est\u00e9 enfocada en la dignidad humana y en el respeto a los ciudadanos, y siempre y cuando se rompa con esa idea de que el ej\u00e9rcito debe mantener control sobre ellos \u2014y sobre todo lo dem\u00e1s, desde las armas, hasta la formaci\u00f3n y el n\u00famero de oficiales\u201d, dice. \u201cUna vez que se produce esta separaci\u00f3n [del ej\u00e9rcito], ello no necesariamente significa desmilitarizaci\u00f3n. Podemos tener una polic\u00eda militar en Brasil que se centre en la dignidad humana y en los derechos de los trabajadores, as\u00ed como en c\u00f3digos de conducta adecuados\u201d.<\/p>\n\n\n\n<div class=\"pull-quotes-right\">\n<div class=\"pull-quotes-body\">\u201c\u00bfCu\u00e1l es el deber de un soldado? Matar enemigos. Un soldado se entrena para eliminar a los enemigos y un agente de polic\u00eda no. O por lo menos no deber\u00eda serlo.\u201d<\/div>\n<\/div>\n\n\n\n<p class=\"wp-block-paragraph\">Pero Vanderlei Ribeiro, presidente de la Asociaci\u00f3n de Polic\u00edas Militares y Bomberos de R\u00edo de Janeiro (ASPRA por sus iniciales en portugu\u00e9s), no est\u00e1 de acuerdo. \u201cLa estructura militar es incompatible con la polic\u00eda\u201d, dice Ribeiro. \u201cEl militarismo es para el ej\u00e9rcito. Primero se debe cambiar la estructura para luego modificar el entrenamiento. No hay ninguna otra manera\u201d.<\/p>\n\n\n\n<p class=\"wp-block-paragraph\">El exsoldado Darlan Menezes Abrantes tiene una opini\u00f3n similar. \u201cNo tiene sentido ofrecer cursos de derechos humanos si la polic\u00eda es militar. Cuando sales a la calle, lo que domina es la l\u00f3gica militar\u201d, dice.<\/p>\n\n\n\n<p class=\"wp-block-paragraph\">El exoficial de la polic\u00eda militar Rodrigo Nogueira Batista llega a una conclusi\u00f3n similar. \u201cCuando vemos un soldado ejerciendo funciones policiales, ya hay algo que no est\u00e1 bien\u201d, dice Batista. \u201c\u00bfCu\u00e1l es el deber de un soldado? Matar enemigos. Un soldado se entrena para eliminar a los enemigos y un agente de polic\u00eda no. O por lo menos no deber\u00eda serlo\u201d.<\/p>\n\n\n\n<p class=\"wp-block-paragraph\">\u201cEsta confusi\u00f3n entre agentes de polic\u00eda y soldados no se resuelve f\u00e1cilmente\u201d, a\u00f1ade. \u201cLos abusos siguen ocurriendo enfrente de todos, y nadie hace nada. Por ejemplo, en el caso de un grupo de personas que regresaban de una fiesta, estaban siendo perseguidos por una patrulla, y su auto fue impactado por 15 balas. Esto puede suceder con una mentalidad militar, pero no se le ocurrir\u00eda a un agente de polic\u00eda. El polic\u00eda seguir\u00eda el auto hasta acercarse, pero no disparar\u00eda a menos que le est\u00e9n disparando. Esto solo pasa en la mente de un soldado que cree que est\u00e1 en guerra.\u201d<\/p>\n\n\n\n<p class=\"wp-block-paragraph\">\u201cHay miles de cosas [que podr\u00edan explicar la situaci\u00f3n]\u201d, dice Batista. \u201cPero el soldado [que le dispar\u00f3 al veh\u00edculo civil] no se detuvo a analizar estas opciones porque no est\u00e1 preparado para pensar, para contextualizar el tipo de servicio p\u00fablico que est\u00e1 ofreciendo. Hizo aquello para lo que estaba entrenado. \u00a1Se acerc\u00f3, apunt\u00f3 y dispar\u00f3!\u201d<\/p>\n\n\n\n<p class=\"wp-block-paragraph\">*&nbsp;<em style=\"text-align: center\">Este art\u00edculo apareci\u00f3 originalmente en<a href=\"https:\/\/apublica.org\/\" target=\"_blank\">&nbsp;Agencia P\u00fablica<\/a>&nbsp;y fue traducido, editado para mayor claridad y reproducido con permiso. Ver el original&nbsp;<a href=\"https:\/\/apublica.org\/2015\/07\/treinados-pra-rinha-de-rua\/\" target=\"_blank\">aqu\u00ed<\/a>.<\/em><\/p>\n","protected":false},"excerpt":{"rendered":"<p><em>Los agentes de la polic\u00eda militar de Brasil critican su r\u00e9gimen de entrenamiento, en el que los abusos f\u00edsicos, psicol\u00f3gicos y disciplinarios por parte de los superiores se presentan con frecuencia.<\/em><\/p>\n","protected":false},"author":37,"featured_media":42918,"comment_status":"closed","ping_status":"closed","sticky":false,"template":"","format":"standard","meta":{"newspack_ads_suppress_ads":false,"newspack_popups_has_disabled_popups":false,"newspack_sponsor_sponsorship_scope":"","newspack_sponsor_native_byline_display":"inherit","newspack_sponsor_native_category_display":"inherit","newspack_sponsor_underwriter_style":"inherit","newspack_sponsor_underwriter_placement":"inherit","_EventAllDay":false,"_EventTimezone":"","_EventStartDate":"","_EventEndDate":"","_EventStartDateUTC":"","_EventEndDateUTC":"","_EventShowMap":false,"_EventShowMapLink":false,"_EventURL":"","_EventCost":"","_EventCostDescription":"","_EventCurrencySymbol":"","_EventCurrencyCode":"","_EventCurrencyPosition":"","_EventDateTimeSeparator":"","_EventTimeRangeSeparator":"","_EventOrganizerID":[],"_EventVenueID":[],"_OrganizerEmail":"","_OrganizerPhone":"","_OrganizerWebsite":"","_VenueAddress":"","_VenueCity":"","_VenueCountry":"","_VenueProvince":"","_VenueState":"","_VenueZip":"","_VenuePhone":"","_VenueURL":"","_VenueStateProvince":"","_VenueLat":"","_VenueLng":"","_VenueShowMap":false,"_VenueShowMapLink":false,"_newspack_byline_active":false,"_newspack_byline":"","newspack_hide_updated_date":false,"newspack_show_updated_date":false,"newspack_featured_image_position":"","newspack_post_subtitle":"","newspack_article_summary_title":"Overview:","newspack_article_summary":"","_jetpack_memberships_contains_paid_content":false,"footnotes":""},"categories":[340],"tags":[405,457],"newspack_spnsrs_tax":[],"coauthors":[3965],"class_list":["post-8055","post","type-post","status-publish","format-standard","has-post-thumbnail","hentry","category-analisis","tag-brasil","tag-reforma-policial","entry"],"parsely":{"version":"1.1.0","canonical_url":"https:\/\/insightcrime.org\/es\/noticias\/analisis\/entrenamiento-policia-militar-brasil-demasiado-violento\/","smart_links":{"inbound":0,"outbound":0},"traffic_boost_suggestions_count":0,"meta":{"@context":"https:\/\/schema.org","@type":"NewsArticle","headline":"\u00bfEntrenamiento de la polic\u00eda militar de Brasil es demasiado violento?","url":"http:\/\/insightcrime.org\/es\/noticias\/analisis\/entrenamiento-policia-militar-brasil-demasiado-violento\/","mainEntityOfPage":{"@type":"WebPage","@id":"http:\/\/insightcrime.org\/es\/noticias\/analisis\/entrenamiento-policia-militar-brasil-demasiado-violento\/"},"thumbnailUrl":"https:\/\/i0.wp.com\/insightcrime.org\/wp-content\/uploads\/2015\/07\/es-15-07-24-Brazil-Police-Training.jpg?resize=150%2C150&quality=100&ssl=1","image":{"@type":"ImageObject","url":"https:\/\/i0.wp.com\/insightcrime.org\/wp-content\/uploads\/2015\/07\/es-15-07-24-Brazil-Police-Training.jpg?fit=250%2C180&quality=100&ssl=1"},"articleSection":"An\u00e1lisis","author":[{"@type":"Person","name":"Ciro Barros"}],"creator":["Ciro Barros"],"publisher":{"@type":"Organization","name":"InSight Crime","logo":"https:\/\/insightcrime.org\/wp-content\/uploads\/2023\/08\/logo.png"},"keywords":["brasil","reforma policial"],"dateCreated":"2017-03-28T00:10:22Z","datePublished":"2017-03-28T00:10:22Z","dateModified":"2023-04-24T20:47:04Z"},"rendered":"<meta name=\"parsely-title\" content=\"\u00bfEntrenamiento de la polic\u00eda militar de Brasil es demasiado violento?\" \/>\n<meta name=\"parsely-link\" content=\"http:\/\/insightcrime.org\/es\/noticias\/analisis\/entrenamiento-policia-militar-brasil-demasiado-violento\/\" \/>\n<meta name=\"parsely-type\" content=\"post\" \/>\n<meta name=\"parsely-image-url\" content=\"https:\/\/i0.wp.com\/insightcrime.org\/wp-content\/uploads\/2015\/07\/es-15-07-24-Brazil-Police-Training.jpg?resize=150%2C150&amp;quality=100&amp;ssl=1\" \/>\n<meta name=\"parsely-pub-date\" content=\"2017-03-28T00:10:22Z\" \/>\n<meta name=\"parsely-section\" content=\"An\u00e1lisis\" \/>\n<meta name=\"parsely-tags\" content=\"brasil,reforma policial\" \/>\n<meta name=\"parsely-author\" content=\"Ciro Barros\" \/>","tracker_url":"https:\/\/cdn.parsely.com\/keys\/insightcrime.org\/p.js"},"jetpack_sharing_enabled":true,"jetpack-related-posts":[{"id":233245,"url":"https:\/\/insightcrime.org\/es\/investigaciones\/policia-brasil-chantajea-al-pcc\/","url_meta":{"origin":8055,"position":0},"title":"Llamadas interceptadas evidencian chantaje de la polic\u00eda de Brasil al PCC","author":"Steven Dudley","date":"18 de diciembre de 2020","format":false,"excerpt":"\u201cPlata o plomo\u201d es una trillada frase para referirse a la forma en que los criminales amenazan a funcionarios y civiles para obtener lo que desean. En un caso en Brasil, parece m\u00e1s apropiado aplicarla a la polic\u00eda.","rel":"","context":"En \u00abInvestigaciones\u00bb","block_context":{"text":"Investigaciones","link":"https:\/\/insightcrime.org\/es\/category\/investigaciones\/"},"img":{"alt_text":"","src":"https:\/\/i0.wp.com\/insightcrime.org\/wp-content\/uploads\/2020\/12\/PCC-Chapter-6.jpg?fit=1200%2C450&quality=100&ssl=1&resize=350%2C200","width":350,"height":200,"srcset":"https:\/\/i0.wp.com\/insightcrime.org\/wp-content\/uploads\/2020\/12\/PCC-Chapter-6.jpg?fit=1200%2C450&quality=100&ssl=1&resize=350%2C200 1x, https:\/\/i0.wp.com\/insightcrime.org\/wp-content\/uploads\/2020\/12\/PCC-Chapter-6.jpg?fit=1200%2C450&quality=100&ssl=1&resize=525%2C300 1.5x, https:\/\/i0.wp.com\/insightcrime.org\/wp-content\/uploads\/2020\/12\/PCC-Chapter-6.jpg?fit=1200%2C450&quality=100&ssl=1&resize=700%2C400 2x, https:\/\/i0.wp.com\/insightcrime.org\/wp-content\/uploads\/2020\/12\/PCC-Chapter-6.jpg?fit=1200%2C450&quality=100&ssl=1&resize=1050%2C600 3x"},"classes":[]},{"id":151050,"url":"https:\/\/insightcrime.org\/es\/noticias\/policia-sao-paulo-equipada-camaras-no-causo-muertes-junio\/","url_meta":{"origin":8055,"position":1},"title":"Polic\u00eda de S\u00e3o Paulo equipada con c\u00e1maras no caus\u00f3 muertes en junio","author":"Chris Dalby","date":"14 de julio de 2021","format":false,"excerpt":"Los homicidios asociados a varias unidades de la polic\u00eda militar en S\u00e3o Paulo cayeron a cero en junio de 2021 gracias a una simple innovaci\u00f3n: las c\u00e1maras corporales.","rel":"","context":"En \u00abNoticias\u00bb","block_context":{"text":"Noticias","link":"https:\/\/insightcrime.org\/es\/category\/noticias\/"},"img":{"alt_text":"A military police officer in S\u00e3o Paulo with his body camera on","src":"https:\/\/i0.wp.com\/insightcrime.org\/wp-content\/uploads\/2021\/07\/camara-policia.jpg?fit=350%2C250&quality=100&ssl=1&resize=350%2C200","width":350,"height":200},"classes":[]},{"id":210280,"url":"https:\/\/insightcrime.org\/es\/noticias\/captura-policias-brasil-ejemplifica-corrupcion\/","url_meta":{"origin":8055,"position":2},"title":"Captura de polic\u00edas en Brasil ejemplifica la corrupci\u00f3n en la instituci\u00f3n","author":"Chris Dalby","date":"14 de febrero de 2023","format":false,"excerpt":"En Brasil, aumentan los temores acerca de que la colusi\u00f3n de las fuerzas de seguridad con los criminales se est\u00e9 complejizando en todo el pa\u00eds.","rel":"","context":"En \u00abNoticias\u00bb","block_context":{"text":"Noticias","link":"https:\/\/insightcrime.org\/es\/category\/noticias\/"},"img":{"alt_text":"Patrullas de polic\u00eda frente a la sede de la polic\u00eda en Fortaleza, Cear\u00e1, Brasil","src":"https:\/\/i0.wp.com\/insightcrime.org\/wp-content\/uploads\/2023\/02\/image0-2-1-1.jpeg?fit=350%2C250&quality=100&ssl=1&resize=350%2C200","width":350,"height":200},"classes":[]},{"id":296384,"url":"https:\/\/insightcrime.org\/es\/noticias\/asesinato-aeropuerto-brasil-revela-fallas-proteccion-informantes\/","url_meta":{"origin":8055,"position":3},"title":"Asesinato en aeropuerto de Brasil revela fallas para la protecci\u00f3n de informantes\u00a0","author":"Alejandra Rodriguez","date":"21 de noviembre de 2024","format":false,"excerpt":"El asesinato de un informante de las autoridades en S\u00e3o Paulo ha expuesto fallas en el sistema de protecci\u00f3n de personas protegidas, lo que dificulta el trabajo de las autoridades para desmantelar organizaci\u00f3nes criminales.","rel":"","context":"En \u00abNoticias\u00bb","block_context":{"text":"Noticias","link":"https:\/\/insightcrime.org\/es\/category\/noticias\/"},"img":{"alt_text":"Agentes de polic\u00eda en la escena del crimen en el aeropuerto de S\u00e3o Paulo. Cr\u00e9dito: Miguel Schincariol\/AFP\/Getty Images","src":"https:\/\/i0.wp.com\/insightcrime.org\/wp-content\/uploads\/2024\/11\/3543.jpg-2-scaled.webp?fit=1200%2C720&quality=100&ssl=1&resize=350%2C200","width":350,"height":200,"srcset":"https:\/\/i0.wp.com\/insightcrime.org\/wp-content\/uploads\/2024\/11\/3543.jpg-2-scaled.webp?fit=1200%2C720&quality=100&ssl=1&resize=350%2C200 1x, https:\/\/i0.wp.com\/insightcrime.org\/wp-content\/uploads\/2024\/11\/3543.jpg-2-scaled.webp?fit=1200%2C720&quality=100&ssl=1&resize=525%2C300 1.5x, https:\/\/i0.wp.com\/insightcrime.org\/wp-content\/uploads\/2024\/11\/3543.jpg-2-scaled.webp?fit=1200%2C720&quality=100&ssl=1&resize=700%2C400 2x, https:\/\/i0.wp.com\/insightcrime.org\/wp-content\/uploads\/2024\/11\/3543.jpg-2-scaled.webp?fit=1200%2C720&quality=100&ssl=1&resize=1050%2C600 3x"},"classes":[]},{"id":5257,"url":"https:\/\/insightcrime.org\/es\/noticias-crimen-organizado-brasil\/brasil\/","url_meta":{"origin":8055,"position":4},"title":"Perfil de Brasil","author":"InSight Crime","date":"24 de noviembre de 2023","format":false,"excerpt":"Brasil, la econom\u00eda m\u00e1s grande de Latinoam\u00e9rica, ha experimentado algunos importantes avances de seguridad en los \u00faltimos a\u00f1os, quitando de las manos de pandillas criminales a decenas de comunidades en Rio de Janeiro a trav\u00e9s de su novedoso programa de seguridad llamado UPP. No obstante, \u00e9ste enfrenta una seria amenaza\u2026","rel":"","context":"En \u00abBrasil\u00bb","block_context":{"text":"Brasil","link":"https:\/\/insightcrime.org\/es\/category\/noticias-crimen-organizado-brasil\/"},"img":{"alt_text":"","src":"https:\/\/i0.wp.com\/insightcrime.org\/wp-content\/uploads\/2013\/04\/BRAZIL2-articleLarge-2.jpg?fit=450%2C350&quality=100&ssl=1&resize=350%2C200","width":350,"height":200},"classes":[]},{"id":232575,"url":"https:\/\/insightcrime.org\/es\/noticias\/brasil-mantener-mineros-ilegales-fuera-tierras-yanomami\/","url_meta":{"origin":8055,"position":5},"title":"\u00bfPuede Brasil mantener a los mineros ilegales fuera de las tierras Yanomami?","author":"Christopher Newton","date":"3 de julio de 2023","format":false,"excerpt":"La Polic\u00eda Federal de Brasil no ha detectado nuevas minas ilegales en territorio yanomami por primera vez desde que comenz\u00f3 a monitorear esta actividad hace casi tres a\u00f1os. Sin embargo, a\u00fan existen muchas barreras para poner fin a la miner\u00eda ilegal en la zona.","rel":"","context":"En \u00abNoticias\u00bb","block_context":{"text":"Noticias","link":"https:\/\/insightcrime.org\/es\/category\/noticias\/"},"img":{"alt_text":"Tierra deforestada por la miner\u00eda ilegal en Roraima, Brasil","src":"https:\/\/i0.wp.com\/insightcrime.org\/wp-content\/uploads\/2023\/09\/illegal_gold_mining-1.png?fit=350%2C250&quality=100&ssl=1&resize=350%2C200","width":350,"height":200},"classes":[]}],"jetpack_featured_media_url":"https:\/\/i0.wp.com\/insightcrime.org\/wp-content\/uploads\/2015\/07\/es-15-07-24-Brazil-Police-Training.jpg?fit=250%2C180&quality=100&ssl=1","_links":{"self":[{"href":"https:\/\/insightcrime.org\/es\/wp-json\/wp\/v2\/posts\/8055","targetHints":{"allow":["GET"]}}],"collection":[{"href":"https:\/\/insightcrime.org\/es\/wp-json\/wp\/v2\/posts"}],"about":[{"href":"https:\/\/insightcrime.org\/es\/wp-json\/wp\/v2\/types\/post"}],"author":[{"embeddable":true,"href":"https:\/\/insightcrime.org\/es\/wp-json\/wp\/v2\/users\/37"}],"replies":[{"embeddable":true,"href":"https:\/\/insightcrime.org\/es\/wp-json\/wp\/v2\/comments?post=8055"}],"version-history":[{"count":4,"href":"https:\/\/insightcrime.org\/es\/wp-json\/wp\/v2\/posts\/8055\/revisions"}],"predecessor-version":[{"id":71393,"href":"https:\/\/insightcrime.org\/es\/wp-json\/wp\/v2\/posts\/8055\/revisions\/71393"}],"wp:featuredmedia":[{"embeddable":true,"href":"https:\/\/insightcrime.org\/es\/wp-json\/wp\/v2\/media\/42918"}],"wp:attachment":[{"href":"https:\/\/insightcrime.org\/es\/wp-json\/wp\/v2\/media?parent=8055"}],"wp:term":[{"taxonomy":"category","embeddable":true,"href":"https:\/\/insightcrime.org\/es\/wp-json\/wp\/v2\/categories?post=8055"},{"taxonomy":"post_tag","embeddable":true,"href":"https:\/\/insightcrime.org\/es\/wp-json\/wp\/v2\/tags?post=8055"},{"taxonomy":"newspack_spnsrs_tax","embeddable":true,"href":"https:\/\/insightcrime.org\/es\/wp-json\/wp\/v2\/newspack_spnsrs_tax?post=8055"},{"taxonomy":"author","embeddable":true,"href":"https:\/\/insightcrime.org\/es\/wp-json\/wp\/v2\/coauthors?post=8055"}],"curies":[{"name":"wp","href":"https:\/\/api.w.org\/{rel}","templated":true}]}}