{"id":8076,"date":"2015-08-07T18:40:50","date_gmt":"2017-03-28T00:10:36","guid":{"rendered":"http:\/\/newwp.insightcrime.org?p=8076"},"modified":"2023-04-24T15:47:14","modified_gmt":"2023-04-24T20:47:14","slug":"correos-muestran-potencial-criminalizacion-farc","status":"publish","type":"post","link":"https:\/\/insightcrime.org\/es\/noticias\/noticias-del-dia\/correos-muestran-potencial-criminalizacion-farc\/","title":{"rendered":"Correos electr\u00f3nicos muestran potencial de criminalizaci\u00f3n de las FARC"},"content":{"rendered":"\n<p class=\"wp-block-paragraph\">El reciente descubrimiento de correos electr\u00f3nicos entre l\u00edderes de las FARC ha dejado en evidencia una supuesta alianza de narcotr\u00e1fico entre el grupo guerrillero colombiano y la organizaci\u00f3n criminal Los Urabe\u00f1os, lo cual aumenta los temores de que algunos elementos de las FARC participen en actividades criminales en un escenario de posconflicto.<\/p>\n\n\n\n<p class=\"wp-block-paragraph\"><a href=\"https:\/\/www.noticiascaracol.com\/colombia\/estos-correos-demostrarian-alianza-criminal-entre-el-clan-usuga-y-las-farc\" target=\"_blank\">Seg\u00fan Noticias Caracol<\/a>, una serie de correos electr\u00f3nicos de varios l\u00edderes de las Fuerzas Armadas Revolucionarias de Colombia (FARC), entre ellos F\u00e9lix Antonio Mu\u00f1oz, alias \u201cPastor Alape\u201d, dejaron al descubierto los v\u00ednculos del grupo guerrillero y Los Urabe\u00f1os en el tr\u00e1fico de droga. Pastor Alape es miembro del Secretariado, el m\u00e1ximo organismo de las FARC, y actualmente hace parte del equipo negociador de la paz en La Habana.<\/p>\n\n\n\n<p class=\"wp-block-paragraph\">En uno de los correos electr\u00f3nicos, Rom\u00e1n Ruiz, un comandante de las FARC que <a href=\"https:\/\/www.bbc.com\/news\/world-latin-america-32882406\" target=\"_blank\">presuntamente fue abatido<\/a> en combate por las fuerzas de seguridad en mayo de este a\u00f1o, discute con Pastor Alape sobre al aumento del precio de un cargamento de droga que se les estaba&nbsp; vendiendo a Los Urabe\u00f1os. En otro intercambio de correos electr\u00f3nicos entre los l\u00edderes de la guerrilla se hace referencia a un intercambio de armas y a un \u201cregalo\u201d del m\u00e1ximo l\u00edder de Los Urabe\u00f1os, Dar\u00edo Antonio \u00dasuga, alias \u201cOtoniel\u201d.<\/p>\n\n\n\n<p class=\"wp-block-paragraph\">Otros correos electr\u00f3nicos recuperados muestran que las FARC proporcionan seguridad a Los Urabe\u00f1os en la regi\u00f3n noreste de Urab\u00e1, principal base de operaciones de la organizaci\u00f3n criminal e importante punto de partida para los env\u00edos internacionales de drogas.<\/p>\n\n\n\n<h3 class=\"wp-block-heading\">An\u00e1lisis de InSight Crime<\/h3>\n\n\n\n<p class=\"wp-block-paragraph\">De ser aut\u00e9nticos, los correos electr\u00f3nicos proporcionar\u00edan nueva evidencia de la colaboraci\u00f3n de las FARC con Los Urabe\u00f1os. Es bien sabido que el grupo guerrillero vende base de coca a Los Urabe\u00f1os, y fuentes de inteligencia de la polic\u00eda de Medell\u00edn le confirmaron anteriormente a InSight Crime que el Frente 57 de las FARC estuvo involucrado en el tr\u00e1fico de cargamentos de droga a Panam\u00e1 a nombre de la organizaci\u00f3n criminal. El a\u00f1o pasado, el presidente de Colombia Juan Manuel Santos incluso asegur\u00f3 que las FARC y Los Urabe\u00f1os <a href=\"https:\/\/es.insightcrime.org\/noticias\/noticias-del-dia\/urabenos-farc-colaboraron-ataque-policia-gobierno\/\" target=\"_blank\">coordinaron un ataque a la polic\u00eda<\/a> que dej\u00f3 siete agentes muertos.<\/p>\n\n\n\n<p class=\"wp-block-paragraph\">Tambi\u00e9n se han presentado informes que se\u00f1alan que las FARC tienen relaciones comerciales con otros grupos neoparamilitares, conocidos como Bacrim (acr\u00f3nimo de \u201cbandas criminales\u201d). En 2012, las FARC y Los Rastrojos formaron una alianza de tr\u00e1fico de armas y drogas en el suroeste de Colombia. La captura de un jefe de finanzas de las FARC <a href=\"https:\/\/es.insightcrime.org\/noticias\/noticias-del-dia\/captura-resalta-crecientes-vinculos-farc-grupos-criminales\/\" target=\"_blank\">el pasado mes de julio<\/a> revel\u00f3 que el l\u00edder guerrillero tambi\u00e9n ten\u00eda fuertes conexiones con una organizaci\u00f3n criminal que opera en el sur de Colombia, cerca de la frontera con Ecuador.<\/p>\n\n\n\n<p class=\"wp-block-paragraph\"><strong><span style=\"color: #800000\">VEA TAMBI\u00c9N:<\/span><\/strong> <a href=\"https:\/\/es.insightcrime.org\/noticias\/noticias-del-dia\/urabenos-farc-colaboraron-ataque-policia-gobierno\/\" target=\"_blank\">FARC, paz y posible criminalizaci\u00f3n<\/a><\/p>\n\n\n\n<p class=\"wp-block-paragraph\">Los crecientes v\u00ednculos de las FARC con los grupos criminales pueden llegar a complicar un proceso de desmovilizaci\u00f3n, en caso de que el grupo guerrillero firme un acuerdo de paz con el gobierno. Algunos elementos de las FARC involucrados en el tr\u00e1fico de drogas ser\u00edan reacios a renunciar a sus ganancias il\u00edcitas, y podr\u00edan considerar que unirse a grupos criminales como Los Urabe\u00f1os es una opci\u00f3n m\u00e1s atractiva que desarmarse. Las relaciones que parecen haber establecido los l\u00edderes de las FARC y Los Urabe\u00f1os, as\u00ed como las l\u00edneas abiertas de comunicaci\u00f3n que parecen existir entre ellos, hacen f\u00e1cil imaginarse c\u00f3mo podr\u00eda ser el proceso de transici\u00f3n.<\/p>\n","protected":false},"excerpt":{"rendered":"<p>El reciente descubrimiento de correos electr\u00f3nicos entre l\u00edderes de las FARC ha dejado en evidencia una supuesta alianza de narcotr\u00e1fico entre el grupo guerrillero colombiano y la organizaci\u00f3n criminal Los Urabe\u00f1os, lo cual aumenta los temores de que algunos elementos de las FARC participen en actividades criminales en un escenario de posconflicto.<\/p>\n","protected":false},"author":43,"featured_media":42977,"comment_status":"closed","ping_status":"closed","sticky":false,"template":"","format":"standard","meta":{"newspack_ads_suppress_ads":false,"newspack_popups_has_disabled_popups":false,"newspack_sponsor_sponsorship_scope":"","newspack_sponsor_native_byline_display":"inherit","newspack_sponsor_native_category_display":"inherit","newspack_sponsor_underwriter_style":"inherit","newspack_sponsor_underwriter_placement":"inherit","_EventAllDay":false,"_EventTimezone":"","_EventStartDate":"","_EventEndDate":"","_EventStartDateUTC":"","_EventEndDateUTC":"","_EventShowMap":false,"_EventShowMapLink":false,"_EventURL":"","_EventCost":"","_EventCostDescription":"","_EventCurrencySymbol":"","_EventCurrencyCode":"","_EventCurrencyPosition":"","_EventDateTimeSeparator":"","_EventTimeRangeSeparator":"","_EventOrganizerID":[],"_EventVenueID":[],"_OrganizerEmail":"","_OrganizerPhone":"","_OrganizerWebsite":"","_VenueAddress":"","_VenueCity":"","_VenueCountry":"","_VenueProvince":"","_VenueState":"","_VenueZip":"","_VenuePhone":"","_VenueURL":"","_VenueStateProvince":"","_VenueLat":"","_VenueLng":"","_VenueShowMap":false,"_VenueShowMapLink":false,"_newspack_byline_active":false,"_newspack_byline":"","newspack_hide_updated_date":false,"newspack_show_updated_date":false,"newspack_featured_image_position":"","newspack_post_subtitle":"","newspack_article_summary_title":"Overview:","newspack_article_summary":"","_jetpack_memberships_contains_paid_content":false,"footnotes":""},"categories":[334],"tags":[368,1542,2927],"newspack_spnsrs_tax":[],"coauthors":[3956],"class_list":["post-8076","post","type-post","status-publish","format-standard","has-post-thumbnail","hentry","category-noticias-del-dia","tag-colombia-pais","tag-farc-ep","tag-gaitanistas","entry"],"parsely":{"version":"1.1.0","canonical_url":"https:\/\/insightcrime.org\/es\/noticias\/noticias-del-dia\/correos-muestran-potencial-criminalizacion-farc\/","smart_links":{"inbound":0,"outbound":0},"traffic_boost_suggestions_count":0,"meta":{"@context":"https:\/\/schema.org","@type":"NewsArticle","headline":"Correos electr\u00f3nicos muestran potencial de criminalizaci\u00f3n de las FARC","url":"http:\/\/insightcrime.org\/es\/noticias\/noticias-del-dia\/correos-muestran-potencial-criminalizacion-farc\/","mainEntityOfPage":{"@type":"WebPage","@id":"http:\/\/insightcrime.org\/es\/noticias\/noticias-del-dia\/correos-muestran-potencial-criminalizacion-farc\/"},"thumbnailUrl":"https:\/\/i0.wp.com\/insightcrime.org\/wp-content\/uploads\/2015\/08\/es-15-08-06-Colombia-FARC-Emails.jpg?resize=150%2C150&quality=100&ssl=1","image":{"@type":"ImageObject","url":"https:\/\/i0.wp.com\/insightcrime.org\/wp-content\/uploads\/2015\/08\/es-15-08-06-Colombia-FARC-Emails.jpg?fit=250%2C165&quality=100&ssl=1"},"articleSection":"Noticias del d\u00eda","author":[{"@type":"Person","name":"Sam Tabory"}],"creator":["Sam Tabory"],"publisher":{"@type":"Organization","name":"InSight Crime","logo":"https:\/\/insightcrime.org\/wp-content\/uploads\/2023\/08\/logo.png"},"keywords":["colombia","farc","gaitanistas"],"dateCreated":"2017-03-28T00:10:36Z","datePublished":"2017-03-28T00:10:36Z","dateModified":"2023-04-24T20:47:14Z"},"rendered":"<meta name=\"parsely-title\" content=\"Correos electr\u00f3nicos muestran potencial de criminalizaci\u00f3n de las FARC\" \/>\n<meta name=\"parsely-link\" content=\"http:\/\/insightcrime.org\/es\/noticias\/noticias-del-dia\/correos-muestran-potencial-criminalizacion-farc\/\" \/>\n<meta name=\"parsely-type\" content=\"post\" \/>\n<meta name=\"parsely-image-url\" content=\"https:\/\/i0.wp.com\/insightcrime.org\/wp-content\/uploads\/2015\/08\/es-15-08-06-Colombia-FARC-Emails.jpg?resize=150%2C150&amp;quality=100&amp;ssl=1\" \/>\n<meta name=\"parsely-pub-date\" content=\"2017-03-28T00:10:36Z\" \/>\n<meta name=\"parsely-section\" content=\"Noticias del d\u00eda\" \/>\n<meta name=\"parsely-tags\" content=\"colombia,farc,gaitanistas\" \/>\n<meta name=\"parsely-author\" content=\"Sam Tabory\" \/>","tracker_url":"https:\/\/cdn.parsely.com\/keys\/insightcrime.org\/p.js"},"jetpack_sharing_enabled":true,"jetpack-related-posts":[{"id":7015,"url":"https:\/\/insightcrime.org\/es\/noticias-crimen-organizado-colombia\/farc-perfil\/","url_meta":{"origin":8076,"position":0},"title":"FARC","author":"InSight Crime","date":"23 de noviembre de 2023","format":false,"excerpt":"Las Fuerzas Armadas Revolucionarias de Colombia (FARC) fueron el mayor ej\u00e9rcito irregular de Colombia. Operaron en varias regiones del pa\u00eds en busca de recursos para financiar su guerra de casi 50 a\u00f1os contra el Estado. Las FARC fueron el grupo guerrillero m\u00e1s antiguo e importante del hemisferio occidental y durante\u2026","rel":"","context":"En \u00abColombia\u00bb","block_context":{"text":"Colombia","link":"https:\/\/insightcrime.org\/es\/category\/noticias-crimen-organizado-colombia\/"},"img":{"alt_text":"","src":"","width":0,"height":0},"classes":[]},{"id":233321,"url":"https:\/\/insightcrime.org\/es\/noticias-crimen-organizado-colombia\/luciano-marin-ivan-marquez\/","url_meta":{"origin":8076,"position":1},"title":"Luciano Mar\u00edn Arango, alias &#8216;Iv\u00e1n M\u00e1rquez&#8217;","author":"InSight Crime","date":"27 de junio de 2024","format":false,"excerpt":"Luciano Mar\u00edn Arango, alias \u201cIv\u00e1n M\u00e1rquez\u201d, un hist\u00f3rico miembro de las FARC y fundador de las disidencias","rel":"","context":"En \u00abColombia\u00bb","block_context":{"text":"Colombia","link":"https:\/\/insightcrime.org\/es\/category\/noticias-crimen-organizado-colombia\/"},"img":{"alt_text":"Perfil criminal - Luciano Mar\u00edn Arango, alias 'Iv\u00e1n M\u00e1rquez' - Colombia.","src":"https:\/\/i0.wp.com\/insightcrime.org\/wp-content\/uploads\/2026\/08\/Perfil-Criminal-Alias-Ivan-Marquez-Colombia.jpg?fit=1200%2C900&quality=100&ssl=1&resize=350%2C200","width":350,"height":200,"srcset":"https:\/\/i0.wp.com\/insightcrime.org\/wp-content\/uploads\/2026\/08\/Perfil-Criminal-Alias-Ivan-Marquez-Colombia.jpg?fit=1200%2C900&quality=100&ssl=1&resize=350%2C200 1x, https:\/\/i0.wp.com\/insightcrime.org\/wp-content\/uploads\/2026\/08\/Perfil-Criminal-Alias-Ivan-Marquez-Colombia.jpg?fit=1200%2C900&quality=100&ssl=1&resize=525%2C300 1.5x, https:\/\/i0.wp.com\/insightcrime.org\/wp-content\/uploads\/2026\/08\/Perfil-Criminal-Alias-Ivan-Marquez-Colombia.jpg?fit=1200%2C900&quality=100&ssl=1&resize=700%2C400 2x, https:\/\/i0.wp.com\/insightcrime.org\/wp-content\/uploads\/2026\/08\/Perfil-Criminal-Alias-Ivan-Marquez-Colombia.jpg?fit=1200%2C900&quality=100&ssl=1&resize=1050%2C600 3x"},"classes":[]},{"id":4901,"url":"https:\/\/insightcrime.org\/es\/noticias-crimen-organizado-colombia\/rodrigo-londono-echeverri-timochenko\/","url_meta":{"origin":8076,"position":2},"title":"Rodrigo Londo\u00f1o Echeverri, alias &#8216;Timochenko&#8217;","author":"InSight Crime","date":"28 de enero de 2020","format":false,"excerpt":"\u00bfQui\u00e9n es Rodrigo Londo\u00f1o, alias Timochenko? Conozca su trayectoria como \u00faltimo comandante de las FARC, sus actividades criminales, d\u00f3nde operaba y el panorama actual.","rel":"","context":"En \u00abColombia\u00bb","block_context":{"text":"Colombia","link":"https:\/\/insightcrime.org\/es\/category\/noticias-crimen-organizado-colombia\/"},"img":{"alt_text":"Perfil Criminal de Rodrigo Londo\u00f1o, alias Timochenko, FARC, Colombia","src":"https:\/\/i0.wp.com\/insightcrime.org\/wp-content\/uploads\/2026\/07\/Perfil-Criminal-RodrigoLondono-aliasTimochenko-FARC-Colombia.jpg?fit=1200%2C900&quality=100&ssl=1&resize=350%2C200","width":350,"height":200,"srcset":"https:\/\/i0.wp.com\/insightcrime.org\/wp-content\/uploads\/2026\/07\/Perfil-Criminal-RodrigoLondono-aliasTimochenko-FARC-Colombia.jpg?fit=1200%2C900&quality=100&ssl=1&resize=350%2C200 1x, https:\/\/i0.wp.com\/insightcrime.org\/wp-content\/uploads\/2026\/07\/Perfil-Criminal-RodrigoLondono-aliasTimochenko-FARC-Colombia.jpg?fit=1200%2C900&quality=100&ssl=1&resize=525%2C300 1.5x, https:\/\/i0.wp.com\/insightcrime.org\/wp-content\/uploads\/2026\/07\/Perfil-Criminal-RodrigoLondono-aliasTimochenko-FARC-Colombia.jpg?fit=1200%2C900&quality=100&ssl=1&resize=700%2C400 2x, https:\/\/i0.wp.com\/insightcrime.org\/wp-content\/uploads\/2026\/07\/Perfil-Criminal-RodrigoLondono-aliasTimochenko-FARC-Colombia.jpg?fit=1200%2C900&quality=100&ssl=1&resize=1050%2C600 3x"},"classes":[]},{"id":245703,"url":"https:\/\/insightcrime.org\/es\/noticias\/correos-fiscalia-colombiana-vinculan-vicepresidente-expresidente-surinam-narcotrafico\/","url_meta":{"origin":8076,"position":3},"title":"Correos de la Fiscal\u00eda colombiana vinculan al vicepresidente y al expresidente de Surinam con el narcotr\u00e1fico","author":"Douwe den Held","date":"6 de noviembre de 2023","format":false,"excerpt":"Investigadores estadounidenses y colombianos relacionaron al vicepresidente de Surinam, Ronnie Brunswijk, y al expresidente, Desi Bouterse, con recientes actividades de narcotr\u00e1fico, seg\u00fan correos electr\u00f3nicos filtrados que sugieren la existencia de v\u00ednculos pol\u00edticos de alto nivel con el crimen organizado en el pa\u00eds m\u00e1s peque\u00f1o de Suram\u00e9rica.","rel":"","context":"En \u00abNoticias\u00bb","block_context":{"text":"Noticias","link":"https:\/\/insightcrime.org\/es\/category\/noticias\/"},"img":{"alt_text":"","src":"https:\/\/i0.wp.com\/insightcrime.org\/wp-content\/uploads\/2023\/10\/Cover-Suriname-Feature-Image.jpg?fit=1200%2C690&quality=100&ssl=1&resize=350%2C200","width":350,"height":200,"srcset":"https:\/\/i0.wp.com\/insightcrime.org\/wp-content\/uploads\/2023\/10\/Cover-Suriname-Feature-Image.jpg?fit=1200%2C690&quality=100&ssl=1&resize=350%2C200 1x, https:\/\/i0.wp.com\/insightcrime.org\/wp-content\/uploads\/2023\/10\/Cover-Suriname-Feature-Image.jpg?fit=1200%2C690&quality=100&ssl=1&resize=525%2C300 1.5x, https:\/\/i0.wp.com\/insightcrime.org\/wp-content\/uploads\/2023\/10\/Cover-Suriname-Feature-Image.jpg?fit=1200%2C690&quality=100&ssl=1&resize=700%2C400 2x, https:\/\/i0.wp.com\/insightcrime.org\/wp-content\/uploads\/2023\/10\/Cover-Suriname-Feature-Image.jpg?fit=1200%2C690&quality=100&ssl=1&resize=1050%2C600 3x"},"classes":[]},{"id":232566,"url":"https:\/\/insightcrime.org\/es\/noticias\/muerte-ivan-marquez-simplifica-negociaciones-paz-total\/","url_meta":{"origin":8076,"position":4},"title":"Muerte de Iv\u00e1n M\u00e1rquez simplifica negociaciones de la &#8216;Paz Total&#8217;","author":"Peter Appleby","date":"10 de julio de 2023","format":false,"excerpt":"Iv\u00e1n M\u00e1rquez, excomandante de las FARC, muri\u00f3 supuestamente en Venezuela, una muerte que seguramente tendr\u00e1 consecuencias de amplio alcance para las negociaciones de la \u201cPaz Total\u201d en Colombia.","rel":"","context":"En \u00abNoticias\u00bb","block_context":{"text":"Noticias","link":"https:\/\/insightcrime.org\/es\/category\/noticias\/"},"img":{"alt_text":"Imagen de Iv\u00e1n M\u00e1rquez, excomandante de las FARC, jefe negociador de los acuerdos de 2016 y comandante de la disidencia de la Segunda Marquetalia.","src":"https:\/\/i0.wp.com\/insightcrime.org\/wp-content\/uploads\/2023\/09\/ivan-marquez-1-1-1.jpeg?fit=350%2C250&quality=100&ssl=1&resize=350%2C200","width":350,"height":200},"classes":[]},{"id":79852,"url":"https:\/\/insightcrime.org\/es\/noticias-crimen-organizado-colombia\/nestor-gregorio-vera-fernandez-alias-ivan-mordisco\/","url_meta":{"origin":8076,"position":5},"title":"Ne\u0301stor Gregorio Vera Ferna\u0301ndez, alias &#8216;Iv\u00e1n Mordisco&#8217;","author":"InSight Crime","date":"28 de febrero de 2024","format":false,"excerpt":"Ne\u0301stor Gregorio Vera Ferna\u0301ndez, alias \"Iv\u00e1n Mordisco\", era uno de los principales actores criminales en Colombia.","rel":"","context":"En \u00abColombia\u00bb","block_context":{"text":"Colombia","link":"https:\/\/insightcrime.org\/es\/category\/noticias-crimen-organizado-colombia\/"},"img":{"alt_text":"Perfil criminal - N\u00e9stor Gregorio Vera Fern\u00e1ndez, alias \u2018Iv\u00e1n Mordisco\u2019 - Colombia.","src":"https:\/\/i0.wp.com\/insightcrime.org\/wp-content\/uploads\/2026\/08\/Perfil-Criminal-Alias-Ivan-Mordisco-Colombia.jpg?fit=1200%2C900&quality=100&ssl=1&resize=350%2C200","width":350,"height":200,"srcset":"https:\/\/i0.wp.com\/insightcrime.org\/wp-content\/uploads\/2026\/08\/Perfil-Criminal-Alias-Ivan-Mordisco-Colombia.jpg?fit=1200%2C900&quality=100&ssl=1&resize=350%2C200 1x, https:\/\/i0.wp.com\/insightcrime.org\/wp-content\/uploads\/2026\/08\/Perfil-Criminal-Alias-Ivan-Mordisco-Colombia.jpg?fit=1200%2C900&quality=100&ssl=1&resize=525%2C300 1.5x, https:\/\/i0.wp.com\/insightcrime.org\/wp-content\/uploads\/2026\/08\/Perfil-Criminal-Alias-Ivan-Mordisco-Colombia.jpg?fit=1200%2C900&quality=100&ssl=1&resize=700%2C400 2x, https:\/\/i0.wp.com\/insightcrime.org\/wp-content\/uploads\/2026\/08\/Perfil-Criminal-Alias-Ivan-Mordisco-Colombia.jpg?fit=1200%2C900&quality=100&ssl=1&resize=1050%2C600 3x"},"classes":[]}],"jetpack_featured_media_url":"https:\/\/i0.wp.com\/insightcrime.org\/wp-content\/uploads\/2015\/08\/es-15-08-06-Colombia-FARC-Emails.jpg?fit=250%2C165&quality=100&ssl=1","_links":{"self":[{"href":"https:\/\/insightcrime.org\/es\/wp-json\/wp\/v2\/posts\/8076","targetHints":{"allow":["GET"]}}],"collection":[{"href":"https:\/\/insightcrime.org\/es\/wp-json\/wp\/v2\/posts"}],"about":[{"href":"https:\/\/insightcrime.org\/es\/wp-json\/wp\/v2\/types\/post"}],"author":[{"embeddable":true,"href":"https:\/\/insightcrime.org\/es\/wp-json\/wp\/v2\/users\/43"}],"replies":[{"embeddable":true,"href":"https:\/\/insightcrime.org\/es\/wp-json\/wp\/v2\/comments?post=8076"}],"version-history":[{"count":1,"href":"https:\/\/insightcrime.org\/es\/wp-json\/wp\/v2\/posts\/8076\/revisions"}],"predecessor-version":[{"id":25076,"href":"https:\/\/insightcrime.org\/es\/wp-json\/wp\/v2\/posts\/8076\/revisions\/25076"}],"wp:featuredmedia":[{"embeddable":true,"href":"https:\/\/insightcrime.org\/es\/wp-json\/wp\/v2\/media\/42977"}],"wp:attachment":[{"href":"https:\/\/insightcrime.org\/es\/wp-json\/wp\/v2\/media?parent=8076"}],"wp:term":[{"taxonomy":"category","embeddable":true,"href":"https:\/\/insightcrime.org\/es\/wp-json\/wp\/v2\/categories?post=8076"},{"taxonomy":"post_tag","embeddable":true,"href":"https:\/\/insightcrime.org\/es\/wp-json\/wp\/v2\/tags?post=8076"},{"taxonomy":"newspack_spnsrs_tax","embeddable":true,"href":"https:\/\/insightcrime.org\/es\/wp-json\/wp\/v2\/newspack_spnsrs_tax?post=8076"},{"taxonomy":"author","embeddable":true,"href":"https:\/\/insightcrime.org\/es\/wp-json\/wp\/v2\/coauthors?post=8076"}],"curies":[{"name":"wp","href":"https:\/\/api.w.org\/{rel}","templated":true}]}}