{"id":8081,"date":"2015-08-10T21:26:56","date_gmt":"2017-03-28T00:10:38","guid":{"rendered":"http:\/\/newwp.insightcrime.org?p=8081"},"modified":"2023-04-24T15:47:15","modified_gmt":"2023-04-24T20:47:15","slug":"fiscales-generales-centroamerica-estados-unidos-reunen","status":"publish","type":"post","link":"https:\/\/insightcrime.org\/es\/noticias\/noticias-del-dia\/fiscales-generales-centroamerica-estados-unidos-reunen\/","title":{"rendered":"Fiscales generales de Centroam\u00e9rica y Estados Unidos se re\u00fanen"},"content":{"rendered":"\n<p class=\"wp-block-paragraph\">Los fiscales generales de siete pa\u00edses centroamericanos se reunieron recientemente con la fiscal general de Estados Unidos para discutir sobre narcotr\u00e1fico, crimen organizado y la creciente violencia en la regi\u00f3n, lo cual ha puesto de relieve la seriedad con la que Estados Unidos est\u00e1 considerando los problemas de seguridad en la regi\u00f3n.<\/p>\n\n\n\n<p class=\"wp-block-paragraph\">La fiscal general de Estados Unidos, Loretta Lynch, <a href=\"https:\/\/www.justice.gov\/opa\/pr\/us-attorney-general-loretta-e-lynch-meets-attorneys-general-all-central-american-nations\" target=\"_blank\">se reuni\u00f3<\/a> a puerta cerrada con sus hom\u00f3logos centroamericanos en Washington el 5 de agosto, con el fin de abordar la alarmante situaci\u00f3n de seguridad en la regi\u00f3n. La agenda incluy\u00f3 temas relacionados con violencia de pandillas, tr\u00e1fico de drogas, lavado de activos y crimen organizado. La cumbre cont\u00f3 con la participaci\u00f3n de los fiscales generales de Belice, Costa Rica, El Salvador, Guatemala, Honduras, Nicaragua y Panam\u00e1.<\/p>\n\n\n\n<p class=\"wp-block-paragraph\">Esta ser\u00eda la primera ocasi\u00f3n en la que los fiscales generales de estos siete pa\u00edses se re\u00fanen de manera conjunta con agentes estadounidenses, incluyendo varios funcionarios de alto rango de la Agencia Antidrogas de Estados Unidos (DEA por sus iniciales en ingl\u00e9s) y de los departamentos de Justicia, Estado y Tesoro.<\/p>\n\n\n\n<p class=\"wp-block-paragraph\">La reuni\u00f3n se presenta en medio de una creciente violencia en la regi\u00f3n, en especial en El Salvador, pa\u00eds que enfrent\u00f3 recientemente un desgastante <a href=\"https:\/\/es.insightcrime.org\/noticias\/noticias-del-dia\/paro-transporte-impuesto-pandillas-aumenta-presion-sobre-gobierno-el-salvador\/\" target=\"_blank\">paro de transporte<\/a> que fue impuesto por las pandillas, y donde la violencia ha aumentado hasta alcanzar <a href=\"https:\/\/es.insightcrime.org\/noticias\/noticias-del-dia\/junio-supera-mayo-mes-mas-violento-guerra-salvador\/\" target=\"_blank\">niveles nunca antes vistos<\/a>. Recientemente se inform\u00f3 que el n\u00famero de polic\u00edas asesinados en lo corrido de 2015 ya super\u00f3 el total de 2014. Seg\u00fan los <a href=\"https:\/\/www.elsalvador.com\/articulo\/sucesos\/asesinatos-contra-policias-superan-cifra-con-que-cerro-2014-83849\" target=\"_blank\">informes<\/a>, durante la reuni\u00f3n el fiscal general salvadore\u00f1o, Luis Mart\u00ednez, <a href=\"https:\/\/www.elsalvador.com\/articulo\/nacional\/fiscal-general-pide-mas-apoyo-financiero-eeuu-para-combatir-pandillas-pais-83848\" target=\"_blank\">solicit\u00f3<\/a> a Estados Unidos ayuda adicional, e incluso habr\u00eda se\u00f1alado que el crimen en El Salvador ha sobrepasado la capacidad de la instituci\u00f3n \u00e9l preside<\/p>\n\n\n\n<h3 class=\"wp-block-heading\">An\u00e1lisis de InSight Crime<\/h3>\n\n\n\n<p class=\"wp-block-paragraph\">Si bien cumbres anteriores sobre problemas relacionados con el crimen organizado y la seguridad en Centroam\u00e9rica han incluido con frecuencia intercambios diplom\u00e1ticos, esta ser\u00eda la primera vez que los principales agentes del orden de la regi\u00f3n se re\u00fanen para colaborar de manera directa. El cambio es una buena se\u00f1al de que todas las partes involucradas estar\u00edan actuando con la urgencia que se requiere.<\/p>\n\n\n\n<p class=\"wp-block-paragraph\">Los di\u00e1logos tomaron lugar en medio de las crecientes preocupaciones en Washington sobre la situaci\u00f3n de seguridad en Centroam\u00e9rica. En junio, el Departamento de Estado de Estados Unidos <a href=\"https:\/\/www.state.gov\/r\/pa\/prs\/ps\/2015\/06\/243946.htm\" target=\"_blank\">mantuvo di\u00e1logos<\/a> sobre delicados aspectos de seguridad, con el fin de abordar las preocupaciones sobre la situaci\u00f3n de violencia y seguridad en los pa\u00edses del Tri\u00e1ngulo Norte: El Salvador, Guatemala y Honduras.<\/p>\n\n\n\n<p class=\"wp-block-paragraph\">En la reuni\u00f3n participaron delegaciones de M\u00e9xico y Colombia para compartir lecciones aprendidas en la lucha contra la violencia de las drogas y las sofisticadas redes de narcotr\u00e1fico en sus pa\u00edses. En enero, la administraci\u00f3n de Obama <a href=\"https:\/\/es.insightcrime.org\/noticias\/noticias-del-dia\/nuevo-paquete-ayuda-centroamerica-estados-unidos-continua-cambiando-prioridades-seguridad\/\" target=\"_blank\">propuso un paquete de ayuda<\/a> por un valor de mil millones de d\u00f3lares para el Tri\u00e1ngulo Norte, con el fin de mejorar el crecimiento econ\u00f3mico y detener la violencia y el flujo de ni\u00f1os migrantes que buscan refugio en Estados Unidos. El paquete de ayuda a\u00fan est\u00e1 siendo revisado por los congresistas estadounidenses.<\/p>\n","protected":false},"excerpt":{"rendered":"<p>Los fiscales generales de siete pa\u00edses centroamericanos se reunieron recientemente con la fiscal general de Estados Unidos para discutir sobre narcotr\u00e1fico, crimen organizado y la creciente violencia en la regi\u00f3n, lo cual ha puesto de relieve la seriedad con la que Estados Unidos est\u00e1 considerando los problemas de seguridad en la regi\u00f3n.<\/p>\n","protected":false},"author":43,"featured_media":42983,"comment_status":"closed","ping_status":"closed","sticky":false,"template":"","format":"standard","meta":{"newspack_ads_suppress_ads":false,"newspack_popups_has_disabled_popups":false,"newspack_sponsor_sponsorship_scope":"","newspack_sponsor_native_byline_display":"inherit","newspack_sponsor_native_category_display":"inherit","newspack_sponsor_underwriter_style":"inherit","newspack_sponsor_underwriter_placement":"inherit","_EventAllDay":false,"_EventTimezone":"","_EventStartDate":"","_EventEndDate":"","_EventStartDateUTC":"","_EventEndDateUTC":"","_EventShowMap":false,"_EventShowMapLink":false,"_EventURL":"","_EventCost":"","_EventCostDescription":"","_EventCurrencySymbol":"","_EventCurrencyCode":"","_EventCurrencyPosition":"","_EventDateTimeSeparator":"","_EventTimeRangeSeparator":"","_EventOrganizerID":[],"_EventVenueID":[],"_OrganizerEmail":"","_OrganizerPhone":"","_OrganizerWebsite":"","_VenueAddress":"","_VenueCity":"","_VenueCountry":"","_VenueProvince":"","_VenueState":"","_VenueZip":"","_VenuePhone":"","_VenueURL":"","_VenueStateProvince":"","_VenueLat":"","_VenueLng":"","_VenueShowMap":false,"_VenueShowMapLink":false,"_newspack_byline_active":false,"_newspack_byline":"","newspack_hide_updated_date":false,"newspack_show_updated_date":false,"newspack_featured_image_position":"","newspack_post_subtitle":"","newspack_article_summary_title":"Overview:","newspack_article_summary":"","_jetpack_memberships_contains_paid_content":false,"footnotes":""},"categories":[334],"tags":[3152,462,1540,374,398,391,463],"newspack_spnsrs_tax":[],"coauthors":[3956],"class_list":["post-8081","post","type-post","status-publish","format-standard","has-post-thumbnail","hentry","category-noticias-del-dia","tag-belice-pais","tag-costa-rica-pais","tag-el-salvador-pais","tag-guatemala-pais","tag-honduras-pais","tag-nicaragua-pais","tag-panama-pais","entry"],"parsely":{"version":"1.1.0","canonical_url":"https:\/\/insightcrime.org\/es\/noticias\/noticias-del-dia\/fiscales-generales-centroamerica-estados-unidos-reunen\/","smart_links":{"inbound":0,"outbound":0},"traffic_boost_suggestions_count":0,"meta":{"@context":"https:\/\/schema.org","@type":"NewsArticle","headline":"Fiscales generales de Centroam\u00e9rica y Estados Unidos se re\u00fanen","url":"http:\/\/insightcrime.org\/es\/noticias\/noticias-del-dia\/fiscales-generales-centroamerica-estados-unidos-reunen\/","mainEntityOfPage":{"@type":"WebPage","@id":"http:\/\/insightcrime.org\/es\/noticias\/noticias-del-dia\/fiscales-generales-centroamerica-estados-unidos-reunen\/"},"thumbnailUrl":"https:\/\/i0.wp.com\/insightcrime.org\/wp-content\/uploads\/2015\/08\/es-15-08-07-Central-America-Attorney-Generals.jpg?resize=150%2C150&quality=100&ssl=1","image":{"@type":"ImageObject","url":"https:\/\/i0.wp.com\/insightcrime.org\/wp-content\/uploads\/2015\/08\/es-15-08-07-Central-America-Attorney-Generals.jpg?fit=250%2C154&quality=100&ssl=1"},"articleSection":"Noticias del d\u00eda","author":[{"@type":"Person","name":"Sam Tabory"}],"creator":["Sam Tabory"],"publisher":{"@type":"Organization","name":"InSight Crime","logo":"https:\/\/insightcrime.org\/wp-content\/uploads\/2023\/08\/logo.png"},"keywords":["belice","costa rica","el salvador","guatemala","honduras","nicaragua","panam\u00e1"],"dateCreated":"2017-03-28T00:10:38Z","datePublished":"2017-03-28T00:10:38Z","dateModified":"2023-04-24T20:47:15Z"},"rendered":"<meta name=\"parsely-title\" content=\"Fiscales generales de Centroam\u00e9rica y Estados Unidos se re\u00fanen\" \/>\n<meta name=\"parsely-link\" content=\"http:\/\/insightcrime.org\/es\/noticias\/noticias-del-dia\/fiscales-generales-centroamerica-estados-unidos-reunen\/\" \/>\n<meta name=\"parsely-type\" content=\"post\" \/>\n<meta name=\"parsely-image-url\" content=\"https:\/\/i0.wp.com\/insightcrime.org\/wp-content\/uploads\/2015\/08\/es-15-08-07-Central-America-Attorney-Generals.jpg?resize=150%2C150&amp;quality=100&amp;ssl=1\" \/>\n<meta name=\"parsely-pub-date\" content=\"2017-03-28T00:10:38Z\" \/>\n<meta name=\"parsely-section\" content=\"Noticias del d\u00eda\" \/>\n<meta name=\"parsely-tags\" content=\"belice,costa rica,el salvador,guatemala,honduras,nicaragua,panam\u00e1\" \/>\n<meta name=\"parsely-author\" content=\"Sam Tabory\" \/>","tracker_url":"https:\/\/cdn.parsely.com\/keys\/insightcrime.org\/p.js"},"jetpack_sharing_enabled":true,"jetpack-related-posts":[{"id":132964,"url":"https:\/\/insightcrime.org\/es\/noticias\/policias-entrenados-por-ee-uu-implicados-en-masacre-de-migrantes-en-mexico\/","url_meta":{"origin":8081,"position":0},"title":"Polic\u00edas entrenados por EE.UU. implicados en masacre de migrantes en M\u00e9xico","author":"Parker Asmann","date":"3 de febrero de 2021","format":false,"excerpt":"Varios agentes de un cuerpo \u00e9lite de la polic\u00eda estatal resultaron implicados en la masacre de 19 personas en la frontera Estados Unidos-M\u00e9xico a finales de enero, lo que pone en evidencia la violencia sistem\u00e1tica dirigida a los m\u00e1s vulnerables en zonas donde opera la delincuencia organizada.","rel":"","context":"En \u00abNews\u00bb","block_context":{"text":"News","link":"https:\/\/insightcrime.org\/category\/news\/"},"img":{"alt_text":"Tamaulipas-police-crime","src":"https:\/\/i0.wp.com\/insightcrime.org\/wp-content\/uploads\/2021\/02\/21-02-03-FGJ-Tamaulipas.jpg?fit=350%2C250&quality=100&ssl=1&resize=350%2C200","width":350,"height":200},"classes":[]},{"id":232463,"url":"https:\/\/insightcrime.org\/es\/noticias\/impasse-eleccion-fiscal-general-honduras-debilita-lucha-corrupcion\/","url_meta":{"origin":8081,"position":1},"title":"Impasse en elecci\u00f3n de fiscal general en Honduras debilita la lucha contra la corrupci\u00f3n","author":"Anastasia Austin","date":"11 de septiembre de 2023","format":false,"excerpt":"El Congreso de Honduras no se pone de acuerdo sobre la designaci\u00f3n de un nuevo fiscal general, una muestra de las trabas pol\u00edticas para crear una estrategia efectiva contra el crimen organizado y la corrupci\u00f3n.","rel":"","context":"En \u00abNoticias\u00bb","block_context":{"text":"Noticias","link":"https:\/\/insightcrime.org\/es\/category\/noticias\/"},"img":{"alt_text":"La Fiscal\u00eda General de Honduras sigue sin cabeza despu\u00e9s de que el Congreso no lograra votar para elegir un nuevo fiscal general.","src":"https:\/\/i0.wp.com\/insightcrime.org\/wp-content\/uploads\/2023\/09\/principal_fiscales_mp-1.jpg?fit=350%2C250&quality=100&ssl=1&resize=350%2C200","width":350,"height":200},"classes":[]},{"id":129381,"url":"https:\/\/insightcrime.org\/es\/noticias\/mexico-exonera-a-exministro-de-defensa-y-acusa-a-estados-unidos-de-fabricar-cargos\/","url_meta":{"origin":8081,"position":2},"title":"M\u00e9xico exonera a exministro de Defensa y acusa a Estados Unidos de \u00abfabricar\u00bb cargos","author":"Parker Asmann","date":"15 de enero de 2021","format":false,"excerpt":"Autoridades de M\u00e9xico anunciaron que no levantar\u00e1n cargos criminales contra un exministro de Defensa acusado por fiscales estadounidenses de coludirse con grupos de crimen organizado para traficar drogas, y desestimaron el caso justo en un momento en que las relaciones en materia de seguridad entre ambos pa\u00edses est\u00e1n mostrando signos\u2026","rel":"","context":"En \u00abNoticias\u00bb","block_context":{"text":"Noticias","link":"https:\/\/insightcrime.org\/es\/category\/noticias\/"},"img":{"alt_text":"","src":"https:\/\/i0.wp.com\/insightcrime.org\/wp-content\/uploads\/2021\/01\/21-01-15-Mex-Cienfuegos-1.jpg?fit=350%2C250&quality=100&ssl=1&resize=350%2C200","width":350,"height":200},"classes":[]},{"id":185870,"url":"https:\/\/insightcrime.org\/es\/noticias\/pese-denuncias-anticorrupcion-guatemala-reelige-fiscal-general\/","url_meta":{"origin":8081,"position":3},"title":"Pese a denuncias de organismos anticorrupci\u00f3n, Guatemala reelige a fiscal general","author":"Scott Mistler-Ferguson","date":"18 de mayo de 2022","format":false,"excerpt":"Guatemala ha ratificado a la fiscal general Consuelo Porras para un segundo periodo, a pesar de su historial documentado de blindaje de las \u00e9lites pol\u00edticas y empresariales frente a investigaciones anticorrupci\u00f3n.","rel":"","context":"En \u00abNoticias\u00bb","block_context":{"text":"Noticias","link":"https:\/\/insightcrime.org\/es\/category\/noticias\/"},"img":{"alt_text":"Guatemala's top prosecutor Consuelo Porras gesticulates","src":"https:\/\/i0.wp.com\/insightcrime.org\/wp-content\/uploads\/2022\/05\/Consuelo-Porras.jpeg?fit=350%2C233&quality=100&ssl=1&resize=350%2C200","width":350,"height":200},"classes":[]},{"id":142969,"url":"https:\/\/insightcrime.org\/es\/noticias\/destitucion-fiscal-general-salvador-amenaza-estado-derecho\/","url_meta":{"origin":8081,"position":4},"title":"Destituci\u00f3n de fiscal general de El Salvador amenaza el Estado de derecho","author":"Alex Papadovassilakis","date":"3 de mayo de 2021","format":false,"excerpt":"La decisi\u00f3n de los legisladores alineados con el presidente de El Salvador, Nayib Bukele, de destituir al fiscal general del pa\u00eds puede significar el fin de varios casos cruciales en torno al crimen organizado.","rel":"","context":"En \u00abNoticias\u00bb","block_context":{"text":"Noticias","link":"https:\/\/insightcrime.org\/es\/category\/noticias\/"},"img":{"alt_text":"","src":"https:\/\/i0.wp.com\/insightcrime.org\/wp-content\/uploads\/2021\/05\/848047033e01470b838de0c9887f0de6_18.jpeg?fit=350%2C250&quality=100&ssl=1&resize=350%2C200","width":350,"height":200},"classes":[]},{"id":4890,"url":"https:\/\/insightcrime.org\/es\/guatemala-organized-crime-news\/guatemala\/","url_meta":{"origin":8081,"position":5},"title":"Perfil de Guatemala","author":"InSight Crime","date":"18 de enero de 2024","format":false,"excerpt":"Las organizaciones criminales de Guatemala son las m\u00e1s sofisticadas y peligrosas de Centroam\u00e9rica. Algunas de ellas han estado operando por d\u00e9cadas. En ellas participan antiguos miembros del ej\u00e9rcito, agencias de inteligencia y miembros activos de la polic\u00eda. La mayor parte de su actividad consiste en transportar drogas ilegales hacia el\u2026","rel":"","context":"En \u00abGuatemala\u00bb","block_context":{"text":"Guatemala","link":"https:\/\/insightcrime.org\/category\/guatemala-organized-crime-news\/"},"img":{"alt_text":"","src":"","width":0,"height":0},"classes":[]}],"jetpack_featured_media_url":"https:\/\/i0.wp.com\/insightcrime.org\/wp-content\/uploads\/2015\/08\/es-15-08-07-Central-America-Attorney-Generals.jpg?fit=250%2C154&quality=100&ssl=1","_links":{"self":[{"href":"https:\/\/insightcrime.org\/es\/wp-json\/wp\/v2\/posts\/8081","targetHints":{"allow":["GET"]}}],"collection":[{"href":"https:\/\/insightcrime.org\/es\/wp-json\/wp\/v2\/posts"}],"about":[{"href":"https:\/\/insightcrime.org\/es\/wp-json\/wp\/v2\/types\/post"}],"author":[{"embeddable":true,"href":"https:\/\/insightcrime.org\/es\/wp-json\/wp\/v2\/users\/43"}],"replies":[{"embeddable":true,"href":"https:\/\/insightcrime.org\/es\/wp-json\/wp\/v2\/comments?post=8081"}],"version-history":[{"count":1,"href":"https:\/\/insightcrime.org\/es\/wp-json\/wp\/v2\/posts\/8081\/revisions"}],"predecessor-version":[{"id":25082,"href":"https:\/\/insightcrime.org\/es\/wp-json\/wp\/v2\/posts\/8081\/revisions\/25082"}],"wp:featuredmedia":[{"embeddable":true,"href":"https:\/\/insightcrime.org\/es\/wp-json\/wp\/v2\/media\/42983"}],"wp:attachment":[{"href":"https:\/\/insightcrime.org\/es\/wp-json\/wp\/v2\/media?parent=8081"}],"wp:term":[{"taxonomy":"category","embeddable":true,"href":"https:\/\/insightcrime.org\/es\/wp-json\/wp\/v2\/categories?post=8081"},{"taxonomy":"post_tag","embeddable":true,"href":"https:\/\/insightcrime.org\/es\/wp-json\/wp\/v2\/tags?post=8081"},{"taxonomy":"newspack_spnsrs_tax","embeddable":true,"href":"https:\/\/insightcrime.org\/es\/wp-json\/wp\/v2\/newspack_spnsrs_tax?post=8081"},{"taxonomy":"author","embeddable":true,"href":"https:\/\/insightcrime.org\/es\/wp-json\/wp\/v2\/coauthors?post=8081"}],"curies":[{"name":"wp","href":"https:\/\/api.w.org\/{rel}","templated":true}]}}