{"id":8099,"date":"2015-08-17T19:47:21","date_gmt":"2017-03-28T00:10:47","guid":{"rendered":"http:\/\/newwp.insightcrime.org?p=8099"},"modified":"2023-04-24T15:47:21","modified_gmt":"2023-04-24T20:47:21","slug":"juicio-homicidio-argentina-muestra-propagacion-narcotrafico-colombiano","status":"publish","type":"post","link":"https:\/\/insightcrime.org\/es\/noticias\/noticias-del-dia\/juicio-homicidio-argentina-muestra-propagacion-narcotrafico-colombiano\/","title":{"rendered":"Juicio por homicidio en Argentina muestra propagaci\u00f3n del narcotr\u00e1fico colombiano"},"content":{"rendered":"\n<p class=\"wp-block-paragraph\">En Argentina, el juicio por el asesinato de un exguerrillero colombiano que luego se volvi\u00f3 un importante narcotraficante puede que haya dejado m\u00e1s preguntas que respuestas, pero ha demostrado que los narcotraficantes colombianos se han expandido en Argentina, llevando consigo sus venganzas personales.<\/p>\n\n\n\n<p class=\"wp-block-paragraph\">En abril de 2012, H\u00e9ctor Saldarriaga, alias \u201cEl Mojarro\u201d, fue asesinado a balazos en un exclusivo barrio de Buenos Aires, y el delito fue relacionado inmediatamente con el hampa colombiano.<\/p>\n\n\n\n<p class=\"wp-block-paragraph\">Tres a\u00f1os m\u00e1s tarde, los fiscales est\u00e1n pidiendo cadena perpetua para el hombre detenido por el asesinato. Sin embargo, la defensa pide su absoluci\u00f3n, alegando que \u00e9l es simplemente un chivo expiatorio,<a href=\"https:\/\/www.clarin.com\/policiales\/narcotrafico-sicario-colombiano-mojarro-recoleta-crimen-juicio_0_1411658878.html\" target=\"_blank\"> inform\u00f3 Clar\u00edn<\/a>.<\/p>\n\n\n\n<p class=\"wp-block-paragraph\">El asesinato<a href=\"\/noticias\/noticias-del-dia\/loco-colombia-culpable-estados-unidos\" target=\"_blank\"> ha sido relacionado <\/a>durante mucho tiempo con el encarcelado narcotraficante colombiano Daniel \u201cEl Loco\u201d Barrera, a quien Saldarriaga supuestamente sirvi\u00f3 como jefe de sicarios y hombre de confianza. Sin embargo, en sus pesquisas los investigadores dieron con Emmanuel Aristimu\u00f1o, un argentino de 25 a\u00f1os que compr\u00f3 la moto utilizada para cometer el asesinato.<\/p>\n\n\n\n<p class=\"wp-block-paragraph\">Durante el juicio, Aristimu\u00f1o dijo que compr\u00f3 la motocicleta para un misterioso grupo de colombianos que, seg\u00fan \u00e9l, se le acercaron en un bar y le pagaron para comprarla y entreg\u00e1rsela, <a href=\"https:\/\/www.lanacion.com.ar\/1817592-llega-a-la-etapa-decisiva-el-primer-juicio-a-un-presunto-sicario-por-un-crimen-narco\" target=\"_blank\">inform\u00f3 La Naci\u00f3n<\/a>.&nbsp;Aristimu\u00f1o afirma que esa fue toda su participaci\u00f3n, pero los fiscales alegan que se trata de un sicario al servicio de capos del narcotr\u00e1fico colombianos.<\/p>\n\n\n\n<h3 class=\"wp-block-heading\">An\u00e1lisis de InSight Crime<\/h3>\n\n\n\n<p class=\"wp-block-paragraph\">Independientemente de que Aristimu\u00f1o sea culpable de asesinato o no, no hay duda de que el complot para asesinar a El Mojarro implica m\u00e1s que a un joven argentino, y que hasta el momento los autores intelectuales del crimen han logrado evadir a la justicia.<\/p>\n\n\n\n<p class=\"wp-block-paragraph\">Saldarriaga tuvo una larga historia en el hampa colombiano. Fue inicialmente guerrillero de las Fuerzas Armadas Revolucionarias de Colombia (FARC), y m\u00e1s tarde estableci\u00f3 alianzas con l\u00edderes de grupos paramilitares colombianos, para luego volverse una figura l\u00edder en la organizaci\u00f3n de<a href=\"\/component\/tags\/tag\/241-el-loco-barrera\" target=\"_blank\"> El Loco Barrera<\/a>, a quien le ayud\u00f3 a establecer un imperio criminal trasnacional en el este de Colombia.<\/p>\n\n\n\n<p class=\"wp-block-paragraph\"><span style=\"color: #800000\"><strong>VEA TAMBI\u00c9N:<\/strong><\/span> <a href=\"\/component\/tags\/tag\/274-argentina\" target=\"_blank\">Cobertura sobre Argentina<\/a><\/p>\n\n\n\n<p class=\"wp-block-paragraph\">Sin embargo, seg\u00fan informes de medios colombianos, Barrera intent\u00f3 asesinar a Saldarriaga en 2011, despu\u00e9s de que ambos se pelearon por un cargamento de coca\u00edna. Saldarriaga huy\u00f3 entonces a Argentina, donde continu\u00f3 la disputa proveyendo a las autoridades con informaci\u00f3n sobre las redes de Barrera, seg\u00fan le dijeron funcionarios de inteligencia colombianos <a href=\"https:\/\/www.elespectador.com\/noticias\/nacional\/el-mojarro-el-loco-farc-y-argentina-articulo-350554\" target=\"_blank\">a El Espectador<\/a>. Tanto los investigadores colombianos como los argentinos creen que fue la red de Barrera la que finalmente dio con \u00e9l en Buenos Aires.<\/p>\n\n\n\n<p class=\"wp-block-paragraph\">Saldarriaga no es el \u00fanico gran narcotraficante colombiano que ha huido a Argentina, pa\u00eds que en a\u00f1os recientes se ha ganado la reputaci\u00f3n de<a href=\"\/news\/analysis\/argentina-a-haven-for-colombian-narcos\" target=\"_blank\"> refugio de criminales<\/a>. Quiz\u00e1 la presencia de estos narcotraficantes exiliados haya contribuido a la emergencia de Argentina como una zona importante para el tr\u00e1nsito de droga, ya que muchos han usado al pa\u00eds como base para establecer nuevas rutas de la droga (<a href=\"https:\/\/www.lanacion.com.ar\/1817592-llega-a-la-etapa-decisiva-el-primer-juicio-a-un-presunto-sicario-por-un-crimen-narco\" target=\"_blank\">como al parecer lo hizo Saldarriaga<\/a>) o para l<a href=\"\/noticias\/noticias-del-dia\/investigacion-lavado-dinero-vincula-desarrolladores-argentina-narcos-colombianos\" target=\"_blank\">avar ganancias del narcotr\u00e1fico<\/a>.<\/p>\n","protected":false},"excerpt":{"rendered":"<p>En Argentina, el juicio por el asesinato de un exguerrillero colombiano que luego se volvi\u00f3 un importante narcotraficante puede que haya dejado m\u00e1s preguntas que respuestas, pero ha demostrado que los narcotraficantes colombianos se han expandido en Argentina, llevando consigo sus venganzas personales.<\/p>\n","protected":false},"author":16,"featured_media":43019,"comment_status":"closed","ping_status":"closed","sticky":false,"template":"","format":"standard","meta":{"newspack_ads_suppress_ads":false,"newspack_popups_has_disabled_popups":false,"newspack_sponsor_sponsorship_scope":"","newspack_sponsor_native_byline_display":"inherit","newspack_sponsor_native_category_display":"inherit","newspack_sponsor_underwriter_style":"inherit","newspack_sponsor_underwriter_placement":"inherit","_EventAllDay":false,"_EventTimezone":"","_EventStartDate":"","_EventEndDate":"","_EventStartDateUTC":"","_EventEndDateUTC":"","_EventShowMap":false,"_EventShowMapLink":false,"_EventURL":"","_EventCost":"","_EventCostDescription":"","_EventCurrencySymbol":"","_EventCurrencyCode":"","_EventCurrencyPosition":"","_EventDateTimeSeparator":"","_EventTimeRangeSeparator":"","_EventOrganizerID":[],"_EventVenueID":[],"_OrganizerEmail":"","_OrganizerPhone":"","_OrganizerWebsite":"","_VenueAddress":"","_VenueCity":"","_VenueCountry":"","_VenueProvince":"","_VenueState":"","_VenueZip":"","_VenuePhone":"","_VenueURL":"","_VenueStateProvince":"","_VenueLat":"","_VenueLng":"","_VenueShowMap":false,"_VenueShowMapLink":false,"_newspack_byline_active":false,"_newspack_byline":"","newspack_hide_updated_date":false,"newspack_show_updated_date":false,"newspack_featured_image_position":"","newspack_post_subtitle":"","newspack_article_summary_title":"Overview:","newspack_article_summary":"","_jetpack_memberships_contains_paid_content":false,"footnotes":""},"categories":[334],"tags":[428,368,376],"newspack_spnsrs_tax":[],"coauthors":[3821],"class_list":["post-8099","post","type-post","status-publish","format-standard","has-post-thumbnail","hentry","category-noticias-del-dia","tag-argentina-pais","tag-colombia-pais","tag-migracion-criminal","entry"],"parsely":{"version":"1.1.0","canonical_url":"https:\/\/insightcrime.org\/es\/noticias\/noticias-del-dia\/juicio-homicidio-argentina-muestra-propagacion-narcotrafico-colombiano\/","smart_links":{"inbound":0,"outbound":0},"traffic_boost_suggestions_count":0,"meta":{"@context":"https:\/\/schema.org","@type":"NewsArticle","headline":"Juicio por homicidio en Argentina muestra propagaci\u00f3n del narcotr\u00e1fico colombiano","url":"http:\/\/insightcrime.org\/es\/noticias\/noticias-del-dia\/juicio-homicidio-argentina-muestra-propagacion-narcotrafico-colombiano\/","mainEntityOfPage":{"@type":"WebPage","@id":"http:\/\/insightcrime.org\/es\/noticias\/noticias-del-dia\/juicio-homicidio-argentina-muestra-propagacion-narcotrafico-colombiano\/"},"thumbnailUrl":"https:\/\/i0.wp.com\/insightcrime.org\/wp-content\/uploads\/2015\/08\/es-15-08-18-Argentina-Saldarriaga.jpg?resize=150%2C135&quality=100&ssl=1","image":{"@type":"ImageObject","url":"https:\/\/i0.wp.com\/insightcrime.org\/wp-content\/uploads\/2015\/08\/es-15-08-18-Argentina-Saldarriaga.jpg?fit=240%2C135&quality=100&ssl=1"},"articleSection":"Noticias del d\u00eda","author":[{"@type":"Person","name":"James Bargent"}],"creator":["James Bargent"],"publisher":{"@type":"Organization","name":"InSight Crime","logo":"https:\/\/insightcrime.org\/wp-content\/uploads\/2023\/08\/logo.png"},"keywords":["argentina","colombia","migraci\u00f3n criminal"],"dateCreated":"2017-03-28T00:10:47Z","datePublished":"2017-03-28T00:10:47Z","dateModified":"2023-04-24T20:47:21Z"},"rendered":"<meta name=\"parsely-title\" content=\"Juicio por homicidio en Argentina muestra propagaci\u00f3n del narcotr\u00e1fico colombiano\" \/>\n<meta name=\"parsely-link\" content=\"http:\/\/insightcrime.org\/es\/noticias\/noticias-del-dia\/juicio-homicidio-argentina-muestra-propagacion-narcotrafico-colombiano\/\" \/>\n<meta name=\"parsely-type\" content=\"post\" \/>\n<meta name=\"parsely-image-url\" content=\"https:\/\/i0.wp.com\/insightcrime.org\/wp-content\/uploads\/2015\/08\/es-15-08-18-Argentina-Saldarriaga.jpg?resize=150%2C135&amp;quality=100&amp;ssl=1\" \/>\n<meta name=\"parsely-pub-date\" content=\"2017-03-28T00:10:47Z\" \/>\n<meta name=\"parsely-section\" content=\"Noticias del d\u00eda\" \/>\n<meta name=\"parsely-tags\" content=\"argentina,colombia,migraci\u00f3n criminal\" \/>\n<meta name=\"parsely-author\" content=\"James Bargent\" \/>","tracker_url":"https:\/\/cdn.parsely.com\/keys\/insightcrime.org\/p.js"},"jetpack_sharing_enabled":true,"jetpack-related-posts":[{"id":188701,"url":"https:\/\/insightcrime.org\/es\/noticias\/rivales-trono-clan-alvarado-argentina-puede-ser-amenaza-monos\/","url_meta":{"origin":8099,"position":0},"title":"Rivales al trono: \u00bfPuede el Clan Alvarado de Argentina ser una amenaza para Los Monos?","author":"Scott Mistler-Ferguson","date":"16 de junio de 2022","format":false,"excerpt":"El l\u00edder del Clan Alvarado, una de las principales organizaciones narcotraficantes de Argentina, ha vuelto a prisi\u00f3n, pero en Rosario, el epicentro criminal del pa\u00eds, no hay muchas posibilidades de que esto tenga un impacto real en las operaciones del Clan Alvarado ni en su rivalidad con Los Monos.","rel":"","context":"En \u00abNoticias\u00bb","block_context":{"text":"Noticias","link":"https:\/\/insightcrime.org\/es\/category\/noticias\/"},"img":{"alt_text":"Esteban Alvarado en la corte","src":"https:\/\/i0.wp.com\/insightcrime.org\/wp-content\/uploads\/2022\/06\/Esteban-Alvarado.jpeg?fit=350%2C250&quality=100&ssl=1&resize=350%2C200","width":350,"height":200},"classes":[]},{"id":167437,"url":"https:\/\/insightcrime.org\/es\/noticias\/lider-monos-sigue-dirigiendo-operaciones-prision\/","url_meta":{"origin":8099,"position":1},"title":"L\u00edder de Los Monos sigue dirigiendo operaciones desde prisi\u00f3n","author":"Gabrielle Gorder","date":"10 de septiembre de 2021","format":false,"excerpt":"La violencia sacude la ciudad portuaria de Rosario en Argentina, justo cuando se lleva el juicio a los cabecillas de su mayor banda criminal, Los Monos, por presunta coordinaci\u00f3n de una serie de ataques contra las residencias y oficinas de funcionarios judiciales en 2018.","rel":"","context":"En \u00abNoticias\u00bb","block_context":{"text":"Noticias","link":"https:\/\/insightcrime.org\/es\/category\/noticias\/"},"img":{"alt_text":"Ariel Cantero, alias \"Guille,\" leader of the Monos, during his trial in Rosario","src":"https:\/\/i0.wp.com\/insightcrime.org\/wp-content\/uploads\/2021\/09\/guillejpg.jpg?fit=350%2C250&quality=100&ssl=1&resize=350%2C200","width":350,"height":200},"classes":[]},{"id":168579,"url":"https:\/\/insightcrime.org\/es\/noticias\/condena-guille-cantero-insuficiente-frenar-los-monos\/","url_meta":{"origin":8099,"position":2},"title":"Condena a Guille Cantero: insuficiente para frenar a Los Monos en Argentina","author":"Alicia Florez","date":"4 de octubre de 2021","format":false,"excerpt":"Los Monos, la principal organizaci\u00f3n criminal de Argentina, sabe c\u00f3mo sobreponerse a los golpes. Y aunque su l\u00edder enfrenta un total de 84 a\u00f1os de prisi\u00f3n, es poco probable que el grupo afloje el control que tiene sobre la ciudad de Rosario.","rel":"","context":"En \u00abNews\u00bb","block_context":{"text":"News","link":"https:\/\/insightcrime.org\/category\/news\/"},"img":{"alt_text":"Guille Cantero fue condenado por la justica argentina","src":"https:\/\/i0.wp.com\/insightcrime.org\/wp-content\/uploads\/2021\/10\/Guille-Cantero-1.jpg?fit=350%2C250&quality=100&ssl=1&resize=350%2C200","width":350,"height":200},"classes":[]},{"id":168602,"url":"https:\/\/insightcrime.org\/es\/noticias-crimen-organizado-argentina\/ariel-maximo-cantero-alias-guille\/","url_meta":{"origin":8099,"position":3},"title":"Ariel M\u00e1ximo Cantero, alias &#8216;Guille&#8217;","author":"InSight Crime","date":"20 de octubre de 2022","format":false,"excerpt":"Ariel M\u00e1ximo Cantero, alias \u201cGuille\u201d, es el l\u00edder del clan familiar Los Monos, una banda de narcotraficantes de Rosario, Argentina.","rel":"","context":"En \u00abArgentina\u00bb","block_context":{"text":"Argentina","link":"https:\/\/insightcrime.org\/es\/category\/noticias-crimen-organizado-argentina\/"},"img":{"alt_text":"","src":"https:\/\/i0.wp.com\/insightcrime.org\/wp-content\/uploads\/2026\/06\/Perfil-criminal-Alias-Guille.jpg?fit=1200%2C900&quality=100&ssl=1&resize=350%2C200","width":350,"height":200,"srcset":"https:\/\/i0.wp.com\/insightcrime.org\/wp-content\/uploads\/2026\/06\/Perfil-criminal-Alias-Guille.jpg?fit=1200%2C900&quality=100&ssl=1&resize=350%2C200 1x, https:\/\/i0.wp.com\/insightcrime.org\/wp-content\/uploads\/2026\/06\/Perfil-criminal-Alias-Guille.jpg?fit=1200%2C900&quality=100&ssl=1&resize=525%2C300 1.5x, https:\/\/i0.wp.com\/insightcrime.org\/wp-content\/uploads\/2026\/06\/Perfil-criminal-Alias-Guille.jpg?fit=1200%2C900&quality=100&ssl=1&resize=700%2C400 2x, https:\/\/i0.wp.com\/insightcrime.org\/wp-content\/uploads\/2026\/06\/Perfil-criminal-Alias-Guille.jpg?fit=1200%2C900&quality=100&ssl=1&resize=1050%2C600 3x"},"classes":[]},{"id":269888,"url":"https:\/\/insightcrime.org\/es\/noticias\/estados-unidos-pone-juicio-narcoestado-hondureno\/","url_meta":{"origin":8099,"position":4},"title":"Estados Unidos pone en juicio al \u201cnarcoestado\u201d hondure\u00f1o","author":"Sam Woolston","date":"29 de febrero de 2024","format":false,"excerpt":"La primera semana del juicio contra el expresidente de Honduras, Juan Orlando Hern\u00e1ndez, estuvo marcada por dram\u00e1ticos testimonios que detallaron c\u00f3mo el dinero del narcotr\u00e1fico lleg\u00f3 a todos los niveles del gobierno hondure\u00f1o y pintaron un cuadro condenatorio de c\u00f3mo las fuerzas de seguridad del Estado fueron cooptadas por grupos\u2026","rel":"","context":"En \u00abNoticias\u00bb","block_context":{"text":"Noticias","link":"https:\/\/insightcrime.org\/es\/category\/noticias\/"},"img":{"alt_text":"Court drawing of President Juan Orlando Hern\u00e1ndez's trial. Dibujo judicial del juicio al presidente Juan Orlando Hern\u00e1ndez.","src":"https:\/\/i0.wp.com\/insightcrime.org\/wp-content\/uploads\/2024\/02\/Honduras-JOH-trial-court-drawing-Reuters.png?fit=350%2C250&quality=100&ssl=1&resize=350%2C200","width":350,"height":200},"classes":[]},{"id":270273,"url":"https:\/\/insightcrime.org\/es\/noticias\/condenan-narcotraficante-pionero-paises-bajos\/","url_meta":{"origin":8099,"position":5},"title":"Condenan a cadena perpetua a un narcotraficante pionero en Pa\u00edses Bajos","author":"Douwe den Held","date":"6 de marzo de 2024","format":false,"excerpt":"Un tribunal de los Pa\u00edses Bajos conden\u00f3 al pionero del narcotr\u00e1fico Ridouan Taghi a cadena perpetua. A pesar de su papel como art\u00edfice de una red mundial de importaci\u00f3n de drogas, su condena tendr\u00e1 escasa repercusi\u00f3n en el tr\u00e1fico de coca\u00edna hacia Europa. El holand\u00e9s-marroqu\u00ed Taghi y otras dos personas\u2026","rel":"","context":"En \u00abNoticias\u00bb","block_context":{"text":"Noticias","link":"https:\/\/insightcrime.org\/es\/category\/noticias\/"},"img":{"alt_text":"Masked police stand guard outside the extra-secure courtroom where the Marengo Trial delivered its verdict. Polic\u00edas con antifaz vigilan en el exterior de la sala de m\u00e1xima seguridad donde se dict\u00f3 el veredicto del juicio Marengo.","src":"https:\/\/i0.wp.com\/insightcrime.org\/wp-content\/uploads\/2024\/03\/Taghi-trial-bunker.jpg?fit=350%2C250&quality=100&ssl=1&resize=350%2C200","width":350,"height":200},"classes":[]}],"jetpack_featured_media_url":"https:\/\/i0.wp.com\/insightcrime.org\/wp-content\/uploads\/2015\/08\/es-15-08-18-Argentina-Saldarriaga.jpg?fit=240%2C135&quality=100&ssl=1","_links":{"self":[{"href":"https:\/\/insightcrime.org\/es\/wp-json\/wp\/v2\/posts\/8099","targetHints":{"allow":["GET"]}}],"collection":[{"href":"https:\/\/insightcrime.org\/es\/wp-json\/wp\/v2\/posts"}],"about":[{"href":"https:\/\/insightcrime.org\/es\/wp-json\/wp\/v2\/types\/post"}],"author":[{"embeddable":true,"href":"https:\/\/insightcrime.org\/es\/wp-json\/wp\/v2\/users\/16"}],"replies":[{"embeddable":true,"href":"https:\/\/insightcrime.org\/es\/wp-json\/wp\/v2\/comments?post=8099"}],"version-history":[{"count":1,"href":"https:\/\/insightcrime.org\/es\/wp-json\/wp\/v2\/posts\/8099\/revisions"}],"predecessor-version":[{"id":25118,"href":"https:\/\/insightcrime.org\/es\/wp-json\/wp\/v2\/posts\/8099\/revisions\/25118"}],"wp:featuredmedia":[{"embeddable":true,"href":"https:\/\/insightcrime.org\/es\/wp-json\/wp\/v2\/media\/43019"}],"wp:attachment":[{"href":"https:\/\/insightcrime.org\/es\/wp-json\/wp\/v2\/media?parent=8099"}],"wp:term":[{"taxonomy":"category","embeddable":true,"href":"https:\/\/insightcrime.org\/es\/wp-json\/wp\/v2\/categories?post=8099"},{"taxonomy":"post_tag","embeddable":true,"href":"https:\/\/insightcrime.org\/es\/wp-json\/wp\/v2\/tags?post=8099"},{"taxonomy":"newspack_spnsrs_tax","embeddable":true,"href":"https:\/\/insightcrime.org\/es\/wp-json\/wp\/v2\/newspack_spnsrs_tax?post=8099"},{"taxonomy":"author","embeddable":true,"href":"https:\/\/insightcrime.org\/es\/wp-json\/wp\/v2\/coauthors?post=8099"}],"curies":[{"name":"wp","href":"https:\/\/api.w.org\/{rel}","templated":true}]}}