{"id":8104,"date":"2015-08-18T20:53:34","date_gmt":"2017-03-28T00:10:49","guid":{"rendered":"http:\/\/newwp.insightcrime.org?p=8104"},"modified":"2023-04-24T15:47:23","modified_gmt":"2023-04-24T20:47:23","slug":"asesinatos-policiales-sao-paulo-alcanzan-maximo-diez-anos","status":"publish","type":"post","link":"https:\/\/insightcrime.org\/es\/noticias\/noticias-del-dia\/asesinatos-policiales-sao-paulo-alcanzan-maximo-diez-anos\/","title":{"rendered":"Asesinatos policiales en S\u00e3o Paulo alcanzan m\u00e1ximo de diez a\u00f1os"},"content":{"rendered":"\n<p class=\"wp-block-paragraph\">Los asesinatos perpetrados por las fuerzas de seguridad estatales de S\u00e3o Paulo van en aumento, lo que ha puesto en evidencia una vez m\u00e1s la <a href=\"\/noticias\/noticias-del-dia\/amnistia-internacional-critica-violencia-policial-brasil\" target=\"_blank\">violencia de la polic\u00eda<\/a> en Brasil y la cultura que la promueve.<\/p>\n\n\n\n<p class=\"wp-block-paragraph\">La polic\u00eda en el estado del sureste brasile\u00f1o asesin\u00f3 a 358 personas durante el primer semestre de 2015, las mayores cifras en una d\u00e9cada, <a href=\"https:\/\/www1.folha.uol.com.br\/cotidiano\/2015\/08\/1669572-numero-de-mortos-em-confronto-com-policiais-e-o-maior-em-dez-anos-em-sp.shtml\" target=\"_blank\">seg\u00fan inform\u00f3 el diario local Folha de S\u00e3o Paulo<\/a>, que cita datos de la Secretar\u00eda de Seguridad P\u00fablica del estado.<\/p>\n\n\n\n<p class=\"wp-block-paragraph\">Las estad\u00edsticas siguen informes de una serie de muertes, de las que se sospecha fueron ejecutadas por escuadrones de la muerte conformados por agentes de la polic\u00eda. El 13 de agosto, fueron asesinadas por lo menos 18 personas en la ciudad capital de S\u00e3o Paulo, en una serie de tiroteos ocurridos en un lapso de tres horas.<\/p>\n\n\n\n<p class=\"wp-block-paragraph\">Seg\u00fan algunos testigos, los atacantes ten\u00edan como objetivo personas con antecedentes penales. <a href=\"https:\/\/www1.folha.uol.com.br\/cotidiano\/2015\/08\/1668530-serie-de-ataques-deixa-mortos-e-feridos-em-osasco.shtml\" target=\"_blank\">Otros informes<\/a> dicen que en las escenas de los cr\u00edmenes se hallaron cartuchos de balas asociados con la munici\u00f3n usada por las fuerzas de seguridad. El alcalde de uno de los suburbios afectados de S\u00e3o Paulo lleg\u00f3 incluso a afirmar que los asesinados pudieron ser represalias por las recientes muertes de dos agentes de polic\u00eda.<\/p>\n\n\n\n<h3 class=\"wp-block-heading\">An\u00e1lisis de InSight Crime<\/h3>\n\n\n\n<p class=\"wp-block-paragraph\">Aunque a\u00fan hay m\u00e1s detalles por conocer sobre los homicidios en S\u00e3o Paulo, no ser\u00eda exagerado considerar la posibilidad de que hubiera implicados escuadrones policiales de la muerte.<a href=\"\/noticias\/noticias-del-dia\/policia-militar-sao-paulo-matado-10000-personas-20-anos-estudio\" target=\"_blank\"> Un estudio de 2014<\/a> hall\u00f3 que la polic\u00eda militar del estado de S\u00e3o Paulo ha ejecutado a m\u00e1s de 10.000 personas desde 1995. Tambi\u00e9n hay precedentes s\u00f3lidos de asesinatos cometidos <a href=\"\/noticias\/noticias-del-dia\/record-de-asesinatos-por-parte-de-policia-de-sao-paulo-fuera-de-servicio-en-10-anos\" target=\"_blank\">por polic\u00edas fuera de servicio<\/a>, y <a href=\"\/news\/analysis\/sao-paulo-police-gang-war-south\" target=\"_blank\">ejemplos previos<\/a> de polic\u00edas implicados en asesinatos por venganza contra la pandilla de prisi\u00f3n Primer Comando Capital (PCC). Queda por ver si los 18 asesinatos en S\u00e3o Paulo desatar\u00e1n un ciclo de muertes en represalia entre las pandillas y la polic\u00eda, como se vio en la ciudad en 2012.<\/p>\n\n\n\n<p class=\"wp-block-paragraph\"><span style=\"color: #800000\"><strong>VER TAMBI\u00c9N:<\/strong><\/span> <a href=\"\/noticias-sobre-crimen-organizado-en-brasil\" target=\"_blank\">Noticias y perfiles de Brasi<\/a>l<\/p>\n\n\n\n<p class=\"wp-block-paragraph\">Con frecuencia la polic\u00eda brasile\u00f1a ha sido acusada de fomentar <a href=\"\/noticias\/analisis\/por-que-mata-la-policia-brasilena\" target=\"_blank\">\u201cuna cultura de violencia\u201d<\/a> y no hacer lo suficiente para resolver el problema de la brutalidad policial, <a href=\"\/noticias\/noticias-del-dia\/amnistia-internacional-critica-violencia-policial-brasil\" target=\"_blank\">como lo destaca un informe reciente<\/a> de Amnist\u00eda Internacional. La dependencia policial del abuso ilegal de fuerza ha sido atribuida al brutal entrenamiento que padecen los reclutas.<\/p>\n","protected":false},"excerpt":{"rendered":"<p>Los asesinatos perpetrados por las fuerzas de seguridad estatales de S\u00e3o Paulo van en aumento, lo que ha puesto en evidencia una vez m\u00e1s la <a href=\"noticias-del-dia\/amnistia-internacional-critica-violencia-policial-brasil\" target=\"_blank\">violencia de la polic\u00eda<\/a> en Brasil y la cultura que la promueve.<\/p>\n","protected":false},"author":41,"featured_media":43031,"comment_status":"closed","ping_status":"closed","sticky":false,"template":"","format":"standard","meta":{"newspack_ads_suppress_ads":false,"newspack_popups_has_disabled_popups":false,"newspack_sponsor_sponsorship_scope":"","newspack_sponsor_native_byline_display":"inherit","newspack_sponsor_native_category_display":"inherit","newspack_sponsor_underwriter_style":"inherit","newspack_sponsor_underwriter_placement":"inherit","_EventAllDay":false,"_EventTimezone":"","_EventStartDate":"","_EventEndDate":"","_EventStartDateUTC":"","_EventEndDateUTC":"","_EventShowMap":false,"_EventShowMapLink":false,"_EventURL":"","_EventCost":"","_EventCostDescription":"","_EventCurrencySymbol":"","_EventCurrencyCode":"","_EventCurrencyPosition":"","_EventDateTimeSeparator":"","_EventTimeRangeSeparator":"","_EventOrganizerID":[],"_EventVenueID":[],"_OrganizerEmail":"","_OrganizerPhone":"","_OrganizerWebsite":"","_VenueAddress":"","_VenueCity":"","_VenueCountry":"","_VenueProvince":"","_VenueState":"","_VenueZip":"","_VenuePhone":"","_VenueURL":"","_VenueStateProvince":"","_VenueLat":"","_VenueLng":"","_VenueShowMap":false,"_VenueShowMapLink":false,"_newspack_byline_active":false,"_newspack_byline":"","newspack_hide_updated_date":false,"newspack_show_updated_date":false,"newspack_featured_image_position":"","newspack_post_subtitle":"","newspack_article_summary_title":"Overview:","newspack_article_summary":"","_jetpack_memberships_contains_paid_content":false,"footnotes":""},"categories":[334],"tags":[405,438,457],"newspack_spnsrs_tax":[],"coauthors":[3911],"class_list":["post-8104","post","type-post","status-publish","format-standard","has-post-thumbnail","hentry","category-noticias-del-dia","tag-brasil","tag-politicas-de-seguridad","tag-reforma-policial","entry"],"parsely":{"version":"1.1.0","canonical_url":"https:\/\/insightcrime.org\/es\/noticias\/noticias-del-dia\/asesinatos-policiales-sao-paulo-alcanzan-maximo-diez-anos\/","smart_links":{"inbound":0,"outbound":0},"traffic_boost_suggestions_count":0,"meta":{"@context":"https:\/\/schema.org","@type":"NewsArticle","headline":"Asesinatos policiales en S\u00e3o Paulo alcanzan m\u00e1ximo de diez a\u00f1os","url":"http:\/\/insightcrime.org\/es\/noticias\/noticias-del-dia\/asesinatos-policiales-sao-paulo-alcanzan-maximo-diez-anos\/","mainEntityOfPage":{"@type":"WebPage","@id":"http:\/\/insightcrime.org\/es\/noticias\/noticias-del-dia\/asesinatos-policiales-sao-paulo-alcanzan-maximo-diez-anos\/"},"thumbnailUrl":"https:\/\/i0.wp.com\/insightcrime.org\/wp-content\/uploads\/2015\/08\/es-15-08-17-SaoPauloKillings.jpg?resize=150%2C150&quality=100&ssl=1","image":{"@type":"ImageObject","url":"https:\/\/i0.wp.com\/insightcrime.org\/wp-content\/uploads\/2015\/08\/es-15-08-17-SaoPauloKillings.jpg?fit=250%2C150&quality=100&ssl=1"},"articleSection":"Noticias del d\u00eda","author":[{"@type":"Person","name":"Arron Daugherty"}],"creator":["Arron Daugherty"],"publisher":{"@type":"Organization","name":"InSight Crime","logo":"https:\/\/insightcrime.org\/wp-content\/uploads\/2023\/08\/logo.png"},"keywords":["brasil","pol\u00edticas de seguridad","reforma policial"],"dateCreated":"2017-03-28T00:10:49Z","datePublished":"2017-03-28T00:10:49Z","dateModified":"2023-04-24T20:47:23Z"},"rendered":"<meta name=\"parsely-title\" content=\"Asesinatos policiales en S\u00e3o Paulo alcanzan m\u00e1ximo de diez a\u00f1os\" \/>\n<meta name=\"parsely-link\" content=\"http:\/\/insightcrime.org\/es\/noticias\/noticias-del-dia\/asesinatos-policiales-sao-paulo-alcanzan-maximo-diez-anos\/\" \/>\n<meta name=\"parsely-type\" content=\"post\" \/>\n<meta name=\"parsely-image-url\" content=\"https:\/\/i0.wp.com\/insightcrime.org\/wp-content\/uploads\/2015\/08\/es-15-08-17-SaoPauloKillings.jpg?resize=150%2C150&amp;quality=100&amp;ssl=1\" \/>\n<meta name=\"parsely-pub-date\" content=\"2017-03-28T00:10:49Z\" \/>\n<meta name=\"parsely-section\" content=\"Noticias del d\u00eda\" \/>\n<meta name=\"parsely-tags\" content=\"brasil,pol\u00edticas de seguridad,reforma policial\" \/>\n<meta name=\"parsely-author\" content=\"Arron Daugherty\" \/>","tracker_url":"https:\/\/cdn.parsely.com\/keys\/insightcrime.org\/p.js"},"jetpack_sharing_enabled":true,"jetpack-related-posts":[{"id":270784,"url":"https:\/\/insightcrime.org\/es\/noticias\/brasil-tacticas-policiales-recicladas-dan-mismos-resultados\/","url_meta":{"origin":8104,"position":0},"title":"En Brasil, t\u00e1cticas policiales recicladas dan los mismos resultados","author":"Christopher Newton","date":"14 de marzo de 2024","format":false,"excerpt":"Los asesinatos a manos de la polic\u00eda aumentaron dr\u00e1sticamente en el estado de S\u00e3o Paulo, Brasil, en los dos primeros meses de 2024, mientras las autoridades siguen confiando en las t\u00e1cticas represivas para intentar frenar la delincuencia, una estrategia que a\u00fan no ha dado resultados a largo plazo.","rel":"","context":"En \u00abNoticias\u00bb","block_context":{"text":"Noticias","link":"https:\/\/insightcrime.org\/es\/category\/noticias\/"},"img":{"alt_text":"Protest against civilian deaths under Operation Shield, in Baixada Santista. \nManifestaci\u00f3n contra las muertes provocadas por la Operaci\u00f3n Escudo, en la Baixada Santista. ","src":"https:\/\/i0.wp.com\/insightcrime.org\/wp-content\/uploads\/2024\/03\/brazil-operation-shield-police-violence-security-police-AFP.jpg?fit=350%2C250&quality=100&ssl=1&resize=350%2C200","width":350,"height":200},"classes":[]},{"id":151050,"url":"https:\/\/insightcrime.org\/es\/news\/policia-sao-paulo-equipada-camaras-no-causo-muertes-junio\/","url_meta":{"origin":8104,"position":1},"title":"Polic\u00eda de S\u00e3o Paulo equipada con c\u00e1maras no caus\u00f3 muertes en junio","author":"Chris Dalby","date":"14 de julio de 2021","format":false,"excerpt":"Los homicidios asociados a varias unidades de la polic\u00eda militar en S\u00e3o Paulo cayeron a cero en junio de 2021 gracias a una simple innovaci\u00f3n: las c\u00e1maras corporales.","rel":"","context":"En \u00abNews\u00bb","block_context":{"text":"News","link":"https:\/\/insightcrime.org\/category\/news\/"},"img":{"alt_text":"A military police officer in S\u00e3o Paulo with his body camera on","src":"https:\/\/i0.wp.com\/insightcrime.org\/wp-content\/uploads\/2021\/07\/camara-policia.jpg?fit=350%2C250&quality=100&ssl=1&resize=350%2C200","width":350,"height":200},"classes":[]},{"id":181939,"url":"https:\/\/insightcrime.org\/es\/news\/cracolandia-sao-paulo-brasil-traslada-nuevos-predios\/","url_meta":{"origin":8104,"position":2},"title":"La &#8216;Cracol\u00e2ndia&#8217; de S\u00e3o Paulo, Brasil, se traslada a nuevos predios","author":"Scott Mistler-Ferguson","date":"8 de abril de 2022","format":false,"excerpt":"Los habitantes de mayor mercado de drogas al aire libre de Brasil se han reubicado debido a nuevas intervenciones policiales y quiz\u00e1 tambi\u00e9n por \u00f3rdenes del crimen organizado.","rel":"","context":"En \u00abNews\u00bb","block_context":{"text":"News","link":"https:\/\/insightcrime.org\/category\/news\/"},"img":{"alt_text":"Operativos de la polic\u00eda para desalojar Cracolandia","src":"https:\/\/i0.wp.com\/insightcrime.org\/wp-content\/uploads\/2022\/04\/Cracolandia-2.jpg?fit=350%2C250&quality=100&ssl=1&resize=350%2C200","width":350,"height":200},"classes":[]},{"id":281921,"url":"https:\/\/insightcrime.org\/es\/news\/decada-datos-crimen-organizado-brasil\/","url_meta":{"origin":8104,"position":3},"title":"Lo que una d\u00e9cada de datos dice sobre el crimen organizado en Brasil","author":"Lara Loaiza","date":"1 de julio de 2024","format":false,"excerpt":"Un nuevo informe se\u00f1ala que la violencia en algunas zonas del norte de Brasil ha aumentado en la \u00faltima d\u00e9cada a causa de la lucha entre facciones criminales, reforzadas por el encarcelamiento masivo, por las nuevas rutas de tr\u00e1fico de coca\u00edna en esta regi\u00f3n.","rel":"","context":"En \u00abNews\u00bb","block_context":{"text":"News","link":"https:\/\/insightcrime.org\/category\/news\/"},"img":{"alt_text":"","src":"https:\/\/i0.wp.com\/insightcrime.org\/wp-content\/uploads\/2024\/07\/Brazil-Rio-Security-Military-police-AP-22019511019465-A2.jpg?fit=1200%2C690&quality=100&ssl=1&resize=350%2C200","width":350,"height":200,"srcset":"https:\/\/i0.wp.com\/insightcrime.org\/wp-content\/uploads\/2024\/07\/Brazil-Rio-Security-Military-police-AP-22019511019465-A2.jpg?fit=1200%2C690&quality=100&ssl=1&resize=350%2C200 1x, https:\/\/i0.wp.com\/insightcrime.org\/wp-content\/uploads\/2024\/07\/Brazil-Rio-Security-Military-police-AP-22019511019465-A2.jpg?fit=1200%2C690&quality=100&ssl=1&resize=525%2C300 1.5x, https:\/\/i0.wp.com\/insightcrime.org\/wp-content\/uploads\/2024\/07\/Brazil-Rio-Security-Military-police-AP-22019511019465-A2.jpg?fit=1200%2C690&quality=100&ssl=1&resize=700%2C400 2x, https:\/\/i0.wp.com\/insightcrime.org\/wp-content\/uploads\/2024\/07\/Brazil-Rio-Security-Military-police-AP-22019511019465-A2.jpg?fit=1200%2C690&quality=100&ssl=1&resize=1050%2C600 3x"},"classes":[]},{"id":127298,"url":"https:\/\/insightcrime.org\/es\/noticias\/asesinatos-politicos-brasil\/","url_meta":{"origin":8104,"position":4},"title":"\u00bfPor qu\u00e9 se han multiplicado los asesinatos pol\u00edticos en Brasil?","author":"Isaac Norris","date":"24 de noviembre de 2020","format":false,"excerpt":"Los asesinatos pol\u00edticos han empa\u00f1ado las elecciones de Brasil en los \u00faltimos a\u00f1os, pero este tipo de asesinatos se han multiplicado en 2020, muchos de ellos atribuidos a grupos de milicianos.","rel":"","context":"En \u00abNoticias\u00bb","block_context":{"text":"Noticias","link":"https:\/\/insightcrime.org\/es\/category\/noticias\/"},"img":{"alt_text":"","src":"https:\/\/i0.wp.com\/insightcrime.org\/wp-content\/uploads\/2020\/11\/2018-03-15t184343z_1936779477_rc1d8d67cda0_rtrmadp_3_brazil-violence.jpg?fit=350%2C250&quality=100&ssl=1&resize=350%2C200","width":350,"height":200},"classes":[]},{"id":270200,"url":"https:\/\/insightcrime.org\/es\/noticias\/a-pesar-de-los-rumores-de-una-division-el-pcc-se-mantiene-unido\/","url_meta":{"origin":8104,"position":5},"title":"A pesar de los rumores de una divisi\u00f3n, el PCC se mantiene unido\u00a0","author":"Beatriz Vicent Fern\u00e1ndez","date":"7 de marzo de 2024","format":false,"excerpt":"Aunque el asesinato de un miembro del PCC en S\u00e3o Paulo aviv\u00f3 rumores sobre una ruptura al interior del grupo, es poco probable que logre desestabilizar la estructura de la banda criminal m\u00e1s grande de Brasil.","rel":"","context":"En \u00abNoticias\u00bb","block_context":{"text":"Noticias","link":"https:\/\/insightcrime.org\/es\/category\/noticias\/"},"img":{"alt_text":"Marcola being escorted by federal police after hospital visit in 2020. Marcola siendo escoltado por polic\u00edas federales tras una visita al hospital en 2020. Andre Coelho\/Folhapress","src":"https:\/\/i0.wp.com\/insightcrime.org\/wp-content\/uploads\/2024\/03\/Marcola_PCC.png?fit=350%2C248&quality=100&ssl=1&resize=350%2C200","width":350,"height":200},"classes":[]}],"jetpack_featured_media_url":"https:\/\/i0.wp.com\/insightcrime.org\/wp-content\/uploads\/2015\/08\/es-15-08-17-SaoPauloKillings.jpg?fit=250%2C150&quality=100&ssl=1","_links":{"self":[{"href":"https:\/\/insightcrime.org\/es\/wp-json\/wp\/v2\/posts\/8104","targetHints":{"allow":["GET"]}}],"collection":[{"href":"https:\/\/insightcrime.org\/es\/wp-json\/wp\/v2\/posts"}],"about":[{"href":"https:\/\/insightcrime.org\/es\/wp-json\/wp\/v2\/types\/post"}],"author":[{"embeddable":true,"href":"https:\/\/insightcrime.org\/es\/wp-json\/wp\/v2\/users\/41"}],"replies":[{"embeddable":true,"href":"https:\/\/insightcrime.org\/es\/wp-json\/wp\/v2\/comments?post=8104"}],"version-history":[{"count":1,"href":"https:\/\/insightcrime.org\/es\/wp-json\/wp\/v2\/posts\/8104\/revisions"}],"predecessor-version":[{"id":25130,"href":"https:\/\/insightcrime.org\/es\/wp-json\/wp\/v2\/posts\/8104\/revisions\/25130"}],"wp:featuredmedia":[{"embeddable":true,"href":"https:\/\/insightcrime.org\/es\/wp-json\/wp\/v2\/media\/43031"}],"wp:attachment":[{"href":"https:\/\/insightcrime.org\/es\/wp-json\/wp\/v2\/media?parent=8104"}],"wp:term":[{"taxonomy":"category","embeddable":true,"href":"https:\/\/insightcrime.org\/es\/wp-json\/wp\/v2\/categories?post=8104"},{"taxonomy":"post_tag","embeddable":true,"href":"https:\/\/insightcrime.org\/es\/wp-json\/wp\/v2\/tags?post=8104"},{"taxonomy":"newspack_spnsrs_tax","embeddable":true,"href":"https:\/\/insightcrime.org\/es\/wp-json\/wp\/v2\/newspack_spnsrs_tax?post=8104"},{"taxonomy":"author","embeddable":true,"href":"https:\/\/insightcrime.org\/es\/wp-json\/wp\/v2\/coauthors?post=8104"}],"curies":[{"name":"wp","href":"https:\/\/api.w.org\/{rel}","templated":true}]}}