{"id":8107,"date":"2015-08-19T19:37:37","date_gmt":"2017-03-28T00:10:50","guid":{"rendered":"http:\/\/newwp.insightcrime.org?p=8107"},"modified":"2023-04-24T15:47:24","modified_gmt":"2023-04-24T20:47:24","slug":"gobierno-mexicano-acusado-ocultar-evidencias-iguala","status":"publish","type":"post","link":"https:\/\/insightcrime.org\/es\/noticias\/noticias-del-dia\/gobierno-mexicano-acusado-ocultar-evidencias-iguala\/","title":{"rendered":"Gobierno mexicano acusado de ocultar evidencias en caso Iguala"},"content":{"rendered":"\n<p class=\"wp-block-paragraph\">Una comisi\u00f3n que est\u00e1 llevando a cabo una investigaci\u00f3n acerca de la desaparici\u00f3n de 43 estudiantes en M\u00e9xico ha denunciado al gobierno por retener evidencias, una acusaci\u00f3n que seguramente aumentar\u00e1 la desconfianza en un gobierno que ya ha perdido bastante popularidad.<\/p>\n\n\n\n<p class=\"wp-block-paragraph\">En una conferencia de prensa realizada el 17 de agosto, el<a href=\"https:\/\/centroprodh.org.mx\/GIEI\/?p=173\" target=\"_blank\"> Grupo Interdisciplinario de Expertos Independientes <\/a>(GIEI)<span style=\"font-family: Arial, sans-serif;color: black\"> \u2014<\/span>parte de la Comisi\u00f3n Interamericana de Derechos Humanos<span style=\"font-family: Arial, sans-serif;color: black\">\u2014 <\/span>anunci\u00f3 que durante sus investigaciones sobre la <a href=\"https:\/\/es.insightcrime.org\/noticias\/analisis\/desaparecidos-iguala-mexico-crimen-anunciado\/\" target=\"_blank\">desaparici\u00f3n de 43 estudiantes<\/a> en Iguala en septiembre de 2014 descubri\u00f3 que el gobierno mexicano ha escondido evidencia pertinente para el caso.<\/p>\n\n\n\n<p class=\"wp-block-paragraph\">Seg\u00fan la GIEI, la Procuradur\u00eda General de la Rep\u00fablica de M\u00e9xico ocult\u00f3 evidencia encontrada <a href=\"https:\/\/www.milenio.com\/policia\/ayotzinapa_informe_giei-ayotzinapa_estudiantes_desaparecidos-ayotzinapa_informe_0_574742579.html\" target=\"_blank\">en los dos buses <\/a>en los que los estudiantes se movilizaban la noche en la que desaparecieron, incluyendo prendas de vestir que les pertenec\u00edan. Adicionalmente, el GIEI descubri\u00f3 que la grabaci\u00f3n de video que mostraba a la polic\u00eda deteniendo a los estudiantes probablemente hab\u00eda sido destruida.&nbsp;&nbsp;<\/p>\n\n\n\n<p class=\"wp-block-paragraph\">El GIEI tambi\u00e9n le pidi\u00f3 al gobierno autorizaci\u00f3n para entrevistar a <a href=\"https:\/\/www.proceso.com.mx\/413095\/2015\/08\/17\/niegan-a-expertos-de-la-cidh-acceso-a-cuartel-de-iguala\" target=\"_blank\">26 soldados <\/a>del Batall\u00f3n de Infanter\u00eda 27\u2014quienes presuntamente habr\u00edan presenciado eventos relacionados con la desaparici\u00f3n de los estudiantes\u2014 la cual ha sido repetidamente obstaculizada. Si bien el permiso fue otorgado el 16 de agosto, las entrevistas solo se pueden realizar mediante<a href=\"https:\/\/www.bbc.com\/news\/world-latin-america-33969394?utm_source=Sailthru&amp;utm_medium=email&amp;utm_campaign=New%20Campaign&amp;utm_term=*Morning%20Brief\" target=\"_blank\"> cuestionarios escritos<\/a>.<\/p>\n\n\n\n<p class=\"wp-block-paragraph\">Miembros del GIEI afirmaron que esperaban extender su periodo de seis meses de investigaci\u00f3n \u2014el cual termina el 2 de septiembre\u2014 pero que el 6 de septiembre publicar\u00e1n un informe escrito sobre sus hallazgos hasta la fecha.<\/p>\n\n\n\n<h3 class=\"wp-block-heading\">An\u00e1lisis de InSight Crime<\/h3>\n\n\n\n<p class=\"wp-block-paragraph\">La conferencia de prensa del GIEI \u2014la primera desde que este organismo fue conformado\u2014 no es una buena se\u00f1al para el gobierno mexicano o para el GIEI. El hecho de haber expresado sus quejas p\u00fablicamente es evidencia de que esta entidad no espera obtener mucha cooperaci\u00f3n gubernamental en sus investigaciones.<\/p>\n\n\n\n<p class=\"wp-block-paragraph\">Las declaraciones probablemente tambi\u00e9n contribuir\u00e1n a la crisis de confianza que enfrenta el gobierno del presidente mexicano Enrique Pe\u00f1a Nieto, provocada por los<a href=\"https:\/\/es.insightcrime.org\/noticias\/noticias-del-dia\/enfrentamiento-turbulento-estado-jalisco-mexico-ocho-muertos\/\" target=\"_blank\"> retrocesos <\/a>y <a href=\"https:\/\/es.insightcrime.org\/noticias\/noticias-del-dia\/luego-tlatlaya-fuerza-excesiva-sigue-siendo-preocupante-mexico\/\" target=\"_blank\">esc\u00e1ndalos<\/a> de seguridad ocurridos este \u00faltimo a\u00f1o, incluyendo la<a href=\"https:\/\/es.insightcrime.org\/noticias\/analisis\/tunel-chapo-conduce-infierno-narcoconspiracion-mexico\/\" target=\"_blank\"> fuga<\/a> del famoso narcotraficante Joaqu\u00edn \u201cEl Chapo\u201d Guzm\u00e1n de una prisi\u00f3n de m\u00e1xima seguridad.<\/p>\n\n\n\n<p class=\"wp-block-paragraph\"><span style=\"color: #800000\"><strong>VEA TAMBI\u00c9N:<\/strong><\/span> <a href=\"\/noticias-sobre-crimen-organizado-en-mexico\" target=\"_blank\">Noticias y perfiles de M\u00e9xico<\/a><\/p>\n\n\n\n<p class=\"wp-block-paragraph\">Casi inmediatamente despu\u00e9s de la desaparici\u00f3n de los estudiantes <a href=\"https:\/\/es.insightcrime.org\/noticias\/noticias-del-dia\/mexico-propone-reformas-para-calmar-indignacion-por-desapariciones\/\" target=\"_blank\">comenzaron a circular dudas <\/a>acerca de la <a href=\"https:\/\/es.insightcrime.org\/noticias\/analisis\/masacre-iguala-relaciones-publicas-arde-en-llamas\/\" target=\"_blank\">versi\u00f3n oficial de los hechos<\/a>, en la que se sostiene que aqu\u00e9llos fueron secuestrados por la polic\u00eda y entregados a un grupo criminal conocido como <a href=\"https:\/\/es.insightcrime.org\/noticias\/noticias-del-dia\/nuevo-testimonio-sugiere-masacre-iguala-motivada-rivalidad-entre-grupos\/\" target=\"_blank\">Guerreros Unidos,<\/a> quienes los asesinaron y quemaron sus cuerpos.<\/p>\n\n\n\n<p class=\"wp-block-paragraph\">Pese a los intentos del gobierno por <a href=\"https:\/\/es.insightcrime.org\/noticias\/noticias-del-dia\/autopsia-contrasta-tipica-respuesta-gobierno-mexico\/\" target=\"_blank\">mostrar transparencia <\/a>en sus investigaciones, abunda el<a href=\"https:\/\/es.insightcrime.org\/noticias\/noticias-del-dia\/nuevas-dudas-empanan-historia-masacre-estudiantes-mexico\/\" target=\"_blank\"> escepticismo p\u00fablico<\/a>, ya que muchos piensan que el gobierno est\u00e1 buscando<a href=\"https:\/\/es.insightcrime.org\/noticias\/analisis\/mexico-concluye-investigacion-sobre-caso-iguala-medio-dudas-generalizadas\/\" target=\"_blank\"> archivar el caso<\/a> y encubrir a los a<a href=\"https:\/\/es.insightcrime.org\/noticias\/noticias-del-dia\/estudiantes-desaparecidos-mexico-fueron-incinerados-crematorio-ejercito\/\" target=\"_blank\">gentes de polic\u00eda locales y a las fuerzas de seguridad involucrados<\/a>.<\/p>\n\n\n\n<p class=\"wp-block-paragraph\">El GIEI no parece interesado en ir en la misma direcci\u00f3n del gobierno mexicano, lo que hace que su trabajo de descubrir la verdad sea una tarea a\u00fan m\u00e1s complicada.&nbsp;<\/p>\n","protected":false},"excerpt":{"rendered":"<p>Una comisi\u00f3n que est\u00e1 llevando a cabo una investigaci\u00f3n acerca de la desaparici\u00f3n de 43 estudiantes en M\u00e9xico ha denunciado al gobierno por retener evidencias, una acusaci\u00f3n que seguramente aumentar\u00e1 la desconfianza en un gobierno que ya ha perdido bastante popularidad.<\/p>\n","protected":false},"author":25,"featured_media":43035,"comment_status":"closed","ping_status":"closed","sticky":false,"template":"","format":"standard","meta":{"newspack_ads_suppress_ads":false,"newspack_popups_has_disabled_popups":false,"newspack_sponsor_sponsorship_scope":"","newspack_sponsor_native_byline_display":"inherit","newspack_sponsor_native_category_display":"inherit","newspack_sponsor_underwriter_style":"inherit","newspack_sponsor_underwriter_placement":"inherit","_EventAllDay":false,"_EventTimezone":"","_EventStartDate":"","_EventEndDate":"","_EventStartDateUTC":"","_EventEndDateUTC":"","_EventShowMap":false,"_EventShowMapLink":false,"_EventURL":"","_EventCost":"","_EventCostDescription":"","_EventCurrencySymbol":"","_EventCurrencyCode":"","_EventCurrencyPosition":"","_EventDateTimeSeparator":"","_EventTimeRangeSeparator":"","_EventOrganizerID":[],"_EventVenueID":[],"_OrganizerEmail":"","_OrganizerPhone":"","_OrganizerWebsite":"","_VenueAddress":"","_VenueCity":"","_VenueCountry":"","_VenueProvince":"","_VenueState":"","_VenueZip":"","_VenuePhone":"","_VenueURL":"","_VenueStateProvince":"","_VenueLat":"","_VenueLng":"","_VenueShowMap":false,"_VenueShowMapLink":false,"_newspack_byline_active":false,"_newspack_byline":"","newspack_hide_updated_date":false,"newspack_show_updated_date":false,"newspack_featured_image_position":"","newspack_post_subtitle":"","newspack_article_summary_title":"Overview:","newspack_article_summary":"","_jetpack_memberships_contains_paid_content":false,"footnotes":""},"categories":[334],"tags":[3471,406],"newspack_spnsrs_tax":[],"coauthors":[3872],"class_list":["post-8107","post","type-post","status-publish","format-standard","has-post-thumbnail","hentry","category-noticias-del-dia","tag-ayotzinapa-es","tag-mexico-pais","entry"],"parsely":{"version":"1.1.0","canonical_url":"https:\/\/insightcrime.org\/es\/noticias\/noticias-del-dia\/gobierno-mexicano-acusado-ocultar-evidencias-iguala\/","smart_links":{"inbound":0,"outbound":0},"traffic_boost_suggestions_count":0,"meta":{"@context":"https:\/\/schema.org","@type":"NewsArticle","headline":"Gobierno mexicano acusado de ocultar evidencias en caso Iguala","url":"http:\/\/insightcrime.org\/es\/noticias\/noticias-del-dia\/gobierno-mexicano-acusado-ocultar-evidencias-iguala\/","mainEntityOfPage":{"@type":"WebPage","@id":"http:\/\/insightcrime.org\/es\/noticias\/noticias-del-dia\/gobierno-mexicano-acusado-ocultar-evidencias-iguala\/"},"thumbnailUrl":"https:\/\/i0.wp.com\/insightcrime.org\/wp-content\/uploads\/2015\/08\/es-15-08-18-Mexico-GIEI.jpeg?resize=150%2C150&quality=100&ssl=1","image":{"@type":"ImageObject","url":"https:\/\/i0.wp.com\/insightcrime.org\/wp-content\/uploads\/2015\/08\/es-15-08-18-Mexico-GIEI.jpeg?fit=250%2C167&quality=100&ssl=1"},"articleSection":"Noticias del d\u00eda","author":[{"@type":"Person","name":"Michael Lohmuller"}],"creator":["Michael Lohmuller"],"publisher":{"@type":"Organization","name":"InSight Crime","logo":"https:\/\/insightcrime.org\/wp-content\/uploads\/2023\/08\/logo.png"},"keywords":["ayotzinapa","m\u00e9xico"],"dateCreated":"2017-03-28T00:10:50Z","datePublished":"2017-03-28T00:10:50Z","dateModified":"2023-04-24T20:47:24Z"},"rendered":"<meta name=\"parsely-title\" content=\"Gobierno mexicano acusado de ocultar evidencias en caso Iguala\" \/>\n<meta name=\"parsely-link\" content=\"http:\/\/insightcrime.org\/es\/noticias\/noticias-del-dia\/gobierno-mexicano-acusado-ocultar-evidencias-iguala\/\" \/>\n<meta name=\"parsely-type\" content=\"post\" \/>\n<meta name=\"parsely-image-url\" content=\"https:\/\/i0.wp.com\/insightcrime.org\/wp-content\/uploads\/2015\/08\/es-15-08-18-Mexico-GIEI.jpeg?resize=150%2C150&amp;quality=100&amp;ssl=1\" \/>\n<meta name=\"parsely-pub-date\" content=\"2017-03-28T00:10:50Z\" \/>\n<meta name=\"parsely-section\" content=\"Noticias del d\u00eda\" \/>\n<meta name=\"parsely-tags\" content=\"ayotzinapa,m\u00e9xico\" \/>\n<meta name=\"parsely-author\" content=\"Michael Lohmuller\" \/>","tracker_url":"https:\/\/cdn.parsely.com\/keys\/insightcrime.org\/p.js"},"jetpack_sharing_enabled":true,"jetpack-related-posts":[{"id":124636,"url":"https:\/\/insightcrime.org\/es\/noticias\/negligencia-en-caso-ayotzinapa-mexico\/","url_meta":{"origin":8107,"position":0},"title":"Hallan m\u00e1s negligencia en el manejo del caso Ayotzinapa en M\u00e9xico","author":"Parker Asmann","date":"26 de septiembre de 2020","format":false,"excerpt":"Un reciente informe se\u00f1ala que las autoridades de M\u00e9xico no enviaron los fragmentos \u00f3seos hallados en relaci\u00f3n con la investigaci\u00f3n de Ayotzinapa para su an\u00e1lisis, ni investigaron m\u00e1s a fondo el \u00e1rea donde fueron encontrados, lo que demuestra el alto nivel de negligencia en el manejo del caso por parte\u2026","rel":"","context":"En \u00abNoticias\u00bb","block_context":{"text":"Noticias","link":"https:\/\/insightcrime.org\/es\/category\/noticias\/"},"img":{"alt_text":"","src":"https:\/\/i0.wp.com\/insightcrime.org\/wp-content\/uploads\/2020\/09\/20-09-25-Ayotzinapa-6-Years.jpg?fit=350%2C250&quality=100&ssl=1&resize=350%2C200","width":350,"height":200},"classes":[]},{"id":200935,"url":"https:\/\/insightcrime.org\/es\/noticias\/mexico-ejercito-crimen-abusos-derechos-humanos\/","url_meta":{"origin":8107,"position":1},"title":"Ej\u00e9rcito de M\u00e9xico seguir\u00e1 combatiendo crimen a pesar de abusos de derechos humanos","author":"Peter Appleby","date":"6 de octubre de 2022","format":false,"excerpt":"El presidente Andr\u00e9s Manuel L\u00f3pez Obrador no logra imponerse sobre los grupos criminales a pesar de apoyarse cada vez m\u00e1s en las fuerzas armadas de M\u00e9xico contra todas las evidencias de abusos de derechos humanos por parte de esa entidad que han salido a la luz en los \u00faltimos meses.","rel":"","context":"En \u00abNoticias\u00bb","block_context":{"text":"Noticias","link":"https:\/\/insightcrime.org\/es\/category\/noticias\/"},"img":{"alt_text":"Formaci\u00f3n de soldados del Ej\u00e9rcito Mexicano","src":"https:\/\/i0.wp.com\/insightcrime.org\/wp-content\/uploads\/2022\/10\/mexico-army-1.jpeg?fit=350%2C250&quality=100&ssl=1&resize=350%2C200","width":350,"height":200},"classes":[]},{"id":7759,"url":"https:\/\/insightcrime.org\/es\/noticias-crimen-organizado-mexico\/guerreros-unidos\/","url_meta":{"origin":8107,"position":2},"title":"Guerreros Unidos","author":"InSight Crime","date":"13 de agosto de 2026","format":false,"excerpt":"Guerreros Unidos es un grupo escindido de la OBL, que opera en la regi\u00f3n central de M\u00e9xico. El grupo se dedica principalmente a la extorsi\u00f3n y el secuestro, pero tambi\u00e9n trafica drogas a Estados Unidos. Los Guerreros Unidos se caracterizan por sus t\u00e1cticas agresivas y por el uso de la\u2026","rel":"","context":"En \u00abM\u00e9xico\u00bb","block_context":{"text":"M\u00e9xico","link":"https:\/\/insightcrime.org\/es\/category\/noticias-crimen-organizado-mexico\/"},"img":{"alt_text":"Guerreros Unidos","src":"https:\/\/i0.wp.com\/insightcrime.org\/wp-content\/uploads\/2026\/06\/Grupo-Criminal-Guerreros-Unidos.jpg?fit=1200%2C900&quality=100&ssl=1&resize=350%2C200","width":350,"height":200,"srcset":"https:\/\/i0.wp.com\/insightcrime.org\/wp-content\/uploads\/2026\/06\/Grupo-Criminal-Guerreros-Unidos.jpg?fit=1200%2C900&quality=100&ssl=1&resize=350%2C200 1x, https:\/\/i0.wp.com\/insightcrime.org\/wp-content\/uploads\/2026\/06\/Grupo-Criminal-Guerreros-Unidos.jpg?fit=1200%2C900&quality=100&ssl=1&resize=525%2C300 1.5x, https:\/\/i0.wp.com\/insightcrime.org\/wp-content\/uploads\/2026\/06\/Grupo-Criminal-Guerreros-Unidos.jpg?fit=1200%2C900&quality=100&ssl=1&resize=700%2C400 2x, https:\/\/i0.wp.com\/insightcrime.org\/wp-content\/uploads\/2026\/06\/Grupo-Criminal-Guerreros-Unidos.jpg?fit=1200%2C900&quality=100&ssl=1&resize=1050%2C600 3x"},"classes":[]},{"id":127111,"url":"https:\/\/insightcrime.org\/es\/noticias\/arreglo-bajo-cuerda-pasa-sobre-cargos-de-drogas-en-ee-uu-contra-exsecretario-de-defensa-de-mexico\/","url_meta":{"origin":8107,"position":3},"title":"Arreglo bajo cuerda pasa sobre cargos de drogas en EE.UU. contra exsecretario de defensa de M\u00e9xico","author":"Parker Asmann","date":"18 de noviembre de 2020","format":false,"excerpt":"Las autoridades de M\u00e9xico se enfrentar\u00e1n a la hora de la verdad en materia de corrupci\u00f3n, luego de que el gobierno de Estados Unidos admitiera un explosivo arreglo para retirar los cargos federales por narcotr\u00e1fico que llevaron a la captura sin precedentes del exsecretario de defensa de ese pa\u00eds.","rel":"","context":"En \u00abNoticias\u00bb","block_context":{"text":"Noticias","link":"https:\/\/insightcrime.org\/es\/category\/noticias\/"},"img":{"alt_text":"","src":"https:\/\/i0.wp.com\/insightcrime.org\/wp-content\/uploads\/2020\/11\/20-11-17-Mexico-Cienfuegos2.jpg?fit=350%2C250&quality=100&ssl=1&resize=350%2C200","width":350,"height":200},"classes":[]},{"id":166332,"url":"https:\/\/insightcrime.org\/es\/noticias\/desapariciones-sonora-mexico-extienden-comunidades-indigenas\/","url_meta":{"origin":8107,"position":4},"title":"Desapariciones en Sonora, M\u00e9xico, se extienden a comunidades ind\u00edgenas","author":"Chris Dalby","date":"26 de agosto de 2021","format":false,"excerpt":"La b\u00fasqueda incesante de miembros de la comunidad ind\u00edgena de los Yaqui en M\u00e9xico, desaparecidos hace m\u00e1s de un mes, se ha convertido en un grito de guerra para los activistas que llaman la atenci\u00f3n sobre el estremecedor n\u00famero de desapariciones en el estado de Sonora, al norte del pa\u00eds.","rel":"","context":"En \u00abNoticias\u00bb","block_context":{"text":"Noticias","link":"https:\/\/insightcrime.org\/es\/category\/noticias\/"},"img":{"alt_text":"People at a protest holding up banners featuring photos of missing loved ones in Mexico","src":"https:\/\/i0.wp.com\/insightcrime.org\/wp-content\/uploads\/2021\/08\/desaparecidos.jpg?fit=350%2C250&quality=100&ssl=1&resize=350%2C200","width":350,"height":200},"classes":[]},{"id":147670,"url":"https:\/\/insightcrime.org\/es\/noticias\/golpe-gracia-comision-anticorrupcion-salvador\/","url_meta":{"origin":8107,"position":5},"title":"Golpe de gracia a la comisi\u00f3n anticorrupci\u00f3n de El Salvador","author":"Alex Papadovassilakis","date":"7 de junio de 2021","format":false,"excerpt":"El anuncio del fin de la comisi\u00f3n anticorrupci\u00f3n de El Salvador, que hab\u00eda sido respaldada por la Organizaci\u00f3n de los Estados Americanos, podr\u00eda ser la estocada final para los organismos internacionales de investigaci\u00f3n de la regi\u00f3n.","rel":"","context":"En \u00abNoticias\u00bb","block_context":{"text":"Noticias","link":"https:\/\/insightcrime.org\/es\/category\/noticias\/"},"img":{"alt_text":"","src":"https:\/\/i0.wp.com\/insightcrime.org\/wp-content\/uploads\/2021\/06\/Bukele_Almagro_CICIES_OEA.jpg?fit=350%2C250&quality=100&ssl=1&resize=350%2C200","width":350,"height":200},"classes":[]}],"jetpack_featured_media_url":"https:\/\/i0.wp.com\/insightcrime.org\/wp-content\/uploads\/2015\/08\/es-15-08-18-Mexico-GIEI.jpeg?fit=250%2C167&quality=100&ssl=1","_links":{"self":[{"href":"https:\/\/insightcrime.org\/es\/wp-json\/wp\/v2\/posts\/8107","targetHints":{"allow":["GET"]}}],"collection":[{"href":"https:\/\/insightcrime.org\/es\/wp-json\/wp\/v2\/posts"}],"about":[{"href":"https:\/\/insightcrime.org\/es\/wp-json\/wp\/v2\/types\/post"}],"author":[{"embeddable":true,"href":"https:\/\/insightcrime.org\/es\/wp-json\/wp\/v2\/users\/25"}],"replies":[{"embeddable":true,"href":"https:\/\/insightcrime.org\/es\/wp-json\/wp\/v2\/comments?post=8107"}],"version-history":[{"count":1,"href":"https:\/\/insightcrime.org\/es\/wp-json\/wp\/v2\/posts\/8107\/revisions"}],"predecessor-version":[{"id":25134,"href":"https:\/\/insightcrime.org\/es\/wp-json\/wp\/v2\/posts\/8107\/revisions\/25134"}],"wp:featuredmedia":[{"embeddable":true,"href":"https:\/\/insightcrime.org\/es\/wp-json\/wp\/v2\/media\/43035"}],"wp:attachment":[{"href":"https:\/\/insightcrime.org\/es\/wp-json\/wp\/v2\/media?parent=8107"}],"wp:term":[{"taxonomy":"category","embeddable":true,"href":"https:\/\/insightcrime.org\/es\/wp-json\/wp\/v2\/categories?post=8107"},{"taxonomy":"post_tag","embeddable":true,"href":"https:\/\/insightcrime.org\/es\/wp-json\/wp\/v2\/tags?post=8107"},{"taxonomy":"newspack_spnsrs_tax","embeddable":true,"href":"https:\/\/insightcrime.org\/es\/wp-json\/wp\/v2\/newspack_spnsrs_tax?post=8107"},{"taxonomy":"author","embeddable":true,"href":"https:\/\/insightcrime.org\/es\/wp-json\/wp\/v2\/coauthors?post=8107"}],"curies":[{"name":"wp","href":"https:\/\/api.w.org\/{rel}","templated":true}]}}