{"id":8124,"date":"2015-08-25T16:36:34","date_gmt":"2017-03-28T00:10:57","guid":{"rendered":"http:\/\/newwp.insightcrime.org?p=8124"},"modified":"2023-04-24T15:47:30","modified_gmt":"2023-04-24T20:47:30","slug":"muertos-masacre-prision-salvador","status":"publish","type":"post","link":"https:\/\/insightcrime.org\/es\/noticias\/noticias-del-dia\/muertos-masacre-prision-salvador\/","title":{"rendered":"14 muertos en masacre en prisi\u00f3n de El Salvador"},"content":{"rendered":"\n<p class=\"wp-block-paragraph\">Una reciente masacre en El Salvador es una muestra de la problem\u00e1tica respuesta del gobierno a la actual crisis de seguridad en el pa\u00eds.<\/p>\n\n\n\n<p class=\"wp-block-paragraph\">Miembros de la pandilla callejera Barrio 18 asesinaron a 14 miembros de la \u201cclica\u201d o facci\u00f3n de Los Revolucionarios durante una \u201cpurga interna\u201d en la prisi\u00f3n de Quezaltepeque, ubicada en el departamento salvadore\u00f1o de La Libertad, al suroccidente del pa\u00eds, <a href=\"https:\/\/www.lapagina.com.sv\/nacionales\/109589\/2015\/08\/23\/Purga-en-la-mara-18-deja-14-reos-muertos-en-penal-de-Quezaltepeque\" target=\"_blank\">inform\u00f3 la prensa local.<\/a><\/p>\n\n\n\n<p class=\"wp-block-paragraph\">El motivo de estos asesinatos es a\u00fan desconocido. La facci\u00f3n de Los Revolucionarios, que pertenece a Barrio 18, es sospechosa del asesinato de siete conductores de bus<a href=\"\/noticias\/noticias-del-dia\/gobierno-pandillas-el-salvador-atrapados-juego-psicologico\" target=\"_blank\"> en el paro de transporte <\/a>promovido por las pandillas el pasado mes de julio.<\/p>\n\n\n\n<p class=\"wp-block-paragraph\">Las autoridades admitieron que ya hab\u00edan recibido advertencias de una posible purga, pero afirmaron que no ten\u00edan conocimiento de los ataques \u201csilenciosos\u201d mientras \u00e9stos ocurr\u00edan, seg\u00fan inform\u00f3 <a href=\"https:\/\/www.elsalvador.com\/articulo\/sucesos\/gobierno-tenia-conocimiento-previo-posible-purga-entre-reos-85333\" target=\"_blank\">EFE<\/a> citando palabras del director de la prisi\u00f3n, Rodil Hern\u00e1ndez.<\/p>\n\n\n\n<p class=\"wp-block-paragraph\">La violencia en las prisiones es un problema actual en El Salvador, en donde en 2004 se registraron hasta 31 asesinatos durante una sangrienta disputa pandillera en la c\u00e1rcel Mariona. Otros dos pandilleros fueron asesinados en Quezaltepeque en mayo del 2004.<\/p>\n\n\n\n<h3 class=\"wp-block-heading\">An\u00e1lisis de InSight Crime<\/h3>\n\n\n\n<p class=\"wp-block-paragraph\">La respuesta del gobierno a esta masacre en la prisi\u00f3n es, en el mejor de los casos, indolente, dado que varios funcionarios admiten que hab\u00edan sido advertidos con anterioridad. Hasta el momento, nadie ha propuesto p\u00fablicamente mecanismos para enfrentar este tipo de violencia en las prisiones, debido a la<a href=\"\/noticias\/noticias-del-dia\/el-salvador-nerviosismo-prevalece-sobre-politica-seguridad\" target=\"_blank\"> ret\u00f3rica defensiva<\/a> de la actual administraci\u00f3n y al enfoque de lucha militarizada o de \u201c<a href=\"\/noticias\/analisis\/canto-de-sirena-militarizacion-latinoamerica\" target=\"_blank\">mano dura<\/a>\u201d en las pol\u00edticas de seguridad.<\/p>\n\n\n\n<p class=\"wp-block-paragraph\">El Salvador sigue sufriendo la peor escalada de violencia que se haya presentado en esta d\u00e9cada, con <a href=\"https:\/\/www.elsalvador.com\/articulo\/sucesos\/mas-508-personas-han-sido-asesinadas-salvador-durante-agosto-85105\" target=\"_blank\">una tasa de homicidios<\/a> que aumenta cada <a href=\"\/noticias\/noticias-del-dia\/junio-supera-mayo-mes-mas-violento-guerra-salvador\" target=\"_blank\">mes<\/a>. Sin embargo, en vez de darle un manejo diferente a la situaci\u00f3n, el ministro de Justicia y Seguridad P\u00fablica Benito Lara ha considerado que el aumento de la tasa de homicidios es un hecho positivo, atribuido <a href=\"https:\/\/www.laprensagrafica.com\/2015\/08\/21\/goes-alza-de-violencia-es-por-eficacia-policial\" target=\"_blank\">a la mayor efectividad de los polic\u00edas y al hecho de dispararles a m\u00e1s criminales<\/a>.<\/p>\n\n\n\n<p class=\"wp-block-paragraph\"><strong><span style=\"color: #800000\">VEA TAMBI\u00c9N:<\/span><\/strong> <a href=\"\/noticias-sobre-crimen-organizado-en-el-salvador\" target=\"_blank\">Noticias y perfiles de El Salvador<\/a><\/p>\n\n\n\n<p class=\"wp-block-paragraph\">En este contexto, los incidentes de pandilleros que se asesinan entre s\u00ed parece no ser un problema para las autoridades. Esto puede ser a\u00fan m\u00e1s cierto en este caso, dado que la facci\u00f3n atacada \u2014Los Revolucionarios\u2014 es acusada de instigar un paro de transporte que puso de manifiesto la incapacidad del gobierno de mantener el orden.<\/p>\n\n\n\n<p class=\"wp-block-paragraph\">Como los recursos en El Salvador siguen <a href=\"\/noticias\/noticias-del-dia\/el-salvador-examina-impuesto-seguridad-incremento-violencia\" target=\"_blank\">siendo limitados<\/a>, es poco probable que se preste atenci\u00f3n a los derechos que estos presos reciban en el futuro cercano, en especial dado que <a href=\"\/noticias\/noticias-del-dia\/propuesta-reforma-penitenciaria-el-salvador-insuficiente\" target=\"_blank\">propuestas anteriores<\/a> se han centrado en limitar estos derechos.<\/p>\n","protected":false},"excerpt":{"rendered":"<p>Una reciente masacre en El Salvador es una muestra de la problem\u00e1tica respuesta del gobierno a la actual crisis de seguridad en el pa\u00eds.<\/p>\n","protected":false},"author":41,"featured_media":43071,"comment_status":"closed","ping_status":"closed","sticky":false,"template":"","format":"standard","meta":{"newspack_ads_suppress_ads":false,"newspack_popups_has_disabled_popups":false,"newspack_sponsor_sponsorship_scope":"","newspack_sponsor_native_byline_display":"inherit","newspack_sponsor_native_category_display":"inherit","newspack_sponsor_underwriter_style":"inherit","newspack_sponsor_underwriter_placement":"inherit","_EventAllDay":false,"_EventTimezone":"","_EventStartDate":"","_EventEndDate":"","_EventStartDateUTC":"","_EventEndDateUTC":"","_EventShowMap":false,"_EventShowMapLink":false,"_EventURL":"","_EventCost":"","_EventCostDescription":"","_EventCurrencySymbol":"","_EventCurrencyCode":"","_EventCurrencyPosition":"","_EventDateTimeSeparator":"","_EventTimeRangeSeparator":"","_EventOrganizerID":[],"_EventVenueID":[],"_OrganizerEmail":"","_OrganizerPhone":"","_OrganizerWebsite":"","_VenueAddress":"","_VenueCity":"","_VenueCountry":"","_VenueProvince":"","_VenueState":"","_VenueZip":"","_VenuePhone":"","_VenueURL":"","_VenueStateProvince":"","_VenueLat":"","_VenueLng":"","_VenueShowMap":false,"_VenueShowMapLink":false,"_newspack_byline_active":false,"_newspack_byline":"","newspack_hide_updated_date":false,"newspack_show_updated_date":false,"newspack_featured_image_position":"","newspack_post_subtitle":"","newspack_article_summary_title":"Overview:","newspack_article_summary":"","_jetpack_memberships_contains_paid_content":false,"footnotes":""},"categories":[334],"tags":[375,1540,438,3021],"newspack_spnsrs_tax":[],"coauthors":[3911],"class_list":["post-8124","post","type-post","status-publish","format-standard","has-post-thumbnail","hentry","category-noticias-del-dia","tag-barrio-18-grupo","tag-el-salvador-pais","tag-politicas-de-seguridad","tag-prisiones-es","entry"],"parsely":{"version":"1.1.0","canonical_url":"https:\/\/insightcrime.org\/es\/noticias\/noticias-del-dia\/muertos-masacre-prision-salvador\/","smart_links":{"inbound":0,"outbound":0},"traffic_boost_suggestions_count":0,"meta":{"@context":"https:\/\/schema.org","@type":"NewsArticle","headline":"14 muertos en masacre en prisi\u00f3n de El Salvador","url":"http:\/\/insightcrime.org\/es\/noticias\/noticias-del-dia\/muertos-masacre-prision-salvador\/","mainEntityOfPage":{"@type":"WebPage","@id":"http:\/\/insightcrime.org\/es\/noticias\/noticias-del-dia\/muertos-masacre-prision-salvador\/"},"thumbnailUrl":"https:\/\/i0.wp.com\/insightcrime.org\/wp-content\/uploads\/2015\/08\/es-15-08-24-ESPrison.jpg?resize=150%2C140&quality=100&ssl=1","image":{"@type":"ImageObject","url":"https:\/\/i0.wp.com\/insightcrime.org\/wp-content\/uploads\/2015\/08\/es-15-08-24-ESPrison.jpg?fit=250%2C140&quality=100&ssl=1"},"articleSection":"Noticias del d\u00eda","author":[{"@type":"Person","name":"Arron Daugherty"}],"creator":["Arron Daugherty"],"publisher":{"@type":"Organization","name":"InSight Crime","logo":"https:\/\/insightcrime.org\/wp-content\/uploads\/2023\/08\/logo.png"},"keywords":["barrio 18","el salvador","pol\u00edticas de seguridad","prisiones"],"dateCreated":"2017-03-28T00:10:57Z","datePublished":"2017-03-28T00:10:57Z","dateModified":"2023-04-24T20:47:30Z"},"rendered":"<meta name=\"parsely-title\" content=\"14 muertos en masacre en prisi\u00f3n de El Salvador\" \/>\n<meta name=\"parsely-link\" content=\"http:\/\/insightcrime.org\/es\/noticias\/noticias-del-dia\/muertos-masacre-prision-salvador\/\" \/>\n<meta name=\"parsely-type\" content=\"post\" \/>\n<meta name=\"parsely-image-url\" content=\"https:\/\/i0.wp.com\/insightcrime.org\/wp-content\/uploads\/2015\/08\/es-15-08-24-ESPrison.jpg?resize=150%2C140&amp;quality=100&amp;ssl=1\" \/>\n<meta name=\"parsely-pub-date\" content=\"2017-03-28T00:10:57Z\" \/>\n<meta name=\"parsely-section\" content=\"Noticias del d\u00eda\" \/>\n<meta name=\"parsely-tags\" content=\"barrio 18,el salvador,pol\u00edticas de seguridad,prisiones\" \/>\n<meta name=\"parsely-author\" content=\"Arron Daugherty\" \/>","tracker_url":"https:\/\/cdn.parsely.com\/keys\/insightcrime.org\/p.js"},"jetpack_sharing_enabled":true,"jetpack-related-posts":[{"id":124996,"url":"https:\/\/insightcrime.org\/es\/noticias\/pacto-presidente-el-salvador-pandillas\/","url_meta":{"origin":8124,"position":0},"title":"El pacto informal del presidente de El Salvador con las pandillas","author":"Steven Dudley","date":"2 de octubre de 2020","format":false,"excerpt":"El presidente de El Salvador, Nayib Bukele, ha negado vehementemente que haya intercambiado favores con las pandillas, pero varios funcionarios gubernamentales y una persona que trabaja directamente con el gobierno dicen que hay un pacto informal entre sectores del gobierno y las pandillas.","rel":"","context":"En \u00abNoticias\u00bb","block_context":{"text":"Noticias","link":"https:\/\/insightcrime.org\/es\/category\/noticias\/"},"img":{"alt_text":"","src":"https:\/\/i0.wp.com\/insightcrime.org\/wp-content\/uploads\/2020\/09\/El-Salvador-gangs-drugwar-bukele-prisons-2020.jpg?fit=1200%2C630&quality=100&ssl=1&resize=350%2C200","width":350,"height":200,"srcset":"https:\/\/i0.wp.com\/insightcrime.org\/wp-content\/uploads\/2020\/09\/El-Salvador-gangs-drugwar-bukele-prisons-2020.jpg?fit=1200%2C630&quality=100&ssl=1&resize=350%2C200 1x, https:\/\/i0.wp.com\/insightcrime.org\/wp-content\/uploads\/2020\/09\/El-Salvador-gangs-drugwar-bukele-prisons-2020.jpg?fit=1200%2C630&quality=100&ssl=1&resize=525%2C300 1.5x, https:\/\/i0.wp.com\/insightcrime.org\/wp-content\/uploads\/2020\/09\/El-Salvador-gangs-drugwar-bukele-prisons-2020.jpg?fit=1200%2C630&quality=100&ssl=1&resize=700%2C400 2x, https:\/\/i0.wp.com\/insightcrime.org\/wp-content\/uploads\/2020\/09\/El-Salvador-gangs-drugwar-bukele-prisons-2020.jpg?fit=1200%2C630&quality=100&ssl=1&resize=1050%2C600 3x"},"classes":[]},{"id":182147,"url":"https:\/\/insightcrime.org\/es\/noticias\/politica-seguridad-el-salvador-pasa-mano-dura-exceso-fuerza\/","url_meta":{"origin":8124,"position":1},"title":"Pol\u00edtica de seguridad en El Salvador pasa de la mano dura al exceso de fuerza","author":"Alex Papadovassilakis","date":"12 de abril de 2022","format":false,"excerpt":"Con una oleada de detenciones rara vez vista, el gobierno de El Salvador redobla y extiende sus pol\u00edticas de seguridad, conocidas como de mano dura, las cuales han fracasado consistentemente en producir resultados duraderos.","rel":"","context":"En \u00abNoticias\u00bb","block_context":{"text":"Noticias","link":"https:\/\/insightcrime.org\/es\/category\/noticias\/"},"img":{"alt_text":"Miembros de pandillas siendo escoltados","src":"https:\/\/i0.wp.com\/insightcrime.org\/wp-content\/uploads\/2022\/04\/ezgif-1-cad0e1da2c-1.jpg?fit=350%2C250&quality=100&ssl=1&resize=350%2C200","width":350,"height":200},"classes":[]},{"id":181042,"url":"https:\/\/insightcrime.org\/es\/noticias\/ola-homicida-pandillas-conmociona-gobierno-el-salvador\/","url_meta":{"origin":8124,"position":2},"title":"Ola homicida de pandillas sacude a gobierno de El Salvador","author":"Alex Papadovassilakis","date":"28 de marzo de 2022","format":false,"excerpt":"Una ola de asesinatos in\u00e9dita desde los d\u00edas de la guerra civil en El Salvador fue el mensaje f\u00fanebre de las pandillas del pa\u00eds, en el idioma que usan para pronunciarse, hacia el gobierno.","rel":"","context":"En \u00abNoticias\u00bb","block_context":{"text":"Noticias","link":"https:\/\/insightcrime.org\/es\/category\/noticias\/"},"img":{"alt_text":"Fuerzas de seguridad de El Salvador en guardia","src":"https:\/\/i0.wp.com\/insightcrime.org\/wp-content\/uploads\/2022\/03\/ES-Spree-1.jpeg?fit=350%2C250&quality=100&ssl=1&resize=350%2C200","width":350,"height":200},"classes":[]},{"id":123403,"url":"https:\/\/insightcrime.org\/noticias\/analisis\/secretos-sucios-en-negociaciones-con-pandillas-el-salvador\/","url_meta":{"origin":8124,"position":3},"title":"3 secretos sucios revelados por las \u2018negociaciones\u2019 con pandillas en El Salvador","author":"Steven Dudley","date":"4 de septiembre de 2020","format":false,"excerpt":"El grupo de medios de El Faro inform\u00f3 que el gobierno de El Salvador est\u00e1 \u201cnegociando\u201d con las pandillas callejeras para mantener bajas las tasas de homicidios, lo que puede sorprender a la mayor\u00eda con excepci\u00f3n de otros pol\u00edticos, que tambi\u00e9n negocian con las pandillas.","rel":"","context":"En \u00abAn\u00e1lisis\u00bb","block_context":{"text":"An\u00e1lisis","link":"https:\/\/insightcrime.org\/es\/category\/noticias\/analisis\/"},"img":{"alt_text":"","src":"https:\/\/i0.wp.com\/insightcrime.org\/wp-content\/uploads\/2018\/01\/18-01-12-MS13-Indictment.jpg?fit=350%2C250&quality=100&ssl=1&resize=350%2C200","width":350,"height":200},"classes":[]},{"id":173685,"url":"https:\/\/insightcrime.org\/es\/noticias\/pandillas-elsalvador-envian-mensaje-sangre\/","url_meta":{"origin":8124,"position":4},"title":"Pandillas de El Salvador env\u00edan un mensaje de sangre","author":"Seth Robbins","date":"16 de diciembre de 2021","format":false,"excerpt":"Aunque seg\u00fan todas las evidencias El Salvador registrar\u00e1 otro r\u00e9cord en el descenso de los homicidios este a\u00f1o, hace pocas semanas el pa\u00eds se vio sacudido por una oleada de homicidios que dur\u00f3 tres d\u00edas, un sangriento recordatorio de que la paz reci\u00e9n alcanzada avanza sobre terreno quebradizo.","rel":"","context":"En \u00abNoticias\u00bb","block_context":{"text":"Noticias","link":"https:\/\/insightcrime.org\/es\/category\/noticias\/"},"img":{"alt_text":"El-Salvador-Pandillas-Homicidios","src":"https:\/\/i0.wp.com\/insightcrime.org\/wp-content\/uploads\/2021\/12\/El-Salvador-Homicides-Soldiers-Streets.png?fit=1200%2C675&quality=100&ssl=1&resize=350%2C200","width":350,"height":200,"srcset":"https:\/\/i0.wp.com\/insightcrime.org\/wp-content\/uploads\/2021\/12\/El-Salvador-Homicides-Soldiers-Streets.png?fit=1200%2C675&quality=100&ssl=1&resize=350%2C200 1x, https:\/\/i0.wp.com\/insightcrime.org\/wp-content\/uploads\/2021\/12\/El-Salvador-Homicides-Soldiers-Streets.png?fit=1200%2C675&quality=100&ssl=1&resize=525%2C300 1.5x, https:\/\/i0.wp.com\/insightcrime.org\/wp-content\/uploads\/2021\/12\/El-Salvador-Homicides-Soldiers-Streets.png?fit=1200%2C675&quality=100&ssl=1&resize=700%2C400 2x, https:\/\/i0.wp.com\/insightcrime.org\/wp-content\/uploads\/2021\/12\/El-Salvador-Homicides-Soldiers-Streets.png?fit=1200%2C675&quality=100&ssl=1&resize=1050%2C600 3x"},"classes":[]},{"id":166221,"url":"https:\/\/insightcrime.org\/es\/noticias\/evidencias-negociaciones-pandillas-desmienten-presidente-el-salvador\/","url_meta":{"origin":8124,"position":5},"title":"Evidencias de negociaciones con pandillas desmienten al presidente de El Salvador","author":"Seth Robbins","date":"24 de agosto de 2021","format":false,"excerpt":"Una investigaci\u00f3n que hab\u00eda sido descartada por el exfiscal general de El Salvador ha proporcionado abundantes evidencias de que la administraci\u00f3n del presidente Nayib Bukele negoci\u00f3 en secreto con tres de las violentas pandillas callejeras del pa\u00eds.","rel":"","context":"En \u00abNoticias\u00bb","block_context":{"text":"Noticias","link":"https:\/\/insightcrime.org\/es\/category\/noticias\/"},"img":{"alt_text":"","src":"https:\/\/i0.wp.com\/insightcrime.org\/wp-content\/uploads\/2021\/08\/Bukele_Gang_Negotiations.jpg?fit=350%2C250&quality=100&ssl=1&resize=350%2C200","width":350,"height":200},"classes":[]}],"jetpack_featured_media_url":"https:\/\/i0.wp.com\/insightcrime.org\/wp-content\/uploads\/2015\/08\/es-15-08-24-ESPrison.jpg?fit=250%2C140&quality=100&ssl=1","_links":{"self":[{"href":"https:\/\/insightcrime.org\/es\/wp-json\/wp\/v2\/posts\/8124","targetHints":{"allow":["GET"]}}],"collection":[{"href":"https:\/\/insightcrime.org\/es\/wp-json\/wp\/v2\/posts"}],"about":[{"href":"https:\/\/insightcrime.org\/es\/wp-json\/wp\/v2\/types\/post"}],"author":[{"embeddable":true,"href":"https:\/\/insightcrime.org\/es\/wp-json\/wp\/v2\/users\/41"}],"replies":[{"embeddable":true,"href":"https:\/\/insightcrime.org\/es\/wp-json\/wp\/v2\/comments?post=8124"}],"version-history":[{"count":1,"href":"https:\/\/insightcrime.org\/es\/wp-json\/wp\/v2\/posts\/8124\/revisions"}],"predecessor-version":[{"id":25170,"href":"https:\/\/insightcrime.org\/es\/wp-json\/wp\/v2\/posts\/8124\/revisions\/25170"}],"wp:featuredmedia":[{"embeddable":true,"href":"https:\/\/insightcrime.org\/es\/wp-json\/wp\/v2\/media\/43071"}],"wp:attachment":[{"href":"https:\/\/insightcrime.org\/es\/wp-json\/wp\/v2\/media?parent=8124"}],"wp:term":[{"taxonomy":"category","embeddable":true,"href":"https:\/\/insightcrime.org\/es\/wp-json\/wp\/v2\/categories?post=8124"},{"taxonomy":"post_tag","embeddable":true,"href":"https:\/\/insightcrime.org\/es\/wp-json\/wp\/v2\/tags?post=8124"},{"taxonomy":"newspack_spnsrs_tax","embeddable":true,"href":"https:\/\/insightcrime.org\/es\/wp-json\/wp\/v2\/newspack_spnsrs_tax?post=8124"},{"taxonomy":"author","embeddable":true,"href":"https:\/\/insightcrime.org\/es\/wp-json\/wp\/v2\/coauthors?post=8124"}],"curies":[{"name":"wp","href":"https:\/\/api.w.org\/{rel}","templated":true}]}}