{"id":8164,"date":"2015-09-09T19:24:14","date_gmt":"2017-03-28T00:11:15","guid":{"rendered":"http:\/\/newwp.insightcrime.org?p=8164"},"modified":"2023-04-24T15:47:47","modified_gmt":"2023-04-24T20:47:47","slug":"ex-militar-salvadoreno-arrestado-trafico-armas","status":"publish","type":"post","link":"https:\/\/insightcrime.org\/es\/noticias\/noticias-del-dia\/ex-militar-salvadoreno-arrestado-trafico-armas\/","title":{"rendered":"Exmilitar salvadore\u00f1o arrestado por tr\u00e1fico de armas"},"content":{"rendered":"\n<p class=\"wp-block-paragraph\">Las autoridades salvadore\u00f1as han arrestado a un excoronel luego de que en un allanamiento en una casa se encontrara un arsenal de armas, lo cual evidencia la continua participaci\u00f3n de militares <a href=\"\/component\/tags\/tag\/210-trafico-de-armas\" target=\"_blank\">en el tr\u00e1fico de armas<\/a>.<\/p>\n\n\n\n<p class=\"wp-block-paragraph\">El 3 de septiembre de 2015,<a href=\"https:\/\/www.elsalvador.com\/articulo\/sucesos\/detienen-exdirector-policia-hacienda-hijo-por-arsenal-sus-casas-86528\" target=\"_blank\"> El Diario de Hoy inform\u00f3<\/a> que la polic\u00eda allan\u00f3 la residencia del coronel retirado Roberto Pineda Guerra. As\u00ed mismo, <a href=\"https:\/\/www.laprensagrafica.com\/2015\/09\/05\/fgr-armas-de-guerra-iban-para-pandillas\" target=\"_blank\">La Prensa Gr\u00e1fica inform\u00f3<\/a> que la polic\u00eda encontr\u00f3 un arsenal de armas, incluyendo fusiles de francotirador, pistolas, rev\u00f3lveres, una ametralladora, as\u00ed como municiones, granadas y uniformes militares. El coronel <a href=\"https:\/\/www.laprensagrafica.com\/2015\/09\/07\/detencion-provisional-para-exmilitar-en-caso-de-hallazgo-de-armas\" target=\"_blank\">enfrenta m\u00faltiples cargos<\/a> por posesi\u00f3n ilegal y tr\u00e1fico de armas.<\/p>\n\n\n\n<p class=\"wp-block-paragraph\">El Fiscal General Luis Mart\u00ednez se\u00f1al\u00f3 que el allanamiento y el arresto fueron realizados en conexi\u00f3n con una investigaci\u00f3n sobre la venta ilegal de C4, un pl\u00e1stico explosivo. Los funcionarios creen que el arsenal de Pineda Guerra iba a venderse a pandilleros.<\/p>\n\n\n\n<p class=\"wp-block-paragraph\">Pineda Guerra fue un destacado l\u00edder durante su carrera militar. Como se<a href=\"https:\/\/www.elnuevoherald.com\/noticias\/mundo\/america-latina\/article34304121.html\" target=\"_blank\"> inform\u00f3 en El Nuevo Herald<\/a>, el ex coronel era miembro de \u201cLa Tandona\u201d, un importante grupo militar durante la Guerra civil salvadore\u00f1a (1980-1992). Pineda Guerra tambi\u00e9n fue el director, de la extinta \u201cPolic\u00eda de Hacienda\u201d, una fuerza de inteligencia militar tristemente c\u00e9lebre por sus violaciones a los derechos humanos.<\/p>\n\n\n\n<h3 class=\"wp-block-heading\">An\u00e1lisis de InSight Crime<\/h3>\n\n\n\n<p class=\"wp-block-paragraph\">El arresto de Pineda Guerra es una se\u00f1al de la <a href=\"\/noticias\/noticias-del-dia\/robo-armas-el-salvador-destaca-trafico-armas-militares\" target=\"_blank\">continua<\/a> <a href=\"\/noticias\/noticias-del-dia\/investigacion-trafico-armas-militares-el-salvador-llega-altos-oficiales\" target=\"_blank\">participaci\u00f3n <\/a>del ej\u00e9rcito salvadore\u00f1o en el tr\u00e1fico de armas. Hay <a href=\"\/noticias\/noticias-del-dia\/robo-armas-el-salvador-destaca-trafico-armas-militares\" target=\"_blank\">m\u00faltiples<\/a> ejemplos <a href=\"\/noticias\/noticias-del-dia\/oficial-militar-elsalvador-condenado-trafico-armas\" target=\"_blank\">en el pasado de militares<\/a> corruptos que vend\u00edan armas al mercado negro, las cuales terminaron en manos de pandillas callejeras locales y grupos criminales internacionales, incluyendo los Zetas y <a href=\"\/noticias\/analisis\/ejercito-salvadoreno-trafico-armas-cartel-mexicano-convergen-honduras\" target=\"_blank\">otros carteles mexicanos.<\/a><\/p>\n\n\n\n<p class=\"wp-block-paragraph\"><span style=\"color: #800000\"><strong>VEA TAMBI\u00c9N:<\/strong><\/span> <a href=\"\/component\/tags\/tag\/210-trafico-de-armas\">Cobertura sobre tr\u00e1fico de armas<\/a><\/p>\n\n\n\n<p class=\"wp-block-paragraph\">Dadas las preocupaciones existentes porque las pandillas Barrio 18 y la Mara Salvatrucha<a href=\"https:\/\/www.laprensagrafica.com\/2015\/04\/22\/militares-elite-vendian-armas-y-explosivos-al-mejor-postor\" target=\"_blank\"> est\u00e1n mejor armadas que la polic\u00eda,<\/a> este hecho puede impulsar a las autoridades del pa\u00eds a realizar una inspecci\u00f3n m\u00e1s detenida del comercio de armas del pa\u00eds. El caso de Pineda Guerra puede resultar particularmente significativo si efectivamente buscaba vender explosivos en el mercado negro. <a href=\"https:\/\/www.laprensagrafica.com\/2015\/04\/22\/militares-elite-vendian-armas-y-explosivos-al-mejor-postor\" target=\"_blank\">una investigaci\u00f3n<\/a>&nbsp;que involucran<a href=\"https:\/\/www.laprensagrafica.com\/2015\/04\/22\/militares-elite-vendian-armas-y-explosivos-al-mejor-postor\" target=\"_blank\"> bombas lapa<\/a> por todo El Salvador han incrementado los temores de que las pandillas est\u00e9n sofisticando sus agresiones, seg\u00fan informes. Es de destacar, <a href=\"https:\/\/www.laprensagrafica.com\/2015\/04\/22\/militares-elite-vendian-armas-y-explosivos-al-mejor-postor\" target=\"_blank\">una investigaci\u00f3n<\/a> realizada a comienzos de este a\u00f1o por La Prensa Gr\u00e1fica que resaltaba la participaci\u00f3n de militares en el tr\u00e1fico il\u00edcito de armas y explosivos.<\/p>\n\n\n\n<p class=\"wp-block-paragraph\">Pese a lo anterior, los militares <a href=\"\/noticias\/noticias-del-dia\/militares-absueltos-trafico-armas-el-salvador\" target=\"_blank\">han presentado altos grados de impunidad<\/a> en lo que respecta a la judicializaci\u00f3n de casos de tr\u00e1fico de armas. El caso de Pineda Guerra puede ser una excepci\u00f3n, pero a\u00fan hay un largo camino que recorrer en las cortes.<\/p>\n","protected":false},"excerpt":{"rendered":"<p>Las autoridades salvadore\u00f1as han arrestado a un excoronel luego de que en un allanamiento en una casa se encontrara un arsenal de armas, lo cual evidencia la continua participaci\u00f3n de militares <a href=\"\/component\/tags\/tag\/210-trafico-de-armas\" target=\"_blank\">en el tr\u00e1fico de armas<\/a>.<\/p>\n","protected":false},"author":47,"featured_media":43157,"comment_status":"closed","ping_status":"closed","sticky":false,"template":"","format":"standard","meta":{"newspack_ads_suppress_ads":false,"newspack_popups_has_disabled_popups":false,"newspack_sponsor_sponsorship_scope":"","newspack_sponsor_native_byline_display":"inherit","newspack_sponsor_native_category_display":"inherit","newspack_sponsor_underwriter_style":"inherit","newspack_sponsor_underwriter_placement":"inherit","_EventAllDay":false,"_EventTimezone":"","_EventStartDate":"","_EventEndDate":"","_EventStartDateUTC":"","_EventEndDateUTC":"","_EventShowMap":false,"_EventShowMapLink":false,"_EventURL":"","_EventCost":"","_EventCostDescription":"","_EventCurrencySymbol":"","_EventCurrencyCode":"","_EventCurrencyPosition":"","_EventDateTimeSeparator":"","_EventTimeRangeSeparator":"","_EventOrganizerID":[],"_EventVenueID":[],"_OrganizerEmail":"","_OrganizerPhone":"","_OrganizerWebsite":"","_VenueAddress":"","_VenueCity":"","_VenueCountry":"","_VenueProvince":"","_VenueState":"","_VenueZip":"","_VenuePhone":"","_VenueURL":"","_VenueStateProvince":"","_VenueLat":"","_VenueLng":"","_VenueShowMap":false,"_VenueShowMapLink":false,"_newspack_byline_active":false,"_newspack_byline":"","newspack_hide_updated_date":false,"newspack_show_updated_date":false,"newspack_featured_image_position":"","newspack_post_subtitle":"","newspack_article_summary_title":"Overview:","newspack_article_summary":"","_jetpack_memberships_contains_paid_content":false,"footnotes":""},"categories":[334],"tags":[1540,448],"newspack_spnsrs_tax":[],"coauthors":[3975],"class_list":["post-8164","post","type-post","status-publish","format-standard","has-post-thumbnail","hentry","category-noticias-del-dia","tag-el-salvador-pais","tag-trafico-de-armas","entry"],"parsely":{"version":"1.1.0","canonical_url":"https:\/\/insightcrime.org\/es\/noticias\/noticias-del-dia\/ex-militar-salvadoreno-arrestado-trafico-armas\/","smart_links":{"inbound":0,"outbound":0},"traffic_boost_suggestions_count":0,"meta":{"@context":"https:\/\/schema.org","@type":"NewsArticle","headline":"Exmilitar salvadore\u00f1o arrestado por tr\u00e1fico de armas","url":"http:\/\/insightcrime.org\/es\/noticias\/noticias-del-dia\/ex-militar-salvadoreno-arrestado-trafico-armas\/","mainEntityOfPage":{"@type":"WebPage","@id":"http:\/\/insightcrime.org\/es\/noticias\/noticias-del-dia\/ex-militar-salvadoreno-arrestado-trafico-armas\/"},"thumbnailUrl":"https:\/\/i0.wp.com\/insightcrime.org\/wp-content\/uploads\/2015\/09\/es-15-09-08-ElSalvador-PinedaGuerra.JPG?resize=150%2C150&quality=100&ssl=1","image":{"@type":"ImageObject","url":"https:\/\/i0.wp.com\/insightcrime.org\/wp-content\/uploads\/2015\/09\/es-15-09-08-ElSalvador-PinedaGuerra.JPG?fit=250%2C179&quality=100&ssl=1"},"articleSection":"Noticias del d\u00eda","author":[{"@type":"Person","name":"Elijah Stevens"}],"creator":["Elijah Stevens"],"publisher":{"@type":"Organization","name":"InSight Crime","logo":"https:\/\/insightcrime.org\/wp-content\/uploads\/2023\/08\/logo.png"},"keywords":["el salvador","tr\u00e1fico de armas"],"dateCreated":"2017-03-28T00:11:15Z","datePublished":"2017-03-28T00:11:15Z","dateModified":"2023-04-24T20:47:47Z"},"rendered":"<meta name=\"parsely-title\" content=\"Exmilitar salvadore\u00f1o arrestado por tr\u00e1fico de armas\" \/>\n<meta name=\"parsely-link\" content=\"http:\/\/insightcrime.org\/es\/noticias\/noticias-del-dia\/ex-militar-salvadoreno-arrestado-trafico-armas\/\" \/>\n<meta name=\"parsely-type\" content=\"post\" \/>\n<meta name=\"parsely-image-url\" content=\"https:\/\/i0.wp.com\/insightcrime.org\/wp-content\/uploads\/2015\/09\/es-15-09-08-ElSalvador-PinedaGuerra.JPG?resize=150%2C150&amp;quality=100&amp;ssl=1\" \/>\n<meta name=\"parsely-pub-date\" content=\"2017-03-28T00:11:15Z\" \/>\n<meta name=\"parsely-section\" content=\"Noticias del d\u00eda\" \/>\n<meta name=\"parsely-tags\" content=\"el salvador,tr\u00e1fico de armas\" \/>\n<meta name=\"parsely-author\" content=\"Elijah Stevens\" \/>","tracker_url":"https:\/\/cdn.parsely.com\/keys\/insightcrime.org\/p.js"},"jetpack_sharing_enabled":true,"jetpack-related-posts":[{"id":180476,"url":"https:\/\/insightcrime.org\/es\/noticias\/traficantes-armas-brasil-fabricaban-partes-tecnologia-portatil\/","url_meta":{"origin":8164,"position":0},"title":"Traficantes de armas en Brasil fabricaban partes con tecnolog\u00eda port\u00e1til","author":"Henry Shuldiner","date":"18 de marzo de 2022","format":false,"excerpt":"Las autoridades brasile\u00f1as desarticularon una red criminal de tr\u00e1fico de armas con una particularidad: el grupo importaba partes de armas y las completaban usando una fresadora computarizada para luego ensamblarlas.","rel":"","context":"En \u00abNoticias\u00bb","block_context":{"text":"Noticias","link":"https:\/\/insightcrime.org\/es\/category\/noticias\/"},"img":{"alt_text":"Armas con partes impresas en 3D halladas en un allanamiento en Miami, Florida","src":"https:\/\/i0.wp.com\/insightcrime.org\/wp-content\/uploads\/2022\/03\/Ghost-guns-AP-1.jpeg?fit=350%2C250&quality=100&ssl=1&resize=350%2C200","width":350,"height":200},"classes":[]},{"id":232737,"url":"https:\/\/insightcrime.org\/es\/noticias\/entrevistas\/gobiernos-latinoamerica-continuan-intentando-detener-flujo-armas\/","url_meta":{"origin":8164,"position":1},"title":"Gobiernos de Latinoam\u00e9rica contin\u00faan intentando detener el flujo de armas","author":"Henry Shuldiner","date":"24 de abril de 2023","format":false,"excerpt":"Entre los l\u00edderes latinoamericanos hay un renovado inter\u00e9s por enfrentar el tr\u00e1fico de armas hacia sus pa\u00edses, pero no est\u00e1 claro hasta qu\u00e9 punto podr\u00e1n debilitar este complicado comercio criminal transnacional.","rel":"","context":"En \u00abQ&amp;A\u00bb","block_context":{"text":"Q&amp;A","link":"https:\/\/insightcrime.org\/es\/category\/noticias\/entrevistas\/"},"img":{"alt_text":"Autoridades paraguayas con hombres arrestados por tr\u00e1fico de armas en una operaci\u00f3n internacional dirigida por Interpol.","src":"https:\/\/i0.wp.com\/insightcrime.org\/wp-content\/uploads\/2023\/09\/Mexic-Arms-Traffickong-Interpol-1804231-1.jpg?fit=350%2C250&quality=100&ssl=1&resize=350%2C200","width":350,"height":200},"classes":[]},{"id":232452,"url":"https:\/\/insightcrime.org\/es\/noticias\/granadas-sello-distintivo-extorsionistas-venezolanos-peru\/","url_meta":{"origin":8164,"position":2},"title":"Las granadas, nuevo sello distintivo de los extorsionistas venezolanos en Per\u00fa","author":"Unidad Investigativa de Venezuela","date":"19 de septiembre de 2023","format":false,"excerpt":"Una serie de ataques con granadas, as\u00ed como amenazas y extorsiones relacionadas con bandas venezolanas en Per\u00fa, revelan que el uso de esta arma ha sido exportado de Venezuela a otros pa\u00edses latinoamericanos.\u00a0 El ataque m\u00e1s reciente ocurri\u00f3 el 15 de septiembre en San Juan de Lurigancho, un distrito de\u2026","rel":"","context":"En \u00abNoticias\u00bb","block_context":{"text":"Noticias","link":"https:\/\/insightcrime.org\/es\/category\/noticias\/"},"img":{"alt_text":"The nightclub in San Juan de Lurigancho, Lima, where a grenade attack hurt 15 people","src":"https:\/\/i0.wp.com\/insightcrime.org\/wp-content\/uploads\/2023\/09\/orig-1695079531764-1.jpg?fit=350%2C250&quality=100&ssl=1&resize=350%2C200","width":350,"height":200},"classes":[]},{"id":265016,"url":"https:\/\/insightcrime.org\/es\/noticias\/trafico-armas-europeas-pone-paraguay-contra-cuerdas\/","url_meta":{"origin":8164,"position":3},"title":"El tr\u00e1fico de armas europeas pone a Paraguay contra las cuerdas","author":"Beatriz Vicent Fern\u00e1ndez","date":"11 de enero de 2024","format":false,"excerpt":"Miles de armas de origen europeo y turco incautadas en Brasil junto con extensas redes de corrupci\u00f3n muestran la extensi\u00f3n del mercado ilegal de armas en Paraguay.","rel":"","context":"En \u00abNoticias\u00bb","block_context":{"text":"Noticias","link":"https:\/\/insightcrime.org\/es\/category\/noticias\/"},"img":{"alt_text":"Rifles incautados durante la Operaci\u00f3n Dakovo.","src":"https:\/\/i0.wp.com\/insightcrime.org\/wp-content\/uploads\/2024\/01\/armas_Dakovo2.jpg?fit=350%2C250&quality=100&ssl=1&resize=350%2C200","width":350,"height":200},"classes":[]},{"id":126210,"url":"https:\/\/insightcrime.org\/es\/noticias\/el-salvador-armas-ilegales\/","url_meta":{"origin":8164,"position":4},"title":"Decomisos de miles de armas no paran flujos ilegales en El Salvador","author":"Victoria Dittmar","date":"29 de octubre de 2020","format":false,"excerpt":"Las autoridades salvadore\u00f1as aseguraron recientemente que su estrategia para combatir a las pandillas ha dado como resultado el decomiso de miles de armas. Sin\u00a0embargo, esto afecta poco a las pandillas y no logra detener los continuos flujos de armas hacia El Salvador.","rel":"","context":"En \u00abNoticias\u00bb","block_context":{"text":"Noticias","link":"https:\/\/insightcrime.org\/es\/category\/noticias\/"},"img":{"alt_text":"","src":"https:\/\/i0.wp.com\/insightcrime.org\/wp-content\/uploads\/2020\/10\/El-Salvador-Weapons-Seizures.jpg?fit=350%2C250&quality=100&ssl=1&resize=350%2C200","width":350,"height":200},"classes":[]},{"id":200718,"url":"https:\/\/insightcrime.org\/es\/noticias\/arsenales-militares-fuente-armas-pandillas-grupos-criminales-latinoamericanos\/","url_meta":{"origin":8164,"position":5},"title":"Arsenales militares son fuente de armas para pandillas y grupos criminales latinoamericanos","author":"Chris Dalby","date":"4 de octubre de 2022","format":false,"excerpt":"Corrupci\u00f3n en las filas, falta de supervisi\u00f3n y seguimiento, y una mediocre legislaci\u00f3n son las responsables de que las armas y munici\u00f3n de los ej\u00e9rcitos latinoamericanos lleguen a manos de grupos criminales, como concluy\u00f3 un informe de la ONU.","rel":"","context":"En \u00abNoticias\u00bb","block_context":{"text":"Noticias","link":"https:\/\/insightcrime.org\/es\/category\/noticias\/"},"img":{"alt_text":"Armas del ej\u00e9rcito de Paraguay decomisadas en un operativo","src":"https:\/\/i0.wp.com\/insightcrime.org\/wp-content\/uploads\/2022\/10\/slider1-1-1.jpeg?fit=350%2C250&quality=100&ssl=1&resize=350%2C200","width":350,"height":200},"classes":[]}],"jetpack_featured_media_url":"https:\/\/i0.wp.com\/insightcrime.org\/wp-content\/uploads\/2015\/09\/es-15-09-08-ElSalvador-PinedaGuerra.JPG?fit=250%2C179&quality=100&ssl=1","_links":{"self":[{"href":"https:\/\/insightcrime.org\/es\/wp-json\/wp\/v2\/posts\/8164","targetHints":{"allow":["GET"]}}],"collection":[{"href":"https:\/\/insightcrime.org\/es\/wp-json\/wp\/v2\/posts"}],"about":[{"href":"https:\/\/insightcrime.org\/es\/wp-json\/wp\/v2\/types\/post"}],"author":[{"embeddable":true,"href":"https:\/\/insightcrime.org\/es\/wp-json\/wp\/v2\/users\/47"}],"replies":[{"embeddable":true,"href":"https:\/\/insightcrime.org\/es\/wp-json\/wp\/v2\/comments?post=8164"}],"version-history":[{"count":1,"href":"https:\/\/insightcrime.org\/es\/wp-json\/wp\/v2\/posts\/8164\/revisions"}],"predecessor-version":[{"id":25256,"href":"https:\/\/insightcrime.org\/es\/wp-json\/wp\/v2\/posts\/8164\/revisions\/25256"}],"wp:featuredmedia":[{"embeddable":true,"href":"https:\/\/insightcrime.org\/es\/wp-json\/wp\/v2\/media\/43157"}],"wp:attachment":[{"href":"https:\/\/insightcrime.org\/es\/wp-json\/wp\/v2\/media?parent=8164"}],"wp:term":[{"taxonomy":"category","embeddable":true,"href":"https:\/\/insightcrime.org\/es\/wp-json\/wp\/v2\/categories?post=8164"},{"taxonomy":"post_tag","embeddable":true,"href":"https:\/\/insightcrime.org\/es\/wp-json\/wp\/v2\/tags?post=8164"},{"taxonomy":"newspack_spnsrs_tax","embeddable":true,"href":"https:\/\/insightcrime.org\/es\/wp-json\/wp\/v2\/newspack_spnsrs_tax?post=8164"},{"taxonomy":"author","embeddable":true,"href":"https:\/\/insightcrime.org\/es\/wp-json\/wp\/v2\/coauthors?post=8164"}],"curies":[{"name":"wp","href":"https:\/\/api.w.org\/{rel}","templated":true}]}}