{"id":8179,"date":"2015-09-15T20:03:28","date_gmt":"2017-03-28T00:11:21","guid":{"rendered":"http:\/\/newwp.insightcrime.org?p=8179"},"modified":"2023-04-24T15:47:52","modified_gmt":"2023-04-24T20:47:52","slug":"tony-montana-peru-capturado-ecuador","status":"publish","type":"post","link":"https:\/\/insightcrime.org\/es\/noticias\/noticias-del-dia\/tony-montana-peru-capturado-ecuador\/","title":{"rendered":"&#8216;Tony Montana&#8217; de Per\u00fa es capturado en Ecuador"},"content":{"rendered":"\n<p class=\"wp-block-paragraph\">El narcotraficante Gerald Oropeza, alias \u201cel Tony Montana de Per\u00fa\u201d, fue <a target=\"_blank\" href=\"https:\/\/www.bbc.com\/mundo\/noticias\/2015\/09\/150913_entregan_tony_montana_peruano_gerald_oropeza_bm\">arrestado<\/a> el 10 de septiembre de 2015, en Ecuador, un paso importante para la polic\u00eda en medio de un \u00e9xito con altibajos en su objetivo de atacar el narcotr\u00e1fico de los puertos.<\/p>\n\n\n\n<p class=\"wp-block-paragraph\">&nbsp;Oropeza es sospechoso de exportar <a target=\"_blank\" href=\"https:\/\/www.telesurtv.net\/news\/Capturan-a-presunto-narcotraficante-mas-buscado-de-Peru-20150913-0031.html\">grandes cargamentos de coca\u00edna<\/a> del puerto de El Callao en la costa peruana hacia Europa, Centroam\u00e9rica y M\u00e9xico. Tambi\u00e9n se lo acusa de <a target=\"_blank\" href=\"\/noticias\/noticias-del-dia\/mafioso-italiano-tony-montana-peruano\">presuntos v\u00ednculos con el grupo criminal \u2018Ndrangheta<\/a>, de Italia.<\/p>\n\n\n\n<p class=\"wp-block-paragraph\">Oropeza llevaba fugitivo cinco meses, luego de que las autoridades emitieran una <a target=\"_blank\" href=\"\/noticias\/noticias-del-dia\/tony-montana-peruano-vinculado-mafia-italiana-ndrangheta\">orden de captura<\/a> en su contra el 20 de abril de 2015, tras un ataque a un veh\u00edculo de su propiedad, a ra\u00edz de una disputa con un presunto narcotraficante conocido como Gerson G\u00e1lvez.<\/p>\n\n\n\n<p class=\"wp-block-paragraph\">Despu\u00e9s de ser arrestado por un <a target=\"_blank\" href=\"https:\/\/www.telesurtv.net\/news\/Capturan-a-presunto-narcotraficante-mas-buscado-de-Peru-20150913-0031.html\">operativo conjunto<\/a> entre la polic\u00eda de Ecuador y Per\u00fa, Oropeza <a target=\"_blank\" href=\"https:\/\/www.bbc.com\/mundo\/noticias\/2015\/09\/150913_entregan_tony_montana_peruano_gerald_oropeza_bm\">fue deportado a Per\u00fa<\/a>, seg\u00fan se inform\u00f3, y ser\u00e1 transferido a una c\u00e1rcel de m\u00e1xima seguridad en Lima, <a target=\"_blank\" href=\"https:\/\/elcomercio.pe\/lima\/ciudad\/gerald-oropeza-seria-recluido-penal-piedras-gordas-ancon-noticia-1840758?flsm=1\">como averigu\u00f3 El Comercio<\/a>, donde permanecer\u00e1 antes de su juicio.<\/p>\n\n\n\n<h3 class=\"wp-block-heading\">An\u00e1lisis de InSight Crime<\/h3>\n\n\n\n<p class=\"wp-block-paragraph\">El arresto de Gerald Oropeza es un recordatorio importante de la importante funci\u00f3n que cumplen los puertos mar\u00edtimos, en especial El Callao, en el tr\u00e1fico internacional de estupefacientes en Per\u00fa, y la necesidad de que las fuerzas de seguridad peruanas presente tanta atenci\u00f3n a la din\u00e1mica criminal en los puertos como la que dedican a las \u00e1reas monta\u00f1osas de producci\u00f3n de coca\u00edna controladas por la guerrilla.<\/p>\n\n\n\n<p class=\"wp-block-paragraph\"><span style=\"color: #800000\"><strong> VEA TAMBI\u00c9N:<\/strong><\/span> <a target=\"_blank\" href=\"\/noticias-sobre-crimen-organizado-en-peru\">Noticias y perfiles de Per\u00fa<\/a><\/p>\n\n\n\n<p class=\"wp-block-paragraph\">Las fuerzas antinarc\u00f3ticos de Per\u00fa han concentrado sus esfuerzos recientes en el tr\u00e1fico a\u00e9reo, <a target=\"_blank\" href=\"\/noticias\/noticias-del-dia\/90-cocaina-vraem-peru-se-mueve-por-via-aerea\">principal medio<\/a> de exportaci\u00f3n de droga en el pa\u00eds. El ej\u00e9rcito ha tomado medidas para detener el tr\u00e1fico a\u00e9reo <a target=\"_blank\" href=\"\/noticias\/noticias-del-dia\/sendero-luminoso-ganancias-destruccion-narcopistas\">destruyendo pistas de aterrizaje remotas<\/a>, en especial en la regi\u00f3n del Valle de los R\u00edos Apur\u00edmac, Ene y Mantaro&nbsp; (VRAEM), donde se produce gran parte de la coca\u00edna de Per\u00fa y donde opera parte de las guerrillas de Sendero Luminoso.<\/p>\n\n\n\n<p class=\"wp-block-paragraph\">En agosto de 2015, el congreso peruano aprob\u00f3 por unanimidad <a target=\"_blank\" href=\"\/noticias\/noticias-del-dia\/peru-revive-controvertida-ley-derribo-narcoaviones\">la legislaci\u00f3n<\/a> que permite al ej\u00e9rcito derribar aviones sospechosos de transportar droga. Esta controvertida t\u00e1ctica <a target=\"_blank\" href=\"https:\/\/www.caretas.com.pe\/Main.asp?T=3082&amp;S=&amp;id=12&amp;idE=1224&amp;idSTo=0&amp;idA=73033#.Vfhzipc-fzF\">se implement\u00f3<\/a> en un intento por contener el tr\u00e1fico a\u00e9reo.<\/p>\n\n\n\n<p class=\"wp-block-paragraph\">Al mismo tiempo, sin embargo, las fuerzas antinarc\u00f3ticos han hecho poco por enfrentar el narcotr\u00e1fico a trav\u00e9s de los puertos mar\u00edtimos en Per\u00fa. <a target=\"_blank\" href=\"\/noticias\/noticias-del-dia\/crimen-organizado-corrompio-principal-puerto-peru\">Una investigaci\u00f3n realizada por La Rep\u00fablica<\/a> demostr\u00f3 c\u00f3mo cooperan los grupos criminales y funcionarios corruptos para traficar cada a\u00f1o cientos de toneladas de coca\u00edna por El Callao.<\/p>\n\n\n\n<p class=\"wp-block-paragraph\">Las redes criminales, incluyendo el grupo de Oropeza, tambi\u00e9n han estado implicadas en <a target=\"_blank\" href=\"\/noticias\/noticias-del-dia\/mafias-disputan-principal-puerto-peru\">ri\u00f1as continuas<\/a> por el control del puerto de El Callao, lo que destaca su importancia para el narcotr\u00e1fico internacional en Per\u00fa.<\/p>\n","protected":false},"excerpt":{"rendered":"<p>El narcotraficante Gerald Oropeza, alias \u00abel Tony Montana de Per\u00fa\u00bb, fue <a target=\"_blank\" href=\"https:\/\/www.bbc.com\/mundo\/noticias\/2015\/09\/150913_entregan_tony_montana_peruano_gerald_oropeza_bm\">arrestado<\/a> el 10 de septiembre de 2015, en Ecuador, un paso importante para la polic\u00eda en medio de un \u00e9xito con altibajos en su objetivo de atacar el narcotr\u00e1fico de los puertos.<\/p>\n","protected":false},"author":47,"featured_media":43181,"comment_status":"closed","ping_status":"closed","sticky":false,"template":"","format":"standard","meta":{"newspack_ads_suppress_ads":false,"newspack_popups_has_disabled_popups":false,"newspack_sponsor_sponsorship_scope":"","newspack_sponsor_native_byline_display":"inherit","newspack_sponsor_native_category_display":"inherit","newspack_sponsor_underwriter_style":"inherit","newspack_sponsor_underwriter_placement":"inherit","_EventAllDay":false,"_EventTimezone":"","_EventStartDate":"","_EventEndDate":"","_EventStartDateUTC":"","_EventEndDateUTC":"","_EventShowMap":false,"_EventShowMapLink":false,"_EventURL":"","_EventCost":"","_EventCostDescription":"","_EventCurrencySymbol":"","_EventCurrencyCode":"","_EventCurrencyPosition":"","_EventDateTimeSeparator":"","_EventTimeRangeSeparator":"","_EventOrganizerID":[],"_EventVenueID":[],"_OrganizerEmail":"","_OrganizerPhone":"","_OrganizerWebsite":"","_VenueAddress":"","_VenueCity":"","_VenueCountry":"","_VenueProvince":"","_VenueState":"","_VenueZip":"","_VenuePhone":"","_VenueURL":"","_VenueStateProvince":"","_VenueLat":"","_VenueLng":"","_VenueShowMap":false,"_VenueShowMapLink":false,"_newspack_byline_active":false,"_newspack_byline":"","newspack_hide_updated_date":false,"newspack_show_updated_date":false,"newspack_featured_image_position":"","newspack_post_subtitle":"","newspack_article_summary_title":"Overview:","newspack_article_summary":"","_jetpack_memberships_contains_paid_content":false,"footnotes":""},"categories":[334],"tags":[449,409],"newspack_spnsrs_tax":[],"coauthors":[3975],"class_list":["post-8179","post","type-post","status-publish","format-standard","has-post-thumbnail","hentry","category-noticias-del-dia","tag-cocaina-europa-crimen-organizado","tag-peru-pais","entry"],"parsely":{"version":"1.1.0","canonical_url":"https:\/\/insightcrime.org\/es\/noticias\/noticias-del-dia\/tony-montana-peru-capturado-ecuador\/","smart_links":{"inbound":0,"outbound":0},"traffic_boost_suggestions_count":0,"meta":{"@context":"https:\/\/schema.org","@type":"NewsArticle","headline":"&#8216;Tony Montana&#8217; de Per\u00fa es capturado en Ecuador","url":"http:\/\/insightcrime.org\/es\/noticias\/noticias-del-dia\/tony-montana-peru-capturado-ecuador\/","mainEntityOfPage":{"@type":"WebPage","@id":"http:\/\/insightcrime.org\/es\/noticias\/noticias-del-dia\/tony-montana-peru-capturado-ecuador\/"},"thumbnailUrl":"https:\/\/i0.wp.com\/insightcrime.org\/wp-content\/uploads\/2015\/09\/es-15-09-14-Peru-Oropeza.jpg?resize=150%2C141&quality=100&ssl=1","image":{"@type":"ImageObject","url":"https:\/\/i0.wp.com\/insightcrime.org\/wp-content\/uploads\/2015\/09\/es-15-09-14-Peru-Oropeza.jpg?fit=250%2C141&quality=100&ssl=1"},"articleSection":"Noticias del d\u00eda","author":[{"@type":"Person","name":"Elijah Stevens"}],"creator":["Elijah Stevens"],"publisher":{"@type":"Organization","name":"InSight Crime","logo":"https:\/\/insightcrime.org\/wp-content\/uploads\/2023\/08\/logo.png"},"keywords":["coca\u00edna europa","per\u00fa"],"dateCreated":"2017-03-28T00:11:21Z","datePublished":"2017-03-28T00:11:21Z","dateModified":"2023-04-24T20:47:52Z"},"rendered":"<meta name=\"parsely-title\" content=\"&#8216;Tony Montana&#8217; de Per\u00fa es capturado en Ecuador\" \/>\n<meta name=\"parsely-link\" content=\"http:\/\/insightcrime.org\/es\/noticias\/noticias-del-dia\/tony-montana-peru-capturado-ecuador\/\" \/>\n<meta name=\"parsely-type\" content=\"post\" \/>\n<meta name=\"parsely-image-url\" content=\"https:\/\/i0.wp.com\/insightcrime.org\/wp-content\/uploads\/2015\/09\/es-15-09-14-Peru-Oropeza.jpg?resize=150%2C141&amp;quality=100&amp;ssl=1\" \/>\n<meta name=\"parsely-pub-date\" content=\"2017-03-28T00:11:21Z\" \/>\n<meta name=\"parsely-section\" content=\"Noticias del d\u00eda\" \/>\n<meta name=\"parsely-tags\" content=\"coca\u00edna europa,per\u00fa\" \/>\n<meta name=\"parsely-author\" content=\"Elijah Stevens\" \/>","tracker_url":"https:\/\/cdn.parsely.com\/keys\/insightcrime.org\/p.js"},"jetpack_sharing_enabled":true,"jetpack-related-posts":[{"id":207731,"url":"https:\/\/insightcrime.org\/es\/noticias\/importancia-puerto-callao-trafico-cocaina-peru\/","url_meta":{"origin":8179,"position":0},"title":"\u00bfCu\u00e1l es la importancia del Puerto del Callao para el tr\u00e1fico de coca\u00edna en Per\u00fa?","author":"Scott Mistler-Ferguson","date":"12 de enero de 2023","format":false,"excerpt":"Pese a no recibir la misma atenci\u00f3n de los grandes puertos de Ecuador o Brasil, el puerto del Callao en Per\u00fa, cerca de la capital Lima, se ha mantenido como punto de salida vital de la coca\u00edna dirigida a los mercados internacionales.","rel":"","context":"En \u00abNoticias\u00bb","block_context":{"text":"Noticias","link":"https:\/\/insightcrime.org\/es\/category\/noticias\/"},"img":{"alt_text":"Vista a\u00e9rea del puerto del Callao","src":"https:\/\/i0.wp.com\/insightcrime.org\/wp-content\/uploads\/2023\/01\/HLAG_Port_of_the_Month_Callao_0038-1.jpg?fit=350%2C250&quality=100&ssl=1&resize=350%2C200","width":350,"height":200},"classes":[]},{"id":235046,"url":"https:\/\/insightcrime.org\/es\/noticias\/capturas-clan-farruku-conexion-albanesa-cocaina-latinoamerica\/","url_meta":{"origin":8179,"position":1},"title":"Capturas de \u2018Clan Farruku\u2019 evidencian conexiones albanesas con coca\u00edna en Latinoam\u00e9rica","author":"Vera Sistermans","date":"20 de abril de 2023","format":false,"excerpt":"Polic\u00eda espa\u00f1ola desarticul\u00f3 el clan Farruku, grupo criminal alban\u00e9s que traficaba coca\u00edna entre Latinoam\u00e9rica y Europa.","rel":"","context":"En \u00abNoticias\u00bb","block_context":{"text":"Noticias","link":"https:\/\/insightcrime.org\/es\/category\/noticias\/"},"img":{"alt_text":"Polic\u00eda espa\u00f1ola a las puertas de una propiedad conectada con el grupo criminal alban\u00e9s, clan Farruku.","src":"https:\/\/i0.wp.com\/insightcrime.org\/wp-content\/uploads\/2023\/04\/Entrada-registros-operacion_1783933082_182074223_667x375-1.jpg?fit=350%2C250&quality=100&ssl=1&resize=350%2C200","width":350,"height":200},"classes":[]},{"id":149099,"url":"https:\/\/insightcrime.org\/es\/noticias\/pueblo-pesquero-fuego-cruzado-narcos-ecuador\/","url_meta":{"origin":8179,"position":2},"title":"Pueblo pesquero en el fuego cruzado de los narcos de Ecuador","author":"Saskia Wright","date":"23 de junio de 2021","format":false,"excerpt":"En el municipio costero de Posorja, Ecuador, est\u00e1n aumentando los homicidios y varios barcos han sido incinerados, en tanto esta comunidad pesquera, un centro clave para el tr\u00e1nsito de coca\u00edna, queda atrapada en la guerra de las bandas narcotraficantes.","rel":"","context":"En \u00abNoticias\u00bb","block_context":{"text":"Noticias","link":"https:\/\/insightcrime.org\/es\/category\/noticias\/"},"img":{"alt_text":"Police patrol the village of Posorja on motorbikes.","src":"https:\/\/i0.wp.com\/insightcrime.org\/wp-content\/uploads\/2021\/06\/Posorja2.jpg?fit=350%2C250&quality=100&ssl=1&resize=350%2C200","width":350,"height":200},"classes":[]},{"id":210832,"url":"https:\/\/insightcrime.org\/es\/noticias\/capturan-colombia-criminal-buscado-ecuador\/","url_meta":{"origin":8179,"position":3},"title":"Capturan en Colombia al &#8216;criminal m\u00e1s buscado&#8217; de Ecuador","author":"Henry Shuldiner","date":"17 de febrero de 2023","format":false,"excerpt":"Las autoridades ecuatorianas capturaron a un presunto narcotraficante que dio el paso de las pandillas locales de Ecuador al tr\u00e1fico internacional de narc\u00f3ticos, y ayud\u00f3 a catapultar las credenciales del pa\u00eds en narcotr\u00e1fico y a un periodo de violencia pandillera sin fin.","rel":"","context":"En \u00abNoticias\u00bb","block_context":{"text":"Noticias","link":"https:\/\/insightcrime.org\/es\/category\/noticias\/"},"img":{"alt_text":"Wilder Emilio S\u00e1nchez Farf\u00e1n, alias \u201cGato Farf\u00e1n\u201d posa con autoridades colombianas","src":"https:\/\/i0.wp.com\/insightcrime.org\/wp-content\/uploads\/2023\/02\/Colombia-Gato-Farfan-El-Tiempo-17022211.jpeg?fit=350%2C250&quality=100&ssl=1&resize=350%2C200","width":350,"height":200},"classes":[]},{"id":232550,"url":"https:\/\/insightcrime.org\/es\/noticias\/ascenso-caida-choneros-narcotrafico-ecuador\/","url_meta":{"origin":8179,"position":4},"title":"Ascenso y ca\u00edda de Los Choneros, oportunistas del narcotr\u00e1fico en Ecuador","author":"Chris Dalby","date":"20 de julio de 2023","format":false,"excerpt":"El auge y la ca\u00edda de Los Choneros es una saga de alianzas oportunistas y viejas rencillas, una de las cuales le costar\u00eda la vida a su l\u00edder.","rel":"","context":"En \u00abNoticias\u00bb","block_context":{"text":"Noticias","link":"https:\/\/insightcrime.org\/es\/category\/noticias\/"},"img":{"alt_text":"Soldados resguardan la puerta de la prisi\u00f3n Inca en Ecuador","src":"https:\/\/i0.wp.com\/insightcrime.org\/wp-content\/uploads\/2023\/09\/Ecuador-Prison-Roit-Soldiers-guard-an-entrance-to-the-Inca-jail-Nov-2022-AP22322801765661-A2-1-1.jpg?fit=1200%2C690&quality=100&ssl=1&resize=350%2C200","width":350,"height":200,"srcset":"https:\/\/i0.wp.com\/insightcrime.org\/wp-content\/uploads\/2023\/09\/Ecuador-Prison-Roit-Soldiers-guard-an-entrance-to-the-Inca-jail-Nov-2022-AP22322801765661-A2-1-1.jpg?fit=1200%2C690&quality=100&ssl=1&resize=350%2C200 1x, https:\/\/i0.wp.com\/insightcrime.org\/wp-content\/uploads\/2023\/09\/Ecuador-Prison-Roit-Soldiers-guard-an-entrance-to-the-Inca-jail-Nov-2022-AP22322801765661-A2-1-1.jpg?fit=1200%2C690&quality=100&ssl=1&resize=525%2C300 1.5x, https:\/\/i0.wp.com\/insightcrime.org\/wp-content\/uploads\/2023\/09\/Ecuador-Prison-Roit-Soldiers-guard-an-entrance-to-the-Inca-jail-Nov-2022-AP22322801765661-A2-1-1.jpg?fit=1200%2C690&quality=100&ssl=1&resize=700%2C400 2x, https:\/\/i0.wp.com\/insightcrime.org\/wp-content\/uploads\/2023\/09\/Ecuador-Prison-Roit-Soldiers-guard-an-entrance-to-the-Inca-jail-Nov-2022-AP22322801765661-A2-1-1.jpg?fit=1200%2C690&quality=100&ssl=1&resize=1050%2C600 3x"},"classes":[]},{"id":205814,"url":"https:\/\/insightcrime.org\/es\/noticias\/supercartel-controlaba-trafico-drogas-europa\/","url_meta":{"origin":8179,"position":5},"title":"\u00bfUn supercartel controlaba el tr\u00e1fico de drogas en Europa?","author":"Douwe den Held","date":"29 de noviembre de 2022","format":false,"excerpt":"El arresto de un importante narcotraficante de los Balcanes en Dub\u00e1i ha revelado que algunos de los principales narcotraficantes de Europa cooperaban entre s\u00ed para obtener grandes cantidades de coca\u00edna en pa\u00edses productores de Am\u00e9rica Latina.","rel":"","context":"En \u00abNoticias\u00bb","block_context":{"text":"Noticias","link":"https:\/\/insightcrime.org\/es\/category\/noticias\/"},"img":{"alt_text":"Autos de lujo en Dub\u00e1i vinculados al narcotraficante balc\u00e1nico Edin Ga\u010danin","src":"https:\/\/i0.wp.com\/insightcrime.org\/wp-content\/uploads\/2022\/11\/3265270_screenshot-34_ff-1-1.jpg?fit=350%2C250&quality=100&ssl=1&resize=350%2C200","width":350,"height":200},"classes":[]}],"jetpack_featured_media_url":"https:\/\/i0.wp.com\/insightcrime.org\/wp-content\/uploads\/2015\/09\/es-15-09-14-Peru-Oropeza.jpg?fit=250%2C141&quality=100&ssl=1","_links":{"self":[{"href":"https:\/\/insightcrime.org\/es\/wp-json\/wp\/v2\/posts\/8179","targetHints":{"allow":["GET"]}}],"collection":[{"href":"https:\/\/insightcrime.org\/es\/wp-json\/wp\/v2\/posts"}],"about":[{"href":"https:\/\/insightcrime.org\/es\/wp-json\/wp\/v2\/types\/post"}],"author":[{"embeddable":true,"href":"https:\/\/insightcrime.org\/es\/wp-json\/wp\/v2\/users\/47"}],"replies":[{"embeddable":true,"href":"https:\/\/insightcrime.org\/es\/wp-json\/wp\/v2\/comments?post=8179"}],"version-history":[{"count":1,"href":"https:\/\/insightcrime.org\/es\/wp-json\/wp\/v2\/posts\/8179\/revisions"}],"predecessor-version":[{"id":25280,"href":"https:\/\/insightcrime.org\/es\/wp-json\/wp\/v2\/posts\/8179\/revisions\/25280"}],"wp:featuredmedia":[{"embeddable":true,"href":"https:\/\/insightcrime.org\/es\/wp-json\/wp\/v2\/media\/43181"}],"wp:attachment":[{"href":"https:\/\/insightcrime.org\/es\/wp-json\/wp\/v2\/media?parent=8179"}],"wp:term":[{"taxonomy":"category","embeddable":true,"href":"https:\/\/insightcrime.org\/es\/wp-json\/wp\/v2\/categories?post=8179"},{"taxonomy":"post_tag","embeddable":true,"href":"https:\/\/insightcrime.org\/es\/wp-json\/wp\/v2\/tags?post=8179"},{"taxonomy":"newspack_spnsrs_tax","embeddable":true,"href":"https:\/\/insightcrime.org\/es\/wp-json\/wp\/v2\/newspack_spnsrs_tax?post=8179"},{"taxonomy":"author","embeddable":true,"href":"https:\/\/insightcrime.org\/es\/wp-json\/wp\/v2\/coauthors?post=8179"}],"curies":[{"name":"wp","href":"https:\/\/api.w.org\/{rel}","templated":true}]}}