{"id":8184,"date":"2015-09-17T15:01:25","date_gmt":"2017-03-28T00:11:23","guid":{"rendered":"http:\/\/newwp.insightcrime.org?p=8184"},"modified":"2023-04-24T15:47:54","modified_gmt":"2023-04-24T20:47:54","slug":"policia-gobierno-el-salvador-discrepan-identidad-personas-asesinadas","status":"publish","type":"post","link":"https:\/\/insightcrime.org\/es\/noticias\/noticias-del-dia\/policia-gobierno-el-salvador-discrepan-identidad-personas-asesinadas\/","title":{"rendered":"Polic\u00eda y gobierno de El Salvador discrepan sobre la identidad de personas asesinadas"},"content":{"rendered":"\n<p class=\"wp-block-paragraph\">Las estad\u00edsticas de la polic\u00eda de El Salvador contin\u00faan contradiciendo las afirmaciones del gobierno de que la mayor\u00eda de las personas asesinadas en el pa\u00eds son pandilleros, lo cual genera temores de que las autoridades est\u00e9n priorizando sus intereses pol\u00edticos por encima de la seguridad y la justicia.<\/p>\n\n\n\n<p class=\"wp-block-paragraph\">Utilizando estad\u00edsticas de la Polic\u00eda Nacional Civil (PNC), la agencia espa\u00f1ola de noticias <a target=\"_blank\" href=\"https:\/\/www.s21.com.gt\/internacionales\/2015\/09\/15\/asesinato-pandilleros-salvador-representa-278-total-crimenes\">EFE inform\u00f3<\/a> que durante los primeros ocho meses de 2015, el 27,8 por ciento de los asesinados en El Salvador eran pandilleros. Asimismo, El Diario de Hoy <a target=\"_blank\" href=\"https:\/\/www.elsalvador.com\/articulo\/sucesos\/mayoria-muertos-por-violencia-eran-mareros-tenian-vinculos-con-ellos-87480\">descubri\u00f3 recientemente<\/a> que durante la segunda quincena de agosto la polic\u00eda identific\u00f3 s\u00f3lo el 24 por ciento de todas las v\u00edctimas de homicidio como pandilleros, o bien como personas vinculadas a pandillas.<\/p>\n\n\n\n<p class=\"wp-block-paragraph\">Estas cifras son diferentes a las del gobierno, para quien la mayor\u00eda de los asesinatos en El Salvador est\u00e1n relacionados con pandillas. Altos funcionarios de seguridad indicaron que <a target=\"_blank\" href=\"https:\/\/www.elsalvador.com\/articulo\/sucesos\/mayoria-muertos-por-violencia-eran-mareros-tenian-vinculos-con-ellos-87480\">cerca del 85 por ciento de todas las v\u00edctimas de homicidio<\/a> en agosto de este a\u00f1o eran pandilleros.<\/p>\n\n\n\n<p class=\"wp-block-paragraph\">\u201cSe est\u00e1n matando entre s\u00ed\u201d, dijo el viceministro de seguridad, Juan Javier Mart\u00ednez, seg\u00fan inform\u00f3 EFE. El ministro agreg\u00f3 que habr\u00e1 m\u00e1s muertes mientras las fuerzas de seguridad sigan enfrent\u00e1ndose a las pandillas.<\/p>\n\n\n\n<p class=\"wp-block-paragraph\">Esta no es la primera vez que los datos de la polic\u00eda sobre homicidios contradicen los informes del gobierno. En julio, informes de la polic\u00eda obtenidos por El Faro indicaron que el <a target=\"_blank\" href=\"\/noticias\/noticias-del-dia\/policia-salvador-contradice-estadisticas-oficiales-homicidios-pandilleros\">30 por ciento de las v\u00edctimas de homicidio<\/a> eran pandilleros; sin embargo, el ministro de seguridad Benito Lara dijo que el porcentaje de muertes relacionadas con pandillas era el doble de las cifras reportadas por la polic\u00eda.<\/p>\n\n\n\n<h3 class=\"wp-block-heading\">An\u00e1lisis de InSight Crime<\/h3>\n\n\n\n<p class=\"wp-block-paragraph\">Identificar correctamente las v\u00edctimas de asesinato es un proceso dif\u00edcil y dispendioso. Considerar que la mayor\u00eda de los homicidios est\u00e1n relacionados con pandillas es pol\u00edticamente conveniente, ya que implica que las v\u00edctimas estaban involucradas en actividades criminales y eso en parte justifica sus muertes.<\/p>\n\n\n\n<p class=\"wp-block-paragraph\">Sin embargo, ello implica una serie de riesgos. Al considerar que los asesinatos son el fruto de enfrentamientos entre pandillas, el gobierno se exime de llevar a cabo una adecuada investigaci\u00f3n por homicidio, lo cual disminuye la probabilidad de que los responsables sean llevados ante la justicia y fomenta un ambiente de anarqu\u00eda.<\/p>\n\n\n\n<p class=\"wp-block-paragraph\"><strong><span style=\"color: #800000\">VEA TAMBI\u00c9N:<\/span><\/strong> <a target=\"_blank\" href=\"\/noticias-sobre-crimen-organizado-en-el-salvador\">Noticias y perfiles de El Salvador<\/a><\/p>\n\n\n\n<p class=\"wp-block-paragraph\">Adem\u00e1s, decir que los pandilleros conforman la mayor cantidad de v\u00edctimas \u2014y de victimarios\u2014 de los cr\u00edmenes violentos fomenta una mayor aceptaci\u00f3n de las estrategias de lucha militarizada contra el crimen. Los funcionarios de seguridad salvadore\u00f1os han asumido cada vez m\u00e1s un <a target=\"_blank\" href=\"\/noticias\/noticias-del-dia\/el-salvador-nerviosismo-prevalece-sobre-politica-seguridad\">enfoque de mano dura<\/a> en la lucha contra las pandillas, en tanto los enfrentamientos entre fuerzas de seguridad y delincuentes <a target=\"_blank\" href=\"\/noticias\/noticias-del-dia\/mas-ataques-pandillas-contra-fuerzas-seguridad-el-salvador\">contin\u00faan aumentando<\/a>. Si bien las pandillas son sin lugar a dudas las principales generadoras de violencia, el \u00e9nfasis que las autoridades ponen sobre ese hecho desv\u00eda la atenci\u00f3n de otros problemas de seguridad que afectan a la poblaci\u00f3n en general.<\/p>\n\n\n\n<p class=\"wp-block-paragraph\">Finalmente, etiquetar a las v\u00edctimas como pandilleros conlleva un enorme estigma social que es dif\u00edcil de eliminar una vez se ha instaurado. Las pol\u00edticas de seguridad de mano dura han llevado anteriormente a la <a target=\"_blank\" href=\"\/investigations\/how-mano-dura-is-strengthening-gangs\">encarcelaci\u00f3n masiva<\/a> de pandilleros no s\u00f3lo en El Salvador, sino tambi\u00e9n en Guatemala y Honduras.<\/p>\n","protected":false},"excerpt":{"rendered":"<p>Las estad\u00edsticas de la polic\u00eda de El Salvador contin\u00faan contradiciendo las afirmaciones del gobierno de que la mayor\u00eda de las personas asesinadas en el pa\u00eds son pandilleros, lo cual genera temores de que las autoridades est\u00e9n priorizando sus intereses pol\u00edticos por encima de la seguridad y la justicia.<\/p>\n","protected":false},"author":41,"featured_media":43193,"comment_status":"closed","ping_status":"closed","sticky":false,"template":"","format":"standard","meta":{"newspack_ads_suppress_ads":false,"newspack_popups_has_disabled_popups":false,"newspack_sponsor_sponsorship_scope":"","newspack_sponsor_native_byline_display":"inherit","newspack_sponsor_native_category_display":"inherit","newspack_sponsor_underwriter_style":"inherit","newspack_sponsor_underwriter_placement":"inherit","_EventAllDay":false,"_EventTimezone":"","_EventStartDate":"","_EventEndDate":"","_EventStartDateUTC":"","_EventEndDateUTC":"","_EventShowMap":false,"_EventShowMapLink":false,"_EventURL":"","_EventCost":"","_EventCostDescription":"","_EventCurrencySymbol":"","_EventCurrencyCode":"","_EventCurrencyPosition":"","_EventDateTimeSeparator":"","_EventTimeRangeSeparator":"","_EventOrganizerID":[],"_EventVenueID":[],"_OrganizerEmail":"","_OrganizerPhone":"","_OrganizerWebsite":"","_VenueAddress":"","_VenueCity":"","_VenueCountry":"","_VenueProvince":"","_VenueState":"","_VenueZip":"","_VenuePhone":"","_VenueURL":"","_VenueStateProvince":"","_VenueLat":"","_VenueLng":"","_VenueShowMap":false,"_VenueShowMapLink":false,"_newspack_byline_active":false,"_newspack_byline":"","newspack_hide_updated_date":false,"newspack_show_updated_date":false,"newspack_featured_image_position":"","newspack_post_subtitle":"","newspack_article_summary_title":"Overview:","newspack_article_summary":"","_jetpack_memberships_contains_paid_content":false,"footnotes":""},"categories":[334],"tags":[375,1540,1500],"newspack_spnsrs_tax":[],"coauthors":[3911],"class_list":["post-8184","post","type-post","status-publish","format-standard","has-post-thumbnail","hentry","category-noticias-del-dia","tag-barrio-18-grupo","tag-el-salvador-pais","tag-ms13-es","entry"],"parsely":{"version":"1.1.0","canonical_url":"https:\/\/insightcrime.org\/es\/noticias\/noticias-del-dia\/policia-gobierno-el-salvador-discrepan-identidad-personas-asesinadas\/","smart_links":{"inbound":0,"outbound":0},"traffic_boost_suggestions_count":0,"meta":{"@context":"https:\/\/schema.org","@type":"NewsArticle","headline":"Polic\u00eda y gobierno de El Salvador discrepan sobre la identidad de personas asesinadas","url":"http:\/\/insightcrime.org\/es\/noticias\/noticias-del-dia\/policia-gobierno-el-salvador-discrepan-identidad-personas-asesinadas\/","mainEntityOfPage":{"@type":"WebPage","@id":"http:\/\/insightcrime.org\/es\/noticias\/noticias-del-dia\/policia-gobierno-el-salvador-discrepan-identidad-personas-asesinadas\/"},"thumbnailUrl":"https:\/\/i0.wp.com\/insightcrime.org\/wp-content\/uploads\/2015\/09\/es-15-10-16-ESMurder.jpg?resize=150%2C141&quality=100&ssl=1","image":{"@type":"ImageObject","url":"https:\/\/i0.wp.com\/insightcrime.org\/wp-content\/uploads\/2015\/09\/es-15-10-16-ESMurder.jpg?fit=250%2C141&quality=100&ssl=1"},"articleSection":"Noticias del d\u00eda","author":[{"@type":"Person","name":"Arron Daugherty"}],"creator":["Arron Daugherty"],"publisher":{"@type":"Organization","name":"InSight Crime","logo":"https:\/\/insightcrime.org\/wp-content\/uploads\/2023\/08\/logo.png"},"keywords":["barrio 18","el salvador","ms13"],"dateCreated":"2017-03-28T00:11:23Z","datePublished":"2017-03-28T00:11:23Z","dateModified":"2023-04-24T20:47:54Z"},"rendered":"<meta name=\"parsely-title\" content=\"Polic\u00eda y gobierno de El Salvador discrepan sobre la identidad de personas asesinadas\" \/>\n<meta name=\"parsely-link\" content=\"http:\/\/insightcrime.org\/es\/noticias\/noticias-del-dia\/policia-gobierno-el-salvador-discrepan-identidad-personas-asesinadas\/\" \/>\n<meta name=\"parsely-type\" content=\"post\" \/>\n<meta name=\"parsely-image-url\" content=\"https:\/\/i0.wp.com\/insightcrime.org\/wp-content\/uploads\/2015\/09\/es-15-10-16-ESMurder.jpg?resize=150%2C141&amp;quality=100&amp;ssl=1\" \/>\n<meta name=\"parsely-pub-date\" content=\"2017-03-28T00:11:23Z\" \/>\n<meta name=\"parsely-section\" content=\"Noticias del d\u00eda\" \/>\n<meta name=\"parsely-tags\" content=\"barrio 18,el salvador,ms13\" \/>\n<meta name=\"parsely-author\" content=\"Arron Daugherty\" \/>","tracker_url":"https:\/\/cdn.parsely.com\/keys\/insightcrime.org\/p.js"},"jetpack_sharing_enabled":true,"jetpack-related-posts":[{"id":187339,"url":"https:\/\/insightcrime.org\/es\/noticias\/exodo-pandillas-salvador-genera-panico-aunque-pocos-arrestos\/","url_meta":{"origin":8184,"position":0},"title":"\u00c9xodo de pandillas de El Salvador genera p\u00e1nico, aunque pocos arrestos","author":"Alessandro Ford","date":"2 de junio de 2022","format":false,"excerpt":"Desde hace dos meses que el gobierno de El Salvador comenz\u00f3 su campa\u00f1a de arrestos masivos, como una ofensiva contra las pandillas, menos de 60 presuntos pandilleros del pa\u00eds han sido arrestados en Honduras y Guatemala, una cifra que pone en duda los refuerzos a la seguridad y la ret\u00f3rica\u2026","rel":"","context":"En \u00abNoticias\u00bb","block_context":{"text":"Noticias","link":"https:\/\/insightcrime.org\/es\/category\/noticias\/"},"img":{"alt_text":"El ministro de Gobierno de Guatemala, David Napole\u00f3n Barrientos","src":"https:\/\/i0.wp.com\/insightcrime.org\/wp-content\/uploads\/2022\/05\/FPb_Hv6X0AIwmuD.jpeg?fit=350%2C250&quality=100&ssl=1&resize=350%2C200","width":350,"height":200},"classes":[]},{"id":206347,"url":"https:\/\/insightcrime.org\/es\/noticias\/costo-desconocido-guerra-antipandillas-salvador\/","url_meta":{"origin":8184,"position":1},"title":"\u00bfCu\u00e1l es el verdadero costo de la guerra antipandillas en El Salvador?","author":"Chris Dalby","date":"6 de diciembre de 2022","format":false,"excerpt":"La escalada de la campa\u00f1a antipandillas en la ciudad de Soyapango, centro de El Salvador, ha suscitado serios interrogantes sobre si est\u00e1 cumpliendo el prop\u00f3sito de erradicar las pandillas y cu\u00e1les ser\u00e1n las verdaderas intenciones del presidente Nayib Bukele.","rel":"","context":"En \u00abNoticias\u00bb","block_context":{"text":"Noticias","link":"https:\/\/insightcrime.org\/es\/category\/noticias\/"},"img":{"alt_text":"Arribo de soldados a Soyapango como parte de una arremetida del gobierno contra las pandillas","src":"https:\/\/i0.wp.com\/insightcrime.org\/wp-content\/uploads\/2022\/12\/mw-720-1-1.jpg?fit=350%2C250&quality=100&ssl=1&resize=350%2C200","width":350,"height":200},"classes":[]},{"id":232532,"url":"https:\/\/insightcrime.org\/es\/noticias\/nuevas-medidas-en-el-salvador-robustecen-la-represion-contra-las-pandillas\/","url_meta":{"origin":8184,"position":2},"title":"Nuevas medidas en El Salvador intensifican la represi\u00f3n contra las pandillas","author":"Gavin Voss","date":"4 de agosto de 2023","format":false,"excerpt":"Con el despliegue de miles de soldados en zonas rurales de El Salvador y una nueva legislaci\u00f3n que permite enjuiciar cientos de personas a la vez, el presidente Nayib Bukele ha expuesto la m\u00e1s reciente escalada de su campa\u00f1a de mano dura.","rel":"","context":"En \u00abNoticias\u00bb","block_context":{"text":"Noticias","link":"https:\/\/insightcrime.org\/es\/category\/noticias\/"},"img":{"alt_text":"Marcha de soldados durante el anuncio del presidente de El Salvador, Bukele, de una movilizaci\u00f3n militar en Caba\u00f1as.","src":"https:\/\/i0.wp.com\/insightcrime.org\/wp-content\/uploads\/2023\/09\/El-Salvador-cabanas-troops-security-policy-Nayib-Bukele-Twitter-1.jpeg?fit=350%2C250&quality=100&ssl=1&resize=350%2C200","width":350,"height":200},"classes":[]},{"id":181042,"url":"https:\/\/insightcrime.org\/es\/noticias\/ola-homicida-pandillas-conmociona-gobierno-el-salvador\/","url_meta":{"origin":8184,"position":3},"title":"Ola homicida de pandillas sacude a gobierno de El Salvador","author":"Alex Papadovassilakis","date":"28 de marzo de 2022","format":false,"excerpt":"Una ola de asesinatos in\u00e9dita desde los d\u00edas de la guerra civil en El Salvador fue el mensaje f\u00fanebre de las pandillas del pa\u00eds, en el idioma que usan para pronunciarse, hacia el gobierno.","rel":"","context":"En \u00abNoticias\u00bb","block_context":{"text":"Noticias","link":"https:\/\/insightcrime.org\/es\/category\/noticias\/"},"img":{"alt_text":"Fuerzas de seguridad de El Salvador en guardia","src":"https:\/\/i0.wp.com\/insightcrime.org\/wp-content\/uploads\/2022\/03\/ES-Spree-1.jpeg?fit=350%2C250&quality=100&ssl=1&resize=350%2C200","width":350,"height":200},"classes":[]},{"id":191993,"url":"https:\/\/insightcrime.org\/es\/noticias\/conexiones-politicas-ayudan-cabecillas-ms13-escapar-salvador\/","url_meta":{"origin":8184,"position":4},"title":"Conexiones pol\u00edticas ayudan a cabecillas de la MS13 a escapar de El Salvador","author":"Parker Asmann","date":"19 de julio de 2022","format":false,"excerpt":"La liberaci\u00f3n de un importante cabecilla de la MS13 de una prisi\u00f3n de m\u00e1xima seguridad de El Salvador, y su posterior fuga, ponen de manifiesto la capacidad que tiene la pandilla para aprovechar sus conexiones pol\u00edticas y las redes transnacionales para proteger a los miembros m\u00e1s importantes de la organizaci\u00f3n.","rel":"","context":"En \u00abNoticias\u00bb","block_context":{"text":"Noticias","link":"https:\/\/insightcrime.org\/es\/category\/noticias\/"},"img":{"alt_text":"MS13 members in prison in El Salvador","src":"https:\/\/i0.wp.com\/insightcrime.org\/wp-content\/uploads\/2022\/07\/El-Salvador-Imprisoned-gang-members-face-masks-AP_20248762682929-Sep-2020-A2-1.jpg?fit=1200%2C675&quality=100&ssl=1&resize=350%2C200","width":350,"height":200,"srcset":"https:\/\/i0.wp.com\/insightcrime.org\/wp-content\/uploads\/2022\/07\/El-Salvador-Imprisoned-gang-members-face-masks-AP_20248762682929-Sep-2020-A2-1.jpg?fit=1200%2C675&quality=100&ssl=1&resize=350%2C200 1x, https:\/\/i0.wp.com\/insightcrime.org\/wp-content\/uploads\/2022\/07\/El-Salvador-Imprisoned-gang-members-face-masks-AP_20248762682929-Sep-2020-A2-1.jpg?fit=1200%2C675&quality=100&ssl=1&resize=525%2C300 1.5x, https:\/\/i0.wp.com\/insightcrime.org\/wp-content\/uploads\/2022\/07\/El-Salvador-Imprisoned-gang-members-face-masks-AP_20248762682929-Sep-2020-A2-1.jpg?fit=1200%2C675&quality=100&ssl=1&resize=700%2C400 2x, https:\/\/i0.wp.com\/insightcrime.org\/wp-content\/uploads\/2022\/07\/El-Salvador-Imprisoned-gang-members-face-masks-AP_20248762682929-Sep-2020-A2-1.jpg?fit=1200%2C675&quality=100&ssl=1&resize=1050%2C600 3x"},"classes":[]},{"id":182147,"url":"https:\/\/insightcrime.org\/es\/noticias\/politica-seguridad-el-salvador-pasa-mano-dura-exceso-fuerza\/","url_meta":{"origin":8184,"position":5},"title":"Pol\u00edtica de seguridad en El Salvador pasa de la mano dura al exceso de fuerza","author":"Alex Papadovassilakis","date":"12 de abril de 2022","format":false,"excerpt":"Con una oleada de detenciones rara vez vista, el gobierno de El Salvador redobla y extiende sus pol\u00edticas de seguridad, conocidas como de mano dura, las cuales han fracasado consistentemente en producir resultados duraderos.","rel":"","context":"En \u00abNoticias\u00bb","block_context":{"text":"Noticias","link":"https:\/\/insightcrime.org\/es\/category\/noticias\/"},"img":{"alt_text":"Miembros de pandillas siendo escoltados","src":"https:\/\/i0.wp.com\/insightcrime.org\/wp-content\/uploads\/2022\/04\/ezgif-1-cad0e1da2c-1.jpg?fit=350%2C250&quality=100&ssl=1&resize=350%2C200","width":350,"height":200},"classes":[]}],"jetpack_featured_media_url":"https:\/\/i0.wp.com\/insightcrime.org\/wp-content\/uploads\/2015\/09\/es-15-10-16-ESMurder.jpg?fit=250%2C141&quality=100&ssl=1","_links":{"self":[{"href":"https:\/\/insightcrime.org\/es\/wp-json\/wp\/v2\/posts\/8184","targetHints":{"allow":["GET"]}}],"collection":[{"href":"https:\/\/insightcrime.org\/es\/wp-json\/wp\/v2\/posts"}],"about":[{"href":"https:\/\/insightcrime.org\/es\/wp-json\/wp\/v2\/types\/post"}],"author":[{"embeddable":true,"href":"https:\/\/insightcrime.org\/es\/wp-json\/wp\/v2\/users\/41"}],"replies":[{"embeddable":true,"href":"https:\/\/insightcrime.org\/es\/wp-json\/wp\/v2\/comments?post=8184"}],"version-history":[{"count":1,"href":"https:\/\/insightcrime.org\/es\/wp-json\/wp\/v2\/posts\/8184\/revisions"}],"predecessor-version":[{"id":25292,"href":"https:\/\/insightcrime.org\/es\/wp-json\/wp\/v2\/posts\/8184\/revisions\/25292"}],"wp:featuredmedia":[{"embeddable":true,"href":"https:\/\/insightcrime.org\/es\/wp-json\/wp\/v2\/media\/43193"}],"wp:attachment":[{"href":"https:\/\/insightcrime.org\/es\/wp-json\/wp\/v2\/media?parent=8184"}],"wp:term":[{"taxonomy":"category","embeddable":true,"href":"https:\/\/insightcrime.org\/es\/wp-json\/wp\/v2\/categories?post=8184"},{"taxonomy":"post_tag","embeddable":true,"href":"https:\/\/insightcrime.org\/es\/wp-json\/wp\/v2\/tags?post=8184"},{"taxonomy":"newspack_spnsrs_tax","embeddable":true,"href":"https:\/\/insightcrime.org\/es\/wp-json\/wp\/v2\/newspack_spnsrs_tax?post=8184"},{"taxonomy":"author","embeddable":true,"href":"https:\/\/insightcrime.org\/es\/wp-json\/wp\/v2\/coauthors?post=8184"}],"curies":[{"name":"wp","href":"https:\/\/api.w.org\/{rel}","templated":true}]}}