{"id":81957,"date":"2018-03-30T13:37:39","date_gmt":"2018-03-30T18:37:39","guid":{"rendered":"https:\/\/insightcrime.org\/?p=81957"},"modified":"2023-04-24T16:28:35","modified_gmt":"2023-04-24T21:28:35","slug":"mexico-sorprende-con-sentencia-contra-funcionarios-que-asesinaron-a-periodista","status":"publish","type":"post","link":"https:\/\/insightcrime.org\/es\/noticias\/noticias-del-dia\/mexico-sorprende-con-sentencia-contra-funcionarios-que-asesinaron-a-periodista\/","title":{"rendered":"M\u00e9xico sorprende con sentencia contra funcionarios que asesinaron a periodista"},"content":{"rendered":"\n<p class=\"wp-block-paragraph\">En M\u00e9xico condenan a dos exagentes de polic\u00eda por el homicidio del due\u00f1o de un peri\u00f3dico, una medida judicial que sorprende, en un pa\u00eds en el que impera la impunidad en casi todos los casos de violencia contra periodistas.<\/p>\n\n\n\n<p class=\"wp-block-paragraph\">Dos exagentes de polic\u00eda del municipio de Medell\u00edn de Bravo en el estado de Veracruz, sureste de M\u00e9xico, recibieron sentencias de 25 a\u00f1os de c\u00e1rcel por el homicidio de Mois\u00e9s S\u00e1nchez, propietario de un peri\u00f3dico, asesinado en enero de 2015, seg\u00fan anunci\u00f3 un <a href=\"http:\/\/comunicacion.fiscaliaveracruz.gob.mx\/obtiene-fge-sentencias-condenatorias-contra-dos-homicidas-de-periodista-y-activista-moises-sanchez\/\">bolet\u00edn de prensa<\/a>&nbsp;reciente de la fiscal\u00eda general del estado de Veracruz.<\/p>\n\n\n\n<p class=\"wp-block-paragraph\">Los exagentes, identificados como Luigui Heriberto \u201cN\u201d y Jos\u00e9 Francisco \u201cN\u201d, fueron declarados culpables de homicidio doloso e incumplimiento de un deber legal. Adem\u00e1s de la sentencia de 25 a\u00f1os de prisi\u00f3n, se impuso a los expolic\u00edas una multa por perjuicios de $332.250 pesos mexicanos (US$18.200).<\/p>\n\n\n\n<p class=\"wp-block-paragraph\">S\u00e1nchez, quien hab\u00eda recibido amenazas por sus reportajes sobre la corrupci\u00f3n y violencia gubernamental como due\u00f1o del peri\u00f3dico local La Uni\u00f3n, fue sacado de su casa a comienzos de enero de 2015 y hallado decapitado y desmembrado semanas despu\u00e9s.<\/p>\n\n\n\n<p class=\"wp-block-paragraph\">El d\u00eda que se descubri\u00f3 el cuerpo de S\u00e1nchez, el exagente de polic\u00eda Clemente No\u00e9 Rodr\u00edguez Mart\u00ednez&nbsp;<a href=\"https:\/\/es.insightcrime.org\/noticias\/noticias-del-dia\/alcalde-ordeno-policia-asesinar-periodista-mexico-funcionario\/\">confes\u00f3<\/a>&nbsp;el asesinato del periodista por \u00f3rdenes de Mart\u00edn L\u00f3pez Meneses, subdirector de la polic\u00eda municipal. L\u00f3pez Meneses supuestamente hab\u00eda recibido instrucciones del alcalde de la municipalidad, Omar Cruz Reyes. Rodr\u00edguez tambi\u00e9n identific\u00f3 a otros cinco expolic\u00edas que, seg\u00fan \u00e9l, participaron en el homicidio.<\/p>\n\n\n\n<p class=\"wp-block-paragraph\">Tras las recientes condenas, el hijo de Mois\u00e9s S\u00e1nchez, Jorge S\u00e1nchez, conden\u00f3 abiertamente el hecho de que no hubieran avanzado los cargos contra Meneses, Cruz y Rodr\u00edguez. Jorge S\u00e1nchez <a href=\"http:\/\/plumaslibres.com.mx\/2018\/03\/28\/hijo-moises-sanchez-pide-justicia-asesinato-padre-sentencia-dos-ex-policias-no-suficiente\/\">escribi\u00f3<\/a> recientemente para el medio informativo Plumas Libres que la investigaci\u00f3n que dur\u00f3 tres a\u00f1os se movi\u00f3 a \u201cpaso de tortuga\u201d y estuvo \u201cestancada\u201d, y aunque \u201cdos sentencias condenatorias a expolic\u00edas por incumpliendo [sic] de un deber legal min\u00fasculo avance\u2026 no es justicia\u201d.<\/p>\n\n\n\n<p class=\"wp-block-paragraph\">El Comit\u00e9 para la Protecci\u00f3n de Periodistas (Committee to Protect Journalists) ha <a href=\"https:\/\/cpj.org\/reports\/2017\/05\/no-excuse-moises-sanchez-mexico-veracruz-murder-justice-blocked-1.php\">expresado anteriormente<\/a>&nbsp;su preocupaci\u00f3n por las \u201canomal\u00edas y retrasos\u201d en la investigaci\u00f3n, y por el hecho de que no se hiciera comparecer ante la justicia a los sospechosos claves.<\/p>\n\n\n\n<h3 class=\"wp-block-heading\">An\u00e1lisis de InSight Crime<\/h3>\n\n\n\n<p class=\"wp-block-paragraph\">Las sentencias recientes a dos exagentes de polic\u00eda en el caso del homicidio de Mois\u00e9s S\u00e1nchez representan un peque\u00f1o golpe a la casi total impunidad para funcionarios p\u00fablicos corruptos implicados en violencia contra periodistas en el pa\u00eds.<\/p>\n\n\n\n<p class=\"wp-block-paragraph\">Sin embargo, el avance en este caso de alto perfil sigue siendo la excepci\u00f3n a la norma. M\u00e9xico tiene una pasmosa tasa de 99,6 por ciento de impunidad por delitos contra periodistas, que bien puede agravarse por el hecho de que muchas veces hay funcionarios de gobierno <a href=\"https:\/\/es.insightcrime.org\/noticias\/noticias-del-dia\/informe-periodistas-en-mexico-enfrentan-violencia-de-funcionarios-y-grupos-criminales\/\">implicados<\/a> en los delitos.<\/p>\n\n\n\n<p class=\"wp-block-paragraph\"><span style=\"color: #800000;\"><strong>VEA TAMBI\u00c9N:<\/strong><\/span> <a href=\"https:\/\/insightcrime.org\/es\/tag\/elites-y-crimen-organizado\/\">Cobertura sobre \u00c9lites y crimen organizado<\/a><\/p>\n\n\n\n<p class=\"wp-block-paragraph\">Veracruz se llev\u00f3 el t\u00edtulo de estado mexicano <a href=\"https:\/\/es.insightcrime.org\/noticias\/noticias-del-dia\/veracruz-mexico-epicentro-violencia-contra-periodistas-latinoamerica\/\">m\u00e1s peligroso<\/a>&nbsp;para el ejercicio del periodismo en el mandato del gobernador Javier Duarte, de 2010 a 2016, el cual termin\u00f3 abruptamente cuando Duarte huy\u00f3 en un intento por evitar responder por acusaciones de corrupci\u00f3n. Durante el periodo de Duarte en el poder, fueron asesinados 17 periodistas y desaparecidos tres. Aunque Veracruz tiene implementadas m\u00e1s medidas de protecci\u00f3n a periodistas que cualquier otro estado de M\u00e9xico, un&nbsp;<a href=\"https:\/\/es.insightcrime.org\/noticias\/analisis\/cultura-politica-mexico-retrasa-justicia-casos-periodistas-asesinados\/\">contexto de impunidad<\/a>&nbsp;y complicidad de los funcionarios de gobierno ha hecho posible que se mantenga la violencia sin tregua contra los periodistas, incluidos <a href=\"https:\/\/es.insightcrime.org\/noticias\/noticias-del-dia\/periodista-asesinado-veracruz-mexico-encontraba-bajo-proteccion-policial\/\">aquellos que se encuentran bajo protecci\u00f3n policial<\/a>.<\/p>\n","protected":false},"excerpt":{"rendered":"<p>En M\u00e9xico condenan a dos exagentes de polic\u00eda por el homicidio del due\u00f1o de un peri\u00f3dico, una medida judicial que sorprende, en un pa\u00eds en el que impera la impunidad en casi todos los casos de violencia contra periodistas.<\/p>\n","protected":false},"author":148,"featured_media":81896,"comment_status":"closed","ping_status":"closed","sticky":false,"template":"","format":"standard","meta":{"newspack_ads_suppress_ads":false,"newspack_popups_has_disabled_popups":false,"newspack_sponsor_sponsorship_scope":"","newspack_sponsor_native_byline_display":"inherit","newspack_sponsor_native_category_display":"inherit","newspack_sponsor_underwriter_style":"inherit","newspack_sponsor_underwriter_placement":"inherit","_EventAllDay":false,"_EventTimezone":"","_EventStartDate":"","_EventEndDate":"","_EventStartDateUTC":"","_EventEndDateUTC":"","_EventShowMap":false,"_EventShowMapLink":false,"_EventURL":"","_EventCost":"","_EventCostDescription":"","_EventCurrencySymbol":"","_EventCurrencyCode":"","_EventCurrencyPosition":"","_EventDateTimeSeparator":"","_EventTimeRangeSeparator":"","_EventOrganizerID":[],"_EventVenueID":[],"_OrganizerEmail":"","_OrganizerPhone":"","_OrganizerWebsite":"","_VenueAddress":"","_VenueCity":"","_VenueCountry":"","_VenueProvince":"","_VenueState":"","_VenueZip":"","_VenuePhone":"","_VenueURL":"","_VenueStateProvince":"","_VenueLat":"","_VenueLng":"","_VenueShowMap":false,"_VenueShowMapLink":false,"_newspack_byline_active":false,"_newspack_byline":"","newspack_hide_updated_date":false,"newspack_show_updated_date":false,"newspack_featured_image_position":"","newspack_post_subtitle":"","newspack_article_summary_title":"Overview:","newspack_article_summary":"","_jetpack_memberships_contains_paid_content":false,"footnotes":""},"categories":[334],"tags":[447,406],"newspack_spnsrs_tax":[],"coauthors":[4080],"class_list":["post-81957","post","type-post","status-publish","format-standard","has-post-thumbnail","hentry","category-noticias-del-dia","tag-elites-y-crimen-organizado","tag-mexico-pais","entry"],"parsely":{"version":"1.1.0","canonical_url":"https:\/\/insightcrime.org\/es\/noticias\/noticias-del-dia\/mexico-sorprende-con-sentencia-contra-funcionarios-que-asesinaron-a-periodista\/","smart_links":{"inbound":0,"outbound":0},"traffic_boost_suggestions_count":0,"meta":{"@context":"https:\/\/schema.org","@type":"NewsArticle","headline":"M\u00e9xico sorprende con sentencia contra funcionarios que asesinaron a periodista","url":"http:\/\/insightcrime.org\/es\/noticias\/noticias-del-dia\/mexico-sorprende-con-sentencia-contra-funcionarios-que-asesinaron-a-periodista\/","mainEntityOfPage":{"@type":"WebPage","@id":"http:\/\/insightcrime.org\/es\/noticias\/noticias-del-dia\/mexico-sorprende-con-sentencia-contra-funcionarios-que-asesinaron-a-periodista\/"},"thumbnailUrl":"https:\/\/i0.wp.com\/insightcrime.org\/wp-content\/uploads\/2018\/03\/18-03-29-Mexico-Moises-Sanchez-journalist-murder.jpg?resize=150%2C150&quality=100&ssl=1","image":{"@type":"ImageObject","url":"https:\/\/i0.wp.com\/insightcrime.org\/wp-content\/uploads\/2018\/03\/18-03-29-Mexico-Moises-Sanchez-journalist-murder.jpg?fit=350%2C250&quality=100&ssl=1"},"articleSection":"Noticias del d\u00eda","author":[{"@type":"Person","name":"Angelika Albaladejo"}],"creator":["Angelika Albaladejo"],"publisher":{"@type":"Organization","name":"InSight Crime","logo":"https:\/\/insightcrime.org\/wp-content\/uploads\/2023\/08\/logo.png"},"keywords":["\u00e9lites y crimen","m\u00e9xico"],"dateCreated":"2018-03-30T18:37:39Z","datePublished":"2018-03-30T18:37:39Z","dateModified":"2023-04-24T21:28:35Z"},"rendered":"<meta name=\"parsely-title\" content=\"M\u00e9xico sorprende con sentencia contra funcionarios que asesinaron a periodista\" \/>\n<meta name=\"parsely-link\" content=\"http:\/\/insightcrime.org\/es\/noticias\/noticias-del-dia\/mexico-sorprende-con-sentencia-contra-funcionarios-que-asesinaron-a-periodista\/\" \/>\n<meta name=\"parsely-type\" content=\"post\" \/>\n<meta name=\"parsely-image-url\" content=\"https:\/\/i0.wp.com\/insightcrime.org\/wp-content\/uploads\/2018\/03\/18-03-29-Mexico-Moises-Sanchez-journalist-murder.jpg?resize=150%2C150&amp;quality=100&amp;ssl=1\" \/>\n<meta name=\"parsely-pub-date\" content=\"2018-03-30T18:37:39Z\" \/>\n<meta name=\"parsely-section\" content=\"Noticias del d\u00eda\" \/>\n<meta name=\"parsely-tags\" content=\"\u00e9lites y crimen,m\u00e9xico\" \/>\n<meta name=\"parsely-author\" content=\"Angelika Albaladejo\" \/>","tracker_url":"https:\/\/cdn.parsely.com\/keys\/insightcrime.org\/p.js"},"jetpack_sharing_enabled":true,"jetpack-related-posts":[{"id":147366,"url":"https:\/\/insightcrime.org\/es\/noticias\/veracruz-estado-mas-peligroso-mexico-homicidios-politicos\/","url_meta":{"origin":81957,"position":0},"title":"Por qu\u00e9 Veracruz es el estado m\u00e1s peligroso de M\u00e9xico en homicidios de pol\u00edticos","author":"Max Radwin","date":"3 de junio de 2021","format":false,"excerpt":"Postularse a un cargo de elecci\u00f3n popular en M\u00e9xico es una actividad de alto riesgo. Para el 31 de mayo, una semana antes de las elecciones locales del 6 de junio, hab\u00edan sido asesinados al menos 89 candidatos pol\u00edticos durante la actual campa\u00f1a.","rel":"","context":"En \u00abNoticias\u00bb","block_context":{"text":"Noticias","link":"https:\/\/insightcrime.org\/es\/category\/noticias\/"},"img":{"alt_text":"","src":"https:\/\/i0.wp.com\/insightcrime.org\/wp-content\/uploads\/2021\/06\/Veracruz-politicians.jpg?fit=1200%2C690&quality=100&ssl=1&resize=350%2C200","width":350,"height":200,"srcset":"https:\/\/i0.wp.com\/insightcrime.org\/wp-content\/uploads\/2021\/06\/Veracruz-politicians.jpg?fit=1200%2C690&quality=100&ssl=1&resize=350%2C200 1x, https:\/\/i0.wp.com\/insightcrime.org\/wp-content\/uploads\/2021\/06\/Veracruz-politicians.jpg?fit=1200%2C690&quality=100&ssl=1&resize=525%2C300 1.5x, https:\/\/i0.wp.com\/insightcrime.org\/wp-content\/uploads\/2021\/06\/Veracruz-politicians.jpg?fit=1200%2C690&quality=100&ssl=1&resize=700%2C400 2x, https:\/\/i0.wp.com\/insightcrime.org\/wp-content\/uploads\/2021\/06\/Veracruz-politicians.jpg?fit=1200%2C690&quality=100&ssl=1&resize=1050%2C600 3x"},"classes":[]},{"id":146174,"url":"https:\/\/insightcrime.org\/es\/noticias\/asesinatos-periodistas-revelan-mano-negra-crimen-organizado\/","url_meta":{"origin":81957,"position":1},"title":"Asesinatos de periodistas revelan la mano negra del crimen organizado","author":"Saskia Wright","date":"24 de mayo de 2021","format":false,"excerpt":"De los casi 140 periodistas asesinados en M\u00e9xico, Colombia, Brasil y Honduras en la \u00faltima d\u00e9cada, cerca de la mitad cubr\u00edan temas de crimen organizado.","rel":"","context":"En \u00abNoticias\u00bb","block_context":{"text":"Noticias","link":"https:\/\/insightcrime.org\/es\/category\/noticias\/"},"img":{"alt_text":"","src":"https:\/\/i0.wp.com\/insightcrime.org\/wp-content\/uploads\/2021\/05\/5184.jpg?fit=350%2C250&quality=100&ssl=1&resize=350%2C200","width":350,"height":200},"classes":[]},{"id":232579,"url":"https:\/\/insightcrime.org\/es\/noticias\/criminales-violencia-electoral-mexico-brasil\/","url_meta":{"origin":81957,"position":2},"title":"Grupos criminales usan violencia electoral en M\u00e9xico y Brasil, seg\u00fan estudio","author":"Christopher Newton","date":"29 de junio de 2023","format":false,"excerpt":"Los actos de violencia dirigidos directamente contra representantes de gobierno son m\u00e1s comunes en M\u00e9xico y Brasil que en otros lugares el mundo.","rel":"","context":"En \u00abNoticias\u00bb","block_context":{"text":"Noticias","link":"https:\/\/insightcrime.org\/es\/category\/noticias\/"},"img":{"alt_text":"Un polic\u00eda armado en uno de los barrios de Brasil, conocidos como favelas","src":"https:\/\/i0.wp.com\/insightcrime.org\/wp-content\/uploads\/2023\/09\/18-04-17-Brazil-Militias.jpeg?fit=350%2C250&quality=100&ssl=1&resize=350%2C200","width":350,"height":200},"classes":[]},{"id":196145,"url":"https:\/\/insightcrime.org\/es\/noticias\/policias-corruptos-juegan-dos-bandas-guanajuato-mexico\/","url_meta":{"origin":81957,"position":3},"title":"Polic\u00edas corruptos juegan a dos bandas en Guanajuato, M\u00e9xico","author":"Scott Mistler-Ferguson","date":"29 de agosto de 2022","format":false,"excerpt":"Una investigaci\u00f3n realizada en Guanajuato, M\u00e9xico, dio de baja a unos 150 agentes de polic\u00eda sospechosos de nexos con carteles.","rel":"","context":"En \u00abNoticias\u00bb","block_context":{"text":"Noticias","link":"https:\/\/insightcrime.org\/es\/category\/noticias\/"},"img":{"alt_text":"Agente de polic\u00eda de guardia en Celaya, Guanajuato, M\u00e9xico.","src":"https:\/\/i0.wp.com\/insightcrime.org\/wp-content\/uploads\/2022\/08\/Celaya-Police-1.jpg?fit=350%2C250&quality=100&ssl=1&resize=350%2C200","width":350,"height":200},"classes":[]},{"id":170172,"url":"https:\/\/insightcrime.org\/es\/noticias\/policias-colombia-mexico-aliaron-dea-narcotraficantes\/","url_meta":{"origin":81957,"position":4},"title":"Polic\u00edas de Colombia y M\u00e9xico se aliaron con la DEA y grupos narcotraficantes","author":"Parker Asmann","date":"26 de octubre de 2021","format":false,"excerpt":"Dos altos comandantes de la polic\u00eda en M\u00e9xico y Colombia admitieron recientemente haber filtrado informaci\u00f3n sensible a narcotraficantes mientras trabajaban con la Administraci\u00f3n para el Control de Drogas de Estados Unidos (DEA), otra mancha en la reputaci\u00f3n del organismo en medio de crecientes pedidos de escrutinio sobre sus acciones en\u2026","rel":"","context":"En \u00abNoticias\u00bb","block_context":{"text":"Noticias","link":"https:\/\/insightcrime.org\/es\/category\/noticias\/"},"img":{"alt_text":"","src":"https:\/\/i0.wp.com\/insightcrime.org\/wp-content\/uploads\/2021\/10\/21-10-22-DEA-in-LatAm.jpg?fit=350%2C250&quality=100&ssl=1&resize=350%2C200","width":350,"height":200},"classes":[]},{"id":176977,"url":"https:\/\/insightcrime.org\/es\/noticias\/ataques-asesinatos-periodistas-escandalizan-mexico\/","url_meta":{"origin":81957,"position":5},"title":"Ataques y asesinatos de periodistas escandalizan a M\u00e9xico","author":"Parker Asmann","date":"28 de enero de 2022","format":false,"excerpt":"El inicio de 2022 en M\u00e9xico ha estado te\u00f1ido de sangre de periodistas, muertos a tiros, pu\u00f1aladas o emboscados, mientras las autoridades siguen acusando a las organizaciones criminales.","rel":"","context":"En \u00abNoticias\u00bb","block_context":{"text":"Noticias","link":"https:\/\/insightcrime.org\/es\/category\/noticias\/"},"img":{"alt_text":"Los asesinatos de periodistas en M\u00e9xico no paran","src":"https:\/\/i0.wp.com\/insightcrime.org\/wp-content\/uploads\/2022\/01\/2022-01-27-Mex-Journo-Killings.jpg?fit=350%2C250&quality=100&ssl=1&resize=350%2C200","width":350,"height":200},"classes":[]}],"jetpack_featured_media_url":"https:\/\/i0.wp.com\/insightcrime.org\/wp-content\/uploads\/2018\/03\/18-03-29-Mexico-Moises-Sanchez-journalist-murder.jpg?fit=350%2C250&quality=100&ssl=1","_links":{"self":[{"href":"https:\/\/insightcrime.org\/es\/wp-json\/wp\/v2\/posts\/81957","targetHints":{"allow":["GET"]}}],"collection":[{"href":"https:\/\/insightcrime.org\/es\/wp-json\/wp\/v2\/posts"}],"about":[{"href":"https:\/\/insightcrime.org\/es\/wp-json\/wp\/v2\/types\/post"}],"author":[{"embeddable":true,"href":"https:\/\/insightcrime.org\/es\/wp-json\/wp\/v2\/users\/148"}],"replies":[{"embeddable":true,"href":"https:\/\/insightcrime.org\/es\/wp-json\/wp\/v2\/comments?post=81957"}],"version-history":[{"count":5,"href":"https:\/\/insightcrime.org\/es\/wp-json\/wp\/v2\/posts\/81957\/revisions"}],"predecessor-version":[{"id":82024,"href":"https:\/\/insightcrime.org\/es\/wp-json\/wp\/v2\/posts\/81957\/revisions\/82024"}],"wp:featuredmedia":[{"embeddable":true,"href":"https:\/\/insightcrime.org\/es\/wp-json\/wp\/v2\/media\/81896"}],"wp:attachment":[{"href":"https:\/\/insightcrime.org\/es\/wp-json\/wp\/v2\/media?parent=81957"}],"wp:term":[{"taxonomy":"category","embeddable":true,"href":"https:\/\/insightcrime.org\/es\/wp-json\/wp\/v2\/categories?post=81957"},{"taxonomy":"post_tag","embeddable":true,"href":"https:\/\/insightcrime.org\/es\/wp-json\/wp\/v2\/tags?post=81957"},{"taxonomy":"newspack_spnsrs_tax","embeddable":true,"href":"https:\/\/insightcrime.org\/es\/wp-json\/wp\/v2\/newspack_spnsrs_tax?post=81957"},{"taxonomy":"author","embeddable":true,"href":"https:\/\/insightcrime.org\/es\/wp-json\/wp\/v2\/coauthors?post=81957"}],"curies":[{"name":"wp","href":"https:\/\/api.w.org\/{rel}","templated":true}]}}