{"id":8201,"date":"2015-09-23T20:18:09","date_gmt":"2017-03-28T00:11:30","guid":{"rendered":"http:\/\/newwp.insightcrime.org?p=8201"},"modified":"2023-04-24T15:48:00","modified_gmt":"2023-04-24T20:48:00","slug":"policia-brasil-captura-veterana-figura-narcotrafico-latinoamericano","status":"publish","type":"post","link":"https:\/\/insightcrime.org\/es\/noticias\/noticias-del-dia\/policia-brasil-captura-veterana-figura-narcotrafico-latinoamericano\/","title":{"rendered":"Polic\u00eda de Brasil captura veterana figura del narcotr\u00e1fico latinoamericano"},"content":{"rendered":"\n<p class=\"wp-block-paragraph\">La polic\u00eda de Brasil captur\u00f3 a una figura poco conocida, pero que ha jugado un importante papel en el desarrollo hist\u00f3rico del tr\u00e1fico de drogas en Latinoam\u00e9rica, y cuyos v\u00ednculos con importantes narcotraficantes van desde M\u00e9xico con \u201cEl Chapo\u201d, hasta Colombia con Pablo Escobar.<\/p>\n\n\n\n<p class=\"wp-block-paragraph\">El 17 de septiembre, las autoridades brasile\u00f1as arrestaron a Mario Sergio Machado Nunes, alias \u201cGoiano\u201d, en un apartamento de lujo en la ciudad costera de Guaruja, <a href=\"https:\/\/www.milenio.com\/internacional\/narcotraficante_detenido_por_vinculo_chapo-joaquin_guzman_pablo_escobar_0_594540666.html\" target=\"_blank\">inform\u00f3 EFE<\/a>. Nunes es posiblemente uno de los narcotraficantes m\u00e1s veteranos del mundo, y era buscado desde los a\u00f1os ochenta, cuando algunos funcionarios aseguraron que trabajaba directamente con el Cartel de Medell\u00edn, de Pablo Escobar, y lleg\u00f3 a ser el principal contacto de la organizaci\u00f3n criminal en Brasil.<\/p>\n\n\n\n<p class=\"wp-block-paragraph\">En los \u00faltimos a\u00f1os fue vinculado con el capo colombiano Henry de Jes\u00fas L\u00f3pez, alias \u201cMi Sangre\u201d \u2014quien antes de <a href=\"\/news\/briefs\/colombia-fights-extradition-political-persecution\" target=\"_blank\">su captura en 2012<\/a> era miembro de una serie de organizaciones narcotraficantes, incluyendo la Oficina de Envigado y Los Urabe\u00f1os\u2014 y con Joaqu\u00edn \u201cEl Chapo\u201d Guzm\u00e1n, l\u00edder del Cartel de Sinaloa.<\/p>\n\n\n\n<p class=\"wp-block-paragraph\"><strong><span style=\"color: #800000\">VEA TAMBI\u00c9N:<\/span><\/strong>&nbsp;<a href=\"\/noticias-sobre-crimen-organizado-en-colombia\/mi-sangre\" target=\"_blank\">Perfil de Mi Sangre<\/a><\/p>\n\n\n\n<p class=\"wp-block-paragraph\">Seg\u00fan inform\u00f3 EFE, Goiano trafic\u00f3 drogas a 27 pa\u00edses de \u00c1frica y Europa \u2014principalmente a trav\u00e9s de rutas mar\u00edtimas desde el puerto brasile\u00f1o de Santos\u2014 e invirti\u00f3 en el desarrollo de tecnolog\u00eda para el transporte clandestino de drogas en submarinos y contenedores. Tambi\u00e9n se cree que intent\u00f3 establecer una aerol\u00ednea privada para transportar drogas, <a href=\"https:\/\/www.semana.com\/nacion\/articulo\/capturado-el-capo-brasileno-que-sono-con-ser-pablo-escobar\/443213-3\" target=\"_blank\">inform\u00f3 Semana<\/a>.<\/p>\n\n\n\n<p class=\"wp-block-paragraph\">Goiano era perseguido por la Interpol, as\u00ed como por las polic\u00edas de Brasil y Colombia. El capo tambi\u00e9n era conocido como \u201cEl Rey de los Disfraces\u201d, pues presuntamente se someti\u00f3 a cirug\u00edas pl\u00e1sticas para <a href=\"https:\/\/www.skynews.com.au\/news\/world\/sthamerica\/2015\/09\/20\/brazil-drugs-squad-nabs-face-lift-goiano.html\" target=\"_blank\">transformar su apariencia<\/a>.<\/p>\n\n\n\n<p class=\"wp-block-paragraph\">En 2014, luego de <a href=\"\/noticias\/noticias-del-dia\/operacion-brasil-resalta-alcance-redes-independientes-cocaina\" target=\"_blank\">una investigaci\u00f3n <\/a>de dos a\u00f1os y medio dentro de la organizaci\u00f3n de Goiano, se arrestaron a cinco sospechosos, aunque Goiano evadi\u00f3 la captura.<\/p>\n\n\n\n<h3 class=\"wp-block-heading\">An\u00e1lisis de InSight Crime<\/h3>\n\n\n\n<p class=\"wp-block-paragraph\">Goiano hab\u00eda tenido una larga y pintoresca carrera en el narcotr\u00e1fico latinoamericano, y la escala, alcance y longevidad de sus operaciones de tr\u00e1fico son casi inigualables.<\/p>\n\n\n\n<p class=\"wp-block-paragraph\"><strong><span style=\"color: #800000\">VEA TAMBI\u00c9N:<\/span><\/strong> <a href=\"\/noticias-sobre-crimen-organizado-en-brasil\" target=\"_blank\">Noticias y perfiles de Brasil<\/a><\/p>\n\n\n\n<p class=\"wp-block-paragraph\">Como puente del Cartel de Medell\u00edn en Brasil, ayud\u00f3 a impulsar el mercado interno de drogas, el cual ha crecido desde los a\u00f1os ochenta, hasta convertirse en <a href=\"https:\/\/www.npr.org\/2013\/01\/31\/170757398\/as-u-s-consumes-less-cocaine-brazil-uses-more\" target=\"_blank\">el segundo pa\u00eds<\/a> con mayor n\u00famero de consumidores de coca\u00edna en el mundo.<\/p>\n\n\n\n<p class=\"wp-block-paragraph\">As\u00ed mismo, jug\u00f3 un papel en la consolidaci\u00f3n del rol de Brasil dentro del tr\u00e1fico internacional de drogas, transportando narc\u00f3ticos hacia Europa, China, Estados Unidos y zonas del Medio Oriente. Seg\u00fan inform\u00f3 Semana, el capo estaba particularmente interesado en establecer operaciones de narcotr\u00e1fico en \u00c1frica. En efecto, durante los \u00faltimos a\u00f1os Brasil se ha convertido en un importante punto de paso para las drogas que transitan <a href=\"\/noticias\/analisis\/narcotrficantes-latinoamericanos-se-posicionan-en-guinea-bissau-y-se-expanden-en-africa\" target=\"_blank\">hacia \u00c1frica Occidental<\/a> <a href=\"\/news\/analysis\/us-efforts-in-west-africa-will-not-stop-flow-of-europe-bound-cocaine\" target=\"_blank\">con destino a Europa<\/a>, donde el puerto brasile\u00f1o de Santos (el m\u00e1s grande en Latinoam\u00e9rica) se ha convertido en <a href=\"\/noticias\/noticias-del-dia\/masiva-incautacion-de-cocaina-en-puerto-de-brasil-es-senal-de-la-influencia-del-pcc\" target=\"_blank\">un centro clave<\/a> para las exportaciones de drogas.<\/p>\n","protected":false},"excerpt":{"rendered":"<p>La polic\u00eda de Brasil captur\u00f3 a una figura poco conocida, pero que ha jugado un importante papel en el desarrollo hist\u00f3rico del tr\u00e1fico de drogas en Latinoam\u00e9rica, y cuyos v\u00ednculos con importantes narcotraficantes van desde M\u00e9xico con \u0093El Chapo\u0094, hasta Colombia con Pablo Escobar.<\/p>\n","protected":false},"author":47,"featured_media":43214,"comment_status":"closed","ping_status":"closed","sticky":false,"template":"","format":"standard","meta":{"newspack_ads_suppress_ads":false,"newspack_popups_has_disabled_popups":false,"newspack_sponsor_sponsorship_scope":"","newspack_sponsor_native_byline_display":"inherit","newspack_sponsor_native_category_display":"inherit","newspack_sponsor_underwriter_style":"inherit","newspack_sponsor_underwriter_placement":"inherit","_EventAllDay":false,"_EventTimezone":"","_EventStartDate":"","_EventEndDate":"","_EventStartDateUTC":"","_EventEndDateUTC":"","_EventShowMap":false,"_EventShowMapLink":false,"_EventURL":"","_EventCost":"","_EventCostDescription":"","_EventCurrencySymbol":"","_EventCurrencyCode":"","_EventCurrencyPosition":"","_EventDateTimeSeparator":"","_EventTimeRangeSeparator":"","_EventOrganizerID":[],"_EventVenueID":[],"_OrganizerEmail":"","_OrganizerPhone":"","_OrganizerWebsite":"","_VenueAddress":"","_VenueCity":"","_VenueCountry":"","_VenueProvince":"","_VenueState":"","_VenueZip":"","_VenuePhone":"","_VenueURL":"","_VenueStateProvince":"","_VenueLat":"","_VenueLng":"","_VenueShowMap":false,"_VenueShowMapLink":false,"_newspack_byline_active":false,"_newspack_byline":"","newspack_hide_updated_date":false,"newspack_show_updated_date":false,"newspack_featured_image_position":"","newspack_post_subtitle":"","newspack_article_summary_title":"Overview:","newspack_article_summary":"","_jetpack_memberships_contains_paid_content":false,"footnotes":""},"categories":[334],"tags":[405],"newspack_spnsrs_tax":[],"coauthors":[3975],"class_list":["post-8201","post","type-post","status-publish","format-standard","has-post-thumbnail","hentry","category-noticias-del-dia","tag-brasil","entry"],"parsely":{"version":"1.1.0","canonical_url":"https:\/\/insightcrime.org\/es\/noticias\/noticias-del-dia\/policia-brasil-captura-veterana-figura-narcotrafico-latinoamericano\/","smart_links":{"inbound":0,"outbound":0},"traffic_boost_suggestions_count":0,"meta":{"@context":"https:\/\/schema.org","@type":"NewsArticle","headline":"Polic\u00eda de Brasil captura veterana figura del narcotr\u00e1fico latinoamericano","url":"http:\/\/insightcrime.org\/es\/noticias\/noticias-del-dia\/policia-brasil-captura-veterana-figura-narcotrafico-latinoamericano\/","mainEntityOfPage":{"@type":"WebPage","@id":"http:\/\/insightcrime.org\/es\/noticias\/noticias-del-dia\/policia-brasil-captura-veterana-figura-narcotrafico-latinoamericano\/"},"thumbnailUrl":"https:\/\/i0.wp.com\/insightcrime.org\/wp-content\/uploads\/2015\/09\/es-15-09-21-Brazil-Goiano.jpg?resize=150%2C131&quality=100&ssl=1","image":{"@type":"ImageObject","url":"https:\/\/i0.wp.com\/insightcrime.org\/wp-content\/uploads\/2015\/09\/es-15-09-21-Brazil-Goiano.jpg?fit=250%2C131&quality=100&ssl=1"},"articleSection":"Noticias del d\u00eda","author":[{"@type":"Person","name":"Elijah Stevens"}],"creator":["Elijah Stevens"],"publisher":{"@type":"Organization","name":"InSight Crime","logo":"https:\/\/insightcrime.org\/wp-content\/uploads\/2023\/08\/logo.png"},"keywords":["brasil"],"dateCreated":"2017-03-28T00:11:30Z","datePublished":"2017-03-28T00:11:30Z","dateModified":"2023-04-24T20:48:00Z"},"rendered":"<meta name=\"parsely-title\" content=\"Polic\u00eda de Brasil captura veterana figura del narcotr\u00e1fico latinoamericano\" \/>\n<meta name=\"parsely-link\" content=\"http:\/\/insightcrime.org\/es\/noticias\/noticias-del-dia\/policia-brasil-captura-veterana-figura-narcotrafico-latinoamericano\/\" \/>\n<meta name=\"parsely-type\" content=\"post\" \/>\n<meta name=\"parsely-image-url\" content=\"https:\/\/i0.wp.com\/insightcrime.org\/wp-content\/uploads\/2015\/09\/es-15-09-21-Brazil-Goiano.jpg?resize=150%2C131&amp;quality=100&amp;ssl=1\" \/>\n<meta name=\"parsely-pub-date\" content=\"2017-03-28T00:11:30Z\" \/>\n<meta name=\"parsely-section\" content=\"Noticias del d\u00eda\" \/>\n<meta name=\"parsely-tags\" content=\"brasil\" \/>\n<meta name=\"parsely-author\" content=\"Elijah Stevens\" \/>","tracker_url":"https:\/\/cdn.parsely.com\/keys\/insightcrime.org\/p.js"},"jetpack_sharing_enabled":true,"jetpack-related-posts":[{"id":338447,"url":"https:\/\/insightcrime.org\/es\/news\/4-claves-para-entender-pablo-escobar-de-brasil\/","url_meta":{"origin":8201,"position":0},"title":"4 claves para entender el caso del \u2018Pablo Escobar\u2019 de Brasil","author":"Deborah Bonello","date":"6 de abril de 2026","format":false,"excerpt":"El juicio en B\u00e9lgica contra Sergio Roberto de Carvalho, alias el \u201cPablo Escobar\u201d de Brasil, ofrece claves para entender c\u00f3mo ha evolucionado el tr\u00e1fico de coca\u00edna, desde el papel de nuevos actores hasta el creciente rol de Brasil en las rutas hacia Europa.","rel":"","context":"En \u00abNews\u00bb","block_context":{"text":"News","link":"https:\/\/insightcrime.org\/category\/news\/"},"img":{"alt_text":"","src":"https:\/\/i0.wp.com\/insightcrime.org\/wp-content\/uploads\/2026\/04\/Flagship-Featured-Image-Sergio-Roberto-de-Carvalho.jpg?fit=1200%2C675&quality=100&ssl=1&resize=350%2C200","width":350,"height":200,"srcset":"https:\/\/i0.wp.com\/insightcrime.org\/wp-content\/uploads\/2026\/04\/Flagship-Featured-Image-Sergio-Roberto-de-Carvalho.jpg?fit=1200%2C675&quality=100&ssl=1&resize=350%2C200 1x, https:\/\/i0.wp.com\/insightcrime.org\/wp-content\/uploads\/2026\/04\/Flagship-Featured-Image-Sergio-Roberto-de-Carvalho.jpg?fit=1200%2C675&quality=100&ssl=1&resize=525%2C300 1.5x, https:\/\/i0.wp.com\/insightcrime.org\/wp-content\/uploads\/2026\/04\/Flagship-Featured-Image-Sergio-Roberto-de-Carvalho.jpg?fit=1200%2C675&quality=100&ssl=1&resize=700%2C400 2x, https:\/\/i0.wp.com\/insightcrime.org\/wp-content\/uploads\/2026\/04\/Flagship-Featured-Image-Sergio-Roberto-de-Carvalho.jpg?fit=1200%2C675&quality=100&ssl=1&resize=1050%2C600 3x"},"classes":[]},{"id":338225,"url":"https:\/\/insightcrime.org\/es\/noticias\/on-the-radar-pablo-escobar-brasil-masacre-haiti-ex-primera-dama-venezuela-escrutinio\/","url_meta":{"origin":8201,"position":1},"title":"On the Radar: El &#8216;Pablo Escobar&#8217; de Brasil, una masacre en Hait\u00ed y la ex primera dama de Venezuela bajo escrutinio","author":"InSight Crime","date":"2 de abril de 2026","format":false,"excerpt":"El On the Radar de esta semana destaca la m\u00e1s reciente masacre en Hait\u00ed perpetrada por la banda Gran Grif, el juicio de S\u00e9rgio Roberto de Carvalho, apodado el \u201cPablo Escobar\u201d de Brasil por su presunto papel en el tr\u00e1fico de coca\u00edna, y los crecientes problemas legales de la ex\u2026","rel":"","context":"En \u00abNoticias\u00bb","block_context":{"text":"Noticias","link":"https:\/\/insightcrime.org\/es\/category\/noticias\/"},"img":{"alt_text":"","src":"https:\/\/i0.wp.com\/insightcrime.org\/wp-content\/uploads\/2026\/04\/Abril-OTR-template-featured-image-website-2026-haiti-carvalho-pablo-escobar-venezuela-cilia-maduro.png?fit=1200%2C675&quality=100&ssl=1&resize=350%2C200","width":350,"height":200,"srcset":"https:\/\/i0.wp.com\/insightcrime.org\/wp-content\/uploads\/2026\/04\/Abril-OTR-template-featured-image-website-2026-haiti-carvalho-pablo-escobar-venezuela-cilia-maduro.png?fit=1200%2C675&quality=100&ssl=1&resize=350%2C200 1x, https:\/\/i0.wp.com\/insightcrime.org\/wp-content\/uploads\/2026\/04\/Abril-OTR-template-featured-image-website-2026-haiti-carvalho-pablo-escobar-venezuela-cilia-maduro.png?fit=1200%2C675&quality=100&ssl=1&resize=525%2C300 1.5x, https:\/\/i0.wp.com\/insightcrime.org\/wp-content\/uploads\/2026\/04\/Abril-OTR-template-featured-image-website-2026-haiti-carvalho-pablo-escobar-venezuela-cilia-maduro.png?fit=1200%2C675&quality=100&ssl=1&resize=700%2C400 2x, https:\/\/i0.wp.com\/insightcrime.org\/wp-content\/uploads\/2026\/04\/Abril-OTR-template-featured-image-website-2026-haiti-carvalho-pablo-escobar-venezuela-cilia-maduro.png?fit=1200%2C675&quality=100&ssl=1&resize=1050%2C600 3x"},"classes":[]},{"id":189098,"url":"https:\/\/insightcrime.org\/es\/noticias\/actas-defuncion-falsas-fajos-billetes-caida-pablo-escobar-brasil\/","url_meta":{"origin":8201,"position":2},"title":"Actas de defunci\u00f3n falsas y fajos de billetes: la ca\u00edda del Pablo Escobar brasile\u00f1o","author":"Chris Dalby","date":"21 de junio de 2022","format":false,"excerpt":"Uno de los presuntos narcos m\u00e1s importantes del mundo, S\u00e9rgio Roberto de Carvalho, exmayor del ej\u00e9rcito brasile\u00f1o, fue capturado en Hungr\u00eda despu\u00e9s de una prolongada persecuci\u00f3n.","rel":"","context":"En \u00abNoticias\u00bb","block_context":{"text":"Noticias","link":"https:\/\/insightcrime.org\/es\/category\/noticias\/"},"img":{"alt_text":"","src":"https:\/\/i0.wp.com\/insightcrime.org\/wp-content\/uploads\/2022\/06\/https___static.nieuwsblad.be_Assets_Images_Upload_2022_06_21_73b367f3-3567-4cf8-9572-d8580fc630d0-1.jpg?fit=350%2C250&quality=100&ssl=1&resize=350%2C200","width":350,"height":200},"classes":[]},{"id":190922,"url":"https:\/\/insightcrime.org\/es\/noticias\/lugar-mundo-ira-pablo-escobar-brasileno\/","url_meta":{"origin":8201,"position":3},"title":"\u00bfA qu\u00e9 lugar del mundo ir\u00e1 a parar el Pablo Escobar brasile\u00f1o?","author":"Chris Dalby","date":"12 de julio de 2022","format":false,"excerpt":"La captura de S\u00e9rgio Roberto de Carvalho, uno de los narcotraficantes m\u00e1s prol\u00edficos y buscados del mundo, lograda en Hungr\u00eda a finales de junio, puso fin a una persecuci\u00f3n intercontinental. Ahora, la pregunta es qu\u00e9 pasar\u00e1 con \u00e9l y su compleja operaci\u00f3n.","rel":"","context":"En \u00abNoticias\u00bb","block_context":{"text":"Noticias","link":"https:\/\/insightcrime.org\/es\/category\/noticias\/"},"img":{"alt_text":"","src":"https:\/\/i0.wp.com\/insightcrime.org\/wp-content\/uploads\/2022\/07\/Screenshot-2025-08-06-at-2.12.22-p.m.png?fit=435%2C250&quality=100&ssl=1&resize=350%2C200","width":350,"height":200},"classes":[]},{"id":141191,"url":"https:\/\/insightcrime.org\/es\/noticias\/hazana-final-aliado-pablo-escobar\/","url_meta":{"origin":8201,"position":4},"title":"La haza\u00f1a final de un aliado de Pablo Escobar","author":"Lara Loaiza","date":"20 de abril de 2021","format":false,"excerpt":"Un viejo asociado de Pablo Escobar que pag\u00f3 27 a\u00f1os de prisi\u00f3n en Estados Unidos est\u00e1 de nuevo en prisi\u00f3n, esta vez en Per\u00fa, demostrando c\u00f3mo las viejas generaciones de narcos pueden todav\u00eda estar en el ruedo.","rel":"","context":"En \u00abNoticias\u00bb","block_context":{"text":"Noticias","link":"https:\/\/insightcrime.org\/es\/category\/noticias\/"},"img":{"alt_text":"","src":"https:\/\/i0.wp.com\/insightcrime.org\/wp-content\/uploads\/2021\/04\/21-04-19-Bolivia-Peru-Jorge-Roca-Cocaine.jpg?fit=350%2C250&quality=100&ssl=1&resize=350%2C200","width":350,"height":200},"classes":[]},{"id":163638,"url":"https:\/\/insightcrime.org\/es\/noticias-crimen-organizado-colombia\/pablo-escobar\/","url_meta":{"origin":8201,"position":5},"title":"Pablo Escobar","author":"InSight Crime","date":"30 de agosto de 2021","format":false,"excerpt":"Pablo Emilio Escobar Gaviria fue pionero en el tr\u00e1fico de coca\u00edna a nivel industrial. Conocido como \u201cEl Patr\u00f3n\u201d, dirigi\u00f3 el Cartel de Medell\u00edn desde la d\u00e9cada de 1970 hasta principios de la d\u00e9cada de 1990.","rel":"","context":"En \u00abColombia\u00bb","block_context":{"text":"Colombia","link":"https:\/\/insightcrime.org\/es\/category\/noticias-crimen-organizado-colombia\/"},"img":{"alt_text":"","src":"https:\/\/i0.wp.com\/insightcrime.org\/wp-content\/uploads\/2026\/05\/Perfil-Criminal-Pablo-Escobar-1.jpg?fit=1200%2C900&quality=100&ssl=1&resize=350%2C200","width":350,"height":200,"srcset":"https:\/\/i0.wp.com\/insightcrime.org\/wp-content\/uploads\/2026\/05\/Perfil-Criminal-Pablo-Escobar-1.jpg?fit=1200%2C900&quality=100&ssl=1&resize=350%2C200 1x, https:\/\/i0.wp.com\/insightcrime.org\/wp-content\/uploads\/2026\/05\/Perfil-Criminal-Pablo-Escobar-1.jpg?fit=1200%2C900&quality=100&ssl=1&resize=525%2C300 1.5x, https:\/\/i0.wp.com\/insightcrime.org\/wp-content\/uploads\/2026\/05\/Perfil-Criminal-Pablo-Escobar-1.jpg?fit=1200%2C900&quality=100&ssl=1&resize=700%2C400 2x, https:\/\/i0.wp.com\/insightcrime.org\/wp-content\/uploads\/2026\/05\/Perfil-Criminal-Pablo-Escobar-1.jpg?fit=1200%2C900&quality=100&ssl=1&resize=1050%2C600 3x"},"classes":[]}],"jetpack_featured_media_url":"https:\/\/i0.wp.com\/insightcrime.org\/wp-content\/uploads\/2015\/09\/es-15-09-21-Brazil-Goiano.jpg?fit=250%2C131&quality=100&ssl=1","_links":{"self":[{"href":"https:\/\/insightcrime.org\/es\/wp-json\/wp\/v2\/posts\/8201","targetHints":{"allow":["GET"]}}],"collection":[{"href":"https:\/\/insightcrime.org\/es\/wp-json\/wp\/v2\/posts"}],"about":[{"href":"https:\/\/insightcrime.org\/es\/wp-json\/wp\/v2\/types\/post"}],"author":[{"embeddable":true,"href":"https:\/\/insightcrime.org\/es\/wp-json\/wp\/v2\/users\/47"}],"replies":[{"embeddable":true,"href":"https:\/\/insightcrime.org\/es\/wp-json\/wp\/v2\/comments?post=8201"}],"version-history":[{"count":1,"href":"https:\/\/insightcrime.org\/es\/wp-json\/wp\/v2\/posts\/8201\/revisions"}],"predecessor-version":[{"id":25316,"href":"https:\/\/insightcrime.org\/es\/wp-json\/wp\/v2\/posts\/8201\/revisions\/25316"}],"wp:featuredmedia":[{"embeddable":true,"href":"https:\/\/insightcrime.org\/es\/wp-json\/wp\/v2\/media\/43214"}],"wp:attachment":[{"href":"https:\/\/insightcrime.org\/es\/wp-json\/wp\/v2\/media?parent=8201"}],"wp:term":[{"taxonomy":"category","embeddable":true,"href":"https:\/\/insightcrime.org\/es\/wp-json\/wp\/v2\/categories?post=8201"},{"taxonomy":"post_tag","embeddable":true,"href":"https:\/\/insightcrime.org\/es\/wp-json\/wp\/v2\/tags?post=8201"},{"taxonomy":"newspack_spnsrs_tax","embeddable":true,"href":"https:\/\/insightcrime.org\/es\/wp-json\/wp\/v2\/newspack_spnsrs_tax?post=8201"},{"taxonomy":"author","embeddable":true,"href":"https:\/\/insightcrime.org\/es\/wp-json\/wp\/v2\/coauthors?post=8201"}],"curies":[{"name":"wp","href":"https:\/\/api.w.org\/{rel}","templated":true}]}}