{"id":82023,"date":"2018-04-02T09:00:08","date_gmt":"2018-04-02T14:00:08","guid":{"rendered":"https:\/\/insightcrime.org\/?p=82023"},"modified":"2023-10-26T07:11:28","modified_gmt":"2023-10-26T12:11:28","slug":"decanos-universitarios-filtros-caducos-en-la-seleccion-del-fiscal-general-de-guatemala","status":"publish","type":"post","link":"https:\/\/insightcrime.org\/es\/investigaciones\/decanos-universitarios-filtros-caducos-en-la-seleccion-del-fiscal-general-de-guatemala\/","title":{"rendered":"Decanos universitarios: Filtros caducos en la selecci\u00f3n del fiscal general de Guatemala"},"content":{"rendered":"\n<p class=\"wp-block-paragraph\"><em>El proceso para elegir al nuevo fiscal general de Guatemala est\u00e1 lleno de sombras y preguntas.<\/em> <em>El primer filtro es la comisi\u00f3n de postulaci\u00f3n integrada por los decanos de 12 facultades de derecho. Pero estos acad\u00e9micos enfrentan cuestionamientos sobre su idoneidad, y sobre la legitimidad de algunas de sus universidades. A esto se suman las presiones que sobre ellas ejercen los grupos de poder y de crimen organizado<\/em><\/p>\n\n\n\n<p class=\"wp-block-paragraph\">En el cuarto piso de un edificio de estacionamientos y oficinas ubicado en el centro financiero de Ciudad de Guatemala, hombres armados de una empresa de seguridad privada custodian el activo m\u00e1s importante de la Universidad Da Vinci: su facultad de derecho.<\/p>\n\n\n\n<p class=\"wp-block-paragraph\">Da Vinci es una universidad relativamente nueva, como su escuela de derecho. La organizaci\u00f3n sin fines de lucro que le dio vida legal aparece inscrita en 2008. En su lustro de existencia dice haber abierto 70 sedes en todos los departamentos de Guatemala. En 2017, gradu\u00f3 a unos 541 abogados, una cifra solo inferior a la de la estatal Universidad de San Carlos (USAC), la m\u00e1s grande del pa\u00eds.<\/p>\n\n\n\n<blockquote class=\"wp-block-quote is-layout-flow wp-block-quote-is-layout-flow\">\n<p class=\"wp-block-paragraph\">Este es el tercer art\u00edculo de una investigaci\u00f3n en tres partes sobre la impunidad que pueden comprar o coaccionar los funcionarios del gobierno y los capos del narcotr\u00e1fico en el Tri\u00e1ngulo Norte de Centroam\u00e9rica. Lea todos los cap\u00edtulos de la investigaci\u00f3n <a href=\"https:\/\/insightcrime.org\/es\/investigaciones\/impunidad-triangulo-norte\/\">aqu\u00ed<\/a>.<\/p>\n<\/blockquote>\n\n\n\n<p class=\"wp-block-paragraph\">Una mirada r\u00e1pida a los papeles que la universidad ha hecho llegar al Consejo de la Ense\u00f1anza Privada Superior, el organismo que aprueba los centros de educaci\u00f3n superior en Guatemala, parece hablar de un lugar grande: nueve facultades que ofrecen 46 grados entre maestr\u00edas y licenciaturas. Al observar m\u00e1s de cerca, sin embargo, la impresi\u00f3n es otra: una sola profesional es responsable de nueve carreras; y en total, 13 personas son encargadas de las 35 titulaciones.<\/p>\n\n\n\n<p class=\"wp-block-paragraph\">Es m\u00e1s, hasta ahora, seg\u00fan datos de la coordinaci\u00f3n acad\u00e9mica, desde que abri\u00f3 sus puertas en 2012 de la Da Vinci no se ha graduado ning\u00fan abogado que haya empezado ah\u00ed su carrera: en esta universidad han recibido su diploma de grado estudiantes que no dieron el ancho en otros centros de estudios superiores.<\/p>\n\n\n\n<p class=\"wp-block-paragraph\">Por esta raz\u00f3n podemos afirmar que la Da Vinci es una universidad de \u201ccart\u00f3n\u201d.<\/p>\n\n\n\n<p class=\"wp-block-paragraph\"><strong><span style=\"color: #800000;\">VEA TAMBI\u00c9N:<\/span><\/strong>&nbsp;<a href=\"https:\/\/es.insightcrime.org\/investigaciones\/elites-y-crimen-organizado-en-guatemala\/\" target=\"_blank\" rel=\"noopener\">\u00c9lites y crimen organizado en Guatemala<\/a><\/p>\n\n\n\n<p class=\"wp-block-paragraph\">Aqu\u00ed, al parecer, los estudiantes no importan tanto. La persona m\u00e1s importante en la Da Vinci es el decano de derecho, quien forma parte de la comisi\u00f3n gubernamental que el pr\u00f3ximo 23 de abril presentar\u00e1 al presidente Jimmy Morales una lista con seis candidatos a suceder a Thelma Aldana, la fiscal general en funciones.<\/p>\n\n\n<div class=\"wp-block-image size-full wp-image-82041\">\n<figure class=\"aligncenter is-resized\"><img data-recalc-dims=\"1\" loading=\"lazy\" decoding=\"async\" width=\"999\" height=\"2048\" src=\"https:\/\/i0.wp.com\/es.insightcrime.org\/wp-content\/uploads\/2018\/03\/Comision-de-postulacion-eleccion-fiscal-general-2018-2022.jpg?resize=999%2C2048&#038;quality=100&#038;ssl=1\" alt=\"\" class=\"wp-image-82041\" style=\"width:749px;height:1536px\" srcset=\"https:\/\/i0.wp.com\/insightcrime.org\/wp-content\/uploads\/2018\/03\/Comision-de-postulacion-eleccion-fiscal-general-2018-2022.jpg?w=999&amp;quality=100&amp;ssl=1 999w, https:\/\/i0.wp.com\/insightcrime.org\/wp-content\/uploads\/2018\/03\/Comision-de-postulacion-eleccion-fiscal-general-2018-2022.jpg?resize=146%2C300&amp;quality=100&amp;ssl=1 146w, https:\/\/i0.wp.com\/insightcrime.org\/wp-content\/uploads\/2018\/03\/Comision-de-postulacion-eleccion-fiscal-general-2018-2022.jpg?resize=768%2C1574&amp;quality=100&amp;ssl=1 768w, https:\/\/i0.wp.com\/insightcrime.org\/wp-content\/uploads\/2018\/03\/Comision-de-postulacion-eleccion-fiscal-general-2018-2022.jpg?resize=500%2C1024&amp;quality=100&amp;ssl=1 500w, https:\/\/i0.wp.com\/insightcrime.org\/wp-content\/uploads\/2018\/03\/Comision-de-postulacion-eleccion-fiscal-general-2018-2022.jpg?resize=696%2C1427&amp;quality=100&amp;ssl=1 696w, https:\/\/i0.wp.com\/insightcrime.org\/wp-content\/uploads\/2018\/03\/Comision-de-postulacion-eleccion-fiscal-general-2018-2022.jpg?resize=1068%2C2189&amp;quality=100&amp;ssl=1 1068w, https:\/\/i0.wp.com\/insightcrime.org\/wp-content\/uploads\/2018\/03\/Comision-de-postulacion-eleccion-fiscal-general-2018-2022.jpg?resize=205%2C420&amp;quality=100&amp;ssl=1 205w, https:\/\/i0.wp.com\/es.insightcrime.org\/wp-content\/uploads\/2018\/03\/Comision-de-postulacion-eleccion-fiscal-general-2018-2022.jpg?w=370&amp;quality=100&amp;ssl=1 370w, https:\/\/i0.wp.com\/es.insightcrime.org\/wp-content\/uploads\/2018\/03\/Comision-de-postulacion-eleccion-fiscal-general-2018-2022.jpg?w=400&amp;quality=100&amp;ssl=1 400w\" sizes=\"auto, (max-width: 999px) 100vw, 999px\" \/><figcaption class=\"wp-element-caption\">La comisi\u00f3n de postulaci\u00f3n selecciona a los candidatos para fiscal general de Guatemala<\/figcaption><\/figure>\n<\/div>\n\n\n<p class=\"wp-block-paragraph\">La elecci\u00f3n del nuevo fiscal general y jefe del Ministerio P\u00fablico (MP) ocurrir\u00e1 este a\u00f1o en el contexto del duro enfrentamiento que libran las \u00e9lites guatemaltecas contra esta oficina y su aliada &#8212; la Comisi\u00f3n Internacional contra la Impunidad en Guatemala (CICIG), que en la pr\u00e1ctica funciona como una especie de fiscal\u00eda adjunta &#8211;, por las investigaciones criminales que estas les han abierto en los \u00faltimos a\u00f1os por v\u00ednculos con el crimen organizado y la corrupci\u00f3n.<\/p>\n\n\n\n<p class=\"wp-block-paragraph\">La dupla MP-CICIG investiga al presidente Morales por presunto financiamiento electoral il\u00edcito. En esta coyuntura Morales tiene un aliado en Alvaro Arz\u00fa, expresidente y actual alcalde de la capital, a quien la MP-CICIG investiga tambi\u00e9n por sospecha de delitos de corrupci\u00f3n relacionados con contratos de la municipalidad.<\/p>\n\n\n\n<p class=\"wp-block-paragraph\">Morales y Arz\u00fa tienen antecedentes distintos. El poder del primero viene directamente de su calidad de presidente del pa\u00eds. El segundo es protagonista en la pol\u00edtica y las \u00e9lites guatemaltecas desde hace d\u00e9cadas. Y los grupos de influencia con los que se les relaciona no necesariamente son los mismos. Hoy, sin embargo, parece unirlos un objetivo com\u00fan: debilitar a la CICIG y al MP.<\/p>\n\n\n\n<p class=\"wp-block-paragraph\">La influencia que Morales, Arz\u00fa y otros grupos de poder pol\u00edtico o de crimen organizado puedan ejercer sobre los miembros de la llamada comisi\u00f3n de postulaci\u00f3n &#8212; en la que est\u00e1 el decano de la Da Vinci &#8212; han reavivado las preguntas sobre la transparencia de todo el proceso, sobre la idoneidad de los miembros de la comisi\u00f3n, y m\u00e1s a\u00fan, sobre la legitimidad de algunas facultades de derecho.<\/p>\n\n\n\n<p class=\"wp-block-paragraph\">En este tablero de ajedrez pol\u00edtico que es Guatemala, la comisi\u00f3n de postulaci\u00f3n parece ocupar el sitio de alfiles y caballeros, cuya misi\u00f3n es resguardar la entrada de la pieza m\u00e1s importante: la jefatura del Ministerio P\u00fablico.<\/p>\n\n\n\n<h3 class=\"wp-block-heading\" id=\"h-bloque-i-las-universidades-de-carton\">Bloque I: Las universidades \u201cde cart\u00f3n\u201d<\/h3>\n\n\n\n<p class=\"wp-block-paragraph\">Donde m\u00e1s influencia parecen tener los grupos de poder aliados a Morales y Arz\u00fa es en las llamadas universidades de cart\u00f3n. Entre 2013 y 2017 el decano de la Universidad Da Vinci fue el abogado Jos\u00e9 Guillermo Alfredo \u201cFredy\u201d Cabrera, quien en 2014 fue tambi\u00e9n el primer representante de esa instituci\u00f3n acad\u00e9mica en la comisi\u00f3n de postulaci\u00f3n que elige a los candidatos a fiscal general.<\/p>\n\n\n\n<p class=\"wp-block-paragraph\">Cabrera ha sido el l\u00edder de una red de influencias de dudosa reputaci\u00f3n. Adem\u00e1s de abogado, es un empresario y un operador pol\u00edtico que ha representado a una cartera de clientes que incluye a algunas de las instituciones m\u00e1s poderosas del pa\u00eds en los \u00faltimos a\u00f1os, entre ellos el estatal Banco Rural, la superintendencia de bancos y al Partido Patriota, del expresidente Otto P\u00e9rez Molina y la ex-vicepresidenta <a href=\"https:\/\/es.insightcrime.org\/noticias\/analisis\/escandalo-corrupcion-aduanera-guatemala\/\" target=\"_blank\" rel=\"noopener\">Roxana Baldetti<\/a>, <a href=\"https:\/\/es.insightcrime.org\/noticias\/analisis\/exvicepresidenta-guatemala-arrestada-presidente-implicado-escandalo\/\" target=\"_blank\" rel=\"noopener\">ambos presos por corrupci\u00f3n<\/a> y ella, adem\u00e1s, <a href=\"https:\/\/es.insightcrime.org\/noticias\/noticias-del-dia\/eeuu-acusa-exvicepresidente-exministro-gobernacion-guatemala-delitos-drogas\/\" target=\"_blank\" rel=\"noopener\">investigada por narcotr\u00e1fico<\/a> en Estados Unidos.<\/p>\n\n\n\n<figure class=\"wp-block-image\"><img data-recalc-dims=\"1\" loading=\"lazy\" decoding=\"async\" width=\"1300\" height=\"1610\" src=\"https:\/\/i0.wp.com\/es.insightcrime.org\/wp-content\/uploads\/2018\/04\/21-05-18-Universidades-de-carton-la-sombra-de-Morales-Arz%C3%BA-y-los-operadores-pol%C3%ADtic-1.jpg?resize=1300%2C1610&#038;quality=100&#038;ssl=1\" alt=\"\" class=\"wp-image-84595\" srcset=\"https:\/\/i0.wp.com\/insightcrime.org\/wp-content\/uploads\/2018\/04\/21-05-18-Universidades-de-carton-la-sombra-de-Morales-Arz%C3%BA-y-los-operadores-pol%C3%ADtic-1.jpg?w=1300&amp;quality=100&amp;ssl=1 1300w, https:\/\/i0.wp.com\/insightcrime.org\/wp-content\/uploads\/2018\/04\/21-05-18-Universidades-de-carton-la-sombra-de-Morales-Arz%C3%BA-y-los-operadores-pol%C3%ADtic-1.jpg?resize=242%2C300&amp;quality=100&amp;ssl=1 242w, https:\/\/i0.wp.com\/insightcrime.org\/wp-content\/uploads\/2018\/04\/21-05-18-Universidades-de-carton-la-sombra-de-Morales-Arz%C3%BA-y-los-operadores-pol%C3%ADtic-1.jpg?resize=768%2C951&amp;quality=100&amp;ssl=1 768w, https:\/\/i0.wp.com\/insightcrime.org\/wp-content\/uploads\/2018\/04\/21-05-18-Universidades-de-carton-la-sombra-de-Morales-Arz%C3%BA-y-los-operadores-pol%C3%ADtic-1.jpg?resize=827%2C1024&amp;quality=100&amp;ssl=1 827w, https:\/\/i0.wp.com\/insightcrime.org\/wp-content\/uploads\/2018\/04\/21-05-18-Universidades-de-carton-la-sombra-de-Morales-Arz%C3%BA-y-los-operadores-pol%C3%ADtic-1.jpg?resize=324%2C400&amp;quality=100&amp;ssl=1 324w, https:\/\/i0.wp.com\/insightcrime.org\/wp-content\/uploads\/2018\/04\/21-05-18-Universidades-de-carton-la-sombra-de-Morales-Arz%C3%BA-y-los-operadores-pol%C3%ADtic-1.jpg?resize=696%2C862&amp;quality=100&amp;ssl=1 696w, https:\/\/i0.wp.com\/insightcrime.org\/wp-content\/uploads\/2018\/04\/21-05-18-Universidades-de-carton-la-sombra-de-Morales-Arz%C3%BA-y-los-operadores-pol%C3%ADtic-1.jpg?resize=1068%2C1323&amp;quality=100&amp;ssl=1 1068w, https:\/\/i0.wp.com\/insightcrime.org\/wp-content\/uploads\/2018\/04\/21-05-18-Universidades-de-carton-la-sombra-de-Morales-Arz%C3%BA-y-los-operadores-pol%C3%ADtic-1.jpg?resize=339%2C420&amp;quality=100&amp;ssl=1 339w, https:\/\/i0.wp.com\/es.insightcrime.org\/wp-content\/uploads\/2018\/04\/21-05-18-Universidades-de-carton-la-sombra-de-Morales-Arz%C3%BA-y-los-operadores-pol%C3%ADtic-1.jpg?w=370&amp;quality=100&amp;ssl=1 370w, https:\/\/i0.wp.com\/es.insightcrime.org\/wp-content\/uploads\/2018\/04\/21-05-18-Universidades-de-carton-la-sombra-de-Morales-Arz%C3%BA-y-los-operadores-pol%C3%ADtic-1.jpg?w=400&amp;quality=100&amp;ssl=1 400w\" sizes=\"auto, (max-width: 1000px) 100vw, 1000px\" \/><\/figure>\n\n\n\n<p class=\"wp-block-paragraph\"><em>*Una versi\u00f3n anterior de esta gr\u00e1fica vinculaba incorrectamente a Ana Mercedes Suasn\u00e1var Palma, decana de Derecho de la Universidad de Occidente con la red de Morales\/Arz\u00fa. InSight Crime lamenta el error. <a href=\"https:\/\/es.insightcrime.org\/wp-content\/uploads\/2018\/04\/SE\u00d1ORESComunicado-18-04-2018.pdf\" target=\"_blank\" rel=\"noopener\">Vea aqu\u00ed<\/a> la respuesta completa de la Universidad de Occidente.<\/em><\/p>\n\n\n\n<p class=\"wp-block-paragraph\">Una de las instituciones que m\u00e1s aport\u00f3 al crecimiento de la Universidad Da Vinci fue Banrural, cliente de Cabrera, a trav\u00e9s de Fernando Pe\u00f1a, expresidente del banco, quien actualmente est\u00e1 preso por presuntos actos de corrupci\u00f3n relacionados con el caso conocido como \u201c<a href=\"http:\/\/www.cicig.org\/index.php?mact=News,cntnt01,detail,0&amp;cntnt01articleid=723&amp;cntnt01returnid=67\" target=\"_blank\" rel=\"noopener\">Cooptaci\u00f3n del Estado<\/a>\u201d, un esquema criminal liderado, seg\u00fan el Ministerio P\u00fablico, por P\u00e9rez Molina y Baldetti.<\/p>\n\n\n\n<p class=\"wp-block-paragraph\">Banrural, por ejemplo, traslad\u00f3 varios de sus programas de capacitaci\u00f3n profesional de empleados a la universidad. Estos estudiantes llegaron a representar dos tercios de la matr\u00edcula estudiantil de la instituci\u00f3n, de acuerdo con datos del Consejo de la Ense\u00f1anza Superior.<\/p>\n\n\n\n<p class=\"wp-block-paragraph\">Cuando Cabrera fue postulador en el proceso que termin\u00f3 con la elecci\u00f3n de Thelma Aldana como jefa del MP, las acusaciones que tildaban a la Da Vinci de ser una universidad de cart\u00f3n estuvieron a la orden del d\u00eda. En una <a href=\"https:\/\/nomada.gt\/da-vinci-abogados-expres-y-su-fantasma-en-la-eleccion-de-fiscal\/\" target=\"_blank\" rel=\"noopener\">entrevista con N\u00f3mada<\/a>, Cyriano Ruiz, el entonces rector y actual vicerrector, se deslig\u00f3 de la actuaci\u00f3n de Cabrera y asegur\u00f3 que las cr\u00edticas a la universidad se deb\u00edan a que esta era nueva.<\/p>\n\n\n\n<p class=\"wp-block-paragraph\">Cabrera, por su parte, se defendi\u00f3 en una entrevista con InSight Crime: \u201cNadie me puede decir que no tengo independencia\u201d, dijo despu\u00e9s de que Aldana fue elegida.<\/p>\n\n\n\n<p class=\"wp-block-paragraph\">Pero lo cierto es que la sombra sigue acompa\u00f1ando a esta instituci\u00f3n.<\/p>\n\n\n\n<p class=\"wp-block-paragraph\">En la comisi\u00f3n de postulaci\u00f3n de candidatos a fiscal general de 2018, la Universidad Da Vinci est\u00e1 representada por Juan Carlos Rodil Quintana, otro abogado del que se desprenden conexiones con grupos de poder relacionados con viejas estructuras pol\u00edticas y militares de Guatemala.<\/p>\n\n\n\n<p class=\"wp-block-paragraph\">Rodil Quintana es uno de los fundadores de la universidad y el notario que le dio vida legal. Adem\u00e1s es hijo de Jos\u00e9 Rodil Peralta, director del Colegio de Abogados y Notarios de Guatemala (CANG) en 1982, cuando tambi\u00e9n fue asesor del exdictador Efra\u00edn R\u00edos Montt, <a href=\"https:\/\/es.insightcrime.org\/investigaciones\/las-victimas\/\" target=\"_blank\" rel=\"noopener\">juzgado<\/a> y condenado por genocidio en 2013 (la condena fue luego revertida por la Corte de Constitucionalidad).<\/p>\n\n\n\n<p class=\"wp-block-paragraph\">Entre 1992 y 1994 Rodil Peralta fue presidente de la Corte Suprema de Justicia. Al terminar su mandato fue acusado de varios delitos que eventualmente fueron desestimados, porque el Ministerio P\u00fablico dej\u00f3 vencer los plazos procesales para acusar.<\/p>\n\n\n\n<p class=\"wp-block-paragraph\">En 2016, el presidente Jimmy Morales nombr\u00f3 a Rodil Peralta embajador de Guatemala en Nicaragua. Dos a\u00f1os despu\u00e9s, Juan Carlos Rodil Quintana, hijo del viejo abogado, tiene un voto en la comisi\u00f3n de postulaci\u00f3n que confeccionar\u00e1 la lista de candidatos a fiscal que llegar\u00e1n el despacho de Morales, el jefe de pap\u00e1.<\/p>\n\n\n\n<p class=\"wp-block-paragraph\">En 2015, Rodil Quintana busc\u00f3 ser diputado y apoy\u00f3 p\u00fablicamente la candidatura presidencial por el Partido Visi\u00f3n con Valores (Viva) de Zury R\u00edos Sosa. Ella es hija de R\u00edos Montt y exesposa de Roberto L\u00f3pez Villatoro, un abogado conocido como \u201c<a href=\"https:\/\/es.insightcrime.org\/investigaciones\/rey-del-tenis-caballero-cabildero-guatemala\/\" target=\"_blank\" rel=\"noopener\">El Rey del Tenis<\/a>\u201d, quien a su vez fue capturado en febrero pasado acusado de manipular, con d\u00e1divas y sobornos, a miembros de otra comisi\u00f3n de postulaci\u00f3n que eligi\u00f3 en 2014 a los magistrados de la Corte Suprema y de la Corte de Apelaciones.<\/p>\n\n\n\n<p class=\"wp-block-paragraph\">Juan Carlos Rodil Quintana es, con todos sus antecedentes familiares, y a pesar de las dos licenciaturas, tres maestr\u00edas y un doctorado que <a href=\"https:\/\/nomada.gt\/da-vinci-abogados-expres-y-su-fantasma-en-la-eleccion-de-fiscal\/\" target=\"_blank\" rel=\"noopener\">asegura tener<\/a>, decano de una universidad cuestionada por su debilidad acad\u00e9mica. Aun as\u00ed, el suyo es un voto aceptado como v\u00e1lido en una comisi\u00f3n postuladora que existe, por ley, para garantizar la calidad acad\u00e9mica de los postulantes.<\/p>\n\n\n\n<p class=\"wp-block-paragraph\">Es as\u00ed como la comisi\u00f3n de postulaci\u00f3n de candidatos a fiscal general est\u00e1 formada por los decanos de derecho de las universidades del pa\u00eds (que son 12), el presidente del \u00d3rgano Judicial, el presidente del CANG y el presidente del Tribunal de Honor del Colegio de Abogados.<\/p>\n\n\n\n<p class=\"wp-block-paragraph\">Y dentro de esta comisi\u00f3n puede haber hasta m\u00e1s de cinco votos de universidades de cart\u00f3n. Otro caso similar a la Universidad Da Vinci es el de la Universidad de Occidente, cuyos administradores dijeron a InSight Crime que tiene 75 estudiantes de derecho en sus sedes de Quetzaltenango. Sin embargo, la facultad todav\u00eda no ha graduado ning\u00fan estudiante.<\/p>\n\n\n\n<p class=\"wp-block-paragraph\">La Universidad de Occidente tiene v\u00ednculos con la polic\u00eda guatemalteca, los que pueden explicarse, en parte, por los antecedentes de Jos\u00e9 Adolfo Reyes Calder\u00f3n, quien era decano de su facultad de derecho en 2014, y como tal fue miembro de la postuladora de aquel a\u00f1o. Reyes hab\u00eda sido Ministro de Gobernaci\u00f3n durante el gobierno de Alfonso Portillo, en 2002. Portillo fue, a su vez, el primer expresidente guatemalteco investigado por el MP de la mano de la CICIG, <a href=\"http:\/\/www.cicig.org\/index.php?page=7102-2001\" target=\"_blank\" rel=\"noopener\">en 2010<\/a>. Un an\u00e1lisis hecho por el Instituto de Estudios Comparados en Ciencias Penales de Guatemala (ICCPG) sobre el proceso de selecci\u00f3n de 2014 ubicaba a Reyes Calder\u00f3n como representante de los intereses de sectores militares, asociados al gobierno del entonces presidente P\u00e9rez Molina.<\/p>\n\n\n\n<p class=\"wp-block-paragraph\">El actual rector de la Universidad Rural, otra universidad de cart\u00f3n, es el diputado del partido Uni\u00f3n Nacional de la Esperanza (UNE) Fidel Reyes Lee. Desde el Congreso, su hermano, el diputado \u00c9dgar Reyes Lee, intent\u00f3 impulsar en 2017 una serie de reformas al c\u00f3digo penal que buscaban favorecer la excarcelaci\u00f3n de P\u00e9rez Molina.<\/p>\n\n\n\n<p class=\"wp-block-paragraph\">Ambos <a href=\"http:\/\/www.prensalibre.com\/getmedia\/933460f5-aa2a-4591-822b-4646d4e12442\/107-proceres-de-la-impunidad-diputados-aprobaron-reformas-al-codigo-penal-pacto-de-corruptos.aspx\" target=\"_blank\" rel=\"noopener\">votaron<\/a> a favor del llamado \u201cPacto de Corruptos\u201d en septiembre de 2017, el cual puso freno a las investigaciones sobre financiaci\u00f3n electoral il\u00edcita contra el presidente Jimmy Morales.<\/p>\n\n\n\n<p class=\"wp-block-paragraph\">La Universidad San Pablo, fundada en 2006, es parte del imperio econ\u00f3mico del pol\u00e9mico empresario, pol\u00edtico y pastor evang\u00e9lico Harold Caballeros, quien actualmente se desempe\u00f1a como su rector.<\/p>\n\n\n\n<p class=\"wp-block-paragraph\">En 2011 Caballeros cre\u00f3 Viva &#8212; el mismo partido que apoy\u00f3 la candidatura de Zury R\u00edos en 2015 &#8212; para hacerse candidato a la presidencia de la Rep\u00fablica. Tras salir de la contienda apoy\u00f3 a Otto P\u00e9rez Molina, en cuyo gobierno posteriormente se desempe\u00f1\u00f3 como ministro de Relaciones Exteriores.<\/p>\n\n\n\n<p class=\"wp-block-paragraph\">Tambi\u00e9n est\u00e1, en el grupo de las llamadas universidades de cart\u00f3n, la Regional, que es la m\u00e1s nueva de todas. La sede administrativa de la Regional ocupa una casa de dos pisos, en la exclusiva zona 14 de la ciudad. En la planta baja hay modernas salas de reuni\u00f3n, vac\u00edas, cuya presencia contrasta con la mayor\u00eda de las sedes que la universidad tiene diseminadas en peque\u00f1os locales de centros comerciales en todo el pa\u00eds. La Regional, de hecho, no cuenta con sedes propias; y sus clases son dictadas en aulas de colegios o salones comunitarios, la mayor\u00eda rentados, seg\u00fan constat\u00f3 InSight Crime en un recorrido por Guatemala.<\/p>\n\n\n\n<p class=\"wp-block-paragraph\">La facultad de derecho afirma tener unos 300 estudiantes, cifra que no pudo ser verificada de forma independiente: la Regional es el \u00fanico centro de estudios superiores cuya informaci\u00f3n no es p\u00fablica en la p\u00e1gina de web del Consejo de la Ense\u00f1anza Privada Superior, el organismo que aprueba la creaci\u00f3n de universidades en Guatemala.<\/p>\n\n\n\n<p class=\"wp-block-paragraph\">Aun con lo escaso y cuestionable de sus credenciales, las universidades Da Vinci, de Occidente, Regional, de San Pablo y Rural tienen voz y, sobre todo, votos en la comisi\u00f3n. Y el problema no termina con ellas: sobre otras universidades de mayor abolengo e historia, como la tricentenaria de San Carlos, que es la \u00fanica universidad p\u00fablica del pa\u00eds, tambi\u00e9n rondan dudas.<\/p>\n\n\n\n<h3 class=\"wp-block-heading\" id=\"h-bloque-ii-usac-la-casa-de-el-rey-del-tenis\">Bloque II: USAC, la casa de \u201cEl Rey del Tenis\u201d<\/h3>\n\n\n\n<p class=\"wp-block-paragraph\">A finales de febrero pasado, el MP detuvo al abogado Sergio Roberto L\u00f3pez Villatoro, alias \u201cEl Rey del Tenis\u201d. L\u00f3pez Villatoro ha sido uno de los principales operadores pol\u00edticos de Guatemala gracias a las redes que construy\u00f3 para influir en la selecci\u00f3n de magistrados a la Corte Suprema de Justicia y de Apelaciones, as\u00ed como del fiscal general.<\/p>\n\n\n\n<p class=\"wp-block-paragraph\">Despu\u00e9s de una denuncia an\u00f3nima, interpuesta en la fiscal\u00eda en 2015, una investigaci\u00f3n de dos a\u00f1os daba cuenta que \u00c9dgar Giovanni Orellana Donis, miembro de la comisi\u00f3n postuladora que en 2014 eligi\u00f3 a magistrados de la Corte Suprema de Justicia, viv\u00eda en un apartamento que le hab\u00eda regalado L\u00f3pez Villatoro con el fin de influir en la elecci\u00f3n.<\/p>\n\n\n\n<p class=\"wp-block-paragraph\">Las investigaciones del MP descubrieron, por ejemplo, que en 2015 Orellana Donis recibi\u00f3 un sobregiro de 1,6 millones de quetzales (unos US$220.000) del banco G&amp;T Continental sin tener respaldo crediticio.<\/p>\n\n\n\n<p class=\"wp-block-paragraph\">LOVI y Asociados, firma de abogados de L\u00f3pez Villatoro, hizo los contactos para que el magistrado obtuviera la l\u00ednea de financiamiento.<\/p>\n\n\n\n<p class=\"wp-block-paragraph\">En total, de acuerdo con el MP, Orellana Donis recibi\u00f3 6,13 millones de quetzales (unos US$820.000) a cambio de ayudar a manipular la elecci\u00f3n de la Corte Suprema. El MP ha pedido antejuicio a Orellana y a Carlos Rodimiro P\u00e9rez Lucero, otro miembro de la comisi\u00f3n postuladora de 2014, que se supone tambi\u00e9n recibi\u00f3 d\u00e1divas de El Rey del Tenis.<\/p>\n\n\n\n<p class=\"wp-block-paragraph\">Esta investigaci\u00f3n abierta por la fiscal\u00eda, a la que el MP ha llamado \u201c<a href=\"http:\/\/www.cicig.org\/index.php?mact=News,cntnt01,detail,0&amp;cntnt01articleid=878&amp;cntnt01returnid=67\" target=\"_blank\" rel=\"noopener\">Comisiones Paralelas<\/a>\u201d, tambi\u00e9n da otros indicios de la influencia que el grupo de L\u00f3pez Villatoro puede seguir teniendo en personas vinculadas con la comisi\u00f3n de postulaci\u00f3n. Uno de esos indicios es el que lleva al nombre de Jos\u00e9 Antonio Pineda Barales, actual presidente de la Corte Suprema de Justicia y de la comisi\u00f3n postuladora del fiscal 2018.<\/p>\n\n\n\n<p class=\"wp-block-paragraph\">Pruebas agregadas al expediente indican que en una de las sedes de LOVI y Asociados los investigadores encontraron una lista de nombres en un papel con membrete del hotel Clari\u00f3n de la capital guatemalteca, donde dec\u00eda que L\u00f3pez Villatoro hab\u00eda pagado unos 145.000 quetzales (cerca de US$20.000) a trav\u00e9s de otra de sus empresas, para reunir durante dos d\u00edas a postuladores de candidatos a dirigir la Corte Suprema en 2014.<\/p>\n\n\n\n<p class=\"wp-block-paragraph\">Uno de los nombres que aparece en la lista Clari\u00f3n es el de Pineda Barales, elegido como magistrado a la Corte en 2014, como parte de las cuotas del Rey del Tenis. Tambi\u00e9n aparece ah\u00ed el nombre de Rafael Rojas Cetina, quien es candidato para suceder a Thelma Aldana en 2018, al frente del Ministerio P\u00fablico.<\/p>\n\n\n\n<p class=\"wp-block-paragraph\">Emma Patricia Guillermo de Le\u00f3n de Chea,<a href=\"http:\/\/guatemalavisible.net\/fiscal-general-y-jefe-del-ministerio-p%C3%BAblico\/candidato\/emma-patricia-guillermo-de-le%C3%B3n-de-chea\" target=\"_blank\" rel=\"noopener\"> quien<\/a> se postul\u00f3 a esta elecci\u00f3n de fiscal pero fue excluida por no cumplir con los requisitos b\u00e1sicos de la ley, fue otra de las que particip\u00f3 en los eventos del hotel Clari\u00f3n, seg\u00fan las pesquisas del MP.<\/p>\n\n\n\n<p class=\"wp-block-paragraph\">El Rey del Tenis empez\u00f3 a tejer su red gracias a los contactos que logr\u00f3 en la USAC, de donde se gradu\u00f3. Su caso es hoy una muestra de c\u00f3mo la universidad estatal de Guatemala tambi\u00e9n se ha visto envuelta en redes criminales que giran alrededor de la selecci\u00f3n de actores judiciales. La USAC produce, por lejos, m\u00e1s abogados que cualquier otra universidad, por lo que sus decanos ejercen una influencia que va mucho m\u00e1s all\u00e1 del voto que tiene en la comisi\u00f3n de postulaci\u00f3n.<\/p>\n\n\n\n<p class=\"wp-block-paragraph\">\u201cLa corrupci\u00f3n lleg\u00f3 a nuestra propia casa\u201d, dec\u00eda Lenina Garc\u00eda, presidenta de la Asociaci\u00f3n de Estudiantes Universitarios (AEU) de la USAC, el 28 de febrero de 2018 en un evento en el que empresarios, estudiantes y algunos l\u00edderes ind\u00edgenas presentaron el Frente Ciudadano contra la Corrupci\u00f3n en apoyo a la fiscal general Aldana y al comisionado de la CICIG, Iv\u00e1n Vel\u00e1squez, en el que la joven fue una de las principales oradoras.<\/p>\n\n\n\n<p class=\"wp-block-paragraph\">La frase de Garc\u00eda era una referencia directa a los v\u00ednculos que analistas y una parte de la prensa guatemalteca atribuyen a autoridades de la USAC con grupos de poder o de crimen organizado.<\/p>\n\n\n\n<p class=\"wp-block-paragraph\">Durante los \u00faltimos 20 a\u00f1os, la USAC ha jugado, por lo general, un rol oscuro en las comisiones de postulaci\u00f3n, lo que ha dado pie a muchos cuestionamientos sobre todas las postuladoras en general.<\/p>\n\n\n\n<p class=\"wp-block-paragraph\">\u201cLa comisi\u00f3n de postulaci\u00f3n no es garant\u00eda por s\u00ed misma; se necesitan reformas. Las sillas de la comisi\u00f3n se convirtieron en sillas de inter\u00e9s particular, de grupos. La comisi\u00f3n se volvi\u00f3 pol\u00edtica, en una mesa de intereses, y las decisiones se han tomado en reuniones privadas\u201d, dice Marielos Fuentes de la organizaci\u00f3n no gubernamental Guatemala Visible, una de las agrupaciones de la sociedad civil que siguen de cerca este proceso de selecci\u00f3n y cuyos representantes suelen estar presentes en todas las reuniones que ha tenido esta comisi\u00f3n de postulaci\u00f3n desde que empez\u00f3 a reunirse en una sala de la Corte Suprema de Justicia a finales de enero pasado.<\/p>\n\n\n\n<p class=\"wp-block-paragraph\">El ICCPG es otra de las organizaciones que ha estudiado de cerca las comisiones de postulaci\u00f3n que han elegido a los \u00faltimos candidatos a fiscales generales del pa\u00eds. Elvyn D\u00edaz, su presidente, tambi\u00e9n es esc\u00e9ptico. \u201c(La presencia de los decanos) se pens\u00f3 como un filtro acad\u00e9mico, pero es un sistema caduco\u201d, dice.<\/p>\n\n\n\n<p class=\"wp-block-paragraph\">Ejemplo de esto es el caso de L\u00f3pez Villatoro. Un investigador del Ministerio P\u00fablico que conoce el expediente del Rey del Tenis dijo a InSight Crime que de esas investigaciones se desprenden nombres de personas que podr\u00edan estar representando grupos de poder con influencia en la comisi\u00f3n. Uno de esos nombres es el de Estuardo G\u00e1lvez, quien tambi\u00e9n influy\u00f3 en la selecci\u00f3n de las altas cortes en 2014.<\/p>\n\n\n\n<p class=\"wp-block-paragraph\">G\u00e1lvez fue decano de derecho (2000-2004) y rector (2006-2014) de la USAC. Conoce a L\u00f3pez Villatoro al menos desde el a\u00f1o 2000, cuando, de acuerdo con <a href=\"https:\/\/nomada.gt\/el-colegio-de-abogados-es-un-juego-de-tronos-y-estos-son-sus-clanes\/\" target=\"_blank\" rel=\"noopener\">una investigaci\u00f3n de N\u00f3mada<\/a>, ambos se aliaron para hacerse con el control del CANG, y desde ah\u00ed influir en las comisiones postuladoras de candidatos a las cortes.<\/p>\n\n\n\n<figure class=\"wp-block-image\"><img data-recalc-dims=\"1\" loading=\"lazy\" decoding=\"async\" width=\"1300\" height=\"1408\" src=\"https:\/\/i0.wp.com\/es.insightcrime.org\/wp-content\/uploads\/2018\/03\/USAC-y-CSJ-Nichos-de-los-viejos-grupos-de-poder.jpg?resize=1300%2C1408&#038;quality=100&#038;ssl=1\" alt=\"\" class=\"wp-image-82033\" srcset=\"https:\/\/i0.wp.com\/insightcrime.org\/wp-content\/uploads\/2018\/03\/USAC-y-CSJ-Nichos-de-los-viejos-grupos-de-poder.jpg?w=1300&amp;quality=100&amp;ssl=1 1300w, https:\/\/i0.wp.com\/insightcrime.org\/wp-content\/uploads\/2018\/03\/USAC-y-CSJ-Nichos-de-los-viejos-grupos-de-poder.jpg?resize=277%2C300&amp;quality=100&amp;ssl=1 277w, https:\/\/i0.wp.com\/insightcrime.org\/wp-content\/uploads\/2018\/03\/USAC-y-CSJ-Nichos-de-los-viejos-grupos-de-poder.jpg?resize=768%2C832&amp;quality=100&amp;ssl=1 768w, https:\/\/i0.wp.com\/insightcrime.org\/wp-content\/uploads\/2018\/03\/USAC-y-CSJ-Nichos-de-los-viejos-grupos-de-poder.jpg?resize=945%2C1024&amp;quality=100&amp;ssl=1 945w, https:\/\/i0.wp.com\/insightcrime.org\/wp-content\/uploads\/2018\/03\/USAC-y-CSJ-Nichos-de-los-viejos-grupos-de-poder.jpg?resize=696%2C754&amp;quality=100&amp;ssl=1 696w, https:\/\/i0.wp.com\/insightcrime.org\/wp-content\/uploads\/2018\/03\/USAC-y-CSJ-Nichos-de-los-viejos-grupos-de-poder.jpg?resize=1068%2C1157&amp;quality=100&amp;ssl=1 1068w, https:\/\/i0.wp.com\/insightcrime.org\/wp-content\/uploads\/2018\/03\/USAC-y-CSJ-Nichos-de-los-viejos-grupos-de-poder.jpg?resize=388%2C420&amp;quality=100&amp;ssl=1 388w, https:\/\/i0.wp.com\/es.insightcrime.org\/wp-content\/uploads\/2018\/03\/USAC-y-CSJ-Nichos-de-los-viejos-grupos-de-poder.jpg?w=370&amp;quality=100&amp;ssl=1 370w, https:\/\/i0.wp.com\/es.insightcrime.org\/wp-content\/uploads\/2018\/03\/USAC-y-CSJ-Nichos-de-los-viejos-grupos-de-poder.jpg?w=400&amp;quality=100&amp;ssl=1 400w\" sizes=\"auto, (max-width: 1000px) 100vw, 1000px\" \/><\/figure>\n\n\n\n<p class=\"wp-block-paragraph\">La principal red de influencia de G\u00e1lvez, no obstante, est\u00e1 en la Universidad San Carlos. Gustavo Bonilla, el actual decano de derecho de esa universidad, era el candidato favorito de G\u00e1lvez para dirigir la facultad de Derecho y, de acuerdo con fuentes universitarias, lleg\u00f3 a la decanatura gracias a redes de apoyo del exrector.<\/p>\n\n\n\n<p class=\"wp-block-paragraph\">Sin embargo, el voto de Bonilla no est\u00e1 del todo asegurado para los intereses de las redes que le ayudaron a llegar hasta la comisi\u00f3n postuladora. Representantes de la AEU aseguraron a InSight Crime que Bonilla es m\u00e1s independiente que decanos anteriores, y que incluso podr\u00eda estar a favor de seguir apoyando las reformas impulsadas por el bloque MP-CICIG.<\/p>\n\n\n\n<p class=\"wp-block-paragraph\">\u201cEl del decano de la USAC es un voto que pesa y en el pasado las estructuras (de la universidad) han respondido a grupos pol\u00edticos, como los vinculados con el Rey del Tenis\u201d, asegura Lenina Garc\u00eda. \u201cHoy los estudiantes tenemos cercan\u00eda con el decano (Bonilla), lo apoyamos, pero le hemos exigido que vote en coherencia con los perfiles id\u00f3neos\u2026 Si no lo hace se lo vamos a hacer ver\u201d.<\/p>\n\n\n\n<h3 class=\"wp-block-heading\" id=\"h-bloque-iii-las-universidades-tradicionales-nbsp\">Bloque III: Las universidades tradicionales<strong>&nbsp;<\/strong><\/h3>\n\n\n\n<p class=\"wp-block-paragraph\">A finales de febrero de este a\u00f1o, varias fuerzas sociales y econ\u00f3micas de Guatemala se unieron para apoyar la elecci\u00f3n de un fiscal general independiente. Representantes de importantes sectores agroindustriales, financieros, de servicios y alimentos montaron un evento en el que se lanz\u00f3 el Frente Ciudadano Contra la Corrupci\u00f3n, en el que tambi\u00e9n participaron la l\u00edder estudiantil Lenina Garc\u00eda y Helen Mack, dos antagonistas del bloque Morales-Arz\u00fa y de los rostros m\u00e1s visibles de los grupos que apoyan a la CICIG y al MP.<\/p>\n\n\n\n<p class=\"wp-block-paragraph\">El evento fue, sobre todo, un acto simb\u00f3lico, que pretendi\u00f3 reunir en el sal\u00f3n de un hotel de lujo a los esp\u00edritus que confluyeron en las calles de la ciudad en 2015, cuando grupos empresariales, estudiantes, ind\u00edgenas y ONG se volcaron a las calles para exigir la renuncia del entonces presidente P\u00e9rez Molina tras las investigaciones de CICIG y el MP que lo pon\u00edan a la cabeza de un esquema masivo de corrupci\u00f3n.<\/p>\n\n\n\n<p class=\"wp-block-paragraph\">En varias partes del acto, los mensajes contra las decisiones de Morales fueron evidentes, como cuando tres funcionarios destituidos por el presidente en los \u00faltimos meses, y quienes hab\u00edan sido colaboradores casi incondicionales de CICIG y el MP, pasaron al frente del sal\u00f3n y recibieron una cerrada ovaci\u00f3n.<\/p>\n\n\n\n<p class=\"wp-block-paragraph\">Esos \u00e1nimos, sobre todo los que llegan desde una parte del sector privado, parecen tambi\u00e9n evidentes en las reuniones de la comisi\u00f3n de postulaci\u00f3n, que se re\u00fane en el sal\u00f3n de plenos de la Corte Suprema de Justicia, en la Zona 1 de Guatemala, bajo la imagen del quetzal sobre el escudo de armas del pa\u00eds. Ah\u00ed, desde finales de enero pasado, los 15 miembros de la comisi\u00f3n de postulaci\u00f3n para fiscal general sesionan en tres mesas colocadas en forma de herradura y en sesiones abiertas al p\u00fablico y la prensa.<\/p>\n\n\n\n<p class=\"wp-block-paragraph\">En la mesa colocada frente al p\u00fablico se sientan el presidente del CANG, el presidente del \u00f3rgano judicial y los decanos de tres universidades privadas, la Land\u00edvar, la del Istmo y la Mariano G\u00e1lvez. El decano de esta \u00faltima es, por elecci\u00f3n de sus colegas, secretario de la comisi\u00f3n; los decanos de las otras dos est\u00e1n entre las voces m\u00e1s activas y escuchadas en las sesiones.<\/p>\n\n\n\n<figure class=\"wp-block-image\"><img data-recalc-dims=\"1\" loading=\"lazy\" decoding=\"async\" width=\"1300\" height=\"1589\" src=\"https:\/\/i0.wp.com\/es.insightcrime.org\/wp-content\/uploads\/2018\/03\/Universidades-Tradicionales-.jpg?resize=1300%2C1589&#038;quality=100&#038;ssl=1\" alt=\"\" class=\"wp-image-82035\" srcset=\"https:\/\/i0.wp.com\/insightcrime.org\/wp-content\/uploads\/2018\/03\/Universidades-Tradicionales-.jpg?w=1300&amp;quality=100&amp;ssl=1 1300w, https:\/\/i0.wp.com\/insightcrime.org\/wp-content\/uploads\/2018\/03\/Universidades-Tradicionales-.jpg?resize=245%2C300&amp;quality=100&amp;ssl=1 245w, https:\/\/i0.wp.com\/insightcrime.org\/wp-content\/uploads\/2018\/03\/Universidades-Tradicionales-.jpg?resize=768%2C939&amp;quality=100&amp;ssl=1 768w, https:\/\/i0.wp.com\/insightcrime.org\/wp-content\/uploads\/2018\/03\/Universidades-Tradicionales-.jpg?resize=838%2C1024&amp;quality=100&amp;ssl=1 838w, https:\/\/i0.wp.com\/insightcrime.org\/wp-content\/uploads\/2018\/03\/Universidades-Tradicionales-.jpg?resize=696%2C851&amp;quality=100&amp;ssl=1 696w, https:\/\/i0.wp.com\/insightcrime.org\/wp-content\/uploads\/2018\/03\/Universidades-Tradicionales-.jpg?resize=1068%2C1305&amp;quality=100&amp;ssl=1 1068w, https:\/\/i0.wp.com\/insightcrime.org\/wp-content\/uploads\/2018\/03\/Universidades-Tradicionales-.jpg?resize=344%2C420&amp;quality=100&amp;ssl=1 344w, https:\/\/i0.wp.com\/es.insightcrime.org\/wp-content\/uploads\/2018\/03\/Universidades-Tradicionales-.jpg?w=370&amp;quality=100&amp;ssl=1 370w, https:\/\/i0.wp.com\/es.insightcrime.org\/wp-content\/uploads\/2018\/03\/Universidades-Tradicionales-.jpg?w=400&amp;quality=100&amp;ssl=1 400w\" sizes=\"auto, (max-width: 1000px) 100vw, 1000px\" \/><\/figure>\n\n\n\n<p class=\"wp-block-paragraph\">Jary Leticia M\u00e9ndez Maddaleno, de la Universidad del Istmo, y Hugo Rolando Escobar Menaldo, de la Land\u00edvar, parecen haber asumido una posici\u00f3n de liderazgo en el bloque de universidades privadas que los analistas separan de las universidades de cart\u00f3n.<\/p>\n\n\n\n<p class=\"wp-block-paragraph\">Como la del Istmo y la Land\u00edvar, la Universidad Francisco Marroqu\u00edn ha sido vinculada a sectores privados representados en el Comit\u00e9 Coordinador de Asociaciones Agr\u00edcolas, Comerciales, Industriales y Financieras (CACIF), la gremial que re\u00fane a las \u00e9lites econ\u00f3micas tradicionales de Guatemala.<\/p>\n\n\n\n<p class=\"wp-block-paragraph\">La Marroqu\u00edn, representada en la comisi\u00f3n por el decano Milton Estuardo Argueta Pinto, ha estado vinculada con el grupo empresarial Multi Inversiones de Dionisio Guti\u00e9rrez, uno de los propietarios del imperio de comida r\u00e1pida Pollo Campero.<\/p>\n\n\n\n<p class=\"wp-block-paragraph\">La del Istmo es una universidad que ha tenido v\u00ednculos financieros con el empresario Juan Mauricio Wurmser, el actual director de la empresa de publicidad Ogilvy Guatemala, quien fue responsable de la <a href=\"https:\/\/www.linkedin.com\/in\/juan-mauricio-wurmser-80620617\" target=\"_blank\" rel=\"noopener\">implementaci\u00f3n<\/a> del programa de franquicias de Pollo Campero en Centroam\u00e9rica.<\/p>\n\n\n\n<p class=\"wp-block-paragraph\">La decana M\u00e9ndez mantiene el gesto serio durante las sesiones de la postuladora. Algunas veces, el rostro se insin\u00faa por encima de bufandas con las que suele protegerse del aire acondicionado que impera en el sal\u00f3n de sesiones. Con ese gesto, la abogada acude a la letra de la ley para interpretar su esp\u00edritu en referencia a los requisitos que la comisi\u00f3n est\u00e1 exigiendo a los postulantes.<\/p>\n\n\n\n<p class=\"wp-block-paragraph\">En la sesi\u00f3n del 25 de enero pasado, cuando la comisi\u00f3n discuti\u00f3 por primera vez la posibilidad de inhibir a candidatos que hubiesen defendido habitualmente a acusados de narcotr\u00e1fico, crimen organizado y corrupci\u00f3n, fue Jary M\u00e9ndez quien zanj\u00f3 la discusi\u00f3n: \u201cEl esp\u00edritu es que no haya v\u00ednculo con el crimen organizado\u201d, dijo en respuesta a colegas comisionados, como el presidente del Colegio de Abogados, quienes alegaban que es injusto descartar a alguien por los clientes que ha defendido.<\/p>\n\n\n\n<p class=\"wp-block-paragraph\">Tambi\u00e9n fue ella una de las que m\u00e1s defendi\u00f3, en el pleno, que la comisi\u00f3n incorporara las sugerencias al perfil propuestas por el Movimiento Pro Justicia (MPJ), una de las organizaciones de la sociedad civil que siguen de cerca el proceso de postulaci\u00f3n.<\/p>\n\n\n\n<p class=\"wp-block-paragraph\">No siempre estas universidades tradicionales han votado como un solo bloque. Luis Antonio Ruano es el decano de la Universidad Mariano G\u00e1lvez y ha tenido cercan\u00eda con sectores vinculados al gobierno de Jimmy Morales. En 2016 fue <a href=\"http:\/\/lahora.gt\/quienes-aconsejan-al-presidente-las-reformas-la-lepp\/\" target=\"_blank\" rel=\"noopener\">parte de un grupo<\/a> que asesor\u00f3 al presidente en una serie de reformas a la pol\u00e9mica Ley Electoral y de Partidos Pol\u00edticos, que incluy\u00f3 duplicar el techo permitido para la campa\u00f1a electoral y un incremento en el financiamiento estatal para los partidos pol\u00edticos.<\/p>\n\n\n\n<p class=\"wp-block-paragraph\">El MPJ ha dicho que en 2014, cuando Ruano particip\u00f3 en la selecci\u00f3n de magistrados para las altas cortes, se mostr\u00f3 cercano al grupo de Alfredo Cabrera, el operador pol\u00edtico asociado con la Universidad Da Vinci.<\/p>\n\n\n\n<p class=\"wp-block-paragraph\">Sin embargo, en el proceso actual, el decano de la Mariano G\u00e1lvez ha estado m\u00e1s cerca del bloque de diez universidades privadas lideradas por la Land\u00edvar y la del Istmo, a las que el MPJ lista hoy entre las que apoyar\u00edan la elecci\u00f3n de un fiscal general independiente de los poderes f\u00e1cticos.<\/p>\n\n\n\n<p class=\"wp-block-paragraph\">El voto menos predecible del grupo podr\u00eda ser el de \u00c1ngel Estuardo Barrios Izaguirre, el decano de la Universidad Mesoamericana, creada en 1971 <a href=\"http:\/\/www.mesoamericana.edu.gt\/historia\/\" target=\"_blank\" rel=\"noopener\">en convenio<\/a> con la Universidad Francisco Marroqu\u00edn, quien se ha alineado en esta postuladora con el grupo de universidades privadas tradicionales, m\u00e1s cercanas al CACIF. Sin embargo, en 2009, Barrios Izaguirre apoy\u00f3 la elecci\u00f3n de Elda Nidia N\u00e1jera Sagastume a la Corte Suprema de Justicia, una candidata que lleg\u00f3 aupada por el grupo del Rey del Tenis, seg\u00fan denunci\u00f3 la CICIG entonces.<\/p>\n\n\n\n<h3 class=\"wp-block-heading\" id=\"h-comodin-morales-arzu-el-cang\">Comod\u00edn Morales-Arz\u00fa: El CANG<\/h3>\n\n\n\n<p class=\"wp-block-paragraph\">Tener el control del MP significa controlar la investigaci\u00f3n criminal, lo que no es poco en un pa\u00eds en el que cinco de los \u00faltimos siete presidentes han sido procesados o investigados por delitos de corrupci\u00f3n, y donde dos de ellos est\u00e1n en prisi\u00f3n.<\/p>\n\n\n\n<p class=\"wp-block-paragraph\">Sin el MP, el impacto de las investigaciones de CICIG ser\u00eda menor: la comisi\u00f3n internacional tiene facultades de investigaci\u00f3n, pero solo la Fiscal\u00eda tiene potestad legal de acusar en los tribunales.<\/p>\n\n\n\n<p class=\"wp-block-paragraph\">La ofensiva frontal de Jimmy Morales contra la comisi\u00f3n internacional inici\u00f3 el 26 de agosto de 2017, cuando el presidente firm\u00f3 un documento en el que declar\u00f3 persona <a href=\"https:\/\/es.insightcrime.org\/noticias\/noticias-del-dia\/presidente-guatemala-quiere-expulsar-ivan-velasquez-pais\/\" target=\"_blank\" rel=\"noopener\">non grata a Iv\u00e1n Vel\u00e1squez<\/a>, el magistrado colombiano que es jefe de CICIG desde 2013, y le orden\u00f3 que abandonara inmediatamente el pa\u00eds. Presiones de Naciones Unidas, el principal soporte pol\u00edtico de la CICIG, y de otros pa\u00edses cooperantes con Guatemala, como Estados Unidos y Suecia, evitaron la salida de Vel\u00e1squez e hicieron retroceder temporalmente a Morales.<\/p>\n\n\n\n<p class=\"wp-block-paragraph\">Los enemigos de Vel\u00e1squez, no obstante, est\u00e1n bien instalados en la comisi\u00f3n de postulaci\u00f3n. Uno de ellos, el m\u00e1s vocal, es Luis Fernando Ruiz Ram\u00edrez, el presidente del CANG. De todos los abogados presentes en la comisi\u00f3n, es el m\u00e1s solemne. Vestido siempre de oscuro estricto, el pelo engominado hacia atr\u00e1s en l\u00edneas perfectas, suele esperar unos segundos antes de hablar. Cuando lo hace recuerda a uno de esos catedr\u00e1ticos de aula magna, que hablan como si recitara. Y cuando habla en la comisi\u00f3n es enf\u00e1tico, sobre todo cuando dice hacerlo en nombre de los colegas a quienes representa.<\/p>\n\n\n\n<p class=\"wp-block-paragraph\">El 29 de enero pasado, durante la tercera sesi\u00f3n de la comisi\u00f3n, Ruiz Ram\u00edrez tom\u00f3 la palabra, por segunda vez en la semana, para interceder a favor del derecho a postularse de colegas que han defendido habitualmente a implicados en narcotr\u00e1fico, crimen organizado o cr\u00edmenes de cuello blanco. Esto a pesar que el d\u00eda anterior los otros comisionados y \u00e9l mismo hab\u00edan votado por inhibir a esos profesionales de participar.<\/p>\n\n\n\n<p class=\"wp-block-paragraph\">\u201cVoy a estar pendiente para que todos los expedientes sean estudiados [\u2026] para que sean considerados sin importar a quien hayan defendido [\u2026] para que nos apeguemos a lo que dice la Constituci\u00f3n\u201d, advirti\u00f3 el presidente del CANG.<\/p>\n\n\n\n<p class=\"wp-block-paragraph\">En discusi\u00f3n de aquel d\u00eda tambi\u00e9n estaba la tabla de gradaci\u00f3n en la que los comisionados basar\u00e1n su evaluaci\u00f3n de los candidatos; la ponderaci\u00f3n que dar\u00e1n a los t\u00edtulos acad\u00e9micos, la experiencia profesional y el paso por la judicatura, as\u00ed como a se\u00f1alamientos contra ellos en instancias oficiales. Sobre el \u00faltimo punto, Ruiz Ram\u00edrez fue uno de los que insisti\u00f3 en que esos se\u00f1alamientos se incluyeran como tachas de los postulantes solo si sobre ellos pesaban sentencias definitivas.<\/p>\n\n\n\n<p class=\"wp-block-paragraph\">El propio Ruiz Ram\u00edrez es objeto de una investigaci\u00f3n. La magistrada Mar\u00eda Cristina Fern\u00e1ndez, suplente de la Corte de Constitucionalidad, <a href=\"https:\/\/nomada.gt\/el-presidente-del-colegio-de-abogados-podria-ir-a-la-carcel-por-este-delito\/\" target=\"_blank\" rel=\"noopener\">ha acusado<\/a> a Ruiz de haber ama\u00f1ado un proceso interno del colegio de abogados para intentar responsabilizarla de tr\u00e1fico de influencias. No es casualidad que Fern\u00e1ndez emitiera uno de los votos que evit\u00f3 la expulsi\u00f3n de Iv\u00e1n Vel\u00e1squez cuando la Corte Constitucional resolvi\u00f3 a favor del colombiano un amparo interpuesto tras la petici\u00f3n del presidente Jimmy Morales de sacarlo de Guatemala.<\/p>\n\n\n\n<p class=\"wp-block-paragraph\">El 28 de enero pasado, Helen Mack, presidenta de la Fundaci\u00f3n Myrna Mack y una de las activistas m\u00e1s reconocidas en la lucha contra la impunidad en Guatemala, denunci\u00f3 a Ruiz Ram\u00edrez por las supuestas irregularidades en el proceso que el tribunal de honor del CANG sigui\u00f3 contra la magistrada Fern\u00e1ndez. Mack pidi\u00f3 la inhabilitaci\u00f3n del abogado.<\/p>\n\n\n<div class=\"wp-block-image\">\n<figure class=\"aligncenter\"><img data-recalc-dims=\"1\" loading=\"lazy\" decoding=\"async\" width=\"1300\" height=\"1463\" src=\"https:\/\/i0.wp.com\/es.insightcrime.org\/wp-content\/uploads\/2018\/04\/CANG-El-comodin-de-Morales-Arzu_Guatemala_InSight-Crime_Graph_29-03-17.jpg?resize=1300%2C1463&#038;quality=100&#038;ssl=1\" alt=\"\" class=\"wp-image-82126\" srcset=\"https:\/\/i0.wp.com\/insightcrime.org\/wp-content\/uploads\/2018\/04\/CANG-El-comodin-de-Morales-Arzu_Guatemala_InSight-Crime_Graph_29-03-17.jpg?w=1300&amp;quality=100&amp;ssl=1 1300w, https:\/\/i0.wp.com\/insightcrime.org\/wp-content\/uploads\/2018\/04\/CANG-El-comodin-de-Morales-Arzu_Guatemala_InSight-Crime_Graph_29-03-17.jpg?resize=267%2C300&amp;quality=100&amp;ssl=1 267w, https:\/\/i0.wp.com\/insightcrime.org\/wp-content\/uploads\/2018\/04\/CANG-El-comodin-de-Morales-Arzu_Guatemala_InSight-Crime_Graph_29-03-17.jpg?resize=768%2C864&amp;quality=100&amp;ssl=1 768w, https:\/\/i0.wp.com\/insightcrime.org\/wp-content\/uploads\/2018\/04\/CANG-El-comodin-de-Morales-Arzu_Guatemala_InSight-Crime_Graph_29-03-17.jpg?resize=910%2C1024&amp;quality=100&amp;ssl=1 910w, https:\/\/i0.wp.com\/insightcrime.org\/wp-content\/uploads\/2018\/04\/CANG-El-comodin-de-Morales-Arzu_Guatemala_InSight-Crime_Graph_29-03-17.jpg?resize=696%2C783&amp;quality=100&amp;ssl=1 696w, https:\/\/i0.wp.com\/insightcrime.org\/wp-content\/uploads\/2018\/04\/CANG-El-comodin-de-Morales-Arzu_Guatemala_InSight-Crime_Graph_29-03-17.jpg?resize=1068%2C1202&amp;quality=100&amp;ssl=1 1068w, https:\/\/i0.wp.com\/insightcrime.org\/wp-content\/uploads\/2018\/04\/CANG-El-comodin-de-Morales-Arzu_Guatemala_InSight-Crime_Graph_29-03-17.jpg?resize=373%2C420&amp;quality=100&amp;ssl=1 373w, https:\/\/i0.wp.com\/es.insightcrime.org\/wp-content\/uploads\/2018\/04\/CANG-El-comodin-de-Morales-Arzu_Guatemala_InSight-Crime_Graph_29-03-17.jpg?w=370&amp;quality=100&amp;ssl=1 370w, https:\/\/i0.wp.com\/es.insightcrime.org\/wp-content\/uploads\/2018\/04\/CANG-El-comodin-de-Morales-Arzu_Guatemala_InSight-Crime_Graph_29-03-17.jpg?w=400&amp;quality=100&amp;ssl=1 400w\" sizes=\"auto, (max-width: 1000px) 100vw, 1000px\" \/><\/figure>\n<\/div>\n\n\n<p class=\"wp-block-paragraph\">Mientras tanto, Ruiz Ram\u00edrez se ha mostrado fiel a Jimmy Morales y a los bloques de poder cercanos que lo apoyaron para llegar a la presidencia de la rep\u00fablica, seg\u00fan cinco fuentes consultadas por InSight Crime en Guatemala, entre ellas miembros de organizaciones de la sociedad civil y diplom\u00e1ticos.<\/p>\n\n\n\n<p class=\"wp-block-paragraph\">El curr\u00edculum de Ruiz tambi\u00e9n revela otros puntos de conexi\u00f3n. El abogado fue asesor del Consejo Nacional de Seguridad, uno de los cuerpos de inteligencia m\u00e1s importantes del pa\u00eds, durante el gobierno del Partido Patriota de P\u00e9rez Molina. Y fue catedr\u00e1tico de un doctorado en seguridad del que el presidente Morales fue alumno.<\/p>\n\n\n\n<p class=\"wp-block-paragraph\">Al CANG tambi\u00e9n lo representa en la comisi\u00f3n postuladora el actual presidente del Tribunal de Honor, Julio Enrique Dougherty Liekens, quien fue funcionario municipal durante la primera gesti\u00f3n de \u00c1lvaro Arz\u00fa, entre 1986 y 1990.<\/p>\n\n\n\n<p class=\"wp-block-paragraph\">La planilla por la que fueron electos Ruiz y Dougherty, que <a href=\"https:\/\/elperiodico.com.gt\/nacion\/2017\/01\/11\/seis-planillas-se-perfilan-para-disputar-directiva-del-cang\/\" target=\"_blank\" rel=\"noopener\">ha sido vinculada<\/a> a Fredy Cabrera, fue impulsada por un grupo de abogados liderado por Ruiz, cuando se desempe\u00f1aba como presidente del tribunal de honor.<\/p>\n\n\n\n<p class=\"wp-block-paragraph\">Julio Enrique Dougherty Monroy, hijo de Dougherty Liekens, es viceministro de comercio exterior del Ministerio de Econom\u00eda en el gobierno del presidente Morales y tambi\u00e9n sirvi\u00f3 bajo las \u00f3rdenes de Arz\u00fa en la alcald\u00eda capitalina. A pesar de todos esos v\u00ednculos, el presidente del Tribunal de Honor del CANG dice que \u00e9l, como postulador de los candidatos a fiscal general, no se debe m\u00e1s que \u201cal pueblo guatemalteco\u201d.<\/p>\n\n\n\n<h3 class=\"wp-block-heading\" id=\"h-conteo-de-votos-y-buenas-decisiones\">Conteo de votos y \u201cbuenas decisiones\u201d<\/h3>\n\n\n\n<p class=\"wp-block-paragraph\">Un an\u00e1lisis que hizo ICCPG del proceso de selecci\u00f3n anterior a este, en 2014, mediante el se eligi\u00f3 a Thelma Aldana, determin\u00f3 que en aquella ocasi\u00f3n los decanos de las universidades votaron en bloques de acuerdo con sus filiaciones pol\u00edticas y econ\u00f3micas. En representaci\u00f3n de las econom\u00edas tradicionales, es decir, los capitales hist\u00f3ricos del sector privado guatemalteco, este tanque de pensamiento list\u00f3 en 2014 a cinco universidades privadas: la Land\u00edvar, del Istmo, Francisco Marroqu\u00edn, Mesoamericana y San Pablo.<\/p>\n\n\n\n<p class=\"wp-block-paragraph\">A favor de las llamadas econom\u00edas emergentes, pobladas sobre todo por militares y nuevos capitales, el Instituto de Estudios Comparados en Ciencias Penales de Guatemala (ICCPG) ubic\u00f3 a las universidades m\u00e1s nuevas, como la Rural o la Da Vinci, al presidente del \u00d3rgano Judicial y a los representantes del CANG.<\/p>\n\n\n\n<p class=\"wp-block-paragraph\">Poco m\u00e1s de lo mismo parece estar ocurriendo en 2018. La ley establece que es necesaria la mayor\u00eda calificada, 9 de 15 votos, para escoger a los seis candidatos que integrar\u00e1n la lista que llegar\u00e1 al escritorio del presidente Morales. Y a finales de febrero, el MPJ present\u00f3 un estudio en el cual distingui\u00f3 dos bloques: el liderado por las universidades privadas de m\u00e1s renombre &#8212; Land\u00edvar, del Istmo y Marroqu\u00edn &#8211;, que cuenta con diez votos, y otro en el que est\u00e1n la Rural, la Da Vinci, USAC, la Regional y los dos miembros del CANG.<\/p>\n\n\n\n<p class=\"wp-block-paragraph\">En su an\u00e1lisis, el ICCPG tambi\u00e9n los divide en dos grupos: \u201cGrupo proimpunidad y grupo que seguir\u00eda apoyando la lucha contra la corrupci\u00f3n\u201d.<\/p>\n\n\n\n<p class=\"wp-block-paragraph\">Sin embargo, persisten dudas sobre las universidades privadas, dado que sus intereses se han visto tambi\u00e9n golpeados por la dupla MP-CICIG. Los an\u00e1lisis del MPJ y otras organizaciones similares antes de este proceso advert\u00edan que -a diferencia del de 2014, cuando el sector privado de Guatemala apoyaba casi sin fisuras la labor de la CICIG- en esta ocasi\u00f3n la embestida de la comisi\u00f3n y del MP de Thelma Aldana contra personas e instituciones importantes de las \u00e9lites econ\u00f3micas, como el mismo alcalde Arz\u00fa, pod\u00eda provocar que algunas de las universidades privadas se inclinaran por candidatos menos afines a la CICIG.<\/p>\n\n\n\n<p class=\"wp-block-paragraph\">Hasta ahora, Carmen A\u00edda Ibarra, del MPJ, cree que el bloque liderado por las universidades Land\u00edvar y del Istmo ha tomado \u201cbuenas decisiones\u201d y que \u201cla comisi\u00f3n ha mostrado tener buen criterio\u201d en asuntos t\u00e9cnicos como el perfil y la tabla de calificaci\u00f3n de los candidatos. Sin embargo, Ibarra advierte que en este proceso a\u00fan no es posible hablar de las \u00e9lites econ\u00f3micas tradicionales como un bloque.<\/p>\n\n\n\n<p class=\"wp-block-paragraph\">A fin de cuentas el presidente Morales, el elector final, solo necesita que un candidato sea de su gusto.<\/p>\n\n\n\n<p class=\"wp-block-paragraph\">Otro factor que podr\u00eda resultar decisivo son los mensajes de Estados Unidos, pa\u00eds que ha apoyado a la CICIG y a sus comisionados desde que la comisi\u00f3n lleg\u00f3 a Guatemala en 2006. En 2015, cuando el MP y CICIG revelaron la investigaci\u00f3n que cost\u00f3 la presidencia a Otto P\u00e9rez Molina, el entonces embajador estadounidense Todd Robinson se convirti\u00f3 en <a href=\"https:\/\/es.insightcrime.org\/noticias\/analisis\/razones-explican-conmocion-actual-guatemala\/\" target=\"_blank\" rel=\"noopener\">el apoyo m\u00e1s influyente<\/a> del fiscal general y del comisionado.<\/p>\n\n\n\n<p class=\"wp-block-paragraph\">Luis Arreaga, el sucesor de Robinson, tiene un estilo menos p\u00fablico, pero tambi\u00e9n ha hecho evidente su apoyo a la CICIG. El gobierno del presidente Morales, tras el fiasco de la declaratoria de persona non grata contra el comisionado Vel\u00e1squez, ha optado por cortejar a la administraci\u00f3n de Donald Trump con decisiones como mover la embajada de Guatemala en Israel a la ciudad de Jerusal\u00e9n y a trav\u00e9s del cabildeo a sectores evang\u00e9licos cercanos al vicepresidente Michael Pence.<\/p>\n\n\n\n<p class=\"wp-block-paragraph\"><strong><span style=\"color: #800000;\">VEA TAMBI\u00c9N:<\/span><\/strong> <a href=\"https:\/\/es.insightcrime.org\/investigaciones\/la-guerra-por-las-cortes-en-guatemala\/\" target=\"_blank\" rel=\"noopener\">Justicia tras bastidores: La guerra por las cortes en Guatemala<\/a><\/p>\n\n\n\n<p class=\"wp-block-paragraph\">En Washington, fuentes diplom\u00e1ticas dijeron a InSight Crime que la posici\u00f3n de la embajada de los Estados Unidos en Guatemala sigue a favor de la elecci\u00f3n de un fiscal independiente, o sea, pro CICIG. Un funcionario del Congreso advirti\u00f3, bajo condici\u00f3n de anonimato, que la elecci\u00f3n de un jefe del Ministerio P\u00fablico con v\u00ednculos evidentes a grupos de crimen organizado podr\u00eda provocar que el Departamento de Estado no valide la certificaci\u00f3n de combate a la lucha contra la corrupci\u00f3n en el pa\u00eds, la cual es necesaria para que Estados Unidos desembolse fondos de cooperaci\u00f3n. La certificaci\u00f3n est\u00e1 detenida desde septiembre de 2017, poco despu\u00e9s de que Morales intentara expulsar al comisionado Vel\u00e1squez.<\/p>\n\n\n\n<p class=\"wp-block-paragraph\">No es poco lo que est\u00e1 en juego en Guatemala. Sin importar las alineaciones pol\u00edticas de quien responda, parece claro que el futuro institucional del pa\u00eds pasa por el control inmediato del Ministerio P\u00fablico, el ente que en los \u00faltimos a\u00f1os, junto a la CICIG, ha desenmara\u00f1ado, como nunca antes, los complejos entramados de corrupci\u00f3n y los intereses que hist\u00f3ricamente han operado desde el Estado. Adem\u00e1s, son intereses que han terminado infiltrados en las mismas instituciones de las que se nutre la comisi\u00f3n de postulaci\u00f3n para la elecci\u00f3n del fiscal general.<\/p>\n\n\n\n<p class=\"wp-block-paragraph\">En este tablero pol\u00edtico, los filtros que la ley otorga a las facultades de derecho parecen caducos e intrascendentes. La transparencia sigue pareciendo un bien escaso en un mapa que incluye a universidades creadas por operadores con evidentes v\u00ednculos con grupos de poder enfrentados a la justicia, a una universidad estatal plagada a\u00fan por las sombras de un pasado de corrupci\u00f3n, y a un bloque de instituciones privadas susceptibles tambi\u00e9n de la influencia de sus financistas.<\/p>\n\n\n\n<p class=\"wp-block-paragraph\"><em><strong>*Este art\u00edculo fue producido con la asistencia de: Steve Dudley (edici\u00f3n), Shannon Kirby (traducci\u00f3n), Elisa Rold\u00e1n (gr\u00e1ficos).<\/strong><\/em><\/p>\n\n\n\n<p class=\"wp-block-paragraph\"><em>*Una versi\u00f3n anterior de la gr\u00e1fica \u00abUniversidades de Cart\u00f3n: La sombra oculta de Moralez, Arz\u00fa y los operadores pol\u00edticos\u00bb vinculaba incorrectamente a Ana Mercedes Suasn\u00e1var Palma, decana de Derecho de la Universidad de Occidente con la red de Morales\/Arz\u00fa. InSight Crime lamenta el error. <a href=\"https:\/\/es.insightcrime.org\/wp-content\/uploads\/2018\/04\/SE\u00d1ORESComunicado-18-04-2018.pdf\" target=\"_blank\" rel=\"noopener\">Vea aqu\u00ed<\/a> la respuesta completa de la Universidad de Occidente.<\/em><\/p>\n","protected":false},"excerpt":{"rendered":"<p>El proceso para elegir al nuevo fiscal general de Guatemala est\u00e1 lleno de sombras y preguntas. El primer filtro es la comisi\u00f3n de postulaci\u00f3n integrada por los decanos de 12 facultades de derecho. Pero estos acad\u00e9micos enfrentan cuestionamientos sobre su idoneidad, y sobre la legitimidad de algunas de sus universidades. <\/p>\n","protected":false},"author":83,"featured_media":82026,"comment_status":"closed","ping_status":"closed","sticky":false,"template":"single-feature.php","format":"standard","meta":{"newspack_ads_suppress_ads":false,"newspack_popups_has_disabled_popups":false,"newspack_sponsor_sponsorship_scope":"","newspack_sponsor_native_byline_display":"inherit","newspack_sponsor_native_category_display":"inherit","newspack_sponsor_underwriter_style":"inherit","newspack_sponsor_underwriter_placement":"inherit","_EventAllDay":false,"_EventTimezone":"","_EventStartDate":"","_EventEndDate":"","_EventStartDateUTC":"","_EventEndDateUTC":"","_EventShowMap":false,"_EventShowMapLink":false,"_EventURL":"","_EventCost":"","_EventCostDescription":"","_EventCurrencySymbol":"","_EventCurrencyCode":"","_EventCurrencyPosition":"","_EventDateTimeSeparator":"","_EventTimeRangeSeparator":"","_EventOrganizerID":[],"_EventVenueID":[],"_OrganizerEmail":"","_OrganizerPhone":"","_OrganizerWebsite":"","_VenueAddress":"","_VenueCity":"","_VenueCountry":"","_VenueProvince":"","_VenueState":"","_VenueZip":"","_VenuePhone":"","_VenueURL":"","_VenueStateProvince":"","_VenueLat":"","_VenueLng":"","_VenueShowMap":false,"_VenueShowMapLink":false,"_newspack_byline_active":false,"_newspack_byline":"","newspack_hide_updated_date":false,"newspack_show_updated_date":false,"newspack_featured_image_position":"above","newspack_post_subtitle":"","newspack_article_summary_title":"Overview:","newspack_article_summary":"","_jetpack_memberships_contains_paid_content":false,"footnotes":""},"categories":[342],"tags":[447,374,455],"newspack_spnsrs_tax":[],"coauthors":[3725,3925,4120],"class_list":["post-82023","post","type-post","status-publish","format-standard","has-post-thumbnail","hentry","category-investigaciones","tag-elites-y-crimen-organizado","tag-guatemala-pais","tag-infografias","entry"],"parsely":{"version":"1.1.0","canonical_url":"https:\/\/insightcrime.org\/es\/investigaciones\/decanos-universitarios-filtros-caducos-en-la-seleccion-del-fiscal-general-de-guatemala\/","smart_links":{"inbound":0,"outbound":0},"traffic_boost_suggestions_count":0,"meta":{"@context":"https:\/\/schema.org","@type":"NewsArticle","headline":"Decanos universitarios: Filtros caducos en la selecci\u00f3n del fiscal general de Guatemala","url":"http:\/\/insightcrime.org\/es\/investigaciones\/decanos-universitarios-filtros-caducos-en-la-seleccion-del-fiscal-general-de-guatemala\/","mainEntityOfPage":{"@type":"WebPage","@id":"http:\/\/insightcrime.org\/es\/investigaciones\/decanos-universitarios-filtros-caducos-en-la-seleccion-del-fiscal-general-de-guatemala\/"},"thumbnailUrl":"https:\/\/i0.wp.com\/insightcrime.org\/wp-content\/uploads\/2018\/03\/Boy-waves-a-Guatemala-flag-during-a-vigil-in-front-of-the-Supreme-Court-in-Guatemala-City-Luis-Soto-22-07-2015-.png?resize=150%2C150&quality=100&ssl=1","image":{"@type":"ImageObject","url":"https:\/\/i0.wp.com\/insightcrime.org\/wp-content\/uploads\/2018\/03\/Boy-waves-a-Guatemala-flag-during-a-vigil-in-front-of-the-Supreme-Court-in-Guatemala-City-Luis-Soto-22-07-2015-.png?fit=1300%2C603&quality=100&ssl=1"},"articleSection":"Investigaciones","author":[{"@type":"Person","name":"H\u00e9ctor Silva \u00c1valos"},{"@type":"Person","name":"Felipe Puerta"},{"@type":"Person","name":"Kelly Grant"}],"creator":["H\u00e9ctor Silva \u00c1valos","Felipe Puerta","Kelly Grant"],"publisher":{"@type":"Organization","name":"InSight Crime","logo":"https:\/\/insightcrime.org\/wp-content\/uploads\/2023\/08\/logo.png"},"keywords":["\u00e9lites y crimen","guatemala","infograf\u00edas"],"dateCreated":"2018-04-02T14:00:08Z","datePublished":"2018-04-02T14:00:08Z","dateModified":"2023-10-26T12:11:28Z"},"rendered":"<meta name=\"parsely-title\" content=\"Decanos universitarios: Filtros caducos en la selecci\u00f3n del fiscal general de Guatemala\" \/>\n<meta name=\"parsely-link\" content=\"http:\/\/insightcrime.org\/es\/investigaciones\/decanos-universitarios-filtros-caducos-en-la-seleccion-del-fiscal-general-de-guatemala\/\" \/>\n<meta name=\"parsely-type\" content=\"post\" \/>\n<meta name=\"parsely-image-url\" content=\"https:\/\/i0.wp.com\/insightcrime.org\/wp-content\/uploads\/2018\/03\/Boy-waves-a-Guatemala-flag-during-a-vigil-in-front-of-the-Supreme-Court-in-Guatemala-City-Luis-Soto-22-07-2015-.png?resize=150%2C150&amp;quality=100&amp;ssl=1\" \/>\n<meta name=\"parsely-pub-date\" content=\"2018-04-02T14:00:08Z\" \/>\n<meta name=\"parsely-section\" content=\"Investigaciones\" \/>\n<meta name=\"parsely-tags\" content=\"\u00e9lites y crimen,guatemala,infograf\u00edas\" \/>\n<meta name=\"parsely-author\" content=\"H\u00e9ctor Silva \u00c1valos\" \/>\n<meta name=\"parsely-author\" content=\"Felipe Puerta\" \/>\n<meta name=\"parsely-author\" content=\"Kelly Grant\" \/>","tracker_url":"https:\/\/cdn.parsely.com\/keys\/insightcrime.org\/p.js"},"jetpack_sharing_enabled":true,"jetpack-related-posts":[{"id":185870,"url":"https:\/\/insightcrime.org\/es\/noticias\/pese-denuncias-anticorrupcion-guatemala-reelige-fiscal-general\/","url_meta":{"origin":82023,"position":0},"title":"Pese a denuncias de organismos anticorrupci\u00f3n, Guatemala reelige a fiscal general","author":"Scott Mistler-Ferguson","date":"18 de mayo de 2022","format":false,"excerpt":"Guatemala ha ratificado a la fiscal general Consuelo Porras para un segundo periodo, a pesar de su historial documentado de blindaje de las \u00e9lites pol\u00edticas y empresariales frente a investigaciones anticorrupci\u00f3n.","rel":"","context":"En \u00abNoticias\u00bb","block_context":{"text":"Noticias","link":"https:\/\/insightcrime.org\/es\/category\/noticias\/"},"img":{"alt_text":"Guatemala's top prosecutor Consuelo Porras gesticulates","src":"https:\/\/i0.wp.com\/insightcrime.org\/wp-content\/uploads\/2022\/05\/Consuelo-Porras.jpeg?fit=350%2C233&quality=100&ssl=1&resize=350%2C200","width":350,"height":200},"classes":[]},{"id":137518,"url":"https:\/\/insightcrime.org\/es\/noticias\/se-intensifica-pugna-por-las-altas-cortes-en-guatemala\/","url_meta":{"origin":82023,"position":1},"title":"Se intensifica pugna por las altas cortes en Guatemala","author":"Alex Papadovassilakis","date":"9 de marzo de 2021","format":false,"excerpt":"La designaci\u00f3n de jueces para las altas cortes en Guatemala ha tomado otro tinte con el tira y afloje entre una \u00e9lite pol\u00edtica que pretende llenar los tribunales de aliados, y fiscales antiimpunidad se\u00f1alando a esas mismas \u00e9lites de tr\u00e1fico de influencias.","rel":"","context":"En \u00abNoticias\u00bb","block_context":{"text":"Noticias","link":"https:\/\/insightcrime.org\/es\/category\/noticias\/"},"img":{"alt_text":"","src":"https:\/\/i0.wp.com\/insightcrime.org\/wp-content\/uploads\/2021\/03\/Flagship-Guatemala-ConstitutionalCourt-2020-07-07-350x250-c-default.jpg?fit=350%2C250&quality=100&ssl=1&resize=350%2C200","width":350,"height":200},"classes":[]},{"id":246888,"url":"https:\/\/insightcrime.org\/es\/noticias\/democracia-amenazada-ataque-fiscales-presidente-electo-guatemala\/","url_meta":{"origin":82023,"position":2},"title":"La democracia en la cuerda floja por ataque de fiscales  contra presidente electo en Guatemala","author":"Alex Papadovassilakis","date":"16 de noviembre de 2023","format":false,"excerpt":"Los fiscales guatemaltecos han lanzado un ataque directo al presidente electo Bernardo Ar\u00e9valo, el \u00faltimo de una serie de intentos flagrantes de las redes corruptas del pa\u00eds por impedir su llegada al poder en un momento de inflexi\u00f3n para la democracia del pa\u00eds.","rel":"","context":"En \u00abNoticias\u00bb","block_context":{"text":"Noticias","link":"https:\/\/insightcrime.org\/es\/category\/noticias\/"},"img":{"alt_text":"El presidente electo Bernardo Ar\u00e9valo y la vicepresidenta electa Karin Herrera de Guatemala en una conferencia de prensa","src":"https:\/\/i0.wp.com\/insightcrime.org\/wp-content\/uploads\/2023\/11\/Guatemala-Elections-2023-by-Alex-papafovassilakis-InSight-Crime-cropped.jpg?fit=350%2C250&quality=100&ssl=1&resize=350%2C200","width":350,"height":200},"classes":[]},{"id":175848,"url":"https:\/\/insightcrime.org\/es\/noticias\/jueza-anticorrupcion-convirtio-nuevo-objetivo-fiscales-guatemala\/","url_meta":{"origin":82023,"position":3},"title":"Jueza anticorrupci\u00f3n se convirti\u00f3 en el nuevo objetivo de fiscales en Guatemala","author":"Alex Papadovassilakis","date":"19 de enero de 2022","format":false,"excerpt":"Una jueza de Guatemala considerada recientemente por el Departamento de Estado de Estados Unidos como una \u201cmujer valerosa\u201d afirma que est\u00e1 siendo atacada por el Ministerio P\u00fablico de su pa\u00eds debido a su trabajo en casos de corrupci\u00f3n de alto perfil.","rel":"","context":"En \u00abNoticias\u00bb","block_context":{"text":"Noticias","link":"https:\/\/insightcrime.org\/es\/category\/noticias\/"},"img":{"alt_text":"Erika Aif\u00e1n jueza de Guatemala","src":"https:\/\/i0.wp.com\/insightcrime.org\/wp-content\/uploads\/2022\/01\/Erika-Aifan-Judge-Guatemala.png?fit=350%2C250&quality=100&ssl=1&resize=350%2C200","width":350,"height":200},"classes":[]},{"id":342159,"url":"https:\/\/insightcrime.org\/es\/noticias\/puede-nuevo-fiscal-general-guatemala-reactivar-lucha-anticorrupcion\/","url_meta":{"origin":82023,"position":4},"title":"\u00bfPuede el nuevo fiscal general de Guatemala reactivar la lucha anticorrupci\u00f3n?","author":"Creusa Mu\u00f1oz","date":"18 de mayo de 2026","format":false,"excerpt":"El nuevo fiscal general de Guatemala, Gabriel Garc\u00eda Luna, enfrenta el reto de reformar un Ministerio P\u00fablico debilitado tras a\u00f1os de cuestionamientos a la gesti\u00f3n de Consuelo Porras.","rel":"","context":"En \u00abNoticias\u00bb","block_context":{"text":"Noticias","link":"https:\/\/insightcrime.org\/es\/category\/noticias\/"},"img":{"alt_text":"","src":"https:\/\/i0.wp.com\/insightcrime.org\/wp-content\/uploads\/2026\/05\/flagship.jpg?fit=350%2C250&quality=100&ssl=1&resize=350%2C200","width":350,"height":200},"classes":[]},{"id":339719,"url":"https:\/\/insightcrime.org\/es\/noticias\/on-the-radar-apuesta-judicial-guatemala-caida-kinahan-y-muertes-agentes-de-cia-mexico\/","url_meta":{"origin":82023,"position":5},"title":"On The Radar: La apuesta judicial de Guatemala, la ca\u00edda de Kinahan y las muertes de agentes de la CIA en M\u00e9xico","author":"Deborah Bonello","date":"14 de abril de 2026","format":false,"excerpt":"Esta semana, analizamos la controvertida salida de la fiscal general Consuelo Porras en Guatemala, el arresto del capo internacional de la droga Daniel Kinahan en Dub\u00e1i y las muertes de dos agentes de la CIA en M\u00e9xico.","rel":"","context":"En \u00abNoticias\u00bb","block_context":{"text":"Noticias","link":"https:\/\/insightcrime.org\/es\/category\/noticias\/"},"img":{"alt_text":"","src":"https:\/\/i0.wp.com\/insightcrime.org\/wp-content\/uploads\/2026\/04\/Copia-de-OTR-template-featured-image-website.png?fit=1200%2C675&quality=100&ssl=1&resize=350%2C200","width":350,"height":200,"srcset":"https:\/\/i0.wp.com\/insightcrime.org\/wp-content\/uploads\/2026\/04\/Copia-de-OTR-template-featured-image-website.png?fit=1200%2C675&quality=100&ssl=1&resize=350%2C200 1x, https:\/\/i0.wp.com\/insightcrime.org\/wp-content\/uploads\/2026\/04\/Copia-de-OTR-template-featured-image-website.png?fit=1200%2C675&quality=100&ssl=1&resize=525%2C300 1.5x, https:\/\/i0.wp.com\/insightcrime.org\/wp-content\/uploads\/2026\/04\/Copia-de-OTR-template-featured-image-website.png?fit=1200%2C675&quality=100&ssl=1&resize=700%2C400 2x, https:\/\/i0.wp.com\/insightcrime.org\/wp-content\/uploads\/2026\/04\/Copia-de-OTR-template-featured-image-website.png?fit=1200%2C675&quality=100&ssl=1&resize=1050%2C600 3x"},"classes":[]}],"jetpack_featured_media_url":"https:\/\/i0.wp.com\/insightcrime.org\/wp-content\/uploads\/2018\/03\/Boy-waves-a-Guatemala-flag-during-a-vigil-in-front-of-the-Supreme-Court-in-Guatemala-City-Luis-Soto-22-07-2015-.png?fit=1300%2C603&quality=100&ssl=1","_links":{"self":[{"href":"https:\/\/insightcrime.org\/es\/wp-json\/wp\/v2\/posts\/82023","targetHints":{"allow":["GET"]}}],"collection":[{"href":"https:\/\/insightcrime.org\/es\/wp-json\/wp\/v2\/posts"}],"about":[{"href":"https:\/\/insightcrime.org\/es\/wp-json\/wp\/v2\/types\/post"}],"author":[{"embeddable":true,"href":"https:\/\/insightcrime.org\/es\/wp-json\/wp\/v2\/users\/83"}],"replies":[{"embeddable":true,"href":"https:\/\/insightcrime.org\/es\/wp-json\/wp\/v2\/comments?post=82023"}],"version-history":[{"count":8,"href":"https:\/\/insightcrime.org\/es\/wp-json\/wp\/v2\/posts\/82023\/revisions"}],"predecessor-version":[{"id":244747,"href":"https:\/\/insightcrime.org\/es\/wp-json\/wp\/v2\/posts\/82023\/revisions\/244747"}],"wp:featuredmedia":[{"embeddable":true,"href":"https:\/\/insightcrime.org\/es\/wp-json\/wp\/v2\/media\/82026"}],"wp:attachment":[{"href":"https:\/\/insightcrime.org\/es\/wp-json\/wp\/v2\/media?parent=82023"}],"wp:term":[{"taxonomy":"category","embeddable":true,"href":"https:\/\/insightcrime.org\/es\/wp-json\/wp\/v2\/categories?post=82023"},{"taxonomy":"post_tag","embeddable":true,"href":"https:\/\/insightcrime.org\/es\/wp-json\/wp\/v2\/tags?post=82023"},{"taxonomy":"newspack_spnsrs_tax","embeddable":true,"href":"https:\/\/insightcrime.org\/es\/wp-json\/wp\/v2\/newspack_spnsrs_tax?post=82023"},{"taxonomy":"author","embeddable":true,"href":"https:\/\/insightcrime.org\/es\/wp-json\/wp\/v2\/coauthors?post=82023"}],"curies":[{"name":"wp","href":"https:\/\/api.w.org\/{rel}","templated":true}]}}