{"id":8209,"date":"2015-09-28T14:28:16","date_gmt":"2017-03-28T00:11:33","guid":{"rendered":"http:\/\/newwp.insightcrime.org?p=8209"},"modified":"2023-04-24T15:48:02","modified_gmt":"2023-04-24T20:48:02","slug":"hijo-gobernador-caballeros-templarios-limites-justicia-mexico","status":"publish","type":"post","link":"https:\/\/insightcrime.org\/es\/noticias\/analisis\/hijo-gobernador-caballeros-templarios-limites-justicia-mexico\/","title":{"rendered":"El hijo del gobernador, Los Caballeros Templarios y los l\u00edmites de la justicia en M\u00e9xico"},"content":{"rendered":"\n<p class=\"wp-block-paragraph\">La d\u00e9bil condena de Rodrigo Vallejo, hijo del gobernador del estado mexicano de Michoac\u00e1n durante el auge del grupo criminal conocido como Los Caballeros Templarios, es otro ejemplo de impotencia judicial en M\u00e9xico.<\/p>\n\n\n\n<p class=\"wp-block-paragraph\">Vallejo fue condenado por un juez federal por el delito de encubrimiento el 11 de septiembre. La aparici\u00f3n de Vallejo <a href=\"https:\/\/www.youtube.com\/watch?v=XzZNvSTdg98\" target=\"_blank\">en un v\u00eddeo<\/a> departiendo con Servando G\u00f3mez, \u201cLa Tuta\u201d, exl\u00edder Templario, hab\u00eda provocado ya <a href=\"https:\/\/es.insightcrime.org\/noticias\/noticias-del-dia\/gobernador-mexico-renuncia-en-medio-acusaciones-vinculos-familiares-caballeros-templarios\/\" target=\"_blank\">la dimisi\u00f3n de su padre<\/a>. A pesar del contenido de <a href=\"https:\/\/www.cnnmexico.com\/nacional\/2015\/09\/11\/11-meses-y-7-dias-en-prision-a-rodrigo-vallejo-por-encubrir-a-la-tuta\" target=\"_blank\">esa pol\u00e9mica conversaci\u00f3n<\/a>, la sentencia, seg\u00fan el abogado de Vallejo, podr\u00eda <a href=\"https:\/\/www.milenio.com\/policia\/Condenan-meses-carcel-Rodrigo-Vallejo_0_590340992.html\" target=\"_blank\">no suponer su ingreso en prisi\u00f3n<\/a>.<\/p>\n\n\n\n<p class=\"wp-block-paragraph\">Aun as\u00ed, el an\u00e1lisis de este proceso ayuda a entender algunos problemas y retos que los organismos de seguridad y justicia mexicanos enfrentan cuando se intenta desenmara\u00f1ar las redes pol\u00edtico-criminales que, en algunas zonas del pa\u00eds, han cooptado a las instituciones.<\/p>\n\n\n\n<p class=\"wp-block-paragraph\">Uno de los aspectos que llama la atenci\u00f3n es la dificultad de la Procuradur\u00eda General de la Rep\u00fablica (PGR) para lograr una acusaci\u00f3n s\u00f3lida contra Vallejo. Seg\u00fan algunas fuentes, la PGR <a href=\"https:\/\/archivo.eluniversal.com.mx\/nacion-mexico\/2015\/impreso\/revelan-5-mil-horas-de-videos-de-8216la-tuta-8217-y-sus-encuentros-225055.html\" target=\"_blank\">contaba con numerosos v\u00eddeos<\/a> de Templarios y funcionarios estatales y municipales, de los cuales podr\u00eda extraerse un hipot\u00e9tico organigrama de las relaciones entre pol\u00edticos michoacanos y esa organizaci\u00f3n criminal. En esta red, la figura de Vallejo, por sus evidentes contactos al m\u00e1s alto nivel, no pod\u00eda ser menor. Incluso, como complemento de esta investigaci\u00f3n, <a href=\"https:\/\/www.jornada.unam.mx\/2015\/06\/04\/politica\/016n1pol\" target=\"_blank\">habr\u00eda sido de ayuda el uso de La Tuta<\/a> como testigo que explicara c\u00f3mo se concret\u00f3 el apoyo del hijo del exgobernador de Michoac\u00e1n.<\/p>\n\n\n\n<p class=\"wp-block-paragraph\">Por el contrario, la condena de Vallejo por encubrimiento es \u00fanicamente por no proporcionar datos sobre el paradero de La Tuta, tal y como se lo exigieron las autoridades. Es decir, la condena es por un acto posterior al v\u00eddeo. De hecho, el delito solo se gener\u00f3 <a href=\"https:\/\/www.cjf.gob.mx\/documentos\/notasInformativas\/docsNotasInformativas\/2014\/notaInformativa111.pdf\" target=\"_blank\">cuando el acusado declar\u00f3 ante la PGR<\/a>. Esto muestra, en la m\u00e1s ben\u00e9vola de las hip\u00f3tesis, que las autoridades mexicanas no tienen una imagen clara del nivel de penetraci\u00f3n criminal en las instituciones investigadas, a lo que se a\u00f1ade <a href=\"https:\/\/es.insightcrime.org\/noticias\/analisis\/por-que-el-manejo-de-los-testigos-protegidos-es-un-desastre-en-mexico\/\" target=\"_blank\">un habitual mal uso de testigos<\/a>.<\/p>\n\n\n\n<p class=\"wp-block-paragraph\">Sin embargo, esta manera sesgada de investigar contra estructuras criminales sofisticadas es habitual, <a href=\"https:\/\/es.insightcrime.org\/noticias\/analisis\/masacre-iguala-relaciones-publicas-arde-en-llamas\/\" target=\"_blank\">como muestra el caso Ayotzinapa<\/a>, sobre la desaparici\u00f3n de decenas de estudiantes en el convulso estado de Guerrero hace casi un a\u00f1o.<\/p>\n\n\n\n<p class=\"wp-block-paragraph\"><strong><span style=\"color: #800000\">VEA TAMBI\u00c9N:<\/span><\/strong><a href=\"https:\/\/es.insightcrime.org\/noticias-crimen-organizado-mexico\/servando-gomez-martinez-la-tuta\/\" target=\"_blank\"> Perfil de La Tuta<\/a><\/p>\n\n\n\n<p class=\"wp-block-paragraph\">Por ejemplo, el Grupo Interdisciplinario de Expertos Independientes (GIEI), que a petici\u00f3n del Estado mexicano ayuda a la investigaci\u00f3n, solicit\u00f3 reunir todos los procesos relativos a ese caso en un solo juzgado. Una petici\u00f3n de este tipo ejemplific\u00f3 varios problemas de <a href=\"https:\/\/www.jornada.unam.mx\/2015\/06\/30\/politica\/004n1pol\" target=\"_blank\">la telara\u00f1a legal mexicana<\/a>, como la dispersi\u00f3n de las investigaciones en distintos tribunales del pa\u00eds, lo que coadyuva a un tipo de impunidad como la vista en el caso Vallejo.<\/p>\n\n\n\n<p class=\"wp-block-paragraph\">Adem\u00e1s, si bien es cierto que la PGR ha logrado <a href=\"https:\/\/www.cnnmexico.com\/nacional\/2015\/08\/27\/pgr-detiene-a-8-personas-mas-por-desaparicion-de-normalistas-de-ayotzinapa\" target=\"_blank\">cientos de detenidos<\/a> que arrojan luz sobre la desaparici\u00f3n de los estudiantes normalistas, el procesamiento de individuos de instituciones municipales, junto al de miembros de los Guerreros Unidos, el grupo criminal tras las desapariciones, se ha hecho exclusivamente desde una perspectiva municipal. Por lo tanto, se echa en falta un enfoque para visibilizar los v\u00ednculos de los acusados con redes que se desenvuelven a una mayor escala y operan con din\u00e1micas que traspasan lo local.<\/p>\n\n\n\n<p class=\"wp-block-paragraph\">Ante las estrategias fallidas descritas anteriormente, M\u00e9xico puede aprender de pol\u00edticas de otros pa\u00edses. As\u00ed, <a href=\"https:\/\/es.insightcrime.org\/noticias\/noticias-del-dia\/arrestos-colombia-lazos-criminales-politicos-duros-de-matar\/\" target=\"_blank\">el esc\u00e1ndalo de la parapol\u00edtica colombiana<\/a> alude a un contexto diferente (el de los v\u00ednculos de pol\u00edticos con las Autodefensas Unidas de Colombia), pero da herramientas para enfrentar estructuras criminales complejas como la Templaria. Por ejemplo, de las sentencias sobre la parapol\u00edtica, se deducen principios para probar c\u00f3mo de reuniones entre pol\u00edticos y miembros de grupos criminales puede inferirse una serie de roles, con un prop\u00f3sito criminal com\u00fan, en el que el apoyo desde \u00e1mbitos pol\u00edticos es uno de los aspectos m\u00e1s relevantes.<\/p>\n\n\n\n<p class=\"wp-block-paragraph\">Precisamente, Colombia ha realizado avances en su cultura jur\u00eddica que M\u00e9xico tambi\u00e9n puede hacer suyos, siempre que desde el gobierno haya un inter\u00e9s por adaptar las pol\u00edticas y las leyes a los actuales desaf\u00edos del crimen organizado. Uno es la investigaci\u00f3n de contexto. En ella, la Fiscal\u00eda colombiana <a href=\"https:\/\/www.elespectador.com\/noticias\/judicial\/una-fiscalia-el-posconflicto-articulo-464816\" target=\"_blank\">prioriza unos temas<\/a> para construir situaciones que ilustren patrones de los grupos criminales. Al explicitar las din\u00e1micas del crimen organizado y sus relaciones a distintos niveles con la esfera p\u00fablica, la justicia muestra adem\u00e1s un car\u00e1cter did\u00e1ctico, imprescindible para crisis de seguridad como la mexicana. Este matiz se pierde con una investigaci\u00f3n caso por caso.<\/p>\n\n\n\n<p class=\"wp-block-paragraph\">En esta l\u00ednea, el Ministerio P\u00fablico de Guatemala tiene un equipo de 120 analistas cuyo trabajo consiste en estudiar casos m\u00faltiples para ver si hay v\u00ednculos entre ellos. As\u00ed los fiscales pueden ahorrar esfuerzos, ya que en vez de procesar cada caso a nivel individual terminan procesando redes&nbsp; criminales enteras, como hicieron <a href=\"https:\/\/es.insightcrime.org\/noticias\/noticias-del-dia\/86-pandilleros-sentenciados-historico-caso-guatemala\/\" target=\"_blank\">en un caso hist\u00f3rico contra las pandillas en 2014<\/a>.<\/p>\n\n\n\n<p class=\"wp-block-paragraph\"><strong><span style=\"color: #800000\">VEA TAMBI\u00c9N:<\/span><\/strong> <a href=\"\/noticias-sobre-crimen-organizado-en-mexico\/caballeros-templarios\" target=\"_blank\">Cobertura sobre Los Caballeros Templarios<\/a><\/p>\n\n\n\n<p class=\"wp-block-paragraph\">Regresando al caso Vallejo, es dif\u00edcil comprender la relaci\u00f3n entre parte de la \u00e9lite michoacana con los Templarios, algo <a href=\"https:\/\/www.sinembargo.mx\/28-02-2015\/1265342\" target=\"_blank\">asumido entre la ciudadan\u00eda como evidente<\/a>, y la manera en que se coopt\u00f3 ese Estado mexicano, sin relacionar casos aislados que presenten un patr\u00f3n similar. En este sentido, resultar\u00eda natural ligar el proceso de Vallejo con el de Jes\u00fas Reyna, exgobernador interino de Michoac\u00e1n, del que <a href=\"https:\/\/es.insightcrime.org\/noticias\/noticias-del-dia\/caso-exgobernador-michoacan-resalta-red-politica-caballeros-templarios\/\" target=\"_blank\">a\u00fan se investiga su papel en la red pol\u00edtica de los Templarios<\/a>.<\/p>\n\n\n\n<p class=\"wp-block-paragraph\">En definitiva, finalice as\u00ed o d\u00e9 lugar a nuevos procesos, un caso como el de Vallejo revela algo m\u00e1s: Qu\u00e9 se hace, tambi\u00e9n desde las instituciones de procuraci\u00f3n de justicia como la PGR y los jueces, por implantar una narrativa que, en materia de seguridad, destierre la propaganda oficial y <a href=\"https:\/\/es.insightcrime.org\/noticias\/analisis\/tunel-chapo-conduce-infierno-narcoconspiracion-mexico\/\" target=\"_blank\">las teor\u00edas conspiratorias<\/a> que nutren a la opini\u00f3n p\u00fablica mexicana. Es decir, desde qu\u00e9 enfoque las instituciones explican la naturaleza del crimen organizado en M\u00e9xico, y qu\u00e9 imagen se da a la ciudadan\u00eda al respecto. En este caso, el enfoque ha sido limitado y la imagen, de impotencia.<\/p>\n","protected":false},"excerpt":{"rendered":"<p>La d\u00e9bil condena de Rodrigo Vallejo, hijo del gobernador del estado mexicano de Michoac\u00e1n durante el auge del grupo criminal conocido como Los Caballeros Templarios, es otro ejemplo de impotencia judicial en M\u00e9xico.<\/p>\n","protected":false},"author":13,"featured_media":43218,"comment_status":"closed","ping_status":"closed","sticky":false,"template":"","format":"standard","meta":{"newspack_ads_suppress_ads":false,"newspack_popups_has_disabled_popups":false,"newspack_sponsor_sponsorship_scope":"","newspack_sponsor_native_byline_display":"inherit","newspack_sponsor_native_category_display":"inherit","newspack_sponsor_underwriter_style":"inherit","newspack_sponsor_underwriter_placement":"inherit","_EventAllDay":false,"_EventTimezone":"","_EventStartDate":"","_EventEndDate":"","_EventStartDateUTC":"","_EventEndDateUTC":"","_EventShowMap":false,"_EventShowMapLink":false,"_EventURL":"","_EventCost":"","_EventCostDescription":"","_EventCurrencySymbol":"","_EventCurrencyCode":"","_EventCurrencyPosition":"","_EventDateTimeSeparator":"","_EventTimeRangeSeparator":"","_EventOrganizerID":[],"_EventVenueID":[],"_OrganizerEmail":"","_OrganizerPhone":"","_OrganizerWebsite":"","_VenueAddress":"","_VenueCity":"","_VenueCountry":"","_VenueProvince":"","_VenueState":"","_VenueZip":"","_VenuePhone":"","_VenueURL":"","_VenueStateProvince":"","_VenueLat":"","_VenueLng":"","_VenueShowMap":false,"_VenueShowMapLink":false,"_newspack_byline_active":false,"_newspack_byline":"","newspack_hide_updated_date":false,"newspack_show_updated_date":false,"newspack_featured_image_position":"","newspack_post_subtitle":"","newspack_article_summary_title":"Overview:","newspack_article_summary":"","_jetpack_memberships_contains_paid_content":false,"footnotes":""},"categories":[340],"tags":[3471,413,2935,406],"newspack_spnsrs_tax":[],"coauthors":[3931],"class_list":["post-8209","post","type-post","status-publish","format-standard","has-post-thumbnail","hentry","category-analisis","tag-ayotzinapa-es","tag-caballeros-templarios","tag-la-tuta-es","tag-mexico-pais","entry"],"parsely":{"version":"1.1.0","canonical_url":"https:\/\/insightcrime.org\/es\/noticias\/analisis\/hijo-gobernador-caballeros-templarios-limites-justicia-mexico\/","smart_links":{"inbound":0,"outbound":0},"traffic_boost_suggestions_count":0,"meta":{"@context":"https:\/\/schema.org","@type":"NewsArticle","headline":"El hijo del gobernador, Los Caballeros Templarios y los l\u00edmites de la justicia en M\u00e9xico","url":"http:\/\/insightcrime.org\/es\/noticias\/analisis\/hijo-gobernador-caballeros-templarios-limites-justicia-mexico\/","mainEntityOfPage":{"@type":"WebPage","@id":"http:\/\/insightcrime.org\/es\/noticias\/analisis\/hijo-gobernador-caballeros-templarios-limites-justicia-mexico\/"},"thumbnailUrl":"https:\/\/i0.wp.com\/insightcrime.org\/wp-content\/uploads\/2015\/09\/es-15-09-23-Mexico-Vallejo.jpg?resize=150%2C121&quality=100&ssl=1","image":{"@type":"ImageObject","url":"https:\/\/i0.wp.com\/insightcrime.org\/wp-content\/uploads\/2015\/09\/es-15-09-23-Mexico-Vallejo.jpg?fit=240%2C121&quality=100&ssl=1"},"articleSection":"An\u00e1lisis","author":[{"@type":"Person","name":"Jes\u00fas P\u00e9rez Caballero"}],"creator":["Jes\u00fas P\u00e9rez Caballero"],"publisher":{"@type":"Organization","name":"InSight Crime","logo":"https:\/\/insightcrime.org\/wp-content\/uploads\/2023\/08\/logo.png"},"keywords":["ayotzinapa","caballeros templarios","la tuta","m\u00e9xico"],"dateCreated":"2017-03-28T00:11:33Z","datePublished":"2017-03-28T00:11:33Z","dateModified":"2023-04-24T20:48:02Z"},"rendered":"<meta name=\"parsely-title\" content=\"El hijo del gobernador, Los Caballeros Templarios y los l\u00edmites de la justicia en M\u00e9xico\" \/>\n<meta name=\"parsely-link\" content=\"http:\/\/insightcrime.org\/es\/noticias\/analisis\/hijo-gobernador-caballeros-templarios-limites-justicia-mexico\/\" \/>\n<meta name=\"parsely-type\" content=\"post\" \/>\n<meta name=\"parsely-image-url\" content=\"https:\/\/i0.wp.com\/insightcrime.org\/wp-content\/uploads\/2015\/09\/es-15-09-23-Mexico-Vallejo.jpg?resize=150%2C121&amp;quality=100&amp;ssl=1\" \/>\n<meta name=\"parsely-pub-date\" content=\"2017-03-28T00:11:33Z\" \/>\n<meta name=\"parsely-section\" content=\"An\u00e1lisis\" \/>\n<meta name=\"parsely-tags\" content=\"ayotzinapa,caballeros templarios,la tuta,m\u00e9xico\" \/>\n<meta name=\"parsely-author\" content=\"Jes\u00fas P\u00e9rez Caballero\" \/>","tracker_url":"https:\/\/cdn.parsely.com\/keys\/insightcrime.org\/p.js"},"jetpack_sharing_enabled":true,"jetpack-related-posts":[{"id":140108,"url":"https:\/\/insightcrime.org\/es\/noticias\/arresto-guatemala-imputacion-eeuu-ataque-mexico\/","url_meta":{"origin":8209,"position":0},"title":"Arresto en Guatemala, imputaci\u00f3n en EE.UU. y ataque en M\u00e9xico","author":"Alex Papadovassilakis","date":"2 de abril de 2021","format":false,"excerpt":"Tras la captura de un exalcalde mexicano en Guatemala, Estados Unidos hizo p\u00fablica una imputaci\u00f3n en su contra y rivales criminales presuntamente atacaron el pueblo que estuvo bajo su control.","rel":"","context":"En \u00abNoticias\u00bb","block_context":{"text":"Noticias","link":"https:\/\/insightcrime.org\/es\/category\/noticias\/"},"img":{"alt_text":"","src":"https:\/\/i0.wp.com\/insightcrime.org\/wp-content\/uploads\/2021\/04\/Alcalde-Mexicano-Capturado.png?fit=350%2C250&quality=100&ssl=1&resize=350%2C200","width":350,"height":200},"classes":[]},{"id":7033,"url":"https:\/\/insightcrime.org\/es\/noticias-crimen-organizado-mexico\/familia-michoacana-perfil\/","url_meta":{"origin":8209,"position":1},"title":"Familia Michoacana","author":"InSight Crime","date":"14 de julio de 2026","format":false,"excerpt":"Durante la cima de su poder, las brutales t\u00e1cticas de la Familia Michoacana, su fuerte base de sus operaciones y su ideolog\u00eda pseudoreligiosa, hicieron del grupo una amenaza significativa y un punto de fascinaci\u00f3n para los observadores internacionales. Sin embargo, el grupo ha sufrido una serie de golpes, particularmente, la\u2026","rel":"","context":"En \u00abM\u00e9xico\u00bb","block_context":{"text":"M\u00e9xico","link":"https:\/\/insightcrime.org\/es\/category\/noticias-crimen-organizado-mexico\/"},"img":{"alt_text":"Familia Michoacana","src":"https:\/\/i0.wp.com\/insightcrime.org\/wp-content\/uploads\/2026\/06\/Grupo-Criminal-Familia-Michoacana.jpg?fit=1200%2C900&quality=100&ssl=1&resize=350%2C200","width":350,"height":200,"srcset":"https:\/\/i0.wp.com\/insightcrime.org\/wp-content\/uploads\/2026\/06\/Grupo-Criminal-Familia-Michoacana.jpg?fit=1200%2C900&quality=100&ssl=1&resize=350%2C200 1x, https:\/\/i0.wp.com\/insightcrime.org\/wp-content\/uploads\/2026\/06\/Grupo-Criminal-Familia-Michoacana.jpg?fit=1200%2C900&quality=100&ssl=1&resize=525%2C300 1.5x, https:\/\/i0.wp.com\/insightcrime.org\/wp-content\/uploads\/2026\/06\/Grupo-Criminal-Familia-Michoacana.jpg?fit=1200%2C900&quality=100&ssl=1&resize=700%2C400 2x, https:\/\/i0.wp.com\/insightcrime.org\/wp-content\/uploads\/2026\/06\/Grupo-Criminal-Familia-Michoacana.jpg?fit=1200%2C900&quality=100&ssl=1&resize=1050%2C600 3x"},"classes":[]},{"id":349405,"url":"https:\/\/insightcrime.org\/es\/noticias\/jefe-regional-del-cjng-tio-lako-vuelve-a-evadir-captura\/","url_meta":{"origin":8209,"position":2},"title":"T\u00edo Lako, jefe regional del CJNG, vuelve a evadir su captura","author":"Deborah Bonello","date":"20 de agosto de 2026","format":false,"excerpt":"Heraclio Guerrero Mart\u00ednez, alias \u201cT\u00edo Lako\u201d, contin\u00faa siendo una figura clave del CJNG tras escapar esta semana de un operativo militar en Michoac\u00e1n, M\u00e9xico. Su caso muestra c\u00f3mo los jefes regionales mantienen un amplio margen de poder dentro de una organizaci\u00f3n cada vez m\u00e1s fragmentada.","rel":"","context":"En \u00abNoticias\u00bb","block_context":{"text":"Noticias","link":"https:\/\/insightcrime.org\/es\/category\/noticias\/"},"img":{"alt_text":"","src":"https:\/\/i0.wp.com\/insightcrime.org\/wp-content\/uploads\/2026\/08\/Impact-Tio-Lako-CJNG-InSightCrime.jpg?fit=1200%2C675&quality=100&ssl=1&resize=350%2C200","width":350,"height":200,"srcset":"https:\/\/i0.wp.com\/insightcrime.org\/wp-content\/uploads\/2026\/08\/Impact-Tio-Lako-CJNG-InSightCrime.jpg?fit=1200%2C675&quality=100&ssl=1&resize=350%2C200 1x, https:\/\/i0.wp.com\/insightcrime.org\/wp-content\/uploads\/2026\/08\/Impact-Tio-Lako-CJNG-InSightCrime.jpg?fit=1200%2C675&quality=100&ssl=1&resize=525%2C300 1.5x, https:\/\/i0.wp.com\/insightcrime.org\/wp-content\/uploads\/2026\/08\/Impact-Tio-Lako-CJNG-InSightCrime.jpg?fit=1200%2C675&quality=100&ssl=1&resize=700%2C400 2x, https:\/\/i0.wp.com\/insightcrime.org\/wp-content\/uploads\/2026\/08\/Impact-Tio-Lako-CJNG-InSightCrime.jpg?fit=1200%2C675&quality=100&ssl=1&resize=1050%2C600 3x"},"classes":[]},{"id":126049,"url":"https:\/\/insightcrime.org\/es\/noticias\/asaltos-minas-mexico\/","url_meta":{"origin":8209,"position":3},"title":"Su peso en oro: nueva unidad contra asaltos a minas en M\u00e9xico","author":"Katie Jones","date":"28 de octubre de 2020","format":false,"excerpt":"Varios meses despu\u00e9s de un sofisticado robo, donde varios pistoleros robaron barras de una aleaci\u00f3n de oro cuando las cargaban en un avi\u00f3n en M\u00e9xico, el gobierno ha creado una fuerza especial para proteger las explotaciones mineras, viejas v\u00edctimas del crimen organizado.","rel":"","context":"En \u00abNoticias\u00bb","block_context":{"text":"Noticias","link":"https:\/\/insightcrime.org\/es\/category\/noticias\/"},"img":{"alt_text":"","src":"https:\/\/i0.wp.com\/insightcrime.org\/wp-content\/uploads\/2020\/10\/Mining-Squad.jpg?fit=350%2C250&quality=100&ssl=1&resize=350%2C200","width":350,"height":200},"classes":[]},{"id":209188,"url":"https:\/\/insightcrime.org\/es\/noticias\/control-cjng-michoacan-mexico-reclama-vidas-indigenas\/","url_meta":{"origin":8209,"position":4},"title":"El control del CJNG en Michoac\u00e1n, M\u00e9xico, reclama vidas ind\u00edgenas","author":"Yago Rosado","date":"27 de enero de 2023","format":false,"excerpt":"Las comunidades ind\u00edgenas protestan en Michoac\u00e1n, M\u00e9xico, despu\u00e9s de una serie de asesinatos y desapariciones que se han relacionado con los intentos del la Nueva Generaci\u00f3n del Cartel de Jalisco Nueva Generaci\u00f3n de aumentar su control de la miner\u00eda ilegal.","rel":"","context":"En \u00abNoticias\u00bb","block_context":{"text":"Noticias","link":"https:\/\/insightcrime.org\/es\/category\/noticias\/"},"img":{"alt_text":"A protest in the town of Aquila after the disappearance of two community leaders.","src":"https:\/\/i0.wp.com\/insightcrime.org\/wp-content\/uploads\/2023\/01\/4ELK465YR5C5LDC3WMB2JWPVO4-1-1.jpg?fit=350%2C250&quality=100&ssl=1&resize=350%2C200","width":350,"height":200},"classes":[]},{"id":340029,"url":"https:\/\/insightcrime.org\/es\/noticias\/mexico-se-esta-quedando-sin-capos\/","url_meta":{"origin":8209,"position":5},"title":"\u00bfM\u00e9xico se est\u00e1 quedando sin capos?","author":"Victoria Dittmar","date":"28 de abril de 2026","format":false,"excerpt":"La captura de Audias Flores Silva, alias \u201cEl Jardinero\u201d, refleja c\u00f3mo la estrategia de perseguir capos de la droga en M\u00e9xico sigue fragmentando a los grandes grupos criminales y reconfigurando el mapa criminal del pa\u00eds.","rel":"","context":"En \u00abNoticias\u00bb","block_context":{"text":"Noticias","link":"https:\/\/insightcrime.org\/es\/category\/noticias\/"},"img":{"alt_text":"","src":"https:\/\/i0.wp.com\/insightcrime.org\/wp-content\/uploads\/2026\/04\/Flagship-Cover-Is-Mexico-Running-Out-of-Kingpins-InSightCrime-Abr-2026.jpg?fit=1200%2C690&quality=100&ssl=1&resize=350%2C200","width":350,"height":200,"srcset":"https:\/\/i0.wp.com\/insightcrime.org\/wp-content\/uploads\/2026\/04\/Flagship-Cover-Is-Mexico-Running-Out-of-Kingpins-InSightCrime-Abr-2026.jpg?fit=1200%2C690&quality=100&ssl=1&resize=350%2C200 1x, https:\/\/i0.wp.com\/insightcrime.org\/wp-content\/uploads\/2026\/04\/Flagship-Cover-Is-Mexico-Running-Out-of-Kingpins-InSightCrime-Abr-2026.jpg?fit=1200%2C690&quality=100&ssl=1&resize=525%2C300 1.5x, https:\/\/i0.wp.com\/insightcrime.org\/wp-content\/uploads\/2026\/04\/Flagship-Cover-Is-Mexico-Running-Out-of-Kingpins-InSightCrime-Abr-2026.jpg?fit=1200%2C690&quality=100&ssl=1&resize=700%2C400 2x, https:\/\/i0.wp.com\/insightcrime.org\/wp-content\/uploads\/2026\/04\/Flagship-Cover-Is-Mexico-Running-Out-of-Kingpins-InSightCrime-Abr-2026.jpg?fit=1200%2C690&quality=100&ssl=1&resize=1050%2C600 3x"},"classes":[]}],"jetpack_featured_media_url":"https:\/\/i0.wp.com\/insightcrime.org\/wp-content\/uploads\/2015\/09\/es-15-09-23-Mexico-Vallejo.jpg?fit=240%2C121&quality=100&ssl=1","_links":{"self":[{"href":"https:\/\/insightcrime.org\/es\/wp-json\/wp\/v2\/posts\/8209","targetHints":{"allow":["GET"]}}],"collection":[{"href":"https:\/\/insightcrime.org\/es\/wp-json\/wp\/v2\/posts"}],"about":[{"href":"https:\/\/insightcrime.org\/es\/wp-json\/wp\/v2\/types\/post"}],"author":[{"embeddable":true,"href":"https:\/\/insightcrime.org\/es\/wp-json\/wp\/v2\/users\/13"}],"replies":[{"embeddable":true,"href":"https:\/\/insightcrime.org\/es\/wp-json\/wp\/v2\/comments?post=8209"}],"version-history":[{"count":1,"href":"https:\/\/insightcrime.org\/es\/wp-json\/wp\/v2\/posts\/8209\/revisions"}],"predecessor-version":[{"id":25320,"href":"https:\/\/insightcrime.org\/es\/wp-json\/wp\/v2\/posts\/8209\/revisions\/25320"}],"wp:featuredmedia":[{"embeddable":true,"href":"https:\/\/insightcrime.org\/es\/wp-json\/wp\/v2\/media\/43218"}],"wp:attachment":[{"href":"https:\/\/insightcrime.org\/es\/wp-json\/wp\/v2\/media?parent=8209"}],"wp:term":[{"taxonomy":"category","embeddable":true,"href":"https:\/\/insightcrime.org\/es\/wp-json\/wp\/v2\/categories?post=8209"},{"taxonomy":"post_tag","embeddable":true,"href":"https:\/\/insightcrime.org\/es\/wp-json\/wp\/v2\/tags?post=8209"},{"taxonomy":"newspack_spnsrs_tax","embeddable":true,"href":"https:\/\/insightcrime.org\/es\/wp-json\/wp\/v2\/newspack_spnsrs_tax?post=8209"},{"taxonomy":"author","embeddable":true,"href":"https:\/\/insightcrime.org\/es\/wp-json\/wp\/v2\/coauthors?post=8209"}],"curies":[{"name":"wp","href":"https:\/\/api.w.org\/{rel}","templated":true}]}}