{"id":82146,"date":"2018-04-03T12:35:12","date_gmt":"2018-04-03T17:35:12","guid":{"rendered":"https:\/\/insightcrime.org\/?p=82146"},"modified":"2023-04-24T16:28:39","modified_gmt":"2023-04-24T21:28:39","slug":"presidente-electo-de-costa-rica-carece-de-plan-para-enfrentar-la-creciente-inseguridad","status":"publish","type":"post","link":"https:\/\/insightcrime.org\/es\/noticias\/noticias-del-dia\/presidente-electo-de-costa-rica-carece-de-plan-para-enfrentar-la-creciente-inseguridad\/","title":{"rendered":"Presidente electo de Costa Rica carece de plan para enfrentar la creciente inseguridad"},"content":{"rendered":"\n<p class=\"wp-block-paragraph\">El presidente electo de Costa Rica no parece tener un plan coherente para hacer frente a los altos niveles de violencia sin precedentes en la naci\u00f3n, relacionados con el creciente papel del pa\u00eds en el tr\u00e1fico de drogas a nivel regional.<\/p>\n\n\n\n<p class=\"wp-block-paragraph\">El pasado 1 de abril, Carlos Alvarado Quesada, del Partido Acci\u00f3n Ciudadana (PAC), de centroizquierda, fue <a href=\"http:\/\/resultados2018.tse.go.cr\/resultados2daronda\/#\/presidenciales\">elegido<\/a> presidente de Costa Rica, tras derrotar al candidato conservador Fabricio Alvarado Mu\u00f1oz con poco m\u00e1s de 60 por ciento de los votos.<\/p>\n\n\n\n<p class=\"wp-block-paragraph\"><span style=\"color: #993300;\"><strong>&nbsp; &nbsp; &nbsp; VEA TAMBI\u00c9N<\/strong><\/span>: <a href=\"https:\/\/insightcrime.org\/es\/tag\/costa-rica-pais\/\">Cobertura sobre Costa Rica<\/a><\/p>\n\n\n\n<p class=\"wp-block-paragraph\">A pesar de que 2017 fue <a href=\"https:\/\/es.insightcrime.org\/noticias\/analisis\/balance-de-insight-crime-sobre-homicidios-en-latinoamerica-en-2017\/\">el a\u00f1o m\u00e1s violento<\/a> que se haya registrado en Costa Rica, durante la campa\u00f1a se les prest\u00f3 m\u00e1s atenci\u00f3n a otros temas. En lugar de referirse a la creciente inseguridad, los candidatos se centraron m\u00e1s en temas sociales y econ\u00f3micos, como los derechos de la comunidad LGBT, la deuda interna del pa\u00eds y un caso de corrupci\u00f3n a nivel nacional que involucra al <a href=\"https:\/\/elpais.com\/internacional\/2017\/11\/02\/america\/1509632417_178983.html\" target=\"_blank\" rel=\"noopener\">sector del cemento<\/a> en Costa Rica.<\/p>\n\n\n\n<h3 class=\"wp-block-heading\">An\u00e1lisis de InSight Crime<\/h3>\n\n\n\n<p class=\"wp-block-paragraph\">A pesar de que hay claros signos de que la inseguridad ha ido creciendo en Costa Rica, debido a la <a href=\"https:\/\/es.insightcrime.org\/noticias\/analisis\/informe-muestra-alcance-transnacionales-narcotrafico-costa-rica\/\">mayor participaci\u00f3n<\/a> del pa\u00eds en el comercio internacional de drogas, el presidente electo no present\u00f3 durante su campa\u00f1a un plan claro orientado a detener la creciente ola de violencia y criminalidad.<\/p>\n\n\n\n<p class=\"wp-block-paragraph\">Los funcionarios costarricenses saben muy bien que la violencia relacionada con el crimen organizado va en aumento. Seg\u00fan un informe oficial de septiembre de 2017, el crimen organizado est\u00e1 \u201c<a href=\"https:\/\/es.insightcrime.org\/noticias\/noticias-del-dia\/informe-costa-rica-culpa-crimen-organizado-alza-homicidios\/\">impulsando una oleada de violencia<\/a>\u201d en el pa\u00eds. Seg\u00fan las autoridades, cerca del 25 por ciento de los homicidios cometidos en 2017 estuvieron vinculados al tr\u00e1fico de drogas.<\/p>\n\n\n\n<p class=\"wp-block-paragraph\">Sin embargo, hasta el momento la ret\u00f3rica de Alvarado en torno a la pol\u00edtica de seguridad ha sido vaga e inconsistente.<\/p>\n\n\n\n<p class=\"wp-block-paragraph\"><span style=\"color: #993300;\"><strong>&nbsp; &nbsp; &nbsp; VEA TAMBI\u00c9N<\/strong><\/span>: <a href=\"https:\/\/insightcrime.org\/es\/tag\/politicas-de-seguridad\/\">Cobertura sobre las pol\u00edticas de seguridad<\/a><\/p>\n\n\n\n<p class=\"wp-block-paragraph\">De hecho, Alvarado ha propuesto mejorar la infraestructura de la polic\u00eda nacional y la capacitaci\u00f3n que se les ofrece a los agentes, as\u00ed como fortalecer los programas de seguridad ciudadana, como parte de la <a href=\"https:\/\/carlos.cr\/prevencion\">labor preventiva<\/a> para luchar contra la criminalidad. Mejorar la formaci\u00f3n de los polic\u00edas es esencial, dado que el a\u00f1o pasado el Gobierno tom\u00f3 una <a href=\"https:\/\/es.insightcrime.org\/noticias\/noticias-del-dia\/costa-rica-enviara-policias-poco-entrenados-calles\/\">cuestionable medida<\/a> mediante la cual se redujeron los requisitos de entrenamiento, con el fin de poner m\u00e1s polic\u00edas a patrullar las calles. Pero la propuesta de Alvarado no especifica c\u00f3mo se podr\u00edan dar estas mejoras ni c\u00f3mo se abordar\u00e1n algunas de las causas generadoras de la violencia en Costa Rica.<\/p>\n\n\n\n<p class=\"wp-block-paragraph\">Las propuestas de Alvarado de <a href=\"https:\/\/carlos.cr\/lucha-contra-el-delito\">atacar al crimen organizado<\/a> tambi\u00e9n carecen de claridad. El presidente electo se ha referido a una de las causas de la creciente violencia: el acceso a las armas de fuego. Para corregir esto ha propuesto un control de armas m\u00e1s estricto y ha planteado la necesidad de un registro de armas con el fin de poderlas rastrear m\u00e1s f\u00e1cilmente. Pero en Latinoam\u00e9rica <a href=\"https:\/\/es.insightcrime.org\/noticias\/analisis\/recientes-decomisos-denotan-floreciente-mercado-armas-latinoamerica\/\">abundan las armas ilegales<\/a> utilizadas por los grupos criminales, y es poco probable que un registro por s\u00ed solo logre arrebat\u00e1rselas a los criminales.<\/p>\n\n\n\n<p class=\"wp-block-paragraph\">Alvarado tambi\u00e9n ha propuesto una <a href=\"https:\/\/www.crhoy.com\/nacionales\/carlos-alvarado-sobre-inseguridad-hay-que-golpear-al-narco-con-trabajo-territorial\/\">ley de confiscaci\u00f3n de activos<\/a> en Costa Rica \u2014una <a href=\"https:\/\/es.insightcrime.org\/noticias\/analisis\/decomiso-activos-latinoamerica-dilema-moral\/\">pol\u00e9mica herramienta<\/a> utilizada por las autoridades de toda la regi\u00f3n para ir tras las finanzas de los grupos criminales\u2014. Sin embargo, hay poca evidencia de que dicha pol\u00edtica logre reducir la creciente inseguridad, sobre todo en el corto plazo.<\/p>\n\n\n\n<p class=\"wp-block-paragraph\">Por otra parte, el Partido Acci\u00f3n Ciudadana <a href=\"https:\/\/pac.cr\/wp-content\/uploads\/2017\/01\/IDEARIO-CIUDADANO.pdf\">no cuenta<\/a> en su plataforma con secciones espec\u00edficas sobre crimen y seguridad. Falta ver si el nuevo gobierno delinear\u00e1 propuestas m\u00e1s concretas con respecto a la inseguridad en Costa Rica, donde en los primeros tres meses de 2018 se present\u00f3 un <a href=\"http:\/\/www.prensa-latina.cu\/index.php?o=rn&amp;id=164498&amp;SEO=homicidios-en-costa-rica-marcan-record-en-primer-trimestre-de-2018\">nuevo r\u00e9cord<\/a> de homicidios.<\/p>\n","protected":false},"excerpt":{"rendered":"<p>El presidente electo de Costa Rica no parece tener un plan coherente para hacer frente a los altos niveles de violencia sin precedentes en la naci\u00f3n, relacionados con el creciente papel del pa\u00eds en el tr\u00e1fico de drogas a nivel regional.<\/p>\n","protected":false},"author":90,"featured_media":82099,"comment_status":"closed","ping_status":"closed","sticky":false,"template":"","format":"standard","meta":{"newspack_ads_suppress_ads":false,"newspack_popups_has_disabled_popups":false,"newspack_sponsor_sponsorship_scope":"","newspack_sponsor_native_byline_display":"inherit","newspack_sponsor_native_category_display":"inherit","newspack_sponsor_underwriter_style":"inherit","newspack_sponsor_underwriter_placement":"inherit","_EventAllDay":false,"_EventTimezone":"","_EventStartDate":"","_EventEndDate":"","_EventStartDateUTC":"","_EventEndDateUTC":"","_EventShowMap":false,"_EventShowMapLink":false,"_EventURL":"","_EventCost":"","_EventCostDescription":"","_EventCurrencySymbol":"","_EventCurrencyCode":"","_EventCurrencyPosition":"","_EventDateTimeSeparator":"","_EventTimeRangeSeparator":"","_EventOrganizerID":[],"_EventVenueID":[],"_OrganizerEmail":"","_OrganizerPhone":"","_OrganizerWebsite":"","_VenueAddress":"","_VenueCity":"","_VenueCountry":"","_VenueProvince":"","_VenueState":"","_VenueZip":"","_VenuePhone":"","_VenueURL":"","_VenueStateProvince":"","_VenueLat":"","_VenueLng":"","_VenueShowMap":false,"_VenueShowMapLink":false,"_newspack_byline_active":false,"_newspack_byline":"","newspack_hide_updated_date":false,"newspack_show_updated_date":false,"newspack_featured_image_position":"","newspack_post_subtitle":"","newspack_article_summary_title":"Overview:","newspack_article_summary":"","_jetpack_memberships_contains_paid_content":false,"footnotes":""},"categories":[334],"tags":[462,438],"newspack_spnsrs_tax":[],"coauthors":[4065],"class_list":["post-82146","post","type-post","status-publish","format-standard","has-post-thumbnail","hentry","category-noticias-del-dia","tag-costa-rica-pais","tag-politicas-de-seguridad","entry"],"parsely":{"version":"1.1.0","canonical_url":"https:\/\/insightcrime.org\/es\/noticias\/noticias-del-dia\/presidente-electo-de-costa-rica-carece-de-plan-para-enfrentar-la-creciente-inseguridad\/","smart_links":{"inbound":0,"outbound":0},"traffic_boost_suggestions_count":0,"meta":{"@context":"https:\/\/schema.org","@type":"NewsArticle","headline":"Presidente electo de Costa Rica carece de plan para enfrentar la creciente inseguridad","url":"http:\/\/insightcrime.org\/es\/noticias\/noticias-del-dia\/presidente-electo-de-costa-rica-carece-de-plan-para-enfrentar-la-creciente-inseguridad\/","mainEntityOfPage":{"@type":"WebPage","@id":"http:\/\/insightcrime.org\/es\/noticias\/noticias-del-dia\/presidente-electo-de-costa-rica-carece-de-plan-para-enfrentar-la-creciente-inseguridad\/"},"thumbnailUrl":"https:\/\/i0.wp.com\/insightcrime.org\/wp-content\/uploads\/2018\/04\/18-04-02-CR-Presidente.jpg?resize=150%2C150&quality=100&ssl=1","image":{"@type":"ImageObject","url":"https:\/\/i0.wp.com\/insightcrime.org\/wp-content\/uploads\/2018\/04\/18-04-02-CR-Presidente.jpg?fit=350%2C250&quality=100&ssl=1"},"articleSection":"Noticias del d\u00eda","author":[{"@type":"Person","name":"Parker Asmann"}],"creator":["Parker Asmann"],"publisher":{"@type":"Organization","name":"InSight Crime","logo":"https:\/\/insightcrime.org\/wp-content\/uploads\/2023\/08\/logo.png"},"keywords":["costa rica","pol\u00edticas de seguridad"],"dateCreated":"2018-04-03T17:35:12Z","datePublished":"2018-04-03T17:35:12Z","dateModified":"2023-04-24T21:28:39Z"},"rendered":"<meta name=\"parsely-title\" content=\"Presidente electo de Costa Rica carece de plan para enfrentar la creciente inseguridad\" \/>\n<meta name=\"parsely-link\" content=\"http:\/\/insightcrime.org\/es\/noticias\/noticias-del-dia\/presidente-electo-de-costa-rica-carece-de-plan-para-enfrentar-la-creciente-inseguridad\/\" \/>\n<meta name=\"parsely-type\" content=\"post\" \/>\n<meta name=\"parsely-image-url\" content=\"https:\/\/i0.wp.com\/insightcrime.org\/wp-content\/uploads\/2018\/04\/18-04-02-CR-Presidente.jpg?resize=150%2C150&amp;quality=100&amp;ssl=1\" \/>\n<meta name=\"parsely-pub-date\" content=\"2018-04-03T17:35:12Z\" \/>\n<meta name=\"parsely-section\" content=\"Noticias del d\u00eda\" \/>\n<meta name=\"parsely-tags\" content=\"costa rica,pol\u00edticas de seguridad\" \/>\n<meta name=\"parsely-author\" content=\"Parker Asmann\" \/>","tracker_url":"https:\/\/cdn.parsely.com\/keys\/insightcrime.org\/p.js"},"jetpack_sharing_enabled":true,"jetpack-related-posts":[{"id":295645,"url":"https:\/\/insightcrime.org\/es\/noticias\/seguira-costa-rica-camino-criminal-ecuador\/","url_meta":{"origin":82146,"position":0},"title":"\u00bfSeguir\u00e1 Costa Rica el mismo camino criminal que Ecuador?","author":"Peter Appleby","date":"7 de noviembre de 2024","format":false,"excerpt":"Los altos niveles de violencia indican c\u00f3mo la otrora pac\u00edfica Costa Rica est\u00e1 sintiendo la presi\u00f3n del tr\u00e1fico de coca\u00edna. Pero, \u00bfva el pa\u00eds centroamericano por el mismo camino que Ecuador?","rel":"","context":"En \u00abNoticias\u00bb","block_context":{"text":"Noticias","link":"https:\/\/insightcrime.org\/es\/category\/noticias\/"},"img":{"alt_text":"Members of Costa Rica\u2019s OIJ investigate a crime scene following a shooting. Credit: Unidad de Exiliados Nicarag\u00fcenses","src":"https:\/\/i0.wp.com\/insightcrime.org\/wp-content\/uploads\/2024\/11\/24-11-06-Violence-in-Costa-Rica-OIJ-.jpg?fit=350%2C250&quality=100&ssl=1&resize=350%2C200","width":350,"height":200},"classes":[]},{"id":332357,"url":"https:\/\/insightcrime.org\/es\/uncategorized\/on-the-radar-los-lideres-region-frente-desafio-del-crimen-organizado\/","url_meta":{"origin":82146,"position":1},"title":"On The Radar: Los l\u00edderes de la regi\u00f3n frente al desaf\u00edo del crimen organizado","author":"Deborah Bonello","date":"9 de febrero de 2026","format":false,"excerpt":"Los presidentes Trump y Petro se reunieron en la Casa Blanca, el de Brasil advierte sobre el riesgo de que la inteligencia artificial sea utilizada por el crimen organizado en las pr\u00f3ximas elecciones, y la presidenta electa de Costa Rica, Laura Fern\u00e1ndez, promete ser firme contra el crimen. Todo esto\u2026","rel":"","context":"En \u00abNews\u00bb","block_context":{"text":"News","link":"https:\/\/insightcrime.org\/category\/news\/"},"img":{"alt_text":"On the Radar: Presidents Talk Organized Crime","src":"https:\/\/i0.wp.com\/insightcrime.org\/wp-content\/uploads\/2026\/02\/Febrero-OTR-template-featured-image-website-2026.jpg?fit=1200%2C675&quality=100&ssl=1&resize=350%2C200","width":350,"height":200,"srcset":"https:\/\/i0.wp.com\/insightcrime.org\/wp-content\/uploads\/2026\/02\/Febrero-OTR-template-featured-image-website-2026.jpg?fit=1200%2C675&quality=100&ssl=1&resize=350%2C200 1x, https:\/\/i0.wp.com\/insightcrime.org\/wp-content\/uploads\/2026\/02\/Febrero-OTR-template-featured-image-website-2026.jpg?fit=1200%2C675&quality=100&ssl=1&resize=525%2C300 1.5x, https:\/\/i0.wp.com\/insightcrime.org\/wp-content\/uploads\/2026\/02\/Febrero-OTR-template-featured-image-website-2026.jpg?fit=1200%2C675&quality=100&ssl=1&resize=700%2C400 2x, https:\/\/i0.wp.com\/insightcrime.org\/wp-content\/uploads\/2026\/02\/Febrero-OTR-template-featured-image-website-2026.jpg?fit=1200%2C675&quality=100&ssl=1&resize=1050%2C600 3x"},"classes":[]},{"id":314296,"url":"https:\/\/insightcrime.org\/es\/noticias\/costa-rica-enfrenta-su-peor-escandalo-por-narcotrafico-y-corrupcion\/","url_meta":{"origin":82146,"position":2},"title":"Costa Rica enfrenta su peor esc\u00e1ndalo por narcotr\u00e1fico y corrupci\u00f3n","author":"Mar\u00eda Bel\u00e9n L\u00f3pez Conte","date":"14 de julio de 2025","format":false,"excerpt":"La reciente captura del exministro de Seguridad de Costa Rica y la informaci\u00f3n revelada alrededor del caso, evidencia los entramados de corrupci\u00f3n y narcotr\u00e1fico que envuelven al gobierno en lo que podr\u00eda ser el mayor esc\u00e1ndalo de narcotr\u00e1fico en la historia del pa\u00eds.\u00a0","rel":"","context":"En \u00abAudio\u00bb","block_context":{"text":"Audio","link":"https:\/\/insightcrime.org\/es\/category\/audio-es\/"},"img":{"alt_text":"","src":"https:\/\/i0.wp.com\/insightcrime.org\/wp-content\/uploads\/2025\/07\/Flagship-Cover-Corrupcion-en-Costa-Rica-y-los-vinculos-de-un-ex-funcionario-publico-con-narcotrafico-Jul-2025.jpg?fit=1200%2C690&quality=100&ssl=1&resize=350%2C200","width":350,"height":200,"srcset":"https:\/\/i0.wp.com\/insightcrime.org\/wp-content\/uploads\/2025\/07\/Flagship-Cover-Corrupcion-en-Costa-Rica-y-los-vinculos-de-un-ex-funcionario-publico-con-narcotrafico-Jul-2025.jpg?fit=1200%2C690&quality=100&ssl=1&resize=350%2C200 1x, https:\/\/i0.wp.com\/insightcrime.org\/wp-content\/uploads\/2025\/07\/Flagship-Cover-Corrupcion-en-Costa-Rica-y-los-vinculos-de-un-ex-funcionario-publico-con-narcotrafico-Jul-2025.jpg?fit=1200%2C690&quality=100&ssl=1&resize=525%2C300 1.5x, https:\/\/i0.wp.com\/insightcrime.org\/wp-content\/uploads\/2025\/07\/Flagship-Cover-Corrupcion-en-Costa-Rica-y-los-vinculos-de-un-ex-funcionario-publico-con-narcotrafico-Jul-2025.jpg?fit=1200%2C690&quality=100&ssl=1&resize=700%2C400 2x, https:\/\/i0.wp.com\/insightcrime.org\/wp-content\/uploads\/2025\/07\/Flagship-Cover-Corrupcion-en-Costa-Rica-y-los-vinculos-de-un-ex-funcionario-publico-con-narcotrafico-Jul-2025.jpg?fit=1200%2C690&quality=100&ssl=1&resize=1050%2C600 3x"},"classes":[]},{"id":181798,"url":"https:\/\/insightcrime.org\/es\/noticias\/cuatro-retos-seguridad-nuevo-presidente-de-costa-rica\/","url_meta":{"origin":82146,"position":3},"title":"4 retos de seguridad que le esperan al nuevo presidente de Costa Rica","author":"Scott Mistler-Ferguson","date":"7 de abril de 2022","format":false,"excerpt":"Siguiendo una tendencia que toma fuerza en la regi\u00f3n, el candidato que se describe como antiestablecimiento, Rodrigo Chaves, fue el vencedor en la segunda vuelta de las elecciones presidenciales en Costa Rica, con cerca del 53 por ciento de la votaci\u00f3n el 3 de abril pasado.","rel":"","context":"En \u00abNoticias\u00bb","block_context":{"text":"Noticias","link":"https:\/\/insightcrime.org\/es\/category\/noticias\/"},"img":{"alt_text":"President-elect Rodrigo Chaves ","src":"https:\/\/i0.wp.com\/insightcrime.org\/wp-content\/uploads\/2022\/04\/Pres.-Rodrigo-Chaves.jpeg?fit=350%2C250&quality=100&ssl=1&resize=350%2C200","width":350,"height":200},"classes":[]},{"id":311960,"url":"https:\/\/insightcrime.org\/es\/noticias\/frenara-acuerdo-extradicion-entre-costa-rica-y-ee-uu-narcotrafico\/","url_meta":{"origin":82146,"position":4},"title":"\u00bfPodr\u00e1 la extradici\u00f3n ayudar a Costa Rica a frenar el narcotr\u00e1fico?","author":"Monserrat Peters","date":"9 de junio de 2025","format":false,"excerpt":"El reciente acuerdo de extradici\u00f3n entre Costa Rica y Estados Unidos pone al pa\u00eds, en medio de su creciente papel como punto de tr\u00e1nsito del narcotr\u00e1fico, en l\u00ednea con otras naciones clave de la regi\u00f3n. Sin embargo, persisten las dudas sobre la efectividad de esta medida en la lucha contra\u2026","rel":"","context":"En \u00abNoticias\u00bb","block_context":{"text":"Noticias","link":"https:\/\/insightcrime.org\/es\/category\/noticias\/"},"img":{"alt_text":"","src":"https:\/\/i0.wp.com\/insightcrime.org\/wp-content\/uploads\/2025\/06\/COSTARICA-EXTRADICIOn-1.jpg?fit=356%2C250&quality=100&ssl=1&resize=350%2C200","width":350,"height":200},"classes":[]},{"id":268969,"url":"https:\/\/insightcrime.org\/es\/noticias\/agrava-crisis-seguridad-costa-rica-lucha\/","url_meta":{"origin":82146,"position":5},"title":"A medida que se agrava la crisis de seguridad, Costa Rica lucha","author":"Beatriz Vicent Fern\u00e1ndez","date":"20 de febrero de 2024","format":false,"excerpt":"Las autoridades de Costa Rica han anunciado 10 pol\u00edticas para ayudar al pa\u00eds a enfrentar su creciente crisis de seguridad, pero las reformas no abordan las carencias presupuestarias ni las causas subyacentes de la criminalidad. Los dirigentes de los tres poderes del gobierno de Costa Rica se reunieron el 30\u2026","rel":"","context":"En \u00abNews\u00bb","block_context":{"text":"News","link":"https:\/\/insightcrime.org\/category\/news\/"},"img":{"alt_text":"Costa Rican police frisk a civilian. \n\nPolic\u00eda en Costa Rica ","src":"https:\/\/i0.wp.com\/insightcrime.org\/wp-content\/uploads\/2024\/02\/Costa-Rica-police-frisk-civilian-security-policy-El-Pais.png?fit=350%2C250&quality=100&ssl=1&resize=350%2C200","width":350,"height":200},"classes":[]}],"jetpack_featured_media_url":"https:\/\/i0.wp.com\/insightcrime.org\/wp-content\/uploads\/2018\/04\/18-04-02-CR-Presidente.jpg?fit=350%2C250&quality=100&ssl=1","_links":{"self":[{"href":"https:\/\/insightcrime.org\/es\/wp-json\/wp\/v2\/posts\/82146","targetHints":{"allow":["GET"]}}],"collection":[{"href":"https:\/\/insightcrime.org\/es\/wp-json\/wp\/v2\/posts"}],"about":[{"href":"https:\/\/insightcrime.org\/es\/wp-json\/wp\/v2\/types\/post"}],"author":[{"embeddable":true,"href":"https:\/\/insightcrime.org\/es\/wp-json\/wp\/v2\/users\/90"}],"replies":[{"embeddable":true,"href":"https:\/\/insightcrime.org\/es\/wp-json\/wp\/v2\/comments?post=82146"}],"version-history":[{"count":5,"href":"https:\/\/insightcrime.org\/es\/wp-json\/wp\/v2\/posts\/82146\/revisions"}],"predecessor-version":[{"id":82173,"href":"https:\/\/insightcrime.org\/es\/wp-json\/wp\/v2\/posts\/82146\/revisions\/82173"}],"wp:featuredmedia":[{"embeddable":true,"href":"https:\/\/insightcrime.org\/es\/wp-json\/wp\/v2\/media\/82099"}],"wp:attachment":[{"href":"https:\/\/insightcrime.org\/es\/wp-json\/wp\/v2\/media?parent=82146"}],"wp:term":[{"taxonomy":"category","embeddable":true,"href":"https:\/\/insightcrime.org\/es\/wp-json\/wp\/v2\/categories?post=82146"},{"taxonomy":"post_tag","embeddable":true,"href":"https:\/\/insightcrime.org\/es\/wp-json\/wp\/v2\/tags?post=82146"},{"taxonomy":"newspack_spnsrs_tax","embeddable":true,"href":"https:\/\/insightcrime.org\/es\/wp-json\/wp\/v2\/newspack_spnsrs_tax?post=82146"},{"taxonomy":"author","embeddable":true,"href":"https:\/\/insightcrime.org\/es\/wp-json\/wp\/v2\/coauthors?post=82146"}],"curies":[{"name":"wp","href":"https:\/\/api.w.org\/{rel}","templated":true}]}}