{"id":8220,"date":"2015-09-30T21:43:45","date_gmt":"2017-03-28T00:11:37","guid":{"rendered":"http:\/\/newwp.insightcrime.org?p=8220"},"modified":"2023-04-24T15:48:06","modified_gmt":"2023-04-24T20:48:06","slug":"tras-condenas-caso-heaven-mexico","status":"publish","type":"post","link":"https:\/\/insightcrime.org\/es\/noticias\/noticias-del-dia\/tras-condenas-caso-heaven-mexico\/","title":{"rendered":"\u00bfQu\u00e9 hay tras las condenas del caso \u2018Heaven\u2019 en M\u00e9xico?"},"content":{"rendered":"\n<p class=\"wp-block-paragraph\">La condena de tres hombres involucrados en una notoria masacre en Ciudad de M\u00e9xico enmarca la conclusi\u00f3n oficial de un caso que llam\u00f3 la atenci\u00f3n por el alza del crimen y las deficiencias judiciales en la capital del pa\u00eds.<\/p>\n\n\n\n<p class=\"wp-block-paragraph\">&nbsp;<a target=\"_blank\" href=\"https:\/\/www.milenio.com\/policia\/bar_heaven-condena_bar_heaven-desaparecidos_bar_heaven_0_599340117.html\">Seg\u00fan Milenio<\/a>, un juez federal conden\u00f3 a 520 a\u00f1os a Ernesto Espinosa Lobo, Jos\u00e9 de Jes\u00fas Carmona Aiza y a V\u00edctor Manuel Torres Garc\u00eda por su participaci\u00f3n en el <a target=\"_blank\" href=\"\/noticias\/analisis\/eran-los-12-de-tepito-victimas-del-crimen-organizado-en-ciudad-de-mexico\">denominado caso \u201cHeaven\u201d<\/a>, una masacre que llam\u00f3 la atenci\u00f3n de todo M\u00e9xico en 2013. En mayo de ese a\u00f1o, 13 j\u00f3venes fueron secuestrados en el bar Heaven, del barrio Tepito de Ciudad de M\u00e9xico, y posteriormente fueron asesinados. Sus <a target=\"_blank\" href=\"https:\/\/www.borderlandbeat.com\/2013\/08\/bodies-of-tepito-12-found.html\">cuerpos fueron encontrados<\/a> en una fosa com\u00fan en agosto de 2013.<\/p>\n\n\n\n<p class=\"wp-block-paragraph\">M\u00e1s de 20 sospechosos fueron detenidos durante las investigaciones posteriores, mientras que las autoridades <a target=\"_blank\" href=\"\/noticias\/noticias-del-dia\/ultimas-revelaciones-del-caso-heaven-en-mexico-ilustran-la-complejidad-del-mundo-criminal\">dieron explicaciones contradictorias<\/a> sobre el trasfondo de los asesinatos. En septiembre de 2013, un polic\u00eda local <a target=\"_blank\" href=\"\/noticias\/noticias-del-dia\/mexico-arresta-a-policia-en-relacion-a-caso-heaven\">fue arrestado por los asesinatos<\/a>. Luego, en mayo de 2014, las autoridades <a target=\"_blank\" href=\"\/noticias\/noticias-del-dia\/capo-microtrafico-arrestado-ordenar-asesinatos-caso-heaven-ciudad-de-mexico\">arrestaron a Javier Rodr\u00edguez Fuentes<\/a>, alias \u201cEl Javi,\u201d sospechoso de ser el principal conspirador detr\u00e1s del crimen.<\/p>\n\n\n\n<p class=\"wp-block-paragraph\"><a target=\"_blank\" href=\"https:\/\/noticias.univision.com\/article\/2479118\/2015-09-27\/mexico\/noticias\/dan-mas-de-500-anos-de-prision-a-implicados-en-caso-heaven-en-ciudad-de-mexico\">Seg\u00fan Univisi\u00f3n<\/a>, pese a las condenas, el caso sigue abierto a investigaciones futuras contra otros involucrados.<\/p>\n\n\n\n<h3 class=\"wp-block-heading\">An\u00e1lisis de InSight Crime<\/h3>\n\n\n\n<p class=\"wp-block-paragraph\">La investigaci\u00f3n del caso Heaven dio a conocer dos hechos importantes con relaci\u00f3n al crimen en Ciudad de M\u00e9xico. El primero es que el caso resalta la creciente amenaza del crimen organizado en la capital del pa\u00eds. Tradicionalmente, se ha considerado que Ciudad de M\u00e9xico es inmune a las guerras de que los carteles que se ven en el resto del pa\u00eds, y que las autoridades constantemente <a target=\"_blank\" href=\"\/noticias\/analisis\/explicando-la-reciente-ola-de-violencia-en-ciudad-de-mexico\">est\u00e1n restando importancia a la presencia de grupos criminales altamente de organizados<\/a> en la ciudad, pese a que la violencia aumenta: Ciudad de M\u00e9xico vio un leve aumento del 21 por ciento en los homicidios durante los ocho primeros meses de 2015, <a target=\"_blank\" href=\"https:\/\/www.wsj.com\/articles\/rise-in-violent-crime-shakes-mexico-city-1443398548\">inform\u00f3 The Wall Street Journal<\/a>.<\/p>\n\n\n\n<p class=\"wp-block-paragraph\">Aunque las autoridades han asegurado una y otra vez que la masacre Heaven <a target=\"_blank\" href=\"https:\/\/www.lapagina.com.sv\/internacionales\/86081\/2013\/08\/27\/Niegan-participacion-de-narcos-en-asesinatos-de-jovenes-de-bar-gay\">no tuvo relaci\u00f3n alguna con el crimen organizado<\/a>, agentes mexicanos y <a target=\"_blank\" href=\"https:\/\/internacional.elpais.com\/internacional\/2013\/08\/27\/actualidad\/1377558044_389917.html\">expertos del crimen organizado<\/a> se han mostrado esc\u00e9pticos frente a estos pronunciamientos. Seg\u00fan los investigadores, El Javi era el <a target=\"_blank\" href=\"\/noticias\/noticias-del-dia\/capo-microtrafico-arrestado-ordenar-asesinatos-caso-heaven-ciudad-de-mexico\">l\u00edder de La Uni\u00f3n de Insurgentes<\/a>, una pandilla de Ciudad de M\u00e9xico. Se cree que los asesinatos del bar Heaven fueron <a target=\"_blank\" href=\"\/noticias\/noticias-del-dia\/ultimas-revelaciones-del-caso-heaven-en-mexico-ilustran-la-complejidad-del-mundo-criminal\">resultado de una pelea<\/a> entre La Uni\u00f3n y otra pandilla local, conocida como el Cartel de Tepito, por la venta de drogas. Ambos grupos tienen nexos con grupos criminales m\u00e1s grandes, como la Familia Michoacana y la Organizaci\u00f3n Beltr\u00e1n Leyva (OBL), respectivamente. Es posible que el <a target=\"_blank\" href=\"\/noticias\/analisis\/explicando-la-reciente-ola-de-violencia-en-ciudad-de-mexico\">ascenso de La Uni\u00f3n en Ciudad de M\u00e9xico<\/a> haya acabado con la reputaci\u00f3n de la capital como refugio de paz, que no ha sido afectado por la guerra entre carteles.<\/p>\n\n\n\n<p class=\"wp-block-paragraph\"><strong><span style=\"color: #800000\">VEA TAMBI\u00c9N:<\/span><\/strong>&nbsp;<a target=\"_blank\" href=\"\/noticias-sobre-crimen-organizado-en-mexico\">Noticias y perfiles de M\u00e9xico<\/a><\/p>\n\n\n\n<p class=\"wp-block-paragraph\">El segundo hecho es que el caso Heaven estuvo lleno de errores en las de investigaci\u00f3n, acusaciones de participaci\u00f3n de la polic\u00eda en el crimen y una falta total de claridad sobre lo que de verdad sucedi\u00f3 esa noche, a pesar de las recientes condenas. Todo esto ejemplifica los actuales retos que enfrenta M\u00e9xico en la limpieza de su sistema judicial.<\/p>\n\n\n\n<p class=\"wp-block-paragraph\">Al menos cuatro agentes de polic\u00eda del Distrito Federal fueron arrestados como parte de las investigaciones sobre el caso Heaven, lo que <a target=\"_blank\" href=\"https:\/\/internacional.elpais.com\/internacional\/2013\/10\/22\/actualidad\/1382473873_701854.html\">llev\u00f3 a que la Comisi\u00f3n de Derechos Humanos de M\u00e9xico DF<\/a> pidiera una investigaci\u00f3n \u201ca fondo\u201d de cu\u00e1l fue el papel que pudieron haber desempe\u00f1ado de las autoridades en el crimen. En ese momento, la Comisi\u00f3n de Derechos Humanos tambi\u00e9n afirm\u00f3 que los investigadores no tuvieron en cuenta la preocupaci\u00f3n de las familias de las v\u00edctimas, que ped\u00edan an\u00e1lisis independientes de los cuerpos. Luego de los arrestos, las familias de las v\u00edctimas <a target=\"_blank\" href=\"https:\/\/latino.foxnews.com\/latino\/news\/2015\/09\/29\/mothers-victims-in-mexico-heaven-bar-case-want-truth\/\">dicen<\/a> que a\u00fan no es claro el porqu\u00e9 de los asesinatos de los j\u00f3venes.<\/p>\n\n\n\n<p class=\"wp-block-paragraph\"><a target=\"_blank\" href=\"https:\/\/internacional.elpais.com\/internacional\/2014\/10\/29\/actualidad\/1414552729_252456.html\">Como lo informa el diario El Pa\u00eds<\/a>, muchas de las fallas de la investigaci\u00f3n del caso Heaven recuerdan las cometidas en <a target=\"_blank\" href=\"\/noticias\/analisis\/mexico-concluye-investigacion-sobre-caso-iguala-medio-dudas-generalizadas\">la investigaci\u00f3n del caso Iguala<\/a>, en el que 43 estudiantes desaparecieron tras enfrentamientos con la polic\u00eda. As\u00ed que, aun cuando tres condenas lleven a pensar que el caso Heaven es una victoria para el sistema judicial de M\u00e9xico, no ser\u00eda disparatado preguntarse si las autoridades realizaron una investigaci\u00f3n tan diligente y detallada como pudieron haberlo hecho.<\/p>\n","protected":false},"excerpt":{"rendered":"<p>La condena de tres hombres involucrados en una notoria masacre en Ciudad de M\u00e9xico enmarca la conclusi\u00f3n oficial de un caso que llam\u00f3 la atenci\u00f3n por el alza del crimen y las deficiencias judiciales en la capital del pa\u00eds.<\/p>\n","protected":false},"author":47,"featured_media":43262,"comment_status":"closed","ping_status":"closed","sticky":false,"template":"","format":"standard","meta":{"newspack_ads_suppress_ads":false,"newspack_popups_has_disabled_popups":false,"newspack_sponsor_sponsorship_scope":"","newspack_sponsor_native_byline_display":"inherit","newspack_sponsor_native_category_display":"inherit","newspack_sponsor_underwriter_style":"inherit","newspack_sponsor_underwriter_placement":"inherit","_EventAllDay":false,"_EventTimezone":"","_EventStartDate":"","_EventEndDate":"","_EventStartDateUTC":"","_EventEndDateUTC":"","_EventShowMap":false,"_EventShowMapLink":false,"_EventURL":"","_EventCost":"","_EventCostDescription":"","_EventCurrencySymbol":"","_EventCurrencyCode":"","_EventCurrencyPosition":"","_EventDateTimeSeparator":"","_EventTimeRangeSeparator":"","_EventOrganizerID":[],"_EventVenueID":[],"_OrganizerEmail":"","_OrganizerPhone":"","_OrganizerWebsite":"","_VenueAddress":"","_VenueCity":"","_VenueCountry":"","_VenueProvince":"","_VenueState":"","_VenueZip":"","_VenuePhone":"","_VenueURL":"","_VenueStateProvince":"","_VenueLat":"","_VenueLng":"","_VenueShowMap":false,"_VenueShowMapLink":false,"_newspack_byline_active":false,"_newspack_byline":"","newspack_hide_updated_date":false,"newspack_show_updated_date":false,"newspack_featured_image_position":"","newspack_post_subtitle":"","newspack_article_summary_title":"Overview:","newspack_article_summary":"","_jetpack_memberships_contains_paid_content":false,"footnotes":""},"categories":[334],"tags":[406],"newspack_spnsrs_tax":[],"coauthors":[3975],"class_list":["post-8220","post","type-post","status-publish","format-standard","has-post-thumbnail","hentry","category-noticias-del-dia","tag-mexico-pais","entry"],"parsely":{"version":"1.1.0","canonical_url":"https:\/\/insightcrime.org\/es\/noticias\/noticias-del-dia\/tras-condenas-caso-heaven-mexico\/","smart_links":{"inbound":0,"outbound":0},"traffic_boost_suggestions_count":0,"meta":{"@context":"https:\/\/schema.org","@type":"NewsArticle","headline":"\u00bfQu\u00e9 hay tras las condenas del caso \u2018Heaven\u2019 en M\u00e9xico?","url":"http:\/\/insightcrime.org\/es\/noticias\/noticias-del-dia\/tras-condenas-caso-heaven-mexico\/","mainEntityOfPage":{"@type":"WebPage","@id":"http:\/\/insightcrime.org\/es\/noticias\/noticias-del-dia\/tras-condenas-caso-heaven-mexico\/"},"thumbnailUrl":"https:\/\/i0.wp.com\/insightcrime.org\/wp-content\/uploads\/2015\/09\/es-15-09-29-Mexico-Heavens.jpg?resize=150%2C150&quality=100&ssl=1","image":{"@type":"ImageObject","url":"https:\/\/i0.wp.com\/insightcrime.org\/wp-content\/uploads\/2015\/09\/es-15-09-29-Mexico-Heavens.jpg?fit=250%2C166&quality=100&ssl=1"},"articleSection":"Noticias del d\u00eda","author":[{"@type":"Person","name":"Elijah Stevens"}],"creator":["Elijah Stevens"],"publisher":{"@type":"Organization","name":"InSight Crime","logo":"https:\/\/insightcrime.org\/wp-content\/uploads\/2023\/08\/logo.png"},"keywords":["m\u00e9xico"],"dateCreated":"2017-03-28T00:11:37Z","datePublished":"2017-03-28T00:11:37Z","dateModified":"2023-04-24T20:48:06Z"},"rendered":"<meta name=\"parsely-title\" content=\"\u00bfQu\u00e9 hay tras las condenas del caso \u2018Heaven\u2019 en M\u00e9xico?\" \/>\n<meta name=\"parsely-link\" content=\"http:\/\/insightcrime.org\/es\/noticias\/noticias-del-dia\/tras-condenas-caso-heaven-mexico\/\" \/>\n<meta name=\"parsely-type\" content=\"post\" \/>\n<meta name=\"parsely-image-url\" content=\"https:\/\/i0.wp.com\/insightcrime.org\/wp-content\/uploads\/2015\/09\/es-15-09-29-Mexico-Heavens.jpg?resize=150%2C150&amp;quality=100&amp;ssl=1\" \/>\n<meta name=\"parsely-pub-date\" content=\"2017-03-28T00:11:37Z\" \/>\n<meta name=\"parsely-section\" content=\"Noticias del d\u00eda\" \/>\n<meta name=\"parsely-tags\" content=\"m\u00e9xico\" \/>\n<meta name=\"parsely-author\" content=\"Elijah Stevens\" \/>","tracker_url":"https:\/\/cdn.parsely.com\/keys\/insightcrime.org\/p.js"},"jetpack_sharing_enabled":true,"jetpack-related-posts":[{"id":139322,"url":"https:\/\/insightcrime.org\/es\/noticias\/emboscada-mortal-13-policias-recibe-poca-respuesta-gobierno-mexico\/","url_meta":{"origin":8220,"position":0},"title":"Emboscada mortal de 13 polic\u00edas recibe poca respuesta del gobierno en M\u00e9xico","author":"Max Radwin","date":"24 de marzo de 2021","format":false,"excerpt":"Una sangrienta emboscada a un convoy de polic\u00edas en el estado de M\u00e9xico, en la que fueron acribillados trece agentes, pone al descubierto la incapacidad del gobierno mexicano para controlar la escalada de violencia por fuera de la capital.","rel":"","context":"En \u00abNoticias\u00bb","block_context":{"text":"Noticias","link":"https:\/\/insightcrime.org\/es\/category\/noticias\/"},"img":{"alt_text":"Police car ","src":"https:\/\/i0.wp.com\/insightcrime.org\/wp-content\/uploads\/2021\/03\/Emboscada.jpeg?fit=350%2C250&quality=100&ssl=1&resize=350%2C200","width":350,"height":200},"classes":[]},{"id":149931,"url":"https:\/\/insightcrime.org\/es\/noticias\/respuesta-masacre-mexico-deja-interrogantes\/","url_meta":{"origin":8220,"position":1},"title":"Respuesta a masacre en M\u00e9xico deja muchos interrogantes","author":"Parker Asmann","date":"30 de junio de 2021","format":false,"excerpt":"El cuestionado gobernador del estado de Tamaulipas, en la frontera norte de M\u00e9xico, presenta las oportunas capturas de los responsables de una macabra masacre ocurrida en junio, pero persisten dudas sobre los verdaderos responsables de los asesinatos.","rel":"","context":"En \u00abNoticias\u00bb","block_context":{"text":"Noticias","link":"https:\/\/insightcrime.org\/es\/category\/noticias\/"},"img":{"alt_text":"","src":"https:\/\/i0.wp.com\/insightcrime.org\/wp-content\/uploads\/2021\/06\/21-06-30-Cabeza-de-Vaca-Tamaulipas.jpg?fit=350%2C250&quality=100&ssl=1&resize=350%2C200","width":350,"height":200},"classes":[]},{"id":128005,"url":"https:\/\/insightcrime.org\/es\/noticias\/trafico-silvestre-ciudad-de-mexico\/","url_meta":{"origin":8220,"position":2},"title":"Ruge el tr\u00e1fico de vida silvestre en Ciudad de M\u00e9xico","author":"Alessandro Ford","date":"4 de enero de 2021","format":false,"excerpt":"Varios decomisos de animales ex\u00f3ticos en el \u00e1rea de Ciudad de M\u00e9xico, incluido el rescate de m\u00e1s de 15.000 espec\u00edmenes en un operativo reciente, plantean importantes preguntas sobre el modus operandi del tr\u00e1fico de vida silvestre en la capital de M\u00e9xico.","rel":"","context":"En \u00abNoticias\u00bb","block_context":{"text":"Noticias","link":"https:\/\/insightcrime.org\/es\/category\/noticias\/"},"img":{"alt_text":"","src":"https:\/\/i0.wp.com\/insightcrime.org\/wp-content\/uploads\/2021\/01\/tiger.jpg?fit=350%2C250&quality=100&ssl=1&resize=350%2C200","width":350,"height":200},"classes":[]},{"id":312648,"url":"https:\/\/insightcrime.org\/es\/noticias\/caso-inusual-estados-unidos-sanciona-lider-cartel-jalisco-feminicidio-mexico\/","url_meta":{"origin":8220,"position":3},"title":"En caso inusual, Estados Unidos sanciona a l\u00edder del Cartel de Jalisco por feminicidio en M\u00e9xico","author":"Parker Asmann","date":"20 de junio de 2025","format":false,"excerpt":"El gobierno de Estados Unidos anunci\u00f3 nuevas sanciones esta semana contra varios l\u00edderes del Cartel de Jalisco en un caso que, por primera vez, se\u00f1ala a un miembro de un grupo criminal por su presunto papel en un asesinato por motivos de g\u00e9nero. El feminicidio de Valeria M\u00e1rquez, una influencer\u2026","rel":"","context":"En \u00abNoticias\u00bb","block_context":{"text":"Noticias","link":"https:\/\/insightcrime.org\/es\/category\/noticias\/"},"img":{"alt_text":"","src":"https:\/\/i0.wp.com\/insightcrime.org\/wp-content\/uploads\/2025\/06\/2025-06-20-CJNG-Sanctions.jpg?fit=350%2C250&quality=100&ssl=1&resize=350%2C200","width":350,"height":200},"classes":[]},{"id":212434,"url":"https:\/\/insightcrime.org\/es\/noticias\/cartel-golfo-defensiva-secuestro-homicidio-ciudadanos-eeuu\/","url_meta":{"origin":8220,"position":4},"title":"Cartel del Golfo a la defensiva tras secuestro y homicidio de ciudadanos de EE. UU.","author":"Parker Asmann","date":"12 de marzo de 2023","format":false,"excerpt":"Una facci\u00f3n de una de las organizaciones criminales m\u00e1s veteranas de M\u00e9xico est\u00e1 haciendo control de da\u00f1os con lo que podr\u00eda llamarse una campa\u00f1a de relaciones p\u00fablicas tras el secuestro y asesinato de varios ciudadanos estadounidenses, por temor a una ofensiva transfronteriza amplia.","rel":"","context":"En \u00abNoticias\u00bb","block_context":{"text":"Noticias","link":"https:\/\/insightcrime.org\/es\/category\/noticias\/"},"img":{"alt_text":"Ambulancia llegando a Matamoros, Tamaulipas, donde el Cartel del Golfo admiti\u00f3 haber participado en el asesinato de dos estadounidenses","src":"https:\/\/i0.wp.com\/insightcrime.org\/wp-content\/uploads\/2023\/03\/2023-03-10-Gulf-Cartel-PR-Matamoros.jpeg?fit=350%2C250&quality=100&ssl=1&resize=350%2C200","width":350,"height":200},"classes":[]},{"id":166363,"url":"https:\/\/insightcrime.org\/es\/noticias\/modelo-crimen-organizado-zetas-esta-destrozando-mexico\/","url_meta":{"origin":8220,"position":5},"title":"El modelo de crimen organizado de Los Zetas est\u00e1 desgarrando a M\u00e9xico","author":"Steven Dudley","date":"30 de agosto de 2021","format":false,"excerpt":"Un s\u00e1bado, a eso de las 12:30 p.m. hora local, una caravana de tres veh\u00edculos repletos de hombres bien armados y al menos una mujer comenz\u00f3 una violenta arremetida por todo Reynosa, ciudad mexicana de unas 700.000 personas que limita con McAllen, Texas, y es utilizada como un importante centro\u2026","rel":"","context":"En \u00abNoticias\u00bb","block_context":{"text":"Noticias","link":"https:\/\/insightcrime.org\/es\/category\/noticias\/"},"img":{"alt_text":"","src":"https:\/\/i0.wp.com\/insightcrime.org\/wp-content\/uploads\/2021\/08\/AP_16276029765693-A2.jpg?fit=1200%2C690&quality=100&ssl=1&resize=350%2C200","width":350,"height":200,"srcset":"https:\/\/i0.wp.com\/insightcrime.org\/wp-content\/uploads\/2021\/08\/AP_16276029765693-A2.jpg?fit=1200%2C690&quality=100&ssl=1&resize=350%2C200 1x, https:\/\/i0.wp.com\/insightcrime.org\/wp-content\/uploads\/2021\/08\/AP_16276029765693-A2.jpg?fit=1200%2C690&quality=100&ssl=1&resize=525%2C300 1.5x, https:\/\/i0.wp.com\/insightcrime.org\/wp-content\/uploads\/2021\/08\/AP_16276029765693-A2.jpg?fit=1200%2C690&quality=100&ssl=1&resize=700%2C400 2x, https:\/\/i0.wp.com\/insightcrime.org\/wp-content\/uploads\/2021\/08\/AP_16276029765693-A2.jpg?fit=1200%2C690&quality=100&ssl=1&resize=1050%2C600 3x"},"classes":[]}],"jetpack_featured_media_url":"https:\/\/i0.wp.com\/insightcrime.org\/wp-content\/uploads\/2015\/09\/es-15-09-29-Mexico-Heavens.jpg?fit=250%2C166&quality=100&ssl=1","_links":{"self":[{"href":"https:\/\/insightcrime.org\/es\/wp-json\/wp\/v2\/posts\/8220","targetHints":{"allow":["GET"]}}],"collection":[{"href":"https:\/\/insightcrime.org\/es\/wp-json\/wp\/v2\/posts"}],"about":[{"href":"https:\/\/insightcrime.org\/es\/wp-json\/wp\/v2\/types\/post"}],"author":[{"embeddable":true,"href":"https:\/\/insightcrime.org\/es\/wp-json\/wp\/v2\/users\/47"}],"replies":[{"embeddable":true,"href":"https:\/\/insightcrime.org\/es\/wp-json\/wp\/v2\/comments?post=8220"}],"version-history":[{"count":1,"href":"https:\/\/insightcrime.org\/es\/wp-json\/wp\/v2\/posts\/8220\/revisions"}],"predecessor-version":[{"id":25366,"href":"https:\/\/insightcrime.org\/es\/wp-json\/wp\/v2\/posts\/8220\/revisions\/25366"}],"wp:featuredmedia":[{"embeddable":true,"href":"https:\/\/insightcrime.org\/es\/wp-json\/wp\/v2\/media\/43262"}],"wp:attachment":[{"href":"https:\/\/insightcrime.org\/es\/wp-json\/wp\/v2\/media?parent=8220"}],"wp:term":[{"taxonomy":"category","embeddable":true,"href":"https:\/\/insightcrime.org\/es\/wp-json\/wp\/v2\/categories?post=8220"},{"taxonomy":"post_tag","embeddable":true,"href":"https:\/\/insightcrime.org\/es\/wp-json\/wp\/v2\/tags?post=8220"},{"taxonomy":"newspack_spnsrs_tax","embeddable":true,"href":"https:\/\/insightcrime.org\/es\/wp-json\/wp\/v2\/newspack_spnsrs_tax?post=8220"},{"taxonomy":"author","embeddable":true,"href":"https:\/\/insightcrime.org\/es\/wp-json\/wp\/v2\/coauthors?post=8220"}],"curies":[{"name":"wp","href":"https:\/\/api.w.org\/{rel}","templated":true}]}}