{"id":82254,"date":"2018-04-05T18:54:52","date_gmt":"2018-04-05T23:54:52","guid":{"rendered":"https:\/\/insightcrime.org\/?p=82254"},"modified":"2023-04-24T16:28:44","modified_gmt":"2023-04-24T21:28:44","slug":"residentes-de-rio-de-janeiro-apoyan-intervencion-militar-pero-dudan-que-funcione","status":"publish","type":"post","link":"https:\/\/insightcrime.org\/es\/noticias\/noticias-del-dia\/residentes-de-rio-de-janeiro-apoyan-intervencion-militar-pero-dudan-que-funcione\/","title":{"rendered":"Residentes de R\u00edo de Janeiro apoyan intervenci\u00f3n militar, pero dudan que funcione"},"content":{"rendered":"\n<p class=\"wp-block-paragraph\">Los residentes de R\u00edo de Janeiro, en Brasil, afirman que apoyan el uso del ej\u00e9rcito como medida para contener los crecientes \u00edndices de violencia en la segunda mayor ciudad de Brasil, pero \u2014aunque resulta contradictorio\u2014 no creen que la intervenci\u00f3n logre su objetivo.<\/p>\n\n\n\n<p class=\"wp-block-paragraph\">Una <a href=\"http:\/\/www.forumseguranca.org.br\/wp-content\/uploads\/2018\/04\/FBSP_Rio_sob_Intervencao_2018_relatorio.pdf\">encuesta<\/a>&nbsp;reciente, realizada por la firma de sondeos Datafolha en alianza con el Foro Brasile\u00f1o de Seguridad P\u00fablica (F\u00f3rum Brasileiro de Seguran\u00e7a P\u00fablica) muestra que 76 por ciento de los residentes apoya la decisi\u00f3n tomada por el gobierno federal a comienzos del a\u00f1o de <a href=\"https:\/\/es.insightcrime.org\/noticias\/analisis\/oportunidades-y-riesgos-tras-un-mes-de-despliegue-militar-en-rio-de-janeiro-brasil\/\">poner a las fuerzas armadas al frente de<\/a>&nbsp;la seguridad en R\u00edo. Pero el 69 por ciento tambi\u00e9n cree que har\u00e1n poco por mejorar la situaci\u00f3n.<\/p>\n\n\n\n<p class=\"wp-block-paragraph\">El respaldo a la intervenci\u00f3n militar bien puede estar asociado a temores profundos sobre la ola de cr\u00edmenes que ha <a href=\"https:\/\/es.insightcrime.org\/noticias\/noticias-del-dia\/policia-rio-de-janeiro-continua-programa-pacificacion-escalada-violencia\/\">sacudido a la ciudad<\/a>&nbsp;en los \u00faltimos a\u00f1os. Una gran mayor\u00eda de residentes&nbsp; \u201487 por ciento\u2014 vive con temor de ser asesinados, 11 por ciento por encima del porcentaje de <a href=\"http:\/\/www.forumseguranca.org.br\/storage\/10_anuario_site_18-11-2016-retificado.pdf\">2016<\/a>.<\/p>\n\n\n\n<p class=\"wp-block-paragraph\">Al comparar los \u00edndices con el promedio de Brasil, los residentes de R\u00edo de Janeiro presentan mayor riesgo de agresi\u00f3n f\u00edsica o sexual. Tambi\u00e9n tienen dos veces m\u00e1s probabilidades de ser blanco de la violencia policial.<\/p>\n\n\n\n<p class=\"wp-block-paragraph\">Entre tanto, 30 por ciento de los residentes dicen que se han visto atrapados en el fuego cruzado entre los delincuentes y la polic\u00eda, y los ciudadanos de piel negra tienen 28 por ciento mayor riesgo que sus contrapartes de piel blanca de ser blanco de esa violencia. El ocho por ciento de los residentes afirman que ellos o un familiar suyo han sido v\u00edctimas de balas perdidas.<\/p>\n\n\n\n<p class=\"wp-block-paragraph\"><iframe loading=\"lazy\" id=\"datawrapper-chart-hBdVz\" style=\"width: 0; min-width: 100% !important;\" src=\"\/\/datawrapper.dwcdn.net\/hBdVz\/2\/\" width=\"300\" height=\"388\" frameborder=\"0\" scrolling=\"no\"><\/iframe><script type=\"text\/javascript\">if(\"undefined\"==typeof window.datawrapper)window.datawrapper={};window.datawrapper[\"hBdVz\"]={},window.datawrapper[\"hBdVz\"].embedDeltas={\"100\":422,\"200\":405,\"300\":388,\"400\":388,\"500\":388,\"700\":388,\"800\":388,\"900\":388,\"1000\":388},window.datawrapper[\"hBdVz\"].iframe=document.getElementById(\"datawrapper-chart-hBdVz\"),window.datawrapper[\"hBdVz\"].iframe.style.height=window.datawrapper[\"hBdVz\"].embedDeltas[Math.min(1e3,Math.max(100*Math.floor(window.datawrapper[\"hBdVz\"].iframe.offsetWidth\/100),100))]+\"px\",window.addEventListener(\"message\",function(a){if(\"undefined\"!=typeof a.data[\"datawrapper-height\"])for(var b in a.data[\"datawrapper-height\"])if(\"hBdVz\"==b)window.datawrapper[\"hBdVz\"].iframe.style.height=a.data[\"datawrapper-height\"][b]+\"px\"});<\/script><br>\nSin embargo, R\u00edo de Janeiro no es el estado m\u00e1s violento de Brasil; la violencia es&nbsp;<a href=\"https:\/\/es.insightcrime.org\/noticias\/noticias-del-dia\/creciente-violencia-brasil-concentra-especialmente-norte-pais\/\">m\u00e1s acentuada<\/a>&nbsp;en el norte del pa\u00eds. M\u00e1s a\u00fan, se observa una <a href=\"https:\/\/es.insightcrime.org\/noticias\/noticias-del-dia\/mapa-crimen-rio-janeiro-ayudaria-intervencion-puntos-calientes\/\">variaci\u00f3n importante<\/a>&nbsp;dentro de la misma ciudad en t\u00e9rminos de d\u00f3nde se concentra el crimen. Por ejemplo, la regi\u00f3n Baixada Fluminense en R\u00edo tiene casi la misma tasa de homicidios que la actual capital de los asesinatos en Brasil, el estado de Sergipe. Sin embargo, otros sectores de la ciudad tienen \u00edndices de violencia muy inferiores.<\/p>\n\n\n\n<p class=\"wp-block-paragraph\"><iframe loading=\"lazy\" id=\"datawrapper-chart-SPQ5Y\" style=\"width: 0; min-width: 100% !important;\" src=\"\/\/datawrapper.dwcdn.net\/SPQ5Y\/1\/\" width=\"300\" height=\"731\" frameborder=\"0\" scrolling=\"no\"><\/iframe><script type=\"text\/javascript\">if(\"undefined\"==typeof window.datawrapper)window.datawrapper={};window.datawrapper[\"SPQ5Y\"]={},window.datawrapper[\"SPQ5Y\"].embedDeltas={\"100\":812,\"200\":758,\"300\":758,\"400\":731,\"500\":731,\"700\":731,\"800\":731,\"900\":731,\"1000\":731},window.datawrapper[\"SPQ5Y\"].iframe=document.getElementById(\"datawrapper-chart-SPQ5Y\"),window.datawrapper[\"SPQ5Y\"].iframe.style.height=window.datawrapper[\"SPQ5Y\"].embedDeltas[Math.min(1e3,Math.max(100*Math.floor(window.datawrapper[\"SPQ5Y\"].iframe.offsetWidth\/100),100))]+\"px\",window.addEventListener(\"message\",function(a){if(\"undefined\"!=typeof a.data[\"datawrapper-height\"])for(var b in a.data[\"datawrapper-height\"])if(\"SPQ5Y\"==b)window.datawrapper[\"SPQ5Y\"].iframe.style.height=a.data[\"datawrapper-height\"][b]+\"px\"});<\/script><\/p>\n\n\n\n<h3 class=\"wp-block-heading\">An\u00e1lisis de InSight Crime<\/h3>\n\n\n\n<p class=\"wp-block-paragraph\">Los resultados de la encuesta dejan ver el claro temor de los habitantes de R\u00edo de Janeiro por una reca\u00edda en la situaci\u00f3n de seguridad de la ciudad, <a href=\"https:\/\/es.insightcrime.org\/noticias\/analisis\/ciudadanos-rio-desconfian-policia-militar-ven-pocas-alternativas\/\">sin saber<\/a>&nbsp;cu\u00e1l es la mejor forma de detener el problema.<\/p>\n\n\n\n<p class=\"wp-block-paragraph\">Sin un consenso sobre una estrategia alternativa, es posible que la inseguridad siga recrudeci\u00e9ndose. De hecho, luego del anuncio de la intervenci\u00f3n militar, delitos como homicidios y robos de carga <a href=\"https:\/\/extra.globo.com\/casos-de-policia\/crimes-como-assassinatos-roubos-de-cargas-crescem-no-primeiro-mes-de-intervencao-federal-no-rio-22510124.html\">aumentaron<\/a>.<\/p>\n\n\n\n<p class=\"wp-block-paragraph\"><span style=\"color: #800000;\"><strong>VEA TAMBI\u00c9N:<\/strong> <a href=\"https:\/\/es.insightcrime.org\/noticias-sobre-crimen-organizado-en-brasil\/\">Noticias y perfiles de Brasil<\/a><\/span><\/p>\n\n\n\n<p class=\"wp-block-paragraph\">La voluntad pol\u00edtica para implementar una l\u00ednea de acci\u00f3n distinta parece casi inexistente. El decomiso de narc\u00f3ticos, la muerte y la captura de criminales no ayudan mucho a solucionar los factores que motivan el crimen y la violencia, son m\u00e1s bien acciones convenientes desde le punto de vista pol\u00edtico, pues los funcionarios p\u00fablicos pueden presentarlas ante la opini\u00f3n p\u00fablica como evidencia de que est\u00e1n haciendo algo frente a un problema de gran importancia para los ciudadanos.<\/p>\n\n\n\n<p class=\"wp-block-paragraph\">Algunas autoridades dentro de las fuerzas militares han hablado de la <a href=\"https:\/\/es.insightcrime.org\/noticias\/noticias-del-dia\/comandante-del-ejercito-despliegue-de-militares-en-brasil-para-controlar-delincuencia-puede-generar-corrupcion-y-politizacion\/\">necesidad<\/a>&nbsp;de un <a href=\"https:\/\/es.insightcrime.org\/noticias\/noticias-del-dia\/funcionarios-de-brasil-y-mexico-cuestionan-estrategias-tradicionales-de-lucha-contra-el-crimen\/\">cambio<\/a>&nbsp;de estrategia, y advierten que militarizar la seguridad p\u00fablica puede acarrear otros problemas. Pero a corto plazo es poco probable que cambie la direcci\u00f3n del viento, en especial cuando se est\u00e1 a las puertas de la elecci\u00f3n presidencial a finales de este a\u00f1o, cuyo resultado est\u00e1 en manos de los votantes brasile\u00f1os preocupados por el <a href=\"https:\/\/es.insightcrime.org\/noticias\/analisis\/gamechangers-2017-el-gobierno-y-las-pandillas-se-disputan-brasil\/\">aumento de la inseguridad<\/a>&nbsp;en todo el pa\u00eds.<\/p>\n","protected":false},"excerpt":{"rendered":"<p>Los residentes de R\u00edo de Janeiro afirman que apoyan el uso del ej\u00e9rcito como medida para contener los crecientes \u00edndices de violencia en la segunda mayor ciudad de Brasil, pero no creen que la intervenci\u00f3n logre su objetivo.<\/p>\n","protected":false},"author":154,"featured_media":82191,"comment_status":"closed","ping_status":"closed","sticky":false,"template":"","format":"standard","meta":{"newspack_ads_suppress_ads":false,"newspack_popups_has_disabled_popups":false,"newspack_sponsor_sponsorship_scope":"","newspack_sponsor_native_byline_display":"inherit","newspack_sponsor_native_category_display":"inherit","newspack_sponsor_underwriter_style":"inherit","newspack_sponsor_underwriter_placement":"inherit","_EventAllDay":false,"_EventTimezone":"","_EventStartDate":"","_EventEndDate":"","_EventStartDateUTC":"","_EventEndDateUTC":"","_EventShowMap":false,"_EventShowMapLink":false,"_EventURL":"","_EventCost":"","_EventCostDescription":"","_EventCurrencySymbol":"","_EventCurrencyCode":"","_EventCurrencyPosition":"","_EventDateTimeSeparator":"","_EventTimeRangeSeparator":"","_EventOrganizerID":[],"_EventVenueID":[],"_OrganizerEmail":"","_OrganizerPhone":"","_OrganizerWebsite":"","_VenueAddress":"","_VenueCity":"","_VenueCountry":"","_VenueProvince":"","_VenueState":"","_VenueZip":"","_VenuePhone":"","_VenueURL":"","_VenueStateProvince":"","_VenueLat":"","_VenueLng":"","_VenueShowMap":false,"_VenueShowMapLink":false,"_newspack_byline_active":false,"_newspack_byline":"","newspack_hide_updated_date":false,"newspack_show_updated_date":false,"newspack_featured_image_position":"","newspack_post_subtitle":"","newspack_article_summary_title":"Overview:","newspack_article_summary":"","_jetpack_memberships_contains_paid_content":false,"footnotes":""},"categories":[334],"tags":[405,438],"newspack_spnsrs_tax":[],"coauthors":[4118],"class_list":["post-82254","post","type-post","status-publish","format-standard","has-post-thumbnail","hentry","category-noticias-del-dia","tag-brasil","tag-politicas-de-seguridad","entry"],"parsely":{"version":"1.1.0","canonical_url":"https:\/\/insightcrime.org\/es\/noticias\/noticias-del-dia\/residentes-de-rio-de-janeiro-apoyan-intervencion-militar-pero-dudan-que-funcione\/","smart_links":{"inbound":0,"outbound":0},"traffic_boost_suggestions_count":0,"meta":{"@context":"https:\/\/schema.org","@type":"NewsArticle","headline":"Residentes de R\u00edo de Janeiro apoyan intervenci\u00f3n militar, pero dudan que funcione","url":"http:\/\/insightcrime.org\/es\/noticias\/noticias-del-dia\/residentes-de-rio-de-janeiro-apoyan-intervencion-militar-pero-dudan-que-funcione\/","mainEntityOfPage":{"@type":"WebPage","@id":"http:\/\/insightcrime.org\/es\/noticias\/noticias-del-dia\/residentes-de-rio-de-janeiro-apoyan-intervencion-militar-pero-dudan-que-funcione\/"},"thumbnailUrl":"https:\/\/i0.wp.com\/insightcrime.org\/wp-content\/uploads\/2018\/04\/AFM_7530.jpg?resize=150%2C150&quality=100&ssl=1","image":{"@type":"ImageObject","url":"https:\/\/i0.wp.com\/insightcrime.org\/wp-content\/uploads\/2018\/04\/AFM_7530.jpg?fit=2048%2C1364&quality=100&ssl=1"},"articleSection":"Noticias del d\u00eda","author":[{"@type":"Person","name":"C.H. Gardiner"}],"creator":["C.H. Gardiner"],"publisher":{"@type":"Organization","name":"InSight Crime","logo":"https:\/\/insightcrime.org\/wp-content\/uploads\/2023\/08\/logo.png"},"keywords":["brasil","pol\u00edticas de seguridad"],"dateCreated":"2018-04-05T23:54:52Z","datePublished":"2018-04-05T23:54:52Z","dateModified":"2023-04-24T21:28:44Z"},"rendered":"<meta name=\"parsely-title\" content=\"Residentes de R\u00edo de Janeiro apoyan intervenci\u00f3n militar, pero dudan que funcione\" \/>\n<meta name=\"parsely-link\" content=\"http:\/\/insightcrime.org\/es\/noticias\/noticias-del-dia\/residentes-de-rio-de-janeiro-apoyan-intervencion-militar-pero-dudan-que-funcione\/\" \/>\n<meta name=\"parsely-type\" content=\"post\" \/>\n<meta name=\"parsely-image-url\" content=\"https:\/\/i0.wp.com\/insightcrime.org\/wp-content\/uploads\/2018\/04\/AFM_7530.jpg?resize=150%2C150&amp;quality=100&amp;ssl=1\" \/>\n<meta name=\"parsely-pub-date\" content=\"2018-04-05T23:54:52Z\" \/>\n<meta name=\"parsely-section\" content=\"Noticias del d\u00eda\" \/>\n<meta name=\"parsely-tags\" content=\"brasil,pol\u00edticas de seguridad\" \/>\n<meta name=\"parsely-author\" content=\"C.H. Gardiner\" \/>","tracker_url":"https:\/\/cdn.parsely.com\/keys\/insightcrime.org\/p.js"},"jetpack_sharing_enabled":true,"jetpack-related-posts":[{"id":180852,"url":"https:\/\/insightcrime.org\/es\/noticias\/milicias-imponen-precios-exorbitantes-bienes-basicos-favelas-rio\/","url_meta":{"origin":82254,"position":0},"title":"Milicias imponen precios exorbitantes sobre bienes b\u00e1sicos en favelas de R\u00edo","author":"Scott Mistler-Ferguson","date":"25 de marzo de 2022","format":false,"excerpt":"Las milicias armadas fijan precios exorbitantes por cilindros de gas y otros productos b\u00e1sicos en muchas favelas de R\u00edo de Janeiro, con la certeza de que a los residentes no les queda m\u00e1s remedio que pagar lo que se les pide.","rel":"","context":"En \u00abNoticias\u00bb","block_context":{"text":"Noticias","link":"https:\/\/insightcrime.org\/es\/category\/noticias\/"},"img":{"alt_text":"hilera de cilindros de gas","src":"https:\/\/i0.wp.com\/insightcrime.org\/wp-content\/uploads\/2022\/03\/gas-cylinders.jpeg?fit=350%2C250&quality=100&ssl=1&resize=350%2C200","width":350,"height":200},"classes":[]},{"id":176824,"url":"https:\/\/insightcrime.org\/es\/noticias\/favelas-brasil-violencia-amenazan-plan-rio-recuperarlas\/","url_meta":{"origin":82254,"position":1},"title":"Favelas en Brasil: fantasmas de violencia amenazan el plan de R\u00edo para recuperarlas","author":"Scott Mistler-Ferguson","date":"27 de enero de 2022","format":false,"excerpt":"Los habitantes de las favelas marginadas de R\u00edo de Janeiro est\u00e1n presenciando un nuevo plan del gobierno que pretende recuperar \u00e1reas dominadas por organizaciones criminales.","rel":"","context":"En \u00abNoticias\u00bb","block_context":{"text":"Noticias","link":"https:\/\/insightcrime.org\/es\/category\/noticias\/"},"img":{"alt_text":"polic\u00eda militar en favelas de R\u00edo","src":"https:\/\/i0.wp.com\/insightcrime.org\/wp-content\/uploads\/2022\/01\/Jacarezinho-Operation.jpeg?fit=350%2C250&quality=100&ssl=1&resize=350%2C200","width":350,"height":200},"classes":[]},{"id":243052,"url":"https:\/\/insightcrime.org\/es\/noticias\/guerra-contra-drogas-ocasiona-millonarias-perdidas-brasil-estudio\/","url_meta":{"origin":82254,"position":2},"title":"Guerra contra las drogas ocasiona millonarias p\u00e9rdidas en Brasil: estudio","author":"Juliana Manjarr\u00e9s","date":"26 de octubre de 2023","format":false,"excerpt":"Un nuevo informe concluye que la guerra contra las drogas ha ocasionado p\u00e9rdidas millonarias para los habitantes de dos de las favelas m\u00e1s afectadas por la violencia en R\u00edo de Janeiro, Brasil.\u00a0","rel":"","context":"En \u00abNoticias\u00bb","block_context":{"text":"Noticias","link":"https:\/\/insightcrime.org\/es\/category\/noticias\/"},"img":{"alt_text":"Operaciones policiales en las favelas de R\u00edo de Janeiro","src":"https:\/\/i0.wp.com\/insightcrime.org\/wp-content\/uploads\/2023\/10\/Police-operations-in-Brazilian-Favelas.png?fit=420%2C300&quality=100&ssl=1&resize=350%2C200","width":350,"height":200},"classes":[]},{"id":246300,"url":"https:\/\/insightcrime.org\/es\/noticias\/policia-podria-obstaculo-eliminar-milicias-rio-brasil\/","url_meta":{"origin":82254,"position":3},"title":"Polic\u00eda podr\u00eda ser obst\u00e1culo para eliminar las milicias de R\u00edo, Brasil","author":"Chris Dalby","date":"9 de noviembre de 2023","format":false,"excerpt":"El gobierno de Brasil inici\u00f3 una ofensiva contra las milicias, pero la polic\u00eda estatal de R\u00edo de Janeiro podr\u00eda ser un obst\u00e1culo para este proceso.","rel":"","context":"En \u00abNoticias\u00bb","block_context":{"text":"Noticias","link":"https:\/\/insightcrime.org\/es\/category\/noticias\/"},"img":{"alt_text":"Autob\u00fas de R\u00edo de Janeiro que fue incendiado por milicias de Brasil","src":"https:\/\/i0.wp.com\/insightcrime.org\/wp-content\/uploads\/2023\/11\/image_doc-33yv6nw.jpg?fit=350%2C250&quality=100&ssl=1&resize=350%2C200","width":350,"height":200},"classes":[]},{"id":143536,"url":"https:\/\/insightcrime.org\/es\/noticias\/pecar-rezar-empatar-vano-ciclo-violencia-policial-rio\/","url_meta":{"origin":82254,"position":4},"title":"Pecar, rezar y empatar: el vano ciclo de la violencia policial en R\u00edo","author":"Chris Dalby","date":"7 de mayo de 2021","format":false,"excerpt":"Ni siquiera lo que parece ser una masacre por parte de la polic\u00eda podr\u00eda cambiar la din\u00e1mica de la violencia extrajudicial de la polic\u00eda en R\u00edo de Janeiro, Brasil.","rel":"","context":"En \u00abNoticias\u00bb","block_context":{"text":"Noticias","link":"https:\/\/insightcrime.org\/es\/category\/noticias\/"},"img":{"alt_text":"","src":"https:\/\/i0.wp.com\/insightcrime.org\/wp-content\/uploads\/2021\/05\/3e020a87d4bd9a9f10220c0509efb8a0.jpg?fit=350%2C250&quality=100&ssl=1&resize=350%2C200","width":350,"height":200},"classes":[]},{"id":291785,"url":"https:\/\/insightcrime.org\/es\/noticias\/batalla-rio-de-janeiro-comando-rojo-contra-milicias\/","url_meta":{"origin":82254,"position":5},"title":"Batalla por R\u00edo de Janeiro: El Comando Rojo contra las milicias","author":"Lara Loaiza","date":"11 de septiembre de 2024","format":false,"excerpt":"En R\u00edo de Janeiro, Brasil, el balance de poder criminal podr\u00eda estar cambiando. Desde 2022, el Comando Rojo, un notorio grupo criminal con ra\u00edces en las c\u00e1rceles, ha aumentado sus esfuerzos por ganarle territorio a las milicias que han controlado muchos de los barrios m\u00e1s pobres de la ciudad durante\u2026","rel":"","context":"En \u00abNoticias\u00bb","block_context":{"text":"Noticias","link":"https:\/\/insightcrime.org\/es\/category\/noticias\/"},"img":{"alt_text":"Rio security force official stands next to a Red Command graffiti.","src":"https:\/\/i0.wp.com\/insightcrime.org\/wp-content\/uploads\/2024\/09\/rio-cv-resized.jpg?fit=350%2C250&quality=100&ssl=1&resize=350%2C200","width":350,"height":200},"classes":[]}],"jetpack_featured_media_url":"https:\/\/i0.wp.com\/insightcrime.org\/wp-content\/uploads\/2018\/04\/AFM_7530.jpg?fit=2048%2C1364&quality=100&ssl=1","_links":{"self":[{"href":"https:\/\/insightcrime.org\/es\/wp-json\/wp\/v2\/posts\/82254","targetHints":{"allow":["GET"]}}],"collection":[{"href":"https:\/\/insightcrime.org\/es\/wp-json\/wp\/v2\/posts"}],"about":[{"href":"https:\/\/insightcrime.org\/es\/wp-json\/wp\/v2\/types\/post"}],"author":[{"embeddable":true,"href":"https:\/\/insightcrime.org\/es\/wp-json\/wp\/v2\/users\/154"}],"replies":[{"embeddable":true,"href":"https:\/\/insightcrime.org\/es\/wp-json\/wp\/v2\/comments?post=82254"}],"version-history":[{"count":5,"href":"https:\/\/insightcrime.org\/es\/wp-json\/wp\/v2\/posts\/82254\/revisions"}],"predecessor-version":[{"id":82341,"href":"https:\/\/insightcrime.org\/es\/wp-json\/wp\/v2\/posts\/82254\/revisions\/82341"}],"wp:featuredmedia":[{"embeddable":true,"href":"https:\/\/insightcrime.org\/es\/wp-json\/wp\/v2\/media\/82191"}],"wp:attachment":[{"href":"https:\/\/insightcrime.org\/es\/wp-json\/wp\/v2\/media?parent=82254"}],"wp:term":[{"taxonomy":"category","embeddable":true,"href":"https:\/\/insightcrime.org\/es\/wp-json\/wp\/v2\/categories?post=82254"},{"taxonomy":"post_tag","embeddable":true,"href":"https:\/\/insightcrime.org\/es\/wp-json\/wp\/v2\/tags?post=82254"},{"taxonomy":"newspack_spnsrs_tax","embeddable":true,"href":"https:\/\/insightcrime.org\/es\/wp-json\/wp\/v2\/newspack_spnsrs_tax?post=82254"},{"taxonomy":"author","embeddable":true,"href":"https:\/\/insightcrime.org\/es\/wp-json\/wp\/v2\/coauthors?post=82254"}],"curies":[{"name":"wp","href":"https:\/\/api.w.org\/{rel}","templated":true}]}}