{"id":8228,"date":"2015-10-02T20:37:04","date_gmt":"2017-03-28T00:11:41","guid":{"rendered":"http:\/\/newwp.insightcrime.org?p=8228"},"modified":"2023-04-24T15:48:09","modified_gmt":"2023-04-24T20:48:09","slug":"colombia-confirma-muerte-narcoguerrillero-megateo","status":"publish","type":"post","link":"https:\/\/insightcrime.org\/es\/noticias\/noticias-del-dia\/colombia-confirma-muerte-narcoguerrillero-megateo\/","title":{"rendered":"Colombia confirma muerte del narcoguerrillero &#8216;Megateo&#8217;"},"content":{"rendered":"\n<p class=\"wp-block-paragraph\">Las fuerzas de seguridad anunciaron que finalmente abatieron al l\u00edder de un grupo guerrillero dedicado al narcotr\u00e1fico en la frontera con Venezuela, quien hab\u00eda convertido su facci\u00f3n disidente en un grupo narcotraficante y podr\u00eda ser un modelo para otros criminales en el posconflicto en Colombia.<\/p>\n\n\n\n<p class=\"wp-block-paragraph\">El presidente Juan Manuel Santos confirm\u00f3 mediante su cuenta de Twitter que el l\u00edder guerrillero V\u00edctor Ram\u00f3n Navarro Cervano, alias \u201cMegateo\u201d, jefe de la \u00faltima facci\u00f3n del Ej\u00e9rcito Popular de Liberaci\u00f3n (EPL), fue dado de baja en una operaci\u00f3n adelantada por el ej\u00e9rcito y la polic\u00eda en el departamento de Norte de Santander.<\/p>\n\n\n\n<blockquote class=\"wp-block-quote is-layout-flow wp-block-quote-is-layout-flow\">\n<p class=\"wp-block-paragraph\" dir=\"ltr\">Info reciente inteligencia FFAA confirma:Megateo abatido.GRAN GOLPE Felicitaciones! Crim\u00ednales o sometidos a justicia o terminan bajo tierra<\/p>\n\n\n\n<p class=\"wp-block-paragraph\">\u2014 Juan Manuel Santos (@JuanManSantos) <a href=\"https:\/\/twitter.com\/JuanManSantos\/status\/649954634610659328\">October 2, 2015<\/a><\/p>\n<\/blockquote>\n\n\n\n<p class=\"wp-block-paragraph\">En agosto se dijo que Megateo <a href=\"\/noticias\/analisis\/muerte-narcoguerrilla-colombiana\" target=\"_blank\">hab\u00eda muerto durante un ataque<\/a>. Sin embargo, logr\u00f3 escapar gracias a su anillo de escoltas, quienes sufrieron la peor parte del ataque de los militares, <a href=\"https:\/\/www.eltiempo.com\/politica\/justicia\/megateo-la-nueva-estrategia-para-dar-con-su-paradero\/16364179\" target=\"_blank\">seg\u00fan un informe de El Tiempo<\/a>. Una fuerza especial de <a href=\"https:\/\/elpais.com\/elpais\/2015\/08\/19\/inenglish\/1439981193_756381.html\" target=\"_blank\">350 polic\u00edas y militares<\/a> llevaron a cabo una intensa b\u00fasqueda del l\u00edder guerrillero, quien,<a href=\"https:\/\/www.semana.com\/nacion\/articulo\/megateo-otoniel-jefes-de-bacrim-desmovilizados-del-epl\/439488-3\" target=\"_blank\"> seg\u00fan Semana<\/a>, en los \u00faltimos ocho a\u00f1os hab\u00eda logrado evadir 50 operaciones destinadas a capturarlo o abatirlo.<\/p>\n\n\n\n<p class=\"wp-block-paragraph\"><a href=\"https:\/\/www.elcolombiano.com\/murio-alias-megateo-lider-del-epl-en-operativos-en-el-catatumbo-YK2815122\" target=\"_blank\">El Colombiano inform\u00f3<\/a> que Megateo y por lo menos otras dos personas murieron mientras \u00e9l manipulaba una granada que intentaba lanzar contra un helic\u00f3ptero durante un ataque a su campamento. Un an\u00e1lisis de los restos humanos encontrados en el campo de batalla permiti\u00f3 confirmar que Megateo estaba entre los muertos.<\/p>\n\n\n\n<p class=\"wp-block-paragraph\">Megateo dirig\u00eda un grupo armado que alguna vez hizo parte del EPL, grupo que oficialmente se desmoviliz\u00f3 en 1991; sin embargo, algunos de sus integrantes permanecieron activos en cercan\u00edas de la ciudad natal de Megateo, en zona rural de Norte de Santander. A principios del nuevo siglo, Megateo se estableci\u00f3 como el l\u00edder de los remanentes del EPL e intensific\u00f3 su participaci\u00f3n en la producci\u00f3n de coca y en el tr\u00e1fico de coca\u00edna.<\/p>\n\n\n\n<p class=\"wp-block-paragraph\">Megateo obtuvo millonarias ganancias del narcotr\u00e1fico, y era conocido por su afici\u00f3n a las joyas y a las mujeres hermosas. El Departamento de Estado de Estados Unidos tambi\u00e9n lo consideraba un importante narcotraficante en la regi\u00f3n y estaba ofreciendo <a href=\"https:\/\/www.state.gov\/j\/inl\/narc\/rewards\/185786.htm\" target=\"_blank\">una recompensa de US$5 millones<\/a> por informaci\u00f3n que condujera a su captura.<\/p>\n\n\n\n<h3 class=\"wp-block-heading\">An\u00e1lisis de InSight Crime<\/h3>\n\n\n\n<p class=\"wp-block-paragraph\">Gracias a su habilidad para evadir su captura, Megateo era considerado como el \u201cRobin Hood\u201d del Catatumbo, una regi\u00f3n marginada y poco desarrollada, ubicada en la frontera con Venezuela. Logr\u00f3 convertir un peque\u00f1o reducto de un grupo guerrillero extinto en un multimillonario negocio de drogas, actuando como intermediario para otros grupos ilegales involucrados en el tr\u00e1fico de drogas en la regi\u00f3n, como Los Urabe\u00f1os, Los Rastrojos, las Fuerzas Armadas Revolucionarias de Colombia (FARC) y el Ej\u00e9rcito de Liberaci\u00f3n Nacional (ELN).<\/p>\n\n\n\n<p class=\"wp-block-paragraph\"><span style=\"color: #800000\"><strong>VEA TAMBI\u00c9N<\/strong><\/span>: <a href=\"\/noticias-sobre-crimen-organizado-en-colombia\" target=\"_blank\">Noticias y perfiles de Colombia<\/a><\/p>\n\n\n\n<p class=\"wp-block-paragraph\">El gobierno colombiano ha tenido \u00e9xito en su persecuci\u00f3n de l\u00edderes guerrilleros \u2014especialmente los de las FARC\u2014 <a href=\"\/news\/briefs\/20-farc-guerrillas-killed-bomb-raid\" target=\"_blank\">mediante ataques a\u00e9reos<\/a>. El hecho de que le haya tomado tanto tiempo dar de baja a Megateo es un recordatorio de la gran cantidad de recursos que estas operaciones requieren y de que los criminales con fuertes v\u00ednculos con la poblaci\u00f3n local logran mantenerse ocultos.<\/p>\n\n\n\n<p class=\"wp-block-paragraph\">La larga carrera criminal de Megateo podr\u00eda proporcionar un modelo para otros comandantes de las FARC que no est\u00e9n dispuestos a desmovilizarse y abandonar su participaci\u00f3n en el narcotr\u00e1fico, en caso de que las FARC <a href=\"\/noticias\/analisis\/vacios-acuerdo-gobierno-colombia-farc\" target=\"_blank\">firmen un acuerdo de paz<\/a>. Hay una gran posibilidad de que, en un escenario de posconflicto, mandos medios de las FARC sigan el camino de Megateo y se dediquen a dirigir peque\u00f1os imperios criminales en las zonas rurales que el Estado nunca ha controlado.<\/p>\n\n\n\n<p class=\"wp-block-paragraph\">Es poco probable que la ausencia de Megateo afecte el comercio de coca y coca\u00edna en la zona de Norte de Santander que estaba bajo su control. Este es un punto estrat\u00e9gico para el tr\u00e1fico de drogas debido a la proximidad con Venezuela, y aunque no se sabe si Megateo ten\u00eda alg\u00fan posible sucesor dentro del EPL, sus aliados de las FARC y el ELN tienen presencia en la regi\u00f3n y podr\u00edan tomar el control del negocio de la droga.<\/p>\n","protected":false},"excerpt":{"rendered":"<p>Las fuerzas de seguridad anunciaron que finalmente abatieron al l\u00edder de un grupo guerrillero dedicado al narcotr\u00e1fico en la frontera con Venezuela, quien hab\u00eda convertido su facci\u00f3n disidente en un grupo narcotraficante y podr\u00eda ser un modelo para otros criminales en el posconflicto en Colombia.<\/p>\n","protected":false},"author":4,"featured_media":43284,"comment_status":"closed","ping_status":"closed","sticky":false,"template":"","format":"standard","meta":{"newspack_ads_suppress_ads":false,"newspack_popups_has_disabled_popups":false,"newspack_sponsor_sponsorship_scope":"","newspack_sponsor_native_byline_display":"inherit","newspack_sponsor_native_category_display":"inherit","newspack_sponsor_underwriter_style":"inherit","newspack_sponsor_underwriter_placement":"inherit","_EventAllDay":false,"_EventTimezone":"","_EventStartDate":"","_EventEndDate":"","_EventStartDateUTC":"","_EventEndDateUTC":"","_EventShowMap":false,"_EventShowMapLink":false,"_EventURL":"","_EventCost":"","_EventCostDescription":"","_EventCurrencySymbol":"","_EventCurrencyCode":"","_EventCurrencyPosition":"","_EventDateTimeSeparator":"","_EventTimeRangeSeparator":"","_EventOrganizerID":[],"_EventVenueID":[],"_OrganizerEmail":"","_OrganizerPhone":"","_OrganizerWebsite":"","_VenueAddress":"","_VenueCity":"","_VenueCountry":"","_VenueProvince":"","_VenueState":"","_VenueZip":"","_VenuePhone":"","_VenueURL":"","_VenueStateProvince":"","_VenueLat":"","_VenueLng":"","_VenueShowMap":false,"_VenueShowMapLink":false,"_newspack_byline_active":false,"_newspack_byline":"","newspack_hide_updated_date":false,"newspack_show_updated_date":false,"newspack_featured_image_position":"","newspack_post_subtitle":"","newspack_article_summary_title":"Overview:","newspack_article_summary":"","_jetpack_memberships_contains_paid_content":false,"footnotes":""},"categories":[334],"tags":[368,516,502],"newspack_spnsrs_tax":[],"coauthors":[3660],"class_list":["post-8228","post","type-post","status-publish","format-standard","has-post-thumbnail","hentry","category-noticias-del-dia","tag-colombia-pais","tag-el-epl","tag-megateo-epl","entry"],"parsely":{"version":"1.1.0","canonical_url":"https:\/\/insightcrime.org\/es\/noticias\/noticias-del-dia\/colombia-confirma-muerte-narcoguerrillero-megateo\/","smart_links":{"inbound":0,"outbound":0},"traffic_boost_suggestions_count":0,"meta":{"@context":"https:\/\/schema.org","@type":"NewsArticle","headline":"Colombia confirma muerte del narcoguerrillero &#8216;Megateo&#8217;","url":"http:\/\/insightcrime.org\/es\/noticias\/noticias-del-dia\/colombia-confirma-muerte-narcoguerrillero-megateo\/","mainEntityOfPage":{"@type":"WebPage","@id":"http:\/\/insightcrime.org\/es\/noticias\/noticias-del-dia\/colombia-confirma-muerte-narcoguerrillero-megateo\/"},"thumbnailUrl":"https:\/\/i0.wp.com\/insightcrime.org\/wp-content\/uploads\/2015\/10\/es-15-10-02-Colombia-megateo2.jpg?resize=150%2C144&quality=100&ssl=1","image":{"@type":"ImageObject","url":"https:\/\/i0.wp.com\/insightcrime.org\/wp-content\/uploads\/2015\/10\/es-15-10-02-Colombia-megateo2.jpg?fit=250%2C144&quality=100&ssl=1"},"articleSection":"Noticias del d\u00eda","author":[{"@type":"Person","name":"Elyssa Pachico"}],"creator":["Elyssa Pachico"],"publisher":{"@type":"Organization","name":"InSight Crime","logo":"https:\/\/insightcrime.org\/wp-content\/uploads\/2023\/08\/logo.png"},"keywords":["colombia","epl","megateo"],"dateCreated":"2017-03-28T00:11:41Z","datePublished":"2017-03-28T00:11:41Z","dateModified":"2023-04-24T20:48:09Z"},"rendered":"<meta name=\"parsely-title\" content=\"Colombia confirma muerte del narcoguerrillero &#8216;Megateo&#8217;\" \/>\n<meta name=\"parsely-link\" content=\"http:\/\/insightcrime.org\/es\/noticias\/noticias-del-dia\/colombia-confirma-muerte-narcoguerrillero-megateo\/\" \/>\n<meta name=\"parsely-type\" content=\"post\" \/>\n<meta name=\"parsely-image-url\" content=\"https:\/\/i0.wp.com\/insightcrime.org\/wp-content\/uploads\/2015\/10\/es-15-10-02-Colombia-megateo2.jpg?resize=150%2C144&amp;quality=100&amp;ssl=1\" \/>\n<meta name=\"parsely-pub-date\" content=\"2017-03-28T00:11:41Z\" \/>\n<meta name=\"parsely-section\" content=\"Noticias del d\u00eda\" \/>\n<meta name=\"parsely-tags\" content=\"colombia,epl,megateo\" \/>\n<meta name=\"parsely-author\" content=\"Elyssa Pachico\" \/>","tracker_url":"https:\/\/cdn.parsely.com\/keys\/insightcrime.org\/p.js"},"jetpack_sharing_enabled":true,"jetpack-related-posts":[{"id":80009,"url":"https:\/\/insightcrime.org\/es\/noticias-crimen-organizado-colombia\/epl\/","url_meta":{"origin":8228,"position":0},"title":"EPL","author":"InSight Crime","date":"29 de julio de 2024","format":false,"excerpt":"Lo que se conoce hoy en d\u00eda como el Ej\u00e9rcito de Liberaci\u00f3n Popular (EPL) o Los Pelusos, es un grupo disidente del Frente Libardo Mora del EPL que no se desmoviliz\u00f3 con el resto de la guerrilla en 1991. Su principal centro de operaciones se encuentra en la regi\u00f3n fronteriza\u2026","rel":"","context":"En \u00abColombia\u00bb","block_context":{"text":"Colombia","link":"https:\/\/insightcrime.org\/es\/category\/noticias-crimen-organizado-colombia\/"},"img":{"alt_text":"Ej\u00e9rcito Popular de Liberaci\u00f3n (EPL)","src":"https:\/\/i0.wp.com\/insightcrime.org\/wp-content\/uploads\/2026\/06\/Grupo-Criminal-Ejercito-Popular-de-Liberacion-EPL.jpg?fit=1200%2C900&quality=100&ssl=1&resize=350%2C200","width":350,"height":200,"srcset":"https:\/\/i0.wp.com\/insightcrime.org\/wp-content\/uploads\/2026\/06\/Grupo-Criminal-Ejercito-Popular-de-Liberacion-EPL.jpg?fit=1200%2C900&quality=100&ssl=1&resize=350%2C200 1x, https:\/\/i0.wp.com\/insightcrime.org\/wp-content\/uploads\/2026\/06\/Grupo-Criminal-Ejercito-Popular-de-Liberacion-EPL.jpg?fit=1200%2C900&quality=100&ssl=1&resize=525%2C300 1.5x, https:\/\/i0.wp.com\/insightcrime.org\/wp-content\/uploads\/2026\/06\/Grupo-Criminal-Ejercito-Popular-de-Liberacion-EPL.jpg?fit=1200%2C900&quality=100&ssl=1&resize=700%2C400 2x, https:\/\/i0.wp.com\/insightcrime.org\/wp-content\/uploads\/2026\/06\/Grupo-Criminal-Ejercito-Popular-de-Liberacion-EPL.jpg?fit=1200%2C900&quality=100&ssl=1&resize=1050%2C600 3x"},"classes":[]},{"id":141267,"url":"https:\/\/insightcrime.org\/es\/noticias\/decision-anunciaria-caida-epl-colombia\/","url_meta":{"origin":8228,"position":1},"title":"Decisi\u00f3n anuncia la ca\u00edda del EPL como amenaza en Colombia","author":"Juan Diego C\u00e1rdenas","date":"19 de abril de 2021","format":false,"excerpt":"La decisi\u00f3n de bajar de categor\u00eda al EPL, una de las amenazas criminales de m\u00e1s vieja data en Colombia, demuestra la preocupante rapidez con la que el grupo se debilita en una espiral en picada.","rel":"","context":"En \u00abNoticias\u00bb","block_context":{"text":"Noticias","link":"https:\/\/insightcrime.org\/es\/category\/noticias\/"},"img":{"alt_text":"","src":"","width":0,"height":0},"classes":[]},{"id":7015,"url":"https:\/\/insightcrime.org\/es\/noticias-crimen-organizado-colombia\/farc-perfil\/","url_meta":{"origin":8228,"position":2},"title":"FARC","author":"InSight Crime","date":"23 de noviembre de 2023","format":false,"excerpt":"Las Fuerzas Armadas Revolucionarias de Colombia (FARC) fueron el mayor ej\u00e9rcito irregular de Colombia. Operaron en varias regiones del pa\u00eds en busca de recursos para financiar su guerra de casi 50 a\u00f1os contra el Estado. Las FARC fueron el grupo guerrillero m\u00e1s antiguo e importante del hemisferio occidental y durante\u2026","rel":"","context":"En \u00abColombia\u00bb","block_context":{"text":"Colombia","link":"https:\/\/insightcrime.org\/es\/category\/noticias-crimen-organizado-colombia\/"},"img":{"alt_text":"","src":"","width":0,"height":0},"classes":[]},{"id":292387,"url":"https:\/\/insightcrime.org\/es\/noticias\/atentado-eln-destruye-posibilidades-paz-mientras-guerrilla-fortalece\/","url_meta":{"origin":8228,"position":3},"title":"Atentado del ELN destruye las posibilidades de paz mientras la guerrilla se fortalece","author":"Henry Shuldiner","date":"18 de septiembre de 2024","format":false,"excerpt":"El gobierno de Colombia ha puesto fin a las conversaciones de paz con el principal grupo guerrillero del pa\u00eds, tras un ataque contra una base militar, extinguiendo las perspectivas de llegar a un acuerdo con el grupo y dej\u00e1ndolo m\u00e1s fuerte que cuando se iniciaron las negociaciones.","rel":"","context":"En \u00abNoticias\u00bb","block_context":{"text":"Noticias","link":"https:\/\/insightcrime.org\/es\/category\/noticias\/"},"img":{"alt_text":"ELN Guerrillas attacked a military base in Puerto Jord\u00e1n, Arauca, launching explosives from a dump truck.","src":"https:\/\/i0.wp.com\/insightcrime.org\/wp-content\/uploads\/2024\/09\/24-09-18-Colombia-ELN-Arauca-Ejercito-11.jpg?fit=350%2C250&quality=100&ssl=1&resize=350%2C200","width":350,"height":200},"classes":[]},{"id":209122,"url":"https:\/\/insightcrime.org\/es\/noticias\/otoniel-se-declara-culpable-adios-al-ultimo-capo-de-colombia\/","url_meta":{"origin":8228,"position":4},"title":"Otoniel se declara culpable: adi\u00f3s a la vieja guardia de capos de Colombia","author":"Juan Diego Posada","date":"26 de enero de 2023","format":false,"excerpt":"Otoniel, el antiguo jefe de los Urabe\u00f1os, se declar\u00f3 culpable de varios delitos ante una jueza en Estados Unidos. Su declaraci\u00f3n pone fin a una era dominada por los capos de Colombia en el narcotr\u00e1fico mundial. El bajo mundo criminal de Colombia ya no est\u00e1 dominado por poderosos capos de\u2026","rel":"","context":"En \u00abNoticias\u00bb","block_context":{"text":"Noticias","link":"https:\/\/insightcrime.org\/es\/category\/noticias\/"},"img":{"alt_text":"","src":"https:\/\/i0.wp.com\/insightcrime.org\/wp-content\/uploads\/2023\/01\/Colombia-police-escort-Dairo-Antonio-Usuga-Otoniel-May-2022-AP23025714047594-A2.jpg?fit=1200%2C690&quality=100&ssl=1&resize=350%2C200","width":350,"height":200,"srcset":"https:\/\/i0.wp.com\/insightcrime.org\/wp-content\/uploads\/2023\/01\/Colombia-police-escort-Dairo-Antonio-Usuga-Otoniel-May-2022-AP23025714047594-A2.jpg?fit=1200%2C690&quality=100&ssl=1&resize=350%2C200 1x, https:\/\/i0.wp.com\/insightcrime.org\/wp-content\/uploads\/2023\/01\/Colombia-police-escort-Dairo-Antonio-Usuga-Otoniel-May-2022-AP23025714047594-A2.jpg?fit=1200%2C690&quality=100&ssl=1&resize=525%2C300 1.5x, https:\/\/i0.wp.com\/insightcrime.org\/wp-content\/uploads\/2023\/01\/Colombia-police-escort-Dairo-Antonio-Usuga-Otoniel-May-2022-AP23025714047594-A2.jpg?fit=1200%2C690&quality=100&ssl=1&resize=700%2C400 2x, https:\/\/i0.wp.com\/insightcrime.org\/wp-content\/uploads\/2023\/01\/Colombia-police-escort-Dairo-Antonio-Usuga-Otoniel-May-2022-AP23025714047594-A2.jpg?fit=1200%2C690&quality=100&ssl=1&resize=1050%2C600 3x"},"classes":[]},{"id":233348,"url":"https:\/\/insightcrime.org\/es\/noticias-crimen-organizado-colombia\/eln-colombia\/","url_meta":{"origin":8228,"position":5},"title":"Ej\u00e9rcito de Liberaci\u00f3n Nacional (ELN)","author":"InSight Crime","date":"12 de agosto de 2026","format":false,"excerpt":"Ej\u00e9rcito de Liberaci\u00f3n Nacional (ELN): qui\u00e9nes lo lideran, d\u00f3nde opera y c\u00f3mo se financia. Perfil completo y actualizado en 2026.","rel":"","context":"En \u00abColombia\u00bb","block_context":{"text":"Colombia","link":"https:\/\/insightcrime.org\/es\/category\/noticias-crimen-organizado-colombia\/"},"img":{"alt_text":"Ej\u00e9rcito de Liberaci\u00f3n Nacional (ELN), Colombia.","src":"https:\/\/i0.wp.com\/insightcrime.org\/wp-content\/uploads\/2026\/07\/Grupo-Criminal-ELN.jpg?fit=1200%2C900&quality=100&ssl=1&resize=350%2C200","width":350,"height":200,"srcset":"https:\/\/i0.wp.com\/insightcrime.org\/wp-content\/uploads\/2026\/07\/Grupo-Criminal-ELN.jpg?fit=1200%2C900&quality=100&ssl=1&resize=350%2C200 1x, https:\/\/i0.wp.com\/insightcrime.org\/wp-content\/uploads\/2026\/07\/Grupo-Criminal-ELN.jpg?fit=1200%2C900&quality=100&ssl=1&resize=525%2C300 1.5x, https:\/\/i0.wp.com\/insightcrime.org\/wp-content\/uploads\/2026\/07\/Grupo-Criminal-ELN.jpg?fit=1200%2C900&quality=100&ssl=1&resize=700%2C400 2x, https:\/\/i0.wp.com\/insightcrime.org\/wp-content\/uploads\/2026\/07\/Grupo-Criminal-ELN.jpg?fit=1200%2C900&quality=100&ssl=1&resize=1050%2C600 3x"},"classes":[]}],"jetpack_featured_media_url":"https:\/\/i0.wp.com\/insightcrime.org\/wp-content\/uploads\/2015\/10\/es-15-10-02-Colombia-megateo2.jpg?fit=250%2C144&quality=100&ssl=1","_links":{"self":[{"href":"https:\/\/insightcrime.org\/es\/wp-json\/wp\/v2\/posts\/8228","targetHints":{"allow":["GET"]}}],"collection":[{"href":"https:\/\/insightcrime.org\/es\/wp-json\/wp\/v2\/posts"}],"about":[{"href":"https:\/\/insightcrime.org\/es\/wp-json\/wp\/v2\/types\/post"}],"author":[{"embeddable":true,"href":"https:\/\/insightcrime.org\/es\/wp-json\/wp\/v2\/users\/4"}],"replies":[{"embeddable":true,"href":"https:\/\/insightcrime.org\/es\/wp-json\/wp\/v2\/comments?post=8228"}],"version-history":[{"count":1,"href":"https:\/\/insightcrime.org\/es\/wp-json\/wp\/v2\/posts\/8228\/revisions"}],"predecessor-version":[{"id":25388,"href":"https:\/\/insightcrime.org\/es\/wp-json\/wp\/v2\/posts\/8228\/revisions\/25388"}],"wp:featuredmedia":[{"embeddable":true,"href":"https:\/\/insightcrime.org\/es\/wp-json\/wp\/v2\/media\/43284"}],"wp:attachment":[{"href":"https:\/\/insightcrime.org\/es\/wp-json\/wp\/v2\/media?parent=8228"}],"wp:term":[{"taxonomy":"category","embeddable":true,"href":"https:\/\/insightcrime.org\/es\/wp-json\/wp\/v2\/categories?post=8228"},{"taxonomy":"post_tag","embeddable":true,"href":"https:\/\/insightcrime.org\/es\/wp-json\/wp\/v2\/tags?post=8228"},{"taxonomy":"newspack_spnsrs_tax","embeddable":true,"href":"https:\/\/insightcrime.org\/es\/wp-json\/wp\/v2\/newspack_spnsrs_tax?post=8228"},{"taxonomy":"author","embeddable":true,"href":"https:\/\/insightcrime.org\/es\/wp-json\/wp\/v2\/coauthors?post=8228"}],"curies":[{"name":"wp","href":"https:\/\/api.w.org\/{rel}","templated":true}]}}