{"id":8254,"date":"2015-10-13T16:05:24","date_gmt":"2017-03-28T00:11:51","guid":{"rendered":"http:\/\/newwp.insightcrime.org?p=8254"},"modified":"2023-04-24T15:48:18","modified_gmt":"2023-04-24T20:48:18","slug":"arrestos-sao-paulo-apuntan-nuevo-ciclo-asesinatos-venganza","status":"publish","type":"post","link":"https:\/\/insightcrime.org\/es\/noticias\/noticias-del-dia\/arrestos-sao-paulo-apuntan-nuevo-ciclo-asesinatos-venganza\/","title":{"rendered":"Arrestos en S\u00e3o Paulo apuntan a nuevo ciclo de asesinatos por venganza"},"content":{"rendered":"\n<p class=\"wp-block-paragraph\">Nueve polic\u00edas fueron arrestados recientemente bajo sospecha de participar en una matanza indiscriminada en S\u00e3o Paulo, lo que genera preocupaciones de un nuevo ciclo de vendettas entre polic\u00edas y criminales en Brasil.<\/p>\n\n\n\n<p class=\"wp-block-paragraph\">Los arrestos se produjeron el 8 de octubre en una operaci\u00f3n en la cual participaron m\u00e1s de 400 agentes de la polic\u00eda en todo S\u00e3o Paulo,<a href=\"https:\/\/www.bbc.com\/news\/world-latin-america-34483142\" target=\"_blank\"> inform\u00f3 la BBC<\/a>. Los agentes detenidos son sospechosos de haber participado en un tiroteo que dej\u00f3 19 muertos en las afueras de S\u00e3o Paulo en agosto.<\/p>\n\n\n\n<p class=\"wp-block-paragraph\">Los tiroteos tuvieron lugar durante varias horas en al menos 10 lugares diferentes,<a href=\"https:\/\/g1.globo.com\/sao-paulo\/noticia\/2015\/10\/policia-faz-operacao-para-prender-5-suspeitos-de-chacina-na-grande-sp.html\" target=\"_blank\"> seg\u00fan medios locales<\/a>. Los testigos dicen que los asesinatos fueron perpetrados por pistoleros enmascarados que viajan en carro, quienes en algunos casos preguntaban los nombres de las v\u00edctimas y si ten\u00edan antecedentes penales antes de abrir fuego.<\/p>\n\n\n\n<p class=\"wp-block-paragraph\"><a href=\"https:\/\/ultimosegundo.ig.com.br\/brasil\/2015-10-08\/policia-prende-grupo-suspeito-de-participar-de-chacina-em-sao-paulo.html\" target=\"_blank\">Las autoridades creen <\/a>que los asesinatos se dieron en represalia por el asesinato de un oficial de la polic\u00eda militar a principios de agosto por criminales que estaban robando una gasolinera.<\/p>\n\n\n\n<p class=\"wp-block-paragraph\"><a href=\"https:\/\/noticias.ne10.uol.com.br\/brasil\/noticia\/2015\/10\/08\/policia-realiza-operacao-para-prender-suspeitos-de-chacina-na-grande-sp-573476.php\" target=\"_blank\">Seg\u00fan Folhapress<\/a>, las autoridades tambi\u00e9n tienen evidencia que vincula el mismo grupo de agentes detenidos \u2014que se compone de miembros de la polic\u00eda civil y la polic\u00eda militar\u2014 a otras 13 muertes recientes, con lo que se sospecha que el n\u00famero total de asesinatos perpetrados por el grupo es de 32.<\/p>\n\n\n\n<h3 class=\"wp-block-heading\">An\u00e1lisis de InSight Crime<\/h3>\n\n\n\n<p class=\"wp-block-paragraph\">Esta reciente oleada de asesinatos suscita el temor de un nuevo ciclo de muertes por venganza entre polic\u00edas y criminales, algo que ya se vio en <a href=\"\/noticias\/noticias-del-dia\/pandillas-rio-guerra-policia\" target=\"_blank\">varias ciudades importantes<\/a> de todo Brasil. En la ciudad amaz\u00f3nica de Manaos, la polic\u00eda <a href=\"https:\/\/www.nytimes.com\/2015\/07\/21\/world\/americas\/suspicion-falls-on-the-police-after-dozens-of-execution-style-killings-in-brazil.html?_r=1\" target=\"_blank\">fue sospechosa de haber participado<\/a> en una matanza en julio que tambi\u00e9n se pens\u00f3, fue en represalia por el asesinato de un oficial de polic\u00eda. Esta creciente agresi\u00f3n entre la polic\u00eda y las pandillas ha contribuido a una <a href=\"\/noticias\/analisis\/por-que-mata-la-policia-brasilena\" target=\"_blank\">cultura generalizada de violencia<\/a> dentro de las fuerzas de seguridad brasile\u00f1as.<\/p>\n\n\n\n<p class=\"wp-block-paragraph\"><strong><span style=\"color: #800000\">VEA TAMBI\u00c9N<\/span><\/strong>: <a href=\"\/noticias-sobre-crimen-organizado-en-brasil\" target=\"_blank\">Noticias y perfiles de Brasil<\/a><\/p>\n\n\n\n<p class=\"wp-block-paragraph\">Aunque la violencia policial es un problema de larga data en Brasil, parece que se ha convertido en una amenaza mayor para la situaci\u00f3n general de seguridad del pa\u00eds en los \u00faltimos a\u00f1os. Seg\u00fan una organizaci\u00f3n no gubernamental (ONG), los homicidios cometidos por la polic\u00eda<a href=\"\/noticias\/noticias-del-dia\/ejecuciones-policiales-brasil-aumentan-37\" target=\"_blank\"> aumentaron 37 por ciento en 2014<\/a>, a pesar de que los homicidios totales subieron s\u00f3lo un cinco por ciento. Las estad\u00edsticas oficiales muestran tambi\u00e9n que los homicidios cometidos por la polic\u00eda de S\u00e3o Paulo en 2015 se encuentran en <a href=\"\/noticias\/noticias-del-dia\/asesinatos-policiales-sao-paulo-alcanzan-maximo-diez-anos\" target=\"_blank\">un punto m\u00e1ximo en los \u00faltimos 10 a\u00f1os<\/a>.<\/p>\n\n\n\n<p class=\"wp-block-paragraph\">La polic\u00eda militar, en particular, a menudo ha sido la perpetradora de <a href=\"\/noticias\/noticias-del-dia\/estuvo-la-policia-de-brasil-detras-de-la-oleada-de-asesinatos\" target=\"_blank\">violencia y asesinatos extrajudiciales<\/a>. <a href=\"\/noticias\/noticias-del-dia\/policia-militar-sao-paulo-matado-10000-personas-20-anos-estudio\" target=\"_blank\">Un informe de 2014 realizado por una ONG local<\/a>, encontr\u00f3 a la polic\u00eda militar responsable de 1.567 muertes de civiles s\u00f3lo en 2013,<a href=\"\/noticias\/noticias-del-dia\/policia-militar-sao-paulo-matado-10000-personas-20-anos-estudio\" target=\"_blank\"> mientras que otro estudio reciente<\/a> concluy\u00f3 que la polic\u00eda militar de S\u00e3o Paulo ha matado al menos a 10.000 personas desde 1995.<\/p>\n","protected":false},"excerpt":{"rendered":"<p>Nueve polic\u00edas fueron arrestados recientemente bajo sospecha de participar en una matanza indiscriminada en S\u00e3o Paulo, lo que genera preocupaciones de un nuevo ciclo de vendettas entre polic\u00edas y criminales en Brasil.<\/p>\n","protected":false},"author":25,"featured_media":43330,"comment_status":"closed","ping_status":"closed","sticky":false,"template":"","format":"standard","meta":{"newspack_ads_suppress_ads":false,"newspack_popups_has_disabled_popups":false,"newspack_sponsor_sponsorship_scope":"","newspack_sponsor_native_byline_display":"inherit","newspack_sponsor_native_category_display":"inherit","newspack_sponsor_underwriter_style":"inherit","newspack_sponsor_underwriter_placement":"inherit","_EventAllDay":false,"_EventTimezone":"","_EventStartDate":"","_EventEndDate":"","_EventStartDateUTC":"","_EventEndDateUTC":"","_EventShowMap":false,"_EventShowMapLink":false,"_EventURL":"","_EventCost":"","_EventCostDescription":"","_EventCurrencySymbol":"","_EventCurrencyCode":"","_EventCurrencyPosition":"","_EventDateTimeSeparator":"","_EventTimeRangeSeparator":"","_EventOrganizerID":[],"_EventVenueID":[],"_OrganizerEmail":"","_OrganizerPhone":"","_OrganizerWebsite":"","_VenueAddress":"","_VenueCity":"","_VenueCountry":"","_VenueProvince":"","_VenueState":"","_VenueZip":"","_VenuePhone":"","_VenueURL":"","_VenueStateProvince":"","_VenueLat":"","_VenueLng":"","_VenueShowMap":false,"_VenueShowMapLink":false,"_newspack_byline_active":false,"_newspack_byline":"","newspack_hide_updated_date":false,"newspack_show_updated_date":false,"newspack_featured_image_position":"","newspack_post_subtitle":"","newspack_article_summary_title":"Overview:","newspack_article_summary":"","_jetpack_memberships_contains_paid_content":false,"footnotes":""},"categories":[334],"tags":[405,457],"newspack_spnsrs_tax":[],"coauthors":[3872],"class_list":["post-8254","post","type-post","status-publish","format-standard","has-post-thumbnail","hentry","category-noticias-del-dia","tag-brasil","tag-reforma-policial","entry"],"parsely":{"version":"1.1.0","canonical_url":"https:\/\/insightcrime.org\/es\/noticias\/noticias-del-dia\/arrestos-sao-paulo-apuntan-nuevo-ciclo-asesinatos-venganza\/","smart_links":{"inbound":0,"outbound":0},"traffic_boost_suggestions_count":0,"meta":{"@context":"https:\/\/schema.org","@type":"NewsArticle","headline":"Arrestos en S\u00e3o Paulo apuntan a nuevo ciclo de asesinatos por venganza","url":"http:\/\/insightcrime.org\/es\/noticias\/noticias-del-dia\/arrestos-sao-paulo-apuntan-nuevo-ciclo-asesinatos-venganza\/","mainEntityOfPage":{"@type":"WebPage","@id":"http:\/\/insightcrime.org\/es\/noticias\/noticias-del-dia\/arrestos-sao-paulo-apuntan-nuevo-ciclo-asesinatos-venganza\/"},"thumbnailUrl":"https:\/\/i0.wp.com\/insightcrime.org\/wp-content\/uploads\/2015\/10\/es-15-10-12-Brazil-SaoPauloPolice.jpeg?resize=150%2C150&quality=100&ssl=1","image":{"@type":"ImageObject","url":"https:\/\/i0.wp.com\/insightcrime.org\/wp-content\/uploads\/2015\/10\/es-15-10-12-Brazil-SaoPauloPolice.jpeg?fit=250%2C167&quality=100&ssl=1"},"articleSection":"Noticias del d\u00eda","author":[{"@type":"Person","name":"Michael Lohmuller"}],"creator":["Michael Lohmuller"],"publisher":{"@type":"Organization","name":"InSight Crime","logo":"https:\/\/insightcrime.org\/wp-content\/uploads\/2023\/08\/logo.png"},"keywords":["brasil","reforma policial"],"dateCreated":"2017-03-28T00:11:51Z","datePublished":"2017-03-28T00:11:51Z","dateModified":"2023-04-24T20:48:18Z"},"rendered":"<meta name=\"parsely-title\" content=\"Arrestos en S\u00e3o Paulo apuntan a nuevo ciclo de asesinatos por venganza\" \/>\n<meta name=\"parsely-link\" content=\"http:\/\/insightcrime.org\/es\/noticias\/noticias-del-dia\/arrestos-sao-paulo-apuntan-nuevo-ciclo-asesinatos-venganza\/\" \/>\n<meta name=\"parsely-type\" content=\"post\" \/>\n<meta name=\"parsely-image-url\" content=\"https:\/\/i0.wp.com\/insightcrime.org\/wp-content\/uploads\/2015\/10\/es-15-10-12-Brazil-SaoPauloPolice.jpeg?resize=150%2C150&amp;quality=100&amp;ssl=1\" \/>\n<meta name=\"parsely-pub-date\" content=\"2017-03-28T00:11:51Z\" \/>\n<meta name=\"parsely-section\" content=\"Noticias del d\u00eda\" \/>\n<meta name=\"parsely-tags\" content=\"brasil,reforma policial\" \/>\n<meta name=\"parsely-author\" content=\"Michael Lohmuller\" \/>","tracker_url":"https:\/\/cdn.parsely.com\/keys\/insightcrime.org\/p.js"},"jetpack_sharing_enabled":true,"jetpack-related-posts":[{"id":151050,"url":"https:\/\/insightcrime.org\/es\/news\/policia-sao-paulo-equipada-camaras-no-causo-muertes-junio\/","url_meta":{"origin":8254,"position":0},"title":"Polic\u00eda de S\u00e3o Paulo equipada con c\u00e1maras no caus\u00f3 muertes en junio","author":"Chris Dalby","date":"14 de julio de 2021","format":false,"excerpt":"Los homicidios asociados a varias unidades de la polic\u00eda militar en S\u00e3o Paulo cayeron a cero en junio de 2021 gracias a una simple innovaci\u00f3n: las c\u00e1maras corporales.","rel":"","context":"En \u00abNews\u00bb","block_context":{"text":"News","link":"https:\/\/insightcrime.org\/category\/news\/"},"img":{"alt_text":"A military police officer in S\u00e3o Paulo with his body camera on","src":"https:\/\/i0.wp.com\/insightcrime.org\/wp-content\/uploads\/2021\/07\/camara-policia.jpg?fit=350%2C250&quality=100&ssl=1&resize=350%2C200","width":350,"height":200},"classes":[]},{"id":270784,"url":"https:\/\/insightcrime.org\/es\/noticias\/brasil-tacticas-policiales-recicladas-dan-mismos-resultados\/","url_meta":{"origin":8254,"position":1},"title":"En Brasil, t\u00e1cticas policiales recicladas dan los mismos resultados","author":"Christopher Newton","date":"14 de marzo de 2024","format":false,"excerpt":"Los asesinatos a manos de la polic\u00eda aumentaron dr\u00e1sticamente en el estado de S\u00e3o Paulo, Brasil, en los dos primeros meses de 2024, mientras las autoridades siguen confiando en las t\u00e1cticas represivas para intentar frenar la delincuencia, una estrategia que a\u00fan no ha dado resultados a largo plazo.","rel":"","context":"En \u00abNoticias\u00bb","block_context":{"text":"Noticias","link":"https:\/\/insightcrime.org\/es\/category\/noticias\/"},"img":{"alt_text":"Protest against civilian deaths under Operation Shield, in Baixada Santista. \nManifestaci\u00f3n contra las muertes provocadas por la Operaci\u00f3n Escudo, en la Baixada Santista. ","src":"https:\/\/i0.wp.com\/insightcrime.org\/wp-content\/uploads\/2024\/03\/brazil-operation-shield-police-violence-security-police-AFP.jpg?fit=350%2C250&quality=100&ssl=1&resize=350%2C200","width":350,"height":200},"classes":[]},{"id":188456,"url":"https:\/\/insightcrime.org\/es\/noticias\/policia-sao-paulo-decomisa-potente-quimico-cortar-cocaina-crack\/","url_meta":{"origin":8254,"position":2},"title":"Polic\u00eda de S\u00e3o Paulo decomisa potente qu\u00edmico para cortar coca\u00edna y crack","author":"Peter Appleby","date":"14 de junio de 2022","format":false,"excerpt":"La polic\u00eda de S\u00e3o Paulo, Brasil, decomis\u00f3 un cargamento de un qu\u00edmico con aplicaciones industriales que se est\u00e1 usando como novedoso agente de corte en las etapas finales de la producci\u00f3n de crack y coca\u00edna.","rel":"","context":"En \u00abNoticias\u00bb","block_context":{"text":"Noticias","link":"https:\/\/insightcrime.org\/es\/category\/noticias\/"},"img":{"alt_text":"","src":"","width":0,"height":0},"classes":[]},{"id":85506,"url":"https:\/\/insightcrime.org\/es\/noticias-crimen-organizado-brasil\/marcos-willians-herbas-camacho-alias-marcola\/","url_meta":{"origin":8254,"position":3},"title":"Marcos Willians Herbas Camacho, alias \u201cMarcola\u201d","author":"InSight Crime","date":"15 de octubre de 2025","format":false,"excerpt":"Marcos Willians Herbas Camacho, conocido por los alias \"Marcola\" y \"Playboy\", ha sido el m\u00e1ximo l\u00edder de la organizaci\u00f3n m\u00e1s grande y poderosa de Brasil, el Primer Comando Capital (PCC), desde el a\u00f1o 2002. Marcola gan\u00f3 reconocimiento en el mundo del hampa de S\u00e3o Paulo a finales de los noventa\u2026","rel":"","context":"En \u00abBrasil\u00bb","block_context":{"text":"Brasil","link":"https:\/\/insightcrime.org\/es\/category\/noticias-crimen-organizado-brasil\/"},"img":{"alt_text":"","src":"https:\/\/i0.wp.com\/insightcrime.org\/wp-content\/uploads\/2026\/06\/Perfil-Criminal-Alias-Marcola-1.jpg?fit=1200%2C900&quality=100&ssl=1&resize=350%2C200","width":350,"height":200,"srcset":"https:\/\/i0.wp.com\/insightcrime.org\/wp-content\/uploads\/2026\/06\/Perfil-Criminal-Alias-Marcola-1.jpg?fit=1200%2C900&quality=100&ssl=1&resize=350%2C200 1x, https:\/\/i0.wp.com\/insightcrime.org\/wp-content\/uploads\/2026\/06\/Perfil-Criminal-Alias-Marcola-1.jpg?fit=1200%2C900&quality=100&ssl=1&resize=525%2C300 1.5x, https:\/\/i0.wp.com\/insightcrime.org\/wp-content\/uploads\/2026\/06\/Perfil-Criminal-Alias-Marcola-1.jpg?fit=1200%2C900&quality=100&ssl=1&resize=700%2C400 2x, https:\/\/i0.wp.com\/insightcrime.org\/wp-content\/uploads\/2026\/06\/Perfil-Criminal-Alias-Marcola-1.jpg?fit=1200%2C900&quality=100&ssl=1&resize=1050%2C600 3x"},"classes":[]},{"id":296384,"url":"https:\/\/insightcrime.org\/es\/noticias\/asesinato-aeropuerto-brasil-revela-fallas-proteccion-informantes\/","url_meta":{"origin":8254,"position":4},"title":"Asesinato en aeropuerto de Brasil revela fallas para la protecci\u00f3n de informantes\u00a0","author":"Alejandra Rodriguez","date":"21 de noviembre de 2024","format":false,"excerpt":"El asesinato de un informante de las autoridades en S\u00e3o Paulo ha expuesto fallas en el sistema de protecci\u00f3n de personas protegidas, lo que dificulta el trabajo de las autoridades para desmantelar organizaci\u00f3nes criminales.","rel":"","context":"En \u00abNoticias\u00bb","block_context":{"text":"Noticias","link":"https:\/\/insightcrime.org\/es\/category\/noticias\/"},"img":{"alt_text":"Agentes de polic\u00eda en la escena del crimen en el aeropuerto de S\u00e3o Paulo. Cr\u00e9dito: Miguel Schincariol\/AFP\/Getty Images","src":"https:\/\/i0.wp.com\/insightcrime.org\/wp-content\/uploads\/2024\/11\/3543.jpg-2-scaled.webp?fit=1200%2C720&quality=100&ssl=1&resize=350%2C200","width":350,"height":200,"srcset":"https:\/\/i0.wp.com\/insightcrime.org\/wp-content\/uploads\/2024\/11\/3543.jpg-2-scaled.webp?fit=1200%2C720&quality=100&ssl=1&resize=350%2C200 1x, https:\/\/i0.wp.com\/insightcrime.org\/wp-content\/uploads\/2024\/11\/3543.jpg-2-scaled.webp?fit=1200%2C720&quality=100&ssl=1&resize=525%2C300 1.5x, https:\/\/i0.wp.com\/insightcrime.org\/wp-content\/uploads\/2024\/11\/3543.jpg-2-scaled.webp?fit=1200%2C720&quality=100&ssl=1&resize=700%2C400 2x, https:\/\/i0.wp.com\/insightcrime.org\/wp-content\/uploads\/2024\/11\/3543.jpg-2-scaled.webp?fit=1200%2C720&quality=100&ssl=1&resize=1050%2C600 3x"},"classes":[]},{"id":295129,"url":"https:\/\/insightcrime.org\/es\/noticias\/dinero-violencia-crimen-organizado-controlar-elecciones-municipales-brasil\/","url_meta":{"origin":8254,"position":5},"title":"Dinero y violencia: El crimen organizado lucha por controlar las elecciones municipales en Brasil","author":"Lara Loaiza","date":"25 de octubre de 2024","format":false,"excerpt":"Con la segunda vuelta de las elecciones municipales de Brasil programada para el 27 de octubre, los grupos criminales est\u00e1n utilizando nuevos m\u00e9todos financieros para influir en los resultados, adem\u00e1s de la violencia que han empleado tradicionalmente para intervenir en la escena pol\u00edtica.","rel":"","context":"En \u00abNoticias\u00bb","block_context":{"text":"Noticias","link":"https:\/\/insightcrime.org\/es\/category\/noticias\/"},"img":{"alt_text":"","src":"https:\/\/i0.wp.com\/insightcrime.org\/wp-content\/uploads\/2024\/10\/Data-InSights-Electoral-Violence-Oct-2024.jpg?fit=1200%2C690&quality=100&ssl=1&resize=350%2C200","width":350,"height":200,"srcset":"https:\/\/i0.wp.com\/insightcrime.org\/wp-content\/uploads\/2024\/10\/Data-InSights-Electoral-Violence-Oct-2024.jpg?fit=1200%2C690&quality=100&ssl=1&resize=350%2C200 1x, https:\/\/i0.wp.com\/insightcrime.org\/wp-content\/uploads\/2024\/10\/Data-InSights-Electoral-Violence-Oct-2024.jpg?fit=1200%2C690&quality=100&ssl=1&resize=525%2C300 1.5x, https:\/\/i0.wp.com\/insightcrime.org\/wp-content\/uploads\/2024\/10\/Data-InSights-Electoral-Violence-Oct-2024.jpg?fit=1200%2C690&quality=100&ssl=1&resize=700%2C400 2x, https:\/\/i0.wp.com\/insightcrime.org\/wp-content\/uploads\/2024\/10\/Data-InSights-Electoral-Violence-Oct-2024.jpg?fit=1200%2C690&quality=100&ssl=1&resize=1050%2C600 3x"},"classes":[]}],"jetpack_featured_media_url":"https:\/\/i0.wp.com\/insightcrime.org\/wp-content\/uploads\/2015\/10\/es-15-10-12-Brazil-SaoPauloPolice.jpeg?fit=250%2C167&quality=100&ssl=1","_links":{"self":[{"href":"https:\/\/insightcrime.org\/es\/wp-json\/wp\/v2\/posts\/8254","targetHints":{"allow":["GET"]}}],"collection":[{"href":"https:\/\/insightcrime.org\/es\/wp-json\/wp\/v2\/posts"}],"about":[{"href":"https:\/\/insightcrime.org\/es\/wp-json\/wp\/v2\/types\/post"}],"author":[{"embeddable":true,"href":"https:\/\/insightcrime.org\/es\/wp-json\/wp\/v2\/users\/25"}],"replies":[{"embeddable":true,"href":"https:\/\/insightcrime.org\/es\/wp-json\/wp\/v2\/comments?post=8254"}],"version-history":[{"count":1,"href":"https:\/\/insightcrime.org\/es\/wp-json\/wp\/v2\/posts\/8254\/revisions"}],"predecessor-version":[{"id":25434,"href":"https:\/\/insightcrime.org\/es\/wp-json\/wp\/v2\/posts\/8254\/revisions\/25434"}],"wp:featuredmedia":[{"embeddable":true,"href":"https:\/\/insightcrime.org\/es\/wp-json\/wp\/v2\/media\/43330"}],"wp:attachment":[{"href":"https:\/\/insightcrime.org\/es\/wp-json\/wp\/v2\/media?parent=8254"}],"wp:term":[{"taxonomy":"category","embeddable":true,"href":"https:\/\/insightcrime.org\/es\/wp-json\/wp\/v2\/categories?post=8254"},{"taxonomy":"post_tag","embeddable":true,"href":"https:\/\/insightcrime.org\/es\/wp-json\/wp\/v2\/tags?post=8254"},{"taxonomy":"newspack_spnsrs_tax","embeddable":true,"href":"https:\/\/insightcrime.org\/es\/wp-json\/wp\/v2\/newspack_spnsrs_tax?post=8254"},{"taxonomy":"author","embeddable":true,"href":"https:\/\/insightcrime.org\/es\/wp-json\/wp\/v2\/coauthors?post=8254"}],"curies":[{"name":"wp","href":"https:\/\/api.w.org\/{rel}","templated":true}]}}