{"id":8301,"date":"2015-10-29T16:19:44","date_gmt":"2017-03-28T00:12:11","guid":{"rendered":"http:\/\/newwp.insightcrime.org?p=8301"},"modified":"2023-04-24T15:48:38","modified_gmt":"2023-04-24T20:48:38","slug":"preocupacion-derechos-humanos-carcel-guantanamo-panama","status":"publish","type":"post","link":"https:\/\/insightcrime.org\/es\/noticias\/analisis\/preocupacion-derechos-humanos-carcel-guantanamo-panama\/","title":{"rendered":"Preocupaci\u00f3n por derechos humanos en c\u00e1rcel &#8216;Guant\u00e1namo de Panam\u00e1&#8217;"},"content":{"rendered":"\n<p class=\"wp-block-paragraph\">La remota c\u00e1rcel isle\u00f1a apodada la Guant\u00e1namo de Panam\u00e1 alberga los presos m\u00e1s peligrosos del pa\u00eds, pero crecen las preocupaciones por las duras condiciones y las violaciones a los derechos humanos que ocurren detr\u00e1s de los inexpugnables muros de ese presidio.<\/p>\n\n\n\n<p class=\"wp-block-paragraph\">En marzo de 2015, el presidente de Panam\u00e1 Juan Carlos Varela <a target=\"_blank\" href=\"https:\/\/www.telemetro.com\/nacionales\/Inauguraran-carcel-maxima-seguridad-reclusos_0_789521968.html\">anunci\u00f3<\/a> que la c\u00e1rcel Punta Coco, pr\u00f3xima a inagurarse, contribuir\u00eda a cortar los v\u00ednculos de los cabecillas del crimen en Panam\u00e1 y reducir la violencia que causan interrumpiendo su comunicaci\u00f3n con el exterior.<\/p>\n\n\n\n<p class=\"wp-block-paragraph\">La nueva prisi\u00f3n de m\u00e1xima seguridad albera a s\u00f3lo seis reclusos en una base naval antinarc\u00f3ticos en <a target=\"_blank\" href=\"https:\/\/pearl-islands.com\/the-islands\/isla-del-rey\/\">Isla del Rey<\/a>, localizada a m\u00e1s de cien kil\u00f3metros de distancia de la costa de Ciudad de Panam\u00e1, la cual tiene cuatro municipios y una poblaci\u00f3n de unos 1.600 habitantes permanentes. La c\u00e1rcel no se considera parte siquiera del sistema penitenciario dirigido por el Ministerio de Gobierno de Panam\u00e1, sino que es <a target=\"_blank\" href=\"https:\/\/www.prensa.com\/locales\/debate-Punta-Coco_0_4257324353.html\">administrada por el Ministerio de Seguridad P\u00fablica<\/a>. Los prisiones est\u00e1n oficialmente bajo la custodia del Servicio Nacional A\u00e9reo y Naval (SENAN) y del Servicio Nacional de Fronteras (SENAFRONT).<\/p>\n\n\n\n<p class=\"wp-block-paragraph\">Los seis internos en Punta Coco est\u00e1n en su mayor\u00eda acusados de tr\u00e1fico de estupefacientes y de armas, terrorismo contra el Estado y homicidio (Ver tabla abajo). Fueron transferidos en secreto a la isla sin previo aviso a los prisioneros o a sus familias. Si bien en un punto funcionarios del gobierno afirmaron que los prisioneros hab\u00edan solicitado el traslado por protecci\u00f3n, el mensaje difundido por el presidente Varela y por <a target=\"_blank\" href=\"https:\/\/www.tvn-2.com\/nacionales\/seguridad\/carcel-Gobierno-sistemapenitenciario-puntacoco_0_4273072731.html\">el director del sistema penitenciario<\/a> ha sido otro; la intenci\u00f3n era cortar los v\u00ednculos entre los seis y sus seguidores en el exterior, quienes, seg\u00fan los funcionarios, ejecutan cr\u00edmenes por \u00f3rdenes de los primeros.<\/p>\n\n\n\n<p class=\"wp-block-paragraph\"><span style=\"color: #800000\"><strong>VEA TAMBI\u00c9N<\/strong><\/span>:&nbsp;<a target=\"_blank\" href=\"\/component\/tags\/tag\/259-panama\">Cobertura sobre Panam\u00e1<\/a><\/p>\n\n\n\n<p class=\"wp-block-paragraph\">La ubicaci\u00f3n aislada de la c\u00e1rcel tambi\u00e9n impide fugas, pues ha habido un alarmante incremento de evasiones en los \u00faltimos meses, principalmente en junio, cuando <a target=\"_blank\" href=\"https:\/\/www.crhoy.com\/alerta-en-zona-sur-tras-fuga-de-seis-reos-de-carcel-la-joyita-en-panama\/\">seis reclusos escaparon<\/a> de la prisi\u00f3n La Joyita, y la mitad de presos en Punta Coco han burlado la custodia en el pasado.<\/p>\n\n\n\n<h3 class=\"wp-block-heading\">Los presos de Punta Coco<\/h3>\n\n\n\n<figure class=\"wp-block-table\"><table><tbody><tr><td><strong>Nombre<\/strong><\/td><td><strong>Delito<\/strong><\/td><\/tr><tr><td>Carlos Mosquera<\/td><td>\n<p style=\"margin-left: 30px\">Mosquera fue vinculado en marzo de 2015 al decomiso de 320 kilogramos de coca\u00edna en una hacienda en el pueblo de Sajalices, en Panam\u00e1. Tambi\u00e9n se dice que hace parte de una red dedicada al \u201ctumbe\u201d (robo) de cargamentos de droga.<\/p>\n<\/td><\/tr><tr><td>Clifford Alfonso Hylton Patterson<\/td><td>\n<p style=\"margin: 30px\">Patterson est\u00e1 detenido por su presunta participaci\u00f3n en robos a bancos y otros negocios, as\u00ed como por su fuga del centro penitenciario La Joyita en junio de 2015.<\/p>\n<\/td><\/tr><tr><td>Jos\u00e9 Cossio<\/td><td>\n<p style=\"margin: 30px\">Cossio fue capturado en Costa Rica y extraditado a Panam\u00e1 en 2015. <a target=\"_blank\" href=\"https:\/\/elsiglo.com\/cronica-roja\/conoce-jose-cossio-cabecilla-banda-kalor-kalor\/23862294\">Es el l\u00edder de la pandilla Calor Calor<\/a>, una de las m\u00e1s poderosas de Panam\u00e1. Cossio presuntamente rob\u00f3 US$2,4 millones del Banco de China en la Zona Libre de Col\u00f3n, en Panam\u00e1, en 2005. <a target=\"_blank\" href=\"https:\/\/www.prensa.com\/judiciales\/Costa-Rica-extradita-vinculado-panamena_0_4197330451.html\">Tambi\u00e9n est\u00e1 en prisi\u00f3n por el asesinato de una candidata<\/a> al concurso de belleza de Panam\u00e1, narcotr\u00e1fico y por la fuga de la c\u00e1rcel La Joya.<\/p>\n<\/td><\/tr><tr><td>Jose Camargo<\/td><td>\n<p style=\"margin: 30px\"><span style=\"line-height: 15.7143px;text-align: justify\">Camargo es el cabecilla de la pandilla Bagdad, archirrival de Calor Calor. En 2014, se dice que dio la orden de asesinar a dos ni\u00f1os y sus padres en la ciudad costera de La Chorrera, Panam\u00e1, pese a <a target=\"_blank\" href=\"https:\/\/www.critica.com.pa\/nacional\/mandan-cholo-chorrillo-punta-coco-400985\">estar detenido en la sede de la Polic\u00eda Nacional de la ciudad de Anc\u00f3n<\/a> desde 2013.<\/span><\/p>\n<\/td><\/tr><tr><td>Dangelo Dayan Ram\u00edrez Ramea<\/td><td>\n<p style=\"margin: 30px\">&nbsp;<\/p>\n<p>Ram\u00edrez es acusado de haber participado en el robo al Banco de China en 2005 con Cossio. <a target=\"_blank\" href=\"https:\/\/www.panama-guide.com\/index.php?topic=crime&amp;page=20\">Tambi\u00e9n se encuentra detenido por narcotr\u00e1fico<\/a>, lavado de dinero, lesiones personales, extorsi\u00f3n y otros cr\u00edmenes. Seg\u00fan los expedientes de la polic\u00eda, tambi\u00e9n es el jefe de una organizaci\u00f3n criminal local.<\/p>\n<\/td><\/tr><tr><td>Azael Ramos<\/td><td>\n<p style=\"margin: 30px\">Ramos est\u00e1 en prisi\u00f3n por tr\u00e1fico de armas y de estupefacientes, posesi\u00f3n de armas y homicidio, entre otros delitos. <a target=\"_blank\" href=\"https:\/\/elsiglo.com\/cronica-roja\/sale-punta-coco-pero-15-policias\/23893459\">Ha escapado de la custodia policial en dos ocasiones<\/a>; la primera fue en 2008, cuando se fug\u00f3 de La Joyita, y la segunda vez fue en 2010, cuando se escap\u00f3 del Hospital Santo Tom\u00e1s de Ciudad de Panam\u00e1, cuando recib\u00eda tratamiento. Estuvo fugitivo durante dos meses despu\u00e9s de la primera fuga, pero logr\u00f3 eludir a las autoridades por dos a\u00f1os despu\u00e9s de su segunda evasi\u00f3n.<\/p>\n<\/td><\/tr><tr><td>Enrique Edwin Ja\u00e9n Cherigo*<\/td><td>\n<p style=\"margin-left: 30px\">Ja\u00e9n Cherigo est\u00e1 acusado de ser el conductor del auto que particip\u00f3 en el fatal atropellamiento y fuga de un c\u00e9lebre ciclista paname\u00f1o. Luego huy\u00f3 al interior de Panam\u00e1, donde fue capturado en la ciudad de Santiago. Ja\u00e9n Cherigo tambi\u00e9n ha sido vinculado a la pandilla El Pent\u00e1gono.<\/p>\n<p style=\"margin-left: 30px\">*Al contrario de otros presos de la isla, cuya presencia ha sido confirmada, no es claro si Ja\u00e9n Cherigo se encuentra detenido actualmente en Punta Coco, pues el director de la Polic\u00eda Nacional no ha dado una fecha espec\u00edfica de su traslado a la isla.<\/p>\n<\/td><\/tr><\/tbody><\/table><\/figure>\n\n\n\n<h3 class=\"wp-block-heading\">Presuntos abusos a los derechos humanos<\/h3>\n\n\n\n<p class=\"wp-block-paragraph\">El apelativo de \u201cGuant\u00e1namo Bay de Panam\u00e1\u201d para Punta Coco no se deriva s\u00f3lo de su ubicaci\u00f3n en la base naval de una isla, donde se mantiene a los presos por fuera de la jurisdicci\u00f3n normal. Tambi\u00e9n hay quejas de abusos a los derechos humanos.<\/p>\n\n\n\n<p class=\"wp-block-paragraph\"><a target=\"_blank\" href=\"https:\/\/www.prensa.com\/locales\/debate-Punta-Coco_0_4257324353.html\">Una reciente visita al penal de la defensora del pueblo de Panam\u00e1 Lilia Herrera<\/a> dio como resultado un <a target=\"_blank\" href=\"https:\/\/laestrella.com.pa\/panama\/nacional\/defensoria-pueblo-solicita-mingob-cerrar-celdas-punta-coco\/23879150\">informe condenatorio<\/a> y la recomendaci\u00f3n de que se trasladara de inmediato a los presos y se cerrara el centro penitenciario. Seg\u00fan Herrera, la c\u00e1rcel violaba las convenciones y pactos internacionales sobre derechos humanos, en particular la Convenci\u00f3n Americana de Derechos Humanos y la Convenci\u00f3n Interamericana sobre Derechos Humanos, que evitan y sancionan la tortura y todos los dem\u00e1s tipos de trato cruel, inhumano y degradante a prisioneros.<\/p>\n\n\n\n<p class=\"wp-block-paragraph\">El informe de la defensora del pueblo detall\u00f3 c\u00f3mo las celdas de los presos eran peligrosamente calientes, debido a que la construcci\u00f3n en concreto absorbe el abrasador calor del tr\u00f3pico, y la ventilaci\u00f3n se limita a una peque\u00f1a ventana en la puerta met\u00e1lica de la celda que sirve para pasar los alimentos a los prisioneros. A\u00f1adi\u00f3 que la salud de los reclusos es pone en mayor riesgo por la proliferaci\u00f3n de mosquitos en la isla y la mala atenci\u00f3n m\u00e9dica del establecimiento.<\/p>\n\n\n\n<p class=\"wp-block-paragraph\">Herrera tuvo la postura m\u00e1s cr\u00edtica hacia los esfuerzos del gobierno por aislar a los detenidos, se\u00f1alando c\u00f3mo permanecen encerrados en su celda durante casi 24 horas diarias y se les impide comunicarse con los dem\u00e1s. Indic\u00f3 que a los prisioneros se les conceden apenas 40 minutos por fuera de su celda, pero no todos los d\u00edas, pues s\u00f3lo se los deja salir cuando necesitan lavar su ropa. Adem\u00e1s, la estricta prohibici\u00f3n de la c\u00e1rcel a la interacci\u00f3n social entre los presos implica que se mantienen aislados permanentemente. Tambi\u00e9n agreg\u00f3 que el aislamiento y la dificultad de acceso a Punta Coco priva a los seis reclusos de su derecho fundamental a acceder al sistema judicial.<\/p>\n\n\n\n<p class=\"wp-block-paragraph\"><a target=\"_blank\" href=\"\/component\/tags\/tag\/367-derechos-humanos\"><span style=\"color: #800000\"><strong>VEA TAMBI\u00c9N:<\/strong><\/span> Cobertura sobre derechos humanos<\/a><\/p>\n\n\n\n<p class=\"wp-block-paragraph\">La Organizaci\u00f3n de las Naciones Unidas tambi\u00e9n ha manifestado su inquietud, pues el Secretario Especial de las Naciones Unidas sobre Tortura y el presidente de su Grupo de Trabajo sobre Detenci\u00f3n Arbitraria calificaron <a target=\"_blank\" href=\"https:\/\/laestrella.com.pa\/panama\/nacional\/pide-panama-trasladar-detenidos-carcel-punta-coco\/23886634\">las condiciones de \u201cinhumanas y degradantes\u201d<\/a>. Los representantes de la ONU instaron al gobierno paname\u00f1o a cesar de inmediato el traslado de presos a Punta Coco por graves preocupaciones sobre la incapacidad de los internos de preparar una defensa adecuada debido a la distancia y al costo de viajar a la isla. Tambi\u00e9n manifestaron su preocupaci\u00f3n por los grilletes que se pone a los presos en manos y pies durante las visitas, los frecuentes afecciones intestinales de los reclusos, la falta de luz el\u00e9ctrica y el continuo uso del confinamiento en solitario, del que se\u00f1alaron s\u00f3lo debe emplearse como \u00faltimo recurso.<\/p>\n\n\n\n<p class=\"wp-block-paragraph\">Las familias de los detenidos tambi\u00e9n iniciaron sus propias protestas, <a target=\"_blank\" href=\"https:\/\/www.critica.com.pa\/nacional\/marchan-para-pedir-cierre-de-la-isla-penal-de-punta-coco-400886\">exigiendo el cierre del lugar<\/a>, al que llamaron un \u201ccruel sistema del pasado\u201d, y se quejaron de que el gobierno no les hubiera anunciado el pr\u00f3ximo encierro de sus parientes en una isla lejana.<\/p>\n\n\n\n<h3 class=\"wp-block-heading\">Pese a la presi\u00f3n, el gobierno mantiene posici\u00f3n<\/h3>\n\n\n\n<p class=\"wp-block-paragraph\">El 30 de agosto, los presos de Punta Coco iniciaron <a target=\"_blank\" href=\"https:\/\/www.critica.com.pa\/nacional\/presos-de-punta-coco-inician-huelga-de-hambre-403936\">una huelga de hambre<\/a>, denunciando que la c\u00e1rcel viola sus derechos y no ten\u00eda justificaci\u00f3n legal. Entretanto en la parte continental, los cr\u00edticos ya recalcan la <a target=\"_blank\" href=\"https:\/\/www.panamaamerica.com.pa\/nacion\/punta-coco-fracasado-plan-de-seguridad-del-gobierno-993977\">falta de resultados<\/a> del sacrificio de los derechos humanos en aras de la seguridad, pero hasta el momento el gobierno no ha cedido.<\/p>\n\n\n\n<p class=\"wp-block-paragraph\">En septiembre, el director del Sistema Penitenciario de Panam\u00e1 (SPP), Gabriel Pinz\u00f3n, <a target=\"_blank\" href=\"https:\/\/www.tvn-2.com\/nacionales\/seguridad\/carcel-Gobierno-sistemapenitenciario-puntacoco_0_4273072731.html\">defendi\u00f3 esa prisi\u00f3n en el programa de noticias por televisi\u00f3n Radar<\/a>. Asegur\u00f3 que no se estaban violando los derechos humanos y que era preciso mantener aislados a los presos, para que no pudieran comandar m\u00e1s cr\u00edmenes. Pero ofreci\u00f3 un atisbo de esperanza para quienes piden el cierre del penal, se\u00f1alando que era una medida \u201ctransitoria\u201d, cuya legalidad pronto decidir\u00e1 la Corte Suprema.<\/p>\n\n\n\n<p class=\"wp-block-paragraph\">Hasta ese momento o hasta que el gobierno ceda a sus cr\u00edticos, Punta Coco se mantendr\u00e1 como un l\u00fagubre s\u00edmbolo de la voluntad del gobierno de Panam\u00e1 para sacrificar los derechos humanos en aras de a seguridad, aun cuando los beneficios prometidos est\u00e1n lejos de ser seguros.<\/p>\n","protected":false},"excerpt":{"rendered":"<p>La remota c\u00e1rcel isle\u00f1a apodada la Guant\u00e1namo de Panam\u00e1 alberga los presos m\u00e1s peligrosos del pa\u00eds, pero crecen las preocupaciones por las duras condiciones y las violaciones a los derechos humanos que ocurren detr\u00e1s de los inexpugnables muros de ese presidio.<\/p>\n","protected":false},"author":45,"featured_media":43410,"comment_status":"closed","ping_status":"closed","sticky":false,"template":"","format":"standard","meta":{"newspack_ads_suppress_ads":false,"newspack_popups_has_disabled_popups":false,"newspack_sponsor_sponsorship_scope":"","newspack_sponsor_native_byline_display":"inherit","newspack_sponsor_native_category_display":"inherit","newspack_sponsor_underwriter_style":"inherit","newspack_sponsor_underwriter_placement":"inherit","_EventAllDay":false,"_EventTimezone":"","_EventStartDate":"","_EventEndDate":"","_EventStartDateUTC":"","_EventEndDateUTC":"","_EventShowMap":false,"_EventShowMapLink":false,"_EventURL":"","_EventCost":"","_EventCostDescription":"","_EventCurrencySymbol":"","_EventCurrencyCode":"","_EventCurrencyPosition":"","_EventDateTimeSeparator":"","_EventTimeRangeSeparator":"","_EventOrganizerID":[],"_EventVenueID":[],"_OrganizerEmail":"","_OrganizerPhone":"","_OrganizerWebsite":"","_VenueAddress":"","_VenueCity":"","_VenueCountry":"","_VenueProvince":"","_VenueState":"","_VenueZip":"","_VenuePhone":"","_VenueURL":"","_VenueStateProvince":"","_VenueLat":"","_VenueLng":"","_VenueShowMap":false,"_VenueShowMapLink":false,"_newspack_byline_active":false,"_newspack_byline":"","newspack_hide_updated_date":false,"newspack_show_updated_date":false,"newspack_featured_image_position":"","newspack_post_subtitle":"","newspack_article_summary_title":"Overview:","newspack_article_summary":"","_jetpack_memberships_contains_paid_content":false,"footnotes":""},"categories":[340],"tags":[450,463,3021],"newspack_spnsrs_tax":[],"coauthors":[3979],"class_list":["post-8301","post","type-post","status-publish","format-standard","has-post-thumbnail","hentry","category-analisis","tag-derechos-humanos","tag-panama-pais","tag-prisiones-es","entry"],"parsely":{"version":"1.1.0","canonical_url":"https:\/\/insightcrime.org\/es\/noticias\/analisis\/preocupacion-derechos-humanos-carcel-guantanamo-panama\/","smart_links":{"inbound":0,"outbound":0},"traffic_boost_suggestions_count":0,"meta":{"@context":"https:\/\/schema.org","@type":"NewsArticle","headline":"Preocupaci\u00f3n por derechos humanos en c\u00e1rcel &#8216;Guant\u00e1namo de Panam\u00e1&#8217;","url":"http:\/\/insightcrime.org\/es\/noticias\/analisis\/preocupacion-derechos-humanos-carcel-guantanamo-panama\/","mainEntityOfPage":{"@type":"WebPage","@id":"http:\/\/insightcrime.org\/es\/noticias\/analisis\/preocupacion-derechos-humanos-carcel-guantanamo-panama\/"},"thumbnailUrl":"https:\/\/i0.wp.com\/insightcrime.org\/wp-content\/uploads\/2015\/10\/es-15-10-26-Panama-Punta-Coco.png?resize=150%2C150&quality=100&ssl=1","image":{"@type":"ImageObject","url":"https:\/\/i0.wp.com\/insightcrime.org\/wp-content\/uploads\/2015\/10\/es-15-10-26-Panama-Punta-Coco.png?fit=350%2C265&quality=100&ssl=1"},"articleSection":"An\u00e1lisis","author":[{"@type":"Person","name":"Jonathan Lawrence"}],"creator":["Jonathan Lawrence"],"publisher":{"@type":"Organization","name":"InSight Crime","logo":"https:\/\/insightcrime.org\/wp-content\/uploads\/2023\/08\/logo.png"},"keywords":["derechos humanos","panam\u00e1","prisiones"],"dateCreated":"2017-03-28T00:12:11Z","datePublished":"2017-03-28T00:12:11Z","dateModified":"2023-04-24T20:48:38Z"},"rendered":"<meta name=\"parsely-title\" content=\"Preocupaci\u00f3n por derechos humanos en c\u00e1rcel &#8216;Guant\u00e1namo de Panam\u00e1&#8217;\" \/>\n<meta name=\"parsely-link\" content=\"http:\/\/insightcrime.org\/es\/noticias\/analisis\/preocupacion-derechos-humanos-carcel-guantanamo-panama\/\" \/>\n<meta name=\"parsely-type\" content=\"post\" \/>\n<meta name=\"parsely-image-url\" content=\"https:\/\/i0.wp.com\/insightcrime.org\/wp-content\/uploads\/2015\/10\/es-15-10-26-Panama-Punta-Coco.png?resize=150%2C150&amp;quality=100&amp;ssl=1\" \/>\n<meta name=\"parsely-pub-date\" content=\"2017-03-28T00:12:11Z\" \/>\n<meta name=\"parsely-section\" content=\"An\u00e1lisis\" \/>\n<meta name=\"parsely-tags\" content=\"derechos humanos,panam\u00e1,prisiones\" \/>\n<meta name=\"parsely-author\" content=\"Jonathan Lawrence\" \/>","tracker_url":"https:\/\/cdn.parsely.com\/keys\/insightcrime.org\/p.js"},"jetpack_sharing_enabled":true,"jetpack-related-posts":[{"id":9082,"url":"https:\/\/insightcrime.org\/es\/noticias-crimen-organizado-panama\/panama\/","url_meta":{"origin":8301,"position":0},"title":"Perfil de Panam\u00e1","author":"InSight Crime","date":"10 de julio de 2026","format":false,"excerpt":"La ubicaci\u00f3n de Panam\u00e1 que conecta a Centro y Suram\u00e9rica ha convertido al pa\u00eds en punto de tr\u00e1nsito clave para las rutas de tr\u00e1fico ilegal, como tambi\u00e9n un refugio y un \u00e1rea de negociaci\u00f3n para organizaciones criminales a lo largo de la historia. Su pr\u00f3spera econom\u00eda y el auge del\u2026","rel":"","context":"En \u00abPanam\u00e1\u00bb","block_context":{"text":"Panam\u00e1","link":"https:\/\/insightcrime.org\/es\/category\/noticias-crimen-organizado-panama\/"},"img":{"alt_text":"","src":"","width":0,"height":0},"classes":[]},{"id":141310,"url":"https:\/\/insightcrime.org\/es\/noticias\/cierre-carceles-dilata-problema-mexico\/","url_meta":{"origin":8301,"position":1},"title":"Cierre de c\u00e1rceles solo dilata el problema de estos centros en M\u00e9xico","author":"Max Radwin","date":"19 de abril de 2021","format":false,"excerpt":"El cierre de una prisi\u00f3n estatal en M\u00e9xico es una respuesta poco convencional del gobierno frente a las precarias condiciones de los reclusos, pero no ser\u00e1 una soluci\u00f3n definitiva a los problemas de fondo que aquejan a los centros penitenciarios del pa\u00eds.","rel":"","context":"En \u00abNoticias\u00bb","block_context":{"text":"Noticias","link":"https:\/\/insightcrime.org\/es\/category\/noticias\/"},"img":{"alt_text":"","src":"https:\/\/i0.wp.com\/insightcrime.org\/wp-content\/uploads\/2021\/04\/Temascaltepec-Prison.jpg?fit=350%2C250&quality=100&ssl=1&resize=350%2C200","width":350,"height":200},"classes":[]},{"id":279081,"url":"https:\/\/insightcrime.org\/es\/noticias\/carceles-venezuela-siguen-fuera-control-despues-intervencion-estatal\/","url_meta":{"origin":8301,"position":2},"title":"C\u00e1rceles en Venezuela siguen fuera de control despu\u00e9s de intervenci\u00f3n estatal","author":"Unidad Investigativa de Venezuela","date":"12 de junio de 2024","format":false,"excerpt":"Pese a que las autoridades venezolanas celebraron el restablecimiento del orden carcelario, despu\u00e9s de varias operaciones para retomar el control de las prisiones \u2013en poder de l\u00edderes carcelarios, conocidos como pranes\u2013 los episodios de violencia y la crisis humanitaria del sistema penitenciario contin\u00faan.","rel":"","context":"En \u00abNoticias\u00bb","block_context":{"text":"Noticias","link":"https:\/\/insightcrime.org\/es\/category\/noticias\/"},"img":{"alt_text":"","src":"https:\/\/i0.wp.com\/insightcrime.org\/wp-content\/uploads\/2024\/06\/Huelga-pacifica-presos-Venezuela.jpg?fit=350%2C250&quality=100&ssl=1&resize=350%2C200","width":350,"height":200},"classes":[]},{"id":275092,"url":"https:\/\/insightcrime.org\/es\/noticias\/pandillas-corrupcion-retos-nuevo-presidente-panama\/","url_meta":{"origin":8301,"position":3},"title":"Pandillas y corrupci\u00f3n: los retos del nuevo presidente de Panam\u00e1","author":"Gavin Voss","date":"6 de mayo de 2024","format":false,"excerpt":"El nuevo presidente electo de Panam\u00e1, Jos\u00e9 Ra\u00fal Mulino, gan\u00f3 las elecciones prometiendo devolver a Panam\u00e1 a sus a\u00f1os de prosperidad econ\u00f3mica. Pero la lucha contra el narcotr\u00e1fico y el crimen de cuello blanco podr\u00edan suponer un gran reto.","rel":"","context":"En \u00abNoticias\u00bb","block_context":{"text":"Noticias","link":"https:\/\/insightcrime.org\/es\/category\/noticias\/"},"img":{"alt_text":"President-elect Jos\u00e9 Ra\u00fal Mulino with former president Ricardo Martinelli during the presidential campaign. Credit: Martin Bernetti, AFP","src":"https:\/\/i0.wp.com\/insightcrime.org\/wp-content\/uploads\/2024\/05\/Panama-Jose-Raul-Mulino-1.jpg?fit=350%2C250&quality=100&ssl=1&resize=350%2C200","width":350,"height":200},"classes":[]},{"id":9097,"url":"https:\/\/insightcrime.org\/es\/noticias-crimen-organizado-panama\/bagdad\/","url_meta":{"origin":8301,"position":4},"title":"Bagdad","author":"InSight Crime","date":"5 de mayo de 2021","format":false,"excerpt":"Bagdad, junto con sus rivales de Calor Calor, es una de las dos mayores bandas federadas de Panam\u00e1, conformadas por 30 a 40 bandas menores que trabajan en conjunto para prestar servicios de trasiego de narc\u00f3ticos para grupos transnacionales de crimen organizado. Aparte de eso, las bandas tienen poca cohesi\u00f3n\u2026","rel":"","context":"En \u00abPanam\u00e1\u00bb","block_context":{"text":"Panam\u00e1","link":"https:\/\/insightcrime.org\/es\/category\/noticias-crimen-organizado-panama\/"},"img":{"alt_text":"El nombre de la pandilla Bagdad aparece escrito en el suelo","src":"https:\/\/i0.wp.com\/insightcrime.org\/wp-content\/uploads\/2016\/11\/Bagdad-Panama.jpg?fit=350%2C250&quality=100&ssl=1&resize=350%2C200","width":350,"height":200},"classes":[]},{"id":139218,"url":"https:\/\/insightcrime.org\/es\/news\/abusos-sexuales-carceles-mujeres-venezuela\/","url_meta":{"origin":8301,"position":5},"title":"Abusos sexuales abundan en c\u00e1rceles de mujeres en Venezuela","author":"Unidad Investigativa de Venezuela","date":"25 de marzo de 2021","format":false,"excerpt":"La muerte de una joven de 19 a\u00f1os en un calabozo de la polic\u00eda en Venezuela, a causa de un disparo, deja al descubierto una serie de abusos sistem\u00e1ticos por parte de funcionarios policiales, y pone de manifiesto los altos niveles de violencia que enfrentan las mujeres privadas de la\u2026","rel":"","context":"En \u00abNews\u00bb","block_context":{"text":"News","link":"https:\/\/insightcrime.org\/category\/news\/"},"img":{"alt_text":"","src":"https:\/\/i0.wp.com\/insightcrime.org\/wp-content\/uploads\/2021\/03\/Mujeres-carceles.jpg?fit=350%2C250&quality=100&ssl=1&resize=350%2C200","width":350,"height":200},"classes":[]}],"jetpack_featured_media_url":"https:\/\/i0.wp.com\/insightcrime.org\/wp-content\/uploads\/2015\/10\/es-15-10-26-Panama-Punta-Coco.png?fit=350%2C265&quality=100&ssl=1","_links":{"self":[{"href":"https:\/\/insightcrime.org\/es\/wp-json\/wp\/v2\/posts\/8301","targetHints":{"allow":["GET"]}}],"collection":[{"href":"https:\/\/insightcrime.org\/es\/wp-json\/wp\/v2\/posts"}],"about":[{"href":"https:\/\/insightcrime.org\/es\/wp-json\/wp\/v2\/types\/post"}],"author":[{"embeddable":true,"href":"https:\/\/insightcrime.org\/es\/wp-json\/wp\/v2\/users\/45"}],"replies":[{"embeddable":true,"href":"https:\/\/insightcrime.org\/es\/wp-json\/wp\/v2\/comments?post=8301"}],"version-history":[{"count":1,"href":"https:\/\/insightcrime.org\/es\/wp-json\/wp\/v2\/posts\/8301\/revisions"}],"predecessor-version":[{"id":25516,"href":"https:\/\/insightcrime.org\/es\/wp-json\/wp\/v2\/posts\/8301\/revisions\/25516"}],"wp:featuredmedia":[{"embeddable":true,"href":"https:\/\/insightcrime.org\/es\/wp-json\/wp\/v2\/media\/43410"}],"wp:attachment":[{"href":"https:\/\/insightcrime.org\/es\/wp-json\/wp\/v2\/media?parent=8301"}],"wp:term":[{"taxonomy":"category","embeddable":true,"href":"https:\/\/insightcrime.org\/es\/wp-json\/wp\/v2\/categories?post=8301"},{"taxonomy":"post_tag","embeddable":true,"href":"https:\/\/insightcrime.org\/es\/wp-json\/wp\/v2\/tags?post=8301"},{"taxonomy":"newspack_spnsrs_tax","embeddable":true,"href":"https:\/\/insightcrime.org\/es\/wp-json\/wp\/v2\/newspack_spnsrs_tax?post=8301"},{"taxonomy":"author","embeddable":true,"href":"https:\/\/insightcrime.org\/es\/wp-json\/wp\/v2\/coauthors?post=8301"}],"curies":[{"name":"wp","href":"https:\/\/api.w.org\/{rel}","templated":true}]}}