{"id":8303,"date":"2015-10-29T21:55:32","date_gmt":"2017-03-28T00:12:11","guid":{"rendered":"http:\/\/newwp.insightcrime.org?p=8303"},"modified":"2023-04-24T15:48:38","modified_gmt":"2023-04-24T20:48:38","slug":"arresto-pastor-el-salvador-indica-integracion-social-pandillas","status":"publish","type":"post","link":"https:\/\/insightcrime.org\/es\/noticias\/noticias-del-dia\/arresto-pastor-el-salvador-indica-integracion-social-pandillas\/","title":{"rendered":"Arresto de un \u2018pastor\u2019 en El Salvador indica integraci\u00f3n social de las pandillas"},"content":{"rendered":"\n<p class=\"wp-block-paragraph\">Las autoridades de El Salvador arrestaron a un presunto pastor por dirigir una red de extorsi\u00f3n de la MS13, lo cual, si es cierto, ilustra hasta qu\u00e9 punto las pandillas se han integrado al tejido social de las comunidades donde operan.<\/p>\n\n\n\n<p class=\"wp-block-paragraph\">El 27 de octubre, la Fiscal\u00eda General de El Salvador detuvo al pastor evang\u00e9lico Pedro Antonio Jim\u00e9nez De Le\u00f3n, adem\u00e1s de 28 presuntos miembros de la pandilla MS13, <a target=\"_blank\" href=\"https:\/\/hosted.ap.org\/dynamic\/stories\/L\/LT_SALVADOR_PASTOR_ACCUSED?SITE=AP&amp;SECTION=HOME&amp;TEMPLATE=DEFAULT&amp;CTIME=2015-10-27-18-42-20\">inform\u00f3 Associated Press<\/a>.<\/p>\n\n\n\n<p class=\"wp-block-paragraph\">Los fiscales dicen que el pastor organizaba asambleas religiosas en distintos barrios de San Salvador con el fin de recoger el dinero de extorsiones de las pandillas, el cual se hac\u00eda pasar como donaciones para la iglesia. Las autoridades tambi\u00e9n decomisaron dos armas de fuego en la residencia del religioso, y creen que \u00e9stas pertenecen a la pandilla.<\/p>\n\n\n\n<p class=\"wp-block-paragraph\">Seg\u00fan Associated Press, se desconoce si Jim\u00e9nez es un pastor con sus debidas \u00f3rdenes, y dos importantes iglesias evang\u00e9licas afirman que nunca hab\u00edan o\u00eddo hablar de \u00e9l; sin embargo, muchas iglesias evang\u00e9licas en El Salvador operan como peque\u00f1os centros de culto barriales.<\/p>\n\n\n\n<p class=\"wp-block-paragraph\">Jim\u00e9nez es acusado de pertenecer a un grupo terrorista, <a target=\"_blank\" href=\"https:\/\/www.laprensagrafica.com\/2015\/10\/27\/un-pastor-fue-capturado-junto-a-pandilleros-esta-madrugada-en-san-salvador\">inform\u00f3 La Prensa Gr\u00e1fica<\/a>. En agosto, la Corte Suprema de El Salvador reclasific\u00f3 a las pandillas MS13 y Barrio 18 <a target=\"_blank\" href=\"\/noticias\/noticias-del-dia\/corte-suprema-justicia-el-salvador-declara-pandillas-grupos-terroristas\">como organizaciones terroristas<\/a>.<\/p>\n\n\n\n<h3 class=\"wp-block-heading\">An\u00e1lisis de InSight Crime<\/h3>\n\n\n\n<p class=\"wp-block-paragraph\">La detenci\u00f3n de un presunto pastor por sus nexos con la MS13 refleja el complicado rol que cumplen las pandillas de El Salvador como v\u00edctimas y victimarios en sus comunidades. Aunque sus aspiraciones pol\u00edticas siguen siendo cuestionables, las pandillas siempre se han mostrado a s\u00ed mismas como un fen\u00f3meno social nacido de la desigualdad y la injusticia.<\/p>\n\n\n\n<p class=\"wp-block-paragraph\">\u201cSomos un grupo social\u201d, <a target=\"_blank\" href=\"\/investigaciones\/el-viejo-lin-lider-de-barrio-18-habla-sobre-la-tregua-entre-pandillas-en-el-salvador\">le dijo en 2012 a InSight Crime<\/a> Carlos Lechuga Mojica, alias \u201cEl Viejo Lin\u201d, l\u00edder de Barrio 18. \u201cConsideramos que somos una gran parte de la sociedad. Creemos que el problema es la exclusi\u00f3n social, la discriminaci\u00f3n, la falta de educaci\u00f3n, la falta de empleo y las desigualdades frente a la ley\u201d.<\/p>\n\n\n\n<p class=\"wp-block-paragraph\"><strong><span style=\"color: #800000\">VEA TAMBI\u00c9N:<\/span><\/strong>&nbsp;<a target=\"_blank\" href=\"\/noticias-sobre-crimen-organizado-en-el-salvador\">Noticias y perfiles de El Salvador<\/a><\/p>\n\n\n\n<p class=\"wp-block-paragraph\">Sin duda, las pandillas cuentan en sus comunidades con un gran n\u00famero de personas que no son miembros de las mismas y que realizan peque\u00f1as tareas, como llevar mensajes y servir como vig\u00edas. Sin embargo, las pandillas tambi\u00e9n acuden a la intimidaci\u00f3n y la violencia para mantener el control sobre estas mismas comunidades, y la principal fuente de ingresos de las pandillas salvadore\u00f1as proviene sobre todo de la extorsi\u00f3n a los propietarios de almacenes locales.<\/p>\n\n\n\n<p class=\"wp-block-paragraph\">Este no es el primer caso de un grupo criminal con profundos v\u00ednculos sociales y aparentemente infiltrado en la comunidad religiosa. En mayo, las autoridades colombianas arrestaron a un pastor por <a target=\"_blank\" href=\"\/noticias\/noticias-del-dia\/obispo-colombia-lavo-dinero-los-urabenos-funcionario\">presuntamente lavar dinero<\/a> proveniente de las drogas para Los Urabe\u00f1os en la regi\u00f3n de Urab\u00e1, al noroeste de Colombia, base de operaciones de la organizaci\u00f3n criminal m\u00e1s poderosa del pa\u00eds.<\/p>\n","protected":false},"excerpt":{"rendered":"<p>Las autoridades de El Salvador arrestaron a un presunto pastor por dirigir una red de extorsi\u00f3n de la MS13, lo cual, si es cierto, ilustra hasta qu\u00e9 punto las pandillas se han integrado al tejido social de las comunidades donde operan.<\/p>\n","protected":false},"author":36,"featured_media":43420,"comment_status":"closed","ping_status":"closed","sticky":false,"template":"","format":"standard","meta":{"newspack_ads_suppress_ads":false,"newspack_popups_has_disabled_popups":false,"newspack_sponsor_sponsorship_scope":"","newspack_sponsor_native_byline_display":"inherit","newspack_sponsor_native_category_display":"inherit","newspack_sponsor_underwriter_style":"inherit","newspack_sponsor_underwriter_placement":"inherit","_EventAllDay":false,"_EventTimezone":"","_EventStartDate":"","_EventEndDate":"","_EventStartDateUTC":"","_EventEndDateUTC":"","_EventShowMap":false,"_EventShowMapLink":false,"_EventURL":"","_EventCost":"","_EventCostDescription":"","_EventCurrencySymbol":"","_EventCurrencyCode":"","_EventCurrencyPosition":"","_EventDateTimeSeparator":"","_EventTimeRangeSeparator":"","_EventOrganizerID":[],"_EventVenueID":[],"_OrganizerEmail":"","_OrganizerPhone":"","_OrganizerWebsite":"","_VenueAddress":"","_VenueCity":"","_VenueCountry":"","_VenueProvince":"","_VenueState":"","_VenueZip":"","_VenuePhone":"","_VenueURL":"","_VenueStateProvince":"","_VenueLat":"","_VenueLng":"","_VenueShowMap":false,"_VenueShowMapLink":false,"_newspack_byline_active":false,"_newspack_byline":"","newspack_hide_updated_date":false,"newspack_show_updated_date":false,"newspack_featured_image_position":"","newspack_post_subtitle":"","newspack_article_summary_title":"Overview:","newspack_article_summary":"","_jetpack_memberships_contains_paid_content":false,"footnotes":""},"categories":[334],"tags":[551,552],"newspack_spnsrs_tax":[],"coauthors":[3924],"class_list":["post-8303","post","type-post","status-publish","format-standard","has-post-thumbnail","hentry","category-noticias-del-dia","tag-el-salvador","tag-ms13","entry"],"parsely":{"version":"1.1.0","canonical_url":"https:\/\/insightcrime.org\/es\/noticias\/noticias-del-dia\/arresto-pastor-el-salvador-indica-integracion-social-pandillas\/","smart_links":{"inbound":0,"outbound":0},"traffic_boost_suggestions_count":0,"meta":{"@context":"https:\/\/schema.org","@type":"NewsArticle","headline":"Arresto de un \u2018pastor\u2019 en El Salvador indica integraci\u00f3n social de las pandillas","url":"http:\/\/insightcrime.org\/es\/noticias\/noticias-del-dia\/arresto-pastor-el-salvador-indica-integracion-social-pandillas\/","mainEntityOfPage":{"@type":"WebPage","@id":"http:\/\/insightcrime.org\/es\/noticias\/noticias-del-dia\/arresto-pastor-el-salvador-indica-integracion-social-pandillas\/"},"thumbnailUrl":"https:\/\/i0.wp.com\/insightcrime.org\/wp-content\/uploads\/2015\/10\/es-15-10-28-ElSalvador-Gang-Social.jpg?resize=150%2C150&quality=100&ssl=1","image":{"@type":"ImageObject","url":"https:\/\/i0.wp.com\/insightcrime.org\/wp-content\/uploads\/2015\/10\/es-15-10-28-ElSalvador-Gang-Social.jpg?fit=250%2C165&quality=100&ssl=1"},"articleSection":"Noticias del d\u00eda","author":[{"@type":"Person","name":"David Gagne"}],"creator":["David Gagne"],"publisher":{"@type":"Organization","name":"InSight Crime","logo":"https:\/\/insightcrime.org\/wp-content\/uploads\/2023\/08\/logo.png"},"keywords":["el salvador","ms13"],"dateCreated":"2017-03-28T00:12:11Z","datePublished":"2017-03-28T00:12:11Z","dateModified":"2023-04-24T20:48:38Z"},"rendered":"<meta name=\"parsely-title\" content=\"Arresto de un \u2018pastor\u2019 en El Salvador indica integraci\u00f3n social de las pandillas\" \/>\n<meta name=\"parsely-link\" content=\"http:\/\/insightcrime.org\/es\/noticias\/noticias-del-dia\/arresto-pastor-el-salvador-indica-integracion-social-pandillas\/\" \/>\n<meta name=\"parsely-type\" content=\"post\" \/>\n<meta name=\"parsely-image-url\" content=\"https:\/\/i0.wp.com\/insightcrime.org\/wp-content\/uploads\/2015\/10\/es-15-10-28-ElSalvador-Gang-Social.jpg?resize=150%2C150&amp;quality=100&amp;ssl=1\" \/>\n<meta name=\"parsely-pub-date\" content=\"2017-03-28T00:12:11Z\" \/>\n<meta name=\"parsely-section\" content=\"Noticias del d\u00eda\" \/>\n<meta name=\"parsely-tags\" content=\"el salvador,ms13\" \/>\n<meta name=\"parsely-author\" content=\"David Gagne\" \/>","tracker_url":"https:\/\/cdn.parsely.com\/keys\/insightcrime.org\/p.js"},"jetpack_sharing_enabled":true,"jetpack-related-posts":[{"id":4910,"url":"https:\/\/insightcrime.org\/es\/noticias-crimen-organizado-el-salvador\/mara-salvatrucha-ms-13-perfil\/","url_meta":{"origin":8303,"position":0},"title":"Mara Salvatrucha (MS13)","author":"InSight Crime","date":"3 de abril de 2025","format":false,"excerpt":"La Mara Salvatrucha, o MS13, es tal vez la pandilla callejera m\u00e1s conocida en el hemisferio occidental. Aunque tiene sus or\u00edgenes en la d\u00e9cada de los ochenta en los barrios pobres de refugiados de Los \u00c1ngeles, el alcance de la pandilla ahora se extiende desde pa\u00edses centroamericanos como El Salvador\u2026","rel":"","context":"En \u00abEl Salvador\u00bb","block_context":{"text":"El Salvador","link":"https:\/\/insightcrime.org\/es\/category\/noticias-crimen-organizado-el-salvador\/"},"img":{"alt_text":"MS13","src":"https:\/\/i0.wp.com\/insightcrime.org\/wp-content\/uploads\/2026\/05\/Grupo-Criminal-MS13-1.jpg?fit=1200%2C900&quality=100&ssl=1&resize=350%2C200","width":350,"height":200,"srcset":"https:\/\/i0.wp.com\/insightcrime.org\/wp-content\/uploads\/2026\/05\/Grupo-Criminal-MS13-1.jpg?fit=1200%2C900&quality=100&ssl=1&resize=350%2C200 1x, https:\/\/i0.wp.com\/insightcrime.org\/wp-content\/uploads\/2026\/05\/Grupo-Criminal-MS13-1.jpg?fit=1200%2C900&quality=100&ssl=1&resize=525%2C300 1.5x, https:\/\/i0.wp.com\/insightcrime.org\/wp-content\/uploads\/2026\/05\/Grupo-Criminal-MS13-1.jpg?fit=1200%2C900&quality=100&ssl=1&resize=700%2C400 2x, https:\/\/i0.wp.com\/insightcrime.org\/wp-content\/uploads\/2026\/05\/Grupo-Criminal-MS13-1.jpg?fit=1200%2C900&quality=100&ssl=1&resize=1050%2C600 3x"},"classes":[]},{"id":249413,"url":"https:\/\/insightcrime.org\/es\/investigaciones\/pandillas-fuga-como-mano-dura-bukele-llevo-pandillas-clandestinidad\/","url_meta":{"origin":8303,"position":1},"title":"Pandillas a la fuga: C\u00f3mo la mano dura de Bukele llev\u00f3 a las pandillas a la clandestinidad","author":"Alex Papadovassilakis","date":"6 de diciembre de 2023","format":false,"excerpt":"Al huir de El Salvador, Felipe* se uni\u00f3 a una larga lista de pandilleros y expandilleros que buscan refugio en el extranjero, principalmente en M\u00e9xico, Centroam\u00e9rica y Estados Unidos. Otros, ante la falta de dinero para viajar o de un medio para pasar seguros, permanecen escondidos en El Salvador.\u00a0 InSight\u2026","rel":"","context":"En \u00abInvestigaciones\u00bb","block_context":{"text":"Investigaciones","link":"https:\/\/insightcrime.org\/es\/category\/investigaciones\/"},"img":{"alt_text":"","src":"https:\/\/i0.wp.com\/insightcrime.org\/wp-content\/uploads\/2023\/11\/El-Salvador-Cover-Cap-4-Dic-2023.jpg?fit=1200%2C576&quality=100&ssl=1&resize=350%2C200","width":350,"height":200,"srcset":"https:\/\/i0.wp.com\/insightcrime.org\/wp-content\/uploads\/2023\/11\/El-Salvador-Cover-Cap-4-Dic-2023.jpg?fit=1200%2C576&quality=100&ssl=1&resize=350%2C200 1x, https:\/\/i0.wp.com\/insightcrime.org\/wp-content\/uploads\/2023\/11\/El-Salvador-Cover-Cap-4-Dic-2023.jpg?fit=1200%2C576&quality=100&ssl=1&resize=525%2C300 1.5x, https:\/\/i0.wp.com\/insightcrime.org\/wp-content\/uploads\/2023\/11\/El-Salvador-Cover-Cap-4-Dic-2023.jpg?fit=1200%2C576&quality=100&ssl=1&resize=700%2C400 2x, https:\/\/i0.wp.com\/insightcrime.org\/wp-content\/uploads\/2023\/11\/El-Salvador-Cover-Cap-4-Dic-2023.jpg?fit=1200%2C576&quality=100&ssl=1&resize=1050%2C600 3x"},"classes":[]},{"id":232638,"url":"https:\/\/insightcrime.org\/es\/noticias\/absolucion-lider-ms13-debilita-retorica-anti-pandillas-el-salvador\/","url_meta":{"origin":8303,"position":2},"title":"Absoluci\u00f3n de l\u00edder de MS13 debilita ret\u00f3rica anti-pandillas de El Salvador","author":"Gavin Voss","date":"20 de junio de 2023","format":false,"excerpt":"La absoluci\u00f3n de \"El Barney\" plantea preguntas sobre el enfoque de El Salvador para apuntar a los l\u00edderes de pandillas en medio del estado de excepci\u00f3n.","rel":"","context":"En \u00abNoticias\u00bb","block_context":{"text":"Noticias","link":"https:\/\/insightcrime.org\/es\/category\/noticias\/"},"img":{"alt_text":"El Barney en un poster de los m\u00e1s buscados","src":"https:\/\/i0.wp.com\/insightcrime.org\/wp-content\/uploads\/2023\/09\/El-Salvador-El-Barney-MS13-La-Prensa-Grafica-1-1.jpg?fit=350%2C250&quality=100&ssl=1&resize=350%2C200","width":350,"height":200},"classes":[]},{"id":246382,"url":"https:\/\/insightcrime.org\/es\/noticias\/captura-lider-ms13-descubierto-brecha-eeuu-salvador\/","url_meta":{"origin":8303,"position":3},"title":"La captura de un l\u00edder de la MS13 expone la brecha entre EE.UU. y El Salvador","author":"Steven Dudley","date":"9 de noviembre de 2023","format":false,"excerpt":"Las autoridades mexicanas capturaron a un alto mando de una pandilla salvadore\u00f1a que hab\u00eda sido liberado en secreto de una prisi\u00f3n en El Salvador y hab\u00eda huido del pa\u00eds. Su captura y expulsi\u00f3n a Estados Unidos para enfrentarse a cargos en su contra pone de manifiesto las crecientes discrepancias entre\u2026","rel":"","context":"En \u00abNoticias\u00bb","block_context":{"text":"Noticias","link":"https:\/\/insightcrime.org\/es\/category\/noticias\/"},"img":{"alt_text":"Detenido l\u00edder de la MS13 \u00c9lmer Canales Rivera, alias \u201cCrook\u201d","src":"https:\/\/i0.wp.com\/insightcrime.org\/wp-content\/uploads\/2023\/11\/Crook-pandillero-extradicion114.jpg?fit=350%2C250&quality=100&ssl=1&resize=350%2C200","width":350,"height":200},"classes":[]},{"id":262871,"url":"https:\/\/insightcrime.org\/es\/noticias\/caso-terrorismo-eeuu-contra-lider-ms13-podria-destapar-conversaciones-entre-bandas-salvador\/","url_meta":{"origin":8303,"position":4},"title":"Caso de terrorismo en EE.UU. contra l\u00edder de la MS13 revelar\u00eda negociaciones con pandillas en El Salvador","author":"Parker Asmann","date":"11 de diciembre de 2023","format":false,"excerpt":"Un alto dirigente de la Mara Salvatrucha (MS13) se declar\u00f3 inocente de los cargos de terrorismo presentados por la fiscal\u00eda federal estadounidense, lo que marca el inicio de un caso que podr\u00eda destapar la fachada del gobierno de El Salvador, que niega haber negociado con la banda. \u00c9lmer Canales Rivera,\u2026","rel":"","context":"En \u00abNoticias\u00bb","block_context":{"text":"Noticias","link":"https:\/\/insightcrime.org\/es\/category\/noticias\/"},"img":{"alt_text":"Detenido l\u00edder de la MS13 \u00c9lmer Canales Rivera, alias \u201cCrook\u201d","src":"https:\/\/i0.wp.com\/insightcrime.org\/wp-content\/uploads\/2023\/11\/Crook-pandillero-extradicion114.jpg?fit=350%2C250&quality=100&ssl=1&resize=350%2C200","width":350,"height":200},"classes":[]},{"id":187339,"url":"https:\/\/insightcrime.org\/es\/noticias\/exodo-pandillas-salvador-genera-panico-aunque-pocos-arrestos\/","url_meta":{"origin":8303,"position":5},"title":"\u00c9xodo de pandillas de El Salvador genera p\u00e1nico, aunque pocos arrestos","author":"Alessandro Ford","date":"2 de junio de 2022","format":false,"excerpt":"Desde hace dos meses que el gobierno de El Salvador comenz\u00f3 su campa\u00f1a de arrestos masivos, como una ofensiva contra las pandillas, menos de 60 presuntos pandilleros del pa\u00eds han sido arrestados en Honduras y Guatemala, una cifra que pone en duda los refuerzos a la seguridad y la ret\u00f3rica\u2026","rel":"","context":"En \u00abNoticias\u00bb","block_context":{"text":"Noticias","link":"https:\/\/insightcrime.org\/es\/category\/noticias\/"},"img":{"alt_text":"El ministro de Gobierno de Guatemala, David Napole\u00f3n Barrientos","src":"https:\/\/i0.wp.com\/insightcrime.org\/wp-content\/uploads\/2022\/05\/FPb_Hv6X0AIwmuD.jpeg?fit=350%2C250&quality=100&ssl=1&resize=350%2C200","width":350,"height":200},"classes":[]}],"jetpack_featured_media_url":"https:\/\/i0.wp.com\/insightcrime.org\/wp-content\/uploads\/2015\/10\/es-15-10-28-ElSalvador-Gang-Social.jpg?fit=250%2C165&quality=100&ssl=1","_links":{"self":[{"href":"https:\/\/insightcrime.org\/es\/wp-json\/wp\/v2\/posts\/8303","targetHints":{"allow":["GET"]}}],"collection":[{"href":"https:\/\/insightcrime.org\/es\/wp-json\/wp\/v2\/posts"}],"about":[{"href":"https:\/\/insightcrime.org\/es\/wp-json\/wp\/v2\/types\/post"}],"author":[{"embeddable":true,"href":"https:\/\/insightcrime.org\/es\/wp-json\/wp\/v2\/users\/36"}],"replies":[{"embeddable":true,"href":"https:\/\/insightcrime.org\/es\/wp-json\/wp\/v2\/comments?post=8303"}],"version-history":[{"count":1,"href":"https:\/\/insightcrime.org\/es\/wp-json\/wp\/v2\/posts\/8303\/revisions"}],"predecessor-version":[{"id":25526,"href":"https:\/\/insightcrime.org\/es\/wp-json\/wp\/v2\/posts\/8303\/revisions\/25526"}],"wp:featuredmedia":[{"embeddable":true,"href":"https:\/\/insightcrime.org\/es\/wp-json\/wp\/v2\/media\/43420"}],"wp:attachment":[{"href":"https:\/\/insightcrime.org\/es\/wp-json\/wp\/v2\/media?parent=8303"}],"wp:term":[{"taxonomy":"category","embeddable":true,"href":"https:\/\/insightcrime.org\/es\/wp-json\/wp\/v2\/categories?post=8303"},{"taxonomy":"post_tag","embeddable":true,"href":"https:\/\/insightcrime.org\/es\/wp-json\/wp\/v2\/tags?post=8303"},{"taxonomy":"newspack_spnsrs_tax","embeddable":true,"href":"https:\/\/insightcrime.org\/es\/wp-json\/wp\/v2\/newspack_spnsrs_tax?post=8303"},{"taxonomy":"author","embeddable":true,"href":"https:\/\/insightcrime.org\/es\/wp-json\/wp\/v2\/coauthors?post=8303"}],"curies":[{"name":"wp","href":"https:\/\/api.w.org\/{rel}","templated":true}]}}