{"id":83081,"date":"2018-04-23T13:17:42","date_gmt":"2018-04-23T18:17:42","guid":{"rendered":"https:\/\/insightcrime.org\/?p=83081"},"modified":"2024-07-25T09:36:06","modified_gmt":"2024-07-25T14:36:06","slug":"4-conclusiones-del-debate-presidencial-en-mexico","status":"publish","type":"post","link":"https:\/\/insightcrime.org\/es\/noticias\/4-conclusiones-del-debate-presidencial-en-mexico\/","title":{"rendered":"4 conclusiones del debate presidencial en M\u00e9xico"},"content":{"rendered":"\n<p class=\"wp-block-paragraph\">Las expectativas del electorado de M\u00e9xico, deseoso de escuchar soluciones pr\u00e1cticas para problemas como los niveles r\u00e9cord de homicidios y la compleja din\u00e1mica criminal, se vieron frustradas tras el primero de los tres debates presidenciales previos a las elecciones de julio, en el que los candidatos no dieron se\u00f1ales esperanzadoras de cambio.<\/p>\n\n\n\n<p class=\"wp-block-paragraph\">A continuaci\u00f3n presentamos cuatro conclusiones del debate, relacionadas con la seguridad y la lucha contra el crimen organizado.<\/p>\n\n\n\n<h3 class=\"wp-block-heading\">1. La estrategia actual no est\u00e1 funcionando<\/h3>\n\n\n\n<p class=\"wp-block-paragraph\">Aunque los homicidios disminuyeron despu\u00e9s de que el presidente Enrique Pe\u00f1a Nieto asumi\u00f3 el cargo en 2012, el a\u00f1o <a href=\"https:\/\/es.insightcrime.org\/noticias\/noticias-del-dia\/mexico-mantiene-militarizacion-mientras-registra-ano-mas-letal\/\">2017 ha sido el m\u00e1s violento<\/a> en la historia reciente de M\u00e9xico. La violencia se ha extendido a nuevas regiones del pa\u00eds, e ir\u00f3nicamente la captura y muerte de importantes narcotraficantes ha causado la fragmentaci\u00f3n de las organizaciones criminales y ha generado m\u00e1s rivalidades, conflictos y violencia.<\/p>\n\n\n\n<p class=\"wp-block-paragraph\">Ante tantos problemas, los candidatos pueden elegir hacia d\u00f3nde dirigir la atenci\u00f3n. Andr\u00e9s Manuel L\u00f3pez Obrador (conocido por sus iniciales AMLO), del Movimiento Regeneraci\u00f3n Nacional (MORENA) \u2014y quien ha aspirado varias veces a la presidencia\u2014 llam\u00f3 la atenci\u00f3n sobre los casi 220.000 homicidios y 33.000 desapariciones que han ocurrido desde diciembre de 2006. Jos\u00e9 Antonio Meade, el candidato del Partido Revolucionario Institucional (PRI), actualmente en el poder, se refiri\u00f3 a la impunidad rampante.<\/p>\n\n\n\n<p class=\"wp-block-paragraph\"><span style=\"color: #993300;\"><strong>&nbsp; &nbsp; &nbsp; VEA TAMBI\u00c9N:<\/strong><\/span> <a href=\"https:\/\/es.insightcrime.org\/noticias-sobre-crimen-organizado-en-mexico\/\">Noticias y perfiles de M\u00e9xico<\/a><\/p>\n\n\n\n<p class=\"wp-block-paragraph\">\u201cLa estrategia no est\u00e1 funcionando; tenemos que cambiarla\u201d, dijo durante el debate Ricardo Anaya, del Partido Acci\u00f3n Nacional (PAN).<\/p>\n\n\n\n<p class=\"wp-block-paragraph\">Al candidato panista le ser\u00e1 dif\u00edcil convencer a los votantes de que \u00e9l podr\u00e1 hacer una mejor gesti\u00f3n. Felipe Calder\u00f3n, del PAN, lanz\u00f3 la estrategia bandera actual cuando asumi\u00f3 la presidencia en diciembre de 2006. No es de sorprender que la \u00fanica candidata que no critic\u00f3 la estrategia represiva del Gobierno haya sido la candidata independiente Margarita Zavala, esposa de Calder\u00f3n.<\/p>\n\n\n\n<h3 class=\"wp-block-heading\">2. Ausencia de nuevas ideas<\/h3>\n\n\n\n<p class=\"wp-block-paragraph\">La pregunta con la que se abri\u00f3 el debate fue: \u00bfC\u00f3mo cada candidato planea disminuir la inseguridad?, pero en las respuestas hubo muy pocas ideas realmente novedosas.<\/p>\n\n\n\n<p class=\"wp-block-paragraph\">AMLO habl\u00f3 de la importancia de reducir la pobreza, pero (como se le ha criticado constantemente), no ahond\u00f3 en el tema ni en la pol\u00e9mica propuesta que hizo a principios de este a\u00f1o de <a href=\"https:\/\/es.insightcrime.org\/noticias\/analisis\/puede-amnistia-reducir-violencia-mexico\/\">ofrecer amnist\u00eda<\/a> a los miembros de los carteles mexicanos de la droga. Recibi\u00f3 ataques de todos los dem\u00e1s candidatos por dicha propuesta, ante lo cual solo se\u00f1al\u00f3: \u201camnist\u00eda no significa impunidad\u201d.<\/p>\n\n\n\n<p class=\"wp-block-paragraph\">Los dem\u00e1s candidatos tampoco salieron bien librados, pues hicieron propuestas ambiguas y triviales, como la depuraci\u00f3n y expansi\u00f3n de la polic\u00eda, y la derrota de la impunidad. Meade defendi\u00f3 la creaci\u00f3n de un nuevo organismo de investigaciones, y Zavala propuso fortalecer los valores morales de M\u00e9xico.<\/p>\n\n\n\n<p class=\"wp-block-paragraph\">El <a href=\"https:\/\/www.reuters.com\/article\/us-mexico-politics\/mexican-governor-requests-leave-to-run-for-president-idUSKBN1EF05H\">candidato independiente Jaime Rodr\u00edguez<\/a> (mejor conocido como \u201cEl Bronco\u201d), actual gobernador del estado norte\u00f1o de Nuevo Le\u00f3n, plante\u00f3 la necesidad de \u201ccambiar el sistema de seguridad\u201d y prometi\u00f3 que, en caso de llegar a ser presidente, consultar\u00eda expertos que propongan nuevas ideas y el uso de nuevas tecnolog\u00edas en la lucha contra el crimen.<\/p>\n\n\n\n<p class=\"wp-block-paragraph\">La propuesta m\u00e1s concreta la hizo Anaya, quien resalt\u00f3 la importancia de \u201cdesarticular, en lugar de descabezar\u201d a los carteles y las pandillas de M\u00e9xico. Mencion\u00f3 el ejemplo de Italia, que logr\u00f3 acabar a toda una red, y no solo a sus principales l\u00edderes, gracias a una labor de inteligencia y a investigaciones criminales efectivas.<\/p>\n\n\n\n<p class=\"wp-block-paragraph\">Sus comentarios pueden interpretarse como una cr\u00edtica a las dos \u00faltimas administraciones, que han hecho \u00e9nfasis en acabar con los l\u00edderes de los carteles, el m\u00e1s prominente de los cuales es <a href=\"https:\/\/es.insightcrime.org\/noticias-crimen-organizado-mexico\/el-chapo\/\">Joaqu\u00edn Guzm\u00e1n Loera, alias \u201cEl Chapo\u201d<\/a>, quien fue recapturado por la actual administraci\u00f3n priista despu\u00e9s de <a href=\"https:\/\/es.insightcrime.org\/noticias\/noticias-del-dia\/asi-construyo-tunel-donde-escapo-chapo\/\">haberse fugado<\/a> por segunda vez de una prisi\u00f3n de alta seguridad de M\u00e9xico en el a\u00f1o 2015, y quien se encuentra actualmente en espera de juicio en Estados Unidos.<\/p>\n\n\n\n<p class=\"wp-block-paragraph\">Pero Anaya no explic\u00f3 de qu\u00e9 manera M\u00e9xico podr\u00e1 pasar de la llamada estrategia de capos a una estrategia mediante la cual se acabe con toda una red, y no solo con sus l\u00edderes.<\/p>\n\n\n\n<p class=\"wp-block-paragraph\">Sin embargo, El Bronco s\u00ed tuvo una idea: cortarles las manos a los criminales y a los pol\u00edticos corruptos \u2014propuesta que dej\u00f3 asombrada a una de las moderadoras del debate\u2014.<\/p>\n\n\n\n<h3 class=\"wp-block-heading\">3. Todos excepto AMLO est\u00e1n en contra de la amnist\u00eda<\/h3>\n\n\n\n<p class=\"wp-block-paragraph\">Durante el debate, cada uno de los candidatos tuvo la oportunidad de atacar a AMLO, quien es actualmente el favorito en las encuestas para las elecciones presidenciales de julio. En cuanto a sus propuestas de seguridad, todos dejaron claro que est\u00e1n en contra de ofrecer cualquier tipo de amnist\u00eda a los miembros de los grupos del crimen organizado. \u201cProponer el indulto para los delincuentes es una idea absurda que solo generar\u00e1 m\u00e1s violencia\u201d, dijo Anaya.<\/p>\n\n\n\n<p class=\"wp-block-paragraph\">AMLO, cuyos cr\u00edticos lo tildan de ingenuo, respondi\u00f3 a sus hom\u00f3logos pol\u00edticos (y a los jefes financieros de estos) diciendo que los l\u00edderes criminales son \u201cni\u00f1os de pecho\u201d comparados con los partidos pol\u00edticos y las instituciones de M\u00e9xico.<\/p>\n\n\n\n<h3 class=\"wp-block-heading\">4. La importancia de un fiscal general aut\u00f3nomo<\/h3>\n\n\n\n<p class=\"wp-block-paragraph\">Es ya un lugar com\u00fan (y hasta cierto punto c\u00f3mico) que en cada ciclo electoral todos los candidatos hablen de la importancia de nombrar un fiscal general aut\u00f3nomo que aborde la corrupci\u00f3n en todos los partidos pol\u00edticos y en las instituciones del pa\u00eds.<\/p>\n\n\n\n<p class=\"wp-block-paragraph\">Sorprendentemente, M\u00e9xico no ha tenido fiscal general durante seis meses. <a href=\"https:\/\/es.insightcrime.org\/noticias\/noticias-del-dia\/procurador-general-mexico-renuncia-medio-mayor-presion-para-combatir-corrupcion\/\">Ra\u00fal Cervantes Andrade renunci\u00f3 en octubre de 2017<\/a> despu\u00e9s de menos de un a\u00f1o en el cargo como fiscal general, y todav\u00eda no ha sido remplazado.<\/p>\n\n\n\n<p class=\"wp-block-paragraph\"><a href=\"https:\/\/es.insightcrime.org\/noticias\/analisis\/mexico-concluye-investigacion-sobre-caso-iguala-medio-dudas-generalizadas\/\">La administraci\u00f3n Pe\u00f1a Nieto se ha visto desfavorecida<\/a> por la precepci\u00f3n de que no ha logrado <a href=\"https:\/\/www.theguardian.com\/world\/2015\/aug\/21\/mexican-president-cleared-wrongdoing-mansion-contractor\">investigar efectivamente los esc\u00e1ndalos de corrupci\u00f3n en torno a la pareja presidencial<\/a>, as\u00ed como por <a href=\"https:\/\/es.insightcrime.org\/noticias\/analisis\/onu-senala-abusos-y-encubrimiento-en-investigacion-de-ayotzinapa-en-mexico\/\">enormes fallas<\/a> en la investigaci\u00f3n oficial sobre las violaciones a los derechos humanos relacionadas con el crimen organizado y la corrupci\u00f3n institucional.<\/p>\n\n\n\n<p class=\"wp-block-paragraph\">Al final, los mexicanos que siguieron el debate y que esperaban escuchar soluciones a la crisis de seguridad quedaron decepcionados. Con la posible excepci\u00f3n de AMLO y El Bronco, todos los dem\u00e1s candidatos hicieron el mismo tipo de promesas de siempre.<\/p>\n","protected":false},"excerpt":{"rendered":"<p>Las expectativas del electorado de M\u00e9xico, deseoso de escuchar soluciones pr\u00e1cticas para problemas como los niveles r\u00e9cord de homicidios y la compleja din\u00e1mica criminal, se vieron frustradas tras el primero de los tres debates presidenciales previos a las elecciones de julio, pues los candidatos no dieron se\u00f1ales esperanzadoras de cambio.<\/p>\n","protected":false},"author":75,"featured_media":83036,"comment_status":"closed","ping_status":"closed","sticky":false,"template":"","format":"standard","meta":{"newspack_ads_suppress_ads":false,"newspack_popups_has_disabled_popups":false,"newspack_sponsor_sponsorship_scope":"","newspack_sponsor_native_byline_display":"inherit","newspack_sponsor_native_category_display":"inherit","newspack_sponsor_underwriter_style":"inherit","newspack_sponsor_underwriter_placement":"inherit","_EventAllDay":false,"_EventTimezone":"","_EventStartDate":"","_EventEndDate":"","_EventStartDateUTC":"","_EventEndDateUTC":"","_EventShowMap":false,"_EventShowMapLink":false,"_EventURL":"","_EventCost":"","_EventCostDescription":"","_EventCurrencySymbol":"","_EventCurrencyCode":"","_EventCurrencyPosition":"","_EventDateTimeSeparator":"","_EventTimeRangeSeparator":"","_EventOrganizerID":[],"_EventVenueID":[],"_OrganizerEmail":"","_OrganizerPhone":"","_OrganizerWebsite":"","_VenueAddress":"","_VenueCity":"","_VenueCountry":"","_VenueProvince":"","_VenueState":"","_VenueZip":"","_VenuePhone":"","_VenueURL":"","_VenueStateProvince":"","_VenueLat":"","_VenueLng":"","_VenueShowMap":false,"_VenueShowMapLink":false,"_newspack_byline_active":false,"_newspack_byline":"","newspack_hide_updated_date":false,"newspack_show_updated_date":false,"newspack_featured_image_position":"","newspack_post_subtitle":"","newspack_article_summary_title":"Overview:","newspack_article_summary":"","_jetpack_memberships_contains_paid_content":false,"footnotes":""},"categories":[759],"tags":[4548,4696,452,406,438],"newspack_spnsrs_tax":[],"coauthors":[4034],"class_list":["post-83081","post","type-post","status-publish","format-standard","has-post-thumbnail","hentry","category-noticias","tag-elecciones-crimen-organizado","tag-elecciones-crimen-mexico","tag-homicidios","tag-mexico-pais","tag-politicas-de-seguridad","entry"],"parsely":{"version":"1.1.0","canonical_url":"https:\/\/insightcrime.org\/es\/noticias\/4-conclusiones-del-debate-presidencial-en-mexico\/","smart_links":{"inbound":0,"outbound":0},"traffic_boost_suggestions_count":0,"meta":{"@context":"https:\/\/schema.org","@type":"NewsArticle","headline":"4 conclusiones del debate presidencial en M\u00e9xico","url":"http:\/\/insightcrime.org\/es\/noticias\/4-conclusiones-del-debate-presidencial-en-mexico\/","mainEntityOfPage":{"@type":"WebPage","@id":"http:\/\/insightcrime.org\/es\/noticias\/4-conclusiones-del-debate-presidencial-en-mexico\/"},"thumbnailUrl":"https:\/\/i0.wp.com\/insightcrime.org\/wp-content\/uploads\/2018\/04\/mexicodebate2018-04-23.jpg?resize=150%2C150&quality=100&ssl=1","image":{"@type":"ImageObject","url":"https:\/\/i0.wp.com\/insightcrime.org\/wp-content\/uploads\/2018\/04\/mexicodebate2018-04-23.jpg?fit=350%2C250&quality=100&ssl=1"},"articleSection":"Noticias","author":[{"@type":"Person","name":"Deborah Bonello"}],"creator":["Deborah Bonello"],"publisher":{"@type":"Organization","name":"InSight Crime","logo":"https:\/\/insightcrime.org\/wp-content\/uploads\/2023\/08\/logo.png"},"keywords":["elecciones y crimen","elecciones y crimen: m\u00e9xico","homicidios","m\u00e9xico","pol\u00edticas de seguridad"],"dateCreated":"2018-04-23T18:17:42Z","datePublished":"2018-04-23T18:17:42Z","dateModified":"2024-07-25T14:36:06Z"},"rendered":"<meta name=\"parsely-title\" content=\"4 conclusiones del debate presidencial en M\u00e9xico\" \/>\n<meta name=\"parsely-link\" content=\"http:\/\/insightcrime.org\/es\/noticias\/4-conclusiones-del-debate-presidencial-en-mexico\/\" \/>\n<meta name=\"parsely-type\" content=\"post\" \/>\n<meta name=\"parsely-image-url\" content=\"https:\/\/i0.wp.com\/insightcrime.org\/wp-content\/uploads\/2018\/04\/mexicodebate2018-04-23.jpg?resize=150%2C150&amp;quality=100&amp;ssl=1\" \/>\n<meta name=\"parsely-pub-date\" content=\"2018-04-23T18:17:42Z\" \/>\n<meta name=\"parsely-section\" content=\"Noticias\" \/>\n<meta name=\"parsely-tags\" content=\"elecciones y crimen,elecciones y crimen: m\u00e9xico,homicidios,m\u00e9xico,pol\u00edticas de seguridad\" \/>\n<meta name=\"parsely-author\" content=\"Deborah Bonello\" \/>","tracker_url":"https:\/\/cdn.parsely.com\/keys\/insightcrime.org\/p.js"},"jetpack_sharing_enabled":true,"jetpack-related-posts":[{"id":266031,"url":"https:\/\/insightcrime.org\/es\/noticias\/crimen-organizado-principal-riesgo-ano-electoral-america-latina\/","url_meta":{"origin":83081,"position":0},"title":"Crimen organizado, principal riesgo en un a\u00f1o electoral cr\u00edtico para Am\u00e9rica Latina","author":"Sam Woolston","date":"24 de enero de 2024","format":false,"excerpt":"El crimen organizado y la inseguridad son los principales riesgos pol\u00edticos que enfrenta Am\u00e9rica Latina en 2024, un a\u00f1o electoral crucial, seg\u00fan un nuevo informe que subraya la compleja situaci\u00f3n de seguridad a la que se enfrentar\u00e1n los nuevos l\u00edderes electos.","rel":"","context":"En \u00abNoticias\u00bb","block_context":{"text":"Noticias","link":"https:\/\/insightcrime.org\/es\/category\/noticias\/"},"img":{"alt_text":"A man casts his vote in Mexico Un hombre deposita su voto en M\u00e9xico","src":"https:\/\/i0.wp.com\/insightcrime.org\/wp-content\/uploads\/2023\/08\/Option-III.jpeg?fit=350%2C250&quality=100&ssl=1&resize=350%2C200","width":350,"height":200},"classes":[]},{"id":232579,"url":"https:\/\/insightcrime.org\/es\/noticias\/criminales-violencia-electoral-mexico-brasil\/","url_meta":{"origin":83081,"position":1},"title":"Grupos criminales usan violencia electoral en M\u00e9xico y Brasil, seg\u00fan estudio","author":"Christopher Newton","date":"29 de junio de 2023","format":false,"excerpt":"Los actos de violencia dirigidos directamente contra representantes de gobierno son m\u00e1s comunes en M\u00e9xico y Brasil que en otros lugares el mundo.","rel":"","context":"En \u00abNoticias\u00bb","block_context":{"text":"Noticias","link":"https:\/\/insightcrime.org\/es\/category\/noticias\/"},"img":{"alt_text":"Un polic\u00eda armado en uno de los barrios de Brasil, conocidos como favelas","src":"https:\/\/i0.wp.com\/insightcrime.org\/wp-content\/uploads\/2023\/09\/18-04-17-Brazil-Militias.jpeg?fit=350%2C250&quality=100&ssl=1&resize=350%2C200","width":350,"height":200},"classes":[]},{"id":294058,"url":"https:\/\/insightcrime.org\/es\/noticias\/decapitacion-alcalde-inquietante-senal-crisis-eguridad-nueva-presidenta-mexico\/","url_meta":{"origin":83081,"position":2},"title":"Decapitaci\u00f3n de un alcalde es una inquietante se\u00f1al de la crisis de seguridad que afronta la nueva presidenta de M\u00e9xico","author":"Parker Asmann","date":"8 de octubre de 2024","format":false,"excerpt":"Un grupo de hombres armados asesin\u00f3 y decapit\u00f3 al alcalde de una importante ciudad del suroeste de M\u00e9xico menos de una semana despu\u00e9s de que asumiera el cargo, resaltando la tit\u00e1nica tarea que enfrenta la nueva presidenta del pa\u00eds para resolver una situaci\u00f3n de seguridad p\u00fablica cada vez m\u00e1s grave.","rel":"","context":"En \u00abNoticias\u00bb","block_context":{"text":"Noticias","link":"https:\/\/insightcrime.org\/es\/category\/noticias\/"},"img":{"alt_text":"Imagen principal: El alcalde de Chilpancingo, Alejandro Arcos Catal\u00e1n, se dirige a la multitud al tomar posesi\u00f3n como edil. Cr\u00e9dito: El Financiero","src":"https:\/\/i0.wp.com\/insightcrime.org\/wp-content\/uploads\/2024\/10\/2024-10-08-Chilpancingo-Killing.jpg?fit=350%2C250&quality=100&ssl=1&resize=350%2C200","width":350,"height":200},"classes":[]},{"id":298313,"url":"https:\/\/insightcrime.org\/es\/noticias\/gamechangers-2024-crimen-organizado-vuelve-politico\/","url_meta":{"origin":83081,"position":3},"title":"GameChangers 2024: El crimen organizado se vuelve pol\u00edtico","author":"Mike LaSusa","date":"30 de diciembre de 2024","format":false,"excerpt":"En este \u00faltimo a\u00f1o, las organizaciones criminales demostraron que representan una amenaza creciente para la democracia en Am\u00e9rica Latina y el Caribe, pues ejercieron una nefasta influencia sobre varias elecciones y situaciones pol\u00edticas en toda la regi\u00f3n.\u00a0","rel":"","context":"En \u00abNoticias\u00bb","block_context":{"text":"Noticias","link":"https:\/\/insightcrime.org\/es\/category\/noticias\/"},"img":{"alt_text":"","src":"https:\/\/i0.wp.com\/insightcrime.org\/wp-content\/uploads\/2024\/12\/3-Gamechangers-2024-OC-Gets-Political-1-1.jpg?fit=1200%2C576&quality=100&ssl=1&resize=350%2C200","width":350,"height":200,"srcset":"https:\/\/i0.wp.com\/insightcrime.org\/wp-content\/uploads\/2024\/12\/3-Gamechangers-2024-OC-Gets-Political-1-1.jpg?fit=1200%2C576&quality=100&ssl=1&resize=350%2C200 1x, https:\/\/i0.wp.com\/insightcrime.org\/wp-content\/uploads\/2024\/12\/3-Gamechangers-2024-OC-Gets-Political-1-1.jpg?fit=1200%2C576&quality=100&ssl=1&resize=525%2C300 1.5x, https:\/\/i0.wp.com\/insightcrime.org\/wp-content\/uploads\/2024\/12\/3-Gamechangers-2024-OC-Gets-Political-1-1.jpg?fit=1200%2C576&quality=100&ssl=1&resize=700%2C400 2x, https:\/\/i0.wp.com\/insightcrime.org\/wp-content\/uploads\/2024\/12\/3-Gamechangers-2024-OC-Gets-Political-1-1.jpg?fit=1200%2C576&quality=100&ssl=1&resize=1050%2C600 3x"},"classes":[]},{"id":265352,"url":"https:\/\/insightcrime.org\/es\/noticias\/elecciones-2024-mexico-podrian-detonar-violentos-reacomodos-criminales\/","url_meta":{"origin":83081,"position":4},"title":"Elecciones de 2024 en M\u00e9xico podr\u00edan detonar violentos reacomodos criminales","author":"Parker Asmann","date":"15 de enero de 2024","format":false,"excerpt":"El panorama criminal de M\u00e9xico, cada vez m\u00e1s diverso y horizontal, podr\u00eda entrar en un periodo de agitaci\u00f3n violenta a ra\u00edz de los cambios pol\u00edticos derivados de las elecciones federales previstas para junio de 2024, seg\u00fan un informe que se publicar\u00e1 pr\u00f3ximamente.","rel":"","context":"En \u00abNoticias\u00bb","block_context":{"text":"Noticias","link":"https:\/\/insightcrime.org\/es\/category\/noticias\/"},"img":{"alt_text":"","src":"https:\/\/i0.wp.com\/insightcrime.org\/wp-content\/uploads\/2024\/01\/2024-01-12-Mexico-2024-Election-Cycle.jpeg?fit=350%2C250&quality=100&ssl=1&resize=350%2C200","width":350,"height":200},"classes":[]},{"id":294829,"url":"https:\/\/insightcrime.org\/es\/news\/mexico-provocando-guerra-criminal-migrantes-tabasco\/","url_meta":{"origin":83081,"position":5},"title":"\u00bfEst\u00e1 M\u00e9xico provocando una guerra criminal al enviar migrantes a Tabasco?","author":"Peter Appleby","date":"18 de octubre de 2024","format":false,"excerpt":"Mientras el estado de Tabasco, en el sur de M\u00e9xico, se enfrenta a las secuelas de una ola de violencia, una pol\u00edtica no oficial est\u00e1 canalizando hacia all\u00ed a migrantes vulnerables, lo que proporciona a los grupos de crimen organizado m\u00e1s oportunidades criminales de obtener beneficios.","rel":"","context":"En \u00abNews\u00bb","block_context":{"text":"News","link":"https:\/\/insightcrime.org\/category\/news\/"},"img":{"alt_text":"Mexico's Guardia Nacional respond to violence in Tabasco.","src":"https:\/\/i0.wp.com\/insightcrime.org\/wp-content\/uploads\/2024\/10\/tabasco-police-violence.jpg?fit=350%2C250&quality=100&ssl=1&resize=350%2C200","width":350,"height":200},"classes":[]}],"jetpack_featured_media_url":"https:\/\/i0.wp.com\/insightcrime.org\/wp-content\/uploads\/2018\/04\/mexicodebate2018-04-23.jpg?fit=350%2C250&quality=100&ssl=1","_links":{"self":[{"href":"https:\/\/insightcrime.org\/es\/wp-json\/wp\/v2\/posts\/83081","targetHints":{"allow":["GET"]}}],"collection":[{"href":"https:\/\/insightcrime.org\/es\/wp-json\/wp\/v2\/posts"}],"about":[{"href":"https:\/\/insightcrime.org\/es\/wp-json\/wp\/v2\/types\/post"}],"author":[{"embeddable":true,"href":"https:\/\/insightcrime.org\/es\/wp-json\/wp\/v2\/users\/75"}],"replies":[{"embeddable":true,"href":"https:\/\/insightcrime.org\/es\/wp-json\/wp\/v2\/comments?post=83081"}],"version-history":[{"count":6,"href":"https:\/\/insightcrime.org\/es\/wp-json\/wp\/v2\/posts\/83081\/revisions"}],"predecessor-version":[{"id":285373,"href":"https:\/\/insightcrime.org\/es\/wp-json\/wp\/v2\/posts\/83081\/revisions\/285373"}],"wp:featuredmedia":[{"embeddable":true,"href":"https:\/\/insightcrime.org\/es\/wp-json\/wp\/v2\/media\/83036"}],"wp:attachment":[{"href":"https:\/\/insightcrime.org\/es\/wp-json\/wp\/v2\/media?parent=83081"}],"wp:term":[{"taxonomy":"category","embeddable":true,"href":"https:\/\/insightcrime.org\/es\/wp-json\/wp\/v2\/categories?post=83081"},{"taxonomy":"post_tag","embeddable":true,"href":"https:\/\/insightcrime.org\/es\/wp-json\/wp\/v2\/tags?post=83081"},{"taxonomy":"newspack_spnsrs_tax","embeddable":true,"href":"https:\/\/insightcrime.org\/es\/wp-json\/wp\/v2\/newspack_spnsrs_tax?post=83081"},{"taxonomy":"author","embeddable":true,"href":"https:\/\/insightcrime.org\/es\/wp-json\/wp\/v2\/coauthors?post=83081"}],"curies":[{"name":"wp","href":"https:\/\/api.w.org\/{rel}","templated":true}]}}