{"id":8318,"date":"2015-11-04T13:28:37","date_gmt":"2017-03-28T00:12:18","guid":{"rendered":"http:\/\/newwp.insightcrime.org?p=8318"},"modified":"2023-04-24T15:48:44","modified_gmt":"2023-04-24T20:48:44","slug":"como-afecta-violencia-jovenes-triangulo-norte","status":"publish","type":"post","link":"https:\/\/insightcrime.org\/es\/noticias\/noticias-del-dia\/como-afecta-violencia-jovenes-triangulo-norte\/","title":{"rendered":"C\u00f3mo afecta la violencia a los j\u00f3venes del Tri\u00e1ngulo Norte"},"content":{"rendered":"\n<p class=\"wp-block-paragraph\">Un reciente informe detalla c\u00f3mo los j\u00f3venes de la regi\u00f3n del Tri\u00e1ngulo Norte en Centroam\u00e9rica (El Salvador, Guatemala, Honduras) se ven obligados a vivir bajo la agobiante amenaza de la violencia de pandillas.<\/p>\n\n\n\n<p class=\"wp-block-paragraph\">En estos pa\u00edses, decisiones como por qu\u00e9 calle se transita, qu\u00e9 ropa se usa y c\u00f3mo <a href=\"\/noticias\/analisis\/panico-prohibicion-ms-llevar-cabello-rubio-mercados-honduras\" target=\"_blank\">se lleva el cabello<\/a> pueden tener consecuencias fatales, afirma <a href=\"https:\/\/www.laprensa.hn\/honduras\/895794-410\/hondure%C3%B1os-cambian-su-estilo-de-vida-por-la-violencia\" target=\"_blank\">un informe<\/a> del diario hondure\u00f1o La Prensa.<\/p>\n\n\n\n<p class=\"wp-block-paragraph\">\u201cEs loco\u201d, citan las palabras de Mauricio Cornejo de 18 a\u00f1os. \u201cNo se puede usar zapatos de marcas espec\u00edficas, porque son parte del estilo pandillero y te pueden confundir\u201d.<\/p>\n\n\n\n<p class=\"wp-block-paragraph\">Al igual que muchos j\u00f3venes en los centros urbanos del Tri\u00e1ngulo Norte, Cornejo reside en un territorio que se disputan <a href=\"\/noticias\/noticias-del-dia\/radiografia-pandillas-callejeras-poderosas-honduras\" target=\"_blank\">las dos pandillas m\u00e1s poderosas de la regi\u00f3n<\/a>, la Mara Salvatrucha 13 (MS13) y Barrio 18. Los peatones en la calle pueden ser amenazados de muerte por cualquiera de las dos.<\/p>\n\n\n\n<p class=\"wp-block-paragraph\">M\u00e1s de la mitad de las v\u00edctimas de homicidio en el Tri\u00e1ngulo Norte son menores de 25 a\u00f1os, indic\u00f3 La Prensa. Como resultado de este entorno amenazante, los j\u00f3venes de la regi\u00f3n muchas veces prefieren quedarse en sus casas.<\/p>\n\n\n\n<p class=\"wp-block-paragraph\">\u201cYa no podemos ir a la plaza o a las canchas, porque en cualquier momento las pandillas se enfrentan\u201d, coment\u00f3 a La Prensa el universitario salvadore\u00f1o Humberto Garc\u00eda.<\/p>\n\n\n\n<p class=\"wp-block-paragraph\">Las limitaciones impuestas por la violencia a los j\u00f3venes se extienden m\u00e1s all\u00e1 de sus vidas sociales a sus futuras perspectivas de trabajo. Los j\u00f3venes est\u00e1n expuestos a que se los rechace para un empleo por parte de empleadores que exigen prueba de un historial penal limpio, seg\u00fan el informe.<\/p>\n\n\n\n<p class=\"wp-block-paragraph\">Aun peor, las pandillas suelen reclutar adolescentes y ni\u00f1os hasta de ocho a\u00f1os para sus filas.<\/p>\n\n\n\n<h3 class=\"wp-block-heading\">An\u00e1lisis de InSight Crime<\/h3>\n\n\n\n<p class=\"wp-block-paragraph\">El informe pone bajo la lupa la manera como la desenfrenada violencia de pandillas en el Tri\u00e1ngulo Norte afecta a los j\u00f3venes en formas tanto leves como profundas. Dada la envergadura de las consecuencias del crimen y la violencia en la regi\u00f3n, es f\u00e1cil perder de vista c\u00f3mo se sufren estas amenazas a la seguridad en el \u00e1mbito individual.&nbsp;&nbsp;<\/p>\n\n\n\n<p class=\"wp-block-paragraph\">Nacidas en Los Angeles, la llegada de la MS13 y de Barrio 18 al Tri\u00e1ngulo Norte en los a\u00f1os noventa \u2014facilitada por las severas leyes de deportaci\u00f3n de Estados Unidos\u2014 las puso en medio de los turbulentos periodos de posguerra, cuando la ley y el orden estaban debilitados. Este terreno f\u00e9rtil para la actividad criminal permiti\u00f3 que las pandillas prosperaran, y a pesar de las pol\u00edticas represivas de \u201c<a href=\"\/investigations\/how-mano-dura-is-strengthening-gangs\" target=\"_blank\">mano dura<\/a>\u201d impuestas sobre aqu\u00e9llas, los pa\u00edses del Tri\u00e1ngulo Norte se cuentan ahora entre los cinco m\u00e1s violentos de toda Latinoam\u00e9rica. En El Salvador, la explosi\u00f3n de la violencia de pandillas ha generado tasas de homicidios que no se ve\u00edan desde <a href=\"\/noticias\/noticias-del-dia\/records-violencia-desplazamiento-el-salvador-recuerdan-pasada-guerra-civil\" target=\"_blank\">la guerra civil en el pa\u00eds<\/a>.<\/p>\n\n\n\n<p class=\"wp-block-paragraph\"><strong><span style=\"color: #800000\">VEA TAMBI\u00c9N:<\/span><\/strong> <a href=\"\/investigations\/how-mano-dura-is-strengthening-gangs\" target=\"_blank\">Cobertura sobre homicidios<\/a><\/p>\n\n\n\n<p class=\"wp-block-paragraph\">La explosi\u00f3n del crimen organizado en el Tri\u00e1ngulo Norte en el periodo de posguerra pone sobre la mesa la pregunta de c\u00f3mo har\u00e1 Colombia su transici\u00f3n a la paz despu\u00e9s de m\u00e1s de medio siglo de conflicto armado. En septiembre pasado, el gobierno de Colombia y el mayor grupo insurgente del pa\u00eds, las Fuerzas Armadas Revolucionarias de Colombia (FARC), anunciaron que llegar\u00e1n a un tratado de paz definitivo <a href=\"\/noticias\/analisis\/vacios-acuerdo-gobierno-colombia-farc\" target=\"_blank\">en marzo del pr\u00f3ximo a\u00f1o<\/a>. Pero hay preocupaciones de que el crimen organizado simplemente <a href=\"\/investigaciones\/farc-paz-y-posible-criminalizacion\" target=\"_blank\">llene el vac\u00edo<\/a> que en la ilegalidad colombiana deje la salida de las FARC, llevando a un nuevo ciclo de crimen y violencia.<\/p>\n","protected":false},"excerpt":{"rendered":"<p>Un reciente informe detalla c\u00f3mo los j\u00f3venes de la regi\u00f3n del Tri\u00e1ngulo Norte en Centroam\u00e9rica (El Salvador, Guatemala, Honduras) se ven obligados a vivir bajo la agobiante amenaza de la violencia de pandillas.<\/p>\n","protected":false},"author":41,"featured_media":43452,"comment_status":"closed","ping_status":"closed","sticky":false,"template":"","format":"standard","meta":{"newspack_ads_suppress_ads":false,"newspack_popups_has_disabled_popups":false,"newspack_sponsor_sponsorship_scope":"","newspack_sponsor_native_byline_display":"inherit","newspack_sponsor_native_category_display":"inherit","newspack_sponsor_underwriter_style":"inherit","newspack_sponsor_underwriter_placement":"inherit","_EventAllDay":false,"_EventTimezone":"","_EventStartDate":"","_EventEndDate":"","_EventStartDateUTC":"","_EventEndDateUTC":"","_EventShowMap":false,"_EventShowMapLink":false,"_EventURL":"","_EventCost":"","_EventCostDescription":"","_EventCurrencySymbol":"","_EventCurrencyCode":"","_EventCurrencyPosition":"","_EventDateTimeSeparator":"","_EventTimeRangeSeparator":"","_EventOrganizerID":[],"_EventVenueID":[],"_OrganizerEmail":"","_OrganizerPhone":"","_OrganizerWebsite":"","_VenueAddress":"","_VenueCity":"","_VenueCountry":"","_VenueProvince":"","_VenueState":"","_VenueZip":"","_VenuePhone":"","_VenueURL":"","_VenueStateProvince":"","_VenueLat":"","_VenueLng":"","_VenueShowMap":false,"_VenueShowMapLink":false,"_newspack_byline_active":false,"_newspack_byline":"","newspack_hide_updated_date":false,"newspack_show_updated_date":false,"newspack_featured_image_position":"","newspack_post_subtitle":"","newspack_article_summary_title":"Overview:","newspack_article_summary":"","_jetpack_memberships_contains_paid_content":false,"footnotes":""},"categories":[334],"tags":[375,1540,374,452,398,1500],"newspack_spnsrs_tax":[],"coauthors":[3911],"class_list":["post-8318","post","type-post","status-publish","format-standard","has-post-thumbnail","hentry","category-noticias-del-dia","tag-barrio-18-grupo","tag-el-salvador-pais","tag-guatemala-pais","tag-homicidios","tag-honduras-pais","tag-ms13-es","entry"],"parsely":{"version":"1.1.0","canonical_url":"https:\/\/insightcrime.org\/es\/noticias\/noticias-del-dia\/como-afecta-violencia-jovenes-triangulo-norte\/","smart_links":{"inbound":0,"outbound":0},"traffic_boost_suggestions_count":0,"meta":{"@context":"https:\/\/schema.org","@type":"NewsArticle","headline":"C\u00f3mo afecta la violencia a los j\u00f3venes del Tri\u00e1ngulo Norte","url":"http:\/\/insightcrime.org\/es\/noticias\/noticias-del-dia\/como-afecta-violencia-jovenes-triangulo-norte\/","mainEntityOfPage":{"@type":"WebPage","@id":"http:\/\/insightcrime.org\/es\/noticias\/noticias-del-dia\/como-afecta-violencia-jovenes-triangulo-norte\/"},"thumbnailUrl":"https:\/\/i0.wp.com\/insightcrime.org\/wp-content\/uploads\/2015\/11\/es-15-11-02-HondurasYouth.jpg?resize=150%2C150&quality=100&ssl=1","image":{"@type":"ImageObject","url":"https:\/\/i0.wp.com\/insightcrime.org\/wp-content\/uploads\/2015\/11\/es-15-11-02-HondurasYouth.jpg?fit=250%2C167&quality=100&ssl=1"},"articleSection":"Noticias del d\u00eda","author":[{"@type":"Person","name":"Arron Daugherty"}],"creator":["Arron Daugherty"],"publisher":{"@type":"Organization","name":"InSight Crime","logo":"https:\/\/insightcrime.org\/wp-content\/uploads\/2023\/08\/logo.png"},"keywords":["barrio 18","el salvador","guatemala","homicidios","honduras","ms13"],"dateCreated":"2017-03-28T00:12:18Z","datePublished":"2017-03-28T00:12:18Z","dateModified":"2023-04-24T20:48:44Z"},"rendered":"<meta name=\"parsely-title\" content=\"C\u00f3mo afecta la violencia a los j\u00f3venes del Tri\u00e1ngulo Norte\" \/>\n<meta name=\"parsely-link\" content=\"http:\/\/insightcrime.org\/es\/noticias\/noticias-del-dia\/como-afecta-violencia-jovenes-triangulo-norte\/\" \/>\n<meta name=\"parsely-type\" content=\"post\" \/>\n<meta name=\"parsely-image-url\" content=\"https:\/\/i0.wp.com\/insightcrime.org\/wp-content\/uploads\/2015\/11\/es-15-11-02-HondurasYouth.jpg?resize=150%2C150&amp;quality=100&amp;ssl=1\" \/>\n<meta name=\"parsely-pub-date\" content=\"2017-03-28T00:12:18Z\" \/>\n<meta name=\"parsely-section\" content=\"Noticias del d\u00eda\" \/>\n<meta name=\"parsely-tags\" content=\"barrio 18,el salvador,guatemala,homicidios,honduras,ms13\" \/>\n<meta name=\"parsely-author\" content=\"Arron Daugherty\" \/>","tracker_url":"https:\/\/cdn.parsely.com\/keys\/insightcrime.org\/p.js"},"jetpack_sharing_enabled":true,"jetpack-related-posts":[{"id":200273,"url":"https:\/\/insightcrime.org\/es\/noticias\/prisiones-del-triangulo-norte-siguen-siendo-focos-de-extorsion-segun-informe\/","url_meta":{"origin":8318,"position":0},"title":"Prisiones del Tri\u00e1ngulo Norte siguen siendo focos de extorsi\u00f3n, seg\u00fan informe","author":"Sean Doherty","date":"3 de octubre de 2022","format":false,"excerpt":"Un reciente informe sobre la extorsi\u00f3n en el Tri\u00e1ngulo Norte (Guatemala, Honduras y El Salvador) se\u00f1ala que las pol\u00edticas de encarcelamiento pueden ser un factor que agrava los problemas de extorsi\u00f3n en la regi\u00f3n.","rel":"","context":"En \u00abNoticias\u00bb","block_context":{"text":"Noticias","link":"https:\/\/insightcrime.org\/es\/category\/noticias\/"},"img":{"alt_text":"Presos hacinados en celdas de El Salvador","src":"https:\/\/i0.wp.com\/insightcrime.org\/wp-content\/uploads\/2022\/09\/el-salvador-prison-extortion-1.jpeg?fit=350%2C250&quality=100&ssl=1&resize=350%2C200","width":350,"height":200},"classes":[]},{"id":130167,"url":"https:\/\/insightcrime.org\/es\/la-organizacion\/eventos-fic-crimen-fronterizo-triangulo-norte-triple-frontera\/","url_meta":{"origin":8318,"position":1},"title":"Eventos InSight Crime: Crimen fronterizo &#8211; El Tri\u00e1ngulo Norte y la Triple Frontera","author":"InSight Crime","date":"25 de enero de 2021","format":false,"excerpt":"En varios ciclos de extensas investigaciones de campo, nuestros investigadores han analizado y situado las principales econom\u00edas il\u00edcitas y los mayores grupos criminales presentes en 39\u00a0departamentos fronterizos distribuidos en los seis pa\u00edses el estudio: el tr\u00edo de Guatemala, Honduras y\u00a0El Salvador,\u00a0que conforman el Tri\u00e1ngulo Norte, y la Triple Frontera de\u2026","rel":"","context":"En \u00abLa Organizaci\u00f3n\u00bb","block_context":{"text":"La Organizaci\u00f3n","link":"https:\/\/insightcrime.org\/es\/category\/la-organizacion\/"},"img":{"alt_text":"","src":"https:\/\/i0.wp.com\/insightcrime.org\/wp-content\/uploads\/2021\/01\/Cover-picture-article-NT-TBA-Events-2021-.jpg?fit=1200%2C629&quality=100&ssl=1&resize=350%2C200","width":350,"height":200,"srcset":"https:\/\/i0.wp.com\/insightcrime.org\/wp-content\/uploads\/2021\/01\/Cover-picture-article-NT-TBA-Events-2021-.jpg?fit=1200%2C629&quality=100&ssl=1&resize=350%2C200 1x, https:\/\/i0.wp.com\/insightcrime.org\/wp-content\/uploads\/2021\/01\/Cover-picture-article-NT-TBA-Events-2021-.jpg?fit=1200%2C629&quality=100&ssl=1&resize=525%2C300 1.5x, https:\/\/i0.wp.com\/insightcrime.org\/wp-content\/uploads\/2021\/01\/Cover-picture-article-NT-TBA-Events-2021-.jpg?fit=1200%2C629&quality=100&ssl=1&resize=700%2C400 2x, https:\/\/i0.wp.com\/insightcrime.org\/wp-content\/uploads\/2021\/01\/Cover-picture-article-NT-TBA-Events-2021-.jpg?fit=1200%2C629&quality=100&ssl=1&resize=1050%2C600 3x"},"classes":[]},{"id":173225,"url":"https:\/\/insightcrime.org\/es\/noticias\/tres-modelos-violencia-pueden-dar-esperanza-latinoamerica\/","url_meta":{"origin":8318,"position":2},"title":"Tres modelos contra la violencia que pueden dar esperanza en Latinoam\u00e9rica","author":"Kai Bernier-Chen","date":"13 de diciembre de 2021","format":false,"excerpt":"La reducci\u00f3n de la violencia de pandillas por lo general depende en buena medida de las condiciones locales, pero un reciente informe analiza c\u00f3mo podr\u00edan aplicarse en M\u00e9xico y el Tri\u00e1ngulo Norte algunos modelos que han tenido \u00e9xito en Estados Unidos.","rel":"","context":"En \u00abNoticias\u00bb","block_context":{"text":"Noticias","link":"https:\/\/insightcrime.org\/es\/category\/noticias\/"},"img":{"alt_text":"","src":"https:\/\/i0.wp.com\/insightcrime.org\/wp-content\/uploads\/2021\/12\/students.jpeg?fit=780%2C439&quality=100&ssl=1&resize=350%2C200","width":350,"height":200,"srcset":"https:\/\/i0.wp.com\/insightcrime.org\/wp-content\/uploads\/2021\/12\/students.jpeg?fit=780%2C439&quality=100&ssl=1&resize=350%2C200 1x, https:\/\/i0.wp.com\/insightcrime.org\/wp-content\/uploads\/2021\/12\/students.jpeg?fit=780%2C439&quality=100&ssl=1&resize=525%2C300 1.5x, https:\/\/i0.wp.com\/insightcrime.org\/wp-content\/uploads\/2021\/12\/students.jpeg?fit=780%2C439&quality=100&ssl=1&resize=700%2C400 2x"},"classes":[]},{"id":129599,"url":"https:\/\/insightcrime.org\/es\/noticias\/desafios-seguridad-biden-en-centroamerica\/","url_meta":{"origin":8318,"position":3},"title":"Sin margen de espera: los desaf\u00edos de seguridad de Biden en Centroam\u00e9rica","author":"Seth Robbins","date":"20 de enero de 2021","format":false,"excerpt":"Frente a los desaf\u00edos de una pandemia fatal, puede disculparse al presidente Joe Biden por no tener la seguridad en Centroam\u00e9rica entre los principales pendientes de su agenda desde el d\u00eda uno o el 100 para el caso.","rel":"","context":"En \u00abNoticias\u00bb","block_context":{"text":"Noticias","link":"https:\/\/insightcrime.org\/es\/category\/noticias\/"},"img":{"alt_text":"Joe Biden Juan Orlando Hern\u00e1ndez Tri\u00e1ngulo Norte","src":"https:\/\/i0.wp.com\/insightcrime.org\/wp-content\/uploads\/2021\/01\/Biden-CentralAmerica-Presidents.jpg?fit=350%2C250&quality=100&ssl=1&resize=350%2C200","width":350,"height":200},"classes":[]},{"id":4910,"url":"https:\/\/insightcrime.org\/es\/noticias-crimen-organizado-el-salvador\/mara-salvatrucha-ms-13-perfil\/","url_meta":{"origin":8318,"position":4},"title":"Mara Salvatrucha (MS13)","author":"InSight Crime","date":"3 de abril de 2025","format":false,"excerpt":"La Mara Salvatrucha, o MS13, es tal vez la pandilla callejera m\u00e1s conocida en el hemisferio occidental. Aunque tiene sus or\u00edgenes en la d\u00e9cada de los ochenta en los barrios pobres de refugiados de Los \u00c1ngeles, el alcance de la pandilla ahora se extiende desde pa\u00edses centroamericanos como El Salvador\u2026","rel":"","context":"En \u00abEl Salvador\u00bb","block_context":{"text":"El Salvador","link":"https:\/\/insightcrime.org\/es\/category\/noticias-crimen-organizado-el-salvador\/"},"img":{"alt_text":"MS13","src":"https:\/\/i0.wp.com\/insightcrime.org\/wp-content\/uploads\/2026\/05\/Grupo-Criminal-MS13-1.jpg?fit=1200%2C900&quality=100&ssl=1&resize=350%2C200","width":350,"height":200,"srcset":"https:\/\/i0.wp.com\/insightcrime.org\/wp-content\/uploads\/2026\/05\/Grupo-Criminal-MS13-1.jpg?fit=1200%2C900&quality=100&ssl=1&resize=350%2C200 1x, https:\/\/i0.wp.com\/insightcrime.org\/wp-content\/uploads\/2026\/05\/Grupo-Criminal-MS13-1.jpg?fit=1200%2C900&quality=100&ssl=1&resize=525%2C300 1.5x, https:\/\/i0.wp.com\/insightcrime.org\/wp-content\/uploads\/2026\/05\/Grupo-Criminal-MS13-1.jpg?fit=1200%2C900&quality=100&ssl=1&resize=700%2C400 2x, https:\/\/i0.wp.com\/insightcrime.org\/wp-content\/uploads\/2026\/05\/Grupo-Criminal-MS13-1.jpg?fit=1200%2C900&quality=100&ssl=1&resize=1050%2C600 3x"},"classes":[]},{"id":133302,"url":"https:\/\/insightcrime.org\/es\/noticias\/apoyara-biden-comision-anticorrupcion-centroamerica\/","url_meta":{"origin":8318,"position":5},"title":"\u00bfApoyar\u00e1 Biden una comisi\u00f3n anticorrupci\u00f3n en Centroam\u00e9rica?","author":"H\u00e9ctor Silva \u00c1valos","date":"15 de febrero de 2021","format":false,"excerpt":"La llegada de Joseph Biden y su administraci\u00f3n a la Casa Blanca en Washington ha despertado en el Tri\u00e1ngulo Norte expectativa por la posible creaci\u00f3n de una comisi\u00f3n regional que apoye a las fiscal\u00edas locales a investigar casos de corrupci\u00f3n de gran calado.","rel":"","context":"En \u00abNoticias\u00bb","block_context":{"text":"Noticias","link":"https:\/\/insightcrime.org\/es\/category\/noticias\/"},"img":{"alt_text":"Biden presidentes de Centroam\u00e9rica","src":"https:\/\/i0.wp.com\/insightcrime.org\/wp-content\/uploads\/2021\/02\/2021-02-08-BidenCA.jpg?fit=350%2C250&quality=100&ssl=1&resize=350%2C200","width":350,"height":200},"classes":[]}],"jetpack_featured_media_url":"https:\/\/i0.wp.com\/insightcrime.org\/wp-content\/uploads\/2015\/11\/es-15-11-02-HondurasYouth.jpg?fit=250%2C167&quality=100&ssl=1","_links":{"self":[{"href":"https:\/\/insightcrime.org\/es\/wp-json\/wp\/v2\/posts\/8318","targetHints":{"allow":["GET"]}}],"collection":[{"href":"https:\/\/insightcrime.org\/es\/wp-json\/wp\/v2\/posts"}],"about":[{"href":"https:\/\/insightcrime.org\/es\/wp-json\/wp\/v2\/types\/post"}],"author":[{"embeddable":true,"href":"https:\/\/insightcrime.org\/es\/wp-json\/wp\/v2\/users\/41"}],"replies":[{"embeddable":true,"href":"https:\/\/insightcrime.org\/es\/wp-json\/wp\/v2\/comments?post=8318"}],"version-history":[{"count":1,"href":"https:\/\/insightcrime.org\/es\/wp-json\/wp\/v2\/posts\/8318\/revisions"}],"predecessor-version":[{"id":25558,"href":"https:\/\/insightcrime.org\/es\/wp-json\/wp\/v2\/posts\/8318\/revisions\/25558"}],"wp:featuredmedia":[{"embeddable":true,"href":"https:\/\/insightcrime.org\/es\/wp-json\/wp\/v2\/media\/43452"}],"wp:attachment":[{"href":"https:\/\/insightcrime.org\/es\/wp-json\/wp\/v2\/media?parent=8318"}],"wp:term":[{"taxonomy":"category","embeddable":true,"href":"https:\/\/insightcrime.org\/es\/wp-json\/wp\/v2\/categories?post=8318"},{"taxonomy":"post_tag","embeddable":true,"href":"https:\/\/insightcrime.org\/es\/wp-json\/wp\/v2\/tags?post=8318"},{"taxonomy":"newspack_spnsrs_tax","embeddable":true,"href":"https:\/\/insightcrime.org\/es\/wp-json\/wp\/v2\/newspack_spnsrs_tax?post=8318"},{"taxonomy":"author","embeddable":true,"href":"https:\/\/insightcrime.org\/es\/wp-json\/wp\/v2\/coauthors?post=8318"}],"curies":[{"name":"wp","href":"https:\/\/api.w.org\/{rel}","templated":true}]}}