{"id":8339,"date":"2015-11-11T19:55:51","date_gmt":"2017-03-28T00:12:26","guid":{"rendered":"http:\/\/newwp.insightcrime.org?p=8339"},"modified":"2023-04-24T15:48:51","modified_gmt":"2023-04-24T20:48:51","slug":"programa-frontera-sur-mexico-genera-violencia","status":"publish","type":"post","link":"https:\/\/insightcrime.org\/es\/noticias\/noticias-del-dia\/programa-frontera-sur-mexico-genera-violencia\/","title":{"rendered":"&#8216;Programa Frontera Sur de M\u00e9xico genera m\u00e1s violencia&#8217;"},"content":{"rendered":"\n<p class=\"wp-block-paragraph\">Un reciente informe indica que los mayores controles a los migrantes en la frontera sur de M\u00e9xico han hecho que los migrantes sean m\u00e1s vulnerables a la violencia.<\/p>\n\n\n\n<p class=\"wp-block-paragraph\">Seg\u00fan un<a href=\"https:\/\/www.wola.org\/news\/mexicos_migration_crackdown_creates_spike_in_apprehensions_dangerous_shifts_in_migrant_routes\" target=\"_blank\"> informe <\/a>de la Oficina en Washington para Asuntos Latinoamericanos (WOLA por sus iniciales en ingl\u00e9s), si bien el plan de seguridad fronterizo de M\u00e9xico puede frenar la migraci\u00f3n en la frontera M\u00e9xico-Estados Unidos, est\u00e1 tambi\u00e9n aumentando los abusos contra los migrantes por parte de las organizaciones criminales y las fuerzas de seguridad.<\/p>\n\n\n\n<p class=\"wp-block-paragraph\">El informe de WOLA describe los cambios en las pol\u00edticas administrativas y en las condiciones migratorias desde el inicio del denominado <a href=\"\/noticias\/noticias-del-dia\/programa-frontera-mexico-guatemala-protegera-migrantes-de-criminales\" target=\"_blank\">programa Frontera Sur en julio de 2014<\/a>.<\/p>\n\n\n\n<p class=\"wp-block-paragraph\">Con base en este programa, el gobierno mexicano aument\u00f3 la presencia de las fuerzas de seguridad \u2014especialmente oficiales del Instituto Nacional de Migraci\u00f3n (INM)\u2014 a lo largo de su frontera sur. Esto condujo a un aumento del 71 por ciento en la detenci\u00f3n de migrantes centroamericanos entre julio de 2014 y junio de 2015, en comparaci\u00f3n con el mismo per\u00edodo del a\u00f1o anterior.<\/p>\n\n\n\n<p class=\"wp-block-paragraph\">Esta medida se vio acompa\u00f1ada de un aumento en las violaciones de los derechos humanos y en los cr\u00edmenes violentos contra los migrantes. Seg\u00fan WOLA, estas violaciones incluyen robo, secuestro, abuso sexual, asesinato y tr\u00e1fico de personas. <a href=\"https:\/\/www.animalpolitico.com\/2015\/07\/plan-frontera-sur-prometia-proteger-a-migrantes-un-ano-despues-robos-se-disparan-81-en-estados-del-sur\/\" target=\"_blank\">Seg\u00fan los datos analizados por Animal Pol\u00edtico,<\/a> en el estado fronterizo de Chiapas se present\u00f3 un incremento del 246 por ciento en los asaltos reportados y un aumento del 61 por ciento en los robos desde que comenz\u00f3 el programa Frontera Sur.<\/p>\n\n\n\n<p class=\"wp-block-paragraph\">El informe de WOLA tambi\u00e9n se\u00f1ala que muchos casos reportados sobre grupos criminales que abusan de los inmigrantes ocurren con la \u201ccolaboraci\u00f3n o aquiescencia\u201d <a href=\"\/news\/briefs\/figures-corruption-rife-under-calderon-mexico-migration-agency\" target=\"_blank\">de las autoridades mexicanas<\/a>. Los migrantes reportaron robos, extorsiones y abusos f\u00edsicos por parte de las fuerzas de seguridad, especialmente por la Polic\u00eda Federal. Tambi\u00e9n son comunes las detenciones inhumanas por parte de las fuerzas de seguridad \u2014lo cual incluye abusos verbales, f\u00edsicos y sexuales, inadecuada atenci\u00f3n en salud y robos\u2014.<\/p>\n\n\n\n<h3 class=\"wp-block-heading\">An\u00e1lisis de InSight Crime<\/h3>\n\n\n\n<p class=\"wp-block-paragraph\">Como lo deja claro el informe de WOLA, el programa mexicano Frontera Sur pudo haber aumentado<a href=\"\/noticias\/analisis\/informe-oea-destaca-vulnerabilidad-migrantes-mexico\" target=\"_blank\"> la vulnerabilidad <\/a>de los migrantes centroamericanos y la violencia hacia ellos, en lugar de crear una frontera m\u00e1s segura.<\/p>\n\n\n\n<p class=\"wp-block-paragraph\"><span style=\"color: #800000\"><strong>VEA TAMBI\u00c9N:<\/strong><\/span> <a href=\"\/component\/tags\/tag\/211-trata-de-personas\" target=\"_blank\">Cobertura sobre tr\u00e1fico de personas<\/a><\/p>\n\n\n\n<p class=\"wp-block-paragraph\">En lugar de enfrentar el <a href=\"\/news\/analysis\/drug-violence-forces-narco-refugees-into-us\" target=\"_blank\">crimen organizado<\/a> y la inseguridad, los cuales <a href=\"\/noticias\/noticias-del-dia\/aumento-rescates-mexico-sugiere-violencia-genera-migracion\" target=\"_blank\">promueven la inmigraci\u00f3n Centroamericana<\/a>, las autoridades mexicanas se han centrado en <a href=\"\/noticias\/noticias-del-dia\/implicaciones-crecientes-deportaciones-mexico\" target=\"_blank\">aumentar las deportaciones<\/a>. Esta estricta pol\u00edtica en el sur de M\u00e9xico ha obligado a los migrantes a buscar <a href=\"https:\/\/www.nytimes.com\/2014\/09\/22\/world\/americas\/mexico-makes-route-tougher-for-migrants.html?_r=0\" target=\"_blank\">rutas<\/a><a href=\"https:\/\/fusion.net\/story\/124671\/as-mexico-tightens-its-southern-border-central-american-migrants-find-new-routes-north\/\" target=\"_blank\"> m\u00e1s inseguras<\/a>, lo cual aumenta su vulnerabilidad a los ataques y a otros abusos cometidos por grupos criminales. A juzgar por los hallazgos de WOLA, tambi\u00e9n parece que el programa Frontera Sur se ha quedado corto en hacer frente a la colusi\u00f3n entre los grupos criminales y las fuerzas de seguridad en cuanto a los abusos de los inmigrantes.<\/p>\n\n\n\n<p class=\"wp-block-paragraph\">Todo esto indica que el gobierno mexicano todav\u00eda tiene un largo camino por recorrer en cuanto a la creaci\u00f3n de una pol\u00edtica migratoria m\u00e1s humana y eficaz.<\/p>\n","protected":false},"excerpt":{"rendered":"<p>Un reciente informe indica que los mayores controles a los migrantes en la frontera sur de M\u00e9xico han hecho que los migrantes sean m\u00e1s vulnerables a la violencia.<\/p>\n","protected":false},"author":47,"featured_media":43514,"comment_status":"closed","ping_status":"closed","sticky":false,"template":"","format":"standard","meta":{"newspack_ads_suppress_ads":false,"newspack_popups_has_disabled_popups":false,"newspack_sponsor_sponsorship_scope":"","newspack_sponsor_native_byline_display":"inherit","newspack_sponsor_native_category_display":"inherit","newspack_sponsor_underwriter_style":"inherit","newspack_sponsor_underwriter_placement":"inherit","_EventAllDay":false,"_EventTimezone":"","_EventStartDate":"","_EventEndDate":"","_EventStartDateUTC":"","_EventEndDateUTC":"","_EventShowMap":false,"_EventShowMapLink":false,"_EventURL":"","_EventCost":"","_EventCostDescription":"","_EventCurrencySymbol":"","_EventCurrencyCode":"","_EventCurrencyPosition":"","_EventDateTimeSeparator":"","_EventTimeRangeSeparator":"","_EventOrganizerID":[],"_EventVenueID":[],"_OrganizerEmail":"","_OrganizerPhone":"","_OrganizerWebsite":"","_VenueAddress":"","_VenueCity":"","_VenueCountry":"","_VenueProvince":"","_VenueState":"","_VenueZip":"","_VenuePhone":"","_VenueURL":"","_VenueStateProvince":"","_VenueLat":"","_VenueLng":"","_VenueShowMap":false,"_VenueShowMapLink":false,"_newspack_byline_active":false,"_newspack_byline":"","newspack_hide_updated_date":false,"newspack_show_updated_date":false,"newspack_featured_image_position":"","newspack_post_subtitle":"","newspack_article_summary_title":"Overview:","newspack_article_summary":"","_jetpack_memberships_contains_paid_content":false,"footnotes":""},"categories":[334],"tags":[2997,406,433],"newspack_spnsrs_tax":[],"coauthors":[3975],"class_list":["post-8339","post","type-post","status-publish","format-standard","has-post-thumbnail","hentry","category-noticias-del-dia","tag-frontera-eumexico-es","tag-mexico-pais","tag-trafico-humano","entry"],"parsely":{"version":"1.1.0","canonical_url":"https:\/\/insightcrime.org\/es\/noticias\/noticias-del-dia\/programa-frontera-sur-mexico-genera-violencia\/","smart_links":{"inbound":0,"outbound":0},"traffic_boost_suggestions_count":0,"meta":{"@context":"https:\/\/schema.org","@type":"NewsArticle","headline":"&#8216;Programa Frontera Sur de M\u00e9xico genera m\u00e1s violencia&#8217;","url":"http:\/\/insightcrime.org\/es\/noticias\/noticias-del-dia\/programa-frontera-sur-mexico-genera-violencia\/","mainEntityOfPage":{"@type":"WebPage","@id":"http:\/\/insightcrime.org\/es\/noticias\/noticias-del-dia\/programa-frontera-sur-mexico-genera-violencia\/"},"thumbnailUrl":"https:\/\/i0.wp.com\/insightcrime.org\/wp-content\/uploads\/2015\/11\/es-15-11-10-Mexico-Migration.jpg?resize=150%2C131&quality=100&ssl=1","image":{"@type":"ImageObject","url":"https:\/\/i0.wp.com\/insightcrime.org\/wp-content\/uploads\/2015\/11\/es-15-11-10-Mexico-Migration.jpg?fit=250%2C131&quality=100&ssl=1"},"articleSection":"Noticias del d\u00eda","author":[{"@type":"Person","name":"Elijah Stevens"}],"creator":["Elijah Stevens"],"publisher":{"@type":"Organization","name":"InSight Crime","logo":"https:\/\/insightcrime.org\/wp-content\/uploads\/2023\/08\/logo.png"},"keywords":["frontera eu\/m\u00e9xico","m\u00e9xico","tr\u00e1fico de personas"],"dateCreated":"2017-03-28T00:12:26Z","datePublished":"2017-03-28T00:12:26Z","dateModified":"2023-04-24T20:48:51Z"},"rendered":"<meta name=\"parsely-title\" content=\"&#8216;Programa Frontera Sur de M\u00e9xico genera m\u00e1s violencia&#8217;\" \/>\n<meta name=\"parsely-link\" content=\"http:\/\/insightcrime.org\/es\/noticias\/noticias-del-dia\/programa-frontera-sur-mexico-genera-violencia\/\" \/>\n<meta name=\"parsely-type\" content=\"post\" \/>\n<meta name=\"parsely-image-url\" content=\"https:\/\/i0.wp.com\/insightcrime.org\/wp-content\/uploads\/2015\/11\/es-15-11-10-Mexico-Migration.jpg?resize=150%2C131&amp;quality=100&amp;ssl=1\" \/>\n<meta name=\"parsely-pub-date\" content=\"2017-03-28T00:12:26Z\" \/>\n<meta name=\"parsely-section\" content=\"Noticias del d\u00eda\" \/>\n<meta name=\"parsely-tags\" content=\"frontera eu\/m\u00e9xico,m\u00e9xico,tr\u00e1fico de personas\" \/>\n<meta name=\"parsely-author\" content=\"Elijah Stevens\" \/>","tracker_url":"https:\/\/cdn.parsely.com\/keys\/insightcrime.org\/p.js"},"jetpack_sharing_enabled":true,"jetpack-related-posts":[{"id":294829,"url":"https:\/\/insightcrime.org\/es\/noticias\/mexico-provocando-guerra-criminal-migrantes-tabasco\/","url_meta":{"origin":8339,"position":0},"title":"\u00bfEst\u00e1 M\u00e9xico provocando una guerra criminal al enviar migrantes a Tabasco?","author":"Peter Appleby","date":"18 de octubre de 2024","format":false,"excerpt":"Mientras el estado de Tabasco, en el sur de M\u00e9xico, se enfrenta a las secuelas de una ola de violencia, una pol\u00edtica no oficial est\u00e1 canalizando hacia all\u00ed a migrantes vulnerables, lo que proporciona a los grupos de crimen organizado m\u00e1s oportunidades criminales de obtener beneficios.","rel":"","context":"En \u00abNoticias\u00bb","block_context":{"text":"Noticias","link":"https:\/\/insightcrime.org\/es\/category\/noticias\/"},"img":{"alt_text":"Mexico's Guardia Nacional respond to violence in Tabasco.","src":"https:\/\/i0.wp.com\/insightcrime.org\/wp-content\/uploads\/2024\/10\/tabasco-police-violence.jpg?fit=350%2C250&quality=100&ssl=1&resize=350%2C200","width":350,"height":200},"classes":[]},{"id":207083,"url":"https:\/\/insightcrime.org\/es\/noticias\/traficantes-personas-lanzan-mar-pacifico-mexico\/","url_meta":{"origin":8339,"position":1},"title":"Traficantes de personas se lanzan a las olas a lo largo de la costa Pac\u00edfica de M\u00e9xico","author":"Peter Appleby","date":"20 de diciembre de 2022","format":false,"excerpt":"Un incremento de la migraci\u00f3n por mar a lo largo de la costa de M\u00e9xico sobre el Pac\u00edfico evidencia la adaptabilidad de las redes de tr\u00e1fico de personas en el pa\u00eds y su desinter\u00e9s por las personas que transportan.","rel":"","context":"En \u00abNoticias\u00bb","block_context":{"text":"Noticias","link":"https:\/\/insightcrime.org\/es\/category\/noticias\/"},"img":{"alt_text":"Autoridades rescatan a migrantes que viajaban en lancha volcada","src":"https:\/\/i0.wp.com\/insightcrime.org\/wp-content\/uploads\/2022\/12\/mexico-oaxaca-migrants-1.jpeg?fit=350%2C250&quality=100&ssl=1&resize=350%2C200","width":350,"height":200},"classes":[]},{"id":138776,"url":"https:\/\/insightcrime.org\/es\/noticias\/brazaletes-colores-diferencian-migrantes\/","url_meta":{"origin":8339,"position":2},"title":"Brazaletes de colores para migrantes diferencian a los pobres de los m\u00e1s pobres","author":"Max Radwin","date":"19 de marzo de 2021","format":false,"excerpt":"Un reciente informe desde la frontera entre M\u00e9xico y Estados Unidos revel\u00f3 que las organizaciones de tr\u00e1fico de personas han comenzado a repartir brazaletes especiales a los migrantes indocumentados, una pr\u00e1ctica que parece ilustrar los diferentes niveles existentes entre viajeros incluso en las condiciones m\u00e1s precarias y desesperadas.","rel":"","context":"En \u00abNoticias\u00bb","block_context":{"text":"Noticias","link":"https:\/\/insightcrime.org\/es\/category\/noticias\/"},"img":{"alt_text":"","src":"https:\/\/i0.wp.com\/insightcrime.org\/wp-content\/uploads\/2021\/03\/migrantes.jpeg?fit=350%2C250&quality=100&ssl=1&resize=350%2C200","width":350,"height":200},"classes":[]},{"id":242404,"url":"https:\/\/insightcrime.org\/es\/noticias\/dependencia-de-los-coyotes-sigue-acabando-con-vidas-en-frontera-entre-estados-unidos-y-mexico\/","url_meta":{"origin":8339,"position":3},"title":"Dependencia de los coyotes sigue acabando con vidas en frontera entre Estados Unidos y M\u00e9xico","author":"adminnewspack","date":"29 de junio de 2022","format":false,"excerpt":"Hab\u00eda hasta 50 migrantes muertos en una tractomula descubierta a unos 250 kil\u00f3metros al norte de la frontera M\u00e9xico-Estados Unidos, lo que demuestra c\u00f3mo la falta de v\u00edas para la migraci\u00f3n legal lleva a quienes buscan cruzar la frontera a recurrir a coyotes. El secretario de Relaciones Exteriores de M\u00e9xico,\u2026","rel":"","context":"En \u00abNoticias\u00bb","block_context":{"text":"Noticias","link":"https:\/\/insightcrime.org\/es\/category\/noticias\/"},"img":{"alt_text":"","src":"https:\/\/i0.wp.com\/insightcrime.org\/wp-content\/uploads\/2022\/06\/2022-06-28-US-Mex-Migrant-Deaths.jpeg?fit=350%2C250&quality=100&ssl=1&resize=350%2C200","width":350,"height":200},"classes":[]},{"id":298026,"url":"https:\/\/insightcrime.org\/es\/noticias\/politica-migratoria-trump-representa-para-crimen-frontera-eeuu-mexico\/","url_meta":{"origin":8339,"position":4},"title":"Lo que la pol\u00edtica migratoria de Trump representa para el crimen en la frontera EE.UU. y M\u00e9xico","author":"Steven Dudley","date":"9 de diciembre de 2024","format":false,"excerpt":"La promesa del presidente electo Donald Trump de tomar medidas dr\u00e1sticas contra los migrantes indocumentados podr\u00eda beneficiar a grupos criminales que tienen la oportunidad de obtener precios m\u00e1s altos y nuevas oportunidades si se produce el caos y la confusi\u00f3n que se esperan de una segunda administraci\u00f3n de Trump.","rel":"","context":"En \u00abNoticias\u00bb","block_context":{"text":"Noticias","link":"https:\/\/insightcrime.org\/es\/category\/noticias\/"},"img":{"alt_text":"","src":"https:\/\/i0.wp.com\/insightcrime.org\/wp-content\/uploads\/2024\/12\/Feature-Image-USA-President-Donald-Trump-speaks-with-Rodney-Scott-the-US-Border-Patrol-Chief-as-he-tours-a-section-of-the-border-wall.jpg?fit=1200%2C675&quality=100&ssl=1&resize=350%2C200","width":350,"height":200,"srcset":"https:\/\/i0.wp.com\/insightcrime.org\/wp-content\/uploads\/2024\/12\/Feature-Image-USA-President-Donald-Trump-speaks-with-Rodney-Scott-the-US-Border-Patrol-Chief-as-he-tours-a-section-of-the-border-wall.jpg?fit=1200%2C675&quality=100&ssl=1&resize=350%2C200 1x, https:\/\/i0.wp.com\/insightcrime.org\/wp-content\/uploads\/2024\/12\/Feature-Image-USA-President-Donald-Trump-speaks-with-Rodney-Scott-the-US-Border-Patrol-Chief-as-he-tours-a-section-of-the-border-wall.jpg?fit=1200%2C675&quality=100&ssl=1&resize=525%2C300 1.5x, https:\/\/i0.wp.com\/insightcrime.org\/wp-content\/uploads\/2024\/12\/Feature-Image-USA-President-Donald-Trump-speaks-with-Rodney-Scott-the-US-Border-Patrol-Chief-as-he-tours-a-section-of-the-border-wall.jpg?fit=1200%2C675&quality=100&ssl=1&resize=700%2C400 2x, https:\/\/i0.wp.com\/insightcrime.org\/wp-content\/uploads\/2024\/12\/Feature-Image-USA-President-Donald-Trump-speaks-with-Rodney-Scott-the-US-Border-Patrol-Chief-as-he-tours-a-section-of-the-border-wall.jpg?fit=1200%2C675&quality=100&ssl=1&resize=1050%2C600 3x"},"classes":[]},{"id":164170,"url":"https:\/\/insightcrime.org\/es\/noticias\/migrantes-desaparecen-mueren-cierre-frontera-estados-unidos-mexico\/","url_meta":{"origin":8339,"position":5},"title":"Migrantes desaparecen y mueren por cierre de la frontera Estados Unidos-M\u00e9xico","author":"Parker Asmann","date":"27 de julio de 2021","format":false,"excerpt":"Cada vez son m\u00e1s frecuentes los informes de migrantes que mueren y desaparecen en las zonas fronterizas entre Estados Unidos y M\u00e9xico, debido en parte a una pol\u00edtica fronteriza restrictiva que lleva a las personas a cruzar por rutas m\u00e1s remotas y peligrosas.","rel":"","context":"En \u00abNoticias\u00bb","block_context":{"text":"Noticias","link":"https:\/\/insightcrime.org\/es\/category\/noticias\/"},"img":{"alt_text":"","src":"https:\/\/i0.wp.com\/insightcrime.org\/wp-content\/uploads\/2021\/07\/21-07-23-US-Mexico-Border-Title-42.jpg?fit=350%2C250&quality=100&ssl=1&resize=350%2C200","width":350,"height":200},"classes":[]}],"jetpack_featured_media_url":"https:\/\/i0.wp.com\/insightcrime.org\/wp-content\/uploads\/2015\/11\/es-15-11-10-Mexico-Migration.jpg?fit=250%2C131&quality=100&ssl=1","_links":{"self":[{"href":"https:\/\/insightcrime.org\/es\/wp-json\/wp\/v2\/posts\/8339","targetHints":{"allow":["GET"]}}],"collection":[{"href":"https:\/\/insightcrime.org\/es\/wp-json\/wp\/v2\/posts"}],"about":[{"href":"https:\/\/insightcrime.org\/es\/wp-json\/wp\/v2\/types\/post"}],"author":[{"embeddable":true,"href":"https:\/\/insightcrime.org\/es\/wp-json\/wp\/v2\/users\/47"}],"replies":[{"embeddable":true,"href":"https:\/\/insightcrime.org\/es\/wp-json\/wp\/v2\/comments?post=8339"}],"version-history":[{"count":1,"href":"https:\/\/insightcrime.org\/es\/wp-json\/wp\/v2\/posts\/8339\/revisions"}],"predecessor-version":[{"id":25622,"href":"https:\/\/insightcrime.org\/es\/wp-json\/wp\/v2\/posts\/8339\/revisions\/25622"}],"wp:featuredmedia":[{"embeddable":true,"href":"https:\/\/insightcrime.org\/es\/wp-json\/wp\/v2\/media\/43514"}],"wp:attachment":[{"href":"https:\/\/insightcrime.org\/es\/wp-json\/wp\/v2\/media?parent=8339"}],"wp:term":[{"taxonomy":"category","embeddable":true,"href":"https:\/\/insightcrime.org\/es\/wp-json\/wp\/v2\/categories?post=8339"},{"taxonomy":"post_tag","embeddable":true,"href":"https:\/\/insightcrime.org\/es\/wp-json\/wp\/v2\/tags?post=8339"},{"taxonomy":"newspack_spnsrs_tax","embeddable":true,"href":"https:\/\/insightcrime.org\/es\/wp-json\/wp\/v2\/newspack_spnsrs_tax?post=8339"},{"taxonomy":"author","embeddable":true,"href":"https:\/\/insightcrime.org\/es\/wp-json\/wp\/v2\/coauthors?post=8339"}],"curies":[{"name":"wp","href":"https:\/\/api.w.org\/{rel}","templated":true}]}}