{"id":8355,"date":"2015-11-17T17:56:57","date_gmt":"2017-03-28T00:12:33","guid":{"rendered":"http:\/\/newwp.insightcrime.org?p=8355"},"modified":"2023-04-24T15:48:56","modified_gmt":"2023-04-24T20:48:56","slug":"mexico-extradita-jefe-cartel-sinaloa-estados-unidos","status":"publish","type":"post","link":"https:\/\/insightcrime.org\/es\/noticias\/noticias-del-dia\/mexico-extradita-jefe-cartel-sinaloa-estados-unidos\/","title":{"rendered":"M\u00e9xico extradita jefe del Cartel de Sinaloa a Estados Unidos"},"content":{"rendered":"\n<p class=\"wp-block-paragraph\">M\u00e9xico extradit\u00f3 a Estados Unidos al jefe operativo del Cartel de Sinaloa en Centroam\u00e9rica, una acci\u00f3n que podr\u00eda desencadenar nuevas preocupaciones entre las \u00e9lites de Honduras que se cree tienen nexos con el crimen organizado.<\/p>\n\n\n\n<p class=\"wp-block-paragraph\">&nbsp;El 15 de noviembre, la Procuradur\u00eda General de M\u00e9xico (PGR) anunci\u00f3 la extradici\u00f3n de C\u00e9sar Gastelum Serrano, alias \u201cLa Se\u00f1ora\u201d, y de Pedro Alejandro Rubio P\u00e9rez a Estados Unidos, <a target=\"_blank\" href=\"https:\/\/news.yahoo.com\/mexico-extradites-2-drug-suspects-us-195524148.html\">inform\u00f3 Associated Press<\/a>. Gastelum Serrano operaba fuera de San Pedro Sula, Honduras, pero <a target=\"_blank\" href=\"\/noticias\/noticias-del-dia\/mexico-captura-lider-cartel-de-sinaloa-centroamerica\">fue capturado<\/a> en la ciudad de Canc\u00fan, al suroriente de M\u00e9xico, el 11 de abril.<\/p>\n\n\n\n<p class=\"wp-block-paragraph\">Antes de su arresto, Gastelum Serrano era tal vez el mayor narcotraficante de Centroam\u00e9rica. Cuando el Departamento del Tesoro de Estados Unidos incluy\u00f3 a Gastelum Serrano en la <a target=\"_blank\" href=\"\/noticias\/analisis\/estados-unidos-desenmascara-jefe-cartel-sinaloa-centroamerica-lista-capos\">lista de los capos m\u00e1s buscados<\/a> en diciembre de 2014, los agentes lo denominaron como \u201cuno de los proveedores de coca\u00edna m\u00e1s prol\u00edficos para el Cartel de Sinaloa, en M\u00e9xico.\u201d.<\/p>\n\n\n\n<p class=\"wp-block-paragraph\">Rubio P\u00e9rez tambi\u00e9n <a target=\"_blank\" href=\"https:\/\/www.eluniversal.com.mx\/articulo\/nacion\/seguridad\/2015\/11\/16\/extraditan-ex-colaborador-de-joaquin-el-chapo-guzman\">estaba afiliado al Cartel de Sinaloa<\/a> y fue arrestado en 2013 por cargos de drogas y crimen organizado, inform\u00f3 Associated Press.<\/p>\n\n\n\n<h3 class=\"wp-block-heading\">An\u00e1lisis de InSight Crime<\/h3>\n\n\n\n<p class=\"wp-block-paragraph\">Gastelum Serrano era una de las principales figuras del hampa de Honduras, y su extradici\u00f3n a Estados Unidos profundiza los temores de que se pongan al descubierto los v\u00ednculos de algunas \u00e9lites de Honduras con el crimen organizado.<\/p>\n\n\n\n<p class=\"wp-block-paragraph\">Pese a que hay informes <a target=\"_blank\" href=\"\/noticias\/analisis\/elites-centroamerica-parecen-no-tener-miedo-juzgadas\">que indican lo contrario<\/a>, es posible que miembros corruptos de las \u00e9lites hondure\u00f1as est\u00e9n nerviosos tras la acusaci\u00f3n de Estados Unidos contra los Rosenthal, una de las familias m\u00e1s poderosas y con m\u00e1s conexiones pol\u00edticas del pa\u00eds. Los Rosenthal enfrentan cargos por lavado de activos relacionados con el tr\u00e1fico de drogas y la corrupci\u00f3n, que lo m\u00e1s probable es que se deriven de sus <a target=\"_blank\" href=\"\/noticias\/analisis\/por-que-elite-honduras-negocia-criminales\">relaciones empresariales<\/a> con un clan narco conocido como Los Cachiros. Se cree que los l\u00edderes de Los Cachiros, <a target=\"_blank\" href=\"\/noticias\/analisis\/presunto-jefe-cartel-drogas-honduras-bajo-custodia-estadounidense\">quienes se entregaron a agentes de Estados Unidos<\/a> en enero, est\u00e1n dando informaci\u00f3n a las autoridades en casos como este.<\/p>\n\n\n\n<p class=\"wp-block-paragraph\"><span style=\"color: #800000\"><strong>VEA TAMBI\u00c9N:<\/strong><\/span>&nbsp;<a target=\"_blank\" href=\"\/noticias-sobre-crimen-organizado-en-honduras\">Noticias y perfiles de Honduras<\/a><\/p>\n\n\n\n<p class=\"wp-block-paragraph\">Aunque a\u00fan no es claro si Gastelum Serrano trabajaba con Los Cachiros, s\u00ed se sabe que colabor\u00f3 con los Valle Valle, quienes operaron por cuatro a\u00f1os sin ser atacados por las autoridades hondure\u00f1as a pesar de su notoriedad como uno de los grupos narcotraficantes m\u00e1s poderosos de Honduras. Al igual que Los Cachiros, los jefes de los Valle Valle <a target=\"_blank\" href=\"\/noticias\/noticias-del-dia\/honduras-extradita-hermanos-valle-estados-unidos\">est\u00e1n bajo custodia<\/a> en Estados Unidos.<\/p>\n","protected":false},"excerpt":{"rendered":"<p>M\u00e9xico extradit\u00f3 a Estados Unidos al jefe operativo del Cartel de Sinaloa en Centroam\u00e9rica, una acci\u00f3n que podr\u00eda desencadenar nuevas preocupaciones entre las \u00e9lites de Honduras que se cree tienen nexos con el crimen organizado.<\/p>\n","protected":false},"author":47,"featured_media":43541,"comment_status":"closed","ping_status":"closed","sticky":false,"template":"","format":"standard","meta":{"newspack_ads_suppress_ads":false,"newspack_popups_has_disabled_popups":false,"newspack_sponsor_sponsorship_scope":"","newspack_sponsor_native_byline_display":"inherit","newspack_sponsor_native_category_display":"inherit","newspack_sponsor_underwriter_style":"inherit","newspack_sponsor_underwriter_placement":"inherit","_EventAllDay":false,"_EventTimezone":"","_EventStartDate":"","_EventEndDate":"","_EventStartDateUTC":"","_EventEndDateUTC":"","_EventShowMap":false,"_EventShowMapLink":false,"_EventURL":"","_EventCost":"","_EventCostDescription":"","_EventCurrencySymbol":"","_EventCurrencyCode":"","_EventCurrencyPosition":"","_EventDateTimeSeparator":"","_EventTimeRangeSeparator":"","_EventOrganizerID":[],"_EventVenueID":[],"_OrganizerEmail":"","_OrganizerPhone":"","_OrganizerWebsite":"","_VenueAddress":"","_VenueCity":"","_VenueCountry":"","_VenueProvince":"","_VenueState":"","_VenueZip":"","_VenuePhone":"","_VenueURL":"","_VenueStateProvince":"","_VenueLat":"","_VenueLng":"","_VenueShowMap":false,"_VenueShowMapLink":false,"_newspack_byline_active":false,"_newspack_byline":"","newspack_hide_updated_date":false,"newspack_show_updated_date":false,"newspack_featured_image_position":"","newspack_post_subtitle":"","newspack_article_summary_title":"Overview:","newspack_article_summary":"","_jetpack_memberships_contains_paid_content":false,"footnotes":""},"categories":[334],"tags":[396,481,398,406],"newspack_spnsrs_tax":[],"coauthors":[3975,3924],"class_list":["post-8355","post","type-post","status-publish","format-standard","has-post-thumbnail","hentry","category-noticias-del-dia","tag-cartel-de-sinaloa","tag-extradicion","tag-honduras-pais","tag-mexico-pais","entry"],"parsely":{"version":"1.1.0","canonical_url":"https:\/\/insightcrime.org\/es\/noticias\/noticias-del-dia\/mexico-extradita-jefe-cartel-sinaloa-estados-unidos\/","smart_links":{"inbound":0,"outbound":0},"traffic_boost_suggestions_count":0,"meta":{"@context":"https:\/\/schema.org","@type":"NewsArticle","headline":"M\u00e9xico extradita jefe del Cartel de Sinaloa a Estados Unidos","url":"http:\/\/insightcrime.org\/es\/noticias\/noticias-del-dia\/mexico-extradita-jefe-cartel-sinaloa-estados-unidos\/","mainEntityOfPage":{"@type":"WebPage","@id":"http:\/\/insightcrime.org\/es\/noticias\/noticias-del-dia\/mexico-extradita-jefe-cartel-sinaloa-estados-unidos\/"},"thumbnailUrl":"https:\/\/i0.wp.com\/insightcrime.org\/wp-content\/uploads\/2015\/11\/es-15-11-16-Mexico-Serrano.jpeg?resize=150%2C143&quality=100&ssl=1","image":{"@type":"ImageObject","url":"https:\/\/i0.wp.com\/insightcrime.org\/wp-content\/uploads\/2015\/11\/es-15-11-16-Mexico-Serrano.jpeg?fit=250%2C143&quality=100&ssl=1"},"articleSection":"Noticias del d\u00eda","author":[{"@type":"Person","name":"Elijah Stevens"},{"@type":"Person","name":"David Gagne"}],"creator":["Elijah Stevens","David Gagne"],"publisher":{"@type":"Organization","name":"InSight Crime","logo":"https:\/\/insightcrime.org\/wp-content\/uploads\/2023\/08\/logo.png"},"keywords":["cartel de sinaloa","extradici\u00f3n","honduras","m\u00e9xico"],"dateCreated":"2017-03-28T00:12:33Z","datePublished":"2017-03-28T00:12:33Z","dateModified":"2023-04-24T20:48:56Z"},"rendered":"<meta name=\"parsely-title\" content=\"M\u00e9xico extradita jefe del Cartel de Sinaloa a Estados Unidos\" \/>\n<meta name=\"parsely-link\" content=\"http:\/\/insightcrime.org\/es\/noticias\/noticias-del-dia\/mexico-extradita-jefe-cartel-sinaloa-estados-unidos\/\" \/>\n<meta name=\"parsely-type\" content=\"post\" \/>\n<meta name=\"parsely-image-url\" content=\"https:\/\/i0.wp.com\/insightcrime.org\/wp-content\/uploads\/2015\/11\/es-15-11-16-Mexico-Serrano.jpeg?resize=150%2C143&amp;quality=100&amp;ssl=1\" \/>\n<meta name=\"parsely-pub-date\" content=\"2017-03-28T00:12:33Z\" \/>\n<meta name=\"parsely-section\" content=\"Noticias del d\u00eda\" \/>\n<meta name=\"parsely-tags\" content=\"cartel de sinaloa,extradici\u00f3n,honduras,m\u00e9xico\" \/>\n<meta name=\"parsely-author\" content=\"Elijah Stevens\" \/>\n<meta name=\"parsely-author\" content=\"David Gagne\" \/>","tracker_url":"https:\/\/cdn.parsely.com\/keys\/insightcrime.org\/p.js"},"jetpack_sharing_enabled":true,"jetpack-related-posts":[{"id":4889,"url":"https:\/\/insightcrime.org\/es\/noticias-crimen-organizado-guatemala\/los-lorenzana\/","url_meta":{"origin":8355,"position":0},"title":"Los Lorenzana","author":"InSight Crime","date":"30 de junio de 2026","format":false,"excerpt":"Los Lorenzana son una familia guatemalteca tradicional del contrabando que eventualmente se involucr\u00f3 fuertemente en el lucrativo comercio del tr\u00e1fico de drogas.\u00a0","rel":"","context":"En \u00abGuatemala\u00bb","block_context":{"text":"Guatemala","link":"https:\/\/insightcrime.org\/es\/category\/noticias-crimen-organizado-guatemala\/"},"img":{"alt_text":"Los Lorenzana","src":"https:\/\/i0.wp.com\/insightcrime.org\/wp-content\/uploads\/2026\/06\/Grupo-Criminal-Los-Lorenzana.jpg?fit=1200%2C900&quality=100&ssl=1&resize=350%2C200","width":350,"height":200,"srcset":"https:\/\/i0.wp.com\/insightcrime.org\/wp-content\/uploads\/2026\/06\/Grupo-Criminal-Los-Lorenzana.jpg?fit=1200%2C900&quality=100&ssl=1&resize=350%2C200 1x, https:\/\/i0.wp.com\/insightcrime.org\/wp-content\/uploads\/2026\/06\/Grupo-Criminal-Los-Lorenzana.jpg?fit=1200%2C900&quality=100&ssl=1&resize=525%2C300 1.5x, https:\/\/i0.wp.com\/insightcrime.org\/wp-content\/uploads\/2026\/06\/Grupo-Criminal-Los-Lorenzana.jpg?fit=1200%2C900&quality=100&ssl=1&resize=700%2C400 2x, https:\/\/i0.wp.com\/insightcrime.org\/wp-content\/uploads\/2026\/06\/Grupo-Criminal-Los-Lorenzana.jpg?fit=1200%2C900&quality=100&ssl=1&resize=1050%2C600 3x"},"classes":[]},{"id":313620,"url":"https:\/\/insightcrime.org\/es\/noticias-crimen-organizado-mexico\/damaso-lopez-serrano-alias-mini-lic\/","url_meta":{"origin":8355,"position":1},"title":"Dam\u00e1so L\u00f3pez Serrano, alias \u201cMini Lic\u201d","author":"InSight Crime","date":"4 de julio de 2025","format":false,"excerpt":"D\u00e1maso L\u00f3pez Serrano, alias \u201cMini Lic\u201d, fue un operador clave del Cartel de Sinaloa y es hijo de D\u00e1maso L\u00f3pez N\u00fa\u00f1ez, alias \u201cEl Licenciado\u201d.","rel":"","context":"En \u00abM\u00e9xico\u00bb","block_context":{"text":"M\u00e9xico","link":"https:\/\/insightcrime.org\/es\/category\/noticias-crimen-organizado-mexico\/"},"img":{"alt_text":"","src":"https:\/\/i0.wp.com\/insightcrime.org\/wp-content\/uploads\/2025\/07\/Perfil-criminal-Damaso-Lopez-Serrano-alias-Mini-Lic-Capturado.jpg?fit=350%2C250&quality=100&ssl=1&resize=350%2C200","width":350,"height":200},"classes":[]},{"id":340029,"url":"https:\/\/insightcrime.org\/es\/noticias\/mexico-se-esta-quedando-sin-capos\/","url_meta":{"origin":8355,"position":2},"title":"\u00bfM\u00e9xico se est\u00e1 quedando sin capos?","author":"Victoria Dittmar","date":"28 de abril de 2026","format":false,"excerpt":"La captura de Audias Flores Silva, alias \u201cEl Jardinero\u201d, refleja c\u00f3mo la estrategia de perseguir capos de la droga en M\u00e9xico sigue fragmentando a los grandes grupos criminales y reconfigurando el mapa criminal del pa\u00eds.","rel":"","context":"En \u00abNoticias\u00bb","block_context":{"text":"Noticias","link":"https:\/\/insightcrime.org\/es\/category\/noticias\/"},"img":{"alt_text":"","src":"https:\/\/i0.wp.com\/insightcrime.org\/wp-content\/uploads\/2026\/04\/Flagship-Cover-Is-Mexico-Running-Out-of-Kingpins-InSightCrime-Abr-2026.jpg?fit=1200%2C690&quality=100&ssl=1&resize=350%2C200","width":350,"height":200,"srcset":"https:\/\/i0.wp.com\/insightcrime.org\/wp-content\/uploads\/2026\/04\/Flagship-Cover-Is-Mexico-Running-Out-of-Kingpins-InSightCrime-Abr-2026.jpg?fit=1200%2C690&quality=100&ssl=1&resize=350%2C200 1x, https:\/\/i0.wp.com\/insightcrime.org\/wp-content\/uploads\/2026\/04\/Flagship-Cover-Is-Mexico-Running-Out-of-Kingpins-InSightCrime-Abr-2026.jpg?fit=1200%2C690&quality=100&ssl=1&resize=525%2C300 1.5x, https:\/\/i0.wp.com\/insightcrime.org\/wp-content\/uploads\/2026\/04\/Flagship-Cover-Is-Mexico-Running-Out-of-Kingpins-InSightCrime-Abr-2026.jpg?fit=1200%2C690&quality=100&ssl=1&resize=700%2C400 2x, https:\/\/i0.wp.com\/insightcrime.org\/wp-content\/uploads\/2026\/04\/Flagship-Cover-Is-Mexico-Running-Out-of-Kingpins-InSightCrime-Abr-2026.jpg?fit=1200%2C690&quality=100&ssl=1&resize=1050%2C600 3x"},"classes":[]},{"id":7030,"url":"https:\/\/insightcrime.org\/es\/noticias-crimen-organizado-mexico\/sinaloa-cartel-perfil\/","url_meta":{"origin":8355,"position":3},"title":"Cartel de Sinaloa","author":"InSight Crime","date":"19 de mayo de 2025","format":false,"excerpt":"Cartel de Sinaloa: cu\u00e1l es su historia, qui\u00e9nes son sus l\u00edderes, d\u00f3nde opera en M\u00e9xico y las \u00faltimas noticias sobre Los Chapitos y La Mayiza. Todo en este perfil.","rel":"","context":"En \u00abM\u00e9xico\u00bb","block_context":{"text":"M\u00e9xico","link":"https:\/\/insightcrime.org\/es\/category\/noticias-crimen-organizado-mexico\/"},"img":{"alt_text":"Grupo Criminal Cartel de Sinaloa, M\u00e9xico.","src":"https:\/\/i0.wp.com\/insightcrime.org\/wp-content\/uploads\/2026\/07\/Grupo-Criminal-Cartel-de-Sinaloa-Mexico.jpg?fit=1200%2C900&quality=100&ssl=1&resize=350%2C200","width":350,"height":200,"srcset":"https:\/\/i0.wp.com\/insightcrime.org\/wp-content\/uploads\/2026\/07\/Grupo-Criminal-Cartel-de-Sinaloa-Mexico.jpg?fit=1200%2C900&quality=100&ssl=1&resize=350%2C200 1x, https:\/\/i0.wp.com\/insightcrime.org\/wp-content\/uploads\/2026\/07\/Grupo-Criminal-Cartel-de-Sinaloa-Mexico.jpg?fit=1200%2C900&quality=100&ssl=1&resize=525%2C300 1.5x, https:\/\/i0.wp.com\/insightcrime.org\/wp-content\/uploads\/2026\/07\/Grupo-Criminal-Cartel-de-Sinaloa-Mexico.jpg?fit=1200%2C900&quality=100&ssl=1&resize=700%2C400 2x, https:\/\/i0.wp.com\/insightcrime.org\/wp-content\/uploads\/2026\/07\/Grupo-Criminal-Cartel-de-Sinaloa-Mexico.jpg?fit=1200%2C900&quality=100&ssl=1&resize=1050%2C600 3x"},"classes":[]},{"id":129190,"url":"https:\/\/insightcrime.org\/es\/noticias\/fredy-najera-narcopolitica-honduras\/","url_meta":{"origin":8355,"position":4},"title":"Fredy N\u00e1jera, arreglista de la narcopol\u00edtica en Honduras","author":"Parker Asmann","date":"13 de enero de 2021","format":false,"excerpt":"En 2012, el excongresista hondure\u00f1o Fredy Ren\u00e1n N\u00e1jera Montoya lleg\u00f3 a un acuerdo con el Cartel de Sinaloa, con el fin de proporcionarle conexiones que le ayudar\u00edan al cartel a traficar coca\u00edna a trav\u00e9s de Puerto Cort\u00e9s, un importante puerto en la costa Caribe de M\u00e9xico. Seis a\u00f1os m\u00e1s tarde,\u2026","rel":"","context":"En \u00abNoticias\u00bb","block_context":{"text":"Noticias","link":"https:\/\/insightcrime.org\/es\/category\/noticias\/"},"img":{"alt_text":"","src":"https:\/\/i0.wp.com\/insightcrime.org\/wp-content\/uploads\/2021\/01\/21-01-10-Najera-Honduras.jpg?fit=350%2C250&quality=100&ssl=1&resize=350%2C200","width":350,"height":200},"classes":[]},{"id":263705,"url":"https:\/\/insightcrime.org\/es\/noticias\/tras-detenciones-extradiciones-luchas-internas-que-espera-chapitos-mexico\/","url_meta":{"origin":8355,"position":5},"title":"Tras detenciones, extradiciones y luchas internas, \u00bfqu\u00e9 les espera a los Chapitos en M\u00e9xico?","author":"Parker Asmann","date":"19 de diciembre de 2023","format":false,"excerpt":"La facci\u00f3n de los Chapitos del Cartel de Sinaloa ha tenido un a\u00f1o dif\u00edcil, con varias detenciones de alto nivel, extradiciones a Estados Unidos y luchas internas en todo M\u00e9xico. Sin embargo, es poco probable que estos contratiempos supongan el fin del grupo. El golpe m\u00e1s reciente se produjo a\u2026","rel":"","context":"En \u00abNoticias\u00bb","block_context":{"text":"Noticias","link":"https:\/\/insightcrime.org\/es\/category\/noticias\/"},"img":{"alt_text":"\u201cEl Nini\u201d, from Los Chapitos, Captured- Capturan a \"El Nini\" de los Chapitos","src":"https:\/\/i0.wp.com\/insightcrime.org\/wp-content\/uploads\/2023\/12\/2023-12-18-El-Nini-Capture-Mexico.png?fit=350%2C250&quality=100&ssl=1&resize=350%2C200","width":350,"height":200},"classes":[]}],"jetpack_featured_media_url":"https:\/\/i0.wp.com\/insightcrime.org\/wp-content\/uploads\/2015\/11\/es-15-11-16-Mexico-Serrano.jpeg?fit=250%2C143&quality=100&ssl=1","_links":{"self":[{"href":"https:\/\/insightcrime.org\/es\/wp-json\/wp\/v2\/posts\/8355","targetHints":{"allow":["GET"]}}],"collection":[{"href":"https:\/\/insightcrime.org\/es\/wp-json\/wp\/v2\/posts"}],"about":[{"href":"https:\/\/insightcrime.org\/es\/wp-json\/wp\/v2\/types\/post"}],"author":[{"embeddable":true,"href":"https:\/\/insightcrime.org\/es\/wp-json\/wp\/v2\/users\/47"}],"replies":[{"embeddable":true,"href":"https:\/\/insightcrime.org\/es\/wp-json\/wp\/v2\/comments?post=8355"}],"version-history":[{"count":1,"href":"https:\/\/insightcrime.org\/es\/wp-json\/wp\/v2\/posts\/8355\/revisions"}],"predecessor-version":[{"id":25650,"href":"https:\/\/insightcrime.org\/es\/wp-json\/wp\/v2\/posts\/8355\/revisions\/25650"}],"wp:featuredmedia":[{"embeddable":true,"href":"https:\/\/insightcrime.org\/es\/wp-json\/wp\/v2\/media\/43541"}],"wp:attachment":[{"href":"https:\/\/insightcrime.org\/es\/wp-json\/wp\/v2\/media?parent=8355"}],"wp:term":[{"taxonomy":"category","embeddable":true,"href":"https:\/\/insightcrime.org\/es\/wp-json\/wp\/v2\/categories?post=8355"},{"taxonomy":"post_tag","embeddable":true,"href":"https:\/\/insightcrime.org\/es\/wp-json\/wp\/v2\/tags?post=8355"},{"taxonomy":"newspack_spnsrs_tax","embeddable":true,"href":"https:\/\/insightcrime.org\/es\/wp-json\/wp\/v2\/newspack_spnsrs_tax?post=8355"},{"taxonomy":"author","embeddable":true,"href":"https:\/\/insightcrime.org\/es\/wp-json\/wp\/v2\/coauthors?post=8355"}],"curies":[{"name":"wp","href":"https:\/\/api.w.org\/{rel}","templated":true}]}}