{"id":8358,"date":"2015-11-18T19:59:50","date_gmt":"2017-03-28T00:12:34","guid":{"rendered":"http:\/\/newwp.insightcrime.org?p=8358"},"modified":"2023-04-24T15:48:57","modified_gmt":"2023-04-24T20:48:57","slug":"paraguay-propina-duro-golpe-grupo-guerrilero","status":"publish","type":"post","link":"https:\/\/insightcrime.org\/es\/noticias\/noticias-del-dia\/paraguay-propina-duro-golpe-grupo-guerrilero\/","title":{"rendered":"Paraguay propina duro golpe a grupo guerrillero"},"content":{"rendered":"\n<p class=\"wp-block-paragraph\">Las fuerzas de seguridad de Paraguay abatieron a varios cabecillas importantes del grupo guerrillero ACA, lo que plantea la pregunta de porqu\u00e9 las autoridades no han podido dar un golpe similar contra el otro grupo guerrillero del pa\u00eds, el EPP.&nbsp;<\/p>\n\n\n\n<p class=\"wp-block-paragraph\">El ministro del Interior Francisco de Vargas confirm\u00f3 que el cabecilla y cofundador de la Agrupaci\u00f3n Campesina Armada (ACA) Alfredo Jara Larrea, alias \u201cJos\u00e9 Villaverde\u201d, se encontraba entre cuatro integrantes de ACA muertos en un tiroteo con las fuerzas de seguridad el 16 de noviembre, seg\u00fan <a href=\"https:\/\/www.abc.com.py\/nacionales\/cuatro-miembros-de-la-aca-fueron-abatidos-1427232.html\" target=\"_blank\">informes de ABC Color<\/a>.<\/p>\n\n\n\n<p class=\"wp-block-paragraph\">Tambi\u00e9n <a href=\"https:\/\/www.noticiascaracol.com\/mundo\/paraguay-asesta-duro-golpe-la-cupula-guerrillera-de-la-aca\" target=\"_blank\">cay\u00f3 en el enfrentamiento<\/a> Mariano L\u00f3pez Vel\u00e1zquez, alias \u201cFredi Romero\u201d, y Antonio Ovelar Gonz\u00e1lez, alias \u201cBeto Gim\u00e9nez\u201d,&nbsp; segundo y tercero al mando de ACA, respectivamente.<\/p>\n\n\n\n<p class=\"wp-block-paragraph\">De Vargas dijo que la incursi\u00f3n, que calific\u00f3 como \u201cla m\u00e1s exitosa\u201d en la campa\u00f1a del Paraguay \u201ccontra agrupaciones terroristas\u201d, cuyo resultado fue el \u201cdescabezamiento\u201d de ACA.<\/p>\n\n\n\n<p class=\"wp-block-paragraph\">La confrontaci\u00f3n ocurri\u00f3 cuando la Fuerza de Tarea Conjunta (FTC) antiguerrilla de Paraguay atac\u00f3 por sorpresa un campamento de la ACA en la frontera de los departamentos de Concepci\u00f3n y Amambay. Am\u00edlcar Vera, vocero de la FTC, <a href=\"https:\/\/www.abc.com.py\/nacionales\/golpe-letal-contra-la-aca-1427518.html\" target=\"_blank\">afirm\u00f3<\/a> que la operaci\u00f3n fue resultado de varios meses de trabajo.<\/p>\n\n\n\n<p class=\"wp-block-paragraph\">ACA es una facci\u00f3n del Ej\u00e9rcito del Pueblo Paraguayo (EPP) que <a href=\"\/noticias\/analisis\/grupo-disidente-guerrilla-paraguay-replicando-modelo-colombiano\" target=\"_blank\">se separ\u00f3<\/a> en 2014, aunque <a href=\"\/noticias\/noticias-del-dia\/grupo-guerrillero-disidente-paraguay-vuelta-redil\" target=\"_blank\">evidencia reciente<\/a> indica que los dos grupos trabajan juntos de nuevo. Seg\u00fan Vera, las dos entidades forman una sola estructura criminal: ACA es el \u201cgrupo que se encarga de los ataques\u201d, mientras que el EPP \u201cest\u00e1 integrado por los m\u00e1s pensantes y los que dictan las \u00f3rdenes\u201d.<\/p>\n\n\n\n<h3 class=\"wp-block-heading\">An\u00e1lisis de InSight Crime<\/h3>\n\n\n\n<p class=\"wp-block-paragraph\">El ataque bien puede ser el fin de la ACA. Desde su escisi\u00f3n del EPP, el grupo \u2014que seg\u00fan c\u00e1lculos contaba con menos de 15 combatientes\u2014 ha sido <a href=\"\/noticias\/noticias-del-dia\/fuerzas-de-seguridad-paraguay-atestan-golpe-faccion-guerrillera-disidente\" target=\"_blank\">presa f\u00e1cil<\/a> para la FTC, pues tuvo una serie de reveses, entre ellos la muerte del l\u00edder original de la ACA, Albino Jara Larrea, alias \u201cMilc\u00edades Le\u00f3n\u201d, en enero, lo que llev\u00f3 a su hermano Alfredo a asumir el mando.<\/p>\n\n\n\n<p class=\"wp-block-paragraph\">Sin embargo, el duro golpe de la FTC sobre la ACA contrasta con la <a href=\"\/noticias\/noticias-del-dia\/homicidios-paraguay-disminuyen-frontera-sigue-siendo-violenta\" target=\"_blank\">falta de acciones decisivas<\/a> contra el EPP, quienes han logrado evitar asaltos similares.<\/p>\n\n\n\n<p class=\"wp-block-paragraph\"><strong><span style=\"color: #800000\">VEA TAMBI\u00c9N:<\/span><\/strong> <a href=\"\/component\/tags\/tag\/275-epp\" target=\"_blank\">Cobertura sobre el EPP<\/a><\/p>\n\n\n\n<p class=\"wp-block-paragraph\">Como lo da a entender Vera, esto puede deberse a una direcci\u00f3n <a href=\"\/noticias\/noticias-del-dia\/guerrilla-paraguay-exige-intercambio-prisioneros-amenaza-asesinar-rehen\" target=\"_blank\">m\u00e1s sofisticada<\/a> del EPP, as\u00ed como al mayor apoyo de las comunidades locales. Sin duda, fuentes de la FTC ha dicho a InSight Crime que las desavenencias iniciales entre el EPP y la ACA surgieron de la indisciplina de los hermanos Jara Larrea, en particular su inclinaci\u00f3n por las mujeres y las fiestas.<\/p>\n\n\n\n<p class=\"wp-block-paragraph\">Mirando hacia delante, parece improbable que ACA se recupere del exterminio de sus cabecillas, y la reintegraci\u00f3n total de cualquier combatiente que quede en la ACA al EPP en mejor posici\u00f3n puede ser su mejor opci\u00f3n.<\/p>\n","protected":false},"excerpt":{"rendered":"<p>Las fuerzas de seguridad de Paraguay abatieron a varios cabecillas importantes del grupo guerrillero ACA, lo que plantea la pregunta de porqu\u00e9 las autoridades no han podido dar un golpe similar contra el otro grupo guerrillero del pa\u00eds, el EPP.&nbsp;<\/p>\n","protected":false},"author":25,"featured_media":43545,"comment_status":"closed","ping_status":"closed","sticky":false,"template":"","format":"standard","meta":{"newspack_ads_suppress_ads":false,"newspack_popups_has_disabled_popups":false,"newspack_sponsor_sponsorship_scope":"","newspack_sponsor_native_byline_display":"inherit","newspack_sponsor_native_category_display":"inherit","newspack_sponsor_underwriter_style":"inherit","newspack_sponsor_underwriter_placement":"inherit","_EventAllDay":false,"_EventTimezone":"","_EventStartDate":"","_EventEndDate":"","_EventStartDateUTC":"","_EventEndDateUTC":"","_EventShowMap":false,"_EventShowMapLink":false,"_EventURL":"","_EventCost":"","_EventCostDescription":"","_EventCurrencySymbol":"","_EventCurrencyCode":"","_EventCurrencyPosition":"","_EventDateTimeSeparator":"","_EventTimeRangeSeparator":"","_EventOrganizerID":[],"_EventVenueID":[],"_OrganizerEmail":"","_OrganizerPhone":"","_OrganizerWebsite":"","_VenueAddress":"","_VenueCity":"","_VenueCountry":"","_VenueProvince":"","_VenueState":"","_VenueZip":"","_VenuePhone":"","_VenueURL":"","_VenueStateProvince":"","_VenueLat":"","_VenueLng":"","_VenueShowMap":false,"_VenueShowMapLink":false,"_newspack_byline_active":false,"_newspack_byline":"","newspack_hide_updated_date":false,"newspack_show_updated_date":false,"newspack_featured_image_position":"","newspack_post_subtitle":"","newspack_article_summary_title":"Overview:","newspack_article_summary":"","_jetpack_memberships_contains_paid_content":false,"footnotes":""},"categories":[334],"tags":[488,465],"newspack_spnsrs_tax":[],"coauthors":[3872],"class_list":["post-8358","post","type-post","status-publish","format-standard","has-post-thumbnail","hentry","category-noticias-del-dia","tag-el-epp","tag-paraguay-pais","entry"],"parsely":{"version":"1.1.0","canonical_url":"https:\/\/insightcrime.org\/es\/noticias\/noticias-del-dia\/paraguay-propina-duro-golpe-grupo-guerrilero\/","smart_links":{"inbound":0,"outbound":0},"traffic_boost_suggestions_count":0,"meta":{"@context":"https:\/\/schema.org","@type":"NewsArticle","headline":"Paraguay propina duro golpe a grupo guerrillero","url":"http:\/\/insightcrime.org\/es\/noticias\/noticias-del-dia\/paraguay-propina-duro-golpe-grupo-guerrilero\/","mainEntityOfPage":{"@type":"WebPage","@id":"http:\/\/insightcrime.org\/es\/noticias\/noticias-del-dia\/paraguay-propina-duro-golpe-grupo-guerrilero\/"},"thumbnailUrl":"https:\/\/i0.wp.com\/insightcrime.org\/wp-content\/uploads\/2015\/11\/es-15-11-17-Paraguay-ACA.png?resize=150%2C150&quality=100&ssl=1","image":{"@type":"ImageObject","url":"https:\/\/i0.wp.com\/insightcrime.org\/wp-content\/uploads\/2015\/11\/es-15-11-17-Paraguay-ACA.png?fit=250%2C164&quality=100&ssl=1"},"articleSection":"Noticias del d\u00eda","author":[{"@type":"Person","name":"Michael Lohmuller"}],"creator":["Michael Lohmuller"],"publisher":{"@type":"Organization","name":"InSight Crime","logo":"https:\/\/insightcrime.org\/wp-content\/uploads\/2023\/08\/logo.png"},"keywords":["epp","paraguay"],"dateCreated":"2017-03-28T00:12:34Z","datePublished":"2017-03-28T00:12:34Z","dateModified":"2023-04-24T20:48:57Z"},"rendered":"<meta name=\"parsely-title\" content=\"Paraguay propina duro golpe a grupo guerrillero\" \/>\n<meta name=\"parsely-link\" content=\"http:\/\/insightcrime.org\/es\/noticias\/noticias-del-dia\/paraguay-propina-duro-golpe-grupo-guerrilero\/\" \/>\n<meta name=\"parsely-type\" content=\"post\" \/>\n<meta name=\"parsely-image-url\" content=\"https:\/\/i0.wp.com\/insightcrime.org\/wp-content\/uploads\/2015\/11\/es-15-11-17-Paraguay-ACA.png?resize=150%2C150&amp;quality=100&amp;ssl=1\" \/>\n<meta name=\"parsely-pub-date\" content=\"2017-03-28T00:12:34Z\" \/>\n<meta name=\"parsely-section\" content=\"Noticias del d\u00eda\" \/>\n<meta name=\"parsely-tags\" content=\"epp,paraguay\" \/>\n<meta name=\"parsely-author\" content=\"Michael Lohmuller\" \/>","tracker_url":"https:\/\/cdn.parsely.com\/keys\/insightcrime.org\/p.js"},"jetpack_sharing_enabled":true,"jetpack-related-posts":[{"id":124334,"url":"https:\/\/insightcrime.org\/es\/noticias\/paraguay-retorno-amenaza-criminal\/","url_meta":{"origin":8358,"position":0},"title":"Paraguay lidia con ostentoso retorno de una vieja amenaza criminal","author":"Sergio Saffon","date":"22 de septiembre de 2020","format":false,"excerpt":"A una semana del secuestro de un exvicepresidente de Paraguay por parte de la guerrilla del EPP, parece cada vez m\u00e1s probable que este antiguo enemigo de las autoridades del pa\u00eds haya regresado, aunque en circunstancias muy diferentes.","rel":"","context":"En \u00abNoticias\u00bb","block_context":{"text":"Noticias","link":"https:\/\/insightcrime.org\/es\/category\/noticias\/"},"img":{"alt_text":"","src":"https:\/\/i0.wp.com\/insightcrime.org\/wp-content\/uploads\/2020\/09\/secuestraron-al-ex-vicepresidente-de-paraguay-oscar-denis-sanchez.jpg?fit=350%2C250&quality=100&ssl=1&resize=350%2C200","width":350,"height":200},"classes":[]},{"id":123247,"url":"https:\/\/insightcrime.org\/es\/noticias\/peru-lucha-sendero-luminoso\/","url_meta":{"origin":8358,"position":1},"title":"Per\u00fa sigue estancado en su lucha contra Sendero Luminoso","author":"Sergio Saffon","date":"4 de septiembre de 2020","format":false,"excerpt":"Las fuerzas de seguridad de Per\u00fa lanzaron recientemente un ataque contra la guerrilla de Sendero Luminoso en una regi\u00f3n selv\u00e1tica que produce la mayor parte de la coca\u00edna del pa\u00eds; sin embargo, las operaciones militares no han logrado acabar con los remanentes del grupo guerrillero.","rel":"","context":"En \u00abNoticias\u00bb","block_context":{"text":"Noticias","link":"https:\/\/insightcrime.org\/es\/category\/noticias\/"},"img":{"alt_text":"","src":"https:\/\/i0.wp.com\/insightcrime.org\/wp-content\/uploads\/2020\/09\/Peru-Shining-Path-Attack-Military.jpg?fit=350%2C250&quality=100&ssl=1&resize=350%2C200","width":350,"height":200},"classes":[]},{"id":126154,"url":"https:\/\/insightcrime.org\/es\/noticias\/eln-muerte-uriel-colombia\/","url_meta":{"origin":8358,"position":2},"title":"ELN supera la muerte del medi\u00e1tico comandante Uriel en Colombia","author":"Juan Camilo Jaramillo","date":"27 de octubre de 2020","format":false,"excerpt":"Luego de un operativo militar ejecutado en las selvas de Colombia, el ELN sufri\u00f3 la p\u00e9rdida de alias Uriel, uno de sus comandantes m\u00e1s medi\u00e1ticos. Aunque se trata de una victoria militar para las fuerzas de seguridad, es poco probable que marque una diferencia real en el constante progreso criminal\u2026","rel":"","context":"En \u00abNoticias\u00bb","block_context":{"text":"Noticias","link":"https:\/\/insightcrime.org\/es\/category\/noticias\/"},"img":{"alt_text":"","src":"https:\/\/i0.wp.com\/insightcrime.org\/wp-content\/uploads\/2020\/10\/5f7136ebddfc3.jpeg?fit=350%2C250&quality=100&ssl=1&resize=350%2C200","width":350,"height":200},"classes":[]},{"id":179121,"url":"https:\/\/insightcrime.org\/es\/noticias\/muerte-arturo-comandante-disidente-sacude-frente-10-colombia\/","url_meta":{"origin":8358,"position":3},"title":"La muerte de &#8216;Arturo&#8217;, comandante disidente, sacude al Frente 10 en Colombia","author":"Juan Diego Posada","date":"25 de febrero de 2022","format":false,"excerpt":"Un veterano comandante de las ex \u2013 FARC muri\u00f3 en un operativo de las fuerzas de seguridad de colombianas, dejando un vac\u00edo de poder en el conflicto entre disidencias en la fronte de Colombia-Venezuela.","rel":"","context":"En \u00abNoticias\u00bb","block_context":{"text":"Noticias","link":"https:\/\/insightcrime.org\/es\/category\/noticias\/"},"img":{"alt_text":"Varios disidentes murieron en la operaci\u00f3n","src":"https:\/\/i0.wp.com\/insightcrime.org\/wp-content\/uploads\/2022\/02\/Operacion-Arauca.jpg?fit=350%2C250&quality=100&ssl=1&resize=350%2C200","width":350,"height":200},"classes":[]},{"id":232530,"url":"https:\/\/insightcrime.org\/es\/noticias\/resurreccion-guerrillera-divisiones-poder-exfarc-mafia\/","url_meta":{"origin":8358,"position":4},"title":"Resurrecci\u00f3n guerrillera: divisiones de poder entre las ex-FARC mafia","author":"Juan Diego Posada","date":"4 de agosto de 2023","format":false,"excerpt":"En tanto que un exl\u00edder guerrillero reaparece e insta a su ej\u00e9rcito a continuar una lucha casi perdida, otra facci\u00f3n disidente rival expande su presencia, incluso mientras se prepara para iniciar di\u00e1logos de paz con el gobierno colombiano.","rel":"","context":"En \u00abNoticias\u00bb","block_context":{"text":"Noticias","link":"https:\/\/insightcrime.org\/es\/category\/noticias\/"},"img":{"alt_text":"Iv\u00e1n M\u00e1rquez lee una declaraci\u00f3n en un video de las ex-FARC.","src":"https:\/\/i0.wp.com\/insightcrime.org\/wp-content\/uploads\/2023\/09\/Colombia-Ivan-Marquez-ex-FARC-mafia-Infobae-1.jpg?fit=350%2C250&quality=100&ssl=1&resize=350%2C200","width":350,"height":200},"classes":[]},{"id":7015,"url":"https:\/\/insightcrime.org\/es\/noticias-crimen-organizado-colombia\/farc-perfil\/","url_meta":{"origin":8358,"position":5},"title":"FARC","author":"InSight Crime","date":"23 de noviembre de 2023","format":false,"excerpt":"Las Fuerzas Armadas Revolucionarias de Colombia (FARC) fueron el mayor ej\u00e9rcito irregular de Colombia. Operaron en varias regiones del pa\u00eds en busca de recursos para financiar su guerra de casi 50 a\u00f1os contra el Estado. Las FARC fueron el grupo guerrillero m\u00e1s antiguo e importante del hemisferio occidental y durante\u2026","rel":"","context":"En \u00abColombia\u00bb","block_context":{"text":"Colombia","link":"https:\/\/insightcrime.org\/es\/category\/noticias-crimen-organizado-colombia\/"},"img":{"alt_text":"","src":"","width":0,"height":0},"classes":[]}],"jetpack_featured_media_url":"https:\/\/i0.wp.com\/insightcrime.org\/wp-content\/uploads\/2015\/11\/es-15-11-17-Paraguay-ACA.png?fit=250%2C164&quality=100&ssl=1","_links":{"self":[{"href":"https:\/\/insightcrime.org\/es\/wp-json\/wp\/v2\/posts\/8358","targetHints":{"allow":["GET"]}}],"collection":[{"href":"https:\/\/insightcrime.org\/es\/wp-json\/wp\/v2\/posts"}],"about":[{"href":"https:\/\/insightcrime.org\/es\/wp-json\/wp\/v2\/types\/post"}],"author":[{"embeddable":true,"href":"https:\/\/insightcrime.org\/es\/wp-json\/wp\/v2\/users\/25"}],"replies":[{"embeddable":true,"href":"https:\/\/insightcrime.org\/es\/wp-json\/wp\/v2\/comments?post=8358"}],"version-history":[{"count":1,"href":"https:\/\/insightcrime.org\/es\/wp-json\/wp\/v2\/posts\/8358\/revisions"}],"predecessor-version":[{"id":25654,"href":"https:\/\/insightcrime.org\/es\/wp-json\/wp\/v2\/posts\/8358\/revisions\/25654"}],"wp:featuredmedia":[{"embeddable":true,"href":"https:\/\/insightcrime.org\/es\/wp-json\/wp\/v2\/media\/43545"}],"wp:attachment":[{"href":"https:\/\/insightcrime.org\/es\/wp-json\/wp\/v2\/media?parent=8358"}],"wp:term":[{"taxonomy":"category","embeddable":true,"href":"https:\/\/insightcrime.org\/es\/wp-json\/wp\/v2\/categories?post=8358"},{"taxonomy":"post_tag","embeddable":true,"href":"https:\/\/insightcrime.org\/es\/wp-json\/wp\/v2\/tags?post=8358"},{"taxonomy":"newspack_spnsrs_tax","embeddable":true,"href":"https:\/\/insightcrime.org\/es\/wp-json\/wp\/v2\/newspack_spnsrs_tax?post=8358"},{"taxonomy":"author","embeddable":true,"href":"https:\/\/insightcrime.org\/es\/wp-json\/wp\/v2\/coauthors?post=8358"}],"curies":[{"name":"wp","href":"https:\/\/api.w.org\/{rel}","templated":true}]}}