{"id":8398,"date":"2015-12-02T21:50:56","date_gmt":"2017-03-28T00:12:50","guid":{"rendered":"http:\/\/newwp.insightcrime.org?p=8398"},"modified":"2023-04-24T15:49:15","modified_gmt":"2023-04-24T20:49:15","slug":"fiscal-general-el-salvador-dos-tercios-homicidios-son-pandillas","status":"publish","type":"post","link":"https:\/\/insightcrime.org\/es\/noticias\/noticias-del-dia\/fiscal-general-el-salvador-dos-tercios-homicidios-son-pandillas\/","title":{"rendered":"Fiscal General de El Salvador: dos tercios de homicidios son de pandillas"},"content":{"rendered":"\n<p class=\"wp-block-paragraph\">La violencia de pandillas representa dos terceras partes de los homicidios en El Salvador, seg\u00fan cifras de la Fiscal\u00eda General de la Rep\u00fablica, un aporte significativo al r\u00e9cord de violencia en el pa\u00eds.<\/p>\n\n\n\n<p class=\"wp-block-paragraph\">La Fiscal\u00eda General de la Rep\u00fablica de El Salvador anunci\u00f3 los resultados de un an\u00e1lisis de cierre de a\u00f1o sobre crimen, afirmando que 65 por ciento de los homicidios cometidos en 2015 fueron cometidos por pandilleros, <a href=\"https:\/\/www.laprensagrafica.com\/2015\/12\/01\/fgr-pandillas-cometen-el-65-de-homicidios?ref=hnp\" target=\"_blank\">inform\u00f3 La Prensa Gr\u00e1fica.<\/a><\/p>\n\n\n\n<p class=\"wp-block-paragraph\">Los datos del informe presentado por la Fiscal\u00eda General tambi\u00e9n se\u00f1alaron el enorme incremento de la violencia y la actividad criminal en el \u00faltimo a\u00f1o. En comparaci\u00f3n con 2014, este a\u00f1o vio un alza de 74 por ciento en los homicidios.<\/p>\n\n\n\n<p class=\"wp-block-paragraph\">El Salvador ya supera a Honduras en t\u00e9rminos de violencia, afirm\u00f3 <a href=\"https:\/\/www.elsalvador.com\/articulo\/sucesos\/homicidios-aumentan-con-respecto-2014-94691\">El Diario de Hoy<\/a>, con una tasa de 90 homicidios por 100.000 ciudadanos.<\/p>\n\n\n\n<p class=\"wp-block-paragraph\">El informe tambi\u00e9n resalt\u00f3 el<a href=\"\/noticias\/noticias-del-dia\/aumentan-masacres-salvador-informe\" target=\"_blank\"> alza en los casos de \u201chomicidio m\u00faltiple\u201d, <\/a>en los que hubo dos o m\u00e1s v\u00edctimas. Desde 2014, el n\u00famero de homicidios subi\u00f3 casi 200 por ciento, hasta 450 casos en 2015.<\/p>\n\n\n\n<h3 class=\"wp-block-heading\">An\u00e1lisis de InSight Crime<\/h3>\n\n\n\n<p class=\"wp-block-paragraph\">El informe del fiscal general ofrece datos importantes de una crisis en continuo aumento en El Salvador, dando una responsabilidad mayor a las pandillas por el alza en la violencia.<\/p>\n\n\n\n<p class=\"wp-block-paragraph\">A comienzos de noviembre, un estudio de la polic\u00eda se\u00f1al\u00f3 que <a href=\"\/noticias\/noticias-del-dia\/setenta-por-ciento-homicidios-el-salvador-no-vinculados-pandillas-policia\" target=\"_blank\">casi el 70 por ciento de las v\u00edctimas<\/a> de muertes violentas en El Salvador no ten\u00edan conexi\u00f3n con las pandillas. Esto subvert\u00eda la versi\u00f3n tradicional del gobierno de que la mayor parte de la violencia en el pa\u00eds ten\u00eda que ver con conflictos entre pandillas, y no afectaba a los civiles en general.<\/p>\n\n\n\n<p class=\"wp-block-paragraph\">Es m\u00e1s, la polic\u00eda y otros presuntos grupos vigilantes han estado vinculados a <a href=\"\/noticias\/analisis\/policia-masacro-finca-san-blas-el-salvador\" target=\"_blank\">masacres de civiles y supuestos pandilleros<\/a>. Y muchos analistas han notado un aumento en dicho tipo de violencia<\/p>\n\n\n\n<p class=\"wp-block-paragraph\"><span style=\"color: #800000\"><strong>VEA TAMBI\u00c9N<\/strong><\/span>: <a href=\"\/noticias-sobre-crimen-organizado-en-el-salvador\" target=\"_blank\">Noticias y perfiles de El Salvador<\/a><\/p>\n\n\n\n<p class=\"wp-block-paragraph\">Sin embargo, los n\u00fameros tanto de la polic\u00eda como del fiscal general indican que la violencia de pandillas tiene un impacto cada vez mayor. Junto a las v\u00edctimas civiles \u2014incluyendo a los ca\u00eddos en masacres ejecutadas por la polic\u00eda\u2014, la violencia de las pandillas ha apuntado con mayor fuerza a la polic\u00eda, el ej\u00e9rcito y las fuerzas de seguridad p\u00fablica, en el intento de la pandilla callejera Mara Salvatrucha (MS13) por ganar mayor control de las operaciones de narcotr\u00e1fico, <a href=\"https:\/\/csis.org\/blog\/central-american-gangs-wicked-problem\" target=\"_blank\">seg\u00fan un informe reciente del Centro de Estudios Estrat\u00e9gicos e Internacionales.<\/a><\/p>\n\n\n\n<p class=\"wp-block-paragraph\">La violencia de las pandillas contra las fuerzas de seguridad tambi\u00e9n se ha recrudecido, con la supuesta intensificaci\u00f3n de los esfuerzos de la MS13 y su rival Barrio 18 por<a href=\"\/noticias\/analisis\/evaluacion-pandillas-el-salvador-contexto-postregua\" target=\"_blank\"> presionar al gobierno<\/a> para que restablezca <a href=\"\/investigaciones\/tregua-entre-pandillas-en-el-salvador\" target=\"_blank\">la tregua de 2012<\/a> y reduzca las <a href=\"\/noticias\/noticias-del-dia\/corte-suprema-justicia-el-salvador-declara-pandillas-grupos-terroristas\" target=\"_blank\">iniciativas contra las pandillas<\/a>. Todos estos factores juntos han contribuido a \u00edndices de violencia que <a href=\"\/noticias\/noticias-del-dia\/records-violencia-desplazamiento-el-salvador-recuerdan-pasada-guerra-civil\" target=\"_blank\">no se ve\u00edan<\/a> desde la guerra civil de El Salvador.<\/p>\n","protected":false},"excerpt":{"rendered":"<p>La violencia de pandillas representa dos terceras partes de los homicidios en El Salvador, seg\u00fan cifras de la Fiscal\u00eda General de la Rep\u00fablica, un aporte significativo al r\u00e9cord de violencia en el pa\u00eds.<\/p>\n","protected":false},"author":47,"featured_media":43621,"comment_status":"closed","ping_status":"closed","sticky":false,"template":"","format":"standard","meta":{"newspack_ads_suppress_ads":false,"newspack_popups_has_disabled_popups":false,"newspack_sponsor_sponsorship_scope":"","newspack_sponsor_native_byline_display":"inherit","newspack_sponsor_native_category_display":"inherit","newspack_sponsor_underwriter_style":"inherit","newspack_sponsor_underwriter_placement":"inherit","_EventAllDay":false,"_EventTimezone":"","_EventStartDate":"","_EventEndDate":"","_EventStartDateUTC":"","_EventEndDateUTC":"","_EventShowMap":false,"_EventShowMapLink":false,"_EventURL":"","_EventCost":"","_EventCostDescription":"","_EventCurrencySymbol":"","_EventCurrencyCode":"","_EventCurrencyPosition":"","_EventDateTimeSeparator":"","_EventTimeRangeSeparator":"","_EventOrganizerID":[],"_EventVenueID":[],"_OrganizerEmail":"","_OrganizerPhone":"","_OrganizerWebsite":"","_VenueAddress":"","_VenueCity":"","_VenueCountry":"","_VenueProvince":"","_VenueState":"","_VenueZip":"","_VenuePhone":"","_VenueURL":"","_VenueStateProvince":"","_VenueLat":"","_VenueLng":"","_VenueShowMap":false,"_VenueShowMapLink":false,"_newspack_byline_active":false,"_newspack_byline":"","newspack_hide_updated_date":false,"newspack_show_updated_date":false,"newspack_featured_image_position":"","newspack_post_subtitle":"","newspack_article_summary_title":"Overview:","newspack_article_summary":"","_jetpack_memberships_contains_paid_content":false,"footnotes":""},"categories":[334],"tags":[375,1540,452,1500],"newspack_spnsrs_tax":[],"coauthors":[3975],"class_list":["post-8398","post","type-post","status-publish","format-standard","has-post-thumbnail","hentry","category-noticias-del-dia","tag-barrio-18-grupo","tag-el-salvador-pais","tag-homicidios","tag-ms13-es","entry"],"parsely":{"version":"1.1.0","canonical_url":"https:\/\/insightcrime.org\/es\/noticias\/noticias-del-dia\/fiscal-general-el-salvador-dos-tercios-homicidios-son-pandillas\/","smart_links":{"inbound":0,"outbound":0},"traffic_boost_suggestions_count":0,"meta":{"@context":"https:\/\/schema.org","@type":"NewsArticle","headline":"Fiscal General de El Salvador: dos tercios de homicidios son de pandillas","url":"http:\/\/insightcrime.org\/es\/noticias\/noticias-del-dia\/fiscal-general-el-salvador-dos-tercios-homicidios-son-pandillas\/","mainEntityOfPage":{"@type":"WebPage","@id":"http:\/\/insightcrime.org\/es\/noticias\/noticias-del-dia\/fiscal-general-el-salvador-dos-tercios-homicidios-son-pandillas\/"},"thumbnailUrl":"https:\/\/i0.wp.com\/insightcrime.org\/wp-content\/uploads\/2015\/12\/es-15-12-01-ElSalvador-Homicides.jpg?resize=150%2C150&quality=100&ssl=1","image":{"@type":"ImageObject","url":"https:\/\/i0.wp.com\/insightcrime.org\/wp-content\/uploads\/2015\/12\/es-15-12-01-ElSalvador-Homicides.jpg?fit=250%2C167&quality=100&ssl=1"},"articleSection":"Noticias del d\u00eda","author":[{"@type":"Person","name":"Elijah Stevens"}],"creator":["Elijah Stevens"],"publisher":{"@type":"Organization","name":"InSight Crime","logo":"https:\/\/insightcrime.org\/wp-content\/uploads\/2023\/08\/logo.png"},"keywords":["barrio 18","el salvador","homicidios","ms13"],"dateCreated":"2017-03-28T00:12:50Z","datePublished":"2017-03-28T00:12:50Z","dateModified":"2023-04-24T20:49:15Z"},"rendered":"<meta name=\"parsely-title\" content=\"Fiscal General de El Salvador: dos tercios de homicidios son de pandillas\" \/>\n<meta name=\"parsely-link\" content=\"http:\/\/insightcrime.org\/es\/noticias\/noticias-del-dia\/fiscal-general-el-salvador-dos-tercios-homicidios-son-pandillas\/\" \/>\n<meta name=\"parsely-type\" content=\"post\" \/>\n<meta name=\"parsely-image-url\" content=\"https:\/\/i0.wp.com\/insightcrime.org\/wp-content\/uploads\/2015\/12\/es-15-12-01-ElSalvador-Homicides.jpg?resize=150%2C150&amp;quality=100&amp;ssl=1\" \/>\n<meta name=\"parsely-pub-date\" content=\"2017-03-28T00:12:50Z\" \/>\n<meta name=\"parsely-section\" content=\"Noticias del d\u00eda\" \/>\n<meta name=\"parsely-tags\" content=\"barrio 18,el salvador,homicidios,ms13\" \/>\n<meta name=\"parsely-author\" content=\"Elijah Stevens\" \/>","tracker_url":"https:\/\/cdn.parsely.com\/keys\/insightcrime.org\/p.js"},"jetpack_sharing_enabled":true,"jetpack-related-posts":[{"id":173685,"url":"https:\/\/insightcrime.org\/es\/noticias\/pandillas-elsalvador-envian-mensaje-sangre\/","url_meta":{"origin":8398,"position":0},"title":"Pandillas de El Salvador env\u00edan un mensaje de sangre","author":"Seth Robbins","date":"16 de diciembre de 2021","format":false,"excerpt":"Aunque seg\u00fan todas las evidencias El Salvador registrar\u00e1 otro r\u00e9cord en el descenso de los homicidios este a\u00f1o, hace pocas semanas el pa\u00eds se vio sacudido por una oleada de homicidios que dur\u00f3 tres d\u00edas, un sangriento recordatorio de que la paz reci\u00e9n alcanzada avanza sobre terreno quebradizo.","rel":"","context":"En \u00abNoticias\u00bb","block_context":{"text":"Noticias","link":"https:\/\/insightcrime.org\/es\/category\/noticias\/"},"img":{"alt_text":"El-Salvador-Pandillas-Homicidios","src":"https:\/\/i0.wp.com\/insightcrime.org\/wp-content\/uploads\/2021\/12\/El-Salvador-Homicides-Soldiers-Streets.png?fit=1200%2C675&quality=100&ssl=1&resize=350%2C200","width":350,"height":200,"srcset":"https:\/\/i0.wp.com\/insightcrime.org\/wp-content\/uploads\/2021\/12\/El-Salvador-Homicides-Soldiers-Streets.png?fit=1200%2C675&quality=100&ssl=1&resize=350%2C200 1x, https:\/\/i0.wp.com\/insightcrime.org\/wp-content\/uploads\/2021\/12\/El-Salvador-Homicides-Soldiers-Streets.png?fit=1200%2C675&quality=100&ssl=1&resize=525%2C300 1.5x, https:\/\/i0.wp.com\/insightcrime.org\/wp-content\/uploads\/2021\/12\/El-Salvador-Homicides-Soldiers-Streets.png?fit=1200%2C675&quality=100&ssl=1&resize=700%2C400 2x, https:\/\/i0.wp.com\/insightcrime.org\/wp-content\/uploads\/2021\/12\/El-Salvador-Homicides-Soldiers-Streets.png?fit=1200%2C675&quality=100&ssl=1&resize=1050%2C600 3x"},"classes":[]},{"id":181042,"url":"https:\/\/insightcrime.org\/es\/noticias\/ola-homicida-pandillas-conmociona-gobierno-el-salvador\/","url_meta":{"origin":8398,"position":1},"title":"Ola homicida de pandillas sacude a gobierno de El Salvador","author":"Alex Papadovassilakis","date":"28 de marzo de 2022","format":false,"excerpt":"Una ola de asesinatos in\u00e9dita desde los d\u00edas de la guerra civil en El Salvador fue el mensaje f\u00fanebre de las pandillas del pa\u00eds, en el idioma que usan para pronunciarse, hacia el gobierno.","rel":"","context":"En \u00abNoticias\u00bb","block_context":{"text":"Noticias","link":"https:\/\/insightcrime.org\/es\/category\/noticias\/"},"img":{"alt_text":"Fuerzas de seguridad de El Salvador en guardia","src":"https:\/\/i0.wp.com\/insightcrime.org\/wp-content\/uploads\/2022\/03\/ES-Spree-1.jpeg?fit=350%2C250&quality=100&ssl=1&resize=350%2C200","width":350,"height":200},"classes":[]},{"id":249309,"url":"https:\/\/insightcrime.org\/es\/investigaciones\/camino-hacia-regimen-excepcion-el-salvador\/","url_meta":{"origin":8398,"position":2},"title":"El camino hacia el r\u00e9gimen de excepci\u00f3n en El Salvador","author":"Alex Papadovassilakis","date":"6 de diciembre de 2023","format":false,"excerpt":"El m\u00e1s reciente intento de hacer frente a las pandillas \u2014denominado \u201cguerra contra las pandillas\u201d por el presidente de El Salvador, Nayib Bukele\u2014 se ha materializado en otra feroz ofensiva de seguridad. Tras una atroz masacre perpetrada por las bandas en marzo de 2022, su gobierno decret\u00f3 el r\u00e9gimen de\u2026","rel":"","context":"En \u00abInvestigaciones\u00bb","block_context":{"text":"Investigaciones","link":"https:\/\/insightcrime.org\/es\/category\/investigaciones\/"},"img":{"alt_text":"","src":"https:\/\/i0.wp.com\/insightcrime.org\/wp-content\/uploads\/2023\/11\/El-Salvador-Cover-Cap-2-Dic-2023.jpg?fit=1200%2C576&quality=100&ssl=1&resize=350%2C200","width":350,"height":200,"srcset":"https:\/\/i0.wp.com\/insightcrime.org\/wp-content\/uploads\/2023\/11\/El-Salvador-Cover-Cap-2-Dic-2023.jpg?fit=1200%2C576&quality=100&ssl=1&resize=350%2C200 1x, https:\/\/i0.wp.com\/insightcrime.org\/wp-content\/uploads\/2023\/11\/El-Salvador-Cover-Cap-2-Dic-2023.jpg?fit=1200%2C576&quality=100&ssl=1&resize=525%2C300 1.5x, https:\/\/i0.wp.com\/insightcrime.org\/wp-content\/uploads\/2023\/11\/El-Salvador-Cover-Cap-2-Dic-2023.jpg?fit=1200%2C576&quality=100&ssl=1&resize=700%2C400 2x, https:\/\/i0.wp.com\/insightcrime.org\/wp-content\/uploads\/2023\/11\/El-Salvador-Cover-Cap-2-Dic-2023.jpg?fit=1200%2C576&quality=100&ssl=1&resize=1050%2C600 3x"},"classes":[]},{"id":126210,"url":"https:\/\/insightcrime.org\/es\/noticias\/el-salvador-armas-ilegales\/","url_meta":{"origin":8398,"position":3},"title":"Decomisos de miles de armas no paran flujos ilegales en El Salvador","author":"Victoria Dittmar","date":"29 de octubre de 2020","format":false,"excerpt":"Las autoridades salvadore\u00f1as aseguraron recientemente que su estrategia para combatir a las pandillas ha dado como resultado el decomiso de miles de armas. Sin\u00a0embargo, esto afecta poco a las pandillas y no logra detener los continuos flujos de armas hacia El Salvador.","rel":"","context":"En \u00abNoticias\u00bb","block_context":{"text":"Noticias","link":"https:\/\/insightcrime.org\/es\/category\/noticias\/"},"img":{"alt_text":"","src":"https:\/\/i0.wp.com\/insightcrime.org\/wp-content\/uploads\/2020\/10\/El-Salvador-Weapons-Seizures.jpg?fit=350%2C250&quality=100&ssl=1&resize=350%2C200","width":350,"height":200},"classes":[]},{"id":232660,"url":"https:\/\/insightcrime.org\/es\/noticias\/honduras-avanza-poco-contra-crimen-tras-6-meses-estado-excepcion\/","url_meta":{"origin":8398,"position":4},"title":"Honduras avanza poco contra el crimen tras 6 meses de estado de excepci\u00f3n","author":"Juan Diego Posada","date":"5 de junio de 2023","format":false,"excerpt":"El estado de excepci\u00f3n en Honduras ha llegado a seis meses de vigencia, pero, a pesar de las afirmaciones del gobierno y las cifras presentadas por la Polic\u00eda Nacional, no ha tenido mucho impacto en las actividades de los grupos criminales. El gobierno de Xiomara Castro implement\u00f3 por primera vez\u2026","rel":"","context":"En \u00abNoticias\u00bb","block_context":{"text":"Noticias","link":"https:\/\/insightcrime.org\/es\/category\/noticias\/"},"img":{"alt_text":"","src":"https:\/\/i0.wp.com\/insightcrime.org\/wp-content\/uploads\/2023\/09\/Honduras-Woman-walks-past-a-line-of-police-officers-San-Pedro-Sula-Dec-2022-AP22343127690386-A2-1.jpg?fit=1200%2C699&quality=100&ssl=1&resize=350%2C200","width":350,"height":200,"srcset":"https:\/\/i0.wp.com\/insightcrime.org\/wp-content\/uploads\/2023\/09\/Honduras-Woman-walks-past-a-line-of-police-officers-San-Pedro-Sula-Dec-2022-AP22343127690386-A2-1.jpg?fit=1200%2C699&quality=100&ssl=1&resize=350%2C200 1x, https:\/\/i0.wp.com\/insightcrime.org\/wp-content\/uploads\/2023\/09\/Honduras-Woman-walks-past-a-line-of-police-officers-San-Pedro-Sula-Dec-2022-AP22343127690386-A2-1.jpg?fit=1200%2C699&quality=100&ssl=1&resize=525%2C300 1.5x, https:\/\/i0.wp.com\/insightcrime.org\/wp-content\/uploads\/2023\/09\/Honduras-Woman-walks-past-a-line-of-police-officers-San-Pedro-Sula-Dec-2022-AP22343127690386-A2-1.jpg?fit=1200%2C699&quality=100&ssl=1&resize=700%2C400 2x, https:\/\/i0.wp.com\/insightcrime.org\/wp-content\/uploads\/2023\/09\/Honduras-Woman-walks-past-a-line-of-police-officers-San-Pedro-Sula-Dec-2022-AP22343127690386-A2-1.jpg?fit=1200%2C699&quality=100&ssl=1&resize=1050%2C600 3x"},"classes":[]},{"id":206464,"url":"https:\/\/insightcrime.org\/es\/noticias\/circulo-vicioso-estados-emergencia-jamaica\/","url_meta":{"origin":8398,"position":5},"title":"\u00bfQu\u00e9 hay detr\u00e1s del c\u00edrculo vicioso de los estados de emergencia en Jamaica?","author":"Chris Dalby","date":"8 de diciembre de 2022","format":false,"excerpt":"Un estado de emergencia general anunciado para toda Jamaica con el fin de contener la escalada de violencia fue recibido con burla, como un ejemplo m\u00e1s de una larga serie de medidas que no parecen haber logrado mucho.","rel":"","context":"En \u00abNoticias\u00bb","block_context":{"text":"Noticias","link":"https:\/\/insightcrime.org\/es\/category\/noticias\/"},"img":{"alt_text":"Soldado empu\u00f1ando un arma en una calle de Kingston, Jamaica, durante el nuevo estado de emergencia","src":"https:\/\/i0.wp.com\/insightcrime.org\/wp-content\/uploads\/2022\/12\/police_wide-f8be8cb83a9b0e30eb1eae12f4557ab92f723b59-s1400-c100-1-1.jpg?fit=350%2C250&quality=100&ssl=1&resize=350%2C200","width":350,"height":200},"classes":[]}],"jetpack_featured_media_url":"https:\/\/i0.wp.com\/insightcrime.org\/wp-content\/uploads\/2015\/12\/es-15-12-01-ElSalvador-Homicides.jpg?fit=250%2C167&quality=100&ssl=1","_links":{"self":[{"href":"https:\/\/insightcrime.org\/es\/wp-json\/wp\/v2\/posts\/8398","targetHints":{"allow":["GET"]}}],"collection":[{"href":"https:\/\/insightcrime.org\/es\/wp-json\/wp\/v2\/posts"}],"about":[{"href":"https:\/\/insightcrime.org\/es\/wp-json\/wp\/v2\/types\/post"}],"author":[{"embeddable":true,"href":"https:\/\/insightcrime.org\/es\/wp-json\/wp\/v2\/users\/47"}],"replies":[{"embeddable":true,"href":"https:\/\/insightcrime.org\/es\/wp-json\/wp\/v2\/comments?post=8398"}],"version-history":[{"count":1,"href":"https:\/\/insightcrime.org\/es\/wp-json\/wp\/v2\/posts\/8398\/revisions"}],"predecessor-version":[{"id":25732,"href":"https:\/\/insightcrime.org\/es\/wp-json\/wp\/v2\/posts\/8398\/revisions\/25732"}],"wp:featuredmedia":[{"embeddable":true,"href":"https:\/\/insightcrime.org\/es\/wp-json\/wp\/v2\/media\/43621"}],"wp:attachment":[{"href":"https:\/\/insightcrime.org\/es\/wp-json\/wp\/v2\/media?parent=8398"}],"wp:term":[{"taxonomy":"category","embeddable":true,"href":"https:\/\/insightcrime.org\/es\/wp-json\/wp\/v2\/categories?post=8398"},{"taxonomy":"post_tag","embeddable":true,"href":"https:\/\/insightcrime.org\/es\/wp-json\/wp\/v2\/tags?post=8398"},{"taxonomy":"newspack_spnsrs_tax","embeddable":true,"href":"https:\/\/insightcrime.org\/es\/wp-json\/wp\/v2\/newspack_spnsrs_tax?post=8398"},{"taxonomy":"author","embeddable":true,"href":"https:\/\/insightcrime.org\/es\/wp-json\/wp\/v2\/coauthors?post=8398"}],"curies":[{"name":"wp","href":"https:\/\/api.w.org\/{rel}","templated":true}]}}