{"id":8410,"date":"2015-12-08T14:19:20","date_gmt":"2017-03-28T00:12:56","guid":{"rendered":"http:\/\/newwp.insightcrime.org?p=8410"},"modified":"2023-04-24T15:49:19","modified_gmt":"2023-04-24T20:49:19","slug":"sirios-arrestados-argentina-vinculados-red-contrabando","status":"publish","type":"post","link":"https:\/\/insightcrime.org\/es\/noticias\/noticias-del-dia\/sirios-arrestados-argentina-vinculados-red-contrabando\/","title":{"rendered":"Sirios arrestados en Argentina vinculados a red de contrabando"},"content":{"rendered":"\n<p class=\"wp-block-paragraph\">Siete sirios que viajaban con pasaportes griegos fueron arrestados en Argentina, lo que pone de relieve la necesidad de poner fin al tr\u00e1fico de personas y a la circulaci\u00f3n de documentaci\u00f3n ilegal.<\/p>\n\n\n\n<p class=\"wp-block-paragraph\">Los sirios fueron arrestados en dos operaciones en la ciudad de Buenos Aires y est\u00e1n acusados de falsificaci\u00f3n de documentos, <a href=\"https:\/\/www.lanacion.com.ar\/1851854-detuvieron-a-5-ciudadanos-sirios-en-el-centro\" target=\"_blank\">seg\u00fan La Naci\u00f3n<\/a>. Las personas, que presuntamente llevaban pasaportes griegos robados, afirmaron ser refugiados del conflicto interno en Siria. Por lo menos dos de los sirios se dirig\u00edan a Uruguay, <a href=\"https:\/\/www.lanacion.com.ar\/1851981-ordenan-la-captura-del-cabecilla-de-una-organizacion-que-hace-ingresar-sirios-al-pais\" target=\"_blank\">inform\u00f3 La Naci\u00f3n<\/a>.<\/p>\n\n\n\n<p class=\"wp-block-paragraph\"><span style=\"color: #800000\"><strong>VEA TAMBI\u00c9N<\/strong><\/span>: <a href=\"\/component\/tags\/tag\/321-trafico-humano\" target=\"_blank\">Cobertura sobre tr\u00e1fico humano<\/a><\/p>\n\n\n\n<p class=\"wp-block-paragraph\">Ahora, un juez federal orden\u00f3 la captura de Ibrahim Dehioglu, ciudadano turco de quien las autoridades creen que ayud\u00f3 a los sirios a conseguir los pasaportes griegos y facilit\u00f3 su paso por Argentina.<\/p>\n\n\n\n<p class=\"wp-block-paragraph\">Las autoridades creen que los documentos tienen relaci\u00f3n con una operaci\u00f3n criminal. Un agente de la polic\u00eda dijo a La Naci\u00f3n que los detenidos hac\u00edan parte de una \u201corganizaci\u00f3n criminal dedicada a la trata de personas y a la falsificaci\u00f3n de documentos\u201d.<\/p>\n\n\n\n<h3 class=\"wp-block-heading\">An\u00e1lisis de InSight Crime<\/h3>\n\n\n\n<p class=\"wp-block-paragraph\">El movimiento de refugiados sirios ha alertado a los observadores terroristas y a los gobiernos en la regi\u00f3n sobre los vac\u00edos y la corrupci\u00f3n en los organismos de control aduanero en Latinoam\u00e9rica y el Caribe, pero esos vac\u00edos han existido durante a\u00f1os.<\/p>\n\n\n\n<p class=\"wp-block-paragraph\">Como lo se\u00f1al\u00f3 InSight Crime,<a href=\"\/news\/analysis\/argentina-a-haven-for-colombian-narcos\" target=\"_blank\"> los traficantes colombianos <\/a>han usado durante mucho tiempo a la Argentina como punto de descanso y refugio, as\u00ed como zona de reuni\u00f3n; esos mismos colombianos muchas veces tambi\u00e9n consiguen <a href=\"\/news\/briefs\/mi-sangre-previously-arrested-released-in-argentina\" target=\"_blank\">pasaportes falsos all\u00ed<\/a>.<\/p>\n\n\n\n<p class=\"wp-block-paragraph\">El problema no se limita a Argentina. En 2013, el jefe de pasaportes del Departamento de Inmigraci\u00f3n de Guatemala fue arrestado <a href=\"\/noticias\/noticias-del-dia\/jefe-de-pasaportes-de-guatemala-arrestado-por-trafico-de-personas\" target=\"_blank\">por acusaciones de contrabando<\/a>. A comienzos de este a\u00f1o, la investigaci\u00f3n sobre tr\u00e1fico de obreros chinos a Brasil revel\u00f3 corrupci\u00f3n por parte de<a href=\"\/noticias\/noticias-del-dia\/corrupcion-facilita-trata-personas-china-brasil\" target=\"_blank\"> funcionarios de inmigraci\u00f3n<\/a>. En Bolivia, <a href=\"\/investigaciones\/diez-razones-bolivia-potencial-paraiso-cot\" target=\"_blank\">se le ofreci\u00f3 a InSight Crime<\/a> un pasaporte falso por US$5.000, una muestra de la facilidad con la que puede obtenerse identificaciones falsas en ese pa\u00eds andino.<\/p>\n\n\n\n<p class=\"wp-block-paragraph\">La trata y el contrabando de personas tambi\u00e9n <a href=\"\/noticias\/analisis\/ola-trafico-humano-llega-colombia\" target=\"_blank\">han promovido <\/a>las operaciones del crimen organizado y <a href=\"\/noticias\/noticias-del-dia\/arrestos-muestran-evolucion-criminal-mientras-ecuador-se-convierte-en-un-centro-para-el-trafico-de-personas\" target=\"_blank\">conductas irregulares<\/a> entre funcionarios de Colombia y Ecuador. Argentina tambi\u00e9n es un <a href=\"\/noticias\/noticias-del-dia\/reporte-muestra-dinamicas-del-trafico-de-personas-en-argentina\" target=\"_blank\">centro importante para la trata de personas<\/a>; all\u00ed <a href=\"\/news\/briefs\/human-trafficking-ring-busted-in-argentina\" target=\"_blank\">la prostituci\u00f3n y el trabajo forzado <\/a>llevaron a la llegada de inmigrantes de Rep\u00fablica Dominicana, China <a href=\"\/news\/briefs\/dominicans-chinese-smuggled-via-uruguay-to-argentina\" target=\"_blank\">y otros pa\u00edses<\/a>.<\/p>\n\n\n\n<p class=\"wp-block-paragraph\"><span style=\"color: #800000\"><strong>VEA TAMBI\u00c9N<\/strong><\/span>: <a href=\"\/component\/tags\/tag\/211-trata-de-personas\" target=\"_blank\">Cobertura sobre trata de personas<\/a><\/p>\n\n\n\n<p class=\"wp-block-paragraph\">Para estas redes criminales, la crisis es muy buena para el negocio, y la crisis de refugiados y la creciente migraci\u00f3n global avivan la demanda de operaciones ilegales para suministrar documentos falsos y servicios de transporte.<\/p>\n","protected":false},"excerpt":{"rendered":"<p><p>Siete sirios que viajaban con pasaportes griegos fueron arrestados en Argentina, lo que pone de relieve la necesidad de poner fin al tr\u00e1fico de personas y a la circulaci\u00f3n de documentaci\u00f3n ilegal.<\/p>\n","protected":false},"author":47,"featured_media":43651,"comment_status":"closed","ping_status":"closed","sticky":false,"template":"","format":"standard","meta":{"newspack_ads_suppress_ads":false,"newspack_popups_has_disabled_popups":false,"newspack_sponsor_sponsorship_scope":"","newspack_sponsor_native_byline_display":"inherit","newspack_sponsor_native_category_display":"inherit","newspack_sponsor_underwriter_style":"inherit","newspack_sponsor_underwriter_placement":"inherit","_EventAllDay":false,"_EventTimezone":"","_EventStartDate":"","_EventEndDate":"","_EventStartDateUTC":"","_EventEndDateUTC":"","_EventShowMap":false,"_EventShowMapLink":false,"_EventURL":"","_EventCost":"","_EventCostDescription":"","_EventCurrencySymbol":"","_EventCurrencyCode":"","_EventCurrencyPosition":"","_EventDateTimeSeparator":"","_EventTimeRangeSeparator":"","_EventOrganizerID":[],"_EventVenueID":[],"_OrganizerEmail":"","_OrganizerPhone":"","_OrganizerWebsite":"","_VenueAddress":"","_VenueCity":"","_VenueCountry":"","_VenueProvince":"","_VenueState":"","_VenueZip":"","_VenuePhone":"","_VenueURL":"","_VenueStateProvince":"","_VenueLat":"","_VenueLng":"","_VenueShowMap":false,"_VenueShowMapLink":false,"_newspack_byline_active":false,"_newspack_byline":"","newspack_hide_updated_date":false,"newspack_show_updated_date":false,"newspack_featured_image_position":"","newspack_post_subtitle":"","newspack_article_summary_title":"Overview:","newspack_article_summary":"","_jetpack_memberships_contains_paid_content":false,"footnotes":""},"categories":[334],"tags":[428,433,372],"newspack_spnsrs_tax":[],"coauthors":[3975],"class_list":["post-8410","post","type-post","status-publish","format-standard","has-post-thumbnail","hentry","category-noticias-del-dia","tag-argentina-pais","tag-trafico-humano","tag-trata-de-personas","entry"],"parsely":{"version":"1.1.0","canonical_url":"https:\/\/insightcrime.org\/es\/noticias\/noticias-del-dia\/sirios-arrestados-argentina-vinculados-red-contrabando\/","smart_links":{"inbound":0,"outbound":0},"traffic_boost_suggestions_count":0,"meta":{"@context":"https:\/\/schema.org","@type":"NewsArticle","headline":"Sirios arrestados en Argentina vinculados a red de contrabando","url":"http:\/\/insightcrime.org\/es\/noticias\/noticias-del-dia\/sirios-arrestados-argentina-vinculados-red-contrabando\/","mainEntityOfPage":{"@type":"WebPage","@id":"http:\/\/insightcrime.org\/es\/noticias\/noticias-del-dia\/sirios-arrestados-argentina-vinculados-red-contrabando\/"},"thumbnailUrl":"https:\/\/i0.wp.com\/insightcrime.org\/wp-content\/uploads\/2015\/12\/es-15-12-07-Argentina-SyrianRefugrees.jpg?resize=150%2C150&quality=100&ssl=1","image":{"@type":"ImageObject","url":"https:\/\/i0.wp.com\/insightcrime.org\/wp-content\/uploads\/2015\/12\/es-15-12-07-Argentina-SyrianRefugrees.jpg?fit=250%2C184&quality=100&ssl=1"},"articleSection":"Noticias del d\u00eda","author":[{"@type":"Person","name":"Elijah Stevens"}],"creator":["Elijah Stevens"],"publisher":{"@type":"Organization","name":"InSight Crime","logo":"https:\/\/insightcrime.org\/wp-content\/uploads\/2023\/08\/logo.png"},"keywords":["argentina","tr\u00e1fico de personas","trata de personas"],"dateCreated":"2017-03-28T00:12:56Z","datePublished":"2017-03-28T00:12:56Z","dateModified":"2023-04-24T20:49:19Z"},"rendered":"<meta name=\"parsely-title\" content=\"Sirios arrestados en Argentina vinculados a red de contrabando\" \/>\n<meta name=\"parsely-link\" content=\"http:\/\/insightcrime.org\/es\/noticias\/noticias-del-dia\/sirios-arrestados-argentina-vinculados-red-contrabando\/\" \/>\n<meta name=\"parsely-type\" content=\"post\" \/>\n<meta name=\"parsely-image-url\" content=\"https:\/\/i0.wp.com\/insightcrime.org\/wp-content\/uploads\/2015\/12\/es-15-12-07-Argentina-SyrianRefugrees.jpg?resize=150%2C150&amp;quality=100&amp;ssl=1\" \/>\n<meta name=\"parsely-pub-date\" content=\"2017-03-28T00:12:56Z\" \/>\n<meta name=\"parsely-section\" content=\"Noticias del d\u00eda\" \/>\n<meta name=\"parsely-tags\" content=\"argentina,tr\u00e1fico de personas,trata de personas\" \/>\n<meta name=\"parsely-author\" content=\"Elijah Stevens\" \/>","tracker_url":"https:\/\/cdn.parsely.com\/keys\/insightcrime.org\/p.js"},"jetpack_sharing_enabled":true,"jetpack-related-posts":[{"id":232539,"url":"https:\/\/insightcrime.org\/es\/news\/importante-traficante-uruguay-desaparece-bolivia\/","url_meta":{"origin":8410,"position":0},"title":"Importante traficante de Uruguay vuelve a desaparecer en Bolivia","author":"Christopher Newton","date":"31 de julio de 2023","format":false,"excerpt":"El traficante uruguayo Sebasti\u00e1n Marset ha vuelto a evadir a las autoridades despu\u00e9s de estar a punto de ser capturado en Santa Cruz, Bolivia, un hecho que vuelve a poner en evidencia su habilidad para esconderse detr\u00e1s de la protecci\u00f3n oficial y de identidades falsas.","rel":"","context":"En \u00abNews\u00bb","block_context":{"text":"News","link":"https:\/\/insightcrime.org\/category\/news\/"},"img":{"alt_text":"Armas incautadas durante el allanamiento a la casa de Sebastian Marset en Santa Cruz, Bolivia.","src":"https:\/\/i0.wp.com\/insightcrime.org\/wp-content\/uploads\/2023\/09\/5dbda258ca24c80138ce41be613519c30da92464-1-1-1.jpg?fit=350%2C250&quality=100&ssl=1&resize=350%2C200","width":350,"height":200},"classes":[]},{"id":187627,"url":"https:\/\/insightcrime.org\/es\/noticias\/policia-argentina-fracasa-campana-contra-mafia-china\/","url_meta":{"origin":8410,"position":1},"title":"Polic\u00eda argentina fracasa en campa\u00f1a contra mafia china","author":"Scott Mistler-Ferguson","date":"6 de junio de 2022","format":false,"excerpt":"Una serie de capturas ponen de relieve c\u00f3mo el crimen organizado chino mantiene fuerte influencia en la capital argentina, donde los comerciantes muchas veces se ven obligados a pagar decenas de miles de d\u00f3lares en cuotas extorsivas.","rel":"","context":"En \u00abNoticias\u00bb","block_context":{"text":"Noticias","link":"https:\/\/insightcrime.org\/es\/category\/noticias\/"},"img":{"alt_text":"Ke Deqiang Cabecilla de una mafia china en La Plata, Ke Deqiang","src":"https:\/\/i0.wp.com\/insightcrime.org\/wp-content\/uploads\/2022\/06\/Argentina-Buenos-Aires-Chinese-Mafia-Club-Radio-Ke-Deqiang-ES.jpg?fit=350%2C250&quality=100&ssl=1&resize=350%2C200","width":350,"height":200},"classes":[]},{"id":172593,"url":"https:\/\/insightcrime.org\/es\/noticias\/flujo-armas-eeuu-haiti-recrudece-violencia-pandillas\/","url_meta":{"origin":8410,"position":2},"title":"Flujo de armas de EE. UU. hacia Hait\u00ed recrudece violencia de pandillas","author":"Gabrielle Gorder","date":"30 de noviembre de 2021","format":false,"excerpt":"Varios arrestos recientes de ciudadanos y residentes estadounidenses por presunto contrabando de armas a Hait\u00ed ponen de relieve las complejidades de la pol\u00edtica de control de armas en Estados Unidos en medio de la inseguridad creciente en la naci\u00f3n caribe\u00f1a.","rel":"","context":"En \u00abNoticias\u00bb","block_context":{"text":"Noticias","link":"https:\/\/insightcrime.org\/es\/category\/noticias\/"},"img":{"alt_text":"Armas incautadas a estadounidenses en Hait\u00ed en 2019","src":"https:\/\/i0.wp.com\/insightcrime.org\/wp-content\/uploads\/2021\/11\/Haiti-guns.jpg?fit=350%2C250&quality=100&ssl=1&resize=350%2C200","width":350,"height":200},"classes":[]},{"id":294844,"url":"https:\/\/insightcrime.org\/es\/noticias\/informe-trata-personas-brasil-esclavitud-moderna\/","url_meta":{"origin":8410,"position":3},"title":"La esclavitud moderna en Brasil se ensa\u00f1a con las mujeres y los extranjeros","author":"Lara Loaiza","date":"21 de octubre de 2024","format":false,"excerpt":"Existe un alarmante aumento en el n\u00famero de personas extranjeras y mujeres rescatadas de la trata de personas con fines de explotaci\u00f3n laboral \u2014tambi\u00e9n conocida como esclavitud moderna, en Brasil. El relatorio anual de trata de personas, publicado por el Ministerio de Justicia y Seguridad P\u00fablica de Brasil cubre la\u2026","rel":"","context":"En \u00abNoticias\u00bb","block_context":{"text":"Noticias","link":"https:\/\/insightcrime.org\/es\/category\/noticias\/"},"img":{"alt_text":"","src":"https:\/\/i0.wp.com\/insightcrime.org\/wp-content\/uploads\/2024\/10\/Brazil-Youngsoccer-fan-watches-his-teams-World-Cup-round-of-match-against-Chile-on-TV-AP208152861553-A2.jpg?fit=1200%2C690&quality=100&ssl=1&resize=350%2C200","width":350,"height":200,"srcset":"https:\/\/i0.wp.com\/insightcrime.org\/wp-content\/uploads\/2024\/10\/Brazil-Youngsoccer-fan-watches-his-teams-World-Cup-round-of-match-against-Chile-on-TV-AP208152861553-A2.jpg?fit=1200%2C690&quality=100&ssl=1&resize=350%2C200 1x, https:\/\/i0.wp.com\/insightcrime.org\/wp-content\/uploads\/2024\/10\/Brazil-Youngsoccer-fan-watches-his-teams-World-Cup-round-of-match-against-Chile-on-TV-AP208152861553-A2.jpg?fit=1200%2C690&quality=100&ssl=1&resize=525%2C300 1.5x, https:\/\/i0.wp.com\/insightcrime.org\/wp-content\/uploads\/2024\/10\/Brazil-Youngsoccer-fan-watches-his-teams-World-Cup-round-of-match-against-Chile-on-TV-AP208152861553-A2.jpg?fit=1200%2C690&quality=100&ssl=1&resize=700%2C400 2x, https:\/\/i0.wp.com\/insightcrime.org\/wp-content\/uploads\/2024\/10\/Brazil-Youngsoccer-fan-watches-his-teams-World-Cup-round-of-match-against-Chile-on-TV-AP208152861553-A2.jpg?fit=1200%2C690&quality=100&ssl=1&resize=1050%2C600 3x"},"classes":[]},{"id":84705,"url":"https:\/\/insightcrime.org\/es\/noticias-crimen-organizado-argentina\/perfil-de-argentina\/","url_meta":{"origin":8410,"position":4},"title":"Perfil de Argentina","author":"InSight Crime","date":"11 de abril de 2025","format":false,"excerpt":"A pesar del prominente papel de Argentina como centro de lavado de dinero y punto de tr\u00e1nsito y consumo de drogas, el pa\u00eds no padece los altos niveles de violencia que afectan a otras pa\u00edses latinoamericanos.","rel":"","context":"En \u00abArgentina\u00bb","block_context":{"text":"Argentina","link":"https:\/\/insightcrime.org\/es\/category\/noticias-crimen-organizado-argentina\/"},"img":{"alt_text":"","src":"https:\/\/i0.wp.com\/insightcrime.org\/wp-content\/uploads\/2018\/05\/Argentina-country-profile-ok.jpg?fit=1200%2C724&quality=100&ssl=1&resize=350%2C200","width":350,"height":200,"srcset":"https:\/\/i0.wp.com\/insightcrime.org\/wp-content\/uploads\/2018\/05\/Argentina-country-profile-ok.jpg?fit=1200%2C724&quality=100&ssl=1&resize=350%2C200 1x, https:\/\/i0.wp.com\/insightcrime.org\/wp-content\/uploads\/2018\/05\/Argentina-country-profile-ok.jpg?fit=1200%2C724&quality=100&ssl=1&resize=525%2C300 1.5x, https:\/\/i0.wp.com\/insightcrime.org\/wp-content\/uploads\/2018\/05\/Argentina-country-profile-ok.jpg?fit=1200%2C724&quality=100&ssl=1&resize=700%2C400 2x, https:\/\/i0.wp.com\/insightcrime.org\/wp-content\/uploads\/2018\/05\/Argentina-country-profile-ok.jpg?fit=1200%2C724&quality=100&ssl=1&resize=1050%2C600 3x"},"classes":[]},{"id":200341,"url":"https:\/\/insightcrime.org\/es\/noticias\/captura-joven-integrante-monos-muestra-linaje-principal-pandilla-argentina\/","url_meta":{"origin":8410,"position":5},"title":"Captura de joven integrante de Los Monos muestra el linaje de la principal pandilla de Argentina","author":"Scott Mistler-Ferguson","date":"30 de septiembre de 2022","format":false,"excerpt":"La captura de un miembro de 18 a\u00f1os de la familia Cantero, que lidera el grupo criminal Los Monos en Rosario, Argentina, ha llamado la atenci\u00f3n sobre la influencia generacional que la pandilla tiene en la ciudad, la cual podr\u00eda registrar un indeseable r\u00e9cord en los homicidios.","rel":"","context":"En \u00abNoticias\u00bb","block_context":{"text":"Noticias","link":"https:\/\/insightcrime.org\/es\/category\/noticias\/"},"img":{"alt_text":"Polic\u00eda afuera de las casas de presuntos pandilleros de Los Monos en Rosario, Argentina","src":"https:\/\/i0.wp.com\/insightcrime.org\/wp-content\/uploads\/2022\/09\/monos-argentina-1.jpeg?fit=350%2C250&quality=100&ssl=1&resize=350%2C200","width":350,"height":200},"classes":[]}],"jetpack_featured_media_url":"https:\/\/i0.wp.com\/insightcrime.org\/wp-content\/uploads\/2015\/12\/es-15-12-07-Argentina-SyrianRefugrees.jpg?fit=250%2C184&quality=100&ssl=1","_links":{"self":[{"href":"https:\/\/insightcrime.org\/es\/wp-json\/wp\/v2\/posts\/8410","targetHints":{"allow":["GET"]}}],"collection":[{"href":"https:\/\/insightcrime.org\/es\/wp-json\/wp\/v2\/posts"}],"about":[{"href":"https:\/\/insightcrime.org\/es\/wp-json\/wp\/v2\/types\/post"}],"author":[{"embeddable":true,"href":"https:\/\/insightcrime.org\/es\/wp-json\/wp\/v2\/users\/47"}],"replies":[{"embeddable":true,"href":"https:\/\/insightcrime.org\/es\/wp-json\/wp\/v2\/comments?post=8410"}],"version-history":[{"count":1,"href":"https:\/\/insightcrime.org\/es\/wp-json\/wp\/v2\/posts\/8410\/revisions"}],"predecessor-version":[{"id":25762,"href":"https:\/\/insightcrime.org\/es\/wp-json\/wp\/v2\/posts\/8410\/revisions\/25762"}],"wp:featuredmedia":[{"embeddable":true,"href":"https:\/\/insightcrime.org\/es\/wp-json\/wp\/v2\/media\/43651"}],"wp:attachment":[{"href":"https:\/\/insightcrime.org\/es\/wp-json\/wp\/v2\/media?parent=8410"}],"wp:term":[{"taxonomy":"category","embeddable":true,"href":"https:\/\/insightcrime.org\/es\/wp-json\/wp\/v2\/categories?post=8410"},{"taxonomy":"post_tag","embeddable":true,"href":"https:\/\/insightcrime.org\/es\/wp-json\/wp\/v2\/tags?post=8410"},{"taxonomy":"newspack_spnsrs_tax","embeddable":true,"href":"https:\/\/insightcrime.org\/es\/wp-json\/wp\/v2\/newspack_spnsrs_tax?post=8410"},{"taxonomy":"author","embeddable":true,"href":"https:\/\/insightcrime.org\/es\/wp-json\/wp\/v2\/coauthors?post=8410"}],"curies":[{"name":"wp","href":"https:\/\/api.w.org\/{rel}","templated":true}]}}