{"id":84233,"date":"2018-05-16T14:10:44","date_gmt":"2018-05-16T19:10:44","guid":{"rendered":"https:\/\/insightcrime.org\/?p=84233"},"modified":"2023-04-24T16:29:29","modified_gmt":"2023-04-24T21:29:29","slug":"disputa-territorial-rompe-pacto-de-pandillas-en-norte-de-brasil-abre-puerta-al-pcc","status":"publish","type":"post","link":"https:\/\/insightcrime.org\/es\/noticias\/noticias-del-dia\/disputa-territorial-rompe-pacto-de-pandillas-en-norte-de-brasil-abre-puerta-al-pcc\/","title":{"rendered":"Disputa territorial rompe pacto de pandillas en norte de Brasil, abre puerta al PCC"},"content":{"rendered":"\n<p class=\"wp-block-paragraph\">Dos de los grupos criminales m\u00e1s importantes de Brasil han puesto fin a una tregua de tres a\u00f1os, y ahora se pelean por el control de una estrat\u00e9gica ruta de narcotr\u00e1fico en la regi\u00f3n del norte del Amazonas. La ruptura de la alianza puede abrir campo para que la pandilla m\u00e1s poderosa del pa\u00eds asuma un mayor control del negocio de la droga en el \u00e1rea.<\/p>\n\n\n\n<p class=\"wp-block-paragraph\">La Familia del Norte (Fam\u00edlia do Norte \u2013 FDN), un poderoso grupo criminal asentado en la gran ciudad de Manaus, estado de Amazonas, ha roto una alianza con el Comando Rojo (Comando Vermelho), de R\u00edo de Janeiro, seg\u00fan fuentes de organismos de seguridad, <a href=\"https:\/\/noticias.uol.com.br\/cotidiano\/ultimas-noticias\/2018\/05\/14\/faccoes-comando-vermelho-e-fdn-rompem-alianca-e-aumentam-disputa-pelo-trafico-na-amazonia.htm?utm_source=facebook&amp;utm_medium=social-media&amp;utm_campaign=noticias&amp;utm_content=geral\" target=\"_blank\" rel=\"noopener\">citados<\/a> por UOL.<\/p>\n\n\n\n<p class=\"wp-block-paragraph\"><span style=\"color: #800000;\"><strong>VEA TAMBI\u00c9N: <\/strong><\/span><a href=\"https:\/\/es.insightcrime.org\/noticias-sobre-crimen-organizado-en-brasil\/\" target=\"_blank\" rel=\"noopener\">Noticias y perfiles de Brasil<\/a><\/p>\n\n\n\n<p class=\"wp-block-paragraph\">Los dos grupos hab\u00edan hecho un pacto en 2015 con el fin de controlar el r\u00edo Solim\u00f5es, usado para el tr\u00e1fico de coca\u00edna procedente de Colombia y Per\u00fa a Brasil. Sin embargo, se dice que el jefe de la FDN, que hab\u00eda hecho el pacto, Gelson Carna\u00faba, alias \u201cMano G\u201d, traicion\u00f3 a su expandilla al cambiar de bando y unirse al Comando Rojo.<\/p>\n\n\n\n<p class=\"wp-block-paragraph\">A comienzos de este mes comenzaron a aparecer indicios de la ruptura, cuando la polic\u00eda&nbsp;<a href=\"http:\/\/d.emtempo.com.br\/amazonas-policia\/102813\/briga-entre-faccoes-comando-vermelho-ameaca-fdn-com-funk-no-amazonas\" target=\"_blank\" rel=\"noopener\">descubri\u00f3 una canci\u00f3n<\/a>&nbsp;que dec\u00eda que Mano G, actualmente preso en el estado sure\u00f1o de Paran\u00e1, se hab\u00eda convertido en el enlace del Comando Rojo en Manaus. La canci\u00f3n elogia al Comando Rojo y contiene insultos y amenazas dirigidas a la FDN.<\/p>\n\n\n\n<p class=\"wp-block-paragraph\">Las autoridades locales afirman que \u00faltimamente ha habido un repunte de los homicidios en Manaus asociados con la ruptura de la alianza.<\/p>\n\n\n\n<h3 class=\"wp-block-heading\"><span style=\"font-weight: 400;\">An\u00e1lisis de InSight Crime<\/span><\/h3>\n\n\n\n<p class=\"wp-block-paragraph\">Las autoridades se\u00f1alan que la ruptura entre la FDN y el Comando Rojo podr\u00eda abrir la puerta para que el grupo criminal m\u00e1s poderoso de Brasil, el Primer Comando de la Capital (Primeiro Comando da Capital \u2013 PCC), trate de tomar el control de la importante ruta de tr\u00e1fico del r\u00edo Solim\u00f5es.<\/p>\n\n\n\n<p class=\"wp-block-paragraph\">Seg\u00fan UOL, el PCC y el Comando Rojo compart\u00edan anteriormente acceso a una importante ruta de tr\u00e1fico en el sur de Brasil, que usaban para importar coca\u00edna desde Bolivia. Pero luego del <a href=\"https:\/\/es.insightcrime.org\/noticias\/noticias-del-dia\/misterioso-asesinato-paraguay-vinculado-narcoguerra\/\" target=\"_blank\" rel=\"noopener\"><u>homicidio, en junio de 2016,<\/u><\/a> del traficante brasile\u00f1o Jorge Rafaat Toumani y del <a href=\"https:\/\/es.insightcrime.org\/noticias\/analisis\/gamechangers-2017-el-gobierno-y-las-pandillas-se-disputan-brasil\/\" target=\"_blank\" rel=\"noopener\"><u>fin<\/u> <\/a>de la larga alianza del PCC con el Comando Rojo ese mismo a\u00f1o, el PCC asumi\u00f3 todo el control de ese corredor, lo que oblig\u00f3 al Comando Rojo a mirar al norte, hacia Colombia y Per\u00fa, para abastecerse de coca\u00edna.<\/p>\n\n\n\n<p class=\"wp-block-paragraph\"><span style=\"color: #800000;\"><strong>VEA TAMBI\u00c9N: <\/strong><\/span><a href=\"https:\/\/es.insightcrime.org\/noticias-sobre-crimen-organizado-en-brasil\/primer-comando-capital-pcc\/\" target=\"_blank\" rel=\"noopener\">Noticias y perfil del PCC<\/a><\/p>\n\n\n\n<p class=\"wp-block-paragraph\">La alianza entre la FDN y el Comando Rojo deb\u00eda impedir una incursi\u00f3n del PCC a Manaus y al estado de Amazonas, donde se sit\u00faa la ciudad. Recientemente, el PCC se dedic\u00f3 de lleno a una agresiva <a href=\"https:\/\/es.insightcrime.org\/noticias\/analisis\/quien-puede-detener-al-pcc\/\" target=\"_blank\" rel=\"noopener\">campa\u00f1a de expansi\u00f3n<\/a>&nbsp;por todo Brasil y en pa\u00edses vecinos.<\/p>\n\n\n\n<p class=\"wp-block-paragraph\">Con la FDN y el Comando Rojo ahora enfrentados, el PCC deber\u00eda enfrentar una oposici\u00f3n dividida en un posible intento de tomar control en el Amazonas. Y las autoridades sospechan que esa es la movida que el grupo planea. Se dice que el PCC se ha aliado con un grupo criminal local de menor tama\u00f1o, conocido como los Guardianes del Estado (Guardi\u00f5es do Estado) <a href=\"https:\/\/es.insightcrime.org\/noticias\/noticias-del-dia\/masacre-en-norte-de-brasil-apunta-expansion-continuada-del-pcc\/\" target=\"_blank\" rel=\"noopener\">en un intento por ampliar<\/a> su participaci\u00f3n en el <a href=\"https:\/\/es.insightcrime.org\/noticias\/noticias-del-dia\/lucrativo-comercio-cocaina-estimula-presencia-pandillas-amazonia-brasil\/\" target=\"_blank\" rel=\"noopener\">multimillonario<\/a> negocio de la droga en el&nbsp;Amazonas.<\/p>\n","protected":false},"excerpt":{"rendered":"<p>Dos de los grupos criminales m\u00e1s importantes de Brasil han puesto fin a una tregua de tres a\u00f1os, y ahora se pelean por el control de una estrat\u00e9gica ruta de narcotr\u00e1fico en la regi\u00f3n del norte del Amazonas. La ruptura de la alianza puede abrir campo para que la pandilla m\u00e1s poderosa del pa\u00eds asuma un mayor control del negocio de la droga en el \u00e1rea.<\/p>\n","protected":false},"author":90,"featured_media":84026,"comment_status":"closed","ping_status":"closed","sticky":false,"template":"","format":"standard","meta":{"newspack_ads_suppress_ads":false,"newspack_popups_has_disabled_popups":false,"newspack_sponsor_sponsorship_scope":"","newspack_sponsor_native_byline_display":"inherit","newspack_sponsor_native_category_display":"inherit","newspack_sponsor_underwriter_style":"inherit","newspack_sponsor_underwriter_placement":"inherit","_EventAllDay":false,"_EventTimezone":"","_EventStartDate":"","_EventEndDate":"","_EventStartDateUTC":"","_EventEndDateUTC":"","_EventShowMap":false,"_EventShowMapLink":false,"_EventURL":"","_EventCost":"","_EventCostDescription":"","_EventCurrencySymbol":"","_EventCurrencyCode":"","_EventCurrencyPosition":"","_EventDateTimeSeparator":"","_EventTimeRangeSeparator":"","_EventOrganizerID":[],"_EventVenueID":[],"_OrganizerEmail":"","_OrganizerPhone":"","_OrganizerWebsite":"","_VenueAddress":"","_VenueCity":"","_VenueCountry":"","_VenueProvince":"","_VenueState":"","_VenueZip":"","_VenuePhone":"","_VenueURL":"","_VenueStateProvince":"","_VenueLat":"","_VenueLng":"","_VenueShowMap":false,"_VenueShowMapLink":false,"_newspack_byline_active":false,"_newspack_byline":"","newspack_hide_updated_date":false,"newspack_show_updated_date":false,"newspack_featured_image_position":"","newspack_post_subtitle":"","newspack_article_summary_title":"Overview:","newspack_article_summary":"","_jetpack_memberships_contains_paid_content":false,"footnotes":""},"categories":[334],"tags":[405,3097,446],"newspack_spnsrs_tax":[],"coauthors":[4065],"class_list":["post-84233","post","type-post","status-publish","format-standard","has-post-thumbnail","hentry","category-noticias-del-dia","tag-brasil","tag-comando-vermelho","tag-el-pcc","entry"],"parsely":{"version":"1.1.0","canonical_url":"https:\/\/insightcrime.org\/es\/noticias\/noticias-del-dia\/disputa-territorial-rompe-pacto-de-pandillas-en-norte-de-brasil-abre-puerta-al-pcc\/","smart_links":{"inbound":0,"outbound":0},"traffic_boost_suggestions_count":0,"meta":{"@context":"https:\/\/schema.org","@type":"NewsArticle","headline":"Disputa territorial rompe pacto de pandillas en norte de Brasil, abre puerta al PCC","url":"http:\/\/insightcrime.org\/es\/noticias\/noticias-del-dia\/disputa-territorial-rompe-pacto-de-pandillas-en-norte-de-brasil-abre-puerta-al-pcc\/","mainEntityOfPage":{"@type":"WebPage","@id":"http:\/\/insightcrime.org\/es\/noticias\/noticias-del-dia\/disputa-territorial-rompe-pacto-de-pandillas-en-norte-de-brasil-abre-puerta-al-pcc\/"},"thumbnailUrl":"https:\/\/i0.wp.com\/insightcrime.org\/wp-content\/uploads\/2018\/05\/18-05-15-Brazil-Gangs.jpg?resize=150%2C150&quality=100&ssl=1","image":{"@type":"ImageObject","url":"https:\/\/i0.wp.com\/insightcrime.org\/wp-content\/uploads\/2018\/05\/18-05-15-Brazil-Gangs.jpg?fit=350%2C250&quality=100&ssl=1"},"articleSection":"Noticias del d\u00eda","author":[{"@type":"Person","name":"Parker Asmann"}],"creator":["Parker Asmann"],"publisher":{"@type":"Organization","name":"InSight Crime","logo":"https:\/\/insightcrime.org\/wp-content\/uploads\/2023\/08\/logo.png"},"keywords":["brasil","comando vermelho","pcc"],"dateCreated":"2018-05-16T19:10:44Z","datePublished":"2018-05-16T19:10:44Z","dateModified":"2023-04-24T21:29:29Z"},"rendered":"<meta name=\"parsely-title\" content=\"Disputa territorial rompe pacto de pandillas en norte de Brasil, abre puerta al PCC\" \/>\n<meta name=\"parsely-link\" content=\"http:\/\/insightcrime.org\/es\/noticias\/noticias-del-dia\/disputa-territorial-rompe-pacto-de-pandillas-en-norte-de-brasil-abre-puerta-al-pcc\/\" \/>\n<meta name=\"parsely-type\" content=\"post\" \/>\n<meta name=\"parsely-image-url\" content=\"https:\/\/i0.wp.com\/insightcrime.org\/wp-content\/uploads\/2018\/05\/18-05-15-Brazil-Gangs.jpg?resize=150%2C150&amp;quality=100&amp;ssl=1\" \/>\n<meta name=\"parsely-pub-date\" content=\"2018-05-16T19:10:44Z\" \/>\n<meta name=\"parsely-section\" content=\"Noticias del d\u00eda\" \/>\n<meta name=\"parsely-tags\" content=\"brasil,comando vermelho,pcc\" \/>\n<meta name=\"parsely-author\" content=\"Parker Asmann\" \/>","tracker_url":"https:\/\/cdn.parsely.com\/keys\/insightcrime.org\/p.js"},"jetpack_sharing_enabled":true,"jetpack-related-posts":[{"id":83323,"url":"https:\/\/insightcrime.org\/es\/noticias-crimen-organizado-brasil\/comando-rojo\/","url_meta":{"origin":84233,"position":0},"title":"Comando Vermelho","author":"InSight Crime","date":"13 de agosto de 2026","format":false,"excerpt":"El Comando Rojo (Comando Vermelho, CV) es el grupo criminal m\u00e1s antiguo de Brasil, conformado en una prisi\u00f3n de R\u00edo de Janeiro en los a\u00f1os setenta como un grupo de autoprotecci\u00f3n de los prisioneros. Comenz\u00f3 con delitos menores, como asaltos y robos a bancos, pero en los a\u00f1os ochenta el\u2026","rel":"","context":"En \u00abBrasil\u00bb","block_context":{"text":"Brasil","link":"https:\/\/insightcrime.org\/es\/category\/noticias-crimen-organizado-brasil\/"},"img":{"alt_text":"Comando Vermelho (Comando Rojo).","src":"https:\/\/i0.wp.com\/insightcrime.org\/wp-content\/uploads\/2026\/05\/Grupo-Criminal-Comando-Vermelho.jpg?fit=1200%2C900&quality=100&ssl=1&resize=350%2C200","width":350,"height":200,"srcset":"https:\/\/i0.wp.com\/insightcrime.org\/wp-content\/uploads\/2026\/05\/Grupo-Criminal-Comando-Vermelho.jpg?fit=1200%2C900&quality=100&ssl=1&resize=350%2C200 1x, https:\/\/i0.wp.com\/insightcrime.org\/wp-content\/uploads\/2026\/05\/Grupo-Criminal-Comando-Vermelho.jpg?fit=1200%2C900&quality=100&ssl=1&resize=525%2C300 1.5x, https:\/\/i0.wp.com\/insightcrime.org\/wp-content\/uploads\/2026\/05\/Grupo-Criminal-Comando-Vermelho.jpg?fit=1200%2C900&quality=100&ssl=1&resize=700%2C400 2x, https:\/\/i0.wp.com\/insightcrime.org\/wp-content\/uploads\/2026\/05\/Grupo-Criminal-Comando-Vermelho.jpg?fit=1200%2C900&quality=100&ssl=1&resize=1050%2C600 3x"},"classes":[]},{"id":6415,"url":"https:\/\/insightcrime.org\/es\/noticias-crimen-organizado-brasil\/tercer-comando-puro\/","url_meta":{"origin":84233,"position":1},"title":"Tercer Comando Puro","author":"InSight Crime","date":"18 de junio de 2026","format":false,"excerpt":"El Tercer Comando Puro (Terceiro Comando Puro \u2013 TCP) es una poderosa banda criminal de Brasil dedicada al tr\u00e1fico de drogas, armas y lavado de dinero.","rel":"","context":"En \u00abBrasil\u00bb","block_context":{"text":"Brasil","link":"https:\/\/insightcrime.org\/es\/category\/noticias-crimen-organizado-brasil\/"},"img":{"alt_text":"Pure Third Command","src":"https:\/\/i0.wp.com\/insightcrime.org\/wp-content\/uploads\/2026\/06\/Grupo-Criminal-Tercer-Comando-Puro-TCP.jpg?fit=1200%2C900&quality=100&ssl=1&resize=350%2C200","width":350,"height":200,"srcset":"https:\/\/i0.wp.com\/insightcrime.org\/wp-content\/uploads\/2026\/06\/Grupo-Criminal-Tercer-Comando-Puro-TCP.jpg?fit=1200%2C900&quality=100&ssl=1&resize=350%2C200 1x, https:\/\/i0.wp.com\/insightcrime.org\/wp-content\/uploads\/2026\/06\/Grupo-Criminal-Tercer-Comando-Puro-TCP.jpg?fit=1200%2C900&quality=100&ssl=1&resize=525%2C300 1.5x, https:\/\/i0.wp.com\/insightcrime.org\/wp-content\/uploads\/2026\/06\/Grupo-Criminal-Tercer-Comando-Puro-TCP.jpg?fit=1200%2C900&quality=100&ssl=1&resize=700%2C400 2x, https:\/\/i0.wp.com\/insightcrime.org\/wp-content\/uploads\/2026\/06\/Grupo-Criminal-Tercer-Comando-Puro-TCP.jpg?fit=1200%2C900&quality=100&ssl=1&resize=1050%2C600 3x"},"classes":[]},{"id":303515,"url":"https:\/\/insightcrime.org\/es\/noticias\/tregua-primer-comando-capital-comando-vermelho\/","url_meta":{"origin":84233,"position":2},"title":"La tregua entre el PCC y el Comando Vermelho promete una paz imperfecta","author":"Creusa Mu\u00f1oz","date":"21 de febrero de 2025","format":false,"excerpt":"Una reciente tregua entre las dos organizaciones criminales m\u00e1s grandes de Brasil podr\u00eda reducir las disputas territoriales y la violencia en la naci\u00f3n m\u00e1s grande de Am\u00e9rica Latina, ya que los l\u00edderes rivales unen fuerzas despu\u00e9s de casi una d\u00e9cada de conflicto.","rel":"","context":"En \u00abNoticias\u00bb","block_context":{"text":"Noticias","link":"https:\/\/insightcrime.org\/es\/category\/noticias\/"},"img":{"alt_text":"","src":"https:\/\/i0.wp.com\/insightcrime.org\/wp-content\/uploads\/2025\/02\/PCC_Rec_Command_Truce_Brazil.jpg?fit=1200%2C675&quality=100&ssl=1&resize=350%2C200","width":350,"height":200,"srcset":"https:\/\/i0.wp.com\/insightcrime.org\/wp-content\/uploads\/2025\/02\/PCC_Rec_Command_Truce_Brazil.jpg?fit=1200%2C675&quality=100&ssl=1&resize=350%2C200 1x, https:\/\/i0.wp.com\/insightcrime.org\/wp-content\/uploads\/2025\/02\/PCC_Rec_Command_Truce_Brazil.jpg?fit=1200%2C675&quality=100&ssl=1&resize=525%2C300 1.5x, https:\/\/i0.wp.com\/insightcrime.org\/wp-content\/uploads\/2025\/02\/PCC_Rec_Command_Truce_Brazil.jpg?fit=1200%2C675&quality=100&ssl=1&resize=700%2C400 2x, https:\/\/i0.wp.com\/insightcrime.org\/wp-content\/uploads\/2025\/02\/PCC_Rec_Command_Truce_Brazil.jpg?fit=1200%2C675&quality=100&ssl=1&resize=1050%2C600 3x"},"classes":[]},{"id":308841,"url":"https:\/\/insightcrime.org\/es\/noticias\/fracasa-tregua-entre-principales-bandas-brasilenas\/","url_meta":{"origin":84233,"position":3},"title":"Fracasa la tregua entre las principales bandas brasile\u00f1as","author":"Liza Schmidt","date":"6 de mayo de 2025","format":false,"excerpt":"La paz imperfecta que se estableci\u00f3 en febrero entre los principales grupos criminales de Brasil, el PCC y el CV, se convirti\u00f3 en una tregua fallida por los enfrentamientos regionales.","rel":"","context":"En \u00abNoticias\u00bb","block_context":{"text":"Noticias","link":"https:\/\/insightcrime.org\/es\/category\/noticias\/"},"img":{"alt_text":"","src":"https:\/\/i0.wp.com\/insightcrime.org\/wp-content\/uploads\/2025\/05\/imagem_tregua.jpg?fit=1200%2C690&quality=100&ssl=1&resize=350%2C200","width":350,"height":200,"srcset":"https:\/\/i0.wp.com\/insightcrime.org\/wp-content\/uploads\/2025\/05\/imagem_tregua.jpg?fit=1200%2C690&quality=100&ssl=1&resize=350%2C200 1x, https:\/\/i0.wp.com\/insightcrime.org\/wp-content\/uploads\/2025\/05\/imagem_tregua.jpg?fit=1200%2C690&quality=100&ssl=1&resize=525%2C300 1.5x, https:\/\/i0.wp.com\/insightcrime.org\/wp-content\/uploads\/2025\/05\/imagem_tregua.jpg?fit=1200%2C690&quality=100&ssl=1&resize=700%2C400 2x, https:\/\/i0.wp.com\/insightcrime.org\/wp-content\/uploads\/2025\/05\/imagem_tregua.jpg?fit=1200%2C690&quality=100&ssl=1&resize=1050%2C600 3x"},"classes":[]},{"id":281921,"url":"https:\/\/insightcrime.org\/es\/news\/decada-datos-crimen-organizado-brasil\/","url_meta":{"origin":84233,"position":4},"title":"Lo que una d\u00e9cada de datos dice sobre el crimen organizado en Brasil","author":"Lara Loaiza","date":"1 de julio de 2024","format":false,"excerpt":"Un nuevo informe se\u00f1ala que la violencia en algunas zonas del norte de Brasil ha aumentado en la \u00faltima d\u00e9cada a causa de la lucha entre facciones criminales, reforzadas por el encarcelamiento masivo, por las nuevas rutas de tr\u00e1fico de coca\u00edna en esta regi\u00f3n.","rel":"","context":"En \u00abNews\u00bb","block_context":{"text":"News","link":"https:\/\/insightcrime.org\/category\/news\/"},"img":{"alt_text":"","src":"https:\/\/i0.wp.com\/insightcrime.org\/wp-content\/uploads\/2024\/07\/Brazil-Rio-Security-Military-police-AP-22019511019465-A2.jpg?fit=1200%2C690&quality=100&ssl=1&resize=350%2C200","width":350,"height":200,"srcset":"https:\/\/i0.wp.com\/insightcrime.org\/wp-content\/uploads\/2024\/07\/Brazil-Rio-Security-Military-police-AP-22019511019465-A2.jpg?fit=1200%2C690&quality=100&ssl=1&resize=350%2C200 1x, https:\/\/i0.wp.com\/insightcrime.org\/wp-content\/uploads\/2024\/07\/Brazil-Rio-Security-Military-police-AP-22019511019465-A2.jpg?fit=1200%2C690&quality=100&ssl=1&resize=525%2C300 1.5x, https:\/\/i0.wp.com\/insightcrime.org\/wp-content\/uploads\/2024\/07\/Brazil-Rio-Security-Military-police-AP-22019511019465-A2.jpg?fit=1200%2C690&quality=100&ssl=1&resize=700%2C400 2x, https:\/\/i0.wp.com\/insightcrime.org\/wp-content\/uploads\/2024\/07\/Brazil-Rio-Security-Military-police-AP-22019511019465-A2.jpg?fit=1200%2C690&quality=100&ssl=1&resize=1050%2C600 3x"},"classes":[]},{"id":5257,"url":"https:\/\/insightcrime.org\/es\/noticias-crimen-organizado-brasil\/brasil\/","url_meta":{"origin":84233,"position":5},"title":"Perfil de Brasil","author":"InSight Crime","date":"24 de noviembre de 2023","format":false,"excerpt":"Brasil, la econom\u00eda m\u00e1s grande de Latinoam\u00e9rica, ha experimentado algunos importantes avances de seguridad en los \u00faltimos a\u00f1os, quitando de las manos de pandillas criminales a decenas de comunidades en Rio de Janeiro a trav\u00e9s de su novedoso programa de seguridad llamado UPP. No obstante, \u00e9ste enfrenta una seria amenaza\u2026","rel":"","context":"En \u00abBrasil\u00bb","block_context":{"text":"Brasil","link":"https:\/\/insightcrime.org\/es\/category\/noticias-crimen-organizado-brasil\/"},"img":{"alt_text":"","src":"https:\/\/i0.wp.com\/insightcrime.org\/wp-content\/uploads\/2013\/04\/BRAZIL2-articleLarge-2.jpg?fit=450%2C350&quality=100&ssl=1&resize=350%2C200","width":350,"height":200},"classes":[]}],"jetpack_featured_media_url":"https:\/\/i0.wp.com\/insightcrime.org\/wp-content\/uploads\/2018\/05\/18-05-15-Brazil-Gangs.jpg?fit=350%2C250&quality=100&ssl=1","_links":{"self":[{"href":"https:\/\/insightcrime.org\/es\/wp-json\/wp\/v2\/posts\/84233","targetHints":{"allow":["GET"]}}],"collection":[{"href":"https:\/\/insightcrime.org\/es\/wp-json\/wp\/v2\/posts"}],"about":[{"href":"https:\/\/insightcrime.org\/es\/wp-json\/wp\/v2\/types\/post"}],"author":[{"embeddable":true,"href":"https:\/\/insightcrime.org\/es\/wp-json\/wp\/v2\/users\/90"}],"replies":[{"embeddable":true,"href":"https:\/\/insightcrime.org\/es\/wp-json\/wp\/v2\/comments?post=84233"}],"version-history":[{"count":5,"href":"https:\/\/insightcrime.org\/es\/wp-json\/wp\/v2\/posts\/84233\/revisions"}],"predecessor-version":[{"id":84248,"href":"https:\/\/insightcrime.org\/es\/wp-json\/wp\/v2\/posts\/84233\/revisions\/84248"}],"wp:featuredmedia":[{"embeddable":true,"href":"https:\/\/insightcrime.org\/es\/wp-json\/wp\/v2\/media\/84026"}],"wp:attachment":[{"href":"https:\/\/insightcrime.org\/es\/wp-json\/wp\/v2\/media?parent=84233"}],"wp:term":[{"taxonomy":"category","embeddable":true,"href":"https:\/\/insightcrime.org\/es\/wp-json\/wp\/v2\/categories?post=84233"},{"taxonomy":"post_tag","embeddable":true,"href":"https:\/\/insightcrime.org\/es\/wp-json\/wp\/v2\/tags?post=84233"},{"taxonomy":"newspack_spnsrs_tax","embeddable":true,"href":"https:\/\/insightcrime.org\/es\/wp-json\/wp\/v2\/newspack_spnsrs_tax?post=84233"},{"taxonomy":"author","embeddable":true,"href":"https:\/\/insightcrime.org\/es\/wp-json\/wp\/v2\/coauthors?post=84233"}],"curies":[{"name":"wp","href":"https:\/\/api.w.org\/{rel}","templated":true}]}}