{"id":8459,"date":"2016-01-07T20:20:21","date_gmt":"2017-03-28T00:13:27","guid":{"rendered":"http:\/\/newwp.insightcrime.org?p=8459"},"modified":"2023-04-24T15:49:37","modified_gmt":"2023-04-24T20:49:37","slug":"colombia-mantendra-bombardeos-contra-grupos-criminales","status":"publish","type":"post","link":"https:\/\/insightcrime.org\/es\/noticias\/noticias-del-dia\/colombia-mantendra-bombardeos-contra-grupos-criminales\/","title":{"rendered":"Colombia mantendr\u00e1 bombardeos contra grupos criminales"},"content":{"rendered":"\n<p class=\"wp-block-paragraph\">El director de la polic\u00eda de Colombia declar\u00f3 que las fuerzas armadas pueden bombardear m\u00e1s campamentos del grupo criminal Los Urabe\u00f1os, casi un a\u00f1o despu\u00e9s de que el gobierno iniciara una masiva ofensiva de seguridad para capturar a los principales cabecillas del grupo.<\/p>\n\n\n\n<p class=\"wp-block-paragraph\">El director de la polic\u00eda Rodolfo Palomino declar\u00f3 a El Tiempo que en 2016 podr\u00eda haber m\u00e1s bombardeos a\u00e9reos dirigidos contra bandas criminales, como Los Urabe\u00f1os, as\u00ed como contra los remanentes del Ej\u00e9rcito Revolucionario Popular Antiterrorista de Colombia (ERPAC) y el <a href=\"\/noticias\/noticias-del-dia\/colombia-confirma-muerte-narcoguerrillero-megateo\" target=\"_blank\">debilitado<\/a> Ej\u00e9rcito Popular de Liberaci\u00f3n (EPL).<\/p>\n\n\n\n<p class=\"wp-block-paragraph\">En 2015, el fiscal general de Colombia Eduardo Montealegre <a href=\"https:\/\/www.europapress.es\/internacional\/noticia-fiscalia-colombiana-autoriza-bombardear-bandas-criminales-20151218172334.html\" target=\"_blank\">autoriz\u00f3<\/a> a las fuerzas de seguridad que realizaran ataques con bombas contra las bandas criminales, conocidas como \u201cBacrim\u201d. Esa estrategia ya hab\u00eda sido usada anteriormente s\u00f3lo contra grupos insurgentes, como las Fuerzas Armadas Revolucionarias de Colombia (FARC), lo que permiti\u00f3 a las fuerzas armadas diezmar la c\u00fapula guerrillera.<\/p>\n\n\n\n<p class=\"wp-block-paragraph\"><strong><span style=\"color: #800000\">VEA TAMBI\u00c9N:<\/span><\/strong> <a href=\"\/noticias-sobre-crimen-organizado-en-colombia\/urabenos\" target=\"_blank\">Noticias y perfiles de Los Urabe\u00f1os<\/a><\/p>\n\n\n\n<p class=\"wp-block-paragraph\">En entrevista con El Tiempo, Palomino indic\u00f3 que se usar\u00e1n ataques con bombas en ciertas condiciones; por ejemplo, si las fuerzas de Los Urabe\u00f1os se concentran en forma \u201cbelicosa\u201d, y si se muestran como una \u201camenaza\u201d. El primer bombardeo de las fuerzas armadas contra una Bacrim tom\u00f3 lugar en noviembre de 2015, y esta result\u00f3 en la muerte de 12 presuntos miembros de Los Urabe\u00f1os.<\/p>\n\n\n\n<p class=\"wp-block-paragraph\">La entrevista de Palomino con El Tiempo se publica a punto de cumplirse un a\u00f1o de la Operaci\u00f3n Agamen\u00f3n, lanzada en febrero de 2015 y en la que participaron miles de agentes de la polic\u00eda y el ej\u00e9rcito. Como resultado de Agamen\u00f3n, hasta ahora se han detectado por lo menos cinco campamentos de Los Urabe\u00f1os, y se han arrestado a seiscientas personas, incluyendo 424 integrantes de los Urabe\u00f1os, afirm\u00f3 Palomino. El director de la polic\u00eda tambi\u00e9n confirm\u00f3 que los cabecillas que quedan de Los Urabe\u00f1os&nbsp; \u2014incluyendo al <a href=\"\/noticias\/noticias-del-dia\/colombia-intensifica-busqueda-jefe-los-urabenos\" target=\"_blank\">escurridizo<\/a> alias \u201cOtoniel\u201d\u2014 han sido ubicados en asentamientos m\u00e1s permanentes.<\/p>\n\n\n\n<p class=\"wp-block-paragraph\">La Operaci\u00f3n Agamen\u00f3n tambi\u00e9n llev\u00f3 a los grupos criminales de Colombia a cambiar sus estrategias, entre ellos la implementaci\u00f3n de retaguardias y mayor \u00e9nfasis en el ataque a la polic\u00eda y en el uso de minas antipersonal alrededor de sus campamentos, indic\u00f3 Palomino.<\/p>\n\n\n\n<h3 class=\"wp-block-heading\">An\u00e1lisis de InSight Crime<\/h3>\n\n\n\n<p class=\"wp-block-paragraph\">El marco legal que permite al Estado colombiano bombardear grupos criminales podr\u00edan tener importantes implicaciones pol\u00edticas y de derechos humanos.<\/p>\n\n\n\n<p class=\"wp-block-paragraph\">Despu\u00e9s del bombardeo en noviembre de 2015, el ej\u00e9rcito sostuvo que el campamento albergaba una \u201camalgama\u201d de grupos criminales, los cuales, como consecuencia l\u00f3gica, representaban una amenaza a la seguridad nacional. Los Urabe\u00f1os contraatacaron calificando dicha acci\u00f3n de <a href=\"https:\/\/www.eltiempo.com\/politica\/gobierno\/una-bacrim-critica-bombardeos-contra-estas-estructuras-ilegales\/16433791\" target=\"_blank\">acto de desesperaci\u00f3n<\/a>, pues en un principio el gobierno hab\u00eda dicho que exterminar\u00eda a Los Urabe\u00f1os dos meses despu\u00e9s del lanzamiento de la Operaci\u00f3n Agamen\u00f3n.<\/p>\n\n\n\n<p class=\"wp-block-paragraph\"><strong><span style=\"color: #800000\">VEA TAMBI\u00c9N:&nbsp;<\/span><\/strong><a href=\"\/component\/tags\/tag\/374-politicas-de-seguridad\" target=\"_blank\">Cobertura sobre pol\u00edticas de seguridad<\/a><\/p>\n\n\n\n<p class=\"wp-block-paragraph\">La aprobaci\u00f3n en Colombia de esta nueva estrategia parece abocada a desatar m\u00e1s controversia. Un problema es el mayor riesgo de v\u00edctimas civiles. Durante a\u00f1os, los grupos guerrilleros del pa\u00eds han tenido presencia rural en su mayor parte, lo que implica que los bombardeos con frecuencia ocurr\u00edan en zonas aisladas. En los campamentos de las Bacrim, sin embargo, no es tan sencillo establecer la posible presencia de civiles, como parientes, novias o colaboradores forzados.<\/p>\n\n\n\n<p class=\"wp-block-paragraph\">Se dice que la Operaci\u00f3n Agamen\u00f3n ya ha llevado a Los Urabe\u00f1os a profundizar sus nexos con las comunidades locales, d\u00e1ndoles tierra a<a href=\"\/noticias\/noticias-del-dia\/narcos-colombia-reparten-tierras-evadir-policia\" target=\"_blank\"> cambio de refugio<\/a> para Otoniel. No es claro si las fuerzas armadas considerar\u00e1n a estos civiles que acogen a Otoniel como miembros plenos de Los Urabe\u00f1os.<\/p>\n\n\n\n<p class=\"wp-block-paragraph\">Al final, las Bacrim son grupos criminales, no insurgentes o terroristas. Y bombardearlos no es tan claro como si se implementara una estrategia similar contra las FARC.<\/p>\n\n\n\n<p class=\"wp-block-paragraph\">Es posible que el gobierno siga sosteniendo que una campa\u00f1a de bombardeos detendr\u00e1 la expansi\u00f3n de Los Urabe\u00f1os. El grupo criminal sigue expandi\u00e9ndose en regiones claves para el narcotr\u00e1fico en Colombia, como lo se\u00f1ala <a href=\"https:\/\/www.indepaz.org.co\/el-narcoparamilitarismo-y-los-retos-que-plantea-para-los-acuerdos\/\" target=\"_blank\">un reciente informe de Indepaz<\/a>. Al parecer la amenaza de bombardeos ha causado temor en la organizaci\u00f3n, como lo revel\u00f3 la incautaci\u00f3n de <a href=\"https:\/\/www.eltiempo.com\/politica\/justicia\/cartas-del-clan-usuga-sobre-temor-a-bombardeos\/16473568\" target=\"_blank\">varias cartas<\/a> escritas a mano entre l\u00edderes de Los Urabe\u00f1os.<\/p>\n","protected":false},"excerpt":{"rendered":"<p>El director de la polic\u00eda de Colombia declar\u00f3 que las fuerzas armadas pueden bombardear m\u00e1s campamentos del grupo criminal Los Urabe\u00f1os, casi un a\u00f1o despu\u00e9s de que el gobierno iniciara una masiva ofensiva de seguridad para capturar a los principales cabecillas del grupo.<\/p>\n","protected":false},"author":52,"featured_media":43733,"comment_status":"closed","ping_status":"closed","sticky":false,"template":"","format":"standard","meta":{"newspack_ads_suppress_ads":false,"newspack_popups_has_disabled_popups":false,"newspack_sponsor_sponsorship_scope":"","newspack_sponsor_native_byline_display":"inherit","newspack_sponsor_native_category_display":"inherit","newspack_sponsor_underwriter_style":"inherit","newspack_sponsor_underwriter_placement":"inherit","_EventAllDay":false,"_EventTimezone":"","_EventStartDate":"","_EventEndDate":"","_EventStartDateUTC":"","_EventEndDateUTC":"","_EventShowMap":false,"_EventShowMapLink":false,"_EventURL":"","_EventCost":"","_EventCostDescription":"","_EventCurrencySymbol":"","_EventCurrencyCode":"","_EventCurrencyPosition":"","_EventDateTimeSeparator":"","_EventTimeRangeSeparator":"","_EventOrganizerID":[],"_EventVenueID":[],"_OrganizerEmail":"","_OrganizerPhone":"","_OrganizerWebsite":"","_VenueAddress":"","_VenueCity":"","_VenueCountry":"","_VenueProvince":"","_VenueState":"","_VenueZip":"","_VenuePhone":"","_VenueURL":"","_VenueStateProvince":"","_VenueLat":"","_VenueLng":"","_VenueShowMap":false,"_VenueShowMapLink":false,"_newspack_byline_active":false,"_newspack_byline":"","newspack_hide_updated_date":false,"newspack_show_updated_date":false,"newspack_featured_image_position":"","newspack_post_subtitle":"","newspack_article_summary_title":"Overview:","newspack_article_summary":"","_jetpack_memberships_contains_paid_content":false,"footnotes":""},"categories":[334],"tags":[368,2927,438],"newspack_spnsrs_tax":[],"coauthors":[3887],"class_list":["post-8459","post","type-post","status-publish","format-standard","has-post-thumbnail","hentry","category-noticias-del-dia","tag-colombia-pais","tag-gaitanistas","tag-politicas-de-seguridad","entry"],"parsely":{"version":"1.1.0","canonical_url":"https:\/\/insightcrime.org\/es\/noticias\/noticias-del-dia\/colombia-mantendra-bombardeos-contra-grupos-criminales\/","smart_links":{"inbound":0,"outbound":0},"traffic_boost_suggestions_count":0,"meta":{"@context":"https:\/\/schema.org","@type":"NewsArticle","headline":"Colombia mantendr\u00e1 bombardeos contra grupos criminales","url":"http:\/\/insightcrime.org\/es\/noticias\/noticias-del-dia\/colombia-mantendra-bombardeos-contra-grupos-criminales\/","mainEntityOfPage":{"@type":"WebPage","@id":"http:\/\/insightcrime.org\/es\/noticias\/noticias-del-dia\/colombia-mantendra-bombardeos-contra-grupos-criminales\/"},"thumbnailUrl":"https:\/\/i0.wp.com\/insightcrime.org\/wp-content\/uploads\/2016\/01\/es-2016-01-06-bombing-bacrim.jpg?resize=150%2C150&quality=100&ssl=1","image":{"@type":"ImageObject","url":"https:\/\/i0.wp.com\/insightcrime.org\/wp-content\/uploads\/2016\/01\/es-2016-01-06-bombing-bacrim.jpg?fit=640%2C360&quality=100&ssl=1"},"articleSection":"Noticias del d\u00eda","author":[{"@type":"Person","name":"Mimi Yagoub"}],"creator":["Mimi Yagoub"],"publisher":{"@type":"Organization","name":"InSight Crime","logo":"https:\/\/insightcrime.org\/wp-content\/uploads\/2023\/08\/logo.png"},"keywords":["colombia","gaitanistas","pol\u00edticas de seguridad"],"dateCreated":"2017-03-28T00:13:27Z","datePublished":"2017-03-28T00:13:27Z","dateModified":"2023-04-24T20:49:37Z"},"rendered":"<meta name=\"parsely-title\" content=\"Colombia mantendr\u00e1 bombardeos contra grupos criminales\" \/>\n<meta name=\"parsely-link\" content=\"http:\/\/insightcrime.org\/es\/noticias\/noticias-del-dia\/colombia-mantendra-bombardeos-contra-grupos-criminales\/\" \/>\n<meta name=\"parsely-type\" content=\"post\" \/>\n<meta name=\"parsely-image-url\" content=\"https:\/\/i0.wp.com\/insightcrime.org\/wp-content\/uploads\/2016\/01\/es-2016-01-06-bombing-bacrim.jpg?resize=150%2C150&amp;quality=100&amp;ssl=1\" \/>\n<meta name=\"parsely-pub-date\" content=\"2017-03-28T00:13:27Z\" \/>\n<meta name=\"parsely-section\" content=\"Noticias del d\u00eda\" \/>\n<meta name=\"parsely-tags\" content=\"colombia,gaitanistas,pol\u00edticas de seguridad\" \/>\n<meta name=\"parsely-author\" content=\"Mimi Yagoub\" \/>","tracker_url":"https:\/\/cdn.parsely.com\/keys\/insightcrime.org\/p.js"},"jetpack_sharing_enabled":true,"jetpack-related-posts":[{"id":143960,"url":"https:\/\/insightcrime.org\/es\/noticias\/protestas-desmoronan-fragil-imagen-fuerzas-seguridad-colombia\/","url_meta":{"origin":8459,"position":0},"title":"Protestas desmoronan fr\u00e1gil imagen de fuerzas de seguridad en Colombia","author":"Juan Diego Posada","date":"11 de mayo de 2021","format":false,"excerpt":"La actual crisis pol\u00edtica en Colombia ha dado pie a duros enfrentamientos entre la polic\u00eda y manifestantes en las grandes ciudades del pa\u00eds. Pero las medidas tomadas por las fuerzas de seguridad podr\u00edan tener un grave impacto en su legitimidad de enfrentar a grupos criminales en el futuro.","rel":"","context":"En \u00abNoticias\u00bb","block_context":{"text":"Noticias","link":"https:\/\/insightcrime.org\/es\/category\/noticias\/"},"img":{"alt_text":"","src":"https:\/\/i0.wp.com\/insightcrime.org\/wp-content\/uploads\/2021\/05\/Protestas-Colombia.jpg?fit=350%2C250&quality=100&ssl=1&resize=350%2C200","width":350,"height":200},"classes":[]},{"id":147255,"url":"https:\/\/insightcrime.org\/es\/noticias\/colombia-presencia-velorio-caparros\/","url_meta":{"origin":8459,"position":1},"title":"Colombia a\u00fan no presencia el velorio de Los Caparros","author":"Juan Camilo Jaramillo","date":"2 de junio de 2021","format":false,"excerpt":"El gobierno colombiano ha anunciado, con bastante optimismo, la desaparici\u00f3n de uno de los grupos criminales m\u00e1s agresivos del pa\u00eds, en una regi\u00f3n que ha visto el reciclaje constante de actores criminales desde los d\u00edas del Cartel de Medell\u00edn.","rel":"","context":"En \u00abNews\u00bb","block_context":{"text":"News","link":"https:\/\/insightcrime.org\/category\/news\/"},"img":{"alt_text":"Colombia Defense Minister Diego Molano","src":"https:\/\/i0.wp.com\/insightcrime.org\/wp-content\/uploads\/2021\/06\/E2z_PMtXEAYn8xu.jpg?fit=350%2C250&quality=100&ssl=1&resize=350%2C200","width":350,"height":200},"classes":[]},{"id":4882,"url":"https:\/\/insightcrime.org\/es\/colombia-organized-crime-news\/dairo-antonio-usuga-alias-otoniel\/","url_meta":{"origin":8459,"position":2},"title":"Dairo Antonio \u00dasuga, alias &#8216;Otoniel&#8217;","author":"InSight Crime","date":"30 de enero de 2023","format":false,"excerpt":"Dairo Antonio \u00dasuga, alias \u201cOtoniel\u201d, fue el comandante en jefe de la organizaci\u00f3n criminal m\u00e1s poderosa de Colombia, y el hombre m\u00e1s buscado del pa\u00eds.","rel":"","context":"En \u00abColombia\u00bb","block_context":{"text":"Colombia","link":"https:\/\/insightcrime.org\/category\/colombia-organized-crime-news\/"},"img":{"alt_text":"Alias \"Otoniel\"","src":"https:\/\/i0.wp.com\/insightcrime.org\/wp-content\/uploads\/2026\/06\/Perfil-Criminal-Alias-Otoniel-1.jpg?fit=1200%2C900&quality=100&ssl=1&resize=350%2C200","width":350,"height":200,"srcset":"https:\/\/i0.wp.com\/insightcrime.org\/wp-content\/uploads\/2026\/06\/Perfil-Criminal-Alias-Otoniel-1.jpg?fit=1200%2C900&quality=100&ssl=1&resize=350%2C200 1x, https:\/\/i0.wp.com\/insightcrime.org\/wp-content\/uploads\/2026\/06\/Perfil-Criminal-Alias-Otoniel-1.jpg?fit=1200%2C900&quality=100&ssl=1&resize=525%2C300 1.5x, https:\/\/i0.wp.com\/insightcrime.org\/wp-content\/uploads\/2026\/06\/Perfil-Criminal-Alias-Otoniel-1.jpg?fit=1200%2C900&quality=100&ssl=1&resize=700%2C400 2x, https:\/\/i0.wp.com\/insightcrime.org\/wp-content\/uploads\/2026\/06\/Perfil-Criminal-Alias-Otoniel-1.jpg?fit=1200%2C900&quality=100&ssl=1&resize=1050%2C600 3x"},"classes":[]},{"id":193473,"url":"https:\/\/insightcrime.org\/es\/noticias\/asesinar-policias-sangriento-mensaje-urabenos-colombia\/","url_meta":{"origin":8459,"position":3},"title":"Asesinar polic\u00edas: el sangriento mensaje de Los Gaitanistas en Colombia","author":"Javier Lizcano Villalba","date":"28 de julio de 2022","format":false,"excerpt":"La muerte de decenas de polic\u00eda en Colombia a manos de Los Urabe\u00f1os parece una demostraci\u00f3n, especialmente para el Gobierno entrante, de que el grupo todav\u00eda tiene la fuerza para enfrentar al Estado.\u00a0","rel":"","context":"En \u00abNoticias\u00bb","block_context":{"text":"Noticias","link":"https:\/\/insightcrime.org\/es\/category\/noticias\/"},"img":{"alt_text":"Varios polic\u00edas han sido v\u00edctimas de los atentados de Los Urabe\u00f1os en Antioquia","src":"https:\/\/i0.wp.com\/insightcrime.org\/wp-content\/uploads\/2022\/07\/Asesinato-policias.jpg?fit=350%2C250&quality=100&ssl=1&resize=350%2C200","width":350,"height":200},"classes":[]},{"id":209122,"url":"https:\/\/insightcrime.org\/es\/noticias\/otoniel-se-declara-culpable-adios-al-ultimo-capo-de-colombia\/","url_meta":{"origin":8459,"position":4},"title":"Otoniel se declara culpable: adi\u00f3s a la vieja guardia de capos de Colombia","author":"Juan Diego Posada","date":"26 de enero de 2023","format":false,"excerpt":"Otoniel, el antiguo jefe de los Urabe\u00f1os, se declar\u00f3 culpable de varios delitos ante una jueza en Estados Unidos. Su declaraci\u00f3n pone fin a una era dominada por los capos de Colombia en el narcotr\u00e1fico mundial. El bajo mundo criminal de Colombia ya no est\u00e1 dominado por poderosos capos de\u2026","rel":"","context":"En \u00abNoticias\u00bb","block_context":{"text":"Noticias","link":"https:\/\/insightcrime.org\/es\/category\/noticias\/"},"img":{"alt_text":"","src":"https:\/\/i0.wp.com\/insightcrime.org\/wp-content\/uploads\/2023\/01\/Colombia-police-escort-Dairo-Antonio-Usuga-Otoniel-May-2022-AP23025714047594-A2.jpg?fit=1200%2C690&quality=100&ssl=1&resize=350%2C200","width":350,"height":200,"srcset":"https:\/\/i0.wp.com\/insightcrime.org\/wp-content\/uploads\/2023\/01\/Colombia-police-escort-Dairo-Antonio-Usuga-Otoniel-May-2022-AP23025714047594-A2.jpg?fit=1200%2C690&quality=100&ssl=1&resize=350%2C200 1x, https:\/\/i0.wp.com\/insightcrime.org\/wp-content\/uploads\/2023\/01\/Colombia-police-escort-Dairo-Antonio-Usuga-Otoniel-May-2022-AP23025714047594-A2.jpg?fit=1200%2C690&quality=100&ssl=1&resize=525%2C300 1.5x, https:\/\/i0.wp.com\/insightcrime.org\/wp-content\/uploads\/2023\/01\/Colombia-police-escort-Dairo-Antonio-Usuga-Otoniel-May-2022-AP23025714047594-A2.jpg?fit=1200%2C690&quality=100&ssl=1&resize=700%2C400 2x, https:\/\/i0.wp.com\/insightcrime.org\/wp-content\/uploads\/2023\/01\/Colombia-police-escort-Dairo-Antonio-Usuga-Otoniel-May-2022-AP23025714047594-A2.jpg?fit=1200%2C690&quality=100&ssl=1&resize=1050%2C600 3x"},"classes":[]},{"id":194409,"url":"https:\/\/insightcrime.org\/es\/noticias\/pandillas-asesinan-conductores-autobus-colombia-paralizan-ciudad\/","url_meta":{"origin":8459,"position":5},"title":"Pandillas asesinan a conductores de autob\u00fas en Colombia y paralizan una ciudad entera","author":"Gabrielle Gorder","date":"4 de agosto de 2022","format":false,"excerpt":"Una pandilla local estar\u00eda detr\u00e1s del asesinato de conductores de autobuses en Barranquilla, lo que demuestra hasta qu\u00e9 punto los elementos criminales m\u00e1s peque\u00f1os todav\u00eda pueden aterrorizar a las principales ciudades de Colombia.","rel":"","context":"En \u00abNoticias\u00bb","block_context":{"text":"Noticias","link":"https:\/\/insightcrime.org\/es\/category\/noticias\/"},"img":{"alt_text":"Buses in Colombia's fourth city, Barranquilla","src":"https:\/\/i0.wp.com\/insightcrime.org\/wp-content\/uploads\/2022\/08\/buses-barranquilla-colombia.jpeg?fit=350%2C263&quality=100&ssl=1&resize=350%2C200","width":350,"height":200},"classes":[]}],"jetpack_featured_media_url":"https:\/\/i0.wp.com\/insightcrime.org\/wp-content\/uploads\/2016\/01\/es-2016-01-06-bombing-bacrim.jpg?fit=640%2C360&quality=100&ssl=1","_links":{"self":[{"href":"https:\/\/insightcrime.org\/es\/wp-json\/wp\/v2\/posts\/8459","targetHints":{"allow":["GET"]}}],"collection":[{"href":"https:\/\/insightcrime.org\/es\/wp-json\/wp\/v2\/posts"}],"about":[{"href":"https:\/\/insightcrime.org\/es\/wp-json\/wp\/v2\/types\/post"}],"author":[{"embeddable":true,"href":"https:\/\/insightcrime.org\/es\/wp-json\/wp\/v2\/users\/52"}],"replies":[{"embeddable":true,"href":"https:\/\/insightcrime.org\/es\/wp-json\/wp\/v2\/comments?post=8459"}],"version-history":[{"count":1,"href":"https:\/\/insightcrime.org\/es\/wp-json\/wp\/v2\/posts\/8459\/revisions"}],"predecessor-version":[{"id":25848,"href":"https:\/\/insightcrime.org\/es\/wp-json\/wp\/v2\/posts\/8459\/revisions\/25848"}],"wp:featuredmedia":[{"embeddable":true,"href":"https:\/\/insightcrime.org\/es\/wp-json\/wp\/v2\/media\/43733"}],"wp:attachment":[{"href":"https:\/\/insightcrime.org\/es\/wp-json\/wp\/v2\/media?parent=8459"}],"wp:term":[{"taxonomy":"category","embeddable":true,"href":"https:\/\/insightcrime.org\/es\/wp-json\/wp\/v2\/categories?post=8459"},{"taxonomy":"post_tag","embeddable":true,"href":"https:\/\/insightcrime.org\/es\/wp-json\/wp\/v2\/tags?post=8459"},{"taxonomy":"newspack_spnsrs_tax","embeddable":true,"href":"https:\/\/insightcrime.org\/es\/wp-json\/wp\/v2\/newspack_spnsrs_tax?post=8459"},{"taxonomy":"author","embeddable":true,"href":"https:\/\/insightcrime.org\/es\/wp-json\/wp\/v2\/coauthors?post=8459"}],"curies":[{"name":"wp","href":"https:\/\/api.w.org\/{rel}","templated":true}]}}