{"id":8484,"date":"2016-01-13T20:43:17","date_gmt":"2017-03-28T00:13:37","guid":{"rendered":"http:\/\/newwp.insightcrime.org?p=8484"},"modified":"2023-04-24T15:49:44","modified_gmt":"2023-04-24T20:49:44","slug":"argentina-captura-fugitivos-en-caso-de-asesinato-con-moviles-politicos","status":"publish","type":"post","link":"https:\/\/insightcrime.org\/es\/noticias\/noticias-del-dia\/argentina-captura-fugitivos-en-caso-de-asesinato-con-moviles-politicos\/","title":{"rendered":"Argentina captura fugitivos en caso de asesinato con m\u00f3viles pol\u00edticos"},"content":{"rendered":"\n<p class=\"wp-block-paragraph\">Las autoridades de Argentina han capturado a tres fugitivos que se hab\u00edan escapado recientemente, quienes cumplen penas por el caso conocido como \u201ctriple crimen\u201d, un asesinato con m\u00f3viles pol\u00edticos.<\/p>\n\n\n\n<p class=\"wp-block-paragraph\">Mart\u00edn Lanatta fue detenido el 9 de enero cerca de la localidad de Cayast\u00e1 en la provincia de Santa Fe, regi\u00f3n centro oriental del pa\u00eds, despu\u00e9s de sufrir heridas durante un accidente automovil\u00edstico,<a href=\"https:\/\/www.bbc.com\/mundo\/noticias\/2016\/01\/160109_argentina_captura_profugo_martin_lanatta_ng\" target=\"_blank\"> inform\u00f3 la BBC<\/a>. Otros dos fugitivos \u2014Cristian (hermano de Lanatta) y V\u00edctor Schillaci\u2014 fueron detenidos m\u00e1s tarde ese mismo d\u00eda, tambi\u00e9n en Santa Fe.<\/p>\n\n\n\n<p class=\"wp-block-paragraph\">Los tres hombres hab\u00edan escapado de la c\u00e1rcel General Alvear el 27 de diciembre, y se encontraban pagando penas por el asesinato de tres empresarios farmac\u00e9uticos, que lleg\u00f3 a ser conocido en Argentina como el \u201ctriple crimen\u201d.<\/p>\n\n\n\n<h3 class=\"wp-block-heading\">An\u00e1lisis de InSight Crime<\/h3>\n\n\n\n<p class=\"wp-block-paragraph\">El arresto de los tres fugitivos podr\u00eda afectar a\u00fan m\u00e1s a los dos principales bandos pol\u00edticos de Argentina.<\/p>\n\n\n\n<p class=\"wp-block-paragraph\">El triple crimen ocurri\u00f3 en 2008, durante la administraci\u00f3n de la expresidenta Cristina Fern\u00e1ndez de Kirchner.<\/p>\n\n\n\n<p class=\"wp-block-paragraph\">En <a href=\"\/noticias\/noticias-del-dia\/alto-funcionario-argentino-acusado-liderar-red-trafico-precursor-quimico\" target=\"_blank\">una entrevista antes de su fuga<\/a>, Cristian Lanatta afirm\u00f3 que el exjefe del gabinete de ministros, An\u00edbal Domingo Fern\u00e1ndez, hab\u00eda ordenado los asesinatos con el fin de consolidar el control sobre el tr\u00e1fico de efedrina en Argentina. Esa no era la primera vez que Fern\u00e1ndez era acusado de estar involucrado en el triple crimen o en el tr\u00e1fico de efedrina \u2014un precursor qu\u00edmico para la fabricaci\u00f3n de metanfetaminas y otras drogas sint\u00e9ticas\u2014.<\/p>\n\n\n\n<p class=\"wp-block-paragraph\">Ahora que el caso est\u00e1 una vez m\u00e1s en los medios de comunicaci\u00f3n, el reci\u00e9n elegido presidente de Argentina, Mauricio Macri, puede decidir llamar la atenci\u00f3n sobre los antiguos v\u00ednculos de Fern\u00e1ndez con Kirchner y su movimiento pol\u00edtico, el kirchnerismo.<\/p>\n\n\n\n<p class=\"wp-block-paragraph\">Los rumores de corrupci\u00f3n durante el kirchnerismo podr\u00edan ser especialmente \u00fatiles para Macri y su intento de consolidar las fuerzas de polic\u00eda locales y federales de Buenos Aires en uno solo, y le dan continuidad a una agresiva auditor\u00eda del gobierno, que ha conducido al <a href=\"https:\/\/www.telesurtv.net\/english\/news\/Mauricio-Macri-Fires-10000-Argentine-Govt-Employees-in-7-Days-20160107-0033.html\" target=\"_blank\">recorte de miles de empleos estatales<\/a>.<\/p>\n\n\n\n<p class=\"wp-block-paragraph\">Por otra parte, aunque el caso comenz\u00f3 bajo la&nbsp; supervisi\u00f3n de Fern\u00e1ndez de Kirchner, cualquier otro avance en el mismo podr\u00eda llegar a afectar a Macri. La administraci\u00f3n Macri hab\u00eda informado de manera incorrecta que los tres fugitivos hab\u00edan sido capturados. La oposici\u00f3n inmediatamente tild\u00f3 a su administraci\u00f3n de inepta, y el diario local <a href=\"https:\/\/www.pagina12.com.ar\/diario\/elpais\/1-290031-2016-01-11.html\" target=\"_blank\">P\u00e1gina\/12 atribuy\u00f3<\/a> el error a una falta de coordinaci\u00f3n entre las fuerzas policiales.<\/p>\n\n\n\n<p class=\"wp-block-paragraph\">Las autoridades <a href=\"https:\/\/www.infonews.com\/nota\/274588\/quienes-son-los-siete-detenidos-por-la\" target=\"_blank\">han detenido<\/a> al director de la prisi\u00f3n General Alvear y a varios de los familiares de los fugitivos, y al parecer est\u00e1n investigando a un grupo de polic\u00edas de Buenos Aires, sospechosos de ayudarles a los fugitivos a escapar.&nbsp;<\/p>\n","protected":false},"excerpt":{"rendered":"<p>Las autoridades de Argentina han capturado a tres fugitivos que se hab\u00edan escapado recientemente, quienes cumplen penas por el caso conocido como \u0093triple crimen\u0094, un asesinato con m\u00f3viles pol\u00edticos.<\/p>\n","protected":false},"author":41,"featured_media":43758,"comment_status":"closed","ping_status":"closed","sticky":false,"template":"","format":"standard","meta":{"newspack_ads_suppress_ads":false,"newspack_popups_has_disabled_popups":false,"newspack_sponsor_sponsorship_scope":"","newspack_sponsor_native_byline_display":"inherit","newspack_sponsor_native_category_display":"inherit","newspack_sponsor_underwriter_style":"inherit","newspack_sponsor_underwriter_placement":"inherit","_EventAllDay":false,"_EventTimezone":"","_EventStartDate":"","_EventEndDate":"","_EventStartDateUTC":"","_EventEndDateUTC":"","_EventShowMap":false,"_EventShowMapLink":false,"_EventURL":"","_EventCost":"","_EventCostDescription":"","_EventCurrencySymbol":"","_EventCurrencyCode":"","_EventCurrencyPosition":"","_EventDateTimeSeparator":"","_EventTimeRangeSeparator":"","_EventOrganizerID":[],"_EventVenueID":[],"_OrganizerEmail":"","_OrganizerPhone":"","_OrganizerWebsite":"","_VenueAddress":"","_VenueCity":"","_VenueCountry":"","_VenueProvince":"","_VenueState":"","_VenueZip":"","_VenuePhone":"","_VenueURL":"","_VenueStateProvince":"","_VenueLat":"","_VenueLng":"","_VenueShowMap":false,"_VenueShowMapLink":false,"_newspack_byline_active":false,"_newspack_byline":"","newspack_hide_updated_date":false,"newspack_show_updated_date":false,"newspack_featured_image_position":"","newspack_post_subtitle":"","newspack_article_summary_title":"Overview:","newspack_article_summary":"","_jetpack_memberships_contains_paid_content":false,"footnotes":""},"categories":[334],"tags":[428,438,457],"newspack_spnsrs_tax":[],"coauthors":[3911],"class_list":["post-8484","post","type-post","status-publish","format-standard","has-post-thumbnail","hentry","category-noticias-del-dia","tag-argentina-pais","tag-politicas-de-seguridad","tag-reforma-policial","entry"],"parsely":{"version":"1.1.0","canonical_url":"https:\/\/insightcrime.org\/es\/noticias\/noticias-del-dia\/argentina-captura-fugitivos-en-caso-de-asesinato-con-moviles-politicos\/","smart_links":{"inbound":0,"outbound":0},"traffic_boost_suggestions_count":0,"meta":{"@context":"https:\/\/schema.org","@type":"NewsArticle","headline":"Argentina captura fugitivos en caso de asesinato con m\u00f3viles pol\u00edticos","url":"http:\/\/insightcrime.org\/es\/noticias\/noticias-del-dia\/argentina-captura-fugitivos-en-caso-de-asesinato-con-moviles-politicos\/","mainEntityOfPage":{"@type":"WebPage","@id":"http:\/\/insightcrime.org\/es\/noticias\/noticias-del-dia\/argentina-captura-fugitivos-en-caso-de-asesinato-con-moviles-politicos\/"},"thumbnailUrl":"https:\/\/i0.wp.com\/insightcrime.org\/wp-content\/uploads\/2016\/01\/es-16-01-11-Lanatta.jpg?resize=150%2C150&quality=100&ssl=1","image":{"@type":"ImageObject","url":"https:\/\/i0.wp.com\/insightcrime.org\/wp-content\/uploads\/2016\/01\/es-16-01-11-Lanatta.jpg?fit=250%2C177&quality=100&ssl=1"},"articleSection":"Noticias del d\u00eda","author":[{"@type":"Person","name":"Arron Daugherty"}],"creator":["Arron Daugherty"],"publisher":{"@type":"Organization","name":"InSight Crime","logo":"https:\/\/insightcrime.org\/wp-content\/uploads\/2023\/08\/logo.png"},"keywords":["argentina","pol\u00edticas de seguridad","reforma policial"],"dateCreated":"2017-03-28T00:13:37Z","datePublished":"2017-03-28T00:13:37Z","dateModified":"2023-04-24T20:49:44Z"},"rendered":"<meta name=\"parsely-title\" content=\"Argentina captura fugitivos en caso de asesinato con m\u00f3viles pol\u00edticos\" \/>\n<meta name=\"parsely-link\" content=\"http:\/\/insightcrime.org\/es\/noticias\/noticias-del-dia\/argentina-captura-fugitivos-en-caso-de-asesinato-con-moviles-politicos\/\" \/>\n<meta name=\"parsely-type\" content=\"post\" \/>\n<meta name=\"parsely-image-url\" content=\"https:\/\/i0.wp.com\/insightcrime.org\/wp-content\/uploads\/2016\/01\/es-16-01-11-Lanatta.jpg?resize=150%2C150&amp;quality=100&amp;ssl=1\" \/>\n<meta name=\"parsely-pub-date\" content=\"2017-03-28T00:13:37Z\" \/>\n<meta name=\"parsely-section\" content=\"Noticias del d\u00eda\" \/>\n<meta name=\"parsely-tags\" content=\"argentina,pol\u00edticas de seguridad,reforma policial\" \/>\n<meta name=\"parsely-author\" content=\"Arron Daugherty\" \/>","tracker_url":"https:\/\/cdn.parsely.com\/keys\/insightcrime.org\/p.js"},"jetpack_sharing_enabled":true,"jetpack-related-posts":[{"id":203680,"url":"https:\/\/insightcrime.org\/es\/noticias\/por-que-se-estan-expandiendo-asesinatos-ciudad-mas-violenta-argentina\/","url_meta":{"origin":8484,"position":0},"title":"\u00bfPor qu\u00e9 se est\u00e1n expandiendo los asesinatos en Rosario, Argentina?","author":"Gabrielle Gorder","date":"8 de noviembre de 2022","format":false,"excerpt":"La ciudad m\u00e1s violenta de Argentina, Rosario, podr\u00eda batir el r\u00e9cord de homicidios que toc\u00f3 hace una d\u00e9cada. Pero aunque las cifras parecen similares, el panorama criminal de la ciudad ha cambiado de manera dr\u00e1stica.\u00a0","rel":"","context":"En \u00abNoticias\u00bb","block_context":{"text":"Noticias","link":"https:\/\/insightcrime.org\/es\/category\/noticias\/"},"img":{"alt_text":"Dos carros de la polic\u00eda estacionados en la escena de un crimen en Rosario, Argentina.","src":"https:\/\/i0.wp.com\/insightcrime.org\/wp-content\/uploads\/2022\/11\/policiacrimenhomicidio-1.jpg?fit=350%2C250&quality=100&ssl=1&resize=350%2C200","width":350,"height":200},"classes":[]},{"id":195213,"url":"https:\/\/insightcrime.org\/es\/noticias\/sigue-busqueda-presos-brasilenos-profugos-carcel-paraguay\/","url_meta":{"origin":8484,"position":1},"title":"Contin\u00faa b\u00fasqueda de presos brasile\u00f1os pr\u00f3fugos en Paraguay","author":"Chris Dalby","date":"15 de agosto de 2022","format":false,"excerpt":"Un megaoperativo para dar con el paradero de cuatro reclusos brasile\u00f1os, luego de una fuga masiva en una prisi\u00f3n al sur de Paraguay, ha entrado en su segunda semana.","rel":"","context":"En \u00abNoticias\u00bb","block_context":{"text":"Noticias","link":"https:\/\/insightcrime.org\/es\/category\/noticias\/"},"img":{"alt_text":"La c\u00e1rcel de Misiones, donde se present\u00f3 la m\u00e1s reciente fuga en Paraguay.","src":"https:\/\/i0.wp.com\/insightcrime.org\/wp-content\/uploads\/2022\/08\/ezgif-4-e2d9d446dc-1-1.jpg?fit=350%2C250&quality=100&ssl=1&resize=350%2C200","width":350,"height":200},"classes":[]},{"id":127521,"url":"https:\/\/insightcrime.org\/es\/noticias\/argentina-recurre-al-adn-para-combatir-el-abigeato\/","url_meta":{"origin":8484,"position":2},"title":"Argentina recurre al ADN para combatir el abigeato","author":"Katie Jones","date":"7 de diciembre de 2020","format":false,"excerpt":"En Argentina, las autoridades discuten c\u00f3mo pueden usarse las pruebas de ADN para frenar el robo de ganado y los cr\u00edmenes rurales en Santa Fe, lo que indica que los ministros intentar\u00e1n aplicar nuevos m\u00e9todos en su intento por detener una econom\u00eda criminal muy arraigada en la regi\u00f3n.","rel":"","context":"En \u00abNoticias\u00bb","block_context":{"text":"Noticias","link":"https:\/\/insightcrime.org\/es\/category\/noticias\/"},"img":{"alt_text":"","src":"https:\/\/i0.wp.com\/insightcrime.org\/wp-content\/uploads\/2020\/12\/Argentina-Cattle-Rustling.jpg?fit=350%2C250&quality=100&ssl=1&resize=350%2C200","width":350,"height":200},"classes":[]},{"id":307560,"url":"https:\/\/insightcrime.org\/es\/noticias\/infierno-rosario-cerco-para-avanzada-narco-argentina\/","url_meta":{"origin":8484,"position":3},"title":"\u201cEl infierno\u201d en Rosario \u00bfun cerco para el narco en Argentina?","author":"Creusa Mu\u00f1oz","date":"18 de abril de 2025","format":false,"excerpt":"Argentina comenz\u00f3 la construcci\u00f3n de la primera c\u00e1rcel de m\u00e1xima seguridad de alto perfil para narcos y sicarios, reavivando el debate sobre las pol\u00edticas de mano dura.","rel":"","context":"En \u00abNoticias\u00bb","block_context":{"text":"Noticias","link":"https:\/\/insightcrime.org\/es\/category\/noticias\/"},"img":{"alt_text":"","src":"https:\/\/i0.wp.com\/insightcrime.org\/wp-content\/uploads\/2025\/04\/Flagship-cover-3-InSightCrime-2025.jpg?fit=1200%2C690&quality=100&ssl=1&resize=350%2C200","width":350,"height":200,"srcset":"https:\/\/i0.wp.com\/insightcrime.org\/wp-content\/uploads\/2025\/04\/Flagship-cover-3-InSightCrime-2025.jpg?fit=1200%2C690&quality=100&ssl=1&resize=350%2C200 1x, https:\/\/i0.wp.com\/insightcrime.org\/wp-content\/uploads\/2025\/04\/Flagship-cover-3-InSightCrime-2025.jpg?fit=1200%2C690&quality=100&ssl=1&resize=525%2C300 1.5x, https:\/\/i0.wp.com\/insightcrime.org\/wp-content\/uploads\/2025\/04\/Flagship-cover-3-InSightCrime-2025.jpg?fit=1200%2C690&quality=100&ssl=1&resize=700%2C400 2x, https:\/\/i0.wp.com\/insightcrime.org\/wp-content\/uploads\/2025\/04\/Flagship-cover-3-InSightCrime-2025.jpg?fit=1200%2C690&quality=100&ssl=1&resize=1050%2C600 3x"},"classes":[]},{"id":172821,"url":"https:\/\/insightcrime.org\/es\/noticias\/familias-rosario-argentina-pintan-casas-no-atacadas\/","url_meta":{"origin":8484,"position":4},"title":"Familias en Rosario, Argentina, &#8216;pintan&#8217; sus casas para no ser atacadas","author":"Juan Diego Posada","date":"3 de diciembre de 2021","format":false,"excerpt":"Mientras las casas de venta de drogas son atacadas, una curiosa petici\u00f3n por parte de la comunidad hacia los grupos criminales describe la oleada de violencia que experimenta la ciudad de Rosario, Argentina.","rel":"","context":"En \u00abNoticias\u00bb","block_context":{"text":"Noticias","link":"https:\/\/insightcrime.org\/es\/category\/noticias\/"},"img":{"alt_text":"Las familias pintan sus fachas en Argentina","src":"https:\/\/i0.wp.com\/insightcrime.org\/wp-content\/uploads\/2021\/12\/Fachadas-de-familias-Argentina.jpg?fit=350%2C250&quality=100&ssl=1&resize=350%2C200","width":350,"height":200},"classes":[]},{"id":295732,"url":"https:\/\/insightcrime.org\/es\/noticias\/guille-cantero-monos-argentina-acumula-160-anos-condena\/","url_meta":{"origin":8484,"position":5},"title":"El jefe de los Monos en Argentina acumula 160 a\u00f1os de condena","author":"Christopher Newton","date":"8 de noviembre de 2024","format":false,"excerpt":"Ariel Cantero, alias \u201cGuille,\u201d el jefe de Los Monos, la banda criminal m\u00e1s conocida de Argentina, podr\u00eda ser condenado a 25 a\u00f1os de prisi\u00f3n adicionales, aunque no ayudar\u00e1n a frenar las actividades de la banda ni su liderazgo.","rel":"","context":"En \u00abNoticias\u00bb","block_context":{"text":"Noticias","link":"https:\/\/insightcrime.org\/es\/category\/noticias\/"},"img":{"alt_text":"","src":"https:\/\/i0.wp.com\/insightcrime.org\/wp-content\/uploads\/2024\/11\/Feature-Image-Ariel-cantero-jefe-de-los-Monos-Argentina.jpg?fit=1200%2C675&quality=100&ssl=1&resize=350%2C200","width":350,"height":200,"srcset":"https:\/\/i0.wp.com\/insightcrime.org\/wp-content\/uploads\/2024\/11\/Feature-Image-Ariel-cantero-jefe-de-los-Monos-Argentina.jpg?fit=1200%2C675&quality=100&ssl=1&resize=350%2C200 1x, https:\/\/i0.wp.com\/insightcrime.org\/wp-content\/uploads\/2024\/11\/Feature-Image-Ariel-cantero-jefe-de-los-Monos-Argentina.jpg?fit=1200%2C675&quality=100&ssl=1&resize=525%2C300 1.5x, https:\/\/i0.wp.com\/insightcrime.org\/wp-content\/uploads\/2024\/11\/Feature-Image-Ariel-cantero-jefe-de-los-Monos-Argentina.jpg?fit=1200%2C675&quality=100&ssl=1&resize=700%2C400 2x, https:\/\/i0.wp.com\/insightcrime.org\/wp-content\/uploads\/2024\/11\/Feature-Image-Ariel-cantero-jefe-de-los-Monos-Argentina.jpg?fit=1200%2C675&quality=100&ssl=1&resize=1050%2C600 3x"},"classes":[]}],"jetpack_featured_media_url":"https:\/\/i0.wp.com\/insightcrime.org\/wp-content\/uploads\/2016\/01\/es-16-01-11-Lanatta.jpg?fit=250%2C177&quality=100&ssl=1","_links":{"self":[{"href":"https:\/\/insightcrime.org\/es\/wp-json\/wp\/v2\/posts\/8484","targetHints":{"allow":["GET"]}}],"collection":[{"href":"https:\/\/insightcrime.org\/es\/wp-json\/wp\/v2\/posts"}],"about":[{"href":"https:\/\/insightcrime.org\/es\/wp-json\/wp\/v2\/types\/post"}],"author":[{"embeddable":true,"href":"https:\/\/insightcrime.org\/es\/wp-json\/wp\/v2\/users\/41"}],"replies":[{"embeddable":true,"href":"https:\/\/insightcrime.org\/es\/wp-json\/wp\/v2\/comments?post=8484"}],"version-history":[{"count":1,"href":"https:\/\/insightcrime.org\/es\/wp-json\/wp\/v2\/posts\/8484\/revisions"}],"predecessor-version":[{"id":25874,"href":"https:\/\/insightcrime.org\/es\/wp-json\/wp\/v2\/posts\/8484\/revisions\/25874"}],"wp:featuredmedia":[{"embeddable":true,"href":"https:\/\/insightcrime.org\/es\/wp-json\/wp\/v2\/media\/43758"}],"wp:attachment":[{"href":"https:\/\/insightcrime.org\/es\/wp-json\/wp\/v2\/media?parent=8484"}],"wp:term":[{"taxonomy":"category","embeddable":true,"href":"https:\/\/insightcrime.org\/es\/wp-json\/wp\/v2\/categories?post=8484"},{"taxonomy":"post_tag","embeddable":true,"href":"https:\/\/insightcrime.org\/es\/wp-json\/wp\/v2\/tags?post=8484"},{"taxonomy":"newspack_spnsrs_tax","embeddable":true,"href":"https:\/\/insightcrime.org\/es\/wp-json\/wp\/v2\/newspack_spnsrs_tax?post=8484"},{"taxonomy":"author","embeddable":true,"href":"https:\/\/insightcrime.org\/es\/wp-json\/wp\/v2\/coauthors?post=8484"}],"curies":[{"name":"wp","href":"https:\/\/api.w.org\/{rel}","templated":true}]}}