{"id":8502,"date":"2016-01-20T17:38:14","date_gmt":"2017-03-28T00:13:44","guid":{"rendered":"http:\/\/newwp.insightcrime.org?p=8502"},"modified":"2023-04-24T15:49:50","modified_gmt":"2023-04-24T20:49:50","slug":"farc-podria-replicar-modelo-drogas-grupos-criminales","status":"publish","type":"post","link":"https:\/\/insightcrime.org\/es\/noticias\/noticias-del-dia\/farc-podria-replicar-modelo-drogas-grupos-criminales\/","title":{"rendered":"En posconflicto, elementos de FARC podr\u00edan replicar modelo de grupos criminales"},"content":{"rendered":"\n<p class=\"wp-block-paragraph\">Las autoridades arrestaron al l\u00edder de un grupo criminal, cuyas operaciones en el suroeste de Colombia podr\u00edan convertirse en un modelo para los elementos de la guerrilla de las FARC que sigan implicados en el narcotr\u00e1fico.<\/p>\n\n\n\n<p class=\"wp-block-paragraph\">El 14 de enero, la polic\u00eda colombiana captur\u00f3 a Miguel Antonio Bastidas Bravo, alias \u201cLa G\u00e1rgola\u201d o el \u201cCapo del Sur\u201d, en la ciudad de Cali, al suroeste del pa\u00eds, <a href=\"https:\/\/www.eltiempo.com\/politica\/justicia\/captura-de-alias-gargola-en-cali\/16482605\" target=\"_blank\">seg\u00fan informes de El Tiempo<\/a>.<\/p>\n\n\n\n<p class=\"wp-block-paragraph\"><a href=\"https:\/\/www.elespectador.com\/noticias\/judicial\/capturan-al-capo-del-sur-maximo-cabecilla-de-banda-crim-articulo-610727\" target=\"_blank\">Seg\u00fan El Espectador<\/a>, Bastidas era el cabecilla de una banda narcotraficante conocida como \u201cLa Constru\u201d. Se cree que coordinaba embarques de coca\u00edna que part\u00edan de los departamentos de Putumayo y Nari\u00f1o, en Colombia, e iban a lo largo de la costa pac\u00edfica y hasta M\u00e9xico. Las autoridades <a href=\"https:\/\/www.minuto30.com\/capturan-al-cabecilla-de-banda-narcotraficante-la-constru\/426628\/\" target=\"_blank\">lo se\u00f1alan<\/a> como el responsable de la producci\u00f3n y venta de 2.000 kilogramos de coca\u00edna al mes.<\/p>\n\n\n\n<p class=\"wp-block-paragraph\">Arrestado anteriormente en 2013, Bastidas ha estado pr\u00f3fugo despu\u00e9s de escapar, <a href=\"https:\/\/caracol.com.co\/radio\/2016\/01\/15\/judicial\/1452868062_949378.html\" target=\"_blank\">seg\u00fan Caracol<\/a>. Entre las acusaciones en su contra<a href=\"https:\/\/hsbnoticias.com\/noticias\/judicial\/video-cayo-alias-gargola-lider-narcotraficante-de-la-banda-d-179917\" target=\"_blank\"> est\u00e1n<\/a> asesinato, concierto para delinquir con fines de narcotr\u00e1fico y tr\u00e1fico de armas.<\/p>\n\n\n\n<h3 class=\"wp-block-heading\">An\u00e1lisis de InSight Crime<\/h3>\n\n\n\n<p class=\"wp-block-paragraph\">El gobierno colombiano est\u00e1 entrando en las etapas finales de las negociaciones de paz con las Fuerzas Armadas Revolucionarias de (FARC), que se desarrollan actualmente en La Habana, Cuba, sobre el \u00faltimo punto en la agenda de finalizaci\u00f3n del conflicto e implementaci\u00f3n de un cese bilateral al fuego. La meta es llegar a un acuerdo negociado <a href=\"\/noticias\/analisis\/vacios-acuerdo-gobierno-colombia-farc\" target=\"_blank\">antes del 23 de marzo<\/a>.&nbsp;<\/p>\n\n\n\n<p class=\"wp-block-paragraph\">Una de las mayores preocupaciones en torno a los di\u00e1logos de paz entre el gobierno y las FARC, sin embargo, es <a href=\"\/noticias\/noticias-del-dia\/correos-muestran-potencial-criminalizacion-farc\" target=\"_blank\">la posible criminalizaci\u00f3n<\/a> de ciertos elementos de las FARC. Por mucho tiempo se ha sabido que las FARC <a href=\"\/noticias\/noticias-del-dia\/narcotrafico-delito-politico-corte-colombia\" target=\"_blank\">participan<\/a> en el comercio de la droga, aunque sus jefes por lo general niegan o minimizan el alcance de la participaci\u00f3n del grupo.<\/p>\n\n\n\n<p class=\"wp-block-paragraph\"><strong><span style=\"color: #800000\">VEA TAMBI\u00c9N:<\/span> <\/strong><a href=\"\/investigaciones\/farc-paz-y-posible-criminalizacion\" target=\"_blank\">FARC, paz y posible criminalizaci\u00f3n<\/a><\/p>\n\n\n\n<p class=\"wp-block-paragraph\">Se cree que grupos como La Constru, una organizaci\u00f3n de origen paramilitar, trabajan para las FARC: comprando base de coca del grupo guerrillero, proces\u00e1ndola para hacer coca\u00edna y transport\u00e1ndola a lo largo de la costa o hacia Ecuador con protecci\u00f3n de las FARC, antes de venderla finalmente a grupos mexicanos. La mayor parte de las ganancias va a las FARC, para financiar sus operaciones.<\/p>\n\n\n\n<p class=\"wp-block-paragraph\">Este modelo ayuda a las FARC a seguir negando su participaci\u00f3n en el negocio de la droga. Una posibilidad es que incluso en una etapa de postconflicto en Colombia, habr\u00eda elementos de las FARC que buscaran mantener relaciones con grupos como La Constru. Este fen\u00f3meno podr\u00eda generar gran controversia, especialmente si otras facciones de las FARC forman un partido pol\u00edtico y se involucran en la pol\u00edtica tradicional en Colombia.<\/p>\n","protected":false},"excerpt":{"rendered":"<p>Las autoridades arrestaron al l\u00edder de un grupo criminal, cuyas operaciones en el suroeste de Colombia podr\u00edan convertirse en un modelo para los elementos de la guerrilla de las FARC que sigan implicados en el narcotr\u00e1fico.<\/p>\n","protected":false},"author":25,"featured_media":43796,"comment_status":"closed","ping_status":"closed","sticky":false,"template":"","format":"standard","meta":{"newspack_ads_suppress_ads":false,"newspack_popups_has_disabled_popups":false,"newspack_sponsor_sponsorship_scope":"","newspack_sponsor_native_byline_display":"inherit","newspack_sponsor_native_category_display":"inherit","newspack_sponsor_underwriter_style":"inherit","newspack_sponsor_underwriter_placement":"inherit","_EventAllDay":false,"_EventTimezone":"","_EventStartDate":"","_EventEndDate":"","_EventStartDateUTC":"","_EventEndDateUTC":"","_EventShowMap":false,"_EventShowMapLink":false,"_EventURL":"","_EventCost":"","_EventCostDescription":"","_EventCurrencySymbol":"","_EventCurrencyCode":"","_EventCurrencyPosition":"","_EventDateTimeSeparator":"","_EventTimeRangeSeparator":"","_EventOrganizerID":[],"_EventVenueID":[],"_OrganizerEmail":"","_OrganizerPhone":"","_OrganizerWebsite":"","_VenueAddress":"","_VenueCity":"","_VenueCountry":"","_VenueProvince":"","_VenueState":"","_VenueZip":"","_VenuePhone":"","_VenueURL":"","_VenueStateProvince":"","_VenueLat":"","_VenueLng":"","_VenueShowMap":false,"_VenueShowMapLink":false,"_newspack_byline_active":false,"_newspack_byline":"","newspack_hide_updated_date":false,"newspack_show_updated_date":false,"newspack_featured_image_position":"","newspack_post_subtitle":"","newspack_article_summary_title":"Overview:","newspack_article_summary":"","_jetpack_memberships_contains_paid_content":false,"footnotes":""},"categories":[334],"tags":[368,1542,475],"newspack_spnsrs_tax":[],"coauthors":[3872],"class_list":["post-8502","post","type-post","status-publish","format-standard","has-post-thumbnail","hentry","category-noticias-del-dia","tag-colombia-pais","tag-farc-ep","tag-paz-con-las-farc","entry"],"parsely":{"version":"1.1.0","canonical_url":"https:\/\/insightcrime.org\/es\/noticias\/noticias-del-dia\/farc-podria-replicar-modelo-drogas-grupos-criminales\/","smart_links":{"inbound":0,"outbound":0},"traffic_boost_suggestions_count":0,"meta":{"@context":"https:\/\/schema.org","@type":"NewsArticle","headline":"En posconflicto, elementos de FARC podr\u00edan replicar modelo de grupos criminales","url":"http:\/\/insightcrime.org\/es\/noticias\/noticias-del-dia\/farc-podria-replicar-modelo-drogas-grupos-criminales\/","mainEntityOfPage":{"@type":"WebPage","@id":"http:\/\/insightcrime.org\/es\/noticias\/noticias-del-dia\/farc-podria-replicar-modelo-drogas-grupos-criminales\/"},"thumbnailUrl":"https:\/\/i0.wp.com\/insightcrime.org\/wp-content\/uploads\/2016\/01\/es-16-01-19-Colombia-Gargola.jpeg?resize=150%2C115&quality=100&ssl=1","image":{"@type":"ImageObject","url":"https:\/\/i0.wp.com\/insightcrime.org\/wp-content\/uploads\/2016\/01\/es-16-01-19-Colombia-Gargola.jpeg?fit=250%2C115&quality=100&ssl=1"},"articleSection":"Noticias del d\u00eda","author":[{"@type":"Person","name":"Michael Lohmuller"}],"creator":["Michael Lohmuller"],"publisher":{"@type":"Organization","name":"InSight Crime","logo":"https:\/\/insightcrime.org\/wp-content\/uploads\/2023\/08\/logo.png"},"keywords":["colombia","farc","paz farc"],"dateCreated":"2017-03-28T00:13:44Z","datePublished":"2017-03-28T00:13:44Z","dateModified":"2023-04-24T20:49:50Z"},"rendered":"<meta name=\"parsely-title\" content=\"En posconflicto, elementos de FARC podr\u00edan replicar modelo de grupos criminales\" \/>\n<meta name=\"parsely-link\" content=\"http:\/\/insightcrime.org\/es\/noticias\/noticias-del-dia\/farc-podria-replicar-modelo-drogas-grupos-criminales\/\" \/>\n<meta name=\"parsely-type\" content=\"post\" \/>\n<meta name=\"parsely-image-url\" content=\"https:\/\/i0.wp.com\/insightcrime.org\/wp-content\/uploads\/2016\/01\/es-16-01-19-Colombia-Gargola.jpeg?resize=150%2C115&amp;quality=100&amp;ssl=1\" \/>\n<meta name=\"parsely-pub-date\" content=\"2017-03-28T00:13:44Z\" \/>\n<meta name=\"parsely-section\" content=\"Noticias del d\u00eda\" \/>\n<meta name=\"parsely-tags\" content=\"colombia,farc,paz farc\" \/>\n<meta name=\"parsely-author\" content=\"Michael Lohmuller\" \/>","tracker_url":"https:\/\/cdn.parsely.com\/keys\/insightcrime.org\/p.js"},"jetpack_sharing_enabled":true,"jetpack-related-posts":[{"id":150557,"url":"https:\/\/insightcrime.org\/es\/noticias-crimen-organizado-colombia\/comandos-de-la-frontera\/","url_meta":{"origin":8502,"position":0},"title":"Comandos de la Frontera","author":"InSight Crime","date":"23 de junio de 2026","format":false,"excerpt":"Comandos de la Frontera: qui\u00e9nes son, d\u00f3nde operan, qui\u00e9n los lidera y c\u00f3mo participan en el narcotr\u00e1fico en Colombia. Perfil completo actualizado.","rel":"","context":"En \u00abColombia\u00bb","block_context":{"text":"Colombia","link":"https:\/\/insightcrime.org\/es\/category\/noticias-crimen-organizado-colombia\/"},"img":{"alt_text":"Comandos de la Frontera","src":"https:\/\/i0.wp.com\/insightcrime.org\/wp-content\/uploads\/2026\/06\/Grupo-Criminal-Comandos-de-la-Frontera.jpg?fit=1200%2C900&quality=100&ssl=1&resize=350%2C200","width":350,"height":200,"srcset":"https:\/\/i0.wp.com\/insightcrime.org\/wp-content\/uploads\/2026\/06\/Grupo-Criminal-Comandos-de-la-Frontera.jpg?fit=1200%2C900&quality=100&ssl=1&resize=350%2C200 1x, https:\/\/i0.wp.com\/insightcrime.org\/wp-content\/uploads\/2026\/06\/Grupo-Criminal-Comandos-de-la-Frontera.jpg?fit=1200%2C900&quality=100&ssl=1&resize=525%2C300 1.5x, https:\/\/i0.wp.com\/insightcrime.org\/wp-content\/uploads\/2026\/06\/Grupo-Criminal-Comandos-de-la-Frontera.jpg?fit=1200%2C900&quality=100&ssl=1&resize=700%2C400 2x, https:\/\/i0.wp.com\/insightcrime.org\/wp-content\/uploads\/2026\/06\/Grupo-Criminal-Comandos-de-la-Frontera.jpg?fit=1200%2C900&quality=100&ssl=1&resize=1050%2C600 3x"},"classes":[]},{"id":233319,"url":"https:\/\/insightcrime.org\/es\/colombia-organized-crime-news\/los-caparrapos\/","url_meta":{"origin":8502,"position":1},"title":"Los Caparros","author":"InSight Crime","date":"15 de enero de 2024","format":false,"excerpt":"Los Caparros son un grupo criminal colombiano relacionado con el tr\u00e1fico de drogas en Antioquia y C\u00f3rdoba.","rel":"","context":"En \u00abColombia\u00bb","block_context":{"text":"Colombia","link":"https:\/\/insightcrime.org\/category\/colombia-organized-crime-news\/"},"img":{"alt_text":"Grupo criminal - Los Caparros - Colombia.","src":"https:\/\/i0.wp.com\/insightcrime.org\/wp-content\/uploads\/2026\/08\/Grupo-Criminal-Los-Caparros-Colombia.jpg?fit=1200%2C900&quality=100&ssl=1&resize=350%2C200","width":350,"height":200,"srcset":"https:\/\/i0.wp.com\/insightcrime.org\/wp-content\/uploads\/2026\/08\/Grupo-Criminal-Los-Caparros-Colombia.jpg?fit=1200%2C900&quality=100&ssl=1&resize=350%2C200 1x, https:\/\/i0.wp.com\/insightcrime.org\/wp-content\/uploads\/2026\/08\/Grupo-Criminal-Los-Caparros-Colombia.jpg?fit=1200%2C900&quality=100&ssl=1&resize=525%2C300 1.5x, https:\/\/i0.wp.com\/insightcrime.org\/wp-content\/uploads\/2026\/08\/Grupo-Criminal-Los-Caparros-Colombia.jpg?fit=1200%2C900&quality=100&ssl=1&resize=700%2C400 2x, https:\/\/i0.wp.com\/insightcrime.org\/wp-content\/uploads\/2026\/08\/Grupo-Criminal-Los-Caparros-Colombia.jpg?fit=1200%2C900&quality=100&ssl=1&resize=1050%2C600 3x"},"classes":[]},{"id":137814,"url":"https:\/\/insightcrime.org\/es\/noticias\/ex-farc-inicia-expansion-norte-colombia\/","url_meta":{"origin":8502,"position":2},"title":"Ex \u2013 FARC inicia expansi\u00f3n hacia el norte de Colombia","author":"Juan Diego Posada","date":"16 de marzo de 2021","format":false,"excerpt":"Uno de los l\u00edderes de la que fue una de la guerrillas m\u00e1s grande del pa\u00eds ha anunciado la refundaci\u00f3n de uno de sus antiguos frentes al norte de Colombia. Una zona donde el grupo tendr\u00e1 que acoplarse al panorama criminal ya existente.","rel":"","context":"En \u00abNoticias\u00bb","block_context":{"text":"Noticias","link":"https:\/\/insightcrime.org\/es\/category\/noticias\/"},"img":{"alt_text":"","src":"https:\/\/i0.wp.com\/insightcrime.org\/wp-content\/uploads\/2021\/03\/Segunda-Marquetalia.jpg?fit=350%2C250&quality=100&ssl=1&resize=350%2C200","width":350,"height":200},"classes":[]},{"id":233321,"url":"https:\/\/insightcrime.org\/es\/noticias-crimen-organizado-colombia\/luciano-marin-ivan-marquez\/","url_meta":{"origin":8502,"position":3},"title":"Luciano Mar\u00edn Arango, alias &#8216;Iv\u00e1n M\u00e1rquez&#8217;","author":"InSight Crime","date":"27 de junio de 2024","format":false,"excerpt":"Luciano Mar\u00edn Arango, alias \u201cIv\u00e1n M\u00e1rquez\u201d, un hist\u00f3rico miembro de las FARC y fundador de las disidencias","rel":"","context":"En \u00abColombia\u00bb","block_context":{"text":"Colombia","link":"https:\/\/insightcrime.org\/es\/category\/noticias-crimen-organizado-colombia\/"},"img":{"alt_text":"Perfil criminal - Luciano Mar\u00edn Arango, alias 'Iv\u00e1n M\u00e1rquez' - Colombia.","src":"https:\/\/i0.wp.com\/insightcrime.org\/wp-content\/uploads\/2026\/08\/Perfil-Criminal-Alias-Ivan-Marquez-Colombia.jpg?fit=1200%2C900&quality=100&ssl=1&resize=350%2C200","width":350,"height":200,"srcset":"https:\/\/i0.wp.com\/insightcrime.org\/wp-content\/uploads\/2026\/08\/Perfil-Criminal-Alias-Ivan-Marquez-Colombia.jpg?fit=1200%2C900&quality=100&ssl=1&resize=350%2C200 1x, https:\/\/i0.wp.com\/insightcrime.org\/wp-content\/uploads\/2026\/08\/Perfil-Criminal-Alias-Ivan-Marquez-Colombia.jpg?fit=1200%2C900&quality=100&ssl=1&resize=525%2C300 1.5x, https:\/\/i0.wp.com\/insightcrime.org\/wp-content\/uploads\/2026\/08\/Perfil-Criminal-Alias-Ivan-Marquez-Colombia.jpg?fit=1200%2C900&quality=100&ssl=1&resize=700%2C400 2x, https:\/\/i0.wp.com\/insightcrime.org\/wp-content\/uploads\/2026\/08\/Perfil-Criminal-Alias-Ivan-Marquez-Colombia.jpg?fit=1200%2C900&quality=100&ssl=1&resize=1050%2C600 3x"},"classes":[]},{"id":4859,"url":"https:\/\/insightcrime.org\/es\/noticias-crimen-organizado-colombia\/eliecer-erlinto-chamorro-antonio-garcia\/","url_meta":{"origin":8502,"position":4},"title":"Eli\u00e9cer Erlinto Chamorro, alias &#8216;Antonio Garc\u00eda&#8217;","author":"InSight Crime","date":"24 de junio de 2021","format":false,"excerpt":"Eli\u00e9cer Erlinto Chamorro, alias \u201cAntonio Garc\u00eda\u201d, es el primer comandante del grupo guerrillero colombiano ELN.","rel":"","context":"En \u00abColombia\u00bb","block_context":{"text":"Colombia","link":"https:\/\/insightcrime.org\/es\/category\/noticias-crimen-organizado-colombia\/"},"img":{"alt_text":"Perfil criminal - Eliecer Erlinto Chamorro, alias \u2018Antonio Garcia\u2019 - Colombia.","src":"https:\/\/i0.wp.com\/insightcrime.org\/wp-content\/uploads\/2026\/08\/Perfil-Criminal-Alias-Antonio-Garcia-Colombia.jpg?fit=1200%2C900&quality=100&ssl=1&resize=350%2C200","width":350,"height":200,"srcset":"https:\/\/i0.wp.com\/insightcrime.org\/wp-content\/uploads\/2026\/08\/Perfil-Criminal-Alias-Antonio-Garcia-Colombia.jpg?fit=1200%2C900&quality=100&ssl=1&resize=350%2C200 1x, https:\/\/i0.wp.com\/insightcrime.org\/wp-content\/uploads\/2026\/08\/Perfil-Criminal-Alias-Antonio-Garcia-Colombia.jpg?fit=1200%2C900&quality=100&ssl=1&resize=525%2C300 1.5x, https:\/\/i0.wp.com\/insightcrime.org\/wp-content\/uploads\/2026\/08\/Perfil-Criminal-Alias-Antonio-Garcia-Colombia.jpg?fit=1200%2C900&quality=100&ssl=1&resize=700%2C400 2x, https:\/\/i0.wp.com\/insightcrime.org\/wp-content\/uploads\/2026\/08\/Perfil-Criminal-Alias-Antonio-Garcia-Colombia.jpg?fit=1200%2C900&quality=100&ssl=1&resize=1050%2C600 3x"},"classes":[]},{"id":294652,"url":"https:\/\/insightcrime.org\/es\/noticias\/papel-agc-fragiles-negociaciones-colombia\/","url_meta":{"origin":8502,"position":5},"title":"\u00bfJuego de poder o paz? El papel de AGC en las fr\u00e1giles negociaciones de Colombia","author":"Liza Schmidt","date":"16 de octubre de 2024","format":false,"excerpt":"La fortaleza de las AGC, el poderoso grupo criminal colombiano, ser\u00e1 un reto significativo para las incipientes conversaciones de paz, seg\u00fan un nuevo reporte, generando preocupaciones sobre la falta de inter\u00e9s genuino del grupo por la paz y su posible consolidaci\u00f3n criminal.\u00a0","rel":"","context":"En \u00abNoticias\u00bb","block_context":{"text":"Noticias","link":"https:\/\/insightcrime.org\/es\/category\/noticias\/"},"img":{"alt_text":"","src":"https:\/\/i0.wp.com\/insightcrime.org\/wp-content\/uploads\/2024\/10\/Feature-image-ACG-Colombia-Oct-2024.jpg?fit=1200%2C690&quality=100&ssl=1&resize=350%2C200","width":350,"height":200,"srcset":"https:\/\/i0.wp.com\/insightcrime.org\/wp-content\/uploads\/2024\/10\/Feature-image-ACG-Colombia-Oct-2024.jpg?fit=1200%2C690&quality=100&ssl=1&resize=350%2C200 1x, https:\/\/i0.wp.com\/insightcrime.org\/wp-content\/uploads\/2024\/10\/Feature-image-ACG-Colombia-Oct-2024.jpg?fit=1200%2C690&quality=100&ssl=1&resize=525%2C300 1.5x, https:\/\/i0.wp.com\/insightcrime.org\/wp-content\/uploads\/2024\/10\/Feature-image-ACG-Colombia-Oct-2024.jpg?fit=1200%2C690&quality=100&ssl=1&resize=700%2C400 2x, https:\/\/i0.wp.com\/insightcrime.org\/wp-content\/uploads\/2024\/10\/Feature-image-ACG-Colombia-Oct-2024.jpg?fit=1200%2C690&quality=100&ssl=1&resize=1050%2C600 3x"},"classes":[]}],"jetpack_featured_media_url":"https:\/\/i0.wp.com\/insightcrime.org\/wp-content\/uploads\/2016\/01\/es-16-01-19-Colombia-Gargola.jpeg?fit=250%2C115&quality=100&ssl=1","_links":{"self":[{"href":"https:\/\/insightcrime.org\/es\/wp-json\/wp\/v2\/posts\/8502","targetHints":{"allow":["GET"]}}],"collection":[{"href":"https:\/\/insightcrime.org\/es\/wp-json\/wp\/v2\/posts"}],"about":[{"href":"https:\/\/insightcrime.org\/es\/wp-json\/wp\/v2\/types\/post"}],"author":[{"embeddable":true,"href":"https:\/\/insightcrime.org\/es\/wp-json\/wp\/v2\/users\/25"}],"replies":[{"embeddable":true,"href":"https:\/\/insightcrime.org\/es\/wp-json\/wp\/v2\/comments?post=8502"}],"version-history":[{"count":1,"href":"https:\/\/insightcrime.org\/es\/wp-json\/wp\/v2\/posts\/8502\/revisions"}],"predecessor-version":[{"id":25920,"href":"https:\/\/insightcrime.org\/es\/wp-json\/wp\/v2\/posts\/8502\/revisions\/25920"}],"wp:featuredmedia":[{"embeddable":true,"href":"https:\/\/insightcrime.org\/es\/wp-json\/wp\/v2\/media\/43796"}],"wp:attachment":[{"href":"https:\/\/insightcrime.org\/es\/wp-json\/wp\/v2\/media?parent=8502"}],"wp:term":[{"taxonomy":"category","embeddable":true,"href":"https:\/\/insightcrime.org\/es\/wp-json\/wp\/v2\/categories?post=8502"},{"taxonomy":"post_tag","embeddable":true,"href":"https:\/\/insightcrime.org\/es\/wp-json\/wp\/v2\/tags?post=8502"},{"taxonomy":"newspack_spnsrs_tax","embeddable":true,"href":"https:\/\/insightcrime.org\/es\/wp-json\/wp\/v2\/newspack_spnsrs_tax?post=8502"},{"taxonomy":"author","embeddable":true,"href":"https:\/\/insightcrime.org\/es\/wp-json\/wp\/v2\/coauthors?post=8502"}],"curies":[{"name":"wp","href":"https:\/\/api.w.org\/{rel}","templated":true}]}}