{"id":85494,"date":"2018-06-08T10:31:50","date_gmt":"2018-06-08T15:31:50","guid":{"rendered":"https:\/\/insightcrime.org\/?p=85494"},"modified":"2023-09-29T14:48:23","modified_gmt":"2023-09-29T19:48:23","slug":"ciudadanos-latinoamericanos-declaran-sentirse-menos-seguros-por-noveno-ano-consecutivo","status":"publish","type":"post","link":"https:\/\/insightcrime.org\/es\/noticias\/noticias-del-dia\/ciudadanos-latinoamericanos-declaran-sentirse-menos-seguros-por-noveno-ano-consecutivo\/","title":{"rendered":"Ciudadanos latinoamericanos declaran sentirse menos seguros por noveno a\u00f1o consecutivo"},"content":{"rendered":"\n<p class=\"wp-block-paragraph\">Por casi una d\u00e9cada consecutiva, las respuestas a una encuesta anual de ciudadanos de Latinoam\u00e9rica y El Caribe manifiestan de manera consistente que se sienten menos seguros que sus hom\u00f3logos de cualquier otra regi\u00f3n del mundo, lo que pone de relieve la complejidad de la situaci\u00f3n de seguridad en la regi\u00f3n y los desaf\u00edos que enfrenta en sus intentos por mejorarla.<\/p>\n\n\n\n<p class=\"wp-block-paragraph\">El <a href=\"https:\/\/insightcrime.org\/wp-content\/uploads\/2018\/06\/Gallup_Global_Law_And_Order_Report_2018.pdf\">informe<\/a> Ley y orden globales 2018 (2018 Global Law and Order), de la firma de encuestas Gallup, hall\u00f3 que los encuestados de Latinoam\u00e9rica y El Caribe eran el grupo que menos probabilidades ten\u00eda, entre todo el mundo, de sentirse seguros en sus comunidades.<\/p>\n\n\n\n<p class=\"wp-block-paragraph\">Seg\u00fan el informe, la calificaci\u00f3n de 62 dada a la regi\u00f3n en el \u201c\u00edndice de ley y orden\u201d fue el m\u00e1s bajo del mundo, y que empeor\u00f3 con el <a href=\"https:\/\/es.insightcrime.org\/noticias\/noticias-del-dia\/latinoamerica-ubica-nuevo-como-region-menos-segura-del-mundo-informe\/\">puntaje<\/a>&nbsp;de la regi\u00f3n el a\u00f1o anterior. Cinco de los diez pa\u00edses donde menos se esperaba que los residentes se sintieran seguros fue en Latinoam\u00e9rica y El Caribe.<\/p>\n\n\n\n<p class=\"wp-block-paragraph\">No sorprendi\u00f3 que Venezuela se situara una vez m\u00e1s como el pa\u00eds menos seguro del mundo, empatado con Afganist\u00e1n, que se encuentra en guerra. En una investigaci\u00f3n reciente, InSight Crime afirm\u00f3 que el pa\u00eds andino podr\u00eda considerarse un \u201c<a href=\"https:\/\/es.insightcrime.org\/investigaciones\/venezuela-estado-mafioso-2\/\">estado mafioso<\/a>\u201d, a juzgar por el crecimiento exponencial del crimen organizado all\u00ed.<\/p>\n\n\n\n<p class=\"wp-block-paragraph\">M\u00e9xico y Rep\u00fablica Dominicana se contaron tambi\u00e9n entre los pa\u00edses menos seguros del mundo. Ning\u00fan pa\u00eds de Latinoam\u00e9rica y el Caribe se situ\u00f3 entre los 50 pa\u00edses m\u00e1s seguros del mundo, seg\u00fan el informe.<\/p>\n\n\n\n<p class=\"wp-block-paragraph\">M\u00e1s a\u00fan, el informe hall\u00f3 tambi\u00e9n que solo el 42 por ciento de los encuestados en Latinoam\u00e9rica y el Caribe conf\u00eda en sus organismos de polic\u00eda locales, lo que representa el nivel m\u00e1s bajo de una regi\u00f3n en el mundo. Los venezolanos y mexicanos fueron quienes menos sent\u00edan confianza en sus cuerpos de polic\u00eda.<\/p>\n\n\n\n<figure class=\"wp-block-image is-resized\"><img data-recalc-dims=\"1\" loading=\"lazy\" decoding=\"async\" src=\"https:\/\/i0.wp.com\/insightcrime.org\/wp-content\/uploads\/2018\/06\/Ciudadanos_P%C3%A1gina_2.jpg?resize=300%2C229&#038;quality=100&#038;ssl=1\" alt=\"\" class=\"wp-image-85496\" height=\"229\" width=\"300\" srcset=\"https:\/\/i0.wp.com\/insightcrime.org\/wp-content\/uploads\/2018\/06\/Ciudadanos_P%C3%A1gina_2.jpg?w=1008&amp;quality=100&amp;ssl=1 1008w, https:\/\/i0.wp.com\/insightcrime.org\/wp-content\/uploads\/2018\/06\/Ciudadanos_P%C3%A1gina_2.jpg?resize=300%2C229&amp;quality=100&amp;ssl=1 300w, https:\/\/i0.wp.com\/insightcrime.org\/wp-content\/uploads\/2018\/06\/Ciudadanos_P%C3%A1gina_2.jpg?resize=768%2C586&amp;quality=100&amp;ssl=1 768w, https:\/\/i0.wp.com\/insightcrime.org\/wp-content\/uploads\/2018\/06\/Ciudadanos_P%C3%A1gina_2.jpg?resize=80%2C60&amp;quality=100&amp;ssl=1 80w, https:\/\/i0.wp.com\/insightcrime.org\/wp-content\/uploads\/2018\/06\/Ciudadanos_P%C3%A1gina_2.jpg?resize=696%2C531&amp;quality=100&amp;ssl=1 696w, https:\/\/i0.wp.com\/insightcrime.org\/wp-content\/uploads\/2018\/06\/Ciudadanos_P%C3%A1gina_2.jpg?resize=551%2C420&amp;quality=100&amp;ssl=1 551w, https:\/\/i0.wp.com\/insightcrime.org\/wp-content\/uploads\/2018\/06\/Ciudadanos_P%C3%A1gina_2.jpg?w=370&amp;quality=100&amp;ssl=1 370w, https:\/\/i0.wp.com\/insightcrime.org\/wp-content\/uploads\/2018\/06\/Ciudadanos_P%C3%A1gina_2.jpg?w=400&amp;quality=100&amp;ssl=1 400w\" sizes=\"auto, (max-width: 300px) 100vw, 300px\" \/><\/figure>\n\n\n\n<p class=\"has-text-align-center wp-block-paragraph\"><em>(Gr\u00e1fico cortes\u00eda de Gallup)<\/em><\/p>\n\n\n\n<p class=\"wp-block-paragraph\">Sin embargo, algunos pa\u00edses de la regi\u00f3n exhibieron mejoras respecto a la clasificaci\u00f3n del a\u00f1o anterior. Por ejemplo, el informe hall\u00f3 que el puntaje de 67, en El Salvador, supon\u00eda una \u201cmejora marcada\u201d en relaci\u00f3n con el \u00faltimo a\u00f1o y que una tasa de homicidios a la baja en los \u00faltimos a\u00f1os refleja \u201cla mejora gradual de la situaci\u00f3n de seguridad\u201d en el pa\u00eds.<\/p>\n\n\n\n<p class=\"wp-block-paragraph\">El informe se bas\u00f3 en las respuestas de alrededor de 1.000 personas adultas residentes en m\u00e1s de 140 pa\u00edses ante preguntas sobre su grado de confianza en su polic\u00eda local y si se sent\u00edan o no seguros al caminar por la ciudad, entre otros.<\/p>\n\n\n\n<h3 class=\"wp-block-heading\"><span style=\"font-weight: 400;\">An\u00e1lisis de InSight Crime<\/span><\/h3>\n\n\n\n<p class=\"wp-block-paragraph\">Medir la inseguridad es con frecuencia un proceso complejo, pero las respuestas dadas por los encuestados a preguntas b\u00e1sicas sobre percepciones de seguridad ofrecieron un bar\u00f3metro sencillo de las condiciones de seguridad, que dice mucho sobre la complejidad de la situaci\u00f3n de seguridad general en la regi\u00f3n.<\/p>\n\n\n\n<p class=\"wp-block-paragraph\">Parece que ha habido un avance en algunos pa\u00edses claves en los \u00faltimos a\u00f1os. En 2016, Colombia&nbsp;<a href=\"https:\/\/es.insightcrime.org\/noticias\/noticias-del-dia\/colombia-firma-acuerdo-paz-mientras-preocupa-amenaza-fragmentacion-farc\/\">firm\u00f3<\/a>&nbsp;un acuerdo de paz que formalmente&nbsp;pon\u00eda fin a un conflicto interno que se hab\u00eda extendido por d\u00e9cadas. Y las tasas de homicidios en dos de los pa\u00edses m\u00e1s convulsionados por la violencia en la regi\u00f3n \u2014<a href=\"https:\/\/es.insightcrime.org\/noticias\/analisis\/7-claves-entender-honduras-logrado-reducir-tasa-homicidios\/\">Honduras<\/a>&nbsp;y&nbsp;<a href=\"https:\/\/es.insightcrime.org\/noticias\/noticias-del-dia\/crisis-de-seguridad-en-el-salvador-contradice-retorica-oficial-sobre-medidas-extraordinarias\/\">El Salvador<\/a>\u2014 muestran una tendencia a la baja.<\/p>\n\n\n\n<p class=\"wp-block-paragraph\"><span style=\"color: #800000;\"><strong>VEA TAMBI\u00c9N:<\/strong><\/span> <a href=\"https:\/\/es.insightcrime.org\/indepth\/homicidios\/\" target=\"_blank\" rel=\"noopener\">InDepth Cobertura sobre homicidios<\/a><\/p>\n\n\n\n<p class=\"wp-block-paragraph\">Pero en general, los residentes de Latinoam\u00e9rica y El Caribe siguen expresando de manera consistente la sensaci\u00f3n de tener menos seguridad que sus contrapartes de otros pa\u00edses, lo que indica que en muchos casos problemas de fondo que fomentan la inseguridad siguen sin resolver.<\/p>\n\n\n\n<p class=\"wp-block-paragraph\">Por ejemplo, el descenso en la tasa de homicidios en El Salvador puede ser resultado m\u00e1s bien de una <a href=\"https:\/\/es.insightcrime.org\/noticias\/noticias-del-dia\/expediente-judicial-en-eeuu-revela-que-la-ms13-expande-sus-actividades-de-narcotrafico\/\">mayor sofisticaci\u00f3n<\/a>&nbsp;de las pandillas del pa\u00eds y de ajustes en sus actividades criminales, como respuesta a las medidas <a href=\"https:\/\/es.insightcrime.org\/noticias\/analisis\/repuntan-homicidios-salvador-pese-medidas-extraordinarias-contra-pandillas\/\">extraordinarias contra las pandillas<\/a>&nbsp;implementadas por el gobierno en los \u00faltimos a\u00f1os.&nbsp;Es posible que estos y otros factores \u2014incluyendo t\u00e1cticas policiales <a href=\"https:\/\/es.insightcrime.org\/noticias\/analisis\/grupo-elite-policia-salvador-involucrado-ejecuciones-extrajudiciales-informe\/\">abusivas<\/a>&nbsp;y el&nbsp;<a href=\"https:\/\/es.insightcrime.org\/noticias\/analisis\/el-salvador-delgada-linea-separa-policia-comunitaria-autodefensas\/\">vigilantismo<\/a>\u2014 est\u00e9n contribuyendo a la inseguridad y a la baja calificaci\u00f3n del pa\u00eds en t\u00e9rminos de ley y orden aun cuando exhiba reducciones en su tasa de homicidios.<\/p>\n","protected":false},"excerpt":{"rendered":"<p>Por casi una d\u00e9cada consecutiva, las respuestas a una encuesta anual de ciudadanos de Latinoam\u00e9rica y El Caribe manifiestan de manera consistente que se sienten menos seguros que sus hom\u00f3logos de cualquier otra regi\u00f3n del mundo, lo que pone de relieve la complejidad de la situaci\u00f3n de seguridad en la regi\u00f3n y los desaf\u00edos que enfrenta en sus intentos por mejorarla.<\/p>\n","protected":false},"author":90,"featured_media":85449,"comment_status":"closed","ping_status":"closed","sticky":false,"template":"","format":"standard","meta":{"newspack_ads_suppress_ads":false,"newspack_popups_has_disabled_popups":false,"newspack_sponsor_sponsorship_scope":"","newspack_sponsor_native_byline_display":"inherit","newspack_sponsor_native_category_display":"inherit","newspack_sponsor_underwriter_style":"inherit","newspack_sponsor_underwriter_placement":"inherit","_EventAllDay":false,"_EventTimezone":"","_EventStartDate":"","_EventEndDate":"","_EventStartDateUTC":"","_EventEndDateUTC":"","_EventShowMap":false,"_EventShowMapLink":false,"_EventURL":"","_EventCost":"","_EventCostDescription":"","_EventCurrencySymbol":"","_EventCurrencyCode":"","_EventCurrencyPosition":"","_EventDateTimeSeparator":"","_EventTimeRangeSeparator":"","_EventOrganizerID":[],"_EventVenueID":[],"_OrganizerEmail":"","_OrganizerPhone":"","_OrganizerWebsite":"","_VenueAddress":"","_VenueCity":"","_VenueCountry":"","_VenueProvince":"","_VenueState":"","_VenueZip":"","_VenuePhone":"","_VenueURL":"","_VenueStateProvince":"","_VenueLat":"","_VenueLng":"","_VenueShowMap":false,"_VenueShowMapLink":false,"_newspack_byline_active":false,"_newspack_byline":"","newspack_hide_updated_date":false,"newspack_show_updated_date":false,"newspack_featured_image_position":"","newspack_post_subtitle":"","newspack_article_summary_title":"Overview:","newspack_article_summary":"","_jetpack_memberships_contains_paid_content":false,"footnotes":""},"categories":[334],"tags":[1540,452,398,400],"newspack_spnsrs_tax":[],"coauthors":[4065],"class_list":["post-85494","post","type-post","status-publish","format-standard","has-post-thumbnail","hentry","category-noticias-del-dia","tag-el-salvador-pais","tag-homicidios","tag-honduras-pais","tag-venezuela-pais","entry"],"parsely":{"version":"1.1.0","canonical_url":"https:\/\/insightcrime.org\/es\/noticias\/noticias-del-dia\/ciudadanos-latinoamericanos-declaran-sentirse-menos-seguros-por-noveno-ano-consecutivo\/","smart_links":{"inbound":0,"outbound":0},"traffic_boost_suggestions_count":0,"meta":{"@context":"https:\/\/schema.org","@type":"NewsArticle","headline":"Ciudadanos latinoamericanos declaran sentirse menos seguros por noveno a\u00f1o consecutivo","url":"http:\/\/insightcrime.org\/es\/noticias\/noticias-del-dia\/ciudadanos-latinoamericanos-declaran-sentirse-menos-seguros-por-noveno-ano-consecutivo\/","mainEntityOfPage":{"@type":"WebPage","@id":"http:\/\/insightcrime.org\/es\/noticias\/noticias-del-dia\/ciudadanos-latinoamericanos-declaran-sentirse-menos-seguros-por-noveno-ano-consecutivo\/"},"thumbnailUrl":"https:\/\/i0.wp.com\/insightcrime.org\/wp-content\/uploads\/2018\/06\/18-06-08-LatAm-Gallup.jpg?resize=150%2C150&quality=100&ssl=1","image":{"@type":"ImageObject","url":"https:\/\/i0.wp.com\/insightcrime.org\/wp-content\/uploads\/2018\/06\/18-06-08-LatAm-Gallup.jpg?fit=350%2C250&quality=100&ssl=1"},"articleSection":"Noticias del d\u00eda","author":[{"@type":"Person","name":"Parker Asmann"}],"creator":["Parker Asmann"],"publisher":{"@type":"Organization","name":"InSight Crime","logo":"https:\/\/insightcrime.org\/wp-content\/uploads\/2023\/08\/logo.png"},"keywords":["el salvador","homicidios","honduras","venezuela"],"dateCreated":"2018-06-08T15:31:50Z","datePublished":"2018-06-08T15:31:50Z","dateModified":"2023-09-29T19:48:23Z"},"rendered":"<meta name=\"parsely-title\" content=\"Ciudadanos latinoamericanos declaran sentirse menos seguros por noveno a\u00f1o consecutivo\" \/>\n<meta name=\"parsely-link\" content=\"http:\/\/insightcrime.org\/es\/noticias\/noticias-del-dia\/ciudadanos-latinoamericanos-declaran-sentirse-menos-seguros-por-noveno-ano-consecutivo\/\" \/>\n<meta name=\"parsely-type\" content=\"post\" \/>\n<meta name=\"parsely-image-url\" content=\"https:\/\/i0.wp.com\/insightcrime.org\/wp-content\/uploads\/2018\/06\/18-06-08-LatAm-Gallup.jpg?resize=150%2C150&amp;quality=100&amp;ssl=1\" \/>\n<meta name=\"parsely-pub-date\" content=\"2018-06-08T15:31:50Z\" \/>\n<meta name=\"parsely-section\" content=\"Noticias del d\u00eda\" \/>\n<meta name=\"parsely-tags\" content=\"el salvador,homicidios,honduras,venezuela\" \/>\n<meta name=\"parsely-author\" content=\"Parker Asmann\" \/>","tracker_url":"https:\/\/cdn.parsely.com\/keys\/insightcrime.org\/p.js"},"jetpack_sharing_enabled":true,"jetpack-related-posts":[{"id":247885,"url":"https:\/\/insightcrime.org\/es\/noticias\/conclusiones-indice-gallup-seguridad-publica-2022\/","url_meta":{"origin":85494,"position":0},"title":"3 conclusiones del informe Gallup sobre seguridad p\u00fablica 2023","author":"Liza Schmidt","date":"28 de noviembre de 2023","format":false,"excerpt":"Despu\u00e9s de a\u00f1os como la regi\u00f3n peor clasificada del mundo, finalmente la percepci\u00f3n p\u00fablica sobre seguridad en Latinoam\u00e9rica y el Caribe ha mostrado mejor\u00edas, seg\u00fan una encuesta global que se realiza anualmente.","rel":"","context":"En \u00abNoticias\u00bb","block_context":{"text":"Noticias","link":"https:\/\/insightcrime.org\/es\/category\/noticias\/"},"img":{"alt_text":"Ecuadorian police in full gear. ","src":"https:\/\/i0.wp.com\/insightcrime.org\/wp-content\/uploads\/2023\/11\/ecuador-police-action-security-policy-ecuador-times.jpeg?fit=350%2C250&quality=100&ssl=1&resize=350%2C200","width":350,"height":200},"classes":[]},{"id":293793,"url":"https:\/\/insightcrime.org\/es\/noticias\/el-salvador-encabeza-encuesta-percepcion-seguridad-mientras-chile-ecuador-descienden\/","url_meta":{"origin":85494,"position":1},"title":"El Salvador encabeza encuesta sobre percepci\u00f3n de seguridad, mientras Chile y Ecuador descienden","author":"Mario Saiz","date":"1 de octubre de 2024","format":false,"excerpt":"Am\u00e9rica Latina y el Caribe contin\u00faan siendo las regiones con peor percepci\u00f3n de seguridad seg\u00fan el informe Gallup 2024, sin embargo la regi\u00f3n mantiene la tendencia a la mejor\u00eda desde hace 3 a\u00f1os.\u00a0","rel":"","context":"En \u00abNoticias\u00bb","block_context":{"text":"Noticias","link":"https:\/\/insightcrime.org\/es\/category\/noticias\/"},"img":{"alt_text":"Members of the Chilean Investigative Police make arrest in 2019- Miembros de la Polic\u00eda de Investigaciones de Chile realizan arresto en 2019.","src":"https:\/\/i0.wp.com\/insightcrime.org\/wp-content\/uploads\/2024\/10\/El-Pais-PDI-arresto-Chile-1.jpg?fit=350%2C250&quality=100&ssl=1&resize=350%2C200","width":350,"height":200},"classes":[]},{"id":262542,"url":"https:\/\/insightcrime.org\/es\/noticias\/crisis-de-seguridad-radicaliza-a-la-opinion-publica-en-chile\/","url_meta":{"origin":85494,"position":2},"title":"\u2018Crisis de seguridad\u2019 radicaliza a la opini\u00f3n p\u00fablica en Chile","author":"Beatriz Vicent Fern\u00e1ndez","date":"8 de diciembre de 2023","format":false,"excerpt":"Una creciente percepci\u00f3n de inseguridad en Chile est\u00e1 orientando a la opini\u00f3n p\u00fablica hacia el respaldo de pol\u00edticas de \u201cmano dura\u201d y una postura m\u00e1s fuerte frente a la migraci\u00f3n, seg\u00fan revelan diversas encuestas realizadas en el pa\u00eds. La percepci\u00f3n del aumento de la delincuencia alcanz\u00f3 un r\u00e9cord hist\u00f3rico en\u2026","rel":"","context":"En \u00abChile\u00bb","block_context":{"text":"Chile","link":"https:\/\/insightcrime.org\/es\/category\/noticias-crimen-organizado-chile\/"},"img":{"alt_text":"","src":"https:\/\/i0.wp.com\/insightcrime.org\/wp-content\/uploads\/2023\/12\/articuloChile.jpg?fit=350%2C233&quality=100&ssl=1&resize=350%2C200","width":350,"height":200},"classes":[]},{"id":264203,"url":"https:\/\/insightcrime.org\/es\/noticias\/senalan-crimen-organizado-mitad-homicidios-latinoamerica\/","url_meta":{"origin":85494,"position":3},"title":"Crimen organizado causa la mitad de los homicidios en Latinoam\u00e9rica","author":"Dario Migliorini","date":"22 de diciembre de 2023","format":false,"excerpt":"El crimen organizado responde al menos por la mitad de los homicidios en Latinoam\u00e9rica y el Caribe, y la regi\u00f3n ostenta la tasa de homicidios regional m\u00e1s alta del mundo, seg\u00fan un reciente estudio.","rel":"","context":"En \u00abNoticias\u00bb","block_context":{"text":"Noticias","link":"https:\/\/insightcrime.org\/es\/category\/noticias\/"},"img":{"alt_text":"Estados de excepci\u00f3n no son una f\u00f3rmula infalible para controlar los homicidios causados por el crimen organizado en Latinoam\u00e9rica","src":"https:\/\/i0.wp.com\/insightcrime.org\/wp-content\/uploads\/2023\/12\/Jamaica-State-of-emergency-Homicides-Reuters.jpg?fit=350%2C250&quality=100&ssl=1&resize=350%2C200","width":350,"height":200},"classes":[]},{"id":205309,"url":"https:\/\/insightcrime.org\/es\/noticias\/salvaje-oeste-digital-latinoamerica-lios-criptodelincuencia\/","url_meta":{"origin":85494,"position":4},"title":"El salvaje Oeste digital: Latinoam\u00e9rica en l\u00edos por la criptodelincuencia","author":"Scott Mistler-Ferguson","date":"23 de noviembre de 2022","format":false,"excerpt":"La falta de regulaci\u00f3n en torno al uso de las criptomonedas por parte del crimen organizado deja a los pa\u00edses de Latinoam\u00e9rica y el Caribe peligrosamente expuestos, seg\u00fan se\u00f1ala un reciente informe.","rel":"","context":"En \u00abNoticias\u00bb","block_context":{"text":"Noticias","link":"https:\/\/insightcrime.org\/es\/category\/noticias\/"},"img":{"alt_text":"R\u00e9plica dorada de criptomoneda bitc\u00f3in en la tarjeta madre de un computador. El archivo fue limpiado y retocado.","src":"https:\/\/i0.wp.com\/insightcrime.org\/wp-content\/uploads\/2022\/11\/cryptocurrency-1.jpeg?fit=350%2C250&quality=100&ssl=1&resize=350%2C200","width":350,"height":200},"classes":[]},{"id":214462,"url":"https:\/\/insightcrime.org\/es\/noticias\/chile-amplia-facultades-policia-deterioro-seguridad\/","url_meta":{"origin":85494,"position":5},"title":"Chile ampl\u00eda facultades de la polic\u00eda frente a deterioro de la seguridad","author":"Gavin Voss","date":"18 de abril de 2023","format":false,"excerpt":"Chile ha dado mayor margen de maniobra a la polic\u00eda para el uso de fuerza contra sospechosos de delitos, pero es improbable que la acelerada respuesta a una ola de ataques mortales contra las fuerzas de seguridad pueda resolver las causas de los problemas de seguridad en el pa\u00eds.","rel":"","context":"En \u00abNoticias\u00bb","block_context":{"text":"Noticias","link":"https:\/\/insightcrime.org\/es\/category\/noticias\/"},"img":{"alt_text":"Dos miembros de la polic\u00eda militarizada de Chile, conocidos como Carabineros","src":"https:\/\/i0.wp.com\/insightcrime.org\/wp-content\/uploads\/2023\/04\/115574737_gettyimages-1029014500-1-1.jpg?fit=350%2C250&quality=100&ssl=1&resize=350%2C200","width":350,"height":200},"classes":[]}],"jetpack_featured_media_url":"https:\/\/i0.wp.com\/insightcrime.org\/wp-content\/uploads\/2018\/06\/18-06-08-LatAm-Gallup.jpg?fit=350%2C250&quality=100&ssl=1","_links":{"self":[{"href":"https:\/\/insightcrime.org\/es\/wp-json\/wp\/v2\/posts\/85494","targetHints":{"allow":["GET"]}}],"collection":[{"href":"https:\/\/insightcrime.org\/es\/wp-json\/wp\/v2\/posts"}],"about":[{"href":"https:\/\/insightcrime.org\/es\/wp-json\/wp\/v2\/types\/post"}],"author":[{"embeddable":true,"href":"https:\/\/insightcrime.org\/es\/wp-json\/wp\/v2\/users\/90"}],"replies":[{"embeddable":true,"href":"https:\/\/insightcrime.org\/es\/wp-json\/wp\/v2\/comments?post=85494"}],"version-history":[{"count":5,"href":"https:\/\/insightcrime.org\/es\/wp-json\/wp\/v2\/posts\/85494\/revisions"}],"predecessor-version":[{"id":236112,"href":"https:\/\/insightcrime.org\/es\/wp-json\/wp\/v2\/posts\/85494\/revisions\/236112"}],"wp:featuredmedia":[{"embeddable":true,"href":"https:\/\/insightcrime.org\/es\/wp-json\/wp\/v2\/media\/85449"}],"wp:attachment":[{"href":"https:\/\/insightcrime.org\/es\/wp-json\/wp\/v2\/media?parent=85494"}],"wp:term":[{"taxonomy":"category","embeddable":true,"href":"https:\/\/insightcrime.org\/es\/wp-json\/wp\/v2\/categories?post=85494"},{"taxonomy":"post_tag","embeddable":true,"href":"https:\/\/insightcrime.org\/es\/wp-json\/wp\/v2\/tags?post=85494"},{"taxonomy":"newspack_spnsrs_tax","embeddable":true,"href":"https:\/\/insightcrime.org\/es\/wp-json\/wp\/v2\/newspack_spnsrs_tax?post=85494"},{"taxonomy":"author","embeddable":true,"href":"https:\/\/insightcrime.org\/es\/wp-json\/wp\/v2\/coauthors?post=85494"}],"curies":[{"name":"wp","href":"https:\/\/api.w.org\/{rel}","templated":true}]}}