{"id":86445,"date":"2018-07-02T14:12:27","date_gmt":"2018-07-02T19:12:27","guid":{"rendered":"https:\/\/insightcrime.org\/?p=86445"},"modified":"2021-02-03T11:54:52","modified_gmt":"2021-02-03T16:54:52","slug":"3-preguntas-complejas-sobre-la-politica-de-seguridad-de-mexico-en-el-gobierno-de-lopez-obrador","status":"publish","type":"post","link":"https:\/\/insightcrime.org\/es\/noticias\/3-preguntas-complejas-sobre-la-politica-de-seguridad-de-mexico-en-el-gobierno-de-lopez-obrador\/","title":{"rendered":"3 preguntas complejas sobre la pol\u00edtica de seguridad de M\u00e9xico en el gobierno de L\u00f3pez Obrador"},"content":{"rendered":"\n<p class=\"wp-block-paragraph\">Los votantes de M\u00e9xico eligieron a un nuevo presidente que ha prometido limpiar un gobierno infestado de corrupci\u00f3n y alejar al pa\u00eds de una estrategia de militarizaci\u00f3n muy arraigada en la lucha contra el crimen organizado. Pero, \u00bfpodr\u00e1 su administraci\u00f3n alcanzar estas loables metas?<\/p>\n\n\n\n<p class=\"wp-block-paragraph\">El candidato de izquierda Andr\u00e9s Manuel L\u00f3pez Obrador, ampliamente conocido como \u201cAMLO\u201d,&nbsp;<a href=\"https:\/\/www.ine.mx\/ConteoRapido\/docs\/Conteo_Rapido_2018_Presidencia.pdf\">obtuvo<\/a>&nbsp;53 por ciento de los votos en las elecciones del 1 de julio en M\u00e9xico \u2014cerca de 30 por ciento por encima del candidato que qued\u00f3 en segundo lugar, Ricardo Anaya, del Partido Acci\u00f3n Nacional (PAN).<\/p>\n\n\n\n<p class=\"wp-block-paragraph\">En una muestra de fuerte rechazo a los fallidos intentos de la administraci\u00f3n saliente por poner freno al crimen y la violencia, Jos\u00e9 Antonio Meade, candidato del partido de gobierno, el Partido Revolucionario Institucional (PRI), logr\u00f3 menos de 20 por ciento de la votaci\u00f3n.<\/p>\n\n\n\n<p class=\"wp-block-paragraph\"><span style=\"color: #800000;\"><strong>VEA TAMBI\u00c9N:<\/strong><\/span> <a href=\"https:\/\/es.insightcrime.org\/noticias-sobre-crimen-organizado-en-mexico\/\">&nbsp;Noticias y perfiles de M\u00e9xico<\/a><\/p>\n\n\n\n<p class=\"wp-block-paragraph\">Aunque L\u00f3pez Obrador ha propuesto un cambio en la pol\u00edtica de seguridad, a\u00fan no es claro c\u00f3mo se configurar\u00e1 su estrategia en un escenario caracterizado por <a href=\"https:\/\/es.insightcrime.org\/noticias\/noticias-del-dia\/mexico-mantiene-militarizacion-mientras-registra-ano-mas-letal\/\">niveles r\u00e9cord<\/a>&nbsp;de violencia y un hampa <a href=\"https:\/\/es.insightcrime.org\/noticias\/noticias-del-dia\/mexico-va-tras-grandes-capos-droga-paisaje-criminal-cada-vez-mas-fragmentado\/\">cada vez m\u00e1s fragmentada<\/a>.<\/p>\n\n\n\n<p class=\"wp-block-paragraph\">A continuaci\u00f3n presentamos tres preguntas sobre la pol\u00edtica de seguridad de L\u00f3pez Obrador antes de que tome posesi\u00f3n del cargo, en diciembre pr\u00f3ximo.<\/p>\n\n\n\n<h3 class=\"wp-block-heading\">\u00bfPuede erradicar la corrupci\u00f3n?<\/h3>\n\n\n\n<p class=\"wp-block-paragraph\">A lo largo de su campa\u00f1a y en su <a href=\"https:\/\/www.youtube.com\/watch?time_continue=17&amp;v=R77Sa2srGUg\">discurso de victoria<\/a>, L\u00f3pez Obrador recalc\u00f3 la importancia de atacar la corrupci\u00f3n y la impunidad generalizadas.<\/p>\n\n\n\n<p class=\"wp-block-paragraph\">De hecho,&nbsp;un estudio realizado en 2017 por la Universidad de las Am\u00e9ricas Puebla clasific\u00f3 a M\u00e9xico como el pa\u00eds con <a href=\"https:\/\/es.insightcrime.org\/noticias\/noticias-del-dia\/malas-calificaciones-latinoamerica-nuevo-indice-global-impunidad\/\">los m\u00e1s altos \u00edndices de impunidad<\/a>&nbsp;en Latinoam\u00e9rica, y la <a href=\"https:\/\/es.insightcrime.org\/noticias\/noticias-del-dia\/exgobernadores-mexico-acusados-corrupcion\/\">corrupci\u00f3n pol\u00edtica<\/a>&nbsp;sist\u00e9mica ha exacerbado el crimen y la violencia en todo el pa\u00eds.<\/p>\n\n\n\n<p class=\"wp-block-paragraph\">Seg\u00fan Eric Olson, director del programa latinoamericano del Centro Woodrow Wilson, estos \u201cprofundos problemas institucionales\u201d deben abordarse con \u201cpasos claros y concretos\u201d.<\/p>\n\n\n\n<p class=\"wp-block-paragraph\">Mike Vigil, exjefe de Operaciones Internacionales de la Administraci\u00f3n para el Control de Drogas (DEA, por sus iniciales en ingl\u00e9s), se\u00f1al\u00f3 a InSight Crime que L\u00f3pez Obrador tendr\u00e1 que \u201creconstruir por completo el sistema de justicia, porque en este momento se encuentra en una condici\u00f3n muy d\u00e9bil\u201d.<\/p>\n\n\n\n<p class=\"wp-block-paragraph\">Sin embargo, el intenso \u00e9nfasis ret\u00f3rico de L\u00f3pez Obrador&nbsp; en estos temas a\u00fan no se ajusta a propuestas de pol\u00edtica espec\u00edficas que indiquen c\u00f3mo tratarlos.<\/p>\n\n\n\n<p class=\"wp-block-paragraph\">Varios expertos han apuntado a algunas posibles soluciones, como la <a href=\"https:\/\/es.insightcrime.org\/noticias\/analisis\/implementacion-reforma-anticorrupcion-mexico-sin-concretarse\/\">implementaci\u00f3n plena<\/a> de una reforma legal promulgada en 2016 que establec\u00eda las bases para un organismo de veedur\u00eda ciudadana nombrado por el senado, y la creaci\u00f3n de una procuradur\u00eda general <a href=\"https:\/\/es.insightcrime.org\/noticias\/noticias-del-dia\/procurador-general-mexico-renuncia-medio-mayor-presion-para-combatir-corrupcion\/\">verdaderamente aut\u00f3noma<\/a>.<\/p>\n\n\n\n<p class=\"wp-block-paragraph\">La arrolladora victoria de L\u00f3pez Obrador le da un fuerte mandato para promover propuestas como esas. Los primeros meses despu\u00e9s de su posesi\u00f3n en diciembre ser\u00e1n una prueba crucial para saber si puede traducir el impulso pol\u00edtico inicial en acciones concretas.<\/p>\n\n\n\n<h3 class=\"wp-block-heading\">\u00bfPuede abandonar la militarizaci\u00f3n?<\/h3>\n\n\n\n<p class=\"wp-block-paragraph\">Por m\u00e1s de <a href=\"https:\/\/es.insightcrime.org\/noticias\/analisis\/guerra-mexico-contra-crimen-decada-fracasos-militarizados\/\">una d\u00e9cada<\/a>, M\u00e9xico ha seguido una estrategia militar frente al crimen que puede haber dejado el pa\u00eds peor que al comienzo de la \u201cguerra\u201d. Pese a <a href=\"https:\/\/es.insightcrime.org\/noticias\/noticias-del-dia\/uso-ejercito-guerra-contra-drogas-erroneo-dice-general-mexicano\/\">advertencias<\/a>&nbsp;repetidas de altos oficiales del ej\u00e9rcito y de expertos independientes sobre las deficiencias de esta estrategia, el a\u00f1o pasado los legisladores <a href=\"https:\/\/es.insightcrime.org\/noticias\/noticias-del-dia\/mexico-da-pasos-hacia-consolidacion-rol-ejercito-como-agente-lucha-contra-crimen\/\">avanzaron para legislar sobre<\/a>&nbsp;la participaci\u00f3n del ej\u00e9rcito en la lucha contra el crimen organizado.<\/p>\n\n\n\n<p class=\"wp-block-paragraph\">En contraposici\u00f3n con eso, L\u00f3pez Obrador ha prometido <a href=\"https:\/\/es.insightcrime.org\/noticias\/analisis\/elecciones-en-mexico-propuestas-de-los-candidatos-en-materia-de-seguridad-carecen-de-sustento\/\">retirar paulatinamente<\/a> la militarizaci\u00f3n. Pero, una vez m\u00e1s, esta visi\u00f3n de cambio total carece de un plan coherente para su realizaci\u00f3n.<\/p>\n\n\n\n<p class=\"wp-block-paragraph\">\u201cNadie cuestiona su deseo o su prop\u00f3sito de devolver al ej\u00e9rcito a sus cuarteles, pero ha sido dif\u00edcil poner en acci\u00f3n un plan de transici\u00f3n real\u201d, dijo Olson a InSight Crime.<\/p>\n\n\n\n<p class=\"wp-block-paragraph\">Olson a\u00f1adi\u00f3 que no es raro que los candidatos presidenciales sean vagos sobre sus pol\u00edticas en un inicio. Y es probable que L\u00f3pez Obrador cuente con el apoyo pol\u00edtico de otros candidatos de su partido pol\u00edtico, el Movimiento Regeneraci\u00f3n Nacional (MORENA), que <a href=\"https:\/\/www.animalpolitico.com\/2018\/07\/morena-logra-5-de-9-gubernaturas-pri-pierde\/\">lograron el control<\/a>&nbsp;de varias gobernaciones importantes, as\u00ed como del gobierno de Ciudad de M\u00e9xico.<\/p>\n\n\n\n<p class=\"wp-block-paragraph\">Pero, &nbsp;de nuevo, no ser\u00e1 f\u00e1cil separarse de una estrategia tan profundamente arraigada, y requerir\u00e1 un plan de acci\u00f3n detallado para reforzar las instituciones civiles para llenar los vac\u00edos dejados por el ej\u00e9rcito si debe retirarse de su actual funci\u00f3n de lucha contra el crimen y cu\u00e1ndo hacerlo.<\/p>\n\n\n\n<h3 class=\"wp-block-heading\">\u00bfPuede enderezar las relaciones con Estados Unidos?<\/h3>\n\n\n\n<p class=\"wp-block-paragraph\">L\u00f3pez Obrador ha expresado el deseo de trabajar con Estados Unidos en varios aspectos, incluida la seguridad. Y en un <a href=\"https:\/\/twitter.com\/realDonaldTrump\/status\/1013618640061595648\">tuit<\/a> en el que felicitaba a L\u00f3pez Obrador por su victoria, el presidente estadounidense Donald Trump hizo eco de esa posici\u00f3n.<\/p>\n\n\n\n<p class=\"wp-block-paragraph\">Sin embargo, el compromiso de L\u00f3pez Obrador de sacar al ej\u00e9rcito de la lucha contra el crimen, as\u00ed como sus duras cr\u00edticas hacia el susceptible Trump, plantea preguntas sobre si el presidente electo de M\u00e9xico podr\u00e1 componer las tambaleantes relaciones con el vecino pa\u00eds del norte.<\/p>\n\n\n\n<p class=\"wp-block-paragraph\"><span style=\"color: #800000;\"><strong>VEA TAMBI\u00c9N:<\/strong><\/span> <a href=\"https:\/\/insightcrime.org\/es\/tag\/frontera-eumexico-es\/\">Cobertura sobre Frontera EU\/M\u00e9xico<\/a><\/p>\n\n\n\n<p class=\"wp-block-paragraph\">Vigil se\u00f1al\u00f3 a InSight Crime que las diferencias entre la ret\u00f3rica progresista de L\u00f3pez Obrador y la perspectiva de Trump con su \u201cPrimero Estados Unidos\u201d podr\u00edan intensificar, en lugar de minimizar, la tensi\u00f3n en la relaci\u00f3n bilateral.<\/p>\n\n\n\n<p class=\"wp-block-paragraph\">\u201cHay muchas fuerzas en M\u00e9xico que consideran que el problema de la droga es un problema estadounidense. Han perdido 200.000 personas y los ha afectado muy negativamente\u201d, observ\u00f3 Vigil.<\/p>\n\n\n\n<p class=\"wp-block-paragraph\">Sin embargo, Jaime L\u00f3pez, consultor de pol\u00edticas de seguridad y exagente de polic\u00eda mexicano, dijo a InSight Crime que es dif\u00edcil predecir con exactitud c\u00f3mo evolucionar\u00e1 la relaci\u00f3n una vez L\u00f3pez Obrador asuma el poder de manera efectiva.<\/p>\n\n\n\n<p class=\"wp-block-paragraph\">\u201cPasar\u00e1n meses antes de que \u00e9l y sus colaboradores desarrollen una comprensi\u00f3n sobre los desaf\u00edos espec\u00edficos que enfrentar\u00e1n y los recursos con los que cuentan\u201d, agreg\u00f3 L\u00f3pez.<\/p>\n","protected":false},"excerpt":{"rendered":"<p>Los votantes de M\u00e9xico eligieron a un nuevo presidente que ha prometido limpiar un gobierno infestado de corrupci\u00f3n y alejar al pa\u00eds de una estrategia de militarizaci\u00f3n muy arraigada en la lucha contra el crimen organizado. Pero, \u00bfpodr\u00e1 su administraci\u00f3n alcanzar estas loables metas?<\/p>\n","protected":false},"author":90,"featured_media":86931,"comment_status":"closed","ping_status":"closed","sticky":false,"template":"template-single-featured.php","format":"standard","meta":{"newspack_ads_suppress_ads":false,"newspack_popups_has_disabled_popups":false,"newspack_sponsor_sponsorship_scope":"","newspack_sponsor_native_byline_display":"inherit","newspack_sponsor_native_category_display":"inherit","newspack_sponsor_underwriter_style":"inherit","newspack_sponsor_underwriter_placement":"inherit","_EventAllDay":false,"_EventTimezone":"","_EventStartDate":"","_EventEndDate":"","_EventStartDateUTC":"","_EventEndDateUTC":"","_EventShowMap":false,"_EventShowMapLink":false,"_EventURL":"","_EventCost":"","_EventCostDescription":"","_EventCurrencySymbol":"","_EventCurrencyCode":"","_EventCurrencyPosition":"","_EventDateTimeSeparator":"","_EventTimeRangeSeparator":"","_EventOrganizerID":[],"_EventVenueID":[],"_OrganizerEmail":"","_OrganizerPhone":"","_OrganizerWebsite":"","_VenueAddress":"","_VenueCity":"","_VenueCountry":"","_VenueProvince":"","_VenueState":"","_VenueZip":"","_VenuePhone":"","_VenueURL":"","_VenueStateProvince":"","_VenueLat":"","_VenueLng":"","_VenueShowMap":false,"_VenueShowMapLink":false,"_newspack_byline_active":false,"_newspack_byline":"","newspack_hide_updated_date":false,"newspack_show_updated_date":false,"newspack_featured_image_position":"","newspack_post_subtitle":"","newspack_article_summary_title":"Overview:","newspack_article_summary":"","_jetpack_memberships_contains_paid_content":false,"footnotes":""},"categories":[759],"tags":[3387,2997,406,438],"newspack_spnsrs_tax":[],"coauthors":[4065],"class_list":["post-86445","post","type-post","status-publish","format-standard","has-post-thumbnail","hentry","category-noticias","tag-destacado","tag-frontera-eumexico-es","tag-mexico-pais","tag-politicas-de-seguridad","entry"],"parsely":{"version":"1.1.0","canonical_url":"https:\/\/insightcrime.org\/es\/noticias\/3-preguntas-complejas-sobre-la-politica-de-seguridad-de-mexico-en-el-gobierno-de-lopez-obrador\/","smart_links":{"inbound":0,"outbound":0},"traffic_boost_suggestions_count":0,"meta":{"@context":"https:\/\/schema.org","@type":"NewsArticle","headline":"3 preguntas complejas sobre la pol\u00edtica de seguridad de M\u00e9xico en el gobierno de L\u00f3pez Obrador","url":"http:\/\/insightcrime.org\/es\/noticias\/3-preguntas-complejas-sobre-la-politica-de-seguridad-de-mexico-en-el-gobierno-de-lopez-obrador\/","mainEntityOfPage":{"@type":"WebPage","@id":"http:\/\/insightcrime.org\/es\/noticias\/3-preguntas-complejas-sobre-la-politica-de-seguridad-de-mexico-en-el-gobierno-de-lopez-obrador\/"},"thumbnailUrl":"https:\/\/i0.wp.com\/insightcrime.org\/wp-content\/uploads\/2018\/07\/ap_18184683517906.jpg?resize=150%2C150&quality=100&ssl=1","image":{"@type":"ImageObject","url":"https:\/\/i0.wp.com\/insightcrime.org\/wp-content\/uploads\/2018\/07\/ap_18184683517906.jpg?fit=1123%2C646&quality=100&ssl=1"},"articleSection":"Noticias","author":[{"@type":"Person","name":"Parker Asmann"}],"creator":["Parker Asmann"],"publisher":{"@type":"Organization","name":"InSight Crime","logo":"https:\/\/insightcrime.org\/wp-content\/uploads\/2023\/08\/logo.png"},"keywords":["destacado","frontera eu\/m\u00e9xico","m\u00e9xico","pol\u00edticas de seguridad"],"dateCreated":"2018-07-02T19:12:27Z","datePublished":"2018-07-02T19:12:27Z","dateModified":"2021-02-03T16:54:52Z"},"rendered":"<meta name=\"parsely-title\" content=\"3 preguntas complejas sobre la pol\u00edtica de seguridad de M\u00e9xico en el gobierno de L\u00f3pez Obrador\" \/>\n<meta name=\"parsely-link\" content=\"http:\/\/insightcrime.org\/es\/noticias\/3-preguntas-complejas-sobre-la-politica-de-seguridad-de-mexico-en-el-gobierno-de-lopez-obrador\/\" \/>\n<meta name=\"parsely-type\" content=\"post\" \/>\n<meta name=\"parsely-image-url\" content=\"https:\/\/i0.wp.com\/insightcrime.org\/wp-content\/uploads\/2018\/07\/ap_18184683517906.jpg?resize=150%2C150&amp;quality=100&amp;ssl=1\" \/>\n<meta name=\"parsely-pub-date\" content=\"2018-07-02T19:12:27Z\" \/>\n<meta name=\"parsely-section\" content=\"Noticias\" \/>\n<meta name=\"parsely-tags\" content=\"destacado,frontera eu\/m\u00e9xico,m\u00e9xico,pol\u00edticas de seguridad\" \/>\n<meta name=\"parsely-author\" content=\"Parker Asmann\" \/>","tracker_url":"https:\/\/cdn.parsely.com\/keys\/insightcrime.org\/p.js"},"jetpack_sharing_enabled":true,"jetpack-related-posts":[{"id":124406,"url":"https:\/\/insightcrime.org\/es\/noticias\/eeuu-exige-mexico-redoblar-mano-dura-antinarcoticos\/","url_meta":{"origin":86445,"position":0},"title":"EE. UU. exige a M\u00e9xico redoblar estrategia de mano dura contra narc\u00f3ticos","author":"Parker Asmann","date":"23 de septiembre de 2020","format":false,"excerpt":"Estados Unidos est\u00e1 demandando a las autoridades mexicanas que intensifiquen la ofensiva frontal contra los grupos del crimen organizado del pa\u00eds, reforzando estrategias que no han producido mayores logros de seguridad a lo largo de los \u00faltimos 15 a\u00f1os.","rel":"","context":"En \u00abNoticias\u00bb","block_context":{"text":"Noticias","link":"https:\/\/insightcrime.org\/es\/category\/noticias\/"},"img":{"alt_text":"","src":"https:\/\/i0.wp.com\/insightcrime.org\/wp-content\/uploads\/2020\/09\/20-09-22-TrumpAMLO.jpg?fit=350%2C250&quality=100&ssl=1&resize=350%2C200","width":350,"height":200},"classes":[]},{"id":147366,"url":"https:\/\/insightcrime.org\/es\/noticias\/veracruz-estado-mas-peligroso-mexico-homicidios-politicos\/","url_meta":{"origin":86445,"position":1},"title":"Por qu\u00e9 Veracruz es el estado m\u00e1s peligroso de M\u00e9xico en homicidios de pol\u00edticos","author":"Max Radwin","date":"3 de junio de 2021","format":false,"excerpt":"Postularse a un cargo de elecci\u00f3n popular en M\u00e9xico es una actividad de alto riesgo. Para el 31 de mayo, una semana antes de las elecciones locales del 6 de junio, hab\u00edan sido asesinados al menos 89 candidatos pol\u00edticos durante la actual campa\u00f1a.","rel":"","context":"En \u00abNoticias\u00bb","block_context":{"text":"Noticias","link":"https:\/\/insightcrime.org\/es\/category\/noticias\/"},"img":{"alt_text":"","src":"https:\/\/i0.wp.com\/insightcrime.org\/wp-content\/uploads\/2021\/06\/Veracruz-politicians.jpg?fit=1200%2C690&quality=100&ssl=1&resize=350%2C200","width":350,"height":200,"srcset":"https:\/\/i0.wp.com\/insightcrime.org\/wp-content\/uploads\/2021\/06\/Veracruz-politicians.jpg?fit=1200%2C690&quality=100&ssl=1&resize=350%2C200 1x, https:\/\/i0.wp.com\/insightcrime.org\/wp-content\/uploads\/2021\/06\/Veracruz-politicians.jpg?fit=1200%2C690&quality=100&ssl=1&resize=525%2C300 1.5x, https:\/\/i0.wp.com\/insightcrime.org\/wp-content\/uploads\/2021\/06\/Veracruz-politicians.jpg?fit=1200%2C690&quality=100&ssl=1&resize=700%2C400 2x, https:\/\/i0.wp.com\/insightcrime.org\/wp-content\/uploads\/2021\/06\/Veracruz-politicians.jpg?fit=1200%2C690&quality=100&ssl=1&resize=1050%2C600 3x"},"classes":[]},{"id":147749,"url":"https:\/\/insightcrime.org\/es\/noticias\/porque-masiva-falta-cualificacion-guardia-nacional-mexico\/","url_meta":{"origin":86445,"position":2},"title":"Por qu\u00e9 la masiva falta de cualificaci\u00f3n de la Guardia Nacional de M\u00e9xico","author":"Alessandro Ford","date":"9 de junio de 2021","format":false,"excerpt":"M\u00e1s del 90 por ciento del personal activo en la Guardia Nacional de M\u00e9xico sigue sin certificar dos a\u00f1os despu\u00e9s de la creaci\u00f3n de ese organismo de seguridad, lo que se\u00f1ala el fracaso de una meta bandera del presidente mexicano Andr\u00e9s Manuel L\u00f3pez Obrador, quien defendi\u00f3 la creaci\u00f3n del nuevo\u2026","rel":"","context":"En \u00abNoticias\u00bb","block_context":{"text":"Noticias","link":"https:\/\/insightcrime.org\/es\/category\/noticias\/"},"img":{"alt_text":"","src":"https:\/\/i0.wp.com\/insightcrime.org\/wp-content\/uploads\/2021\/06\/7cbcc2b8c3e1d858abc349949f15547084cdf078-copy.jpeg?fit=350%2C250&quality=100&ssl=1&resize=350%2C200","width":350,"height":200},"classes":[]},{"id":129381,"url":"https:\/\/insightcrime.org\/es\/noticias\/mexico-exonera-a-exministro-de-defensa-y-acusa-a-estados-unidos-de-fabricar-cargos\/","url_meta":{"origin":86445,"position":3},"title":"M\u00e9xico exonera a exministro de Defensa y acusa a Estados Unidos de \u00abfabricar\u00bb cargos","author":"Parker Asmann","date":"15 de enero de 2021","format":false,"excerpt":"Autoridades de M\u00e9xico anunciaron que no levantar\u00e1n cargos criminales contra un exministro de Defensa acusado por fiscales estadounidenses de coludirse con grupos de crimen organizado para traficar drogas, y desestimaron el caso justo en un momento en que las relaciones en materia de seguridad entre ambos pa\u00edses est\u00e1n mostrando signos\u2026","rel":"","context":"En \u00abNoticias\u00bb","block_context":{"text":"Noticias","link":"https:\/\/insightcrime.org\/es\/category\/noticias\/"},"img":{"alt_text":"","src":"https:\/\/i0.wp.com\/insightcrime.org\/wp-content\/uploads\/2021\/01\/21-01-15-Mex-Cienfuegos-1.jpg?fit=350%2C250&quality=100&ssl=1&resize=350%2C200","width":350,"height":200},"classes":[]},{"id":311335,"url":"https:\/\/insightcrime.org\/es\/noticias\/elecciones-judiciales-agravaran-las-dificultades-para-combatir-el-crimen-organizado-en-mexico\/","url_meta":{"origin":86445,"position":4},"title":"\u00bfEmpeorar\u00e1n las elecciones judiciales en M\u00e9xico una situaci\u00f3n ya complicada?","author":"Parker Asmann","date":"30 de mayo de 2025","format":false,"excerpt":"Los votantes en M\u00e9xico acudir\u00e1n a las urnas para elegir a una nueva Suprema Corte y a cientos de jueces locales y federales, lo que genera interrogantes sobre c\u00f3mo este nuevo proceso podr\u00eda impactar en un sistema judicial que ya enfrenta dificultades para combatir a los grupos de crimen organizado.","rel":"","context":"En \u00abNoticias\u00bb","block_context":{"text":"Noticias","link":"https:\/\/insightcrime.org\/es\/category\/noticias\/"},"img":{"alt_text":"","src":"https:\/\/i0.wp.com\/insightcrime.org\/wp-content\/uploads\/2025\/05\/2025-05-29-Mexico-Judicial-Election.jpg?fit=350%2C250&quality=100&ssl=1&resize=350%2C200","width":350,"height":200},"classes":[]},{"id":127111,"url":"https:\/\/insightcrime.org\/es\/noticias\/arreglo-bajo-cuerda-pasa-sobre-cargos-de-drogas-en-ee-uu-contra-exsecretario-de-defensa-de-mexico\/","url_meta":{"origin":86445,"position":5},"title":"Arreglo bajo cuerda pasa sobre cargos de drogas en EE.UU. contra exsecretario de defensa de M\u00e9xico","author":"Parker Asmann","date":"18 de noviembre de 2020","format":false,"excerpt":"Las autoridades de M\u00e9xico se enfrentar\u00e1n a la hora de la verdad en materia de corrupci\u00f3n, luego de que el gobierno de Estados Unidos admitiera un explosivo arreglo para retirar los cargos federales por narcotr\u00e1fico que llevaron a la captura sin precedentes del exsecretario de defensa de ese pa\u00eds.","rel":"","context":"En \u00abNoticias\u00bb","block_context":{"text":"Noticias","link":"https:\/\/insightcrime.org\/es\/category\/noticias\/"},"img":{"alt_text":"","src":"https:\/\/i0.wp.com\/insightcrime.org\/wp-content\/uploads\/2020\/11\/20-11-17-Mexico-Cienfuegos2.jpg?fit=350%2C250&quality=100&ssl=1&resize=350%2C200","width":350,"height":200},"classes":[]}],"jetpack_featured_media_url":"https:\/\/i0.wp.com\/insightcrime.org\/wp-content\/uploads\/2018\/07\/ap_18184683517906.jpg?fit=1123%2C646&quality=100&ssl=1","_links":{"self":[{"href":"https:\/\/insightcrime.org\/es\/wp-json\/wp\/v2\/posts\/86445","targetHints":{"allow":["GET"]}}],"collection":[{"href":"https:\/\/insightcrime.org\/es\/wp-json\/wp\/v2\/posts"}],"about":[{"href":"https:\/\/insightcrime.org\/es\/wp-json\/wp\/v2\/types\/post"}],"author":[{"embeddable":true,"href":"https:\/\/insightcrime.org\/es\/wp-json\/wp\/v2\/users\/90"}],"replies":[{"embeddable":true,"href":"https:\/\/insightcrime.org\/es\/wp-json\/wp\/v2\/comments?post=86445"}],"version-history":[{"count":5,"href":"https:\/\/insightcrime.org\/es\/wp-json\/wp\/v2\/posts\/86445\/revisions"}],"predecessor-version":[{"id":132129,"href":"https:\/\/insightcrime.org\/es\/wp-json\/wp\/v2\/posts\/86445\/revisions\/132129"}],"wp:featuredmedia":[{"embeddable":true,"href":"https:\/\/insightcrime.org\/es\/wp-json\/wp\/v2\/media\/86931"}],"wp:attachment":[{"href":"https:\/\/insightcrime.org\/es\/wp-json\/wp\/v2\/media?parent=86445"}],"wp:term":[{"taxonomy":"category","embeddable":true,"href":"https:\/\/insightcrime.org\/es\/wp-json\/wp\/v2\/categories?post=86445"},{"taxonomy":"post_tag","embeddable":true,"href":"https:\/\/insightcrime.org\/es\/wp-json\/wp\/v2\/tags?post=86445"},{"taxonomy":"newspack_spnsrs_tax","embeddable":true,"href":"https:\/\/insightcrime.org\/es\/wp-json\/wp\/v2\/newspack_spnsrs_tax?post=86445"},{"taxonomy":"author","embeddable":true,"href":"https:\/\/insightcrime.org\/es\/wp-json\/wp\/v2\/coauthors?post=86445"}],"curies":[{"name":"wp","href":"https:\/\/api.w.org\/{rel}","templated":true}]}}