{"id":86950,"date":"2018-07-16T11:11:43","date_gmt":"2018-07-16T16:11:43","guid":{"rendered":"https:\/\/insightcrime.org\/?p=86950"},"modified":"2023-04-24T16:30:37","modified_gmt":"2023-04-24T21:30:37","slug":"plan-seguridad-ciudadana-el-salvador-problemas-reducir-inseguridad","status":"publish","type":"post","link":"https:\/\/insightcrime.org\/es\/noticias\/plan-seguridad-ciudadana-el-salvador-problemas-reducir-inseguridad\/","title":{"rendered":"Plan de seguridad ciudadana en El Salvador en problemas para reducir la inseguridad"},"content":{"rendered":"\n<p class=\"wp-block-paragraph\"><em>Tres a\u00f1os despu\u00e9s de la introducci\u00f3n de una publicitada iniciativa de seguridad ciudadana en El Salvador, representantes del gobierno afirman que el programa ha sido de gran ayuda en la reducci\u00f3n del crimen y la violencia. Pero aunque las tasas de homicidios en el pa\u00eds han bajado, otra evidencia indica que algunos factores importantes de criminalidad a\u00fan no han sido abordados.<\/em><\/p>\n\n\n\n<p class=\"wp-block-paragraph\">El 16 de julio de 2015, el Consejo Nacional de Seguridad Ciudadana de El Salvador <a href=\"https:\/\/insightcrime.org\/news\/brief\/el-salvador-launches-new-security-strategy\/\" target=\"_blank\" rel=\"noopener\">present\u00f3 oficialmente<\/a>&nbsp;su plan de 124 puntos <a href=\"http:\/\/www.presidencia.gob.sv\/wp-content\/uploads\/2015\/01\/El-Salvador-Seguro.pdf\" target=\"_blank\" rel=\"noopener\">El Salvador Seguro<\/a> (PESS).<\/p>\n\n\n\n<p class=\"wp-block-paragraph\">Los cinco objetivos principales de la iniciativa se centran en la prevenci\u00f3n del crimen y la violencia, la introducci\u00f3n de mejoras en el sistema de justicia penal, y la rehabilitaci\u00f3n y reintegraci\u00f3n de reclusos a la sociedad, la atenci\u00f3n y protecci\u00f3n de las v\u00edctimas, y el fortalecimiento de las instituciones responsables de la seguridad ciudadana.<\/p>\n\n\n\n<p class=\"wp-block-paragraph\"><span style=\"color: #800000;\"><strong>VEA TAMBI\u00c9N: <\/strong><\/span><a href=\"https:\/\/es.insightcrime.org\/noticias-sobre-crimen-organizado-en-el-salvador\/\">Noticias y perfiles de El Salvador<\/a><\/p>\n\n\n\n<p class=\"wp-block-paragraph\">Las autoridades salvadore\u00f1as afirman que el plan ha permitido reducir los homicidios y otros delitos, como la extorsi\u00f3n. En 2015, cuando se implement\u00f3 el programa, la tasa de homicidios en El Salvador llegaba a <a href=\"https:\/\/es.insightcrime.org\/noticias\/analisis\/balance-insight-crime-homicidios-latinoamerica-2015\/\" target=\"_blank\" rel=\"noopener\">103 por 100.000<\/a>&nbsp;habitantes, la m\u00e1s elevada de Latinoam\u00e9rica y El Caribe. Tras la implementaci\u00f3n del plan, la tasa de homicidios baj\u00f3 a unos 80 por 100.000&nbsp;<a href=\"https:\/\/es.insightcrime.org\/noticias\/analisis\/balance-insight-crime-sobre-homicidios-2016\/\" target=\"_blank\" rel=\"noopener\">en 2016<\/a>&nbsp;y a 60 por 100.000&nbsp;<a href=\"https:\/\/es.insightcrime.org\/noticias\/analisis\/balance-de-insight-crime-sobre-homicidios-en-latinoamerica-en-2017\/\">en 2017<\/a>.<\/p>\n\n\n\n<p class=\"wp-block-paragraph\">Hace poco en una <a href=\"https:\/\/verdaddigital.com\/index.php\/nacional\/25285-25285-impacto-de-plan-el-salvador-seguro-reduce-drasticamente-delincuencia-en-el-pais\" target=\"_blank\" rel=\"noopener\">entrevista<\/a>, el ministro de seguridad adjunto Ra\u00fal L\u00f3pez ponder\u00f3 el Plan El Salvador Seguro, diciendo que \u201clos datos hablan por s\u00ed solos\u201d. Y la embajadora estadounidense en El Salvador Jean Manes&nbsp;<a href=\"https:\/\/www.laprensagrafica.com\/departamento15\/Embajadora-de-EUA-en-El-Salvador-destaca-disminucion-en-migracion-por-Plan-El-Salvador-Seguro-20180626-0099.html\" target=\"_blank\" rel=\"noopener\">ha atribuido<\/a>&nbsp;al programa el cr\u00e9dito por la baja en el n\u00famero de salvadore\u00f1os que salen del pa\u00eds huyendo hacia Estados Unidos. (Su afirmaci\u00f3n parece contradecir un reciente <a href=\"http:\/\/www.unhcr.org\/5b27be547.pdf\" target=\"_blank\" rel=\"noopener\">informe<\/a>&nbsp;de las Naciones Unidas que muestra que el n\u00famero de solicitantes de asilo procedentes de El Salvador ha superado el 200 por ciento desde 2015).<\/p>\n\n\n\n<p class=\"wp-block-paragraph\">Al mismo tiempo, los cr\u00edticos se\u00f1alan que los 50 municipios que el plan cubri\u00f3 inicialmente se seleccionaron con base en <a href=\"http:\/\/www.especiales.eldiariodehoy.com\/2017\/12\/plan-el-salvador-seguro\/\" target=\"_blank\" rel=\"noopener\">criterios inv\u00e1lidos<\/a>, y que en realidad en algunas de esas \u00e1reas se han incrementado las tasas de criminalidad.<\/p>\n\n\n\n<p class=\"wp-block-paragraph\">El fiscal general Douglas Mel\u00e9ndez ha&nbsp;<a href=\"https:\/\/www.elsalvador.com\/noticias\/nacional\/479375\/crimen-aumenta-en-municipios-con-plan-el-salvador-seguro\/\" target=\"_blank\" rel=\"noopener\">admitido<\/a>&nbsp;este \u00faltimo punto. Pero en lugar de recomendar que se cambie el enfoque en la estrategia general dispuesta en el Plan El Salvador Seguro, Mel\u00e9ndez ha afirmado que el gobierno debe \u201cintervenir\u201d en los municipios asolados por la delincuencia y \u201cabordar el tema con fuerza\u201d.<\/p>\n\n\n\n<h3 class=\"wp-block-heading\"><span style=\"font-weight: 400;\">An\u00e1lisis de InSight Crime<\/span><\/h3>\n\n\n\n<p class=\"wp-block-paragraph\">Pese a que los representantes del gobierno afirmen que el Plan El Salvador Seguro ha arrojado buenos resultados, una mirada m\u00e1s atenta a la din\u00e1mica criminal y a otros indicadores sugiere que la importante reducci\u00f3n de la tasa nacional de homicidios y de otros delitos no dice toda la verdad.<\/p>\n\n\n\n<p class=\"wp-block-paragraph\">No hay que desconocer que la reducci\u00f3n de las tasas de muertes violentas en El Salvador es una evoluci\u00f3n positiva, si bien el pa\u00eds sigue siendo el m\u00e1s violento de la regi\u00f3n despu\u00e9s de Venezuela. Adem\u00e1s de eso, los salvadore\u00f1os se sienten m\u00e1s seguros; un informe reciente de la firma encuestadora Gallup hall\u00f3 una \u201c<a href=\"https:\/\/es.insightcrime.org\/noticias\/noticias-del-dia\/ciudadanos-latinoamericanos-declaran-sentirse-menos-seguros-por-noveno-ano-consecutivo\/\" target=\"_blank\" rel=\"noopener\">marcada mejora<\/a>\u201d en las percepciones de seguridad en el pa\u00eds.<\/p>\n\n\n\n<p class=\"wp-block-paragraph\">Pero el profesor de la Universidad Internacional de Florida Jos\u00e9 Miguel Cruz cuestion\u00f3 que esa mejora sea tan significativa como parece en la superficie. Cruz se\u00f1al\u00f3 a InSight Crime que el descenso en los \u00edndices de homicidios y extorsi\u00f3n puede ser m\u00e1s una se\u00f1al de mayor sofisticaci\u00f3n entre las pandillas del pa\u00eds, como respuesta a las <a href=\"https:\/\/es.insightcrime.org\/noticias\/noticias-del-dia\/el-salvador-extendera-hasta-2018-medidas-extraordinarias-contra-pandillas\/\" target=\"_blank\" rel=\"noopener\">medidas extraordinarias contra las pandillas<\/a>, m\u00e1s que un resultado del Plan El Salvador Seguro.<\/p>\n\n\n\n<p class=\"wp-block-paragraph\">\u201cLo que ha pasado es la consolidaci\u00f3n del control de las pandillas en muchos lugares y comunidades, la sofisticaci\u00f3n de las actividades delincuenciales de las pandillas, y el hecho de que estas bandas se han pasado cada vez m\u00e1s a otras actividades diferentes a la extorsi\u00f3n\u201d, coment\u00f3 Cruz, quien ha investigado el fen\u00f3meno de las pandillas en El Salvador.<\/p>\n\n\n\n<p class=\"wp-block-paragraph\">M\u00e1s all\u00e1 de las estad\u00edsticas, existen otras razones para mostrarse esc\u00e9pticos sobre las versiones de los funcionarios salvadore\u00f1os sobre el \u00e9xito del Plan El Salvador Seguro.<\/p>\n\n\n\n<p class=\"wp-block-paragraph\"><span style=\"font-weight: 400;\">Por ejemplo, dos de los objetivos principales del Plan El Salvador Seguro son fortalecer las fuerzas de seguridad y el sistema de justicia. Pero&nbsp;<\/span><a href=\"https:\/\/es.insightcrime.org\/noticias\/analisis\/grupo-elite-policia-salvador-involucrado-ejecuciones-extrajudiciales-informe\/\" target=\"_blank\" rel=\"noopener\"><span style=\"font-weight: 400;\">denuncias confiables<\/span><\/a>&nbsp;<span style=\"font-weight: 400;\">de&nbsp;<\/span><a href=\"https:\/\/es.insightcrime.org\/noticias\/analisis\/financiacion-eeuu-policias-abusivos-el-salvador-duda-escrutinio\/\" target=\"_blank\" rel=\"noopener\"><span style=\"font-weight: 400;\">tortura y ejecuciones extrajudiciales<\/span><\/a>&nbsp;<span style=\"font-weight: 400;\">a manos de polic\u00eda y ej\u00e9rcito indistintamente \u2014pocas de las cuales <\/span><a href=\"https:\/\/es.insightcrime.org\/noticias\/noticias-del-dia\/condena-policias-el-salvador-ejecuciones-no-aborda-causas-abusos\/\" target=\"_blank\" rel=\"noopener\"><span style=\"font-weight: 400;\">han sido penalizadas<\/span><\/a><span style=\"font-weight: 400;\">\u2014 indican que las fuerzas de seguridad siguen siendo abusivas y no responden por desmanes. M\u00e1s a\u00fan, la&nbsp;<\/span><span style=\"font-weight: 400;\"><a href=\"https:\/\/es.insightcrime.org\/noticias\/analisis\/representante-de-la-onu-el-salvador-debe-romper-el-ciclo-de-la-impunidad\/\" target=\"_blank\" rel=\"noopener\">impunidad generalizada<\/a>&nbsp;<\/span><span style=\"font-weight: 400;\">sigue siendo caracter\u00edstica del sistema de justicia para todo tipo de delitos.<\/span><\/p>\n\n\n\n<p class=\"wp-block-paragraph\"><span style=\"font-weight: 400;\"><span style=\"color: #800000;\"><strong>VEA TAMBI\u00c9N:<\/strong><\/span> <a href=\"https:\/\/insightcrime.org\/es\/tag\/politicas-de-seguridad\/\" target=\"_blank\" rel=\"noopener\">Cobertura sobre Pol\u00edticas de seguridad<\/a><\/span><\/p>\n\n\n\n<p class=\"wp-block-paragraph\"><span style=\"font-weight: 400;\">Cruz coment\u00f3 a InSight Crime que el limitado avance del Plan El Salvador Seguro se deriva de una falta de atenci\u00f3n adecuada a las causas de fondo del crimen y la violencia en el pa\u00eds, como la falta de acceso a la educaci\u00f3n y a oportunidades econ\u00f3micas leg\u00edtimas.<\/span><\/p>\n\n\n\n<p class=\"wp-block-paragraph\"><span style=\"font-weight: 400;\">Seg\u00fan Cruz, en lugar de orientarse exclusivamente a intentar mejorar las d\u00e9biles instituciones judiciales y de seguridad, el programa \u201clo que realmente necesita es invertir m\u00e1s y destinar mayores recursos en educaci\u00f3n y oportunidades de capacitaci\u00f3n para los j\u00f3venes, las comunidades de bajos recursos y en las zonas rurales\u201d.<\/span><\/p>\n\n\n\n<p class=\"wp-block-paragraph\"><span style=\"font-weight: 400;\">\u201cEl gran problema es que no hay una pol\u00edtica sensata de capacitaci\u00f3n, educaci\u00f3n o que brinde a la poblaci\u00f3n nuevas facultades que los hagan m\u00e1s competitivos en el actual mercado laboral\u201d, afirm\u00f3 Cruz a InSight Crime. \u201cSi eso no se hace, las pandillas seguir\u00e1n siendo la primera opci\u00f3n para muchos j\u00f3venes\u201d.<\/span><\/p>\n\n\n\n<p class=\"wp-block-paragraph\"><span style=\"font-weight: 400;\">Adem\u00e1s de eso, Cruz observ\u00f3 que el Plan El Salvador Seguro podr\u00eda beneficiarse de una evaluaci\u00f3n general para saber si el programa es efectivo, d\u00f3nde est\u00e1 funcionando y d\u00f3nde necesita mejoras.<\/span><\/p>\n\n\n\n<p class=\"wp-block-paragraph\"><span style=\"font-weight: 400;\">\u201cHasta donde s\u00e9 nadie ha hecho un examen cient\u00edfico del Plan El Salvador Seguro\u201d, se\u00f1al\u00f3 Cruz a InSight Crime. \u201cHemos visto una disminuci\u00f3n de los homicidios en los dos \u00faltimos a\u00f1os, mientras ha estado vigente el Plan El Salvador Seguro, pero en ausencia de datos reales que conecten ambos fen\u00f3menos, es muy dif\u00edcil saber si este [declive] es resultado del Plan El Salvador Seguro\u201d.<\/span><\/p>\n","protected":false},"excerpt":{"rendered":"<p>Tres a\u00f1os despu\u00e9s de la introducci\u00f3n de una publicitada iniciativa de seguridad ciudadana en El Salvador, representantes del gobierno afirman que el programa ha sido de gran ayuda en la reducci\u00f3n del crimen y la violencia. Pero aunque las tasas de homicidios en el pa\u00eds han bajado, otra evidencia indica que algunos factores importantes de criminalidad a\u00fan no han sido abordados.<\/p>\n<p>\n","protected":false},"author":90,"featured_media":86911,"comment_status":"closed","ping_status":"closed","sticky":false,"template":"","format":"standard","meta":{"newspack_ads_suppress_ads":false,"newspack_popups_has_disabled_popups":false,"newspack_sponsor_sponsorship_scope":"","newspack_sponsor_native_byline_display":"inherit","newspack_sponsor_native_category_display":"inherit","newspack_sponsor_underwriter_style":"inherit","newspack_sponsor_underwriter_placement":"inherit","_EventAllDay":false,"_EventTimezone":"","_EventStartDate":"","_EventEndDate":"","_EventStartDateUTC":"","_EventEndDateUTC":"","_EventShowMap":false,"_EventShowMapLink":false,"_EventURL":"","_EventCost":"","_EventCostDescription":"","_EventCurrencySymbol":"","_EventCurrencyCode":"","_EventCurrencyPosition":"","_EventDateTimeSeparator":"","_EventTimeRangeSeparator":"","_EventOrganizerID":[],"_EventVenueID":[],"_OrganizerEmail":"","_OrganizerPhone":"","_OrganizerWebsite":"","_VenueAddress":"","_VenueCity":"","_VenueCountry":"","_VenueProvince":"","_VenueState":"","_VenueZip":"","_VenuePhone":"","_VenueURL":"","_VenueStateProvince":"","_VenueLat":"","_VenueLng":"","_VenueShowMap":false,"_VenueShowMapLink":false,"_newspack_byline_active":false,"_newspack_byline":"","newspack_hide_updated_date":false,"newspack_show_updated_date":false,"newspack_featured_image_position":"","newspack_post_subtitle":"","newspack_article_summary_title":"Overview:","newspack_article_summary":"","_jetpack_memberships_contains_paid_content":false,"footnotes":""},"categories":[759],"tags":[1540,438,3474],"newspack_spnsrs_tax":[],"coauthors":[4065],"class_list":["post-86950","post","type-post","status-publish","format-standard","has-post-thumbnail","hentry","category-noticias","tag-el-salvador-pais","tag-politicas-de-seguridad","tag-triangulo-del-norte","entry"],"parsely":{"version":"1.1.0","canonical_url":"https:\/\/insightcrime.org\/es\/noticias\/plan-seguridad-ciudadana-el-salvador-problemas-reducir-inseguridad\/","smart_links":{"inbound":0,"outbound":0},"traffic_boost_suggestions_count":0,"meta":{"@context":"https:\/\/schema.org","@type":"NewsArticle","headline":"Plan de seguridad ciudadana en El Salvador en problemas para reducir la inseguridad","url":"http:\/\/insightcrime.org\/es\/noticias\/plan-seguridad-ciudadana-el-salvador-problemas-reducir-inseguridad\/","mainEntityOfPage":{"@type":"WebPage","@id":"http:\/\/insightcrime.org\/es\/noticias\/plan-seguridad-ciudadana-el-salvador-problemas-reducir-inseguridad\/"},"thumbnailUrl":"https:\/\/i0.wp.com\/insightcrime.org\/wp-content\/uploads\/2018\/07\/Ilustracion-El-Salvador-FINAL.jpg?resize=150%2C150&quality=100&ssl=1","image":{"@type":"ImageObject","url":"https:\/\/i0.wp.com\/insightcrime.org\/wp-content\/uploads\/2018\/07\/Ilustracion-El-Salvador-FINAL.jpg?fit=2048%2C1177&quality=100&ssl=1"},"articleSection":"Noticias","author":[{"@type":"Person","name":"Parker Asmann"}],"creator":["Parker Asmann"],"publisher":{"@type":"Organization","name":"InSight Crime","logo":"https:\/\/insightcrime.org\/wp-content\/uploads\/2023\/08\/logo.png"},"keywords":["el salvador","pol\u00edticas de seguridad","tri\u00e1ngulo del norte"],"dateCreated":"2018-07-16T16:11:43Z","datePublished":"2018-07-16T16:11:43Z","dateModified":"2023-04-24T21:30:37Z"},"rendered":"<meta name=\"parsely-title\" content=\"Plan de seguridad ciudadana en El Salvador en problemas para reducir la inseguridad\" \/>\n<meta name=\"parsely-link\" content=\"http:\/\/insightcrime.org\/es\/noticias\/plan-seguridad-ciudadana-el-salvador-problemas-reducir-inseguridad\/\" \/>\n<meta name=\"parsely-type\" content=\"post\" \/>\n<meta name=\"parsely-image-url\" content=\"https:\/\/i0.wp.com\/insightcrime.org\/wp-content\/uploads\/2018\/07\/Ilustracion-El-Salvador-FINAL.jpg?resize=150%2C150&amp;quality=100&amp;ssl=1\" \/>\n<meta name=\"parsely-pub-date\" content=\"2018-07-16T16:11:43Z\" \/>\n<meta name=\"parsely-section\" content=\"Noticias\" \/>\n<meta name=\"parsely-tags\" content=\"el salvador,pol\u00edticas de seguridad,tri\u00e1ngulo del norte\" \/>\n<meta name=\"parsely-author\" content=\"Parker Asmann\" \/>","tracker_url":"https:\/\/cdn.parsely.com\/keys\/insightcrime.org\/p.js"},"jetpack_sharing_enabled":true,"jetpack-related-posts":[{"id":247885,"url":"https:\/\/insightcrime.org\/es\/noticias\/conclusiones-indice-gallup-seguridad-publica-2022\/","url_meta":{"origin":86950,"position":0},"title":"3 conclusiones del informe Gallup sobre seguridad p\u00fablica 2023","author":"Liza Schmidt","date":"28 de noviembre de 2023","format":false,"excerpt":"Despu\u00e9s de a\u00f1os como la regi\u00f3n peor clasificada del mundo, finalmente la percepci\u00f3n p\u00fablica sobre seguridad en Latinoam\u00e9rica y el Caribe ha mostrado mejor\u00edas, seg\u00fan una encuesta global que se realiza anualmente.","rel":"","context":"En \u00abNoticias\u00bb","block_context":{"text":"Noticias","link":"https:\/\/insightcrime.org\/es\/category\/noticias\/"},"img":{"alt_text":"Ecuadorian police in full gear. ","src":"https:\/\/i0.wp.com\/insightcrime.org\/wp-content\/uploads\/2023\/11\/ecuador-police-action-security-policy-ecuador-times.jpeg?fit=350%2C250&quality=100&ssl=1&resize=350%2C200","width":350,"height":200},"classes":[]},{"id":249309,"url":"https:\/\/insightcrime.org\/es\/investigaciones\/camino-hacia-regimen-excepcion-el-salvador\/","url_meta":{"origin":86950,"position":1},"title":"El camino hacia el r\u00e9gimen de excepci\u00f3n en El Salvador","author":"Alex Papadovassilakis","date":"6 de diciembre de 2023","format":false,"excerpt":"El m\u00e1s reciente intento de hacer frente a las pandillas \u2014denominado \u201cguerra contra las pandillas\u201d por el presidente de El Salvador, Nayib Bukele\u2014 se ha materializado en otra feroz ofensiva de seguridad. Tras una atroz masacre perpetrada por las bandas en marzo de 2022, su gobierno decret\u00f3 el r\u00e9gimen de\u2026","rel":"","context":"En \u00abInvestigaciones\u00bb","block_context":{"text":"Investigaciones","link":"https:\/\/insightcrime.org\/es\/category\/investigaciones\/"},"img":{"alt_text":"","src":"https:\/\/i0.wp.com\/insightcrime.org\/wp-content\/uploads\/2023\/11\/El-Salvador-Cover-Cap-2-Dic-2023.jpg?fit=1200%2C576&quality=100&ssl=1&resize=350%2C200","width":350,"height":200,"srcset":"https:\/\/i0.wp.com\/insightcrime.org\/wp-content\/uploads\/2023\/11\/El-Salvador-Cover-Cap-2-Dic-2023.jpg?fit=1200%2C576&quality=100&ssl=1&resize=350%2C200 1x, https:\/\/i0.wp.com\/insightcrime.org\/wp-content\/uploads\/2023\/11\/El-Salvador-Cover-Cap-2-Dic-2023.jpg?fit=1200%2C576&quality=100&ssl=1&resize=525%2C300 1.5x, https:\/\/i0.wp.com\/insightcrime.org\/wp-content\/uploads\/2023\/11\/El-Salvador-Cover-Cap-2-Dic-2023.jpg?fit=1200%2C576&quality=100&ssl=1&resize=700%2C400 2x, https:\/\/i0.wp.com\/insightcrime.org\/wp-content\/uploads\/2023\/11\/El-Salvador-Cover-Cap-2-Dic-2023.jpg?fit=1200%2C576&quality=100&ssl=1&resize=1050%2C600 3x"},"classes":[]},{"id":294587,"url":"https:\/\/insightcrime.org\/es\/noticias\/gobiernos-latinoamericanos-siguen-apostando-estados-excepcion\/","url_meta":{"origin":86950,"position":2},"title":"\u00bfPor qu\u00e9 los gobiernos latinoamericanos siguen apostando por los estados de excepci\u00f3n?","author":"Deborah Bonello","date":"15 de octubre de 2024","format":false,"excerpt":"Varios pa\u00edses latinoamericanos han apostado recientemente por declarar o prolongar estados de excepci\u00f3n destinados a combatir el crimen organizado, aunque hasta ahora los resultados de esos esfuerzos han mostrado poca evidencia de \u00e9xito.","rel":"","context":"En \u00abNoticias\u00bb","block_context":{"text":"Noticias","link":"https:\/\/insightcrime.org\/es\/category\/noticias\/"},"img":{"alt_text":"Hombres detenidos durante el estado de excepci\u00f3n son llevados a un centro de reclusi\u00f3n en El Salvador. Cr\u00e9dito: Gobierno de El Salvador","src":"https:\/\/i0.wp.com\/insightcrime.org\/wp-content\/uploads\/2024\/10\/arrestos-el-salvador.jpeg?fit=350%2C250&quality=100&ssl=1&resize=350%2C200","width":350,"height":200},"classes":[]},{"id":4896,"url":"https:\/\/insightcrime.org\/es\/noticias-crimen-organizado-el-salvador\/el-salvador\/","url_meta":{"origin":86950,"position":3},"title":"Perfil de El Salvador","author":"InSight Crime","date":"17 de junio de 2024","format":false,"excerpt":"El Salvador es la patria espiritual de las pandillas callejeras m\u00e1s conocidas de Centroam\u00e9rica: la Mara Salvatrucha (MS13) y Barrio 18. Durante a\u00f1os, estas pandillas aterrorizaron a los barrios urbanos pobres de todo el pa\u00eds, pero parecen haber sido desmanteladas en gran medida tras una brutal y controvertida ofensiva gubernamental\u2026","rel":"","context":"En \u00abEl Salvador\u00bb","block_context":{"text":"El Salvador","link":"https:\/\/insightcrime.org\/es\/category\/noticias-crimen-organizado-el-salvador\/"},"img":{"alt_text":"","src":"https:\/\/i0.wp.com\/insightcrime.org\/wp-content\/uploads\/2017\/08\/El-Salvador-country-profile-copy.jpg?fit=1200%2C609&quality=100&ssl=1&resize=350%2C200","width":350,"height":200,"srcset":"https:\/\/i0.wp.com\/insightcrime.org\/wp-content\/uploads\/2017\/08\/El-Salvador-country-profile-copy.jpg?fit=1200%2C609&quality=100&ssl=1&resize=350%2C200 1x, https:\/\/i0.wp.com\/insightcrime.org\/wp-content\/uploads\/2017\/08\/El-Salvador-country-profile-copy.jpg?fit=1200%2C609&quality=100&ssl=1&resize=525%2C300 1.5x, https:\/\/i0.wp.com\/insightcrime.org\/wp-content\/uploads\/2017\/08\/El-Salvador-country-profile-copy.jpg?fit=1200%2C609&quality=100&ssl=1&resize=700%2C400 2x, https:\/\/i0.wp.com\/insightcrime.org\/wp-content\/uploads\/2017\/08\/El-Salvador-country-profile-copy.jpg?fit=1200%2C609&quality=100&ssl=1&resize=1050%2C600 3x"},"classes":[]},{"id":266031,"url":"https:\/\/insightcrime.org\/es\/noticias\/crimen-organizado-principal-riesgo-ano-electoral-america-latina\/","url_meta":{"origin":86950,"position":4},"title":"Crimen organizado, principal riesgo en un a\u00f1o electoral cr\u00edtico para Am\u00e9rica Latina","author":"Sam Woolston","date":"24 de enero de 2024","format":false,"excerpt":"El crimen organizado y la inseguridad son los principales riesgos pol\u00edticos que enfrenta Am\u00e9rica Latina en 2024, un a\u00f1o electoral crucial, seg\u00fan un nuevo informe que subraya la compleja situaci\u00f3n de seguridad a la que se enfrentar\u00e1n los nuevos l\u00edderes electos.","rel":"","context":"En \u00abNoticias\u00bb","block_context":{"text":"Noticias","link":"https:\/\/insightcrime.org\/es\/category\/noticias\/"},"img":{"alt_text":"A man casts his vote in Mexico Un hombre deposita su voto en M\u00e9xico","src":"https:\/\/i0.wp.com\/insightcrime.org\/wp-content\/uploads\/2023\/08\/Option-III.jpeg?fit=350%2C250&quality=100&ssl=1&resize=350%2C200","width":350,"height":200},"classes":[]},{"id":182147,"url":"https:\/\/insightcrime.org\/es\/noticias\/politica-seguridad-el-salvador-pasa-mano-dura-exceso-fuerza\/","url_meta":{"origin":86950,"position":5},"title":"Pol\u00edtica de seguridad en El Salvador pasa de la mano dura al exceso de fuerza","author":"Alex Papadovassilakis","date":"12 de abril de 2022","format":false,"excerpt":"Con una oleada de detenciones rara vez vista, el gobierno de El Salvador redobla y extiende sus pol\u00edticas de seguridad, conocidas como de mano dura, las cuales han fracasado consistentemente en producir resultados duraderos.","rel":"","context":"En \u00abNoticias\u00bb","block_context":{"text":"Noticias","link":"https:\/\/insightcrime.org\/es\/category\/noticias\/"},"img":{"alt_text":"Miembros de pandillas siendo escoltados","src":"https:\/\/i0.wp.com\/insightcrime.org\/wp-content\/uploads\/2022\/04\/ezgif-1-cad0e1da2c-1.jpg?fit=350%2C250&quality=100&ssl=1&resize=350%2C200","width":350,"height":200},"classes":[]}],"jetpack_featured_media_url":"https:\/\/i0.wp.com\/insightcrime.org\/wp-content\/uploads\/2018\/07\/Ilustracion-El-Salvador-FINAL.jpg?fit=2048%2C1177&quality=100&ssl=1","_links":{"self":[{"href":"https:\/\/insightcrime.org\/es\/wp-json\/wp\/v2\/posts\/86950","targetHints":{"allow":["GET"]}}],"collection":[{"href":"https:\/\/insightcrime.org\/es\/wp-json\/wp\/v2\/posts"}],"about":[{"href":"https:\/\/insightcrime.org\/es\/wp-json\/wp\/v2\/types\/post"}],"author":[{"embeddable":true,"href":"https:\/\/insightcrime.org\/es\/wp-json\/wp\/v2\/users\/90"}],"replies":[{"embeddable":true,"href":"https:\/\/insightcrime.org\/es\/wp-json\/wp\/v2\/comments?post=86950"}],"version-history":[{"count":5,"href":"https:\/\/insightcrime.org\/es\/wp-json\/wp\/v2\/posts\/86950\/revisions"}],"predecessor-version":[{"id":87087,"href":"https:\/\/insightcrime.org\/es\/wp-json\/wp\/v2\/posts\/86950\/revisions\/87087"}],"wp:featuredmedia":[{"embeddable":true,"href":"https:\/\/insightcrime.org\/es\/wp-json\/wp\/v2\/media\/86911"}],"wp:attachment":[{"href":"https:\/\/insightcrime.org\/es\/wp-json\/wp\/v2\/media?parent=86950"}],"wp:term":[{"taxonomy":"category","embeddable":true,"href":"https:\/\/insightcrime.org\/es\/wp-json\/wp\/v2\/categories?post=86950"},{"taxonomy":"post_tag","embeddable":true,"href":"https:\/\/insightcrime.org\/es\/wp-json\/wp\/v2\/tags?post=86950"},{"taxonomy":"newspack_spnsrs_tax","embeddable":true,"href":"https:\/\/insightcrime.org\/es\/wp-json\/wp\/v2\/newspack_spnsrs_tax?post=86950"},{"taxonomy":"author","embeddable":true,"href":"https:\/\/insightcrime.org\/es\/wp-json\/wp\/v2\/coauthors?post=86950"}],"curies":[{"name":"wp","href":"https:\/\/api.w.org\/{rel}","templated":true}]}}