{"id":8707,"date":"2016-03-30T14:01:35","date_gmt":"2017-03-28T00:15:16","guid":{"rendered":"http:\/\/newwp.insightcrime.org?p=8707"},"modified":"2023-04-24T15:51:13","modified_gmt":"2023-04-24T20:51:13","slug":"plan-seguro-el-salvador-no-contribuido-seguridad-comunidades-informe","status":"publish","type":"post","link":"https:\/\/insightcrime.org\/es\/noticias\/noticias-del-dia\/plan-seguro-el-salvador-no-contribuido-seguridad-comunidades-informe\/","title":{"rendered":"&#8216;Plan Seguro&#8217; en El Salvador no ha contribuido a la seguridad de la comunidad"},"content":{"rendered":"\n<p class=\"wp-block-paragraph\">El incesante tronar de la violencia letal en la agreste Ciudad Delgado pone en evidencia la incapacidad del \u201cPlan El Salvador Seguro\u201d, implementado por el gobierno, para ofrecer alivio r\u00e1pido a los males que aquejan la seguridad del pa\u00eds.<\/p>\n\n\n\n<p class=\"wp-block-paragraph\">En un extenso y juicioso informe, <a href=\"https:\/\/www.laprensagrafica.com\/2016\/03\/24\/el-municipio-que-resiste-para-ser-un-lugar-seguro\" target=\"_blank\">La Prensa Gr\u00e1fica se\u00f1ala <\/a>que ochos meses despu\u00e9s de la puesta en marcha del plan, este no ha tra\u00eddo alivio a los residentes por homicidios, extorsi\u00f3n y otros delitos atribuidos a las pandillas activas en Ciudad Delgado.<\/p>\n\n\n\n<p class=\"wp-block-paragraph\">Datos del Instituto de Medicina Legal y la Polic\u00eda Nacional Civil (PNC) indican que en Ciudad Delgado hubo 115 homicidios entre agosto de 2015 y mediados de marzo de 2016, mientras que en los seis meses anteriores a la entrada en vigor de Plan Seguro hubo 95 homicidios, inform\u00f3 La Prensa.<\/p>\n\n\n\n<p class=\"wp-block-paragraph\">Otras 9 personas resultaron \u201cdesaparecidas\u201d desde agosto, dos menores sufrieron agresiones sexuales y cuatro personas recibieron amenazas de muerte.<\/p>\n\n\n\n<p class=\"wp-block-paragraph\"><a href=\"\/noticias\/noticias-del-dia\/politica-seguridad-el-salvador-camino-tropiezos\" target=\"_blank\">La inseguridad sigue su curso<\/a> pese a la alta presencia policial y militar, a los arrestos masivos de presuntos pandilleros y al discurso oficial de los organismos gubernamentales que trabajan en coordinaci\u00f3n para generar soluciones hol\u00edsticas.<\/p>\n\n\n\n<h3 class=\"wp-block-heading\">An\u00e1lisis de InSight Crime<\/h3>\n\n\n\n<p class=\"wp-block-paragraph\">Ciudad Delgado, un municipio de gran extensi\u00f3n, densamente poblado y en gran parte marginado, contiguo a la capital, San Salvador, fue la bandera del plan de seguridad del gobierno <a href=\"https:\/\/www.presidencia.gob.sv\/wp-content\/uploads\/2015\/01\/El-Salvador-Seguro.pdf\" target=\"_blank\">(pdf)<\/a>, que se present\u00f3 con gran ostentaci\u00f3n en julio de 2015, y presenta una de las tasas de homicidios m\u00e1s elevadas del mundo para un lugar sin guerra.<\/p>\n\n\n\n<p class=\"wp-block-paragraph\">El entonces ministro de seguridad y de justicia Benito Lara prometi\u00f3 a los habitantes que \u201cen poco tiempo la vida de la gente de Ciudad Delgado ser\u00e1 cambiada y este municipio ser\u00e1 el modelo a seguir en todo el territorio salvadore\u00f1o\u201d.<\/p>\n\n\n\n<p class=\"wp-block-paragraph\">Sin embargo, en lugar de ser un resquicio de esperanza, se ha convertido en el ejemplo de la inutilidad del gobierno. Sin duda, Ciudad Delgado ilustra la naturaleza ilusoria de la presencia reforzada de polic\u00eda militarizada en medio de una continua falta de control territorial del estado y la ausencia de programas efectivos sociales, econ\u00f3micos y educativos a largo plazo.<\/p>\n\n\n\n<p class=\"wp-block-paragraph\">M\u00e1s a\u00fan, un aumento moderado de los homicidios en lo que va corrido de 2016 ha hecho considerar a los funcionarios la aplicaci\u00f3n de medidas adicionales extremas, como la declaraci\u00f3n de un <a href=\"\/noticias\/noticias-del-dia\/salvador-considera-declarar-estado-excepcion-debido-creciente-violencia\" target=\"_blank\">estado de emergencia <\/a>en zonas como Ciudad Delgado, lo cual restringir\u00eda los derechos constitucionales, y<a href=\"\/noticias\/analisis\/comentarios-funcionario-el-salvador-dan-centro-dilema-seguridad-ciudadana\" target=\"_blank\"> la imposici\u00f3n de sanciones<\/a> a quienes cedan a demandas de extorsi\u00f3n con amenaza de violencia letal.<\/p>\n\n\n\n<p class=\"wp-block-paragraph\">Estas medidas parecen a\u00fan m\u00e1s dr\u00e1sticas si se considera que las instalaciones de la polic\u00eda y el ej\u00e9rcito en la zona son como islas en un mar de efectivo control de las pandillas. El \u00e9nfasis del plan en la prevenci\u00f3n tambi\u00e9n se ha visto afectado por la falta de financiamiento.<a href=\"\/noticias\/noticias-del-dia\/masacres-alto-costo-estrategia-seguridad-vicepresidente-el-salvador\" target=\"_blank\"> La arquitectura estrat\u00e9gica<\/a> y el respaldo pol\u00edtico requeridos para resolver un problema tan complejo como la violencia en El Salvador no se ha materializado.<\/p>\n\n\n\n<p class=\"wp-block-paragraph\">Rasc\u00e1ndose la cabeza como si hurgara en busca de la mejor respuesta, el jefe de polic\u00eda de Ciudad Delgado Hugo Salinas \u201cfinalmente calcula que el municipio que tiene a su cargo necesitar\u00e1 ocho a\u00f1os m\u00e1s para tener menos asesinatos y menos adolescentes involucrados en pandillas\u201d, seg\u00fan narra La Prensa.<\/p>\n","protected":false},"excerpt":{"rendered":"<p>El incesante tronar de la violencia letal en la agreste Ciudad Delgado pone en evidencia la incapacidad del \u00abPlan El Salvador Seguro\u00bb, implementado por el gobierno, para ofrecer alivio r\u00e1pido a los males que aquejan la seguridad del pa\u00eds.<\/p>\n","protected":false},"author":64,"featured_media":44170,"comment_status":"closed","ping_status":"closed","sticky":false,"template":"","format":"standard","meta":{"newspack_ads_suppress_ads":false,"newspack_popups_has_disabled_popups":false,"newspack_sponsor_sponsorship_scope":"","newspack_sponsor_native_byline_display":"inherit","newspack_sponsor_native_category_display":"inherit","newspack_sponsor_underwriter_style":"inherit","newspack_sponsor_underwriter_placement":"inherit","_EventAllDay":false,"_EventTimezone":"","_EventStartDate":"","_EventEndDate":"","_EventStartDateUTC":"","_EventEndDateUTC":"","_EventShowMap":false,"_EventShowMapLink":false,"_EventURL":"","_EventCost":"","_EventCostDescription":"","_EventCurrencySymbol":"","_EventCurrencyCode":"","_EventCurrencyPosition":"","_EventDateTimeSeparator":"","_EventTimeRangeSeparator":"","_EventOrganizerID":[],"_EventVenueID":[],"_OrganizerEmail":"","_OrganizerPhone":"","_OrganizerWebsite":"","_VenueAddress":"","_VenueCity":"","_VenueCountry":"","_VenueProvince":"","_VenueState":"","_VenueZip":"","_VenuePhone":"","_VenueURL":"","_VenueStateProvince":"","_VenueLat":"","_VenueLng":"","_VenueShowMap":false,"_VenueShowMapLink":false,"_newspack_byline_active":false,"_newspack_byline":"","newspack_hide_updated_date":false,"newspack_show_updated_date":false,"newspack_featured_image_position":"","newspack_post_subtitle":"","newspack_article_summary_title":"Overview:","newspack_article_summary":"","_jetpack_memberships_contains_paid_content":false,"footnotes":""},"categories":[334],"tags":[1540,437,438],"newspack_spnsrs_tax":[],"coauthors":[4018],"class_list":["post-8707","post","type-post","status-publish","format-standard","has-post-thumbnail","hentry","category-noticias-del-dia","tag-el-salvador-pais","tag-que-funciona","tag-politicas-de-seguridad","entry"],"parsely":{"version":"1.1.0","canonical_url":"https:\/\/insightcrime.org\/es\/noticias\/noticias-del-dia\/plan-seguro-el-salvador-no-contribuido-seguridad-comunidades-informe\/","smart_links":{"inbound":0,"outbound":0},"traffic_boost_suggestions_count":0,"meta":{"@context":"https:\/\/schema.org","@type":"NewsArticle","headline":"&#8216;Plan Seguro&#8217; en El Salvador no ha contribuido a la seguridad de la comunidad","url":"http:\/\/insightcrime.org\/es\/noticias\/noticias-del-dia\/plan-seguro-el-salvador-no-contribuido-seguridad-comunidades-informe\/","mainEntityOfPage":{"@type":"WebPage","@id":"http:\/\/insightcrime.org\/es\/noticias\/noticias-del-dia\/plan-seguro-el-salvador-no-contribuido-seguridad-comunidades-informe\/"},"thumbnailUrl":"https:\/\/i0.wp.com\/insightcrime.org\/wp-content\/uploads\/2016\/03\/es-16-25-03-salvador-delgado-roundup1.jpg?resize=150%2C150&quality=100&ssl=1","image":{"@type":"ImageObject","url":"https:\/\/i0.wp.com\/insightcrime.org\/wp-content\/uploads\/2016\/03\/es-16-25-03-salvador-delgado-roundup1.jpg?fit=350%2C230&quality=100&ssl=1"},"articleSection":"Noticias del d\u00eda","author":[{"@type":"Person","name":"Dan Alder"}],"creator":["Dan Alder"],"publisher":{"@type":"Organization","name":"InSight Crime","logo":"https:\/\/insightcrime.org\/wp-content\/uploads\/2023\/08\/logo.png"},"keywords":["el salvador","lo que funciona","pol\u00edticas de seguridad"],"dateCreated":"2017-03-28T00:15:16Z","datePublished":"2017-03-28T00:15:16Z","dateModified":"2023-04-24T20:51:13Z"},"rendered":"<meta name=\"parsely-title\" content=\"&#8216;Plan Seguro&#8217; en El Salvador no ha contribuido a la seguridad de la comunidad\" \/>\n<meta name=\"parsely-link\" content=\"http:\/\/insightcrime.org\/es\/noticias\/noticias-del-dia\/plan-seguro-el-salvador-no-contribuido-seguridad-comunidades-informe\/\" \/>\n<meta name=\"parsely-type\" content=\"post\" \/>\n<meta name=\"parsely-image-url\" content=\"https:\/\/i0.wp.com\/insightcrime.org\/wp-content\/uploads\/2016\/03\/es-16-25-03-salvador-delgado-roundup1.jpg?resize=150%2C150&amp;quality=100&amp;ssl=1\" \/>\n<meta name=\"parsely-pub-date\" content=\"2017-03-28T00:15:16Z\" \/>\n<meta name=\"parsely-section\" content=\"Noticias del d\u00eda\" \/>\n<meta name=\"parsely-tags\" content=\"el salvador,lo que funciona,pol\u00edticas de seguridad\" \/>\n<meta name=\"parsely-author\" content=\"Dan Alder\" \/>","tracker_url":"https:\/\/cdn.parsely.com\/keys\/insightcrime.org\/p.js"},"jetpack_sharing_enabled":true,"jetpack-related-posts":[{"id":293793,"url":"https:\/\/insightcrime.org\/es\/noticias\/el-salvador-encabeza-encuesta-percepcion-seguridad-mientras-chile-ecuador-descienden\/","url_meta":{"origin":8707,"position":0},"title":"El Salvador encabeza encuesta sobre percepci\u00f3n de seguridad, mientras Chile y Ecuador descienden","author":"Mario Saiz","date":"1 de octubre de 2024","format":false,"excerpt":"Am\u00e9rica Latina y el Caribe contin\u00faan siendo las regiones con peor percepci\u00f3n de seguridad seg\u00fan el informe Gallup 2024, sin embargo la regi\u00f3n mantiene la tendencia a la mejor\u00eda desde hace 3 a\u00f1os.\u00a0","rel":"","context":"En \u00abNoticias\u00bb","block_context":{"text":"Noticias","link":"https:\/\/insightcrime.org\/es\/category\/noticias\/"},"img":{"alt_text":"Members of the Chilean Investigative Police make arrest in 2019- Miembros de la Polic\u00eda de Investigaciones de Chile realizan arresto en 2019.","src":"https:\/\/i0.wp.com\/insightcrime.org\/wp-content\/uploads\/2024\/10\/El-Pais-PDI-arresto-Chile-1.jpg?fit=350%2C250&quality=100&ssl=1&resize=350%2C200","width":350,"height":200},"classes":[]},{"id":247885,"url":"https:\/\/insightcrime.org\/es\/noticias\/conclusiones-indice-gallup-seguridad-publica-2022\/","url_meta":{"origin":8707,"position":1},"title":"3 conclusiones del informe Gallup sobre seguridad p\u00fablica 2023","author":"Liza Schmidt","date":"28 de noviembre de 2023","format":false,"excerpt":"Despu\u00e9s de a\u00f1os como la regi\u00f3n peor clasificada del mundo, finalmente la percepci\u00f3n p\u00fablica sobre seguridad en Latinoam\u00e9rica y el Caribe ha mostrado mejor\u00edas, seg\u00fan una encuesta global que se realiza anualmente.","rel":"","context":"En \u00abNoticias\u00bb","block_context":{"text":"Noticias","link":"https:\/\/insightcrime.org\/es\/category\/noticias\/"},"img":{"alt_text":"Ecuadorian police in full gear. ","src":"https:\/\/i0.wp.com\/insightcrime.org\/wp-content\/uploads\/2023\/11\/ecuador-police-action-security-policy-ecuador-times.jpeg?fit=350%2C250&quality=100&ssl=1&resize=350%2C200","width":350,"height":200},"classes":[]},{"id":173685,"url":"https:\/\/insightcrime.org\/es\/noticias\/pandillas-elsalvador-envian-mensaje-sangre\/","url_meta":{"origin":8707,"position":2},"title":"Pandillas de El Salvador env\u00edan un mensaje de sangre","author":"Seth Robbins","date":"16 de diciembre de 2021","format":false,"excerpt":"Aunque seg\u00fan todas las evidencias El Salvador registrar\u00e1 otro r\u00e9cord en el descenso de los homicidios este a\u00f1o, hace pocas semanas el pa\u00eds se vio sacudido por una oleada de homicidios que dur\u00f3 tres d\u00edas, un sangriento recordatorio de que la paz reci\u00e9n alcanzada avanza sobre terreno quebradizo.","rel":"","context":"En \u00abNoticias\u00bb","block_context":{"text":"Noticias","link":"https:\/\/insightcrime.org\/es\/category\/noticias\/"},"img":{"alt_text":"El-Salvador-Pandillas-Homicidios","src":"https:\/\/i0.wp.com\/insightcrime.org\/wp-content\/uploads\/2021\/12\/El-Salvador-Homicides-Soldiers-Streets.png?fit=1200%2C675&quality=100&ssl=1&resize=350%2C200","width":350,"height":200,"srcset":"https:\/\/i0.wp.com\/insightcrime.org\/wp-content\/uploads\/2021\/12\/El-Salvador-Homicides-Soldiers-Streets.png?fit=1200%2C675&quality=100&ssl=1&resize=350%2C200 1x, https:\/\/i0.wp.com\/insightcrime.org\/wp-content\/uploads\/2021\/12\/El-Salvador-Homicides-Soldiers-Streets.png?fit=1200%2C675&quality=100&ssl=1&resize=525%2C300 1.5x, https:\/\/i0.wp.com\/insightcrime.org\/wp-content\/uploads\/2021\/12\/El-Salvador-Homicides-Soldiers-Streets.png?fit=1200%2C675&quality=100&ssl=1&resize=700%2C400 2x, https:\/\/i0.wp.com\/insightcrime.org\/wp-content\/uploads\/2021\/12\/El-Salvador-Homicides-Soldiers-Streets.png?fit=1200%2C675&quality=100&ssl=1&resize=1050%2C600 3x"},"classes":[]},{"id":319239,"url":"https:\/\/insightcrime.org\/es\/noticias\/video-estan-justificadas-las-declaraciones-del-presidente-bukele-sobre-los-logros-en-seguridad\/","url_meta":{"origin":8707,"position":3},"title":"Video: \u00bfEst\u00e1n justificadas las declaraciones del presidente Bukele sobre los logros en seguridad?","author":"Deborah Bonello","date":"3 de septiembre de 2025","format":false,"excerpt":"El presidente de El Salvador, Nayib Bukele, est\u00e1 celebrando mil d\u00edas sin homicidios desde que asumi\u00f3 el poder en 2019. Pero, \u00bfqu\u00e9 significa exactamente esto? \u00bfExisten razones para dudar de las cifras en un pa\u00eds que alguna vez estuvo dominado por pandillas como la MS13 y el Barrio 18? Alex\u2026","rel":"","context":"En \u00abNoticias\u00bb","block_context":{"text":"Noticias","link":"https:\/\/insightcrime.org\/es\/category\/noticias\/"},"img":{"alt_text":"","src":"https:\/\/i0.wp.com\/insightcrime.org\/wp-content\/uploads\/2025\/09\/El-Salvador-1.png?fit=350%2C250&quality=100&ssl=1&resize=350%2C200","width":350,"height":200},"classes":[]},{"id":142969,"url":"https:\/\/insightcrime.org\/es\/noticias\/destitucion-fiscal-general-salvador-amenaza-estado-derecho\/","url_meta":{"origin":8707,"position":4},"title":"Destituci\u00f3n de fiscal general de El Salvador amenaza el Estado de derecho","author":"Alex Papadovassilakis","date":"3 de mayo de 2021","format":false,"excerpt":"La decisi\u00f3n de los legisladores alineados con el presidente de El Salvador, Nayib Bukele, de destituir al fiscal general del pa\u00eds puede significar el fin de varios casos cruciales en torno al crimen organizado.","rel":"","context":"En \u00abNoticias\u00bb","block_context":{"text":"Noticias","link":"https:\/\/insightcrime.org\/es\/category\/noticias\/"},"img":{"alt_text":"","src":"https:\/\/i0.wp.com\/insightcrime.org\/wp-content\/uploads\/2021\/05\/848047033e01470b838de0c9887f0de6_18.jpeg?fit=350%2C250&quality=100&ssl=1&resize=350%2C200","width":350,"height":200},"classes":[]},{"id":195808,"url":"https:\/\/insightcrime.org\/es\/noticias\/fiscales-ecuador-blancos-asesinatos-selectivos\/","url_meta":{"origin":8707,"position":5},"title":"Fiscales de Ecuador, nuevos blancos de asesinatos selectivos","author":"Henry Shuldiner","date":"19 de agosto de 2022","format":false,"excerpt":"El homicidio de un fiscal en Ecuador es el \u00faltimo de una serie de atentados contra funcionarios judiciales, en medio de una campa\u00f1a de violencia frontal emprendida por los grupos criminales contra el Estado.","rel":"","context":"En \u00abNoticias\u00bb","block_context":{"text":"Noticias","link":"https:\/\/insightcrime.org\/es\/category\/noticias\/"},"img":{"alt_text":"El fiscal de Ecuador Federico Estrella fue enterrado","src":"https:\/\/i0.wp.com\/insightcrime.org\/wp-content\/uploads\/2022\/08\/fiscal-fue-sepultado-en-Jujan-660x330-1-1.jpeg?fit=350%2C250&quality=100&ssl=1&resize=350%2C200","width":350,"height":200},"classes":[]}],"jetpack_featured_media_url":"https:\/\/i0.wp.com\/insightcrime.org\/wp-content\/uploads\/2016\/03\/es-16-25-03-salvador-delgado-roundup1.jpg?fit=350%2C230&quality=100&ssl=1","_links":{"self":[{"href":"https:\/\/insightcrime.org\/es\/wp-json\/wp\/v2\/posts\/8707","targetHints":{"allow":["GET"]}}],"collection":[{"href":"https:\/\/insightcrime.org\/es\/wp-json\/wp\/v2\/posts"}],"about":[{"href":"https:\/\/insightcrime.org\/es\/wp-json\/wp\/v2\/types\/post"}],"author":[{"embeddable":true,"href":"https:\/\/insightcrime.org\/es\/wp-json\/wp\/v2\/users\/64"}],"replies":[{"embeddable":true,"href":"https:\/\/insightcrime.org\/es\/wp-json\/wp\/v2\/comments?post=8707"}],"version-history":[{"count":1,"href":"https:\/\/insightcrime.org\/es\/wp-json\/wp\/v2\/posts\/8707\/revisions"}],"predecessor-version":[{"id":26306,"href":"https:\/\/insightcrime.org\/es\/wp-json\/wp\/v2\/posts\/8707\/revisions\/26306"}],"wp:featuredmedia":[{"embeddable":true,"href":"https:\/\/insightcrime.org\/es\/wp-json\/wp\/v2\/media\/44170"}],"wp:attachment":[{"href":"https:\/\/insightcrime.org\/es\/wp-json\/wp\/v2\/media?parent=8707"}],"wp:term":[{"taxonomy":"category","embeddable":true,"href":"https:\/\/insightcrime.org\/es\/wp-json\/wp\/v2\/categories?post=8707"},{"taxonomy":"post_tag","embeddable":true,"href":"https:\/\/insightcrime.org\/es\/wp-json\/wp\/v2\/tags?post=8707"},{"taxonomy":"newspack_spnsrs_tax","embeddable":true,"href":"https:\/\/insightcrime.org\/es\/wp-json\/wp\/v2\/newspack_spnsrs_tax?post=8707"},{"taxonomy":"author","embeddable":true,"href":"https:\/\/insightcrime.org\/es\/wp-json\/wp\/v2\/coauthors?post=8707"}],"curies":[{"name":"wp","href":"https:\/\/api.w.org\/{rel}","templated":true}]}}