{"id":87140,"date":"2018-07-23T10:57:30","date_gmt":"2018-07-23T15:57:30","guid":{"rendered":"https:\/\/insightcrime.org\/?p=87140"},"modified":"2023-04-24T16:30:42","modified_gmt":"2023-04-24T21:30:42","slug":"ministerio-de-gobernacion-en-campana-contra-la-cicig-en-guatemala","status":"publish","type":"post","link":"https:\/\/insightcrime.org\/es\/noticias\/analisis\/ministerio-de-gobernacion-en-campana-contra-la-cicig-en-guatemala\/","title":{"rendered":"Ministerio de Gobernaci\u00f3n en campa\u00f1a contra la CICIG en Guatemala"},"content":{"rendered":"\n<p class=\"wp-block-paragraph\">El reciente retiro de 20 polic\u00edas asignados a la CICIG ha dejado en evidencia que el Ministerio de Gobernaci\u00f3n de Guatemala se ha convertido en el instrumento preferido del presidente para intentar cortar las alas de la instituci\u00f3n que lucha contra la impunidad y la corrupci\u00f3n en el pa\u00eds.<\/p>\n\n\n\n<p class=\"wp-block-paragraph\">El 4 de Julio, el Ministerio de Gobernaci\u00f3n orden\u00f3 el <a href=\"http:\/\/www.cicig.org\/comunicados-2018\/retiran-a-20-agentes-de-la-pnc-asignados-a-la-cicig\/\" target=\"_blank\" rel=\"noopener\">retiro<\/a> de 20 polic\u00edas asignados para dar seguridad al personal y a las instalaciones de la Comisi\u00f3n Internacional Contra la Impunidad en Guatemala (CICIG). Los agentes fueron reasignados a labores de seguridad ciudadana.<\/p>\n\n\n\n<p class=\"wp-block-paragraph\">Esta no fue la primera vez que el gobierno del presidente Jimmy Morales&nbsp;cercenaba la colaboraci\u00f3n de la Polic\u00eda Nacional Civil&nbsp;de&nbsp;Guatemala (PNC) con la comisi\u00f3n internacional.<\/p>\n\n\n\n<p class=\"wp-block-paragraph\">En marzo, en los albores de la Semana Santa, la gobernaci\u00f3n orden\u00f3 el retiro de otros 11 agentes aduciendo que el movimiento era temporal y que obedec\u00eda a los requerimientos extra de seguridad durante las vacaciones. Los 11 no regresaron a la CICIG hasta que Iv\u00e1n Vel\u00e1squez, el comisionado de la CICIG, hizo una exigencia p\u00fablica al gobierno.<\/p>\n\n\n\n<p class=\"wp-block-paragraph\">Y hay m\u00e1s. En diciembre de 2017, cuando ya el enfrentamiento entre el presidente y la CICIG y el Ministerio P\u00fablico (MP) hab\u00eda alcanzado varios picos por las investigaciones que ambas oficinas mantienen activas sobre Morales, el gobierno impidi\u00f3 la llegada de 27 polic\u00edas entrenados y vetados espec\u00edficamente para colaborar con la comisi\u00f3n.<strong>&nbsp;<\/strong><\/p>\n\n\n\n<p class=\"wp-block-paragraph\">En total, desde 2017, el gobierno guatemalteco ha retirado a casi dos tercios de los 75 agentes inicialmente asignados a la CICIG. Los movimientos fortuitos de estos polic\u00edas han afectado las condiciones de seguridad de la comisi\u00f3n y de su personal guatemalteco y extranjero, como lo ha reclamado Vel\u00e1squez.<\/p>\n\n\n\n<p class=\"wp-block-paragraph\"><span style=\"color: #800000;\"><strong>VEA TAMBI\u00c9N<\/strong>:<\/span>&nbsp;<a href=\"https:\/\/es.insightcrime.org\/tag\/elites-y-crimen-organizado\/\" target=\"_blank\" rel=\"noopener\">\u00c9lites y crimen organizado<\/a><\/p>\n\n\n\n<p class=\"wp-block-paragraph\">El declive en la relaci\u00f3n entre la administraci\u00f3n Morales, a trav\u00e9s del Ministerio de Gobernaci\u00f3n y la CICIG y el MP qued\u00f3 tambi\u00e9n en evidencia a finales de 2017, cuando Morales&nbsp;nombr\u00f3 a Enrique Degenhart, un ministro af\u00edn, en reemplazo de Francisco Rivas, un funcionario que hab\u00eda trabajado en colaboraci\u00f3n estrecha en varios casos de alto impacto que la comisi\u00f3n y el MP llevaron adelante, incluidas investigaciones al presidente y su c\u00edrculo cercano.<\/p>\n\n\n\n<p class=\"wp-block-paragraph\">El ministro Degenhart parece estar buscando cualquier entrada para distanciarse de la CICIG y el MP. A finales de abril pasado, dos agentes asignados a la PNC realizaban diligencias en un condominio de la capital guatemalteca en el que buscaban certificar el domicilio de una empresa relacionada en una investigaci\u00f3n. En ese condominio vive el ministro Degenhart, quien aprovech\u00f3 la casualidad para decir que la CICIG lo estaba investigando y, de paso, retirar a los agentes que realizaron las pesquisas.<\/p>\n\n\n\n<p class=\"wp-block-paragraph\">La sociedad civil se ha fijado en la actitud del ministro. Tras el retiro m\u00e1s reciente de agentes asignados a la CICIG, el Frente Ciudadano Contra la Corrupci\u00f3n, una agrupaci\u00f3n compuesta por m\u00faltiples miembros del sector empresarial, pol\u00edtico y la sociedad civil, <a href=\"https:\/\/www.prensalibre.com\/guatemala\/politica\/enrique-degenhart-ivan-velazquez-ministerio-de-gobernacion-cicig-seguridad\" target=\"_blank\" rel=\"noopener\">expres\u00f3<\/a> su \u201crechazo e indignaci\u00f3n\u201d a la decisi\u00f3n de Degenhart, quien en respuesta se\u00f1al\u00f3 que consideraba que la comisi\u00f3n contaba con \u201csuficiente\u201d personal de seguridad y dijo que los agentes ser\u00edan reubicados de acuerdo con un plan de seguridad ciudadana enfocado en la reducci\u00f3n de homicidios.<\/p>\n\n\n\n<p class=\"wp-block-paragraph\">La ira del gobierno parece abarcar tambi\u00e9n a los que han colaborado con la CICIG a\u00fan despu\u00e9s de terminar su mandato. Medios guatemaltecos tambi\u00e9n han <a href=\"https:\/\/www.prensalibre.com\/guatemala\/justicia\/medidas-comprometen-seguridad-de-exfiscal-thelma-aldana\" target=\"_blank\" rel=\"noopener\">publicado<\/a> que la Gobernaci\u00f3n orden\u00f3 modificaciones en el esquema de seguridad asignado a la exfiscal general Thelma Aldana. Aldana, cuyo mandato culmin\u00f3 en mayo, era una de las principales aliadas de CICIG en la persecuci\u00f3n penal de las estructuras de corrupci\u00f3n y crimen organizado enquistadas en el Gobierno.<\/p>\n\n\n\n<p class=\"wp-block-paragraph\">El esquema de seguridad de Aldana, que <a href=\"https:\/\/www.prensalibre.com\/guatemala\/justicia\/medidas-comprometen-seguridad-de-exfiscal-thelma-aldana\" target=\"_blank\" rel=\"noopener\">inclu\u00eda<\/a> al menos tres camionetas blindadas y dos pick up que hab\u00edan sido asignadas a su c\u00edrculo familiar, fueron remplazadas por veh\u00edculos defectuosos, incluyendo uno que no ten\u00eda frenos y presentaba fallas en la caja de cambios y en el motor. Seg\u00fan <a href=\"https:\/\/republica.gt\/2018\/07\/13\/thelma-aldana-denuncia-en-la-pdh-que-teme-por-su-vida-2\/\" target=\"_blank\" rel=\"noopener\">dijo<\/a> Jord\u00e1n Rodas, procurador de Derechos Humanos, la exfiscal present\u00f3 por medio una carta una denuncia en la que aseguraba que tem\u00eda por su vida.<\/p>\n\n\n\n<p class=\"wp-block-paragraph\">El 13 de julio pasado, la PNC <a href=\"https:\/\/elperiodico.com.gt\/nacion\/2018\/07\/13\/capturan-a-hermano-de-ex-director-de-la-pnc-nery-ramos\/\" target=\"_blank\" rel=\"noopener\">inform\u00f3<\/a> sobre la captura del agente de la PNC Osm\u00edn Ramos, hermano de Nery Ramos, exdirector de la Polic\u00eda. Seg\u00fan voceros gubernamentales, a Osm\u00edn Ramos le encontraron un arma con irregularidades.<\/p>\n\n\n\n<p class=\"wp-block-paragraph\">Nery Ramos, quien tambi\u00e9n colabor\u00f3 con las investigaciones anticorrupci\u00f3n de CICIG y el MP, fue destituido por Degenhart poco tiempo despu\u00e9s de que el nuevo ministro asumiera en su cargo. El exdirector policial ha advertido que los agentes que capturaron a su hermano le implantaron el arma.<\/p>\n\n\n\n<p class=\"wp-block-paragraph\">Ambos Ramos y el exministro de gobernaci\u00f3n Rivas han <a href=\"https:\/\/www.publinews.gt\/gt\/noticias\/2018\/07\/19\/exministro-gobernacion-francisco-rivas-senala-ha-vigilado-desconocidos.html\" target=\"_blank\" rel=\"noopener\">se\u00f1alado<\/a> que han sido vigilados por extra\u00f1os y han dicho que est\u00e1n tomando precauciones.<\/p>\n\n\n\n<h3 class=\"wp-block-heading\">An\u00e1lisis de InSight Crime<\/h3>\n\n\n\n<p class=\"wp-block-paragraph\">La llegada de Degenhart a Gobernaci\u00f3n fue uno de varios movimientos en el gabinete de Jimmy Morales encaminados a asegurar la lealtad de sus colaboradores en la guerra que el presidente parece haber abierto contra la CICIG en agosto de 2017, cuando la comisi\u00f3n y el MP <a href=\"https:\/\/es.insightcrime.org\/noticias\/analisis\/presidente-guatemala-pone-trump-jaque-tras-arriesgada-movida-contra-cicig\/\" target=\"_blank\" rel=\"noopener\">anunciaron<\/a> cargos contra \u00e9l y su partido por financimiento il\u00edcito de su campa\u00f1a presidencial.<\/p>\n\n\n\n<p class=\"wp-block-paragraph\">Adem\u00e1s del ministro Rivas, sali\u00f3 del gobierno Juan Sol\u00f3rzano Foppa, titular de la Superintendencia de Administraci\u00f3n Tributaria (SAT), cuyo apoyo fue clave para llevar a buen puerto investigaciones a empresarios y a otros funcionarios cercanos al presidente.<\/p>\n\n\n\n<p class=\"wp-block-paragraph\">Kamilo Rivera fue otro de los que lleg\u00f3 al gabinete, como viceministro de Degenhart. Una de sus primeras acciones al llegar a Gobernaci\u00f3n fue ordenar a la polic\u00eda que cualquier diligencia solicitada por el MP o la CICIG, y en especial por la Fiscal\u00eda Especial contra la Corrupci\u00f3n (FECI), deb\u00edan de ser aprobadas primero por \u00e9l, seg\u00fan dijo a InSight Crime una fuente de la Fiscal\u00eda guatemalteca, bajo condici\u00f3n de anonimato por razones de seguridad. Eso, asegur\u00f3 la fuente, ya implic\u00f3 fugas de informaci\u00f3n a sospechosos de cometer delitos y a medios afines a grupos pol\u00edticos que tambi\u00e9n son objeto de investigaciones de la comisi\u00f3n y la fiscal\u00eda.<\/p>\n\n\n\n<p class=\"wp-block-paragraph\">A la arremetida del gobierno de Morales contra la CICIG a trav\u00e9s del Ministerio de Gobernaci\u00f3n hay que sumar, tambi\u00e9n, las gestiones de la canciller\u00eda guatemalteca para debilitar a la comisi\u00f3n y la lucha anticorrupci\u00f3n en Guatemala.<\/p>\n\n\n\n<p class=\"wp-block-paragraph\">Sandra Jovel, la canciller de Morales, inici\u00f3 su gesti\u00f3n en agosto de 2017 firmando una declaratoria de persona non-grata contra Iv\u00e1n Vel\u00e1squez, el jefe de la CICIG, y seg\u00fan fuentes diplom\u00e1ticas consultadas en Washington y en la capital guatemalteca, coordina en Estados Unidos el cabildeo para debilitar a la comisi\u00f3n. La pr\u00f3xima fecha clave en este pulso llegar\u00e1 el pr\u00f3ximo 18 de septiembre, cuando venza la visa con que Vel\u00e1squez vive y trabaja en el pa\u00eds centroamericano.<\/p>\n","protected":false},"excerpt":{"rendered":"<p>Con el retiro de polic\u00edas asignados a la CICIG, es evidente que el Ministerio de Gobernaci\u00f3n en Guatemala se ha convertido en el instrumento preferido del presidente para intentar cortar las alas de la instituci\u00f3n que lucha contra la impunidad y la corrupci\u00f3n en el pa\u00eds.<\/p>\n","protected":false},"author":83,"featured_media":87141,"comment_status":"closed","ping_status":"closed","sticky":false,"template":"","format":"standard","meta":{"newspack_ads_suppress_ads":false,"newspack_popups_has_disabled_popups":false,"newspack_sponsor_sponsorship_scope":"","newspack_sponsor_native_byline_display":"inherit","newspack_sponsor_native_category_display":"inherit","newspack_sponsor_underwriter_style":"inherit","newspack_sponsor_underwriter_placement":"inherit","_EventAllDay":false,"_EventTimezone":"","_EventStartDate":"","_EventEndDate":"","_EventStartDateUTC":"","_EventEndDateUTC":"","_EventShowMap":false,"_EventShowMapLink":false,"_EventURL":"","_EventCost":"","_EventCostDescription":"","_EventCurrencySymbol":"","_EventCurrencyCode":"","_EventCurrencyPosition":"","_EventDateTimeSeparator":"","_EventTimeRangeSeparator":"","_EventOrganizerID":[],"_EventVenueID":[],"_OrganizerEmail":"","_OrganizerPhone":"","_OrganizerWebsite":"","_VenueAddress":"","_VenueCity":"","_VenueCountry":"","_VenueProvince":"","_VenueState":"","_VenueZip":"","_VenuePhone":"","_VenueURL":"","_VenueStateProvince":"","_VenueLat":"","_VenueLng":"","_VenueShowMap":false,"_VenueShowMapLink":false,"_newspack_byline_active":false,"_newspack_byline":"","newspack_hide_updated_date":false,"newspack_show_updated_date":false,"newspack_featured_image_position":"","newspack_post_subtitle":"","newspack_article_summary_title":"Overview:","newspack_article_summary":"","_jetpack_memberships_contains_paid_content":false,"footnotes":""},"categories":[340],"tags":[447,374],"newspack_spnsrs_tax":[],"coauthors":[3725,3925],"class_list":["post-87140","post","type-post","status-publish","format-standard","has-post-thumbnail","hentry","category-analisis","tag-elites-y-crimen-organizado","tag-guatemala-pais","entry"],"parsely":{"version":"1.1.0","canonical_url":"https:\/\/insightcrime.org\/es\/noticias\/analisis\/ministerio-de-gobernacion-en-campana-contra-la-cicig-en-guatemala\/","smart_links":{"inbound":0,"outbound":0},"traffic_boost_suggestions_count":0,"meta":{"@context":"https:\/\/schema.org","@type":"NewsArticle","headline":"Ministerio de Gobernaci\u00f3n en campa\u00f1a contra la CICIG en Guatemala","url":"http:\/\/insightcrime.org\/es\/noticias\/analisis\/ministerio-de-gobernacion-en-campana-contra-la-cicig-en-guatemala\/","mainEntityOfPage":{"@type":"WebPage","@id":"http:\/\/insightcrime.org\/es\/noticias\/analisis\/ministerio-de-gobernacion-en-campana-contra-la-cicig-en-guatemala\/"},"thumbnailUrl":"https:\/\/i0.wp.com\/insightcrime.org\/wp-content\/uploads\/2018\/07\/DEGENHART1.jpg?resize=150%2C150&quality=100&ssl=1","image":{"@type":"ImageObject","url":"https:\/\/i0.wp.com\/insightcrime.org\/wp-content\/uploads\/2018\/07\/DEGENHART1.jpg?fit=350%2C250&quality=100&ssl=1"},"articleSection":"An\u00e1lisis","author":[{"@type":"Person","name":"H\u00e9ctor Silva \u00c1valos"},{"@type":"Person","name":"Felipe Puerta"}],"creator":["H\u00e9ctor Silva \u00c1valos","Felipe Puerta"],"publisher":{"@type":"Organization","name":"InSight Crime","logo":"https:\/\/insightcrime.org\/wp-content\/uploads\/2023\/08\/logo.png"},"keywords":["\u00e9lites y crimen","guatemala"],"dateCreated":"2018-07-23T15:57:30Z","datePublished":"2018-07-23T15:57:30Z","dateModified":"2023-04-24T21:30:42Z"},"rendered":"<meta name=\"parsely-title\" content=\"Ministerio de Gobernaci\u00f3n en campa\u00f1a contra la CICIG en Guatemala\" \/>\n<meta name=\"parsely-link\" content=\"http:\/\/insightcrime.org\/es\/noticias\/analisis\/ministerio-de-gobernacion-en-campana-contra-la-cicig-en-guatemala\/\" \/>\n<meta name=\"parsely-type\" content=\"post\" \/>\n<meta name=\"parsely-image-url\" content=\"https:\/\/i0.wp.com\/insightcrime.org\/wp-content\/uploads\/2018\/07\/DEGENHART1.jpg?resize=150%2C150&amp;quality=100&amp;ssl=1\" \/>\n<meta name=\"parsely-pub-date\" content=\"2018-07-23T15:57:30Z\" \/>\n<meta name=\"parsely-section\" content=\"An\u00e1lisis\" \/>\n<meta name=\"parsely-tags\" content=\"\u00e9lites y crimen,guatemala\" \/>\n<meta name=\"parsely-author\" content=\"H\u00e9ctor Silva \u00c1valos\" \/>\n<meta name=\"parsely-author\" content=\"Felipe Puerta\" \/>","tracker_url":"https:\/\/cdn.parsely.com\/keys\/insightcrime.org\/p.js"},"jetpack_sharing_enabled":true,"jetpack-related-posts":[{"id":141764,"url":"https:\/\/insightcrime.org\/es\/noticias\/batalla-guatemala-morales-cicig-no-ha-terminado\/","url_meta":{"origin":87140,"position":0},"title":"La batalla en Guatemala entre Morales y la CICIG a\u00fan no ha terminado","author":"Alex Papadovassilakis","date":"22 de abril de 2021","format":false,"excerpt":"El desmantelamiento de una comisi\u00f3n anticorrupci\u00f3n por parte del expresidente de Guatemala Jimmy Morales ha vuelto a irse contra \u00e9l, pues la fiscal\u00eda est\u00e1 pidiendo que se le despoje de inmunidad con el fin de decidir si cometi\u00f3 un acto ilegal al destituir al director de la comisi\u00f3n.","rel":"","context":"En \u00abNoticias\u00bb","block_context":{"text":"Noticias","link":"https:\/\/insightcrime.org\/es\/category\/noticias\/"},"img":{"alt_text":"","src":"https:\/\/i0.wp.com\/insightcrime.org\/wp-content\/uploads\/2021\/04\/86343158_gautap.jpg?fit=350%2C250&quality=100&ssl=1&resize=350%2C200","width":350,"height":200},"classes":[]},{"id":146060,"url":"https:\/\/insightcrime.org\/es\/noticias\/guatemala-retira-cargos-expresidente-detiene-fiscales-anticorrupcion\/","url_meta":{"origin":87140,"position":1},"title":"Guatemala retira cargos contra expresidente y detiene a fiscales anticorrupci\u00f3n","author":"Parker Asmann","date":"21 de mayo de 2021","format":false,"excerpt":"Guatemala parece haber hecho caso omiso de la presi\u00f3n internacional para que se tomen medidas en\u00e9rgicas contra la corrupci\u00f3n arraigada en el gobierno, con el retiro de cargos contra un expresidente en problemas el mismo d\u00eda que detuvo a sus principales investigadores contra la corrupci\u00f3n.","rel":"","context":"En \u00abNoticias\u00bb","block_context":{"text":"Noticias","link":"https:\/\/insightcrime.org\/es\/category\/noticias\/"},"img":{"alt_text":"","src":"https:\/\/i0.wp.com\/insightcrime.org\/wp-content\/uploads\/2021\/05\/2021-05-20-Juan-Francisco-Solo%CC%81rzano-Foppa.jpg?fit=350%2C250&quality=100&ssl=1&resize=350%2C200","width":350,"height":200},"classes":[]},{"id":125830,"url":"https:\/\/insightcrime.org\/es\/noticias\/fiscales-de-guatemala-asocian-dinero-ilicito-con-exministro\/","url_meta":{"origin":87140,"position":2},"title":"Fiscales de Guatemala asocian dinero il\u00edcito con exministro","author":"Parker Asmann","date":"21 de octubre de 2020","format":false,"excerpt":"Varios fiscales guatemaltecos afirman que un multimillonario decomiso de dinero en efectivo tiene relaci\u00f3n con un ministro que sirvi\u00f3 durante el mandato del expresidente Jimmy Morales. Con este ya son dos\u00a0los funcionarios de esa administraci\u00f3n que enfrentan cargos por lavado de dinero este a\u00f1o, y el primero en Guatemala.\u00a0","rel":"","context":"En \u00abNoticias\u00bb","block_context":{"text":"Noticias","link":"https:\/\/insightcrime.org\/es\/category\/noticias\/"},"img":{"alt_text":"","src":"https:\/\/i0.wp.com\/insightcrime.org\/wp-content\/uploads\/2020\/10\/20-10-20-Guate-Lavado.jpg?fit=350%2C250&quality=100&ssl=1&resize=350%2C200","width":350,"height":200},"classes":[]},{"id":127506,"url":"https:\/\/insightcrime.org\/es\/noticias\/policias-narcotrafico-guatemala\/","url_meta":{"origin":87140,"position":3},"title":"Caso contra polic\u00edas por narcotr\u00e1fico remueve oscuros recuerdos en Guatemala","author":"H\u00e9ctor Silva \u00c1valos","date":"2 de diciembre de 2020","format":false,"excerpt":"Autoridades en Guatemala han capturado a siete personas, entre ellas cuatro polic\u00edas, a las que acusan de formar parte de una organizaci\u00f3n criminal dedicada al contrabando de armas, al robo y al narcotr\u00e1fico a gran escala. La participaci\u00f3n de polic\u00edas en crimen organizado es un d\u00e9j\u00e0 vu continuo en la\u2026","rel":"","context":"En \u00abNoticias\u00bb","block_context":{"text":"Noticias","link":"https:\/\/insightcrime.org\/es\/category\/noticias\/"},"img":{"alt_text":"","src":"https:\/\/i0.wp.com\/insightcrime.org\/wp-content\/uploads\/2020\/11\/20-11-30-PNC-Guate.jpg?fit=350%2C250&quality=100&ssl=1&resize=350%2C200","width":350,"height":200},"classes":[]},{"id":299762,"url":"https:\/\/insightcrime.org\/es\/investigaciones\/ocurrio-cuando-guatemala-intento-despedir-102-guardias-penitenciarios\/","url_meta":{"origin":87140,"position":4},"title":"\u00bfQu\u00e9 ocurri\u00f3 cuando el Ministerio de Gobernaci\u00f3n de Guatemala intent\u00f3 despedir a 102 guardias penitenciarios se\u00f1alados de corrupci\u00f3n?","author":"Alex Papadovassilakis","date":"15 de enero de 2025","format":false,"excerpt":"En junio de 2024, el Ministerio de Gobernaci\u00f3n de Guatemala present\u00f3 una denuncia ante el Ministerio P\u00fablico contra 102 guardias penitenciarios se\u00f1alados de corrupci\u00f3n. Pero los fiscales a\u00fan no han iniciado una investigaci\u00f3n s\u00f3lida sobre el caso y es posible que tengan pocos incentivos para hacerlo.","rel":"","context":"En \u00abAudio\u00bb","block_context":{"text":"Audio","link":"https:\/\/insightcrime.org\/es\/category\/audio-es\/"},"img":{"alt_text":"","src":"https:\/\/i0.wp.com\/insightcrime.org\/wp-content\/uploads\/2025\/01\/Guatemala-Cover-Study-1-InSight-Crime-Ene-2025-1.jpg?fit=1200%2C690&quality=100&ssl=1&resize=350%2C200","width":350,"height":200,"srcset":"https:\/\/i0.wp.com\/insightcrime.org\/wp-content\/uploads\/2025\/01\/Guatemala-Cover-Study-1-InSight-Crime-Ene-2025-1.jpg?fit=1200%2C690&quality=100&ssl=1&resize=350%2C200 1x, https:\/\/i0.wp.com\/insightcrime.org\/wp-content\/uploads\/2025\/01\/Guatemala-Cover-Study-1-InSight-Crime-Ene-2025-1.jpg?fit=1200%2C690&quality=100&ssl=1&resize=525%2C300 1.5x, https:\/\/i0.wp.com\/insightcrime.org\/wp-content\/uploads\/2025\/01\/Guatemala-Cover-Study-1-InSight-Crime-Ene-2025-1.jpg?fit=1200%2C690&quality=100&ssl=1&resize=700%2C400 2x, https:\/\/i0.wp.com\/insightcrime.org\/wp-content\/uploads\/2025\/01\/Guatemala-Cover-Study-1-InSight-Crime-Ene-2025-1.jpg?fit=1200%2C690&quality=100&ssl=1&resize=1050%2C600 3x"},"classes":[]},{"id":206597,"url":"https:\/\/insightcrime.org\/es\/noticias\/fallo-muestra-guatemala-conflicto-pasado\/","url_meta":{"origin":87140,"position":5},"title":"Hist\u00f3rico fallo muestra c\u00f3mo Guatemala sigue en conflicto con su pasado","author":"Steven Dudley","date":"12 de diciembre de 2022","format":false,"excerpt":"Con una hist\u00f3rica sentencia condenatoria para el expresidente y la ex vicepresidenta \u2014y una incre\u00edble diatriba que no qued\u00f3 registrada\u2014 tres magistrados de Guatemala ilustraron por qu\u00e9 el pa\u00eds sigue dividido por el caso m\u00e1s emblem\u00e1tico del esfuerzo librado en el pa\u00eds por reformar su sistema de justicia a lo\u2026","rel":"","context":"En \u00abNoticias\u00bb","block_context":{"text":"Noticias","link":"https:\/\/insightcrime.org\/es\/category\/noticias\/"},"img":{"alt_text":"","src":"https:\/\/i0.wp.com\/insightcrime.org\/wp-content\/uploads\/2022\/12\/Guatemala-corrupcion-President-Otto-Perez-Molina-and-Roxana-Baldetti-awaiting-trial-AP848802602229-1.jpg?fit=1200%2C600&quality=100&ssl=1&resize=350%2C200","width":350,"height":200,"srcset":"https:\/\/i0.wp.com\/insightcrime.org\/wp-content\/uploads\/2022\/12\/Guatemala-corrupcion-President-Otto-Perez-Molina-and-Roxana-Baldetti-awaiting-trial-AP848802602229-1.jpg?fit=1200%2C600&quality=100&ssl=1&resize=350%2C200 1x, https:\/\/i0.wp.com\/insightcrime.org\/wp-content\/uploads\/2022\/12\/Guatemala-corrupcion-President-Otto-Perez-Molina-and-Roxana-Baldetti-awaiting-trial-AP848802602229-1.jpg?fit=1200%2C600&quality=100&ssl=1&resize=525%2C300 1.5x, https:\/\/i0.wp.com\/insightcrime.org\/wp-content\/uploads\/2022\/12\/Guatemala-corrupcion-President-Otto-Perez-Molina-and-Roxana-Baldetti-awaiting-trial-AP848802602229-1.jpg?fit=1200%2C600&quality=100&ssl=1&resize=700%2C400 2x, https:\/\/i0.wp.com\/insightcrime.org\/wp-content\/uploads\/2022\/12\/Guatemala-corrupcion-President-Otto-Perez-Molina-and-Roxana-Baldetti-awaiting-trial-AP848802602229-1.jpg?fit=1200%2C600&quality=100&ssl=1&resize=1050%2C600 3x"},"classes":[]}],"jetpack_featured_media_url":"https:\/\/i0.wp.com\/insightcrime.org\/wp-content\/uploads\/2018\/07\/DEGENHART1.jpg?fit=350%2C250&quality=100&ssl=1","_links":{"self":[{"href":"https:\/\/insightcrime.org\/es\/wp-json\/wp\/v2\/posts\/87140","targetHints":{"allow":["GET"]}}],"collection":[{"href":"https:\/\/insightcrime.org\/es\/wp-json\/wp\/v2\/posts"}],"about":[{"href":"https:\/\/insightcrime.org\/es\/wp-json\/wp\/v2\/types\/post"}],"author":[{"embeddable":true,"href":"https:\/\/insightcrime.org\/es\/wp-json\/wp\/v2\/users\/83"}],"replies":[{"embeddable":true,"href":"https:\/\/insightcrime.org\/es\/wp-json\/wp\/v2\/comments?post=87140"}],"version-history":[{"count":5,"href":"https:\/\/insightcrime.org\/es\/wp-json\/wp\/v2\/posts\/87140\/revisions"}],"predecessor-version":[{"id":87234,"href":"https:\/\/insightcrime.org\/es\/wp-json\/wp\/v2\/posts\/87140\/revisions\/87234"}],"wp:featuredmedia":[{"embeddable":true,"href":"https:\/\/insightcrime.org\/es\/wp-json\/wp\/v2\/media\/87141"}],"wp:attachment":[{"href":"https:\/\/insightcrime.org\/es\/wp-json\/wp\/v2\/media?parent=87140"}],"wp:term":[{"taxonomy":"category","embeddable":true,"href":"https:\/\/insightcrime.org\/es\/wp-json\/wp\/v2\/categories?post=87140"},{"taxonomy":"post_tag","embeddable":true,"href":"https:\/\/insightcrime.org\/es\/wp-json\/wp\/v2\/tags?post=87140"},{"taxonomy":"newspack_spnsrs_tax","embeddable":true,"href":"https:\/\/insightcrime.org\/es\/wp-json\/wp\/v2\/newspack_spnsrs_tax?post=87140"},{"taxonomy":"author","embeddable":true,"href":"https:\/\/insightcrime.org\/es\/wp-json\/wp\/v2\/coauthors?post=87140"}],"curies":[{"name":"wp","href":"https:\/\/api.w.org\/{rel}","templated":true}]}}